{"id":49425,"date":"2024-04-17T09:35:00","date_gmt":"2024-04-17T07:35:00","guid":{"rendered":"https:\/\/progettotouring.it\/radiotouring104\/?p=49425"},"modified":"2024-04-17T09:37:06","modified_gmt":"2024-04-17T07:37:06","slug":"strada-cardeto-reggio-il-deputato-cannizzaro-annuncia-finanziamento-da-20-milioni","status":"publish","type":"post","link":"https:\/\/progettotouring.it\/radiotouring104\/2024\/04\/17\/strada-cardeto-reggio-il-deputato-cannizzaro-annuncia-finanziamento-da-20-milioni\/","title":{"rendered":"Strada Cardeto-Reggio: il deputato Cannizzaro annuncia finanziamento da 20 milioni"},"content":{"rendered":"<p style=\"text-align: justify\"><em>\u201cBisogna essere consequenziali a ci\u00f2 che si dice ed agli impegni che si assumono, <\/em><em>soprattutto se questi impegni riguardano il bene comune. Anche a Cardeto lo abbiamo fatto, mantenendo fede alle promesse fatte alle comunit\u00e0 della Vallata del Sant\u2019Agata, in passato puntualmente disattese dai diversi governi regionali che si sono succeduti. Con il Presidente Roberto Occhiuto invece abbiamo voluto dare una risposta forte ad un&#8217;attesa che qui perdurava da generazioni: il finanziamento della Strada a Scorrimento Veloce Reggio Calabria \u2013 Cardeto. Si tratta di ben 20 milioni di euro, a valere sulla PROGRAMMAZIONE FSC 2021-2027, per realizzare il sistema viario di interconnessione tra le aree interne della Vallata del Torrente Sant\u2019Agata e l\u2019asse viario formato dalla strada statale 106 Ionica, in particolare l\u2019interconnessione tra l\u2019abitato della citt\u00e0 di Reggio e Cataforio, Cardeto, Piani D\u2019Aspromonte. E con i 20 milioni accordati dalla Regione Calabria, finalmente questa tanto agognata bretella prender\u00e0 forma.\u201d<\/em><\/p>\n<p style=\"text-align: justify\"><strong>Lo ha detto Francesco Cannizzaro, intervenuto<\/strong> per concludere la conferenza di presentazione <strong>del finanziamento<\/strong> in oggetto,<strong> avvenuta a Cardeto<\/strong>, davanti ad una folta platea di cittadini del comprensorio.<\/p>\n<p style=\"text-align: justify\"><em>\u201cAbbiamo l\u2019obiettivo di rivitalizzare i borghi della Calabria, di valorizzare e rendere pi\u00f9 vicine le aree interne \u2013<\/em><strong> ha aggiunto il deputato reggino \u2013<\/strong><em> e lo strumento principale a nostro avviso \u00e8 sicuramente investire sulla viabilit\u00e0, accorciando le distanze tra mare e montagna, tra citt\u00e0 capoluogo e hinterland, come gi\u00e0 abbiamo fatto con la Gallico \u2013 Gambarie e come presto faremo in altre zone. La conformazione di Reggio e della sua Provincia, fatta di una lunga costa e tante vallate che la ricollegano all\u2019Aspromonte, richiede dei cosiddetti interventi con infrastrutture a pettine. Ed \u00e8 proprio con questa strategia che ci stiamo muovendo ormai da anni con il governo della Regione a guida Occhiuto nella programmazione degli interventi di grande portata. E ringrazio il Presidente per aver accolto, ancora una volta, le istanze di un&#8217;area nevralgica. Molte realt\u00e0 dell\u2019Area metropolitana reggina sono mortificate da vie d\u2019accesso non adeguate. Da qui l\u2019idea di sfruttare questo tipo di conformazione del nostro territorio, creando condizioni ideali di sviluppo, avvicinando i borghi alla Citt\u00e0 e viceversa, connettendoli in maniera fluida e veloce rispondendo cos\u00ec alle esigenze dei cittadini ed al contempo alla vocazione turistica delle nostre realt\u00e0 montane. Porta d&#8217;accesso al cuore del Parco dell&#8217;Aspromonte, immagino la Reggio-Cardeto come una sorta di gemella della Gallico-Gambarie; anch&#8217;essa nata dal sogno di tante generazioni&#8230; e che a breve inaugureremo.\u201d<\/em><\/p>\n<p><em>\u00a0<\/em><\/p>\n","protected":false},"excerpt":{"rendered":"<p>\u201cBisogna essere consequenziali a ci\u00f2 che si dice ed agli impegni che si assumono, soprattutto se questi impegni riguardano il bene comune. Anche a Cardeto lo abbiamo fatto, mantenendo fede&hellip;<\/p>\n","protected":false},"author":12,"featured_media":49426,"comment_status":"closed","ping_status":"open","sticky":false,"template":"","format":"standard","meta":{"_jetpack_memberships_contains_paid_content":false,"footnotes":"","jetpack_publicize_message":"","jetpack_publicize_feature_enabled":true,"jetpack_social_post_already_shared":false,"jetpack_social_options":{"image_generator_settings":{"template":"highway","default_image_id":0,"font":"","enabled":false},"version":2}},"categories":[921,196,140],"tags":[30356,21176,30355],"class_list":["post-49425","post","type-post","status-publish","format-standard","has-post-thumbnail","hentry","category-home","category-news","category-reggio-calabria","tag-finanziamento-da-20-milioni-di-euro","tag-on-francesco-cannizzaro","tag-strada-cardeto-reggio"],"yoast_head":"<!-- This site is optimized with the Yoast SEO plugin v27.2 - https:\/\/yoast.com\/product\/yoast-seo-wordpress\/ -->\n<title>Cardeto-Reggio: Cannizzaro annuncia finanziamento da 20 mln<\/title>\n<meta name=\"description\" content=\"Il deputato reggino azzurro, Francesco Cannizzaro, \u00e8 intervenuto a Cardeto. &quot;Questa agognata bretella prende forma&quot;\" \/>\n<meta name=\"robots\" content=\"index, follow, max-snippet:-1, max-image-preview:large, max-video-preview:-1\" \/>\n<link rel=\"canonical\" href=\"https:\/\/progettotouring.it\/radiotouring104\/2024\/04\/17\/strada-cardeto-reggio-il-deputato-cannizzaro-annuncia-finanziamento-da-20-milioni\/\" \/>\n<meta property=\"og:locale\" content=\"it_IT\" \/>\n<meta property=\"og:type\" content=\"article\" \/>\n<meta property=\"og:title\" content=\"Cardeto-Reggio: Cannizzaro annuncia finanziamento da 20 mln\" \/>\n<meta property=\"og:description\" content=\"Il deputato reggino azzurro, Francesco Cannizzaro, \u00e8 intervenuto a Cardeto. &quot;Questa agognata bretella prende forma&quot;\" \/>\n<meta property=\"og:url\" content=\"https:\/\/progettotouring.it\/radiotouring104\/2024\/04\/17\/strada-cardeto-reggio-il-deputato-cannizzaro-annuncia-finanziamento-da-20-milioni\/\" \/>\n<meta property=\"og:site_name\" content=\"Radio Touring 104\" \/>\n<meta property=\"article:published_time\" content=\"2024-04-17T07:35:00+00:00\" \/>\n<meta property=\"article:modified_time\" content=\"2024-04-17T07:37:06+00:00\" \/>\n<meta property=\"og:image\" content=\"https:\/\/progettotouring.it\/radiotouring104\/wp-content\/uploads\/sites\/6\/2024\/04\/Francesco-Cannizzaro-Cardeto.jpg\" \/>\n\t<meta property=\"og:image:width\" content=\"1080\" \/>\n\t<meta property=\"og:image:height\" content=\"810\" \/>\n\t<meta property=\"og:image:type\" content=\"image\/jpeg\" \/>\n<meta name=\"author\" content=\"Sebastiano Plutino\" \/>\n<meta name=\"twitter:card\" content=\"summary_large_image\" \/>\n<meta name=\"twitter:label1\" content=\"Scritto da\" \/>\n\t<meta name=\"twitter:data1\" content=\"Sebastiano Plutino\" \/>\n\t<meta name=\"twitter:label2\" content=\"Tempo di lettura stimato\" \/>\n\t<meta name=\"twitter:data2\" content=\"2 minuti\" \/>\n<script type=\"application\/ld+json\" class=\"yoast-schema-graph\">{\"@context\":\"https:\/\/schema.org\",\"@graph\":[{\"@type\":\"Article\",\"@id\":\"https:\/\/progettotouring.it\/radiotouring104\/2024\/04\/17\/strada-cardeto-reggio-il-deputato-cannizzaro-annuncia-finanziamento-da-20-milioni\/#article\",\"isPartOf\":{\"@id\":\"https:\/\/progettotouring.it\/radiotouring104\/2024\/04\/17\/strada-cardeto-reggio-il-deputato-cannizzaro-annuncia-finanziamento-da-20-milioni\/\"},\"author\":{\"name\":\"Sebastiano Plutino\",\"@id\":\"https:\/\/progettotouring.it\/radiotouring104\/#\/schema\/person\/78613917f1851f041f7483f5af1d422e\"},\"headline\":\"Strada Cardeto-Reggio: il deputato Cannizzaro annuncia finanziamento da 20 milioni\",\"datePublished\":\"2024-04-17T07:35:00+00:00\",\"dateModified\":\"2024-04-17T07:37:06+00:00\",\"mainEntityOfPage\":{\"@id\":\"https:\/\/progettotouring.it\/radiotouring104\/2024\/04\/17\/strada-cardeto-reggio-il-deputato-cannizzaro-annuncia-finanziamento-da-20-milioni\/\"},\"wordCount\":411,\"publisher\":{\"@id\":\"https:\/\/progettotouring.it\/radiotouring104\/#organization\"},\"image\":{\"@id\":\"https:\/\/progettotouring.it\/radiotouring104\/2024\/04\/17\/strada-cardeto-reggio-il-deputato-cannizzaro-annuncia-finanziamento-da-20-milioni\/#primaryimage\"},\"thumbnailUrl\":\"https:\/\/progettotouring.it\/radiotouring104\/wp-content\/uploads\/sites\/6\/2024\/04\/Francesco-Cannizzaro-Cardeto.jpg\",\"keywords\":[\"finanziamento da 20 milioni di euro\",\"On. Francesco Cannizzaro\",\"Strada Cardeto Reggio\"],\"articleSection\":[\"Home\",\"News\",\"Reggio Calabria\"],\"inLanguage\":\"it-IT\"},{\"@type\":\"WebPage\",\"@id\":\"https:\/\/progettotouring.it\/radiotouring104\/2024\/04\/17\/strada-cardeto-reggio-il-deputato-cannizzaro-annuncia-finanziamento-da-20-milioni\/\",\"url\":\"https:\/\/progettotouring.it\/radiotouring104\/2024\/04\/17\/strada-cardeto-reggio-il-deputato-cannizzaro-annuncia-finanziamento-da-20-milioni\/\",\"name\":\"Cardeto-Reggio: Cannizzaro annuncia finanziamento da 20 mln\",\"isPartOf\":{\"@id\":\"https:\/\/progettotouring.it\/radiotouring104\/#website\"},\"primaryImageOfPage\":{\"@id\":\"https:\/\/progettotouring.it\/radiotouring104\/2024\/04\/17\/strada-cardeto-reggio-il-deputato-cannizzaro-annuncia-finanziamento-da-20-milioni\/#primaryimage\"},\"image\":{\"@id\":\"https:\/\/progettotouring.it\/radiotouring104\/2024\/04\/17\/strada-cardeto-reggio-il-deputato-cannizzaro-annuncia-finanziamento-da-20-milioni\/#primaryimage\"},\"thumbnailUrl\":\"https:\/\/progettotouring.it\/radiotouring104\/wp-content\/uploads\/sites\/6\/2024\/04\/Francesco-Cannizzaro-Cardeto.jpg\",\"datePublished\":\"2024-04-17T07:35:00+00:00\",\"dateModified\":\"2024-04-17T07:37:06+00:00\",\"description\":\"Il deputato reggino azzurro, Francesco Cannizzaro, \u00e8 intervenuto a Cardeto. \\\"Questa agognata bretella prende forma\\\"\",\"breadcrumb\":{\"@id\":\"https:\/\/progettotouring.it\/radiotouring104\/2024\/04\/17\/strada-cardeto-reggio-il-deputato-cannizzaro-annuncia-finanziamento-da-20-milioni\/#breadcrumb\"},\"inLanguage\":\"it-IT\",\"potentialAction\":[{\"@type\":\"ReadAction\",\"target\":[\"https:\/\/progettotouring.it\/radiotouring104\/2024\/04\/17\/strada-cardeto-reggio-il-deputato-cannizzaro-annuncia-finanziamento-da-20-milioni\/\"]}]},{\"@type\":\"ImageObject\",\"inLanguage\":\"it-IT\",\"@id\":\"https:\/\/progettotouring.it\/radiotouring104\/2024\/04\/17\/strada-cardeto-reggio-il-deputato-cannizzaro-annuncia-finanziamento-da-20-milioni\/#primaryimage\",\"url\":\"https:\/\/progettotouring.it\/radiotouring104\/wp-content\/uploads\/sites\/6\/2024\/04\/Francesco-Cannizzaro-Cardeto.jpg\",\"contentUrl\":\"https:\/\/progettotouring.it\/radiotouring104\/wp-content\/uploads\/sites\/6\/2024\/04\/Francesco-Cannizzaro-Cardeto.jpg\",\"width\":1080,\"height\":810},{\"@type\":\"BreadcrumbList\",\"@id\":\"https:\/\/progettotouring.it\/radiotouring104\/2024\/04\/17\/strada-cardeto-reggio-il-deputato-cannizzaro-annuncia-finanziamento-da-20-milioni\/#breadcrumb\",\"itemListElement\":[{\"@type\":\"ListItem\",\"position\":1,\"name\":\"Home\",\"item\":\"https:\/\/progettotouring.it\/radiotouring104\/\"},{\"@type\":\"ListItem\",\"position\":2,\"name\":\"Strada Cardeto-Reggio: il deputato Cannizzaro annuncia finanziamento da 20 milioni\"}]},{\"@type\":\"WebSite\",\"@id\":\"https:\/\/progettotouring.it\/radiotouring104\/#website\",\"url\":\"https:\/\/progettotouring.it\/radiotouring104\/\",\"name\":\"Radio Touring 104\",\"description\":\"La prima radio Reggina\",\"publisher\":{\"@id\":\"https:\/\/progettotouring.it\/radiotouring104\/#organization\"},\"potentialAction\":[{\"@type\":\"SearchAction\",\"target\":{\"@type\":\"EntryPoint\",\"urlTemplate\":\"https:\/\/progettotouring.it\/radiotouring104\/?s={search_term_string}\"},\"query-input\":{\"@type\":\"PropertyValueSpecification\",\"valueRequired\":true,\"valueName\":\"search_term_string\"}}],\"inLanguage\":\"it-IT\"},{\"@type\":\"Organization\",\"@id\":\"https:\/\/progettotouring.it\/radiotouring104\/#organization\",\"name\":\"Radio Touring 104\",\"url\":\"https:\/\/progettotouring.it\/radiotouring104\/\",\"logo\":{\"@type\":\"ImageObject\",\"inLanguage\":\"it-IT\",\"@id\":\"https:\/\/progettotouring.it\/radiotouring104\/#\/schema\/logo\/image\/\",\"url\":\"https:\/\/progettotouring.it\/radiotouring104\/wp-content\/uploads\/sites\/6\/2022\/02\/cropped-logo-radio-touring-104.png\",\"contentUrl\":\"https:\/\/progettotouring.it\/radiotouring104\/wp-content\/uploads\/sites\/6\/2022\/02\/cropped-logo-radio-touring-104.png\",\"width\":377,\"height\":182,\"caption\":\"Radio Touring 104\"},\"image\":{\"@id\":\"https:\/\/progettotouring.it\/radiotouring104\/#\/schema\/logo\/image\/\"}},{\"@type\":\"Person\",\"@id\":\"https:\/\/progettotouring.it\/radiotouring104\/#\/schema\/person\/78613917f1851f041f7483f5af1d422e\",\"name\":\"Sebastiano Plutino\",\"image\":{\"@type\":\"ImageObject\",\"inLanguage\":\"it-IT\",\"@id\":\"https:\/\/secure.gravatar.com\/avatar\/0546ffaa9b79224faf9f2a156b67a529ae861d3287c66c1d8ccfdf909bcba78d?s=96&d=mm&r=g\",\"url\":\"https:\/\/secure.gravatar.com\/avatar\/0546ffaa9b79224faf9f2a156b67a529ae861d3287c66c1d8ccfdf909bcba78d?s=96&d=mm&r=g\",\"contentUrl\":\"https:\/\/secure.gravatar.com\/avatar\/0546ffaa9b79224faf9f2a156b67a529ae861d3287c66c1d8ccfdf909bcba78d?s=96&d=mm&r=g\",\"caption\":\"Sebastiano Plutino\"},\"url\":\"https:\/\/progettotouring.it\/radiotouring104\/author\/sebastiano\/\"}]}<\/script>\n<!-- \/ Yoast SEO plugin. -->","yoast_head_json":{"title":"Cardeto-Reggio: Cannizzaro annuncia finanziamento da 20 mln","description":"Il deputato reggino azzurro, Francesco Cannizzaro, \u00e8 intervenuto a Cardeto. \"Questa agognata bretella prende forma\"","robots":{"index":"index","follow":"follow","max-snippet":"max-snippet:-1","max-image-preview":"max-image-preview:large","max-video-preview":"max-video-preview:-1"},"canonical":"https:\/\/progettotouring.it\/radiotouring104\/2024\/04\/17\/strada-cardeto-reggio-il-deputato-cannizzaro-annuncia-finanziamento-da-20-milioni\/","og_locale":"it_IT","og_type":"article","og_title":"Cardeto-Reggio: Cannizzaro annuncia finanziamento da 20 mln","og_description":"Il deputato reggino azzurro, Francesco Cannizzaro, \u00e8 intervenuto a Cardeto. \"Questa agognata bretella prende forma\"","og_url":"https:\/\/progettotouring.it\/radiotouring104\/2024\/04\/17\/strada-cardeto-reggio-il-deputato-cannizzaro-annuncia-finanziamento-da-20-milioni\/","og_site_name":"Radio Touring 104","article_published_time":"2024-04-17T07:35:00+00:00","article_modified_time":"2024-04-17T07:37:06+00:00","og_image":[{"width":1080,"height":810,"url":"https:\/\/progettotouring.it\/radiotouring104\/wp-content\/uploads\/sites\/6\/2024\/04\/Francesco-Cannizzaro-Cardeto.jpg","type":"image\/jpeg"}],"author":"Sebastiano Plutino","twitter_card":"summary_large_image","twitter_misc":{"Scritto da":"Sebastiano Plutino","Tempo di lettura stimato":"2 minuti"},"schema":{"@context":"https:\/\/schema.org","@graph":[{"@type":"Article","@id":"https:\/\/progettotouring.it\/radiotouring104\/2024\/04\/17\/strada-cardeto-reggio-il-deputato-cannizzaro-annuncia-finanziamento-da-20-milioni\/#article","isPartOf":{"@id":"https:\/\/progettotouring.it\/radiotouring104\/2024\/04\/17\/strada-cardeto-reggio-il-deputato-cannizzaro-annuncia-finanziamento-da-20-milioni\/"},"author":{"name":"Sebastiano Plutino","@id":"https:\/\/progettotouring.it\/radiotouring104\/#\/schema\/person\/78613917f1851f041f7483f5af1d422e"},"headline":"Strada Cardeto-Reggio: il deputato Cannizzaro annuncia finanziamento da 20 milioni","datePublished":"2024-04-17T07:35:00+00:00","dateModified":"2024-04-17T07:37:06+00:00","mainEntityOfPage":{"@id":"https:\/\/progettotouring.it\/radiotouring104\/2024\/04\/17\/strada-cardeto-reggio-il-deputato-cannizzaro-annuncia-finanziamento-da-20-milioni\/"},"wordCount":411,"publisher":{"@id":"https:\/\/progettotouring.it\/radiotouring104\/#organization"},"image":{"@id":"https:\/\/progettotouring.it\/radiotouring104\/2024\/04\/17\/strada-cardeto-reggio-il-deputato-cannizzaro-annuncia-finanziamento-da-20-milioni\/#primaryimage"},"thumbnailUrl":"https:\/\/progettotouring.it\/radiotouring104\/wp-content\/uploads\/sites\/6\/2024\/04\/Francesco-Cannizzaro-Cardeto.jpg","keywords":["finanziamento da 20 milioni di euro","On. Francesco Cannizzaro","Strada Cardeto Reggio"],"articleSection":["Home","News","Reggio Calabria"],"inLanguage":"it-IT"},{"@type":"WebPage","@id":"https:\/\/progettotouring.it\/radiotouring104\/2024\/04\/17\/strada-cardeto-reggio-il-deputato-cannizzaro-annuncia-finanziamento-da-20-milioni\/","url":"https:\/\/progettotouring.it\/radiotouring104\/2024\/04\/17\/strada-cardeto-reggio-il-deputato-cannizzaro-annuncia-finanziamento-da-20-milioni\/","name":"Cardeto-Reggio: Cannizzaro annuncia finanziamento da 20 mln","isPartOf":{"@id":"https:\/\/progettotouring.it\/radiotouring104\/#website"},"primaryImageOfPage":{"@id":"https:\/\/progettotouring.it\/radiotouring104\/2024\/04\/17\/strada-cardeto-reggio-il-deputato-cannizzaro-annuncia-finanziamento-da-20-milioni\/#primaryimage"},"image":{"@id":"https:\/\/progettotouring.it\/radiotouring104\/2024\/04\/17\/strada-cardeto-reggio-il-deputato-cannizzaro-annuncia-finanziamento-da-20-milioni\/#primaryimage"},"thumbnailUrl":"https:\/\/progettotouring.it\/radiotouring104\/wp-content\/uploads\/sites\/6\/2024\/04\/Francesco-Cannizzaro-Cardeto.jpg","datePublished":"2024-04-17T07:35:00+00:00","dateModified":"2024-04-17T07:37:06+00:00","description":"Il deputato reggino azzurro, Francesco Cannizzaro, \u00e8 intervenuto a Cardeto. \"Questa agognata bretella prende forma\"","breadcrumb":{"@id":"https:\/\/progettotouring.it\/radiotouring104\/2024\/04\/17\/strada-cardeto-reggio-il-deputato-cannizzaro-annuncia-finanziamento-da-20-milioni\/#breadcrumb"},"inLanguage":"it-IT","potentialAction":[{"@type":"ReadAction","target":["https:\/\/progettotouring.it\/radiotouring104\/2024\/04\/17\/strada-cardeto-reggio-il-deputato-cannizzaro-annuncia-finanziamento-da-20-milioni\/"]}]},{"@type":"ImageObject","inLanguage":"it-IT","@id":"https:\/\/progettotouring.it\/radiotouring104\/2024\/04\/17\/strada-cardeto-reggio-il-deputato-cannizzaro-annuncia-finanziamento-da-20-milioni\/#primaryimage","url":"https:\/\/progettotouring.it\/radiotouring104\/wp-content\/uploads\/sites\/6\/2024\/04\/Francesco-Cannizzaro-Cardeto.jpg","contentUrl":"https:\/\/progettotouring.it\/radiotouring104\/wp-content\/uploads\/sites\/6\/2024\/04\/Francesco-Cannizzaro-Cardeto.jpg","width":1080,"height":810},{"@type":"BreadcrumbList","@id":"https:\/\/progettotouring.it\/radiotouring104\/2024\/04\/17\/strada-cardeto-reggio-il-deputato-cannizzaro-annuncia-finanziamento-da-20-milioni\/#breadcrumb","itemListElement":[{"@type":"ListItem","position":1,"name":"Home","item":"https:\/\/progettotouring.it\/radiotouring104\/"},{"@type":"ListItem","position":2,"name":"Strada Cardeto-Reggio: il deputato Cannizzaro annuncia finanziamento da 20 milioni"}]},{"@type":"WebSite","@id":"https:\/\/progettotouring.it\/radiotouring104\/#website","url":"https:\/\/progettotouring.it\/radiotouring104\/","name":"Radio Touring 104","description":"La prima radio Reggina","publisher":{"@id":"https:\/\/progettotouring.it\/radiotouring104\/#organization"},"potentialAction":[{"@type":"SearchAction","target":{"@type":"EntryPoint","urlTemplate":"https:\/\/progettotouring.it\/radiotouring104\/?s={search_term_string}"},"query-input":{"@type":"PropertyValueSpecification","valueRequired":true,"valueName":"search_term_string"}}],"inLanguage":"it-IT"},{"@type":"Organization","@id":"https:\/\/progettotouring.it\/radiotouring104\/#organization","name":"Radio Touring 104","url":"https:\/\/progettotouring.it\/radiotouring104\/","logo":{"@type":"ImageObject","inLanguage":"it-IT","@id":"https:\/\/progettotouring.it\/radiotouring104\/#\/schema\/logo\/image\/","url":"https:\/\/progettotouring.it\/radiotouring104\/wp-content\/uploads\/sites\/6\/2022\/02\/cropped-logo-radio-touring-104.png","contentUrl":"https:\/\/progettotouring.it\/radiotouring104\/wp-content\/uploads\/sites\/6\/2022\/02\/cropped-logo-radio-touring-104.png","width":377,"height":182,"caption":"Radio Touring 104"},"image":{"@id":"https:\/\/progettotouring.it\/radiotouring104\/#\/schema\/logo\/image\/"}},{"@type":"Person","@id":"https:\/\/progettotouring.it\/radiotouring104\/#\/schema\/person\/78613917f1851f041f7483f5af1d422e","name":"Sebastiano Plutino","image":{"@type":"ImageObject","inLanguage":"it-IT","@id":"https:\/\/secure.gravatar.com\/avatar\/0546ffaa9b79224faf9f2a156b67a529ae861d3287c66c1d8ccfdf909bcba78d?s=96&d=mm&r=g","url":"https:\/\/secure.gravatar.com\/avatar\/0546ffaa9b79224faf9f2a156b67a529ae861d3287c66c1d8ccfdf909bcba78d?s=96&d=mm&r=g","contentUrl":"https:\/\/secure.gravatar.com\/avatar\/0546ffaa9b79224faf9f2a156b67a529ae861d3287c66c1d8ccfdf909bcba78d?s=96&d=mm&r=g","caption":"Sebastiano Plutino"},"url":"https:\/\/progettotouring.it\/radiotouring104\/author\/sebastiano\/"}]}},"jetpack_publicize_connections":[],"jetpack_featured_media_url":"https:\/\/progettotouring.it\/radiotouring104\/wp-content\/uploads\/sites\/6\/2024\/04\/Francesco-Cannizzaro-Cardeto.jpg","jetpack_sharing_enabled":true,"_links":{"self":[{"href":"https:\/\/progettotouring.it\/radiotouring104\/wp-json\/wp\/v2\/posts\/49425","targetHints":{"allow":["GET"]}}],"collection":[{"href":"https:\/\/progettotouring.it\/radiotouring104\/wp-json\/wp\/v2\/posts"}],"about":[{"href":"https:\/\/progettotouring.it\/radiotouring104\/wp-json\/wp\/v2\/types\/post"}],"author":[{"embeddable":true,"href":"https:\/\/progettotouring.it\/radiotouring104\/wp-json\/wp\/v2\/users\/12"}],"replies":[{"embeddable":true,"href":"https:\/\/progettotouring.it\/radiotouring104\/wp-json\/wp\/v2\/comments?post=49425"}],"version-history":[{"count":1,"href":"https:\/\/progettotouring.it\/radiotouring104\/wp-json\/wp\/v2\/posts\/49425\/revisions"}],"predecessor-version":[{"id":49427,"href":"https:\/\/progettotouring.it\/radiotouring104\/wp-json\/wp\/v2\/posts\/49425\/revisions\/49427"}],"wp:featuredmedia":[{"embeddable":true,"href":"https:\/\/progettotouring.it\/radiotouring104\/wp-json\/wp\/v2\/media\/49426"}],"wp:attachment":[{"href":"https:\/\/progettotouring.it\/radiotouring104\/wp-json\/wp\/v2\/media?parent=49425"}],"wp:term":[{"taxonomy":"category","embeddable":true,"href":"https:\/\/progettotouring.it\/radiotouring104\/wp-json\/wp\/v2\/categories?post=49425"},{"taxonomy":"post_tag","embeddable":true,"href":"https:\/\/progettotouring.it\/radiotouring104\/wp-json\/wp\/v2\/tags?post=49425"}],"curies":[{"name":"wp","href":"https:\/\/api.w.org\/{rel}","templated":true}]}}