{"id":49430,"date":"2024-04-17T09:58:13","date_gmt":"2024-04-17T07:58:13","guid":{"rendered":"https:\/\/progettotouring.it\/radiotouring104\/?p=49430"},"modified":"2024-04-17T09:58:13","modified_gmt":"2024-04-17T07:58:13","slug":"le-muse-successo-per-lincontro-culture-a-confrontoviaggio-intorno-al-mondo","status":"publish","type":"post","link":"https:\/\/progettotouring.it\/radiotouring104\/2024\/04\/17\/le-muse-successo-per-lincontro-culture-a-confrontoviaggio-intorno-al-mondo\/","title":{"rendered":"Le Muse: successo per l&#8217;incontro \u201cCulture a confronto\u2026viaggio intorno al mondo\u201d"},"content":{"rendered":"<p style=\"text-align: justify\"><strong>L\u2019Associazione culturale Le Muse<\/strong> \u201cLaboratorio delle Arti e delle Lettere\u201d di Reggio Calabria, domenica scorsa presso la Sala d\u2019Arte di via San Giuseppe 19,<strong> ha presentato alla citt\u00e0 un inedito incontro su<\/strong> <em>\u201cCulture a confronto\u2026viaggio intorno al mondo\u201d<\/em><\/p>\n<p style=\"text-align: justify\"><strong>La manifestazione<\/strong> domenicale <strong>ha ricordato<\/strong> il presidente<strong> prof. Giuseppe Livoti, ha un grande valore divulgativo,<\/strong> poich\u00e9 <strong>vuole segnare un limite, superandolo tra il concetto di<\/strong> <em>\u201cmulticulturalit\u00e0\u201d<\/em> che \u00e8 risultato di flussi migratori e di incontri tra le culture ed \u201cinterculturalit\u00e0\u201d che \u00e8 invece un processo educativo intenzionale, che deve essere progettato dagli educatori per rispondere alle esigenze formative della societ\u00e0 d&#8217;oggi.<\/p>\n<p style=\"text-align: justify\"><strong>Hanno dialogato con il pubblico Paola Maldonado<\/strong> responsabile e curatrice Porta Verde \u2013 Home Restaurant Messico, Yolanda Guti\u00e8rrez Rodr\u00ecguez docente madre lingua \u2013 Spagna e Tatiana Potapova pres. BergaModel Fashion Academy dottoressa commercialista \u2013 Russia, creando un virtuale viaggio tra video ed immagini raccontando la loro terra, le loro difficolt\u00e0 in Calabria e come si pu\u00f2 convivere nonostante grandi trasferimenti che cambiano la vita personale e lavorativa.<\/p>\n<p style=\"text-align: justify\"><strong>Paola Maldonado responsabile e curatrice Porta Verde<\/strong> \u2013 Home Restaurant Messico si \u00e8 subito inserita nell\u2019argomento facendo memoria della sua scelta di venire in Calabria solo ed esclusivamente per amore. Sono scelte per sempre dice lei e della nostra terra di origine in questo caso il Messico, non posso non evidenziare l\u2019ordine, la pulizia il rispetto per il paesaggio urbano, elementi che purtroppo qui a Reggio vengono poco presi in considerazione. Provengo da uno stato dell&#8217;America settentrionale la cui capitale \u00e8 Citt\u00e0 del Messico, paese pi\u00f9 settentrionale dell&#8217;America Latina che costituisce la pi\u00f9 grande e la pi\u00f9 popolata nazione ispanofona del mondo. Tante le tradizioni che porto con me sono solo nel cuore ma che amo ricordare anche ai miei piccoli figli: dal 31 ottobre al 2 novembre la tradizione dell\u2019 Hanal Pixan vuole che gli spiriti &#8220;ottengono il permesso&#8221; per visitare i parenti ancora vivi. Una nostra caratteristica \u00e8 fare un altare che deve essere allestito facendo attenzione a rappresentare i quattro elementi: acqua, aria, terra e fuoco e viene solitamente collocato in salotto o sala da pranzo per la condivisione con tutta la famiglia. A volte gli altari vengono fatti di Poaceae (Graminacee) con tetti di palma o di foglie di banano usando i petali di tagetes erecta per fare un percorso dall&#8217;entrata all&#8217;altare per dirigere il cammino delle anime. Sull&#8217;altare vengono posti diversi elementi importanti, alcuni variano da citt\u00e0 a citt\u00e0 anche per l&#8217;ordine considerato valido. Si tende a creare un altare a pi\u00f9 livelli e ogni livello rappresenta un elemento e un passo dalla terra al cielo.<\/p>\n<p style=\"text-align: justify\"><strong>La prima cosa da fare \u00e8 inserire le foto di coloro che vogliamo ricordare.<\/strong> La maggioranza dei messicani definisce la propria identit\u00e0 personale e nazionale come mestiza, termine spagnolo che denota una persona di razza mista, meticcia. Il popolo messicano si ritiene dunque discendente di avi indigeni (amerindi) o spagnoli (europei) e proprio dalla Spagna abbiamo anche ereditato una attenta tradizione culinaria. Oggi a Reggio Calabria ho aperto Porta Verde \u2013 Home Restaurant Messico, un nuovo modo di fare imprenditoria ed io lavoro seguendo la tradizione gastronomica insegnatami dalla mia mamma e nonna. I tacos sono l\u2019elemento base della cucina messicana e vengono preparati con carne, pesce oppure verdure avvolti in una tortilla di circa 10\/15 cm di diametro e farcito con salse, lime, cipolle e coriandolo. Ed ancora quesadillas, tortilla piegata in due, riscaldata su una piastra e riempita di formaggio o le tostadas tortillas che vengono fritte, servite croccanti e accompagnate con i pi\u00f9 svariati condimenti. Ad esempio le tostadas de pollo si preparano con pollo, crema di fagioli, insalata, cipolle, avocado e formaggio. Una sperimentazione nuova che porta dunque economia in una citt\u00e0 come Reggio Calabria che si adegua al food internazionale. Yolanda Guti\u00e8rrez Rodr\u00ecguez docente madre lingua e trasferita anche lei per amore dalla Spagna in Calabria da 35 anni ha ribadito come il rapporto e l\u2019identit\u00e0 con il paese di origine c\u2019\u00e8 sempre ed il contesto familiare personale assorbe quotidianamente usi e tradizioni rinnovate anche qui in Calabria. In Spagna dice si \u00e8 molto collegati alla tradizione ed esistono quattro lingue ufficiali: (castigliano, catalano, basco e galiziano), tre lingue regionali non ufficiali (asturiane, aragonesi ed aranesi), oltre a molti altri dialetti. La questione della lingua (idioma nella cultura spagnola) \u00e8 presa seriamente, tanto da essere protetta anche dalla costituzione spagnola. Gli spagnoli hanno un ritmo di vita diverso, molto particolare che avvicina la cultura spagnola a quella delle regioni del sud Italia. La Spagna \u00e8 piuttosto nota per le feste folkloristiche e fanno parte di questi appuntamenti: San Ferm\u00edn &#8211; ai pi\u00f9 conosciuta come la corsa dei tori &#8211; che \u00e8 la festa celebrativa di San Fermino, patrono di Pamplona.<\/p>\n<p style=\"text-align: justify\"><strong>I festeggiamenti iniziano con il lancio di un fuoco d\u2019artificio<\/strong> (chupinazo) dal balcone del Comune che d\u00e0 il via all\u2019adrenalinico evento. La Tomatina \u00e8 una festa non collegata a ricorrenze del calendario cristiano e si celebra nel municipio Valenciano di Bu\u00f1ol. Lo scopo della festa \u00e8 quello di bombardare con pomodori i passanti (tomate nella cultura spagnola significa infatti pomodoro). La Spagna \u00e8 il terzo paese al mondo per quantit\u00e0 di siti dichiarati Patrimonio dell\u2019Umanit\u00e0 dall\u2019Unesco (ben 44) e, molti di questi monumenti fanno parte del Cammino di Santiago di Compostela (in spagnolo Camino de Santiago, in galiziano Cami\u00f1o de Santiago) rete di itinerari che, a partire dal Medioevo, i pellegrini hanno percorso attraverso l&#8217;Europa per giungere alla Cattedrale di Santiago di Compostela, presso la quale si troverebbero le reliquie dell&#8217;Apostolo San Giacomo il Maggiore. Ai reggini consiglio di fare rete, di lavorare per la citt\u00e0 che dovrebbe avere cittadini pi\u00f9 orgogliosi conclude. Tatiana Potapova dottoressa commercialista prima in Russia ed oggi a Reggio Calabria, proviene dalla Siberia immensa provincia russa che comprende la maggior parte dell&#8217;Asia del Nord. Il suo territorio ospita tundra, foreste di conifere e catene montuose che includono Urali, Altai e Verkhoyansk. A sud, il Lago Baikal \u00e8 il lago pi\u00f9 profondo del mondo, circondato da una rete di sentieri chiamati The Great Baikal Trail. Paesaggi diversi e temperature bassissime che ho lasciato nel mio paese di origine ma che mi hanno fatto anche amare il bel clima calabrese. Il popolo russo dice la Potapova \u00e8 popolo mite, ed oggi pi\u00f9 che mai anche io insieme a loro, grido per la pace e sono contro la guerra, tutte le guerre, anche perch\u00e9 anche noi abbiamo passato periodi bui e di ripresa anche nell\u2019economia del paese. La Russia ha tante tradizioni nazionali che hanno origini molto antiche. Infatti, il folklore ha iniziato a svilupparsi all\u2019incirca pi\u00f9 di 1000 anni fa ed \u00e8 stato influenzato da svariatissime culture, fra cui quella dell\u2019Europa Occidentale. Come il folklore ucraino, anche quello russo \u00e8 pieno di miti e tradizioni della cultura slava. Perci\u00f2, molto spesso le leggende ed i personaggi assumono caratteristiche umane. La nostra cucina \u00e8 utile soprattutto per i lunghi freddi che durano solitamente sei mesi. Fanno parte delle pietanze tradizionali una molteplicit\u00e0 di zuppe, gli ortaggi vengono consumati sia crudi (in salamoia o sott&#8217;aceto) sia cotti (al vapore, alla brace o bolliti). Il pesce si cuoce al vapore, bollito, fritto, stufato o alla brace e pu\u00f2 essere farcito con diversi ripieni (per esempio polenta o funghi) oppure si mangia in gelatina una volta essiccato e salato. Il caviale si prepara sotto sale oppure bollito in aceto e latte di papavero. Una ricetta tradizionale delle regioni siberiane \u00e8 la stroganina, pesce crudo congelato tagliato in fette lunghe e molto sottili e consumato ancora ghiacciato. La chiesa ortodossa ha grandemente influenzato la cucina russa: poich\u00e9 in pi\u00f9 della met\u00e0 dei giorni di un anno era prescritto il digiuno, per cui non si potevano consumare alcune categorie di alimenti. Per questo nella cucina tradizionale russa prevalgono pietanze con funghi, pesce, grano, ortaggi, frutti di bosco piuttosto che carne. A Reggio la Potapova svolge l\u2019attivit\u00e0 di commercialista, lavoro che anche la figlia fa in Siberia: io divido per questo la mia vita tra terra di origine e citt\u00e0 come Reggio che mi vede vivere ed operare portando sempre nel cuore la mia famiglia e la mia terra.<\/p>\n<p style=\"text-align: justify\"><strong>\u00a0Un incontro,<\/strong> dunque,<strong> che ha attestato alle Muse, come la presenza di molte culture in uno stesso contesto culturale \u00e8 legata ai pi\u00f9 significativi processi dell\u2019et\u00e0 contemporanea.<\/strong> Oggi pi\u00f9 che mai, nel contemporaneo, si vive in pieno multiculturalismo e, nelle grandi citt\u00e0 cos\u00ec come nella citt\u00e0 del sud, convivono linguaggi altri, provenienti da differenze di razze con usi, costumi, tradizioni e storie umane e personali<\/p>\n","protected":false},"excerpt":{"rendered":"<p>L\u2019Associazione culturale Le Muse \u201cLaboratorio delle Arti e delle Lettere\u201d di Reggio Calabria, domenica scorsa presso la Sala d\u2019Arte di via San Giuseppe 19, ha presentato alla citt\u00e0 un inedito&hellip;<\/p>\n","protected":false},"author":12,"featured_media":49431,"comment_status":"closed","ping_status":"open","sticky":false,"template":"","format":"standard","meta":{"_jetpack_memberships_contains_paid_content":false,"footnotes":"","jetpack_publicize_message":"","jetpack_publicize_feature_enabled":true,"jetpack_social_post_already_shared":false,"jetpack_social_options":{"image_generator_settings":{"template":"highway","default_image_id":0,"font":"","enabled":false},"version":2}},"categories":[921,196,140],"tags":[30362,5706,30360,30363,30364,30361],"class_list":["post-49430","post","type-post","status-publish","format-standard","has-post-thumbnail","hentry","category-home","category-news","category-reggio-calabria","tag-culture-a-confrontoviaggio-intorno-al-mondo","tag-giuseppe-livoti","tag-lassociazione-culturale-le-muse","tag-multiculturalita","tag-paola-maldonado","tag-sala-darte-villa-san-giusseppe"],"yoast_head":"<!-- This site is optimized with the Yoast SEO plugin v27.2 - https:\/\/yoast.com\/product\/yoast-seo-wordpress\/ -->\n<title>Le Muse: successo \u201cCulture a confronto\u2026viaggio intorno al mondo\u201d<\/title>\n<meta name=\"description\" content=\"L&#039;Ass. &quot;Le Muse&quot; Le Muse ha presentato, domenica scorsa, un inedito incontro su \u201cCulture a confronto\u2026viaggio intorno al mondo\u201d\" \/>\n<meta name=\"robots\" content=\"index, follow, max-snippet:-1, max-image-preview:large, max-video-preview:-1\" \/>\n<link rel=\"canonical\" href=\"https:\/\/progettotouring.it\/radiotouring104\/2024\/04\/17\/le-muse-successo-per-lincontro-culture-a-confrontoviaggio-intorno-al-mondo\/\" \/>\n<meta property=\"og:locale\" content=\"it_IT\" \/>\n<meta property=\"og:type\" content=\"article\" \/>\n<meta property=\"og:title\" content=\"Le Muse: successo \u201cCulture a confronto\u2026viaggio intorno al mondo\u201d\" \/>\n<meta property=\"og:description\" content=\"L&#039;Ass. &quot;Le Muse&quot; Le Muse ha presentato, domenica scorsa, un inedito incontro su \u201cCulture a confronto\u2026viaggio intorno al mondo\u201d\" \/>\n<meta property=\"og:url\" content=\"https:\/\/progettotouring.it\/radiotouring104\/2024\/04\/17\/le-muse-successo-per-lincontro-culture-a-confrontoviaggio-intorno-al-mondo\/\" \/>\n<meta property=\"og:site_name\" content=\"Radio Touring 104\" \/>\n<meta property=\"article:published_time\" content=\"2024-04-17T07:58:13+00:00\" \/>\n<meta property=\"og:image\" content=\"https:\/\/progettotouring.it\/radiotouring104\/wp-content\/uploads\/sites\/6\/2024\/04\/Le-muse-viaggio-intorno-al-mondo.jpg\" \/>\n\t<meta property=\"og:image:width\" content=\"915\" \/>\n\t<meta property=\"og:image:height\" content=\"610\" \/>\n\t<meta property=\"og:image:type\" content=\"image\/jpeg\" \/>\n<meta name=\"author\" content=\"Sebastiano Plutino\" \/>\n<meta name=\"twitter:card\" content=\"summary_large_image\" \/>\n<meta name=\"twitter:label1\" content=\"Scritto da\" \/>\n\t<meta name=\"twitter:data1\" content=\"Sebastiano Plutino\" \/>\n\t<meta name=\"twitter:label2\" content=\"Tempo di lettura stimato\" \/>\n\t<meta name=\"twitter:data2\" content=\"7 minuti\" \/>\n<script type=\"application\/ld+json\" class=\"yoast-schema-graph\">{\"@context\":\"https:\/\/schema.org\",\"@graph\":[{\"@type\":\"Article\",\"@id\":\"https:\/\/progettotouring.it\/radiotouring104\/2024\/04\/17\/le-muse-successo-per-lincontro-culture-a-confrontoviaggio-intorno-al-mondo\/#article\",\"isPartOf\":{\"@id\":\"https:\/\/progettotouring.it\/radiotouring104\/2024\/04\/17\/le-muse-successo-per-lincontro-culture-a-confrontoviaggio-intorno-al-mondo\/\"},\"author\":{\"name\":\"Sebastiano Plutino\",\"@id\":\"https:\/\/progettotouring.it\/radiotouring104\/#\/schema\/person\/78613917f1851f041f7483f5af1d422e\"},\"headline\":\"Le Muse: successo per l&#8217;incontro \u201cCulture a confronto\u2026viaggio intorno al mondo\u201d\",\"datePublished\":\"2024-04-17T07:58:13+00:00\",\"mainEntityOfPage\":{\"@id\":\"https:\/\/progettotouring.it\/radiotouring104\/2024\/04\/17\/le-muse-successo-per-lincontro-culture-a-confrontoviaggio-intorno-al-mondo\/\"},\"wordCount\":1415,\"publisher\":{\"@id\":\"https:\/\/progettotouring.it\/radiotouring104\/#organization\"},\"image\":{\"@id\":\"https:\/\/progettotouring.it\/radiotouring104\/2024\/04\/17\/le-muse-successo-per-lincontro-culture-a-confrontoviaggio-intorno-al-mondo\/#primaryimage\"},\"thumbnailUrl\":\"https:\/\/progettotouring.it\/radiotouring104\/wp-content\/uploads\/sites\/6\/2024\/04\/Le-muse-viaggio-intorno-al-mondo.jpg\",\"keywords\":[\"\u201cCulture a confronto\u2026viaggio intorno al mondo\u201d\",\"Giuseppe Livoti\",\"L\u2019Associazione culturale Le Muse\",\"multiculturalit\u00e0\",\"Paola Maldonado\",\"Sala d'Arte Villa San Giusseppe\"],\"articleSection\":[\"Home\",\"News\",\"Reggio Calabria\"],\"inLanguage\":\"it-IT\"},{\"@type\":\"WebPage\",\"@id\":\"https:\/\/progettotouring.it\/radiotouring104\/2024\/04\/17\/le-muse-successo-per-lincontro-culture-a-confrontoviaggio-intorno-al-mondo\/\",\"url\":\"https:\/\/progettotouring.it\/radiotouring104\/2024\/04\/17\/le-muse-successo-per-lincontro-culture-a-confrontoviaggio-intorno-al-mondo\/\",\"name\":\"Le Muse: successo \u201cCulture a confronto\u2026viaggio intorno al mondo\u201d\",\"isPartOf\":{\"@id\":\"https:\/\/progettotouring.it\/radiotouring104\/#website\"},\"primaryImageOfPage\":{\"@id\":\"https:\/\/progettotouring.it\/radiotouring104\/2024\/04\/17\/le-muse-successo-per-lincontro-culture-a-confrontoviaggio-intorno-al-mondo\/#primaryimage\"},\"image\":{\"@id\":\"https:\/\/progettotouring.it\/radiotouring104\/2024\/04\/17\/le-muse-successo-per-lincontro-culture-a-confrontoviaggio-intorno-al-mondo\/#primaryimage\"},\"thumbnailUrl\":\"https:\/\/progettotouring.it\/radiotouring104\/wp-content\/uploads\/sites\/6\/2024\/04\/Le-muse-viaggio-intorno-al-mondo.jpg\",\"datePublished\":\"2024-04-17T07:58:13+00:00\",\"description\":\"L'Ass. \\\"Le Muse\\\" Le Muse ha presentato, domenica scorsa, un inedito incontro su \u201cCulture a confronto\u2026viaggio intorno al mondo\u201d\",\"breadcrumb\":{\"@id\":\"https:\/\/progettotouring.it\/radiotouring104\/2024\/04\/17\/le-muse-successo-per-lincontro-culture-a-confrontoviaggio-intorno-al-mondo\/#breadcrumb\"},\"inLanguage\":\"it-IT\",\"potentialAction\":[{\"@type\":\"ReadAction\",\"target\":[\"https:\/\/progettotouring.it\/radiotouring104\/2024\/04\/17\/le-muse-successo-per-lincontro-culture-a-confrontoviaggio-intorno-al-mondo\/\"]}]},{\"@type\":\"ImageObject\",\"inLanguage\":\"it-IT\",\"@id\":\"https:\/\/progettotouring.it\/radiotouring104\/2024\/04\/17\/le-muse-successo-per-lincontro-culture-a-confrontoviaggio-intorno-al-mondo\/#primaryimage\",\"url\":\"https:\/\/progettotouring.it\/radiotouring104\/wp-content\/uploads\/sites\/6\/2024\/04\/Le-muse-viaggio-intorno-al-mondo.jpg\",\"contentUrl\":\"https:\/\/progettotouring.it\/radiotouring104\/wp-content\/uploads\/sites\/6\/2024\/04\/Le-muse-viaggio-intorno-al-mondo.jpg\",\"width\":915,\"height\":610},{\"@type\":\"BreadcrumbList\",\"@id\":\"https:\/\/progettotouring.it\/radiotouring104\/2024\/04\/17\/le-muse-successo-per-lincontro-culture-a-confrontoviaggio-intorno-al-mondo\/#breadcrumb\",\"itemListElement\":[{\"@type\":\"ListItem\",\"position\":1,\"name\":\"Home\",\"item\":\"https:\/\/progettotouring.it\/radiotouring104\/\"},{\"@type\":\"ListItem\",\"position\":2,\"name\":\"Le Muse: successo per l&#8217;incontro \u201cCulture a confronto\u2026viaggio intorno al mondo\u201d\"}]},{\"@type\":\"WebSite\",\"@id\":\"https:\/\/progettotouring.it\/radiotouring104\/#website\",\"url\":\"https:\/\/progettotouring.it\/radiotouring104\/\",\"name\":\"Radio Touring 104\",\"description\":\"La prima radio Reggina\",\"publisher\":{\"@id\":\"https:\/\/progettotouring.it\/radiotouring104\/#organization\"},\"potentialAction\":[{\"@type\":\"SearchAction\",\"target\":{\"@type\":\"EntryPoint\",\"urlTemplate\":\"https:\/\/progettotouring.it\/radiotouring104\/?s={search_term_string}\"},\"query-input\":{\"@type\":\"PropertyValueSpecification\",\"valueRequired\":true,\"valueName\":\"search_term_string\"}}],\"inLanguage\":\"it-IT\"},{\"@type\":\"Organization\",\"@id\":\"https:\/\/progettotouring.it\/radiotouring104\/#organization\",\"name\":\"Radio Touring 104\",\"url\":\"https:\/\/progettotouring.it\/radiotouring104\/\",\"logo\":{\"@type\":\"ImageObject\",\"inLanguage\":\"it-IT\",\"@id\":\"https:\/\/progettotouring.it\/radiotouring104\/#\/schema\/logo\/image\/\",\"url\":\"https:\/\/progettotouring.it\/radiotouring104\/wp-content\/uploads\/sites\/6\/2022\/02\/cropped-logo-radio-touring-104.png\",\"contentUrl\":\"https:\/\/progettotouring.it\/radiotouring104\/wp-content\/uploads\/sites\/6\/2022\/02\/cropped-logo-radio-touring-104.png\",\"width\":377,\"height\":182,\"caption\":\"Radio Touring 104\"},\"image\":{\"@id\":\"https:\/\/progettotouring.it\/radiotouring104\/#\/schema\/logo\/image\/\"}},{\"@type\":\"Person\",\"@id\":\"https:\/\/progettotouring.it\/radiotouring104\/#\/schema\/person\/78613917f1851f041f7483f5af1d422e\",\"name\":\"Sebastiano Plutino\",\"image\":{\"@type\":\"ImageObject\",\"inLanguage\":\"it-IT\",\"@id\":\"https:\/\/secure.gravatar.com\/avatar\/0546ffaa9b79224faf9f2a156b67a529ae861d3287c66c1d8ccfdf909bcba78d?s=96&d=mm&r=g\",\"url\":\"https:\/\/secure.gravatar.com\/avatar\/0546ffaa9b79224faf9f2a156b67a529ae861d3287c66c1d8ccfdf909bcba78d?s=96&d=mm&r=g\",\"contentUrl\":\"https:\/\/secure.gravatar.com\/avatar\/0546ffaa9b79224faf9f2a156b67a529ae861d3287c66c1d8ccfdf909bcba78d?s=96&d=mm&r=g\",\"caption\":\"Sebastiano Plutino\"},\"url\":\"https:\/\/progettotouring.it\/radiotouring104\/author\/sebastiano\/\"}]}<\/script>\n<!-- \/ Yoast SEO plugin. -->","yoast_head_json":{"title":"Le Muse: successo \u201cCulture a confronto\u2026viaggio intorno al mondo\u201d","description":"L'Ass. \"Le Muse\" Le Muse ha presentato, domenica scorsa, un inedito incontro su \u201cCulture a confronto\u2026viaggio intorno al mondo\u201d","robots":{"index":"index","follow":"follow","max-snippet":"max-snippet:-1","max-image-preview":"max-image-preview:large","max-video-preview":"max-video-preview:-1"},"canonical":"https:\/\/progettotouring.it\/radiotouring104\/2024\/04\/17\/le-muse-successo-per-lincontro-culture-a-confrontoviaggio-intorno-al-mondo\/","og_locale":"it_IT","og_type":"article","og_title":"Le Muse: successo \u201cCulture a confronto\u2026viaggio intorno al mondo\u201d","og_description":"L'Ass. \"Le Muse\" Le Muse ha presentato, domenica scorsa, un inedito incontro su \u201cCulture a confronto\u2026viaggio intorno al mondo\u201d","og_url":"https:\/\/progettotouring.it\/radiotouring104\/2024\/04\/17\/le-muse-successo-per-lincontro-culture-a-confrontoviaggio-intorno-al-mondo\/","og_site_name":"Radio Touring 104","article_published_time":"2024-04-17T07:58:13+00:00","og_image":[{"width":915,"height":610,"url":"https:\/\/progettotouring.it\/radiotouring104\/wp-content\/uploads\/sites\/6\/2024\/04\/Le-muse-viaggio-intorno-al-mondo.jpg","type":"image\/jpeg"}],"author":"Sebastiano Plutino","twitter_card":"summary_large_image","twitter_misc":{"Scritto da":"Sebastiano Plutino","Tempo di lettura stimato":"7 minuti"},"schema":{"@context":"https:\/\/schema.org","@graph":[{"@type":"Article","@id":"https:\/\/progettotouring.it\/radiotouring104\/2024\/04\/17\/le-muse-successo-per-lincontro-culture-a-confrontoviaggio-intorno-al-mondo\/#article","isPartOf":{"@id":"https:\/\/progettotouring.it\/radiotouring104\/2024\/04\/17\/le-muse-successo-per-lincontro-culture-a-confrontoviaggio-intorno-al-mondo\/"},"author":{"name":"Sebastiano Plutino","@id":"https:\/\/progettotouring.it\/radiotouring104\/#\/schema\/person\/78613917f1851f041f7483f5af1d422e"},"headline":"Le Muse: successo per l&#8217;incontro \u201cCulture a confronto\u2026viaggio intorno al mondo\u201d","datePublished":"2024-04-17T07:58:13+00:00","mainEntityOfPage":{"@id":"https:\/\/progettotouring.it\/radiotouring104\/2024\/04\/17\/le-muse-successo-per-lincontro-culture-a-confrontoviaggio-intorno-al-mondo\/"},"wordCount":1415,"publisher":{"@id":"https:\/\/progettotouring.it\/radiotouring104\/#organization"},"image":{"@id":"https:\/\/progettotouring.it\/radiotouring104\/2024\/04\/17\/le-muse-successo-per-lincontro-culture-a-confrontoviaggio-intorno-al-mondo\/#primaryimage"},"thumbnailUrl":"https:\/\/progettotouring.it\/radiotouring104\/wp-content\/uploads\/sites\/6\/2024\/04\/Le-muse-viaggio-intorno-al-mondo.jpg","keywords":["\u201cCulture a confronto\u2026viaggio intorno al mondo\u201d","Giuseppe Livoti","L\u2019Associazione culturale Le Muse","multiculturalit\u00e0","Paola Maldonado","Sala d'Arte Villa San Giusseppe"],"articleSection":["Home","News","Reggio Calabria"],"inLanguage":"it-IT"},{"@type":"WebPage","@id":"https:\/\/progettotouring.it\/radiotouring104\/2024\/04\/17\/le-muse-successo-per-lincontro-culture-a-confrontoviaggio-intorno-al-mondo\/","url":"https:\/\/progettotouring.it\/radiotouring104\/2024\/04\/17\/le-muse-successo-per-lincontro-culture-a-confrontoviaggio-intorno-al-mondo\/","name":"Le Muse: successo \u201cCulture a confronto\u2026viaggio intorno al mondo\u201d","isPartOf":{"@id":"https:\/\/progettotouring.it\/radiotouring104\/#website"},"primaryImageOfPage":{"@id":"https:\/\/progettotouring.it\/radiotouring104\/2024\/04\/17\/le-muse-successo-per-lincontro-culture-a-confrontoviaggio-intorno-al-mondo\/#primaryimage"},"image":{"@id":"https:\/\/progettotouring.it\/radiotouring104\/2024\/04\/17\/le-muse-successo-per-lincontro-culture-a-confrontoviaggio-intorno-al-mondo\/#primaryimage"},"thumbnailUrl":"https:\/\/progettotouring.it\/radiotouring104\/wp-content\/uploads\/sites\/6\/2024\/04\/Le-muse-viaggio-intorno-al-mondo.jpg","datePublished":"2024-04-17T07:58:13+00:00","description":"L'Ass. \"Le Muse\" Le Muse ha presentato, domenica scorsa, un inedito incontro su \u201cCulture a confronto\u2026viaggio intorno al mondo\u201d","breadcrumb":{"@id":"https:\/\/progettotouring.it\/radiotouring104\/2024\/04\/17\/le-muse-successo-per-lincontro-culture-a-confrontoviaggio-intorno-al-mondo\/#breadcrumb"},"inLanguage":"it-IT","potentialAction":[{"@type":"ReadAction","target":["https:\/\/progettotouring.it\/radiotouring104\/2024\/04\/17\/le-muse-successo-per-lincontro-culture-a-confrontoviaggio-intorno-al-mondo\/"]}]},{"@type":"ImageObject","inLanguage":"it-IT","@id":"https:\/\/progettotouring.it\/radiotouring104\/2024\/04\/17\/le-muse-successo-per-lincontro-culture-a-confrontoviaggio-intorno-al-mondo\/#primaryimage","url":"https:\/\/progettotouring.it\/radiotouring104\/wp-content\/uploads\/sites\/6\/2024\/04\/Le-muse-viaggio-intorno-al-mondo.jpg","contentUrl":"https:\/\/progettotouring.it\/radiotouring104\/wp-content\/uploads\/sites\/6\/2024\/04\/Le-muse-viaggio-intorno-al-mondo.jpg","width":915,"height":610},{"@type":"BreadcrumbList","@id":"https:\/\/progettotouring.it\/radiotouring104\/2024\/04\/17\/le-muse-successo-per-lincontro-culture-a-confrontoviaggio-intorno-al-mondo\/#breadcrumb","itemListElement":[{"@type":"ListItem","position":1,"name":"Home","item":"https:\/\/progettotouring.it\/radiotouring104\/"},{"@type":"ListItem","position":2,"name":"Le Muse: successo per l&#8217;incontro \u201cCulture a confronto\u2026viaggio intorno al mondo\u201d"}]},{"@type":"WebSite","@id":"https:\/\/progettotouring.it\/radiotouring104\/#website","url":"https:\/\/progettotouring.it\/radiotouring104\/","name":"Radio Touring 104","description":"La prima radio Reggina","publisher":{"@id":"https:\/\/progettotouring.it\/radiotouring104\/#organization"},"potentialAction":[{"@type":"SearchAction","target":{"@type":"EntryPoint","urlTemplate":"https:\/\/progettotouring.it\/radiotouring104\/?s={search_term_string}"},"query-input":{"@type":"PropertyValueSpecification","valueRequired":true,"valueName":"search_term_string"}}],"inLanguage":"it-IT"},{"@type":"Organization","@id":"https:\/\/progettotouring.it\/radiotouring104\/#organization","name":"Radio Touring 104","url":"https:\/\/progettotouring.it\/radiotouring104\/","logo":{"@type":"ImageObject","inLanguage":"it-IT","@id":"https:\/\/progettotouring.it\/radiotouring104\/#\/schema\/logo\/image\/","url":"https:\/\/progettotouring.it\/radiotouring104\/wp-content\/uploads\/sites\/6\/2022\/02\/cropped-logo-radio-touring-104.png","contentUrl":"https:\/\/progettotouring.it\/radiotouring104\/wp-content\/uploads\/sites\/6\/2022\/02\/cropped-logo-radio-touring-104.png","width":377,"height":182,"caption":"Radio Touring 104"},"image":{"@id":"https:\/\/progettotouring.it\/radiotouring104\/#\/schema\/logo\/image\/"}},{"@type":"Person","@id":"https:\/\/progettotouring.it\/radiotouring104\/#\/schema\/person\/78613917f1851f041f7483f5af1d422e","name":"Sebastiano Plutino","image":{"@type":"ImageObject","inLanguage":"it-IT","@id":"https:\/\/secure.gravatar.com\/avatar\/0546ffaa9b79224faf9f2a156b67a529ae861d3287c66c1d8ccfdf909bcba78d?s=96&d=mm&r=g","url":"https:\/\/secure.gravatar.com\/avatar\/0546ffaa9b79224faf9f2a156b67a529ae861d3287c66c1d8ccfdf909bcba78d?s=96&d=mm&r=g","contentUrl":"https:\/\/secure.gravatar.com\/avatar\/0546ffaa9b79224faf9f2a156b67a529ae861d3287c66c1d8ccfdf909bcba78d?s=96&d=mm&r=g","caption":"Sebastiano Plutino"},"url":"https:\/\/progettotouring.it\/radiotouring104\/author\/sebastiano\/"}]}},"jetpack_publicize_connections":[],"jetpack_featured_media_url":"https:\/\/progettotouring.it\/radiotouring104\/wp-content\/uploads\/sites\/6\/2024\/04\/Le-muse-viaggio-intorno-al-mondo.jpg","jetpack_sharing_enabled":true,"_links":{"self":[{"href":"https:\/\/progettotouring.it\/radiotouring104\/wp-json\/wp\/v2\/posts\/49430","targetHints":{"allow":["GET"]}}],"collection":[{"href":"https:\/\/progettotouring.it\/radiotouring104\/wp-json\/wp\/v2\/posts"}],"about":[{"href":"https:\/\/progettotouring.it\/radiotouring104\/wp-json\/wp\/v2\/types\/post"}],"author":[{"embeddable":true,"href":"https:\/\/progettotouring.it\/radiotouring104\/wp-json\/wp\/v2\/users\/12"}],"replies":[{"embeddable":true,"href":"https:\/\/progettotouring.it\/radiotouring104\/wp-json\/wp\/v2\/comments?post=49430"}],"version-history":[{"count":1,"href":"https:\/\/progettotouring.it\/radiotouring104\/wp-json\/wp\/v2\/posts\/49430\/revisions"}],"predecessor-version":[{"id":49432,"href":"https:\/\/progettotouring.it\/radiotouring104\/wp-json\/wp\/v2\/posts\/49430\/revisions\/49432"}],"wp:featuredmedia":[{"embeddable":true,"href":"https:\/\/progettotouring.it\/radiotouring104\/wp-json\/wp\/v2\/media\/49431"}],"wp:attachment":[{"href":"https:\/\/progettotouring.it\/radiotouring104\/wp-json\/wp\/v2\/media?parent=49430"}],"wp:term":[{"taxonomy":"category","embeddable":true,"href":"https:\/\/progettotouring.it\/radiotouring104\/wp-json\/wp\/v2\/categories?post=49430"},{"taxonomy":"post_tag","embeddable":true,"href":"https:\/\/progettotouring.it\/radiotouring104\/wp-json\/wp\/v2\/tags?post=49430"}],"curies":[{"name":"wp","href":"https:\/\/api.w.org\/{rel}","templated":true}]}}