{"id":49433,"date":"2024-04-17T10:06:47","date_gmt":"2024-04-17T08:06:47","guid":{"rendered":"https:\/\/progettotouring.it\/radiotouring104\/?p=49433"},"modified":"2024-04-17T10:07:41","modified_gmt":"2024-04-17T08:07:41","slug":"ponte-sullo-stretto-pazzano-la-strada-criticita-enormi-ormai-emerse-si-fermi-tutto","status":"publish","type":"post","link":"https:\/\/progettotouring.it\/radiotouring104\/2024\/04\/17\/ponte-sullo-stretto-pazzano-la-strada-criticita-enormi-ormai-emerse-si-fermi-tutto\/","title":{"rendered":"Ponte sullo Stretto, Pazzano (La Strada): &#8220;Criticit\u00e0 enormi ormai emerse, si fermi tutto&#8221;"},"content":{"rendered":"<p style=\"text-align: justify\"><strong>Sono enormi &#8211;<\/strong> e sempre pi\u00f9 evidenti &#8211;<strong> le criticit\u00e0 relative al Ponte sullo Stretto.<\/strong> Ai rilievi del Comitato scientifico si aggiungono oggi quelli relativi alla Valutazione di impatto ambientale e di Valutazione di Incidenza. Rilievi che dimostrano, ove ce ne fosse ulteriore bisogno, che ha ragione chi -in nome degli interessi dell\u2019Area dello Stretto e della tutela del territorio, degli interessi collettivi, della valorizzazione del patrimonio paesaggistico e culturale dello Stretto- chiede che <strong>tutto si fermi finch\u00e9 non ci sar\u00e0 un vero Progetto. Che non c\u2019\u00e8<\/strong>. Perch\u00e9 quello su cui dovrebbero aprirsi cantieri che devasterebbero il territorio senza\u00a0 che il Ponte si veda mai, non \u00e8 un Progetto Esecutivo. Sulla base di uno step formale, un semplicissimo progetto definitivo,\u00a0 peraltro semplice aggiornamento di un progetto gi\u00e0 stoppato quasi quindici anni fa, dovremmo consegnare la nostra terra a cantieri eterni, a opere incompiute, a possibili ecomostri, dovremmo essere espropriati delle nostre case, dovremmo diventare sede di smaltimento di tonnellate di materiale inerte? Per compiacere chi?<\/p>\n<p style=\"text-align: justify\"><strong>Come amministratori non possiamo fare a patti con la logica delle compensazioni che fa molto anni \u201980<\/strong> e che gi\u00e0 ha devastato la nostra terra,\u00a0 non possiamo accettare che neanche un chiodo venga apposto senza un vero progetto, non possiamo accettare alcuna promessa di \u201caggiusteremo le cose in corso d\u2019opera\u201d. <strong>Si fermi tutto, subito, ora!<\/strong><\/p>\n<p style=\"text-align: justify\">Con Saverio Pazzano<strong> abbiamo proposto, con una mozione<\/strong>,<strong>\u00a0una moratoria rispetto a qualunque attivit\u00e0 propedeutica al Ponte.<\/strong> Si fermino gli espropri, si fermino le cantierizzazioni, si fermi lo spot elettorale sul Ponte. Si fermi tutto, finch\u00e9 non ci sar\u00e0 il Progetto Esecutivo. Se la tanto efficiente macchina di propaganda del Ponte \u00e8 convinta che arriver\u00e0 mai un progetto esecutivo, cosa ha da perdere?<\/p>\n<p style=\"text-align: justify\">Di contro, <strong>se il progetto esecutivo non arriver\u00e0 mai, se tutti i rilievi (centinaia di rilievi!) non saranno sanati, cosa rester\u00e0 del nostro Stretto?<\/strong> Quello che gi\u00e0 conosciamo: scheletri di cemento, devastazione del paesaggio, detriti e inquinamento, promesse e promesse di lavoro appese alle solite vecchie logiche assistenziali\u2026<\/p>\n<p style=\"text-align: justify\"><strong>Agli amministratori non chiediamo di dire S\u00ec o No al Ponte<\/strong> (la nostra posizione \u00e8 chiara e netta, non abbiamo bisogno di ribadirla) ma di dire responsabilmente STOP, finch\u00e9 tutte le criticit\u00e0 non troveranno soluzione in un progetto vero. Il nostro territorio non \u00e8 in vendita, sulla nostra salute, sulla nostra sicurezza, sugli interessi della nostra terra non si pu\u00f2 giocare, non si pu\u00f2 fare campagna elettorale.<\/p>\n<p style=\"text-align: justify\"><strong>Ogni amministratore <\/strong>dell\u2019Area dello Stretto <strong>dovrebbe sentire propria la responsabilit\u00e0 di fare partire dei lavori,<\/strong> di qualunque tipo,<strong> in assenza delle garanzie necessarie. Queste garanzie non ci sono.<\/strong> Non ci sono. Non ci sono. Potremmo ripeterlo per tutte le centinaia di volte che servir\u00e0, per ogni criticit\u00e0 emersa fino ad ora. Si fermi tutto, si apra una seria riflessione sulla valorizzazione dell\u2019Area dello Stretto.<\/p>\n","protected":false},"excerpt":{"rendered":"<p>Sono enormi &#8211; e sempre pi\u00f9 evidenti &#8211; le criticit\u00e0 relative al Ponte sullo Stretto. Ai rilievi del Comitato scientifico si aggiungono oggi quelli relativi alla Valutazione di impatto ambientale&hellip;<\/p>\n","protected":false},"author":12,"featured_media":16782,"comment_status":"closed","ping_status":"open","sticky":false,"template":"","format":"standard","meta":{"_jetpack_memberships_contains_paid_content":false,"footnotes":"","jetpack_publicize_message":"","jetpack_publicize_feature_enabled":true,"jetpack_social_post_already_shared":false,"jetpack_social_options":{"image_generator_settings":{"template":"highway","default_image_id":0,"font":"","enabled":false},"version":2}},"categories":[921,196,140],"tags":[30365,5647,4355,1037],"class_list":["post-49433","post","type-post","status-publish","format-standard","has-post-thumbnail","hentry","category-home","category-news","category-reggio-calabria","tag-criticita-emerse-si-fermi-tutto","tag-movimento-la-strada","tag-ponte-sullo-stretto","tag-saverio-pazzano"],"yoast_head":"<!-- This site is optimized with the Yoast SEO plugin v27.2 - https:\/\/yoast.com\/product\/yoast-seo-wordpress\/ -->\n<title>Ponte Stretto, Pazzano: &quot;Criticit\u00e0 ormai emerse, si fermi tutto&quot;<\/title>\n<meta name=\"description\" content=\"Il Movimento cittadino ed il suo leader chiedono ad amministratori lo stop dell&#039;opera, finch\u00e9 criticit\u00e0 non saranno risolte\" \/>\n<meta name=\"robots\" content=\"index, follow, max-snippet:-1, max-image-preview:large, max-video-preview:-1\" \/>\n<link rel=\"canonical\" href=\"https:\/\/progettotouring.it\/radiotouring104\/2024\/04\/17\/ponte-sullo-stretto-pazzano-la-strada-criticita-enormi-ormai-emerse-si-fermi-tutto\/\" \/>\n<meta property=\"og:locale\" content=\"it_IT\" \/>\n<meta property=\"og:type\" content=\"article\" \/>\n<meta property=\"og:title\" content=\"Ponte Stretto, Pazzano: &quot;Criticit\u00e0 ormai emerse, si fermi tutto&quot;\" \/>\n<meta property=\"og:description\" content=\"Il Movimento cittadino ed il suo leader chiedono ad amministratori lo stop dell&#039;opera, finch\u00e9 criticit\u00e0 non saranno risolte\" \/>\n<meta property=\"og:url\" content=\"https:\/\/progettotouring.it\/radiotouring104\/2024\/04\/17\/ponte-sullo-stretto-pazzano-la-strada-criticita-enormi-ormai-emerse-si-fermi-tutto\/\" \/>\n<meta property=\"og:site_name\" content=\"Radio Touring 104\" \/>\n<meta property=\"article:published_time\" content=\"2024-04-17T08:06:47+00:00\" \/>\n<meta property=\"article:modified_time\" content=\"2024-04-17T08:07:41+00:00\" \/>\n<meta property=\"og:image\" content=\"https:\/\/progettotouring.it\/radiotouring104\/wp-content\/uploads\/sites\/6\/2023\/01\/Saverio-Pazzano.jpg\" \/>\n\t<meta property=\"og:image:width\" content=\"1280\" \/>\n\t<meta property=\"og:image:height\" content=\"854\" \/>\n\t<meta property=\"og:image:type\" content=\"image\/jpeg\" \/>\n<meta name=\"author\" content=\"Sebastiano Plutino\" \/>\n<meta name=\"twitter:card\" content=\"summary_large_image\" \/>\n<meta name=\"twitter:label1\" content=\"Scritto da\" \/>\n\t<meta name=\"twitter:data1\" content=\"Sebastiano Plutino\" \/>\n\t<meta name=\"twitter:label2\" content=\"Tempo di lettura stimato\" \/>\n\t<meta name=\"twitter:data2\" content=\"2 minuti\" \/>\n<script type=\"application\/ld+json\" class=\"yoast-schema-graph\">{\"@context\":\"https:\/\/schema.org\",\"@graph\":[{\"@type\":\"Article\",\"@id\":\"https:\/\/progettotouring.it\/radiotouring104\/2024\/04\/17\/ponte-sullo-stretto-pazzano-la-strada-criticita-enormi-ormai-emerse-si-fermi-tutto\/#article\",\"isPartOf\":{\"@id\":\"https:\/\/progettotouring.it\/radiotouring104\/2024\/04\/17\/ponte-sullo-stretto-pazzano-la-strada-criticita-enormi-ormai-emerse-si-fermi-tutto\/\"},\"author\":{\"name\":\"Sebastiano Plutino\",\"@id\":\"https:\/\/progettotouring.it\/radiotouring104\/#\/schema\/person\/78613917f1851f041f7483f5af1d422e\"},\"headline\":\"Ponte sullo Stretto, Pazzano (La Strada): &#8220;Criticit\u00e0 enormi ormai emerse, si fermi tutto&#8221;\",\"datePublished\":\"2024-04-17T08:06:47+00:00\",\"dateModified\":\"2024-04-17T08:07:41+00:00\",\"mainEntityOfPage\":{\"@id\":\"https:\/\/progettotouring.it\/radiotouring104\/2024\/04\/17\/ponte-sullo-stretto-pazzano-la-strada-criticita-enormi-ormai-emerse-si-fermi-tutto\/\"},\"wordCount\":474,\"publisher\":{\"@id\":\"https:\/\/progettotouring.it\/radiotouring104\/#organization\"},\"image\":{\"@id\":\"https:\/\/progettotouring.it\/radiotouring104\/2024\/04\/17\/ponte-sullo-stretto-pazzano-la-strada-criticita-enormi-ormai-emerse-si-fermi-tutto\/#primaryimage\"},\"thumbnailUrl\":\"https:\/\/progettotouring.it\/radiotouring104\/wp-content\/uploads\/sites\/6\/2023\/01\/Saverio-Pazzano.jpg\",\"keywords\":[\"Criticit\u00e0 emerse si fermi tutto\",\"Movimento \\\"La Strada\\\"\",\"Ponte sullo stretto\",\"saverio pazzano\"],\"articleSection\":[\"Home\",\"News\",\"Reggio Calabria\"],\"inLanguage\":\"it-IT\"},{\"@type\":\"WebPage\",\"@id\":\"https:\/\/progettotouring.it\/radiotouring104\/2024\/04\/17\/ponte-sullo-stretto-pazzano-la-strada-criticita-enormi-ormai-emerse-si-fermi-tutto\/\",\"url\":\"https:\/\/progettotouring.it\/radiotouring104\/2024\/04\/17\/ponte-sullo-stretto-pazzano-la-strada-criticita-enormi-ormai-emerse-si-fermi-tutto\/\",\"name\":\"Ponte Stretto, Pazzano: \\\"Criticit\u00e0 ormai emerse, si fermi tutto\\\"\",\"isPartOf\":{\"@id\":\"https:\/\/progettotouring.it\/radiotouring104\/#website\"},\"primaryImageOfPage\":{\"@id\":\"https:\/\/progettotouring.it\/radiotouring104\/2024\/04\/17\/ponte-sullo-stretto-pazzano-la-strada-criticita-enormi-ormai-emerse-si-fermi-tutto\/#primaryimage\"},\"image\":{\"@id\":\"https:\/\/progettotouring.it\/radiotouring104\/2024\/04\/17\/ponte-sullo-stretto-pazzano-la-strada-criticita-enormi-ormai-emerse-si-fermi-tutto\/#primaryimage\"},\"thumbnailUrl\":\"https:\/\/progettotouring.it\/radiotouring104\/wp-content\/uploads\/sites\/6\/2023\/01\/Saverio-Pazzano.jpg\",\"datePublished\":\"2024-04-17T08:06:47+00:00\",\"dateModified\":\"2024-04-17T08:07:41+00:00\",\"description\":\"Il Movimento cittadino ed il suo leader chiedono ad amministratori lo stop dell'opera, finch\u00e9 criticit\u00e0 non saranno risolte\",\"breadcrumb\":{\"@id\":\"https:\/\/progettotouring.it\/radiotouring104\/2024\/04\/17\/ponte-sullo-stretto-pazzano-la-strada-criticita-enormi-ormai-emerse-si-fermi-tutto\/#breadcrumb\"},\"inLanguage\":\"it-IT\",\"potentialAction\":[{\"@type\":\"ReadAction\",\"target\":[\"https:\/\/progettotouring.it\/radiotouring104\/2024\/04\/17\/ponte-sullo-stretto-pazzano-la-strada-criticita-enormi-ormai-emerse-si-fermi-tutto\/\"]}]},{\"@type\":\"ImageObject\",\"inLanguage\":\"it-IT\",\"@id\":\"https:\/\/progettotouring.it\/radiotouring104\/2024\/04\/17\/ponte-sullo-stretto-pazzano-la-strada-criticita-enormi-ormai-emerse-si-fermi-tutto\/#primaryimage\",\"url\":\"https:\/\/progettotouring.it\/radiotouring104\/wp-content\/uploads\/sites\/6\/2023\/01\/Saverio-Pazzano.jpg\",\"contentUrl\":\"https:\/\/progettotouring.it\/radiotouring104\/wp-content\/uploads\/sites\/6\/2023\/01\/Saverio-Pazzano.jpg\",\"width\":1280,\"height\":854},{\"@type\":\"BreadcrumbList\",\"@id\":\"https:\/\/progettotouring.it\/radiotouring104\/2024\/04\/17\/ponte-sullo-stretto-pazzano-la-strada-criticita-enormi-ormai-emerse-si-fermi-tutto\/#breadcrumb\",\"itemListElement\":[{\"@type\":\"ListItem\",\"position\":1,\"name\":\"Home\",\"item\":\"https:\/\/progettotouring.it\/radiotouring104\/\"},{\"@type\":\"ListItem\",\"position\":2,\"name\":\"Ponte sullo Stretto, Pazzano (La Strada): &#8220;Criticit\u00e0 enormi ormai emerse, si fermi tutto&#8221;\"}]},{\"@type\":\"WebSite\",\"@id\":\"https:\/\/progettotouring.it\/radiotouring104\/#website\",\"url\":\"https:\/\/progettotouring.it\/radiotouring104\/\",\"name\":\"Radio Touring 104\",\"description\":\"La prima radio Reggina\",\"publisher\":{\"@id\":\"https:\/\/progettotouring.it\/radiotouring104\/#organization\"},\"potentialAction\":[{\"@type\":\"SearchAction\",\"target\":{\"@type\":\"EntryPoint\",\"urlTemplate\":\"https:\/\/progettotouring.it\/radiotouring104\/?s={search_term_string}\"},\"query-input\":{\"@type\":\"PropertyValueSpecification\",\"valueRequired\":true,\"valueName\":\"search_term_string\"}}],\"inLanguage\":\"it-IT\"},{\"@type\":\"Organization\",\"@id\":\"https:\/\/progettotouring.it\/radiotouring104\/#organization\",\"name\":\"Radio Touring 104\",\"url\":\"https:\/\/progettotouring.it\/radiotouring104\/\",\"logo\":{\"@type\":\"ImageObject\",\"inLanguage\":\"it-IT\",\"@id\":\"https:\/\/progettotouring.it\/radiotouring104\/#\/schema\/logo\/image\/\",\"url\":\"https:\/\/progettotouring.it\/radiotouring104\/wp-content\/uploads\/sites\/6\/2022\/02\/cropped-logo-radio-touring-104.png\",\"contentUrl\":\"https:\/\/progettotouring.it\/radiotouring104\/wp-content\/uploads\/sites\/6\/2022\/02\/cropped-logo-radio-touring-104.png\",\"width\":377,\"height\":182,\"caption\":\"Radio Touring 104\"},\"image\":{\"@id\":\"https:\/\/progettotouring.it\/radiotouring104\/#\/schema\/logo\/image\/\"}},{\"@type\":\"Person\",\"@id\":\"https:\/\/progettotouring.it\/radiotouring104\/#\/schema\/person\/78613917f1851f041f7483f5af1d422e\",\"name\":\"Sebastiano Plutino\",\"image\":{\"@type\":\"ImageObject\",\"inLanguage\":\"it-IT\",\"@id\":\"https:\/\/secure.gravatar.com\/avatar\/0546ffaa9b79224faf9f2a156b67a529ae861d3287c66c1d8ccfdf909bcba78d?s=96&d=mm&r=g\",\"url\":\"https:\/\/secure.gravatar.com\/avatar\/0546ffaa9b79224faf9f2a156b67a529ae861d3287c66c1d8ccfdf909bcba78d?s=96&d=mm&r=g\",\"contentUrl\":\"https:\/\/secure.gravatar.com\/avatar\/0546ffaa9b79224faf9f2a156b67a529ae861d3287c66c1d8ccfdf909bcba78d?s=96&d=mm&r=g\",\"caption\":\"Sebastiano Plutino\"},\"url\":\"https:\/\/progettotouring.it\/radiotouring104\/author\/sebastiano\/\"}]}<\/script>\n<!-- \/ Yoast SEO plugin. -->","yoast_head_json":{"title":"Ponte Stretto, Pazzano: \"Criticit\u00e0 ormai emerse, si fermi tutto\"","description":"Il Movimento cittadino ed il suo leader chiedono ad amministratori lo stop dell'opera, finch\u00e9 criticit\u00e0 non saranno risolte","robots":{"index":"index","follow":"follow","max-snippet":"max-snippet:-1","max-image-preview":"max-image-preview:large","max-video-preview":"max-video-preview:-1"},"canonical":"https:\/\/progettotouring.it\/radiotouring104\/2024\/04\/17\/ponte-sullo-stretto-pazzano-la-strada-criticita-enormi-ormai-emerse-si-fermi-tutto\/","og_locale":"it_IT","og_type":"article","og_title":"Ponte Stretto, Pazzano: \"Criticit\u00e0 ormai emerse, si fermi tutto\"","og_description":"Il Movimento cittadino ed il suo leader chiedono ad amministratori lo stop dell'opera, finch\u00e9 criticit\u00e0 non saranno risolte","og_url":"https:\/\/progettotouring.it\/radiotouring104\/2024\/04\/17\/ponte-sullo-stretto-pazzano-la-strada-criticita-enormi-ormai-emerse-si-fermi-tutto\/","og_site_name":"Radio Touring 104","article_published_time":"2024-04-17T08:06:47+00:00","article_modified_time":"2024-04-17T08:07:41+00:00","og_image":[{"width":1280,"height":854,"url":"https:\/\/progettotouring.it\/radiotouring104\/wp-content\/uploads\/sites\/6\/2023\/01\/Saverio-Pazzano.jpg","type":"image\/jpeg"}],"author":"Sebastiano Plutino","twitter_card":"summary_large_image","twitter_misc":{"Scritto da":"Sebastiano Plutino","Tempo di lettura stimato":"2 minuti"},"schema":{"@context":"https:\/\/schema.org","@graph":[{"@type":"Article","@id":"https:\/\/progettotouring.it\/radiotouring104\/2024\/04\/17\/ponte-sullo-stretto-pazzano-la-strada-criticita-enormi-ormai-emerse-si-fermi-tutto\/#article","isPartOf":{"@id":"https:\/\/progettotouring.it\/radiotouring104\/2024\/04\/17\/ponte-sullo-stretto-pazzano-la-strada-criticita-enormi-ormai-emerse-si-fermi-tutto\/"},"author":{"name":"Sebastiano Plutino","@id":"https:\/\/progettotouring.it\/radiotouring104\/#\/schema\/person\/78613917f1851f041f7483f5af1d422e"},"headline":"Ponte sullo Stretto, Pazzano (La Strada): &#8220;Criticit\u00e0 enormi ormai emerse, si fermi tutto&#8221;","datePublished":"2024-04-17T08:06:47+00:00","dateModified":"2024-04-17T08:07:41+00:00","mainEntityOfPage":{"@id":"https:\/\/progettotouring.it\/radiotouring104\/2024\/04\/17\/ponte-sullo-stretto-pazzano-la-strada-criticita-enormi-ormai-emerse-si-fermi-tutto\/"},"wordCount":474,"publisher":{"@id":"https:\/\/progettotouring.it\/radiotouring104\/#organization"},"image":{"@id":"https:\/\/progettotouring.it\/radiotouring104\/2024\/04\/17\/ponte-sullo-stretto-pazzano-la-strada-criticita-enormi-ormai-emerse-si-fermi-tutto\/#primaryimage"},"thumbnailUrl":"https:\/\/progettotouring.it\/radiotouring104\/wp-content\/uploads\/sites\/6\/2023\/01\/Saverio-Pazzano.jpg","keywords":["Criticit\u00e0 emerse si fermi tutto","Movimento \"La Strada\"","Ponte sullo stretto","saverio pazzano"],"articleSection":["Home","News","Reggio Calabria"],"inLanguage":"it-IT"},{"@type":"WebPage","@id":"https:\/\/progettotouring.it\/radiotouring104\/2024\/04\/17\/ponte-sullo-stretto-pazzano-la-strada-criticita-enormi-ormai-emerse-si-fermi-tutto\/","url":"https:\/\/progettotouring.it\/radiotouring104\/2024\/04\/17\/ponte-sullo-stretto-pazzano-la-strada-criticita-enormi-ormai-emerse-si-fermi-tutto\/","name":"Ponte Stretto, Pazzano: \"Criticit\u00e0 ormai emerse, si fermi tutto\"","isPartOf":{"@id":"https:\/\/progettotouring.it\/radiotouring104\/#website"},"primaryImageOfPage":{"@id":"https:\/\/progettotouring.it\/radiotouring104\/2024\/04\/17\/ponte-sullo-stretto-pazzano-la-strada-criticita-enormi-ormai-emerse-si-fermi-tutto\/#primaryimage"},"image":{"@id":"https:\/\/progettotouring.it\/radiotouring104\/2024\/04\/17\/ponte-sullo-stretto-pazzano-la-strada-criticita-enormi-ormai-emerse-si-fermi-tutto\/#primaryimage"},"thumbnailUrl":"https:\/\/progettotouring.it\/radiotouring104\/wp-content\/uploads\/sites\/6\/2023\/01\/Saverio-Pazzano.jpg","datePublished":"2024-04-17T08:06:47+00:00","dateModified":"2024-04-17T08:07:41+00:00","description":"Il Movimento cittadino ed il suo leader chiedono ad amministratori lo stop dell'opera, finch\u00e9 criticit\u00e0 non saranno risolte","breadcrumb":{"@id":"https:\/\/progettotouring.it\/radiotouring104\/2024\/04\/17\/ponte-sullo-stretto-pazzano-la-strada-criticita-enormi-ormai-emerse-si-fermi-tutto\/#breadcrumb"},"inLanguage":"it-IT","potentialAction":[{"@type":"ReadAction","target":["https:\/\/progettotouring.it\/radiotouring104\/2024\/04\/17\/ponte-sullo-stretto-pazzano-la-strada-criticita-enormi-ormai-emerse-si-fermi-tutto\/"]}]},{"@type":"ImageObject","inLanguage":"it-IT","@id":"https:\/\/progettotouring.it\/radiotouring104\/2024\/04\/17\/ponte-sullo-stretto-pazzano-la-strada-criticita-enormi-ormai-emerse-si-fermi-tutto\/#primaryimage","url":"https:\/\/progettotouring.it\/radiotouring104\/wp-content\/uploads\/sites\/6\/2023\/01\/Saverio-Pazzano.jpg","contentUrl":"https:\/\/progettotouring.it\/radiotouring104\/wp-content\/uploads\/sites\/6\/2023\/01\/Saverio-Pazzano.jpg","width":1280,"height":854},{"@type":"BreadcrumbList","@id":"https:\/\/progettotouring.it\/radiotouring104\/2024\/04\/17\/ponte-sullo-stretto-pazzano-la-strada-criticita-enormi-ormai-emerse-si-fermi-tutto\/#breadcrumb","itemListElement":[{"@type":"ListItem","position":1,"name":"Home","item":"https:\/\/progettotouring.it\/radiotouring104\/"},{"@type":"ListItem","position":2,"name":"Ponte sullo Stretto, Pazzano (La Strada): &#8220;Criticit\u00e0 enormi ormai emerse, si fermi tutto&#8221;"}]},{"@type":"WebSite","@id":"https:\/\/progettotouring.it\/radiotouring104\/#website","url":"https:\/\/progettotouring.it\/radiotouring104\/","name":"Radio Touring 104","description":"La prima radio Reggina","publisher":{"@id":"https:\/\/progettotouring.it\/radiotouring104\/#organization"},"potentialAction":[{"@type":"SearchAction","target":{"@type":"EntryPoint","urlTemplate":"https:\/\/progettotouring.it\/radiotouring104\/?s={search_term_string}"},"query-input":{"@type":"PropertyValueSpecification","valueRequired":true,"valueName":"search_term_string"}}],"inLanguage":"it-IT"},{"@type":"Organization","@id":"https:\/\/progettotouring.it\/radiotouring104\/#organization","name":"Radio Touring 104","url":"https:\/\/progettotouring.it\/radiotouring104\/","logo":{"@type":"ImageObject","inLanguage":"it-IT","@id":"https:\/\/progettotouring.it\/radiotouring104\/#\/schema\/logo\/image\/","url":"https:\/\/progettotouring.it\/radiotouring104\/wp-content\/uploads\/sites\/6\/2022\/02\/cropped-logo-radio-touring-104.png","contentUrl":"https:\/\/progettotouring.it\/radiotouring104\/wp-content\/uploads\/sites\/6\/2022\/02\/cropped-logo-radio-touring-104.png","width":377,"height":182,"caption":"Radio Touring 104"},"image":{"@id":"https:\/\/progettotouring.it\/radiotouring104\/#\/schema\/logo\/image\/"}},{"@type":"Person","@id":"https:\/\/progettotouring.it\/radiotouring104\/#\/schema\/person\/78613917f1851f041f7483f5af1d422e","name":"Sebastiano Plutino","image":{"@type":"ImageObject","inLanguage":"it-IT","@id":"https:\/\/secure.gravatar.com\/avatar\/0546ffaa9b79224faf9f2a156b67a529ae861d3287c66c1d8ccfdf909bcba78d?s=96&d=mm&r=g","url":"https:\/\/secure.gravatar.com\/avatar\/0546ffaa9b79224faf9f2a156b67a529ae861d3287c66c1d8ccfdf909bcba78d?s=96&d=mm&r=g","contentUrl":"https:\/\/secure.gravatar.com\/avatar\/0546ffaa9b79224faf9f2a156b67a529ae861d3287c66c1d8ccfdf909bcba78d?s=96&d=mm&r=g","caption":"Sebastiano Plutino"},"url":"https:\/\/progettotouring.it\/radiotouring104\/author\/sebastiano\/"}]}},"jetpack_publicize_connections":[],"jetpack_featured_media_url":"https:\/\/progettotouring.it\/radiotouring104\/wp-content\/uploads\/sites\/6\/2023\/01\/Saverio-Pazzano.jpg","jetpack_sharing_enabled":true,"_links":{"self":[{"href":"https:\/\/progettotouring.it\/radiotouring104\/wp-json\/wp\/v2\/posts\/49433","targetHints":{"allow":["GET"]}}],"collection":[{"href":"https:\/\/progettotouring.it\/radiotouring104\/wp-json\/wp\/v2\/posts"}],"about":[{"href":"https:\/\/progettotouring.it\/radiotouring104\/wp-json\/wp\/v2\/types\/post"}],"author":[{"embeddable":true,"href":"https:\/\/progettotouring.it\/radiotouring104\/wp-json\/wp\/v2\/users\/12"}],"replies":[{"embeddable":true,"href":"https:\/\/progettotouring.it\/radiotouring104\/wp-json\/wp\/v2\/comments?post=49433"}],"version-history":[{"count":1,"href":"https:\/\/progettotouring.it\/radiotouring104\/wp-json\/wp\/v2\/posts\/49433\/revisions"}],"predecessor-version":[{"id":49434,"href":"https:\/\/progettotouring.it\/radiotouring104\/wp-json\/wp\/v2\/posts\/49433\/revisions\/49434"}],"wp:featuredmedia":[{"embeddable":true,"href":"https:\/\/progettotouring.it\/radiotouring104\/wp-json\/wp\/v2\/media\/16782"}],"wp:attachment":[{"href":"https:\/\/progettotouring.it\/radiotouring104\/wp-json\/wp\/v2\/media?parent=49433"}],"wp:term":[{"taxonomy":"category","embeddable":true,"href":"https:\/\/progettotouring.it\/radiotouring104\/wp-json\/wp\/v2\/categories?post=49433"},{"taxonomy":"post_tag","embeddable":true,"href":"https:\/\/progettotouring.it\/radiotouring104\/wp-json\/wp\/v2\/tags?post=49433"}],"curies":[{"name":"wp","href":"https:\/\/api.w.org\/{rel}","templated":true}]}}