{"id":49448,"date":"2024-04-17T11:09:37","date_gmt":"2024-04-17T09:09:37","guid":{"rendered":"https:\/\/progettotouring.it\/radiotouring104\/?p=49448"},"modified":"2024-04-17T11:09:37","modified_gmt":"2024-04-17T09:09:37","slug":"castrovillari-celebrata-la-festa-regionale-della-polizia-penitenziaria","status":"publish","type":"post","link":"https:\/\/progettotouring.it\/radiotouring104\/2024\/04\/17\/castrovillari-celebrata-la-festa-regionale-della-polizia-penitenziaria\/","title":{"rendered":"Castrovillari: celebrata la Festa regionale della Polizia penitenziaria"},"content":{"rendered":"<p style=\"text-align: justify\">\u00c9 stata celebrata nel Protoconvento francescano di Castrovillari la Festa regionale della polizia penitenziaria, in occasione del 207\/mo anniversario della fondazione del Corpo.<\/p>\n<p style=\"text-align: justify\"><em>&#8220;Si tratta di un appuntamento per noi molto sentito &#8211;<\/em><strong> ha detto, nel suo intervento, il Provveditore regionale dell&#8217;amministrazione penitenziaria, Liberato Guerriero <\/strong><em>&#8211; perch\u00e9 ci consente di farci conoscere e di farci vedere dalla cittadinanza, che, ovviamente, anche se \u00e8 interessata alle vicende del carcere, ci segue sempre con la dovuta distanza. Oggi \u00e8 una giornata importante perch\u00e9 portiamo un problema che \u00e8 di interesse nazionale, quello del recupero delle persone condannate, all&#8217;attenzione di tutta la cittadinanza proprio perch\u00e9 l&#8217;amministrazione penitenziaria ha bisogno che tutti i soggetti istituzionali facciano la loro parte&#8221;.<\/em><\/p>\n<p style=\"text-align: justify\"><strong>Guerriero<\/strong>, parlando con i giornalisti a margine della cerimonia, <strong>ha detto che<\/strong> <em>&#8220;la situazione nelle carceri calabresi non \u00e8 delle migliori. Le nostre strutture sono sovraffollate e non riescono a contenere la quantit\u00e0 di detenuti che vi sono ristretti. Quindi, a maggior ragione, va valorizzato il lavoro e l&#8217;impegno di chi porta avanti, comunque, le carceri, spesso con risorse di organico non sufficienti ed in condizioni strutturali non sempre all&#8217;altezza della situazione. Posso dire, comunque, che la Calabria non \u00e9 messa poi tanto male. Per quanto ci riguarda, facciamo del nostro meglio. La nostra speranza \u00e9 di avere in futuro qualche agevolazione sia in termini di organico che di riduzione delle presenze negli istituti&#8221;.<\/em><\/p>\n<p style=\"text-align: justify\"><strong>Il comandante<\/strong> del reparto di polizia penitenziaria,<strong> Carmine Di Giacomo, ha detto che<\/strong> <em>&#8220;anche nel carcere di Castrovillari, come un po&#8217; in tutti gli istituti, si registra un sovraffollamento, pur se non a livelli altissimi. Tutto sommato, comunque, grazie al clima collaborativo che c&#8217;\u00e8, riusciamo comunque a lavorare bene&#8221;.<\/em><\/p>\n<p style=\"text-align: justify\"><em>&#8220;Gli agenti della polizia penitenziaria &#8211;<\/em><strong> ha detto il direttore del carcere di Castrovillari, Giuseppe Carr\u00e0 <\/strong><em><strong>&#8211;<\/strong> sono uomini e donne speciali perch\u00e9 fanno un lavoro alquanto difficile vivendo a contatto con le persone e non con le carte.<\/em><\/p>\n<p style=\"text-align: justify\"><em>C&#8217;\u00e9 in loro, comunque, la fierezza dell&#8217;appartenenza, con umanit\u00e0 e professionalit\u00e0. Vivono accanto al recluso, giorno dopo giorno, tutte le difficolt\u00e0 quotidiane, compresa quella della restrizione penitenziaria e non si occupano soltanto di custodire le persone ma anche di aiutarle nel superare momenti di difficolt\u00e0&#8221;.<\/em><\/p>\n","protected":false},"excerpt":{"rendered":"<p>\u00c9 stata celebrata nel Protoconvento francescano di Castrovillari la Festa regionale della polizia penitenziaria, in occasione del 207\/mo anniversario della fondazione del Corpo. &#8220;Si tratta di un appuntamento per noi&hellip;<\/p>\n","protected":false},"author":12,"featured_media":28396,"comment_status":"closed","ping_status":"open","sticky":false,"template":"","format":"standard","meta":{"_jetpack_memberships_contains_paid_content":false,"footnotes":"","jetpack_publicize_message":"","jetpack_publicize_feature_enabled":true,"jetpack_social_post_already_shared":false,"jetpack_social_options":{"image_generator_settings":{"template":"highway","default_image_id":0,"font":"","enabled":false},"version":2}},"categories":[142,921,196],"tags":[5673,5131,30376,5431,30375],"class_list":["post-49448","post","type-post","status-publish","format-standard","has-post-thumbnail","hentry","category-calabria","category-home","category-news","tag-castrovillari","tag-festa-regionale","tag-liberato-guerriero","tag-polizia-penitenziaria","tag-protoconvento-francescano-di-castrovillari"],"yoast_head":"<!-- This site is optimized with the Yoast SEO plugin v27.2 - https:\/\/yoast.com\/product\/yoast-seo-wordpress\/ -->\n<title>Castrovillari: celebrata la Festa regionale della Polizia penitenziaria<\/title>\n<meta name=\"description\" content=\"Celebrata nel Protoconvento francescano di Castrovillari la Festa regionale della polizia penitenziaria, per 207\/mo anniversario del Corpo.\" \/>\n<meta name=\"robots\" content=\"index, follow, max-snippet:-1, max-image-preview:large, max-video-preview:-1\" \/>\n<link rel=\"canonical\" href=\"https:\/\/progettotouring.it\/radiotouring104\/2024\/04\/17\/castrovillari-celebrata-la-festa-regionale-della-polizia-penitenziaria\/\" \/>\n<meta property=\"og:locale\" content=\"it_IT\" \/>\n<meta property=\"og:type\" content=\"article\" \/>\n<meta property=\"og:title\" content=\"Castrovillari: celebrata la Festa regionale della Polizia penitenziaria\" \/>\n<meta property=\"og:description\" content=\"Celebrata nel Protoconvento francescano di Castrovillari la Festa regionale della polizia penitenziaria, per 207\/mo anniversario del Corpo.\" \/>\n<meta property=\"og:url\" content=\"https:\/\/progettotouring.it\/radiotouring104\/2024\/04\/17\/castrovillari-celebrata-la-festa-regionale-della-polizia-penitenziaria\/\" \/>\n<meta property=\"og:site_name\" content=\"Radio Touring 104\" \/>\n<meta property=\"article:published_time\" content=\"2024-04-17T09:09:37+00:00\" \/>\n<meta property=\"og:image\" content=\"https:\/\/progettotouring.it\/radiotouring104\/wp-content\/uploads\/sites\/6\/2023\/06\/SAPPE-Sindacato-Polizia-Penitenziaria.jpg\" \/>\n\t<meta property=\"og:image:width\" content=\"640\" \/>\n\t<meta property=\"og:image:height\" content=\"640\" \/>\n\t<meta property=\"og:image:type\" content=\"image\/jpeg\" \/>\n<meta name=\"author\" content=\"Sebastiano Plutino\" \/>\n<meta name=\"twitter:card\" content=\"summary_large_image\" \/>\n<meta name=\"twitter:label1\" content=\"Scritto da\" \/>\n\t<meta name=\"twitter:data1\" content=\"Sebastiano Plutino\" \/>\n\t<meta name=\"twitter:label2\" content=\"Tempo di lettura stimato\" \/>\n\t<meta name=\"twitter:data2\" content=\"2 minuti\" \/>\n<script type=\"application\/ld+json\" class=\"yoast-schema-graph\">{\"@context\":\"https:\/\/schema.org\",\"@graph\":[{\"@type\":\"Article\",\"@id\":\"https:\/\/progettotouring.it\/radiotouring104\/2024\/04\/17\/castrovillari-celebrata-la-festa-regionale-della-polizia-penitenziaria\/#article\",\"isPartOf\":{\"@id\":\"https:\/\/progettotouring.it\/radiotouring104\/2024\/04\/17\/castrovillari-celebrata-la-festa-regionale-della-polizia-penitenziaria\/\"},\"author\":{\"name\":\"Sebastiano Plutino\",\"@id\":\"https:\/\/progettotouring.it\/radiotouring104\/#\/schema\/person\/78613917f1851f041f7483f5af1d422e\"},\"headline\":\"Castrovillari: celebrata la Festa regionale della Polizia penitenziaria\",\"datePublished\":\"2024-04-17T09:09:37+00:00\",\"mainEntityOfPage\":{\"@id\":\"https:\/\/progettotouring.it\/radiotouring104\/2024\/04\/17\/castrovillari-celebrata-la-festa-regionale-della-polizia-penitenziaria\/\"},\"wordCount\":363,\"publisher\":{\"@id\":\"https:\/\/progettotouring.it\/radiotouring104\/#organization\"},\"image\":{\"@id\":\"https:\/\/progettotouring.it\/radiotouring104\/2024\/04\/17\/castrovillari-celebrata-la-festa-regionale-della-polizia-penitenziaria\/#primaryimage\"},\"thumbnailUrl\":\"https:\/\/progettotouring.it\/radiotouring104\/wp-content\/uploads\/sites\/6\/2023\/06\/SAPPE-Sindacato-Polizia-Penitenziaria.jpg\",\"keywords\":[\"castrovillari\",\"festa regionale\",\"Liberato Guerriero\",\"Polizia penitenziaria\",\"Protoconvento francescano di Castrovillari\"],\"articleSection\":[\"Calabria\",\"Home\",\"News\"],\"inLanguage\":\"it-IT\"},{\"@type\":\"WebPage\",\"@id\":\"https:\/\/progettotouring.it\/radiotouring104\/2024\/04\/17\/castrovillari-celebrata-la-festa-regionale-della-polizia-penitenziaria\/\",\"url\":\"https:\/\/progettotouring.it\/radiotouring104\/2024\/04\/17\/castrovillari-celebrata-la-festa-regionale-della-polizia-penitenziaria\/\",\"name\":\"Castrovillari: celebrata la Festa regionale della Polizia penitenziaria\",\"isPartOf\":{\"@id\":\"https:\/\/progettotouring.it\/radiotouring104\/#website\"},\"primaryImageOfPage\":{\"@id\":\"https:\/\/progettotouring.it\/radiotouring104\/2024\/04\/17\/castrovillari-celebrata-la-festa-regionale-della-polizia-penitenziaria\/#primaryimage\"},\"image\":{\"@id\":\"https:\/\/progettotouring.it\/radiotouring104\/2024\/04\/17\/castrovillari-celebrata-la-festa-regionale-della-polizia-penitenziaria\/#primaryimage\"},\"thumbnailUrl\":\"https:\/\/progettotouring.it\/radiotouring104\/wp-content\/uploads\/sites\/6\/2023\/06\/SAPPE-Sindacato-Polizia-Penitenziaria.jpg\",\"datePublished\":\"2024-04-17T09:09:37+00:00\",\"description\":\"Celebrata nel Protoconvento francescano di Castrovillari la Festa regionale della polizia penitenziaria, per 207\/mo anniversario del Corpo.\",\"breadcrumb\":{\"@id\":\"https:\/\/progettotouring.it\/radiotouring104\/2024\/04\/17\/castrovillari-celebrata-la-festa-regionale-della-polizia-penitenziaria\/#breadcrumb\"},\"inLanguage\":\"it-IT\",\"potentialAction\":[{\"@type\":\"ReadAction\",\"target\":[\"https:\/\/progettotouring.it\/radiotouring104\/2024\/04\/17\/castrovillari-celebrata-la-festa-regionale-della-polizia-penitenziaria\/\"]}]},{\"@type\":\"ImageObject\",\"inLanguage\":\"it-IT\",\"@id\":\"https:\/\/progettotouring.it\/radiotouring104\/2024\/04\/17\/castrovillari-celebrata-la-festa-regionale-della-polizia-penitenziaria\/#primaryimage\",\"url\":\"https:\/\/progettotouring.it\/radiotouring104\/wp-content\/uploads\/sites\/6\/2023\/06\/SAPPE-Sindacato-Polizia-Penitenziaria.jpg\",\"contentUrl\":\"https:\/\/progettotouring.it\/radiotouring104\/wp-content\/uploads\/sites\/6\/2023\/06\/SAPPE-Sindacato-Polizia-Penitenziaria.jpg\",\"width\":640,\"height\":640},{\"@type\":\"BreadcrumbList\",\"@id\":\"https:\/\/progettotouring.it\/radiotouring104\/2024\/04\/17\/castrovillari-celebrata-la-festa-regionale-della-polizia-penitenziaria\/#breadcrumb\",\"itemListElement\":[{\"@type\":\"ListItem\",\"position\":1,\"name\":\"Home\",\"item\":\"https:\/\/progettotouring.it\/radiotouring104\/\"},{\"@type\":\"ListItem\",\"position\":2,\"name\":\"Castrovillari: celebrata la Festa regionale della Polizia penitenziaria\"}]},{\"@type\":\"WebSite\",\"@id\":\"https:\/\/progettotouring.it\/radiotouring104\/#website\",\"url\":\"https:\/\/progettotouring.it\/radiotouring104\/\",\"name\":\"Radio Touring 104\",\"description\":\"La prima radio Reggina\",\"publisher\":{\"@id\":\"https:\/\/progettotouring.it\/radiotouring104\/#organization\"},\"potentialAction\":[{\"@type\":\"SearchAction\",\"target\":{\"@type\":\"EntryPoint\",\"urlTemplate\":\"https:\/\/progettotouring.it\/radiotouring104\/?s={search_term_string}\"},\"query-input\":{\"@type\":\"PropertyValueSpecification\",\"valueRequired\":true,\"valueName\":\"search_term_string\"}}],\"inLanguage\":\"it-IT\"},{\"@type\":\"Organization\",\"@id\":\"https:\/\/progettotouring.it\/radiotouring104\/#organization\",\"name\":\"Radio Touring 104\",\"url\":\"https:\/\/progettotouring.it\/radiotouring104\/\",\"logo\":{\"@type\":\"ImageObject\",\"inLanguage\":\"it-IT\",\"@id\":\"https:\/\/progettotouring.it\/radiotouring104\/#\/schema\/logo\/image\/\",\"url\":\"https:\/\/progettotouring.it\/radiotouring104\/wp-content\/uploads\/sites\/6\/2022\/02\/cropped-logo-radio-touring-104.png\",\"contentUrl\":\"https:\/\/progettotouring.it\/radiotouring104\/wp-content\/uploads\/sites\/6\/2022\/02\/cropped-logo-radio-touring-104.png\",\"width\":377,\"height\":182,\"caption\":\"Radio Touring 104\"},\"image\":{\"@id\":\"https:\/\/progettotouring.it\/radiotouring104\/#\/schema\/logo\/image\/\"}},{\"@type\":\"Person\",\"@id\":\"https:\/\/progettotouring.it\/radiotouring104\/#\/schema\/person\/78613917f1851f041f7483f5af1d422e\",\"name\":\"Sebastiano Plutino\",\"image\":{\"@type\":\"ImageObject\",\"inLanguage\":\"it-IT\",\"@id\":\"https:\/\/secure.gravatar.com\/avatar\/0546ffaa9b79224faf9f2a156b67a529ae861d3287c66c1d8ccfdf909bcba78d?s=96&d=mm&r=g\",\"url\":\"https:\/\/secure.gravatar.com\/avatar\/0546ffaa9b79224faf9f2a156b67a529ae861d3287c66c1d8ccfdf909bcba78d?s=96&d=mm&r=g\",\"contentUrl\":\"https:\/\/secure.gravatar.com\/avatar\/0546ffaa9b79224faf9f2a156b67a529ae861d3287c66c1d8ccfdf909bcba78d?s=96&d=mm&r=g\",\"caption\":\"Sebastiano Plutino\"},\"url\":\"https:\/\/progettotouring.it\/radiotouring104\/author\/sebastiano\/\"}]}<\/script>\n<!-- \/ Yoast SEO plugin. -->","yoast_head_json":{"title":"Castrovillari: celebrata la Festa regionale della Polizia penitenziaria","description":"Celebrata nel Protoconvento francescano di Castrovillari la Festa regionale della polizia penitenziaria, per 207\/mo anniversario del Corpo.","robots":{"index":"index","follow":"follow","max-snippet":"max-snippet:-1","max-image-preview":"max-image-preview:large","max-video-preview":"max-video-preview:-1"},"canonical":"https:\/\/progettotouring.it\/radiotouring104\/2024\/04\/17\/castrovillari-celebrata-la-festa-regionale-della-polizia-penitenziaria\/","og_locale":"it_IT","og_type":"article","og_title":"Castrovillari: celebrata la Festa regionale della Polizia penitenziaria","og_description":"Celebrata nel Protoconvento francescano di Castrovillari la Festa regionale della polizia penitenziaria, per 207\/mo anniversario del Corpo.","og_url":"https:\/\/progettotouring.it\/radiotouring104\/2024\/04\/17\/castrovillari-celebrata-la-festa-regionale-della-polizia-penitenziaria\/","og_site_name":"Radio Touring 104","article_published_time":"2024-04-17T09:09:37+00:00","og_image":[{"width":640,"height":640,"url":"https:\/\/progettotouring.it\/radiotouring104\/wp-content\/uploads\/sites\/6\/2023\/06\/SAPPE-Sindacato-Polizia-Penitenziaria.jpg","type":"image\/jpeg"}],"author":"Sebastiano Plutino","twitter_card":"summary_large_image","twitter_misc":{"Scritto da":"Sebastiano Plutino","Tempo di lettura stimato":"2 minuti"},"schema":{"@context":"https:\/\/schema.org","@graph":[{"@type":"Article","@id":"https:\/\/progettotouring.it\/radiotouring104\/2024\/04\/17\/castrovillari-celebrata-la-festa-regionale-della-polizia-penitenziaria\/#article","isPartOf":{"@id":"https:\/\/progettotouring.it\/radiotouring104\/2024\/04\/17\/castrovillari-celebrata-la-festa-regionale-della-polizia-penitenziaria\/"},"author":{"name":"Sebastiano Plutino","@id":"https:\/\/progettotouring.it\/radiotouring104\/#\/schema\/person\/78613917f1851f041f7483f5af1d422e"},"headline":"Castrovillari: celebrata la Festa regionale della Polizia penitenziaria","datePublished":"2024-04-17T09:09:37+00:00","mainEntityOfPage":{"@id":"https:\/\/progettotouring.it\/radiotouring104\/2024\/04\/17\/castrovillari-celebrata-la-festa-regionale-della-polizia-penitenziaria\/"},"wordCount":363,"publisher":{"@id":"https:\/\/progettotouring.it\/radiotouring104\/#organization"},"image":{"@id":"https:\/\/progettotouring.it\/radiotouring104\/2024\/04\/17\/castrovillari-celebrata-la-festa-regionale-della-polizia-penitenziaria\/#primaryimage"},"thumbnailUrl":"https:\/\/progettotouring.it\/radiotouring104\/wp-content\/uploads\/sites\/6\/2023\/06\/SAPPE-Sindacato-Polizia-Penitenziaria.jpg","keywords":["castrovillari","festa regionale","Liberato Guerriero","Polizia penitenziaria","Protoconvento francescano di Castrovillari"],"articleSection":["Calabria","Home","News"],"inLanguage":"it-IT"},{"@type":"WebPage","@id":"https:\/\/progettotouring.it\/radiotouring104\/2024\/04\/17\/castrovillari-celebrata-la-festa-regionale-della-polizia-penitenziaria\/","url":"https:\/\/progettotouring.it\/radiotouring104\/2024\/04\/17\/castrovillari-celebrata-la-festa-regionale-della-polizia-penitenziaria\/","name":"Castrovillari: celebrata la Festa regionale della Polizia penitenziaria","isPartOf":{"@id":"https:\/\/progettotouring.it\/radiotouring104\/#website"},"primaryImageOfPage":{"@id":"https:\/\/progettotouring.it\/radiotouring104\/2024\/04\/17\/castrovillari-celebrata-la-festa-regionale-della-polizia-penitenziaria\/#primaryimage"},"image":{"@id":"https:\/\/progettotouring.it\/radiotouring104\/2024\/04\/17\/castrovillari-celebrata-la-festa-regionale-della-polizia-penitenziaria\/#primaryimage"},"thumbnailUrl":"https:\/\/progettotouring.it\/radiotouring104\/wp-content\/uploads\/sites\/6\/2023\/06\/SAPPE-Sindacato-Polizia-Penitenziaria.jpg","datePublished":"2024-04-17T09:09:37+00:00","description":"Celebrata nel Protoconvento francescano di Castrovillari la Festa regionale della polizia penitenziaria, per 207\/mo anniversario del Corpo.","breadcrumb":{"@id":"https:\/\/progettotouring.it\/radiotouring104\/2024\/04\/17\/castrovillari-celebrata-la-festa-regionale-della-polizia-penitenziaria\/#breadcrumb"},"inLanguage":"it-IT","potentialAction":[{"@type":"ReadAction","target":["https:\/\/progettotouring.it\/radiotouring104\/2024\/04\/17\/castrovillari-celebrata-la-festa-regionale-della-polizia-penitenziaria\/"]}]},{"@type":"ImageObject","inLanguage":"it-IT","@id":"https:\/\/progettotouring.it\/radiotouring104\/2024\/04\/17\/castrovillari-celebrata-la-festa-regionale-della-polizia-penitenziaria\/#primaryimage","url":"https:\/\/progettotouring.it\/radiotouring104\/wp-content\/uploads\/sites\/6\/2023\/06\/SAPPE-Sindacato-Polizia-Penitenziaria.jpg","contentUrl":"https:\/\/progettotouring.it\/radiotouring104\/wp-content\/uploads\/sites\/6\/2023\/06\/SAPPE-Sindacato-Polizia-Penitenziaria.jpg","width":640,"height":640},{"@type":"BreadcrumbList","@id":"https:\/\/progettotouring.it\/radiotouring104\/2024\/04\/17\/castrovillari-celebrata-la-festa-regionale-della-polizia-penitenziaria\/#breadcrumb","itemListElement":[{"@type":"ListItem","position":1,"name":"Home","item":"https:\/\/progettotouring.it\/radiotouring104\/"},{"@type":"ListItem","position":2,"name":"Castrovillari: celebrata la Festa regionale della Polizia penitenziaria"}]},{"@type":"WebSite","@id":"https:\/\/progettotouring.it\/radiotouring104\/#website","url":"https:\/\/progettotouring.it\/radiotouring104\/","name":"Radio Touring 104","description":"La prima radio Reggina","publisher":{"@id":"https:\/\/progettotouring.it\/radiotouring104\/#organization"},"potentialAction":[{"@type":"SearchAction","target":{"@type":"EntryPoint","urlTemplate":"https:\/\/progettotouring.it\/radiotouring104\/?s={search_term_string}"},"query-input":{"@type":"PropertyValueSpecification","valueRequired":true,"valueName":"search_term_string"}}],"inLanguage":"it-IT"},{"@type":"Organization","@id":"https:\/\/progettotouring.it\/radiotouring104\/#organization","name":"Radio Touring 104","url":"https:\/\/progettotouring.it\/radiotouring104\/","logo":{"@type":"ImageObject","inLanguage":"it-IT","@id":"https:\/\/progettotouring.it\/radiotouring104\/#\/schema\/logo\/image\/","url":"https:\/\/progettotouring.it\/radiotouring104\/wp-content\/uploads\/sites\/6\/2022\/02\/cropped-logo-radio-touring-104.png","contentUrl":"https:\/\/progettotouring.it\/radiotouring104\/wp-content\/uploads\/sites\/6\/2022\/02\/cropped-logo-radio-touring-104.png","width":377,"height":182,"caption":"Radio Touring 104"},"image":{"@id":"https:\/\/progettotouring.it\/radiotouring104\/#\/schema\/logo\/image\/"}},{"@type":"Person","@id":"https:\/\/progettotouring.it\/radiotouring104\/#\/schema\/person\/78613917f1851f041f7483f5af1d422e","name":"Sebastiano Plutino","image":{"@type":"ImageObject","inLanguage":"it-IT","@id":"https:\/\/secure.gravatar.com\/avatar\/0546ffaa9b79224faf9f2a156b67a529ae861d3287c66c1d8ccfdf909bcba78d?s=96&d=mm&r=g","url":"https:\/\/secure.gravatar.com\/avatar\/0546ffaa9b79224faf9f2a156b67a529ae861d3287c66c1d8ccfdf909bcba78d?s=96&d=mm&r=g","contentUrl":"https:\/\/secure.gravatar.com\/avatar\/0546ffaa9b79224faf9f2a156b67a529ae861d3287c66c1d8ccfdf909bcba78d?s=96&d=mm&r=g","caption":"Sebastiano Plutino"},"url":"https:\/\/progettotouring.it\/radiotouring104\/author\/sebastiano\/"}]}},"jetpack_publicize_connections":[],"jetpack_featured_media_url":"https:\/\/progettotouring.it\/radiotouring104\/wp-content\/uploads\/sites\/6\/2023\/06\/SAPPE-Sindacato-Polizia-Penitenziaria.jpg","jetpack_sharing_enabled":true,"_links":{"self":[{"href":"https:\/\/progettotouring.it\/radiotouring104\/wp-json\/wp\/v2\/posts\/49448","targetHints":{"allow":["GET"]}}],"collection":[{"href":"https:\/\/progettotouring.it\/radiotouring104\/wp-json\/wp\/v2\/posts"}],"about":[{"href":"https:\/\/progettotouring.it\/radiotouring104\/wp-json\/wp\/v2\/types\/post"}],"author":[{"embeddable":true,"href":"https:\/\/progettotouring.it\/radiotouring104\/wp-json\/wp\/v2\/users\/12"}],"replies":[{"embeddable":true,"href":"https:\/\/progettotouring.it\/radiotouring104\/wp-json\/wp\/v2\/comments?post=49448"}],"version-history":[{"count":1,"href":"https:\/\/progettotouring.it\/radiotouring104\/wp-json\/wp\/v2\/posts\/49448\/revisions"}],"predecessor-version":[{"id":49449,"href":"https:\/\/progettotouring.it\/radiotouring104\/wp-json\/wp\/v2\/posts\/49448\/revisions\/49449"}],"wp:featuredmedia":[{"embeddable":true,"href":"https:\/\/progettotouring.it\/radiotouring104\/wp-json\/wp\/v2\/media\/28396"}],"wp:attachment":[{"href":"https:\/\/progettotouring.it\/radiotouring104\/wp-json\/wp\/v2\/media?parent=49448"}],"wp:term":[{"taxonomy":"category","embeddable":true,"href":"https:\/\/progettotouring.it\/radiotouring104\/wp-json\/wp\/v2\/categories?post=49448"},{"taxonomy":"post_tag","embeddable":true,"href":"https:\/\/progettotouring.it\/radiotouring104\/wp-json\/wp\/v2\/tags?post=49448"}],"curies":[{"name":"wp","href":"https:\/\/api.w.org\/{rel}","templated":true}]}}