{"id":49460,"date":"2024-04-17T11:49:49","date_gmt":"2024-04-17T09:49:49","guid":{"rendered":"https:\/\/progettotouring.it\/radiotouring104\/?p=49460"},"modified":"2024-04-17T11:49:49","modified_gmt":"2024-04-17T09:49:49","slug":"legge-194-bruzzese-attacca-il-governo-meloni-sul-diritto-allaborto","status":"publish","type":"post","link":"https:\/\/progettotouring.it\/radiotouring104\/2024\/04\/17\/legge-194-bruzzese-attacca-il-governo-meloni-sul-diritto-allaborto\/","title":{"rendered":"Legge 194: Bruzzese attacca il Governo Meloni sul Diritto all&#8217;Aborto"},"content":{"rendered":"<p style=\"text-align: justify\"><strong>La mortificazione dei diritti \u00e8 la missione del governo:<\/strong> una destra che a colpi di emendamenti, Decreti Legislativi, manganellate e ispezioni punitive ha accerchiato la democrazia e attaccato la Costituzione per impedire ogni libert\u00e0 di scelta. Mentre qualche settimana fa la Francia inseriva l\u2019aborto nella Costituzione e pochi giorni fa il Parlamento Europeo votava una risoluzione chiedendo di inserire all\u2019art. 3 della Carta dei Diritti fondamentali dell\u2019UE l\u2019aborto sicuro e legale,<strong> il governo Meloni organizzava un silenzioso assalto all\u2019autodeterminazione delle donne,<\/strong> attraverso l\u2019emendamento al PNRR, con tanto di questione la fiducia, che garantirebbe la presenza constante delle associazioni pro-life \u201cqualificate\u201d nei consultori ai fini persuasivi e morali a sostegno della maternit\u00e0, finanziandole attivamente con i fondi del Pnrr, sottraendo peraltro ulteriori risorse alla sanit\u00e0 pubblica. La questione va vista in maniera dualistica perch\u00e9 di fatto i consultori forniscono gi\u00e0 assistenza alle donne che valutano l\u2019aborto e che poi scelgono di portare avanti la gravidanza attraverso psicologi e assistenti sociali, mettendo questi ultimi in contatto le donne con associazioni che forniscono beni di prima necessit\u00e0 e che l\u2019obiezione di coscienza \u00e8 gi\u00e0 garantita dalla legge, tanto \u00e8 che in alcune regioni vi \u00e8 la difficolt\u00e0 a reperire medici non obiettori di coscienza: allora per caso la necessit\u00e0 di questo emendamento \u00e8 forse finanziare realt\u00e0 vicine al governo che abbiano nella loro mission l\u2019obiettivo di limitare i diritti delle donne, <strong>causando ulteriore dolore ed umiliazione alle donne che praticano una scelta difficile come l\u2019aborto?<\/strong> Obbligare una donna ad ascoltare il battito cardiaco del feto o inviare un moralizzatore che stigmatizzi i sensi di colpa \u00e8 la strada di un governo debole, incapace di garantire i diritti nella piena autonomia e nel rispetto dei propri cittadini: questa si traduce come l\u2019ennesima offesa ai diritti delle donne ed \u00e8 necessario ribadire forte e chiaro un concetto fondamentale inerente la persona come quello della differenziazione di declinazione fra maschile e femminile.<\/p>\n<p style=\"text-align: justify\"><strong>La gravidanza riguarda la donna<\/strong>, nella sua totale interezza ed ha un impatto psico-fisico che non pu\u00f2 essere inquadrato nella definizione di integrit\u00e0 della persona.<strong> Nessun emendamento pu\u00f2 regolare e regolamentare il controllo delle donne circa il proprio corpo,<\/strong> l\u2018aborto \u00e8 sempre una decisione sofferta che mette di per s\u00e9 la donna in una condizione di fragilit\u00e0 psicologica e che lascia inevitabilmente strascichi. Un governo che di fatto ha paura del popolo e che quindi lo colpisce minandone le possibilit\u00e0 di scelta, restringendo giorno dopo giorno la possibilit\u00e0 di autodeterminazione in quadro di legalit\u00e0 attraverso provvedimenti &#8211; figli di una cultura del rifiuto del riconoscimento dell\u2019identit\u00e0 femminile, della giustizia sociale e dell\u2019equit\u00e0 &#8211; che limitino sempre pi\u00f9 le condizioni di soggettivit\u00e0 libere e autonome. Allora risulta quanto mai attuale quanto detto nel 1981 dal palco di Firenze alla manifestazione in favore della 194 da Enrico Berlinguer: &lt;&gt;. La libert\u00e0 delle donne fa paura ad un mondo reazionario e suprematista, un mondo soggiogato dalle biopolitiche fino alle complesse dinamiche della globalizzazione, inclusa le guerre: dobbiamo lottare, serve una grande mobilitazione per l\u2019inviolabilit\u00e0 della libert\u00e0 degli individui. <strong>Le scelte del governo ci chiamano ad una lotta continua, senza che si arretri mai di un passo, per difendere giorno per giorno i diritti delle donne,<\/strong> dei pi\u00f9 deboli, perch\u00e9 \u00e8 quanto mai evidente che in questa societ\u00e0 dare per acquisiti definitivamente dei diritti civili sia sbagliato. La battaglia sul diritto all\u2019aborto sia la battaglia di tutti, e assuma il valore di difesa di un patrimonio culturale. Lavoriamo allora , ad una mobilitazione costante, unitaria e generale.<\/p>\n","protected":false},"excerpt":{"rendered":"<p>La mortificazione dei diritti \u00e8 la missione del governo: una destra che a colpi di emendamenti, Decreti Legislativi, manganellate e ispezioni punitive ha accerchiato la democrazia e attaccato la Costituzione&hellip;<\/p>\n","protected":false},"author":12,"featured_media":49027,"comment_status":"closed","ping_status":"open","sticky":false,"template":"","format":"standard","meta":{"_jetpack_memberships_contains_paid_content":false,"footnotes":"","jetpack_publicize_message":"","jetpack_publicize_feature_enabled":true,"jetpack_social_post_already_shared":false,"jetpack_social_options":{"image_generator_settings":{"template":"highway","default_image_id":0,"font":"","enabled":false},"version":2}},"categories":[921,196,140],"tags":[30387,5686,30388,30142,4207],"class_list":["post-49460","post","type-post","status-publish","format-standard","has-post-thumbnail","hentry","category-home","category-news","category-reggio-calabria","tag-diritto-allaborto","tag-governo-meloni","tag-legge-194","tag-pd-metropolitano","tag-tania-bruzzese"],"yoast_head":"<!-- This site is optimized with the Yoast SEO plugin v27.2 - https:\/\/yoast.com\/product\/yoast-seo-wordpress\/ -->\n<title>Legge 194: Bruzzese attacca il Governo Meloni sul Diritto all&#039;Aborto<\/title>\n<meta name=\"description\" content=\"&quot;La battaglia sul diritto all\u2019aborto sia la battaglia di tutti&quot;, dichiara la Presidente del Pd Metropolitano Tania Bruzzese\" \/>\n<meta name=\"robots\" content=\"index, follow, max-snippet:-1, max-image-preview:large, max-video-preview:-1\" \/>\n<link rel=\"canonical\" href=\"https:\/\/progettotouring.it\/radiotouring104\/2024\/04\/17\/legge-194-bruzzese-attacca-il-governo-meloni-sul-diritto-allaborto\/\" \/>\n<meta property=\"og:locale\" content=\"it_IT\" \/>\n<meta property=\"og:type\" content=\"article\" \/>\n<meta property=\"og:title\" content=\"Legge 194: Bruzzese attacca il Governo Meloni sul Diritto all&#039;Aborto\" \/>\n<meta property=\"og:description\" content=\"&quot;La battaglia sul diritto all\u2019aborto sia la battaglia di tutti&quot;, dichiara la Presidente del Pd Metropolitano Tania Bruzzese\" \/>\n<meta property=\"og:url\" content=\"https:\/\/progettotouring.it\/radiotouring104\/2024\/04\/17\/legge-194-bruzzese-attacca-il-governo-meloni-sul-diritto-allaborto\/\" \/>\n<meta property=\"og:site_name\" content=\"Radio Touring 104\" \/>\n<meta property=\"article:published_time\" content=\"2024-04-17T09:49:49+00:00\" \/>\n<meta property=\"og:image\" content=\"https:\/\/progettotouring.it\/radiotouring104\/wp-content\/uploads\/sites\/6\/2024\/04\/Tania-Bruzzese-Pd-Metropolitano.jpg\" \/>\n\t<meta property=\"og:image:width\" content=\"1149\" \/>\n\t<meta property=\"og:image:height\" content=\"891\" \/>\n\t<meta property=\"og:image:type\" content=\"image\/jpeg\" \/>\n<meta name=\"author\" content=\"Sebastiano Plutino\" \/>\n<meta name=\"twitter:card\" content=\"summary_large_image\" \/>\n<meta name=\"twitter:label1\" content=\"Scritto da\" \/>\n\t<meta name=\"twitter:data1\" content=\"Sebastiano Plutino\" \/>\n\t<meta name=\"twitter:label2\" content=\"Tempo di lettura stimato\" \/>\n\t<meta name=\"twitter:data2\" content=\"3 minuti\" \/>\n<script type=\"application\/ld+json\" class=\"yoast-schema-graph\">{\"@context\":\"https:\/\/schema.org\",\"@graph\":[{\"@type\":\"Article\",\"@id\":\"https:\/\/progettotouring.it\/radiotouring104\/2024\/04\/17\/legge-194-bruzzese-attacca-il-governo-meloni-sul-diritto-allaborto\/#article\",\"isPartOf\":{\"@id\":\"https:\/\/progettotouring.it\/radiotouring104\/2024\/04\/17\/legge-194-bruzzese-attacca-il-governo-meloni-sul-diritto-allaborto\/\"},\"author\":{\"name\":\"Sebastiano Plutino\",\"@id\":\"https:\/\/progettotouring.it\/radiotouring104\/#\/schema\/person\/78613917f1851f041f7483f5af1d422e\"},\"headline\":\"Legge 194: Bruzzese attacca il Governo Meloni sul Diritto all&#8217;Aborto\",\"datePublished\":\"2024-04-17T09:49:49+00:00\",\"mainEntityOfPage\":{\"@id\":\"https:\/\/progettotouring.it\/radiotouring104\/2024\/04\/17\/legge-194-bruzzese-attacca-il-governo-meloni-sul-diritto-allaborto\/\"},\"wordCount\":592,\"publisher\":{\"@id\":\"https:\/\/progettotouring.it\/radiotouring104\/#organization\"},\"image\":{\"@id\":\"https:\/\/progettotouring.it\/radiotouring104\/2024\/04\/17\/legge-194-bruzzese-attacca-il-governo-meloni-sul-diritto-allaborto\/#primaryimage\"},\"thumbnailUrl\":\"https:\/\/progettotouring.it\/radiotouring104\/wp-content\/uploads\/sites\/6\/2024\/04\/Tania-Bruzzese-Pd-Metropolitano.jpg\",\"keywords\":[\"Diritto all'Aborto\",\"governo meloni\",\"legge 194\",\"PD Metropolitano\",\"Tania Bruzzese\"],\"articleSection\":[\"Home\",\"News\",\"Reggio Calabria\"],\"inLanguage\":\"it-IT\"},{\"@type\":\"WebPage\",\"@id\":\"https:\/\/progettotouring.it\/radiotouring104\/2024\/04\/17\/legge-194-bruzzese-attacca-il-governo-meloni-sul-diritto-allaborto\/\",\"url\":\"https:\/\/progettotouring.it\/radiotouring104\/2024\/04\/17\/legge-194-bruzzese-attacca-il-governo-meloni-sul-diritto-allaborto\/\",\"name\":\"Legge 194: Bruzzese attacca il Governo Meloni sul Diritto all'Aborto\",\"isPartOf\":{\"@id\":\"https:\/\/progettotouring.it\/radiotouring104\/#website\"},\"primaryImageOfPage\":{\"@id\":\"https:\/\/progettotouring.it\/radiotouring104\/2024\/04\/17\/legge-194-bruzzese-attacca-il-governo-meloni-sul-diritto-allaborto\/#primaryimage\"},\"image\":{\"@id\":\"https:\/\/progettotouring.it\/radiotouring104\/2024\/04\/17\/legge-194-bruzzese-attacca-il-governo-meloni-sul-diritto-allaborto\/#primaryimage\"},\"thumbnailUrl\":\"https:\/\/progettotouring.it\/radiotouring104\/wp-content\/uploads\/sites\/6\/2024\/04\/Tania-Bruzzese-Pd-Metropolitano.jpg\",\"datePublished\":\"2024-04-17T09:49:49+00:00\",\"description\":\"\\\"La battaglia sul diritto all\u2019aborto sia la battaglia di tutti\\\", dichiara la Presidente del Pd Metropolitano Tania Bruzzese\",\"breadcrumb\":{\"@id\":\"https:\/\/progettotouring.it\/radiotouring104\/2024\/04\/17\/legge-194-bruzzese-attacca-il-governo-meloni-sul-diritto-allaborto\/#breadcrumb\"},\"inLanguage\":\"it-IT\",\"potentialAction\":[{\"@type\":\"ReadAction\",\"target\":[\"https:\/\/progettotouring.it\/radiotouring104\/2024\/04\/17\/legge-194-bruzzese-attacca-il-governo-meloni-sul-diritto-allaborto\/\"]}]},{\"@type\":\"ImageObject\",\"inLanguage\":\"it-IT\",\"@id\":\"https:\/\/progettotouring.it\/radiotouring104\/2024\/04\/17\/legge-194-bruzzese-attacca-il-governo-meloni-sul-diritto-allaborto\/#primaryimage\",\"url\":\"https:\/\/progettotouring.it\/radiotouring104\/wp-content\/uploads\/sites\/6\/2024\/04\/Tania-Bruzzese-Pd-Metropolitano.jpg\",\"contentUrl\":\"https:\/\/progettotouring.it\/radiotouring104\/wp-content\/uploads\/sites\/6\/2024\/04\/Tania-Bruzzese-Pd-Metropolitano.jpg\",\"width\":1149,\"height\":891},{\"@type\":\"BreadcrumbList\",\"@id\":\"https:\/\/progettotouring.it\/radiotouring104\/2024\/04\/17\/legge-194-bruzzese-attacca-il-governo-meloni-sul-diritto-allaborto\/#breadcrumb\",\"itemListElement\":[{\"@type\":\"ListItem\",\"position\":1,\"name\":\"Home\",\"item\":\"https:\/\/progettotouring.it\/radiotouring104\/\"},{\"@type\":\"ListItem\",\"position\":2,\"name\":\"Legge 194: Bruzzese attacca il Governo Meloni sul Diritto all&#8217;Aborto\"}]},{\"@type\":\"WebSite\",\"@id\":\"https:\/\/progettotouring.it\/radiotouring104\/#website\",\"url\":\"https:\/\/progettotouring.it\/radiotouring104\/\",\"name\":\"Radio Touring 104\",\"description\":\"La prima radio Reggina\",\"publisher\":{\"@id\":\"https:\/\/progettotouring.it\/radiotouring104\/#organization\"},\"potentialAction\":[{\"@type\":\"SearchAction\",\"target\":{\"@type\":\"EntryPoint\",\"urlTemplate\":\"https:\/\/progettotouring.it\/radiotouring104\/?s={search_term_string}\"},\"query-input\":{\"@type\":\"PropertyValueSpecification\",\"valueRequired\":true,\"valueName\":\"search_term_string\"}}],\"inLanguage\":\"it-IT\"},{\"@type\":\"Organization\",\"@id\":\"https:\/\/progettotouring.it\/radiotouring104\/#organization\",\"name\":\"Radio Touring 104\",\"url\":\"https:\/\/progettotouring.it\/radiotouring104\/\",\"logo\":{\"@type\":\"ImageObject\",\"inLanguage\":\"it-IT\",\"@id\":\"https:\/\/progettotouring.it\/radiotouring104\/#\/schema\/logo\/image\/\",\"url\":\"https:\/\/progettotouring.it\/radiotouring104\/wp-content\/uploads\/sites\/6\/2022\/02\/cropped-logo-radio-touring-104.png\",\"contentUrl\":\"https:\/\/progettotouring.it\/radiotouring104\/wp-content\/uploads\/sites\/6\/2022\/02\/cropped-logo-radio-touring-104.png\",\"width\":377,\"height\":182,\"caption\":\"Radio Touring 104\"},\"image\":{\"@id\":\"https:\/\/progettotouring.it\/radiotouring104\/#\/schema\/logo\/image\/\"}},{\"@type\":\"Person\",\"@id\":\"https:\/\/progettotouring.it\/radiotouring104\/#\/schema\/person\/78613917f1851f041f7483f5af1d422e\",\"name\":\"Sebastiano Plutino\",\"image\":{\"@type\":\"ImageObject\",\"inLanguage\":\"it-IT\",\"@id\":\"https:\/\/secure.gravatar.com\/avatar\/0546ffaa9b79224faf9f2a156b67a529ae861d3287c66c1d8ccfdf909bcba78d?s=96&d=mm&r=g\",\"url\":\"https:\/\/secure.gravatar.com\/avatar\/0546ffaa9b79224faf9f2a156b67a529ae861d3287c66c1d8ccfdf909bcba78d?s=96&d=mm&r=g\",\"contentUrl\":\"https:\/\/secure.gravatar.com\/avatar\/0546ffaa9b79224faf9f2a156b67a529ae861d3287c66c1d8ccfdf909bcba78d?s=96&d=mm&r=g\",\"caption\":\"Sebastiano Plutino\"},\"url\":\"https:\/\/progettotouring.it\/radiotouring104\/author\/sebastiano\/\"}]}<\/script>\n<!-- \/ Yoast SEO plugin. -->","yoast_head_json":{"title":"Legge 194: Bruzzese attacca il Governo Meloni sul Diritto all'Aborto","description":"\"La battaglia sul diritto all\u2019aborto sia la battaglia di tutti\", dichiara la Presidente del Pd Metropolitano Tania Bruzzese","robots":{"index":"index","follow":"follow","max-snippet":"max-snippet:-1","max-image-preview":"max-image-preview:large","max-video-preview":"max-video-preview:-1"},"canonical":"https:\/\/progettotouring.it\/radiotouring104\/2024\/04\/17\/legge-194-bruzzese-attacca-il-governo-meloni-sul-diritto-allaborto\/","og_locale":"it_IT","og_type":"article","og_title":"Legge 194: Bruzzese attacca il Governo Meloni sul Diritto all'Aborto","og_description":"\"La battaglia sul diritto all\u2019aborto sia la battaglia di tutti\", dichiara la Presidente del Pd Metropolitano Tania Bruzzese","og_url":"https:\/\/progettotouring.it\/radiotouring104\/2024\/04\/17\/legge-194-bruzzese-attacca-il-governo-meloni-sul-diritto-allaborto\/","og_site_name":"Radio Touring 104","article_published_time":"2024-04-17T09:49:49+00:00","og_image":[{"width":1149,"height":891,"url":"https:\/\/progettotouring.it\/radiotouring104\/wp-content\/uploads\/sites\/6\/2024\/04\/Tania-Bruzzese-Pd-Metropolitano.jpg","type":"image\/jpeg"}],"author":"Sebastiano Plutino","twitter_card":"summary_large_image","twitter_misc":{"Scritto da":"Sebastiano Plutino","Tempo di lettura stimato":"3 minuti"},"schema":{"@context":"https:\/\/schema.org","@graph":[{"@type":"Article","@id":"https:\/\/progettotouring.it\/radiotouring104\/2024\/04\/17\/legge-194-bruzzese-attacca-il-governo-meloni-sul-diritto-allaborto\/#article","isPartOf":{"@id":"https:\/\/progettotouring.it\/radiotouring104\/2024\/04\/17\/legge-194-bruzzese-attacca-il-governo-meloni-sul-diritto-allaborto\/"},"author":{"name":"Sebastiano Plutino","@id":"https:\/\/progettotouring.it\/radiotouring104\/#\/schema\/person\/78613917f1851f041f7483f5af1d422e"},"headline":"Legge 194: Bruzzese attacca il Governo Meloni sul Diritto all&#8217;Aborto","datePublished":"2024-04-17T09:49:49+00:00","mainEntityOfPage":{"@id":"https:\/\/progettotouring.it\/radiotouring104\/2024\/04\/17\/legge-194-bruzzese-attacca-il-governo-meloni-sul-diritto-allaborto\/"},"wordCount":592,"publisher":{"@id":"https:\/\/progettotouring.it\/radiotouring104\/#organization"},"image":{"@id":"https:\/\/progettotouring.it\/radiotouring104\/2024\/04\/17\/legge-194-bruzzese-attacca-il-governo-meloni-sul-diritto-allaborto\/#primaryimage"},"thumbnailUrl":"https:\/\/progettotouring.it\/radiotouring104\/wp-content\/uploads\/sites\/6\/2024\/04\/Tania-Bruzzese-Pd-Metropolitano.jpg","keywords":["Diritto all'Aborto","governo meloni","legge 194","PD Metropolitano","Tania Bruzzese"],"articleSection":["Home","News","Reggio Calabria"],"inLanguage":"it-IT"},{"@type":"WebPage","@id":"https:\/\/progettotouring.it\/radiotouring104\/2024\/04\/17\/legge-194-bruzzese-attacca-il-governo-meloni-sul-diritto-allaborto\/","url":"https:\/\/progettotouring.it\/radiotouring104\/2024\/04\/17\/legge-194-bruzzese-attacca-il-governo-meloni-sul-diritto-allaborto\/","name":"Legge 194: Bruzzese attacca il Governo Meloni sul Diritto all'Aborto","isPartOf":{"@id":"https:\/\/progettotouring.it\/radiotouring104\/#website"},"primaryImageOfPage":{"@id":"https:\/\/progettotouring.it\/radiotouring104\/2024\/04\/17\/legge-194-bruzzese-attacca-il-governo-meloni-sul-diritto-allaborto\/#primaryimage"},"image":{"@id":"https:\/\/progettotouring.it\/radiotouring104\/2024\/04\/17\/legge-194-bruzzese-attacca-il-governo-meloni-sul-diritto-allaborto\/#primaryimage"},"thumbnailUrl":"https:\/\/progettotouring.it\/radiotouring104\/wp-content\/uploads\/sites\/6\/2024\/04\/Tania-Bruzzese-Pd-Metropolitano.jpg","datePublished":"2024-04-17T09:49:49+00:00","description":"\"La battaglia sul diritto all\u2019aborto sia la battaglia di tutti\", dichiara la Presidente del Pd Metropolitano Tania Bruzzese","breadcrumb":{"@id":"https:\/\/progettotouring.it\/radiotouring104\/2024\/04\/17\/legge-194-bruzzese-attacca-il-governo-meloni-sul-diritto-allaborto\/#breadcrumb"},"inLanguage":"it-IT","potentialAction":[{"@type":"ReadAction","target":["https:\/\/progettotouring.it\/radiotouring104\/2024\/04\/17\/legge-194-bruzzese-attacca-il-governo-meloni-sul-diritto-allaborto\/"]}]},{"@type":"ImageObject","inLanguage":"it-IT","@id":"https:\/\/progettotouring.it\/radiotouring104\/2024\/04\/17\/legge-194-bruzzese-attacca-il-governo-meloni-sul-diritto-allaborto\/#primaryimage","url":"https:\/\/progettotouring.it\/radiotouring104\/wp-content\/uploads\/sites\/6\/2024\/04\/Tania-Bruzzese-Pd-Metropolitano.jpg","contentUrl":"https:\/\/progettotouring.it\/radiotouring104\/wp-content\/uploads\/sites\/6\/2024\/04\/Tania-Bruzzese-Pd-Metropolitano.jpg","width":1149,"height":891},{"@type":"BreadcrumbList","@id":"https:\/\/progettotouring.it\/radiotouring104\/2024\/04\/17\/legge-194-bruzzese-attacca-il-governo-meloni-sul-diritto-allaborto\/#breadcrumb","itemListElement":[{"@type":"ListItem","position":1,"name":"Home","item":"https:\/\/progettotouring.it\/radiotouring104\/"},{"@type":"ListItem","position":2,"name":"Legge 194: Bruzzese attacca il Governo Meloni sul Diritto all&#8217;Aborto"}]},{"@type":"WebSite","@id":"https:\/\/progettotouring.it\/radiotouring104\/#website","url":"https:\/\/progettotouring.it\/radiotouring104\/","name":"Radio Touring 104","description":"La prima radio Reggina","publisher":{"@id":"https:\/\/progettotouring.it\/radiotouring104\/#organization"},"potentialAction":[{"@type":"SearchAction","target":{"@type":"EntryPoint","urlTemplate":"https:\/\/progettotouring.it\/radiotouring104\/?s={search_term_string}"},"query-input":{"@type":"PropertyValueSpecification","valueRequired":true,"valueName":"search_term_string"}}],"inLanguage":"it-IT"},{"@type":"Organization","@id":"https:\/\/progettotouring.it\/radiotouring104\/#organization","name":"Radio Touring 104","url":"https:\/\/progettotouring.it\/radiotouring104\/","logo":{"@type":"ImageObject","inLanguage":"it-IT","@id":"https:\/\/progettotouring.it\/radiotouring104\/#\/schema\/logo\/image\/","url":"https:\/\/progettotouring.it\/radiotouring104\/wp-content\/uploads\/sites\/6\/2022\/02\/cropped-logo-radio-touring-104.png","contentUrl":"https:\/\/progettotouring.it\/radiotouring104\/wp-content\/uploads\/sites\/6\/2022\/02\/cropped-logo-radio-touring-104.png","width":377,"height":182,"caption":"Radio Touring 104"},"image":{"@id":"https:\/\/progettotouring.it\/radiotouring104\/#\/schema\/logo\/image\/"}},{"@type":"Person","@id":"https:\/\/progettotouring.it\/radiotouring104\/#\/schema\/person\/78613917f1851f041f7483f5af1d422e","name":"Sebastiano Plutino","image":{"@type":"ImageObject","inLanguage":"it-IT","@id":"https:\/\/secure.gravatar.com\/avatar\/0546ffaa9b79224faf9f2a156b67a529ae861d3287c66c1d8ccfdf909bcba78d?s=96&d=mm&r=g","url":"https:\/\/secure.gravatar.com\/avatar\/0546ffaa9b79224faf9f2a156b67a529ae861d3287c66c1d8ccfdf909bcba78d?s=96&d=mm&r=g","contentUrl":"https:\/\/secure.gravatar.com\/avatar\/0546ffaa9b79224faf9f2a156b67a529ae861d3287c66c1d8ccfdf909bcba78d?s=96&d=mm&r=g","caption":"Sebastiano Plutino"},"url":"https:\/\/progettotouring.it\/radiotouring104\/author\/sebastiano\/"}]}},"jetpack_publicize_connections":[],"jetpack_featured_media_url":"https:\/\/progettotouring.it\/radiotouring104\/wp-content\/uploads\/sites\/6\/2024\/04\/Tania-Bruzzese-Pd-Metropolitano.jpg","jetpack_sharing_enabled":true,"_links":{"self":[{"href":"https:\/\/progettotouring.it\/radiotouring104\/wp-json\/wp\/v2\/posts\/49460","targetHints":{"allow":["GET"]}}],"collection":[{"href":"https:\/\/progettotouring.it\/radiotouring104\/wp-json\/wp\/v2\/posts"}],"about":[{"href":"https:\/\/progettotouring.it\/radiotouring104\/wp-json\/wp\/v2\/types\/post"}],"author":[{"embeddable":true,"href":"https:\/\/progettotouring.it\/radiotouring104\/wp-json\/wp\/v2\/users\/12"}],"replies":[{"embeddable":true,"href":"https:\/\/progettotouring.it\/radiotouring104\/wp-json\/wp\/v2\/comments?post=49460"}],"version-history":[{"count":2,"href":"https:\/\/progettotouring.it\/radiotouring104\/wp-json\/wp\/v2\/posts\/49460\/revisions"}],"predecessor-version":[{"id":49462,"href":"https:\/\/progettotouring.it\/radiotouring104\/wp-json\/wp\/v2\/posts\/49460\/revisions\/49462"}],"wp:featuredmedia":[{"embeddable":true,"href":"https:\/\/progettotouring.it\/radiotouring104\/wp-json\/wp\/v2\/media\/49027"}],"wp:attachment":[{"href":"https:\/\/progettotouring.it\/radiotouring104\/wp-json\/wp\/v2\/media?parent=49460"}],"wp:term":[{"taxonomy":"category","embeddable":true,"href":"https:\/\/progettotouring.it\/radiotouring104\/wp-json\/wp\/v2\/categories?post=49460"},{"taxonomy":"post_tag","embeddable":true,"href":"https:\/\/progettotouring.it\/radiotouring104\/wp-json\/wp\/v2\/tags?post=49460"}],"curies":[{"name":"wp","href":"https:\/\/api.w.org\/{rel}","templated":true}]}}