{"id":49463,"date":"2024-04-17T12:05:18","date_gmt":"2024-04-17T10:05:18","guid":{"rendered":"https:\/\/progettotouring.it\/radiotouring104\/?p=49463"},"modified":"2024-04-17T12:05:18","modified_gmt":"2024-04-17T10:05:18","slug":"vibo-il-consigliere-alecci-partecipa-al-festival-del-sud-valentia-in-festa","status":"publish","type":"post","link":"https:\/\/progettotouring.it\/radiotouring104\/2024\/04\/17\/vibo-il-consigliere-alecci-partecipa-al-festival-del-sud-valentia-in-festa\/","title":{"rendered":"Vibo: il Consigliere Alecci partecipa al \u201cFestival del Sud \u2013 Valentia in festa\u201d"},"content":{"rendered":"<p style=\"text-align: justify\"><strong>Ho avuto il piacere, oggi, di partecipare al<\/strong><em> \u201cFestival del Sud \u2013 Valentia in festa\u201d<\/em> nella splendida cornice del Valentianum di Vibo Valentia. Sono stato felice di poter portare il mio contributo all\u2019interno del <strong>panel dal titolo<\/strong><em> \u201cI limiti non esistono. Le sfide che hanno cambiato la mia vita\u201d<\/em> <strong>in cui \u00e8 stato presentato l\u2019omonimo libro del paraciclista<\/strong> \u2013 triatleta Andrea Pusateri. Una bellissima giornata, ricca di significati in cui Andrea ha raccontato ai tantissimi giovani delle scuole presenti la sua esperienza, fatta di traumi, insicurezza, infortuni, incidenti, da cui per\u00f2 ha avuto sempre la forza di ripartire grazie alla sua esemplare forza di volont\u00e0 e all\u2019aiuto prezioso della sua famiglia e del suo allenatore.<\/p>\n<p style=\"text-align: justify\"><strong>Privo di una gamba \u00e8 riuscito a raggiungere incredibili traguardi sportivi<\/strong> anche in discipline durissime come il triathlon e l\u2019Iron Man. Una storia che mi ha molto toccato, anche perch\u00e9 raccontata con il sorriso sulle labbra e con un pizzico di autoironia. La storia di Andrea andrebbe raccontata nelle scuole, insieme alla lettura del suo libro. Mi auguro che la sua esperienza e la sua testimonianza possano essere di insegnamento a tanti giovani calabresi affinch\u00e8 trovino, anche nelle difficolt\u00e0, dentro di loro quella forza per emergere e realizzare i propri sogni, nello sport come in tante altre attivit\u00e0. Come \u00e8 emerso nel dibattito odierno, tanto c\u2019\u00e8 ancora da fare in questa nostra terra per garantire ai nostri giovani impianti, strutture e corsi di formazione adeguati, e in questo la politica deve assumere un ruolo primario. In fondo, come dice anche Andrea Pusateri, i limiti spesso esistono solo nella nostra testa!<\/p>\n<p style=\"text-align: justify\">Anche quest\u2019anno \u00e8, poi, doveroso fare un<strong> plauso all\u2019Associazione Valentia e al Presidente Anthony Lo Bianco<\/strong> per l\u2019ottima organizzazione della manifestazione, che ha fatto ancora una volta di Vibo un luogo privilegiato di incontri e dibattiti su tanti temi della nostra quotidianit\u00e0, grazie anche alla testimonianza diretta di numerosi ospiti di livello internazionale par la cultura, la musica, la politica, l\u2019imprenditoria, il sociale, lo sport. Una tre giorni molto interessante, capace di creare un valore aggiunto per tutto il territorio, grazie al continuo confronto diretto tra relatori, esperti e cittadini su temi sia locali che nazionali e internazionali.<\/p>\n<p style=\"text-align: justify\"><strong>\u00a0<\/strong><\/p>\n<p><strong>\u00a0<\/strong><\/p>\n<p><strong>\u00a0<\/strong><\/p>\n","protected":false},"excerpt":{"rendered":"<p>Ho avuto il piacere, oggi, di partecipare al \u201cFestival del Sud \u2013 Valentia in festa\u201d nella splendida cornice del Valentianum di Vibo Valentia. Sono stato felice di poter portare il&hellip;<\/p>\n","protected":false},"author":12,"featured_media":49464,"comment_status":"closed","ping_status":"open","sticky":false,"template":"","format":"standard","meta":{"_jetpack_memberships_contains_paid_content":false,"footnotes":"","jetpack_publicize_message":"","jetpack_publicize_feature_enabled":true,"jetpack_social_post_already_shared":false,"jetpack_social_options":{"image_generator_settings":{"template":"highway","default_image_id":0,"font":"","enabled":false},"version":2}},"categories":[142,921,196],"tags":[30391,30389,30390,3889],"class_list":["post-49463","post","type-post","status-publish","format-standard","has-post-thumbnail","hentry","category-calabria","category-home","category-news","tag-festival-del-sud-valentia-in-festa","tag-andrea-pusateri","tag-atleta-paralimpico","tag-ernesto-alecci"],"yoast_head":"<!-- This site is optimized with the Yoast SEO plugin v27.2 - https:\/\/yoast.com\/product\/yoast-seo-wordpress\/ -->\n<title>Alecci partecipa al \u201cFestival del Sud \u2013 Valentia in festa\u201d<\/title>\n<meta name=\"description\" content=\"Il panel dal titolo \u201cI limiti non esistono. Le sfide che hanno cambiato la mia vita\u201d in cui \u00e8 stato presentato il libro del paraciclista\" \/>\n<meta name=\"robots\" content=\"index, follow, max-snippet:-1, max-image-preview:large, max-video-preview:-1\" \/>\n<link rel=\"canonical\" href=\"https:\/\/progettotouring.it\/radiotouring104\/2024\/04\/17\/vibo-il-consigliere-alecci-partecipa-al-festival-del-sud-valentia-in-festa\/\" \/>\n<meta property=\"og:locale\" content=\"it_IT\" \/>\n<meta property=\"og:type\" content=\"article\" \/>\n<meta property=\"og:title\" content=\"Alecci partecipa al \u201cFestival del Sud \u2013 Valentia in festa\u201d\" \/>\n<meta property=\"og:description\" content=\"Il panel dal titolo \u201cI limiti non esistono. Le sfide che hanno cambiato la mia vita\u201d in cui \u00e8 stato presentato il libro del paraciclista\" \/>\n<meta property=\"og:url\" content=\"https:\/\/progettotouring.it\/radiotouring104\/2024\/04\/17\/vibo-il-consigliere-alecci-partecipa-al-festival-del-sud-valentia-in-festa\/\" \/>\n<meta property=\"og:site_name\" content=\"Radio Touring 104\" \/>\n<meta property=\"article:published_time\" content=\"2024-04-17T10:05:18+00:00\" \/>\n<meta property=\"og:image\" content=\"https:\/\/progettotouring.it\/radiotouring104\/wp-content\/uploads\/sites\/6\/2024\/04\/Alecci-a-Vibo-paraciclismo-scaled.jpg\" \/>\n\t<meta property=\"og:image:width\" content=\"2560\" \/>\n\t<meta property=\"og:image:height\" content=\"726\" \/>\n\t<meta property=\"og:image:type\" content=\"image\/jpeg\" \/>\n<meta name=\"author\" content=\"Sebastiano Plutino\" \/>\n<meta name=\"twitter:card\" content=\"summary_large_image\" \/>\n<meta name=\"twitter:label1\" content=\"Scritto da\" \/>\n\t<meta name=\"twitter:data1\" content=\"Sebastiano Plutino\" \/>\n\t<meta name=\"twitter:label2\" content=\"Tempo di lettura stimato\" \/>\n\t<meta name=\"twitter:data2\" content=\"2 minuti\" \/>\n<script type=\"application\/ld+json\" class=\"yoast-schema-graph\">{\"@context\":\"https:\/\/schema.org\",\"@graph\":[{\"@type\":\"Article\",\"@id\":\"https:\/\/progettotouring.it\/radiotouring104\/2024\/04\/17\/vibo-il-consigliere-alecci-partecipa-al-festival-del-sud-valentia-in-festa\/#article\",\"isPartOf\":{\"@id\":\"https:\/\/progettotouring.it\/radiotouring104\/2024\/04\/17\/vibo-il-consigliere-alecci-partecipa-al-festival-del-sud-valentia-in-festa\/\"},\"author\":{\"name\":\"Sebastiano Plutino\",\"@id\":\"https:\/\/progettotouring.it\/radiotouring104\/#\/schema\/person\/78613917f1851f041f7483f5af1d422e\"},\"headline\":\"Vibo: il Consigliere Alecci partecipa al \u201cFestival del Sud \u2013 Valentia in festa\u201d\",\"datePublished\":\"2024-04-17T10:05:18+00:00\",\"mainEntityOfPage\":{\"@id\":\"https:\/\/progettotouring.it\/radiotouring104\/2024\/04\/17\/vibo-il-consigliere-alecci-partecipa-al-festival-del-sud-valentia-in-festa\/\"},\"wordCount\":377,\"publisher\":{\"@id\":\"https:\/\/progettotouring.it\/radiotouring104\/#organization\"},\"image\":{\"@id\":\"https:\/\/progettotouring.it\/radiotouring104\/2024\/04\/17\/vibo-il-consigliere-alecci-partecipa-al-festival-del-sud-valentia-in-festa\/#primaryimage\"},\"thumbnailUrl\":\"https:\/\/progettotouring.it\/radiotouring104\/wp-content\/uploads\/sites\/6\/2024\/04\/Alecci-a-Vibo-paraciclismo-scaled.jpg\",\"keywords\":[\"\u201cFestival del Sud \u2013 Valentia in festa\u201d\",\"Andrea Pusateri\",\"atleta paralimpico\",\"Ernesto Alecci\"],\"articleSection\":[\"Calabria\",\"Home\",\"News\"],\"inLanguage\":\"it-IT\"},{\"@type\":\"WebPage\",\"@id\":\"https:\/\/progettotouring.it\/radiotouring104\/2024\/04\/17\/vibo-il-consigliere-alecci-partecipa-al-festival-del-sud-valentia-in-festa\/\",\"url\":\"https:\/\/progettotouring.it\/radiotouring104\/2024\/04\/17\/vibo-il-consigliere-alecci-partecipa-al-festival-del-sud-valentia-in-festa\/\",\"name\":\"Alecci partecipa al \u201cFestival del Sud \u2013 Valentia in festa\u201d\",\"isPartOf\":{\"@id\":\"https:\/\/progettotouring.it\/radiotouring104\/#website\"},\"primaryImageOfPage\":{\"@id\":\"https:\/\/progettotouring.it\/radiotouring104\/2024\/04\/17\/vibo-il-consigliere-alecci-partecipa-al-festival-del-sud-valentia-in-festa\/#primaryimage\"},\"image\":{\"@id\":\"https:\/\/progettotouring.it\/radiotouring104\/2024\/04\/17\/vibo-il-consigliere-alecci-partecipa-al-festival-del-sud-valentia-in-festa\/#primaryimage\"},\"thumbnailUrl\":\"https:\/\/progettotouring.it\/radiotouring104\/wp-content\/uploads\/sites\/6\/2024\/04\/Alecci-a-Vibo-paraciclismo-scaled.jpg\",\"datePublished\":\"2024-04-17T10:05:18+00:00\",\"description\":\"Il panel dal titolo \u201cI limiti non esistono. Le sfide che hanno cambiato la mia vita\u201d in cui \u00e8 stato presentato il libro del paraciclista\",\"breadcrumb\":{\"@id\":\"https:\/\/progettotouring.it\/radiotouring104\/2024\/04\/17\/vibo-il-consigliere-alecci-partecipa-al-festival-del-sud-valentia-in-festa\/#breadcrumb\"},\"inLanguage\":\"it-IT\",\"potentialAction\":[{\"@type\":\"ReadAction\",\"target\":[\"https:\/\/progettotouring.it\/radiotouring104\/2024\/04\/17\/vibo-il-consigliere-alecci-partecipa-al-festival-del-sud-valentia-in-festa\/\"]}]},{\"@type\":\"ImageObject\",\"inLanguage\":\"it-IT\",\"@id\":\"https:\/\/progettotouring.it\/radiotouring104\/2024\/04\/17\/vibo-il-consigliere-alecci-partecipa-al-festival-del-sud-valentia-in-festa\/#primaryimage\",\"url\":\"https:\/\/progettotouring.it\/radiotouring104\/wp-content\/uploads\/sites\/6\/2024\/04\/Alecci-a-Vibo-paraciclismo-scaled.jpg\",\"contentUrl\":\"https:\/\/progettotouring.it\/radiotouring104\/wp-content\/uploads\/sites\/6\/2024\/04\/Alecci-a-Vibo-paraciclismo-scaled.jpg\",\"width\":2560,\"height\":726},{\"@type\":\"BreadcrumbList\",\"@id\":\"https:\/\/progettotouring.it\/radiotouring104\/2024\/04\/17\/vibo-il-consigliere-alecci-partecipa-al-festival-del-sud-valentia-in-festa\/#breadcrumb\",\"itemListElement\":[{\"@type\":\"ListItem\",\"position\":1,\"name\":\"Home\",\"item\":\"https:\/\/progettotouring.it\/radiotouring104\/\"},{\"@type\":\"ListItem\",\"position\":2,\"name\":\"Vibo: il Consigliere Alecci partecipa al \u201cFestival del Sud \u2013 Valentia in festa\u201d\"}]},{\"@type\":\"WebSite\",\"@id\":\"https:\/\/progettotouring.it\/radiotouring104\/#website\",\"url\":\"https:\/\/progettotouring.it\/radiotouring104\/\",\"name\":\"Radio Touring 104\",\"description\":\"La prima radio Reggina\",\"publisher\":{\"@id\":\"https:\/\/progettotouring.it\/radiotouring104\/#organization\"},\"potentialAction\":[{\"@type\":\"SearchAction\",\"target\":{\"@type\":\"EntryPoint\",\"urlTemplate\":\"https:\/\/progettotouring.it\/radiotouring104\/?s={search_term_string}\"},\"query-input\":{\"@type\":\"PropertyValueSpecification\",\"valueRequired\":true,\"valueName\":\"search_term_string\"}}],\"inLanguage\":\"it-IT\"},{\"@type\":\"Organization\",\"@id\":\"https:\/\/progettotouring.it\/radiotouring104\/#organization\",\"name\":\"Radio Touring 104\",\"url\":\"https:\/\/progettotouring.it\/radiotouring104\/\",\"logo\":{\"@type\":\"ImageObject\",\"inLanguage\":\"it-IT\",\"@id\":\"https:\/\/progettotouring.it\/radiotouring104\/#\/schema\/logo\/image\/\",\"url\":\"https:\/\/progettotouring.it\/radiotouring104\/wp-content\/uploads\/sites\/6\/2022\/02\/cropped-logo-radio-touring-104.png\",\"contentUrl\":\"https:\/\/progettotouring.it\/radiotouring104\/wp-content\/uploads\/sites\/6\/2022\/02\/cropped-logo-radio-touring-104.png\",\"width\":377,\"height\":182,\"caption\":\"Radio Touring 104\"},\"image\":{\"@id\":\"https:\/\/progettotouring.it\/radiotouring104\/#\/schema\/logo\/image\/\"}},{\"@type\":\"Person\",\"@id\":\"https:\/\/progettotouring.it\/radiotouring104\/#\/schema\/person\/78613917f1851f041f7483f5af1d422e\",\"name\":\"Sebastiano Plutino\",\"image\":{\"@type\":\"ImageObject\",\"inLanguage\":\"it-IT\",\"@id\":\"https:\/\/secure.gravatar.com\/avatar\/0546ffaa9b79224faf9f2a156b67a529ae861d3287c66c1d8ccfdf909bcba78d?s=96&d=mm&r=g\",\"url\":\"https:\/\/secure.gravatar.com\/avatar\/0546ffaa9b79224faf9f2a156b67a529ae861d3287c66c1d8ccfdf909bcba78d?s=96&d=mm&r=g\",\"contentUrl\":\"https:\/\/secure.gravatar.com\/avatar\/0546ffaa9b79224faf9f2a156b67a529ae861d3287c66c1d8ccfdf909bcba78d?s=96&d=mm&r=g\",\"caption\":\"Sebastiano Plutino\"},\"url\":\"https:\/\/progettotouring.it\/radiotouring104\/author\/sebastiano\/\"}]}<\/script>\n<!-- \/ Yoast SEO plugin. -->","yoast_head_json":{"title":"Alecci partecipa al \u201cFestival del Sud \u2013 Valentia in festa\u201d","description":"Il panel dal titolo \u201cI limiti non esistono. Le sfide che hanno cambiato la mia vita\u201d in cui \u00e8 stato presentato il libro del paraciclista","robots":{"index":"index","follow":"follow","max-snippet":"max-snippet:-1","max-image-preview":"max-image-preview:large","max-video-preview":"max-video-preview:-1"},"canonical":"https:\/\/progettotouring.it\/radiotouring104\/2024\/04\/17\/vibo-il-consigliere-alecci-partecipa-al-festival-del-sud-valentia-in-festa\/","og_locale":"it_IT","og_type":"article","og_title":"Alecci partecipa al \u201cFestival del Sud \u2013 Valentia in festa\u201d","og_description":"Il panel dal titolo \u201cI limiti non esistono. Le sfide che hanno cambiato la mia vita\u201d in cui \u00e8 stato presentato il libro del paraciclista","og_url":"https:\/\/progettotouring.it\/radiotouring104\/2024\/04\/17\/vibo-il-consigliere-alecci-partecipa-al-festival-del-sud-valentia-in-festa\/","og_site_name":"Radio Touring 104","article_published_time":"2024-04-17T10:05:18+00:00","og_image":[{"width":2560,"height":726,"url":"https:\/\/progettotouring.it\/radiotouring104\/wp-content\/uploads\/sites\/6\/2024\/04\/Alecci-a-Vibo-paraciclismo-scaled.jpg","type":"image\/jpeg"}],"author":"Sebastiano Plutino","twitter_card":"summary_large_image","twitter_misc":{"Scritto da":"Sebastiano Plutino","Tempo di lettura stimato":"2 minuti"},"schema":{"@context":"https:\/\/schema.org","@graph":[{"@type":"Article","@id":"https:\/\/progettotouring.it\/radiotouring104\/2024\/04\/17\/vibo-il-consigliere-alecci-partecipa-al-festival-del-sud-valentia-in-festa\/#article","isPartOf":{"@id":"https:\/\/progettotouring.it\/radiotouring104\/2024\/04\/17\/vibo-il-consigliere-alecci-partecipa-al-festival-del-sud-valentia-in-festa\/"},"author":{"name":"Sebastiano Plutino","@id":"https:\/\/progettotouring.it\/radiotouring104\/#\/schema\/person\/78613917f1851f041f7483f5af1d422e"},"headline":"Vibo: il Consigliere Alecci partecipa al \u201cFestival del Sud \u2013 Valentia in festa\u201d","datePublished":"2024-04-17T10:05:18+00:00","mainEntityOfPage":{"@id":"https:\/\/progettotouring.it\/radiotouring104\/2024\/04\/17\/vibo-il-consigliere-alecci-partecipa-al-festival-del-sud-valentia-in-festa\/"},"wordCount":377,"publisher":{"@id":"https:\/\/progettotouring.it\/radiotouring104\/#organization"},"image":{"@id":"https:\/\/progettotouring.it\/radiotouring104\/2024\/04\/17\/vibo-il-consigliere-alecci-partecipa-al-festival-del-sud-valentia-in-festa\/#primaryimage"},"thumbnailUrl":"https:\/\/progettotouring.it\/radiotouring104\/wp-content\/uploads\/sites\/6\/2024\/04\/Alecci-a-Vibo-paraciclismo-scaled.jpg","keywords":["\u201cFestival del Sud \u2013 Valentia in festa\u201d","Andrea Pusateri","atleta paralimpico","Ernesto Alecci"],"articleSection":["Calabria","Home","News"],"inLanguage":"it-IT"},{"@type":"WebPage","@id":"https:\/\/progettotouring.it\/radiotouring104\/2024\/04\/17\/vibo-il-consigliere-alecci-partecipa-al-festival-del-sud-valentia-in-festa\/","url":"https:\/\/progettotouring.it\/radiotouring104\/2024\/04\/17\/vibo-il-consigliere-alecci-partecipa-al-festival-del-sud-valentia-in-festa\/","name":"Alecci partecipa al \u201cFestival del Sud \u2013 Valentia in festa\u201d","isPartOf":{"@id":"https:\/\/progettotouring.it\/radiotouring104\/#website"},"primaryImageOfPage":{"@id":"https:\/\/progettotouring.it\/radiotouring104\/2024\/04\/17\/vibo-il-consigliere-alecci-partecipa-al-festival-del-sud-valentia-in-festa\/#primaryimage"},"image":{"@id":"https:\/\/progettotouring.it\/radiotouring104\/2024\/04\/17\/vibo-il-consigliere-alecci-partecipa-al-festival-del-sud-valentia-in-festa\/#primaryimage"},"thumbnailUrl":"https:\/\/progettotouring.it\/radiotouring104\/wp-content\/uploads\/sites\/6\/2024\/04\/Alecci-a-Vibo-paraciclismo-scaled.jpg","datePublished":"2024-04-17T10:05:18+00:00","description":"Il panel dal titolo \u201cI limiti non esistono. Le sfide che hanno cambiato la mia vita\u201d in cui \u00e8 stato presentato il libro del paraciclista","breadcrumb":{"@id":"https:\/\/progettotouring.it\/radiotouring104\/2024\/04\/17\/vibo-il-consigliere-alecci-partecipa-al-festival-del-sud-valentia-in-festa\/#breadcrumb"},"inLanguage":"it-IT","potentialAction":[{"@type":"ReadAction","target":["https:\/\/progettotouring.it\/radiotouring104\/2024\/04\/17\/vibo-il-consigliere-alecci-partecipa-al-festival-del-sud-valentia-in-festa\/"]}]},{"@type":"ImageObject","inLanguage":"it-IT","@id":"https:\/\/progettotouring.it\/radiotouring104\/2024\/04\/17\/vibo-il-consigliere-alecci-partecipa-al-festival-del-sud-valentia-in-festa\/#primaryimage","url":"https:\/\/progettotouring.it\/radiotouring104\/wp-content\/uploads\/sites\/6\/2024\/04\/Alecci-a-Vibo-paraciclismo-scaled.jpg","contentUrl":"https:\/\/progettotouring.it\/radiotouring104\/wp-content\/uploads\/sites\/6\/2024\/04\/Alecci-a-Vibo-paraciclismo-scaled.jpg","width":2560,"height":726},{"@type":"BreadcrumbList","@id":"https:\/\/progettotouring.it\/radiotouring104\/2024\/04\/17\/vibo-il-consigliere-alecci-partecipa-al-festival-del-sud-valentia-in-festa\/#breadcrumb","itemListElement":[{"@type":"ListItem","position":1,"name":"Home","item":"https:\/\/progettotouring.it\/radiotouring104\/"},{"@type":"ListItem","position":2,"name":"Vibo: il Consigliere Alecci partecipa al \u201cFestival del Sud \u2013 Valentia in festa\u201d"}]},{"@type":"WebSite","@id":"https:\/\/progettotouring.it\/radiotouring104\/#website","url":"https:\/\/progettotouring.it\/radiotouring104\/","name":"Radio Touring 104","description":"La prima radio Reggina","publisher":{"@id":"https:\/\/progettotouring.it\/radiotouring104\/#organization"},"potentialAction":[{"@type":"SearchAction","target":{"@type":"EntryPoint","urlTemplate":"https:\/\/progettotouring.it\/radiotouring104\/?s={search_term_string}"},"query-input":{"@type":"PropertyValueSpecification","valueRequired":true,"valueName":"search_term_string"}}],"inLanguage":"it-IT"},{"@type":"Organization","@id":"https:\/\/progettotouring.it\/radiotouring104\/#organization","name":"Radio Touring 104","url":"https:\/\/progettotouring.it\/radiotouring104\/","logo":{"@type":"ImageObject","inLanguage":"it-IT","@id":"https:\/\/progettotouring.it\/radiotouring104\/#\/schema\/logo\/image\/","url":"https:\/\/progettotouring.it\/radiotouring104\/wp-content\/uploads\/sites\/6\/2022\/02\/cropped-logo-radio-touring-104.png","contentUrl":"https:\/\/progettotouring.it\/radiotouring104\/wp-content\/uploads\/sites\/6\/2022\/02\/cropped-logo-radio-touring-104.png","width":377,"height":182,"caption":"Radio Touring 104"},"image":{"@id":"https:\/\/progettotouring.it\/radiotouring104\/#\/schema\/logo\/image\/"}},{"@type":"Person","@id":"https:\/\/progettotouring.it\/radiotouring104\/#\/schema\/person\/78613917f1851f041f7483f5af1d422e","name":"Sebastiano Plutino","image":{"@type":"ImageObject","inLanguage":"it-IT","@id":"https:\/\/secure.gravatar.com\/avatar\/0546ffaa9b79224faf9f2a156b67a529ae861d3287c66c1d8ccfdf909bcba78d?s=96&d=mm&r=g","url":"https:\/\/secure.gravatar.com\/avatar\/0546ffaa9b79224faf9f2a156b67a529ae861d3287c66c1d8ccfdf909bcba78d?s=96&d=mm&r=g","contentUrl":"https:\/\/secure.gravatar.com\/avatar\/0546ffaa9b79224faf9f2a156b67a529ae861d3287c66c1d8ccfdf909bcba78d?s=96&d=mm&r=g","caption":"Sebastiano Plutino"},"url":"https:\/\/progettotouring.it\/radiotouring104\/author\/sebastiano\/"}]}},"jetpack_publicize_connections":[],"jetpack_featured_media_url":"https:\/\/progettotouring.it\/radiotouring104\/wp-content\/uploads\/sites\/6\/2024\/04\/Alecci-a-Vibo-paraciclismo-scaled.jpg","jetpack_sharing_enabled":true,"_links":{"self":[{"href":"https:\/\/progettotouring.it\/radiotouring104\/wp-json\/wp\/v2\/posts\/49463","targetHints":{"allow":["GET"]}}],"collection":[{"href":"https:\/\/progettotouring.it\/radiotouring104\/wp-json\/wp\/v2\/posts"}],"about":[{"href":"https:\/\/progettotouring.it\/radiotouring104\/wp-json\/wp\/v2\/types\/post"}],"author":[{"embeddable":true,"href":"https:\/\/progettotouring.it\/radiotouring104\/wp-json\/wp\/v2\/users\/12"}],"replies":[{"embeddable":true,"href":"https:\/\/progettotouring.it\/radiotouring104\/wp-json\/wp\/v2\/comments?post=49463"}],"version-history":[{"count":1,"href":"https:\/\/progettotouring.it\/radiotouring104\/wp-json\/wp\/v2\/posts\/49463\/revisions"}],"predecessor-version":[{"id":49465,"href":"https:\/\/progettotouring.it\/radiotouring104\/wp-json\/wp\/v2\/posts\/49463\/revisions\/49465"}],"wp:featuredmedia":[{"embeddable":true,"href":"https:\/\/progettotouring.it\/radiotouring104\/wp-json\/wp\/v2\/media\/49464"}],"wp:attachment":[{"href":"https:\/\/progettotouring.it\/radiotouring104\/wp-json\/wp\/v2\/media?parent=49463"}],"wp:term":[{"taxonomy":"category","embeddable":true,"href":"https:\/\/progettotouring.it\/radiotouring104\/wp-json\/wp\/v2\/categories?post=49463"},{"taxonomy":"post_tag","embeddable":true,"href":"https:\/\/progettotouring.it\/radiotouring104\/wp-json\/wp\/v2\/tags?post=49463"}],"curies":[{"name":"wp","href":"https:\/\/api.w.org\/{rel}","templated":true}]}}