{"id":49474,"date":"2024-04-17T12:30:14","date_gmt":"2024-04-17T10:30:14","guid":{"rendered":"https:\/\/progettotouring.it\/radiotouring104\/?p=49474"},"modified":"2024-04-17T12:30:14","modified_gmt":"2024-04-17T10:30:14","slug":"confindustria-giovani-rc-incontro-su-orizzonti-dellidrogeno","status":"publish","type":"post","link":"https:\/\/progettotouring.it\/radiotouring104\/2024\/04\/17\/confindustria-giovani-rc-incontro-su-orizzonti-dellidrogeno\/","title":{"rendered":"Confindustria Giovani Rc: incontro su orizzonti dell&#8217;idrogeno"},"content":{"rendered":"<p style=\"text-align: justify\"><strong>Gli orizzonti dell\u2019idrogeno al centro dell\u2019incontro organizzato dal gruppo giovani di Confindustria Reggio.<\/strong><\/p>\n<p style=\"text-align: justify\"><strong>Un argomento scelto per porre ancora una volta l\u2019accento sull\u2019importanza dei temi legati all\u2019ambiente e alla sostenibilit\u00e0.<\/strong> <em>\u201cIl nostro gruppo <\/em>\u2013 <strong>ha affermato Salvo Presentino, presidente dei Giovani Imprenditori Confindustria Reggio &#8211;<\/strong> <em>ha voluto questo evento per approfondire, cos\u00ec come specifica il titolo, gli orizzonti legati all\u2019idrogeno. L\u2019interesse da parte degli imprenditori, ma anche da parte dei cittadini, di saperne di pi\u00f9 \u00e8 molto alto, e grazie ad esperti del settore siamo riusciti ad esaminare meglio questo tema, e farlo nostro, con nuove idee ed iniziative. Il sogno \u00e8, infatti, <\/em>&#8211; ha concluso Presentino &#8211;<em> quello di poter avere nel nostro territorio metropolitano, una centrale ad idrogeno, magari rivisitando e ristrutturando l&#8217;impianto della vecchia centrale di Saline Joniche\u201d.<\/em><\/p>\n<p style=\"text-align: justify\"><strong>Dopo i saluti istituzionali, affidati<\/strong> al padrone di casa <strong>Presentino, e<\/strong> al presidente di Legambiente Reggio Calabria, <strong>Daniele Cartisano,<\/strong> tanti e molto interessanti gli interventi che si sono succeduti, moderati dal coordinatore dell\u2019evento, <strong>Dario Benedetto:<\/strong> Zeeshan Wadiwala, dell\u2019azienda Fattorie della Piana; Michele Polimeni, di APN Polimeni; Andrea Bos, presidente Hydrogen Park Marghera; Francesco Basile, docente dell\u2019Universit\u00e0 di Bologna; il consigliere comunale Francesco Barreca. Presente anche Ernesto Ferraro, Amministratore Unico Ferrovie della Calabria, che nel suo intervento, ha inteso sottolineare, che in Ferrovie della Calabria, <strong>questo percorso di attenzione particolare rivolta all&#8217;ambiente, sia in atto gi\u00e0 da tempo<\/strong>. <em>\u201cQuesto ci ha permesso <\/em>\u2013 <strong>ha sottolineato Ferraro<\/strong> &#8211;<em> oggi di essere avanti rispetto all&#8217;orizzonte generale che abbiamo intorno, soprattutto, grazie all&#8217;attenzione che la regione Calabria, con il governo attuale, ha avuto verso questi aspetti. Ferrovie, infatti, oggi vanta l&#8217;acquisto di 9 mezzi ad idrogeno, di grande innovazione, abbinati alla produzione del prezioso combustibile, in quanto produrr\u00e0, presso la propria sede di Cosenza, l&#8217;idrogeno che servir\u00e0 per alimentare questi treni. Un impianto all&#8217;avanguardia, unico nel suo genere nel nostro panorama, che si accoppia a quella che \u00e8 la modernizzazione della linea, che non sar\u00e0 quindi elettrificata, proprio perch\u00e9 utilizzeremo mezzi ad idrogeno. Un investimento complessivo che supera i 400 milioni di euro, uno degli investimenti pi\u00f9 grossi in Calabria nel settore trasporti, nella prospettiva del miglioramento continuo e dell&#8217;innovazione, in quanto la sostenibilit\u00e0 economica e ambientale, non possono non andare di pari passo\u201d. <\/em><\/p>\n","protected":false},"excerpt":{"rendered":"<p>Gli orizzonti dell\u2019idrogeno al centro dell\u2019incontro organizzato dal gruppo giovani di Confindustria Reggio. Un argomento scelto per porre ancora una volta l\u2019accento sull\u2019importanza dei temi legati all\u2019ambiente e alla sostenibilit\u00e0.&hellip;<\/p>\n","protected":false},"author":12,"featured_media":21034,"comment_status":"closed","ping_status":"open","sticky":false,"template":"","format":"standard","meta":{"_jetpack_memberships_contains_paid_content":false,"footnotes":"","jetpack_publicize_message":"","jetpack_publicize_feature_enabled":true,"jetpack_social_post_already_shared":false,"jetpack_social_options":{"image_generator_settings":{"template":"highway","default_image_id":0,"font":"","enabled":false},"version":2}},"categories":[921,196,140],"tags":[30397,1153,30398,9199],"class_list":["post-49474","post","type-post","status-publish","format-standard","has-post-thumbnail","hentry","category-home","category-news","category-reggio-calabria","tag-confindustria-giovani-rc","tag-domenico-vecchio","tag-orizzonti-dellidrogeno","tag-salvo-presentino"],"yoast_head":"<!-- This site is optimized with the Yoast SEO plugin v27.2 - https:\/\/yoast.com\/product\/yoast-seo-wordpress\/ -->\n<title>Confindustria Giovani Rc: incontro su orizzonti dell&#039;idrogeno<\/title>\n<meta name=\"description\" content=\"Gli orizzonti dell\u2019idrogeno al centro dell\u2019incontro. Un argomento scelto per porre l\u2019accento sull\u2019importanza dei temi legati all\u2019ambiente\" \/>\n<meta name=\"robots\" content=\"index, follow, max-snippet:-1, max-image-preview:large, max-video-preview:-1\" \/>\n<link rel=\"canonical\" href=\"https:\/\/progettotouring.it\/radiotouring104\/2024\/04\/17\/confindustria-giovani-rc-incontro-su-orizzonti-dellidrogeno\/\" \/>\n<meta property=\"og:locale\" content=\"it_IT\" \/>\n<meta property=\"og:type\" content=\"article\" \/>\n<meta property=\"og:title\" content=\"Confindustria Giovani Rc: incontro su orizzonti dell&#039;idrogeno\" \/>\n<meta property=\"og:description\" content=\"Gli orizzonti dell\u2019idrogeno al centro dell\u2019incontro. Un argomento scelto per porre l\u2019accento sull\u2019importanza dei temi legati all\u2019ambiente\" \/>\n<meta property=\"og:url\" content=\"https:\/\/progettotouring.it\/radiotouring104\/2024\/04\/17\/confindustria-giovani-rc-incontro-su-orizzonti-dellidrogeno\/\" \/>\n<meta property=\"og:site_name\" content=\"Radio Touring 104\" \/>\n<meta property=\"article:published_time\" content=\"2024-04-17T10:30:14+00:00\" \/>\n<meta property=\"og:image\" content=\"https:\/\/progettotouring.it\/radiotouring104\/wp-content\/uploads\/sites\/6\/2023\/03\/Logo-Confindustria.png\" \/>\n\t<meta property=\"og:image:width\" content=\"1000\" \/>\n\t<meta property=\"og:image:height\" content=\"1001\" \/>\n\t<meta property=\"og:image:type\" content=\"image\/png\" \/>\n<meta name=\"author\" content=\"Sebastiano Plutino\" \/>\n<meta name=\"twitter:card\" content=\"summary_large_image\" \/>\n<meta name=\"twitter:label1\" content=\"Scritto da\" \/>\n\t<meta name=\"twitter:data1\" content=\"Sebastiano Plutino\" \/>\n\t<meta name=\"twitter:label2\" content=\"Tempo di lettura stimato\" \/>\n\t<meta name=\"twitter:data2\" content=\"2 minuti\" \/>\n<script type=\"application\/ld+json\" class=\"yoast-schema-graph\">{\"@context\":\"https:\/\/schema.org\",\"@graph\":[{\"@type\":\"Article\",\"@id\":\"https:\/\/progettotouring.it\/radiotouring104\/2024\/04\/17\/confindustria-giovani-rc-incontro-su-orizzonti-dellidrogeno\/#article\",\"isPartOf\":{\"@id\":\"https:\/\/progettotouring.it\/radiotouring104\/2024\/04\/17\/confindustria-giovani-rc-incontro-su-orizzonti-dellidrogeno\/\"},\"author\":{\"name\":\"Sebastiano Plutino\",\"@id\":\"https:\/\/progettotouring.it\/radiotouring104\/#\/schema\/person\/78613917f1851f041f7483f5af1d422e\"},\"headline\":\"Confindustria Giovani Rc: incontro su orizzonti dell&#8217;idrogeno\",\"datePublished\":\"2024-04-17T10:30:14+00:00\",\"mainEntityOfPage\":{\"@id\":\"https:\/\/progettotouring.it\/radiotouring104\/2024\/04\/17\/confindustria-giovani-rc-incontro-su-orizzonti-dellidrogeno\/\"},\"wordCount\":381,\"publisher\":{\"@id\":\"https:\/\/progettotouring.it\/radiotouring104\/#organization\"},\"image\":{\"@id\":\"https:\/\/progettotouring.it\/radiotouring104\/2024\/04\/17\/confindustria-giovani-rc-incontro-su-orizzonti-dellidrogeno\/#primaryimage\"},\"thumbnailUrl\":\"https:\/\/progettotouring.it\/radiotouring104\/wp-content\/uploads\/sites\/6\/2023\/03\/Logo-Confindustria.png\",\"keywords\":[\"Confindustria Giovani Rc\",\"Domenico Vecchio\",\"orizzonti dell'idrogeno\",\"Salvo Presentino\"],\"articleSection\":[\"Home\",\"News\",\"Reggio Calabria\"],\"inLanguage\":\"it-IT\"},{\"@type\":\"WebPage\",\"@id\":\"https:\/\/progettotouring.it\/radiotouring104\/2024\/04\/17\/confindustria-giovani-rc-incontro-su-orizzonti-dellidrogeno\/\",\"url\":\"https:\/\/progettotouring.it\/radiotouring104\/2024\/04\/17\/confindustria-giovani-rc-incontro-su-orizzonti-dellidrogeno\/\",\"name\":\"Confindustria Giovani Rc: incontro su orizzonti dell'idrogeno\",\"isPartOf\":{\"@id\":\"https:\/\/progettotouring.it\/radiotouring104\/#website\"},\"primaryImageOfPage\":{\"@id\":\"https:\/\/progettotouring.it\/radiotouring104\/2024\/04\/17\/confindustria-giovani-rc-incontro-su-orizzonti-dellidrogeno\/#primaryimage\"},\"image\":{\"@id\":\"https:\/\/progettotouring.it\/radiotouring104\/2024\/04\/17\/confindustria-giovani-rc-incontro-su-orizzonti-dellidrogeno\/#primaryimage\"},\"thumbnailUrl\":\"https:\/\/progettotouring.it\/radiotouring104\/wp-content\/uploads\/sites\/6\/2023\/03\/Logo-Confindustria.png\",\"datePublished\":\"2024-04-17T10:30:14+00:00\",\"description\":\"Gli orizzonti dell\u2019idrogeno al centro dell\u2019incontro. Un argomento scelto per porre l\u2019accento sull\u2019importanza dei temi legati all\u2019ambiente\",\"breadcrumb\":{\"@id\":\"https:\/\/progettotouring.it\/radiotouring104\/2024\/04\/17\/confindustria-giovani-rc-incontro-su-orizzonti-dellidrogeno\/#breadcrumb\"},\"inLanguage\":\"it-IT\",\"potentialAction\":[{\"@type\":\"ReadAction\",\"target\":[\"https:\/\/progettotouring.it\/radiotouring104\/2024\/04\/17\/confindustria-giovani-rc-incontro-su-orizzonti-dellidrogeno\/\"]}]},{\"@type\":\"ImageObject\",\"inLanguage\":\"it-IT\",\"@id\":\"https:\/\/progettotouring.it\/radiotouring104\/2024\/04\/17\/confindustria-giovani-rc-incontro-su-orizzonti-dellidrogeno\/#primaryimage\",\"url\":\"https:\/\/progettotouring.it\/radiotouring104\/wp-content\/uploads\/sites\/6\/2023\/03\/Logo-Confindustria.png\",\"contentUrl\":\"https:\/\/progettotouring.it\/radiotouring104\/wp-content\/uploads\/sites\/6\/2023\/03\/Logo-Confindustria.png\",\"width\":1000,\"height\":1001},{\"@type\":\"BreadcrumbList\",\"@id\":\"https:\/\/progettotouring.it\/radiotouring104\/2024\/04\/17\/confindustria-giovani-rc-incontro-su-orizzonti-dellidrogeno\/#breadcrumb\",\"itemListElement\":[{\"@type\":\"ListItem\",\"position\":1,\"name\":\"Home\",\"item\":\"https:\/\/progettotouring.it\/radiotouring104\/\"},{\"@type\":\"ListItem\",\"position\":2,\"name\":\"Confindustria Giovani Rc: incontro su orizzonti dell&#8217;idrogeno\"}]},{\"@type\":\"WebSite\",\"@id\":\"https:\/\/progettotouring.it\/radiotouring104\/#website\",\"url\":\"https:\/\/progettotouring.it\/radiotouring104\/\",\"name\":\"Radio Touring 104\",\"description\":\"La prima radio Reggina\",\"publisher\":{\"@id\":\"https:\/\/progettotouring.it\/radiotouring104\/#organization\"},\"potentialAction\":[{\"@type\":\"SearchAction\",\"target\":{\"@type\":\"EntryPoint\",\"urlTemplate\":\"https:\/\/progettotouring.it\/radiotouring104\/?s={search_term_string}\"},\"query-input\":{\"@type\":\"PropertyValueSpecification\",\"valueRequired\":true,\"valueName\":\"search_term_string\"}}],\"inLanguage\":\"it-IT\"},{\"@type\":\"Organization\",\"@id\":\"https:\/\/progettotouring.it\/radiotouring104\/#organization\",\"name\":\"Radio Touring 104\",\"url\":\"https:\/\/progettotouring.it\/radiotouring104\/\",\"logo\":{\"@type\":\"ImageObject\",\"inLanguage\":\"it-IT\",\"@id\":\"https:\/\/progettotouring.it\/radiotouring104\/#\/schema\/logo\/image\/\",\"url\":\"https:\/\/progettotouring.it\/radiotouring104\/wp-content\/uploads\/sites\/6\/2022\/02\/cropped-logo-radio-touring-104.png\",\"contentUrl\":\"https:\/\/progettotouring.it\/radiotouring104\/wp-content\/uploads\/sites\/6\/2022\/02\/cropped-logo-radio-touring-104.png\",\"width\":377,\"height\":182,\"caption\":\"Radio Touring 104\"},\"image\":{\"@id\":\"https:\/\/progettotouring.it\/radiotouring104\/#\/schema\/logo\/image\/\"}},{\"@type\":\"Person\",\"@id\":\"https:\/\/progettotouring.it\/radiotouring104\/#\/schema\/person\/78613917f1851f041f7483f5af1d422e\",\"name\":\"Sebastiano Plutino\",\"image\":{\"@type\":\"ImageObject\",\"inLanguage\":\"it-IT\",\"@id\":\"https:\/\/secure.gravatar.com\/avatar\/0546ffaa9b79224faf9f2a156b67a529ae861d3287c66c1d8ccfdf909bcba78d?s=96&d=mm&r=g\",\"url\":\"https:\/\/secure.gravatar.com\/avatar\/0546ffaa9b79224faf9f2a156b67a529ae861d3287c66c1d8ccfdf909bcba78d?s=96&d=mm&r=g\",\"contentUrl\":\"https:\/\/secure.gravatar.com\/avatar\/0546ffaa9b79224faf9f2a156b67a529ae861d3287c66c1d8ccfdf909bcba78d?s=96&d=mm&r=g\",\"caption\":\"Sebastiano Plutino\"},\"url\":\"https:\/\/progettotouring.it\/radiotouring104\/author\/sebastiano\/\"}]}<\/script>\n<!-- \/ Yoast SEO plugin. -->","yoast_head_json":{"title":"Confindustria Giovani Rc: incontro su orizzonti dell'idrogeno","description":"Gli orizzonti dell\u2019idrogeno al centro dell\u2019incontro. Un argomento scelto per porre l\u2019accento sull\u2019importanza dei temi legati all\u2019ambiente","robots":{"index":"index","follow":"follow","max-snippet":"max-snippet:-1","max-image-preview":"max-image-preview:large","max-video-preview":"max-video-preview:-1"},"canonical":"https:\/\/progettotouring.it\/radiotouring104\/2024\/04\/17\/confindustria-giovani-rc-incontro-su-orizzonti-dellidrogeno\/","og_locale":"it_IT","og_type":"article","og_title":"Confindustria Giovani Rc: incontro su orizzonti dell'idrogeno","og_description":"Gli orizzonti dell\u2019idrogeno al centro dell\u2019incontro. Un argomento scelto per porre l\u2019accento sull\u2019importanza dei temi legati all\u2019ambiente","og_url":"https:\/\/progettotouring.it\/radiotouring104\/2024\/04\/17\/confindustria-giovani-rc-incontro-su-orizzonti-dellidrogeno\/","og_site_name":"Radio Touring 104","article_published_time":"2024-04-17T10:30:14+00:00","og_image":[{"width":1000,"height":1001,"url":"https:\/\/progettotouring.it\/radiotouring104\/wp-content\/uploads\/sites\/6\/2023\/03\/Logo-Confindustria.png","type":"image\/png"}],"author":"Sebastiano Plutino","twitter_card":"summary_large_image","twitter_misc":{"Scritto da":"Sebastiano Plutino","Tempo di lettura stimato":"2 minuti"},"schema":{"@context":"https:\/\/schema.org","@graph":[{"@type":"Article","@id":"https:\/\/progettotouring.it\/radiotouring104\/2024\/04\/17\/confindustria-giovani-rc-incontro-su-orizzonti-dellidrogeno\/#article","isPartOf":{"@id":"https:\/\/progettotouring.it\/radiotouring104\/2024\/04\/17\/confindustria-giovani-rc-incontro-su-orizzonti-dellidrogeno\/"},"author":{"name":"Sebastiano Plutino","@id":"https:\/\/progettotouring.it\/radiotouring104\/#\/schema\/person\/78613917f1851f041f7483f5af1d422e"},"headline":"Confindustria Giovani Rc: incontro su orizzonti dell&#8217;idrogeno","datePublished":"2024-04-17T10:30:14+00:00","mainEntityOfPage":{"@id":"https:\/\/progettotouring.it\/radiotouring104\/2024\/04\/17\/confindustria-giovani-rc-incontro-su-orizzonti-dellidrogeno\/"},"wordCount":381,"publisher":{"@id":"https:\/\/progettotouring.it\/radiotouring104\/#organization"},"image":{"@id":"https:\/\/progettotouring.it\/radiotouring104\/2024\/04\/17\/confindustria-giovani-rc-incontro-su-orizzonti-dellidrogeno\/#primaryimage"},"thumbnailUrl":"https:\/\/progettotouring.it\/radiotouring104\/wp-content\/uploads\/sites\/6\/2023\/03\/Logo-Confindustria.png","keywords":["Confindustria Giovani Rc","Domenico Vecchio","orizzonti dell'idrogeno","Salvo Presentino"],"articleSection":["Home","News","Reggio Calabria"],"inLanguage":"it-IT"},{"@type":"WebPage","@id":"https:\/\/progettotouring.it\/radiotouring104\/2024\/04\/17\/confindustria-giovani-rc-incontro-su-orizzonti-dellidrogeno\/","url":"https:\/\/progettotouring.it\/radiotouring104\/2024\/04\/17\/confindustria-giovani-rc-incontro-su-orizzonti-dellidrogeno\/","name":"Confindustria Giovani Rc: incontro su orizzonti dell'idrogeno","isPartOf":{"@id":"https:\/\/progettotouring.it\/radiotouring104\/#website"},"primaryImageOfPage":{"@id":"https:\/\/progettotouring.it\/radiotouring104\/2024\/04\/17\/confindustria-giovani-rc-incontro-su-orizzonti-dellidrogeno\/#primaryimage"},"image":{"@id":"https:\/\/progettotouring.it\/radiotouring104\/2024\/04\/17\/confindustria-giovani-rc-incontro-su-orizzonti-dellidrogeno\/#primaryimage"},"thumbnailUrl":"https:\/\/progettotouring.it\/radiotouring104\/wp-content\/uploads\/sites\/6\/2023\/03\/Logo-Confindustria.png","datePublished":"2024-04-17T10:30:14+00:00","description":"Gli orizzonti dell\u2019idrogeno al centro dell\u2019incontro. Un argomento scelto per porre l\u2019accento sull\u2019importanza dei temi legati all\u2019ambiente","breadcrumb":{"@id":"https:\/\/progettotouring.it\/radiotouring104\/2024\/04\/17\/confindustria-giovani-rc-incontro-su-orizzonti-dellidrogeno\/#breadcrumb"},"inLanguage":"it-IT","potentialAction":[{"@type":"ReadAction","target":["https:\/\/progettotouring.it\/radiotouring104\/2024\/04\/17\/confindustria-giovani-rc-incontro-su-orizzonti-dellidrogeno\/"]}]},{"@type":"ImageObject","inLanguage":"it-IT","@id":"https:\/\/progettotouring.it\/radiotouring104\/2024\/04\/17\/confindustria-giovani-rc-incontro-su-orizzonti-dellidrogeno\/#primaryimage","url":"https:\/\/progettotouring.it\/radiotouring104\/wp-content\/uploads\/sites\/6\/2023\/03\/Logo-Confindustria.png","contentUrl":"https:\/\/progettotouring.it\/radiotouring104\/wp-content\/uploads\/sites\/6\/2023\/03\/Logo-Confindustria.png","width":1000,"height":1001},{"@type":"BreadcrumbList","@id":"https:\/\/progettotouring.it\/radiotouring104\/2024\/04\/17\/confindustria-giovani-rc-incontro-su-orizzonti-dellidrogeno\/#breadcrumb","itemListElement":[{"@type":"ListItem","position":1,"name":"Home","item":"https:\/\/progettotouring.it\/radiotouring104\/"},{"@type":"ListItem","position":2,"name":"Confindustria Giovani Rc: incontro su orizzonti dell&#8217;idrogeno"}]},{"@type":"WebSite","@id":"https:\/\/progettotouring.it\/radiotouring104\/#website","url":"https:\/\/progettotouring.it\/radiotouring104\/","name":"Radio Touring 104","description":"La prima radio Reggina","publisher":{"@id":"https:\/\/progettotouring.it\/radiotouring104\/#organization"},"potentialAction":[{"@type":"SearchAction","target":{"@type":"EntryPoint","urlTemplate":"https:\/\/progettotouring.it\/radiotouring104\/?s={search_term_string}"},"query-input":{"@type":"PropertyValueSpecification","valueRequired":true,"valueName":"search_term_string"}}],"inLanguage":"it-IT"},{"@type":"Organization","@id":"https:\/\/progettotouring.it\/radiotouring104\/#organization","name":"Radio Touring 104","url":"https:\/\/progettotouring.it\/radiotouring104\/","logo":{"@type":"ImageObject","inLanguage":"it-IT","@id":"https:\/\/progettotouring.it\/radiotouring104\/#\/schema\/logo\/image\/","url":"https:\/\/progettotouring.it\/radiotouring104\/wp-content\/uploads\/sites\/6\/2022\/02\/cropped-logo-radio-touring-104.png","contentUrl":"https:\/\/progettotouring.it\/radiotouring104\/wp-content\/uploads\/sites\/6\/2022\/02\/cropped-logo-radio-touring-104.png","width":377,"height":182,"caption":"Radio Touring 104"},"image":{"@id":"https:\/\/progettotouring.it\/radiotouring104\/#\/schema\/logo\/image\/"}},{"@type":"Person","@id":"https:\/\/progettotouring.it\/radiotouring104\/#\/schema\/person\/78613917f1851f041f7483f5af1d422e","name":"Sebastiano Plutino","image":{"@type":"ImageObject","inLanguage":"it-IT","@id":"https:\/\/secure.gravatar.com\/avatar\/0546ffaa9b79224faf9f2a156b67a529ae861d3287c66c1d8ccfdf909bcba78d?s=96&d=mm&r=g","url":"https:\/\/secure.gravatar.com\/avatar\/0546ffaa9b79224faf9f2a156b67a529ae861d3287c66c1d8ccfdf909bcba78d?s=96&d=mm&r=g","contentUrl":"https:\/\/secure.gravatar.com\/avatar\/0546ffaa9b79224faf9f2a156b67a529ae861d3287c66c1d8ccfdf909bcba78d?s=96&d=mm&r=g","caption":"Sebastiano Plutino"},"url":"https:\/\/progettotouring.it\/radiotouring104\/author\/sebastiano\/"}]}},"jetpack_publicize_connections":[],"jetpack_featured_media_url":"https:\/\/progettotouring.it\/radiotouring104\/wp-content\/uploads\/sites\/6\/2023\/03\/Logo-Confindustria.png","jetpack_sharing_enabled":true,"_links":{"self":[{"href":"https:\/\/progettotouring.it\/radiotouring104\/wp-json\/wp\/v2\/posts\/49474","targetHints":{"allow":["GET"]}}],"collection":[{"href":"https:\/\/progettotouring.it\/radiotouring104\/wp-json\/wp\/v2\/posts"}],"about":[{"href":"https:\/\/progettotouring.it\/radiotouring104\/wp-json\/wp\/v2\/types\/post"}],"author":[{"embeddable":true,"href":"https:\/\/progettotouring.it\/radiotouring104\/wp-json\/wp\/v2\/users\/12"}],"replies":[{"embeddable":true,"href":"https:\/\/progettotouring.it\/radiotouring104\/wp-json\/wp\/v2\/comments?post=49474"}],"version-history":[{"count":1,"href":"https:\/\/progettotouring.it\/radiotouring104\/wp-json\/wp\/v2\/posts\/49474\/revisions"}],"predecessor-version":[{"id":49475,"href":"https:\/\/progettotouring.it\/radiotouring104\/wp-json\/wp\/v2\/posts\/49474\/revisions\/49475"}],"wp:featuredmedia":[{"embeddable":true,"href":"https:\/\/progettotouring.it\/radiotouring104\/wp-json\/wp\/v2\/media\/21034"}],"wp:attachment":[{"href":"https:\/\/progettotouring.it\/radiotouring104\/wp-json\/wp\/v2\/media?parent=49474"}],"wp:term":[{"taxonomy":"category","embeddable":true,"href":"https:\/\/progettotouring.it\/radiotouring104\/wp-json\/wp\/v2\/categories?post=49474"},{"taxonomy":"post_tag","embeddable":true,"href":"https:\/\/progettotouring.it\/radiotouring104\/wp-json\/wp\/v2\/tags?post=49474"}],"curies":[{"name":"wp","href":"https:\/\/api.w.org\/{rel}","templated":true}]}}