{"id":49585,"date":"2024-04-18T13:07:11","date_gmt":"2024-04-18T11:07:11","guid":{"rendered":"https:\/\/progettotouring.it\/radiotouring104\/?p=49585"},"modified":"2024-04-18T13:26:21","modified_gmt":"2024-04-18T11:26:21","slug":"reggio-citta-si-prepara-a-celebrare-la-festa-di-liberazione","status":"publish","type":"post","link":"https:\/\/progettotouring.it\/radiotouring104\/2024\/04\/18\/reggio-citta-si-prepara-a-celebrare-la-festa-di-liberazione\/","title":{"rendered":"Reggio: Citt\u00e0 si prepara a celebrare la festa di Liberazione"},"content":{"rendered":"<p style=\"text-align: justify\"><strong>La Citt\u00e0 di Reggio Calabria si prepara a celebrare la Festa della Liberazione<\/strong>. <strong>Gioved\u00ec 25 aprile il Comune<\/strong> e la Citt\u00e0 Metropolitana di Reggio Calabria <strong>terranno la tradizionale cerimonia di conferimento degli omaggi istituzionali alla Stele del Partigiano all&#8217;interno della Villa Comunale<\/strong> Umberto I. Appuntamento<strong> alle ore 10.00,<\/strong> per la cerimonia ufficiale al quale <strong>prenderanno parte il sindaco Giuseppe Falcomat\u00e0 e gli altri rappresentanti dei due enti.<\/strong><\/p>\n<p style=\"text-align: justify\">Una manifestazione ormai consueta per la Citt\u00e0 di Reggio Calabria, indetta per la prima volta all&#8217;interno della Villa Comunale nel 1994 da Italo Falcomat\u00e0, il sindaco della primavera reggina. Alla cerimonia, come di consueto, sono invitati a partecipare i rappresentanti delle altre istituzioni territoriali, associazioni, forze sindacali e politiche, ma soprattutto cittadini che intendono festeggiare la liberazione italiana dalla tirannia nazifascista.<\/p>\n<p style=\"text-align: justify\"><em>&#8220;Il 25 aprile alla Villa comunale \u00e8 ormai diventato una lieta tradizione per la nostra citt\u00e0 <strong>&#8211;<\/strong><\/em><strong> ha affermato il sindaco Falcomat\u00e0 &#8211;<\/strong> <em>ogni anno centinaia di persone, famiglie, anziani, bambini, tante associazioni, forze sindacali e politiche, si ritrovano alla Villa Comunale di fronte la Stele del Partigiano per trascorrere insieme una mattinata che non \u00e8 solo un ricordo o un memoriale della Liberazione o della fine della seconda guerra mondiale, ma un simbolo da riattualizzare e riproporre, nel segno della difesa dei diritti di cittadinanza, della libert\u00e0, dei principi costituzionali che ci richiamano alla pace, alla solidariet\u00e0, all&#8217;unit\u00e0 nazionale, all&#8217;antifascismo come valore fondante della nostra Repubblica&#8221;.<\/em><\/p>\n<p style=\"text-align: justify\"><em>&#8220;Anche quest&#8217;anno la festa della Liberazione assume per noi un significato assolutamente attuale e pertinente. Penso ad esempio ai venti di guerra che ancora attraversano l&#8217;Europa, il Medio Oriente e tante altre aree del mondo, con una preoccupante escalation di violenza e cooperazione che mette a rischio miliardi di persone. O ancora penso al tema dell&#8217;autonomia differenziata che in Italia rischia di generare pesanti disuguaglianze condannando vaste aree del Paese ad una condizione di mancato sviluppo che rischia di cristallizzarsi anche in futuro. Sono aspetti che stanno alla base dei valori costituzionali, assolutamente dentro gli obiettivi significanti del 25 aprile, la nostra festa della Liberazione che anche quest&#8217;anno intendiamo celebrare, dando a questa celebrazione una prospettiva istituzionale, unitaria, aperta ed assolutamente rivolta al futuro&#8221;.<\/em><\/p>\n","protected":false},"excerpt":{"rendered":"<p>La Citt\u00e0 di Reggio Calabria si prepara a celebrare la Festa della Liberazione. Gioved\u00ec 25 aprile il Comune e la Citt\u00e0 Metropolitana di Reggio Calabria terranno la tradizionale cerimonia di&hellip;<\/p>\n","protected":false},"author":12,"featured_media":49586,"comment_status":"closed","ping_status":"open","sticky":false,"template":"","format":"standard","meta":{"_jetpack_memberships_contains_paid_content":false,"footnotes":"","jetpack_publicize_message":"","jetpack_publicize_feature_enabled":true,"jetpack_social_post_already_shared":false,"jetpack_social_options":{"image_generator_settings":{"template":"highway","default_image_id":0,"font":"","enabled":false},"version":2}},"categories":[921,150,196,140],"tags":[30465,13858,13889],"class_list":["post-49585","post","type-post","status-publish","format-standard","has-post-thumbnail","hentry","category-home","category-in-primo-piano","category-news","category-reggio-calabria","tag-falcomata-giuseppe","tag-festa-di-liberazione","tag-stele-del-partigiano-nella-villa-comunale-umberto-i"],"yoast_head":"<!-- This site is optimized with the Yoast SEO plugin v27.2 - https:\/\/yoast.com\/product\/yoast-seo-wordpress\/ -->\n<title>Reggio: Citt\u00e0 si prepara a celebrare la festa di Liberazione<\/title>\n<meta name=\"description\" content=\"Il 25 aprile alle 10.00 la cerimonia alla Stele del Partigiano. Invito a cittadini, istituzioni, associazioni, forze sindacali e politiche\" \/>\n<meta name=\"robots\" content=\"index, follow, max-snippet:-1, max-image-preview:large, max-video-preview:-1\" \/>\n<link rel=\"canonical\" href=\"https:\/\/progettotouring.it\/radiotouring104\/2024\/04\/18\/reggio-citta-si-prepara-a-celebrare-la-festa-di-liberazione\/\" \/>\n<meta property=\"og:locale\" content=\"it_IT\" \/>\n<meta property=\"og:type\" content=\"article\" \/>\n<meta property=\"og:title\" content=\"Reggio: Citt\u00e0 si prepara a celebrare la festa di Liberazione\" \/>\n<meta property=\"og:description\" content=\"Il 25 aprile alle 10.00 la cerimonia alla Stele del Partigiano. Invito a cittadini, istituzioni, associazioni, forze sindacali e politiche\" \/>\n<meta property=\"og:url\" content=\"https:\/\/progettotouring.it\/radiotouring104\/2024\/04\/18\/reggio-citta-si-prepara-a-celebrare-la-festa-di-liberazione\/\" \/>\n<meta property=\"og:site_name\" content=\"Radio Touring 104\" \/>\n<meta property=\"article:published_time\" content=\"2024-04-18T11:07:11+00:00\" \/>\n<meta property=\"article:modified_time\" content=\"2024-04-18T11:26:21+00:00\" \/>\n<meta property=\"og:image\" content=\"https:\/\/progettotouring.it\/radiotouring104\/wp-content\/uploads\/sites\/6\/2024\/04\/25-APRILE-2024-Reggio.jpg\" \/>\n\t<meta property=\"og:image:width\" content=\"1142\" \/>\n\t<meta property=\"og:image:height\" content=\"1600\" \/>\n\t<meta property=\"og:image:type\" content=\"image\/jpeg\" \/>\n<meta name=\"author\" content=\"Sebastiano Plutino\" \/>\n<meta name=\"twitter:card\" content=\"summary_large_image\" \/>\n<meta name=\"twitter:label1\" content=\"Scritto da\" \/>\n\t<meta name=\"twitter:data1\" content=\"Sebastiano Plutino\" \/>\n\t<meta name=\"twitter:label2\" content=\"Tempo di lettura stimato\" \/>\n\t<meta name=\"twitter:data2\" content=\"2 minuti\" \/>\n<script type=\"application\/ld+json\" class=\"yoast-schema-graph\">{\"@context\":\"https:\/\/schema.org\",\"@graph\":[{\"@type\":\"Article\",\"@id\":\"https:\/\/progettotouring.it\/radiotouring104\/2024\/04\/18\/reggio-citta-si-prepara-a-celebrare-la-festa-di-liberazione\/#article\",\"isPartOf\":{\"@id\":\"https:\/\/progettotouring.it\/radiotouring104\/2024\/04\/18\/reggio-citta-si-prepara-a-celebrare-la-festa-di-liberazione\/\"},\"author\":{\"name\":\"Sebastiano Plutino\",\"@id\":\"https:\/\/progettotouring.it\/radiotouring104\/#\/schema\/person\/78613917f1851f041f7483f5af1d422e\"},\"headline\":\"Reggio: Citt\u00e0 si prepara a celebrare la festa di Liberazione\",\"datePublished\":\"2024-04-18T11:07:11+00:00\",\"dateModified\":\"2024-04-18T11:26:21+00:00\",\"mainEntityOfPage\":{\"@id\":\"https:\/\/progettotouring.it\/radiotouring104\/2024\/04\/18\/reggio-citta-si-prepara-a-celebrare-la-festa-di-liberazione\/\"},\"wordCount\":362,\"publisher\":{\"@id\":\"https:\/\/progettotouring.it\/radiotouring104\/#organization\"},\"image\":{\"@id\":\"https:\/\/progettotouring.it\/radiotouring104\/2024\/04\/18\/reggio-citta-si-prepara-a-celebrare-la-festa-di-liberazione\/#primaryimage\"},\"thumbnailUrl\":\"https:\/\/progettotouring.it\/radiotouring104\/wp-content\/uploads\/sites\/6\/2024\/04\/25-APRILE-2024-Reggio.jpg\",\"keywords\":[\"Falcomat\u00e0 Giuseppe\",\"Festa di Liberazione\",\"Stele del Partigiano nella Villa Comunale Umberto I.\"],\"articleSection\":[\"Home\",\"In primo piano\",\"News\",\"Reggio Calabria\"],\"inLanguage\":\"it-IT\"},{\"@type\":\"WebPage\",\"@id\":\"https:\/\/progettotouring.it\/radiotouring104\/2024\/04\/18\/reggio-citta-si-prepara-a-celebrare-la-festa-di-liberazione\/\",\"url\":\"https:\/\/progettotouring.it\/radiotouring104\/2024\/04\/18\/reggio-citta-si-prepara-a-celebrare-la-festa-di-liberazione\/\",\"name\":\"Reggio: Citt\u00e0 si prepara a celebrare la festa di Liberazione\",\"isPartOf\":{\"@id\":\"https:\/\/progettotouring.it\/radiotouring104\/#website\"},\"primaryImageOfPage\":{\"@id\":\"https:\/\/progettotouring.it\/radiotouring104\/2024\/04\/18\/reggio-citta-si-prepara-a-celebrare-la-festa-di-liberazione\/#primaryimage\"},\"image\":{\"@id\":\"https:\/\/progettotouring.it\/radiotouring104\/2024\/04\/18\/reggio-citta-si-prepara-a-celebrare-la-festa-di-liberazione\/#primaryimage\"},\"thumbnailUrl\":\"https:\/\/progettotouring.it\/radiotouring104\/wp-content\/uploads\/sites\/6\/2024\/04\/25-APRILE-2024-Reggio.jpg\",\"datePublished\":\"2024-04-18T11:07:11+00:00\",\"dateModified\":\"2024-04-18T11:26:21+00:00\",\"description\":\"Il 25 aprile alle 10.00 la cerimonia alla Stele del Partigiano. Invito a cittadini, istituzioni, associazioni, forze sindacali e politiche\",\"breadcrumb\":{\"@id\":\"https:\/\/progettotouring.it\/radiotouring104\/2024\/04\/18\/reggio-citta-si-prepara-a-celebrare-la-festa-di-liberazione\/#breadcrumb\"},\"inLanguage\":\"it-IT\",\"potentialAction\":[{\"@type\":\"ReadAction\",\"target\":[\"https:\/\/progettotouring.it\/radiotouring104\/2024\/04\/18\/reggio-citta-si-prepara-a-celebrare-la-festa-di-liberazione\/\"]}]},{\"@type\":\"ImageObject\",\"inLanguage\":\"it-IT\",\"@id\":\"https:\/\/progettotouring.it\/radiotouring104\/2024\/04\/18\/reggio-citta-si-prepara-a-celebrare-la-festa-di-liberazione\/#primaryimage\",\"url\":\"https:\/\/progettotouring.it\/radiotouring104\/wp-content\/uploads\/sites\/6\/2024\/04\/25-APRILE-2024-Reggio.jpg\",\"contentUrl\":\"https:\/\/progettotouring.it\/radiotouring104\/wp-content\/uploads\/sites\/6\/2024\/04\/25-APRILE-2024-Reggio.jpg\",\"width\":1142,\"height\":1600},{\"@type\":\"BreadcrumbList\",\"@id\":\"https:\/\/progettotouring.it\/radiotouring104\/2024\/04\/18\/reggio-citta-si-prepara-a-celebrare-la-festa-di-liberazione\/#breadcrumb\",\"itemListElement\":[{\"@type\":\"ListItem\",\"position\":1,\"name\":\"Home\",\"item\":\"https:\/\/progettotouring.it\/radiotouring104\/\"},{\"@type\":\"ListItem\",\"position\":2,\"name\":\"Reggio: Citt\u00e0 si prepara a celebrare la festa di Liberazione\"}]},{\"@type\":\"WebSite\",\"@id\":\"https:\/\/progettotouring.it\/radiotouring104\/#website\",\"url\":\"https:\/\/progettotouring.it\/radiotouring104\/\",\"name\":\"Radio Touring 104\",\"description\":\"La prima radio Reggina\",\"publisher\":{\"@id\":\"https:\/\/progettotouring.it\/radiotouring104\/#organization\"},\"potentialAction\":[{\"@type\":\"SearchAction\",\"target\":{\"@type\":\"EntryPoint\",\"urlTemplate\":\"https:\/\/progettotouring.it\/radiotouring104\/?s={search_term_string}\"},\"query-input\":{\"@type\":\"PropertyValueSpecification\",\"valueRequired\":true,\"valueName\":\"search_term_string\"}}],\"inLanguage\":\"it-IT\"},{\"@type\":\"Organization\",\"@id\":\"https:\/\/progettotouring.it\/radiotouring104\/#organization\",\"name\":\"Radio Touring 104\",\"url\":\"https:\/\/progettotouring.it\/radiotouring104\/\",\"logo\":{\"@type\":\"ImageObject\",\"inLanguage\":\"it-IT\",\"@id\":\"https:\/\/progettotouring.it\/radiotouring104\/#\/schema\/logo\/image\/\",\"url\":\"https:\/\/progettotouring.it\/radiotouring104\/wp-content\/uploads\/sites\/6\/2022\/02\/cropped-logo-radio-touring-104.png\",\"contentUrl\":\"https:\/\/progettotouring.it\/radiotouring104\/wp-content\/uploads\/sites\/6\/2022\/02\/cropped-logo-radio-touring-104.png\",\"width\":377,\"height\":182,\"caption\":\"Radio Touring 104\"},\"image\":{\"@id\":\"https:\/\/progettotouring.it\/radiotouring104\/#\/schema\/logo\/image\/\"}},{\"@type\":\"Person\",\"@id\":\"https:\/\/progettotouring.it\/radiotouring104\/#\/schema\/person\/78613917f1851f041f7483f5af1d422e\",\"name\":\"Sebastiano Plutino\",\"image\":{\"@type\":\"ImageObject\",\"inLanguage\":\"it-IT\",\"@id\":\"https:\/\/secure.gravatar.com\/avatar\/0546ffaa9b79224faf9f2a156b67a529ae861d3287c66c1d8ccfdf909bcba78d?s=96&d=mm&r=g\",\"url\":\"https:\/\/secure.gravatar.com\/avatar\/0546ffaa9b79224faf9f2a156b67a529ae861d3287c66c1d8ccfdf909bcba78d?s=96&d=mm&r=g\",\"contentUrl\":\"https:\/\/secure.gravatar.com\/avatar\/0546ffaa9b79224faf9f2a156b67a529ae861d3287c66c1d8ccfdf909bcba78d?s=96&d=mm&r=g\",\"caption\":\"Sebastiano Plutino\"},\"url\":\"https:\/\/progettotouring.it\/radiotouring104\/author\/sebastiano\/\"}]}<\/script>\n<!-- \/ Yoast SEO plugin. -->","yoast_head_json":{"title":"Reggio: Citt\u00e0 si prepara a celebrare la festa di Liberazione","description":"Il 25 aprile alle 10.00 la cerimonia alla Stele del Partigiano. Invito a cittadini, istituzioni, associazioni, forze sindacali e politiche","robots":{"index":"index","follow":"follow","max-snippet":"max-snippet:-1","max-image-preview":"max-image-preview:large","max-video-preview":"max-video-preview:-1"},"canonical":"https:\/\/progettotouring.it\/radiotouring104\/2024\/04\/18\/reggio-citta-si-prepara-a-celebrare-la-festa-di-liberazione\/","og_locale":"it_IT","og_type":"article","og_title":"Reggio: Citt\u00e0 si prepara a celebrare la festa di Liberazione","og_description":"Il 25 aprile alle 10.00 la cerimonia alla Stele del Partigiano. Invito a cittadini, istituzioni, associazioni, forze sindacali e politiche","og_url":"https:\/\/progettotouring.it\/radiotouring104\/2024\/04\/18\/reggio-citta-si-prepara-a-celebrare-la-festa-di-liberazione\/","og_site_name":"Radio Touring 104","article_published_time":"2024-04-18T11:07:11+00:00","article_modified_time":"2024-04-18T11:26:21+00:00","og_image":[{"width":1142,"height":1600,"url":"https:\/\/progettotouring.it\/radiotouring104\/wp-content\/uploads\/sites\/6\/2024\/04\/25-APRILE-2024-Reggio.jpg","type":"image\/jpeg"}],"author":"Sebastiano Plutino","twitter_card":"summary_large_image","twitter_misc":{"Scritto da":"Sebastiano Plutino","Tempo di lettura stimato":"2 minuti"},"schema":{"@context":"https:\/\/schema.org","@graph":[{"@type":"Article","@id":"https:\/\/progettotouring.it\/radiotouring104\/2024\/04\/18\/reggio-citta-si-prepara-a-celebrare-la-festa-di-liberazione\/#article","isPartOf":{"@id":"https:\/\/progettotouring.it\/radiotouring104\/2024\/04\/18\/reggio-citta-si-prepara-a-celebrare-la-festa-di-liberazione\/"},"author":{"name":"Sebastiano Plutino","@id":"https:\/\/progettotouring.it\/radiotouring104\/#\/schema\/person\/78613917f1851f041f7483f5af1d422e"},"headline":"Reggio: Citt\u00e0 si prepara a celebrare la festa di Liberazione","datePublished":"2024-04-18T11:07:11+00:00","dateModified":"2024-04-18T11:26:21+00:00","mainEntityOfPage":{"@id":"https:\/\/progettotouring.it\/radiotouring104\/2024\/04\/18\/reggio-citta-si-prepara-a-celebrare-la-festa-di-liberazione\/"},"wordCount":362,"publisher":{"@id":"https:\/\/progettotouring.it\/radiotouring104\/#organization"},"image":{"@id":"https:\/\/progettotouring.it\/radiotouring104\/2024\/04\/18\/reggio-citta-si-prepara-a-celebrare-la-festa-di-liberazione\/#primaryimage"},"thumbnailUrl":"https:\/\/progettotouring.it\/radiotouring104\/wp-content\/uploads\/sites\/6\/2024\/04\/25-APRILE-2024-Reggio.jpg","keywords":["Falcomat\u00e0 Giuseppe","Festa di Liberazione","Stele del Partigiano nella Villa Comunale Umberto I."],"articleSection":["Home","In primo piano","News","Reggio Calabria"],"inLanguage":"it-IT"},{"@type":"WebPage","@id":"https:\/\/progettotouring.it\/radiotouring104\/2024\/04\/18\/reggio-citta-si-prepara-a-celebrare-la-festa-di-liberazione\/","url":"https:\/\/progettotouring.it\/radiotouring104\/2024\/04\/18\/reggio-citta-si-prepara-a-celebrare-la-festa-di-liberazione\/","name":"Reggio: Citt\u00e0 si prepara a celebrare la festa di Liberazione","isPartOf":{"@id":"https:\/\/progettotouring.it\/radiotouring104\/#website"},"primaryImageOfPage":{"@id":"https:\/\/progettotouring.it\/radiotouring104\/2024\/04\/18\/reggio-citta-si-prepara-a-celebrare-la-festa-di-liberazione\/#primaryimage"},"image":{"@id":"https:\/\/progettotouring.it\/radiotouring104\/2024\/04\/18\/reggio-citta-si-prepara-a-celebrare-la-festa-di-liberazione\/#primaryimage"},"thumbnailUrl":"https:\/\/progettotouring.it\/radiotouring104\/wp-content\/uploads\/sites\/6\/2024\/04\/25-APRILE-2024-Reggio.jpg","datePublished":"2024-04-18T11:07:11+00:00","dateModified":"2024-04-18T11:26:21+00:00","description":"Il 25 aprile alle 10.00 la cerimonia alla Stele del Partigiano. Invito a cittadini, istituzioni, associazioni, forze sindacali e politiche","breadcrumb":{"@id":"https:\/\/progettotouring.it\/radiotouring104\/2024\/04\/18\/reggio-citta-si-prepara-a-celebrare-la-festa-di-liberazione\/#breadcrumb"},"inLanguage":"it-IT","potentialAction":[{"@type":"ReadAction","target":["https:\/\/progettotouring.it\/radiotouring104\/2024\/04\/18\/reggio-citta-si-prepara-a-celebrare-la-festa-di-liberazione\/"]}]},{"@type":"ImageObject","inLanguage":"it-IT","@id":"https:\/\/progettotouring.it\/radiotouring104\/2024\/04\/18\/reggio-citta-si-prepara-a-celebrare-la-festa-di-liberazione\/#primaryimage","url":"https:\/\/progettotouring.it\/radiotouring104\/wp-content\/uploads\/sites\/6\/2024\/04\/25-APRILE-2024-Reggio.jpg","contentUrl":"https:\/\/progettotouring.it\/radiotouring104\/wp-content\/uploads\/sites\/6\/2024\/04\/25-APRILE-2024-Reggio.jpg","width":1142,"height":1600},{"@type":"BreadcrumbList","@id":"https:\/\/progettotouring.it\/radiotouring104\/2024\/04\/18\/reggio-citta-si-prepara-a-celebrare-la-festa-di-liberazione\/#breadcrumb","itemListElement":[{"@type":"ListItem","position":1,"name":"Home","item":"https:\/\/progettotouring.it\/radiotouring104\/"},{"@type":"ListItem","position":2,"name":"Reggio: Citt\u00e0 si prepara a celebrare la festa di Liberazione"}]},{"@type":"WebSite","@id":"https:\/\/progettotouring.it\/radiotouring104\/#website","url":"https:\/\/progettotouring.it\/radiotouring104\/","name":"Radio Touring 104","description":"La prima radio Reggina","publisher":{"@id":"https:\/\/progettotouring.it\/radiotouring104\/#organization"},"potentialAction":[{"@type":"SearchAction","target":{"@type":"EntryPoint","urlTemplate":"https:\/\/progettotouring.it\/radiotouring104\/?s={search_term_string}"},"query-input":{"@type":"PropertyValueSpecification","valueRequired":true,"valueName":"search_term_string"}}],"inLanguage":"it-IT"},{"@type":"Organization","@id":"https:\/\/progettotouring.it\/radiotouring104\/#organization","name":"Radio Touring 104","url":"https:\/\/progettotouring.it\/radiotouring104\/","logo":{"@type":"ImageObject","inLanguage":"it-IT","@id":"https:\/\/progettotouring.it\/radiotouring104\/#\/schema\/logo\/image\/","url":"https:\/\/progettotouring.it\/radiotouring104\/wp-content\/uploads\/sites\/6\/2022\/02\/cropped-logo-radio-touring-104.png","contentUrl":"https:\/\/progettotouring.it\/radiotouring104\/wp-content\/uploads\/sites\/6\/2022\/02\/cropped-logo-radio-touring-104.png","width":377,"height":182,"caption":"Radio Touring 104"},"image":{"@id":"https:\/\/progettotouring.it\/radiotouring104\/#\/schema\/logo\/image\/"}},{"@type":"Person","@id":"https:\/\/progettotouring.it\/radiotouring104\/#\/schema\/person\/78613917f1851f041f7483f5af1d422e","name":"Sebastiano Plutino","image":{"@type":"ImageObject","inLanguage":"it-IT","@id":"https:\/\/secure.gravatar.com\/avatar\/0546ffaa9b79224faf9f2a156b67a529ae861d3287c66c1d8ccfdf909bcba78d?s=96&d=mm&r=g","url":"https:\/\/secure.gravatar.com\/avatar\/0546ffaa9b79224faf9f2a156b67a529ae861d3287c66c1d8ccfdf909bcba78d?s=96&d=mm&r=g","contentUrl":"https:\/\/secure.gravatar.com\/avatar\/0546ffaa9b79224faf9f2a156b67a529ae861d3287c66c1d8ccfdf909bcba78d?s=96&d=mm&r=g","caption":"Sebastiano Plutino"},"url":"https:\/\/progettotouring.it\/radiotouring104\/author\/sebastiano\/"}]}},"jetpack_publicize_connections":[],"jetpack_featured_media_url":"https:\/\/progettotouring.it\/radiotouring104\/wp-content\/uploads\/sites\/6\/2024\/04\/25-APRILE-2024-Reggio.jpg","jetpack_sharing_enabled":true,"_links":{"self":[{"href":"https:\/\/progettotouring.it\/radiotouring104\/wp-json\/wp\/v2\/posts\/49585","targetHints":{"allow":["GET"]}}],"collection":[{"href":"https:\/\/progettotouring.it\/radiotouring104\/wp-json\/wp\/v2\/posts"}],"about":[{"href":"https:\/\/progettotouring.it\/radiotouring104\/wp-json\/wp\/v2\/types\/post"}],"author":[{"embeddable":true,"href":"https:\/\/progettotouring.it\/radiotouring104\/wp-json\/wp\/v2\/users\/12"}],"replies":[{"embeddable":true,"href":"https:\/\/progettotouring.it\/radiotouring104\/wp-json\/wp\/v2\/comments?post=49585"}],"version-history":[{"count":2,"href":"https:\/\/progettotouring.it\/radiotouring104\/wp-json\/wp\/v2\/posts\/49585\/revisions"}],"predecessor-version":[{"id":49588,"href":"https:\/\/progettotouring.it\/radiotouring104\/wp-json\/wp\/v2\/posts\/49585\/revisions\/49588"}],"wp:featuredmedia":[{"embeddable":true,"href":"https:\/\/progettotouring.it\/radiotouring104\/wp-json\/wp\/v2\/media\/49586"}],"wp:attachment":[{"href":"https:\/\/progettotouring.it\/radiotouring104\/wp-json\/wp\/v2\/media?parent=49585"}],"wp:term":[{"taxonomy":"category","embeddable":true,"href":"https:\/\/progettotouring.it\/radiotouring104\/wp-json\/wp\/v2\/categories?post=49585"},{"taxonomy":"post_tag","embeddable":true,"href":"https:\/\/progettotouring.it\/radiotouring104\/wp-json\/wp\/v2\/tags?post=49585"}],"curies":[{"name":"wp","href":"https:\/\/api.w.org\/{rel}","templated":true}]}}