{"id":49596,"date":"2024-04-19T08:51:58","date_gmt":"2024-04-19T06:51:58","guid":{"rendered":"https:\/\/progettotouring.it\/radiotouring104\/?p=49596"},"modified":"2024-04-19T13:13:23","modified_gmt":"2024-04-19T11:13:23","slug":"comune-di-reggio-approvato-in-consiglio-il-bilancio-di-previsione-2024-2026","status":"publish","type":"post","link":"https:\/\/progettotouring.it\/radiotouring104\/2024\/04\/19\/comune-di-reggio-approvato-in-consiglio-il-bilancio-di-previsione-2024-2026\/","title":{"rendered":"Comune di Reggio: approvato in Consiglio il Bilancio di previsione 2024-2026"},"content":{"rendered":"<p class=\"xmprfx_MsoNormal\" style=\"text-align: justify\"><strong>Il Consiglio comunale di Reggio<\/strong> Calabria ha approvato ieri<strong>\u00a0il Bilancio di previsione 2024-2026.<\/strong><\/p>\n<p class=\"xmprfx_MsoNormal\" style=\"text-align: justify\"><strong>L\u2019assise cittadina,<\/strong> riunitasi in seconda convocazione,<strong> ha avviato i lavori con gli interventi dell\u2019assessor<\/strong>e al Bilancio, <strong>Domenico Battaglia<\/strong> e del dirigente del Settore Finanze, <strong>Francesco Consiglio,<\/strong> <strong>i quali hanno illustrato gli aspetti tecnici<\/strong> del documento contabile.<\/p>\n<p class=\"xmprfx_MsoNormal\" style=\"text-align: justify\"><strong>Dopo una breve interruzione<\/strong> in occasione della concomitante <strong>presenza in citt\u00e0 del Ministro dell\u2019Interno Matteo<\/strong> <strong>Piantedosi, i lavori sono ripresi con gli interventi dei consiglieri<\/strong> di maggioranza ed opposizione e, infine,<strong> del Sindaco Giuseppe Falcomat\u00e0.<\/strong><\/p>\n<p class=\"xmprfx_MsoNormal\" style=\"text-align: justify\"><strong>Successivamente sono stati approvati all\u2019unanimit\u00e0 tre ordini del giorno proposti dal gruppo della Lega.<\/strong> I primi due sono stati presentati dal consigliere<strong> Antonino Minicuci.<\/strong> Con il primo, i consiglieri leghisti hanno fatto riferimento al contributo sulla Tari previsto per alcune categorie di cittadini e previsto in Bilancio, per un importo totale pari a un milione di euro e una percentuale massima del 25% del tributo. <strong>Secondo i consiglieri firmatari dell\u2019odg,<\/strong> <em>\u00abl\u2019importo stabilito \u00e8 molto basso, insufficiente per le persone in difficolt\u00e0\u00bb. Per tale ragione, i consiglieri hanno invitato il sindaco e la giunta \u00aba prevedere l\u2019incremento della percentuale al 50% del tributo, raddoppiando l\u2019importo disponibile, ove per gli introiti dei tributi e quelli dati dalla lotta all\u2019evasione, dovessero essere in aumento rispetto a quelli previsti in bilancio\u00bb.<\/em> <strong>Con il secondo odg,<\/strong> invece, i consiglieri della Lega <strong>hanno chiesto di prevedere l\u2019incremento dell\u2019importo previsto per gli interventi per i soggetti a<\/strong> <strong>rischio di esclusione sociale, programma 1204,<\/strong> \u00above gli introiti per i tributi quest\u2019anno dovessero raggiungere un aumento significativo\u00bb.<\/p>\n<p class=\"xmprfx_MsoNormal\" style=\"text-align: justify\"><strong>Il terzo ordine del giorno approvato<\/strong> all\u2019unanimit\u00e0, proposto sempre dal gruppo della Lega, <strong>\u00e8 stato presentato dal capogruppo<\/strong> <strong>Giuseppe De Biasi. Con l\u2019approvazione di tale odg l\u2019importo dell\u2019indennit\u00e0 di servizio esterno della Polizia Locale d<\/strong>i Reggio Calabria \u00e8 stato portato a dieci euro giornalieri, prevedendo l\u2019importo di 12 euro allorquando il servizio venga svolto in turni notturni e\/o festivi, \u00abcos\u00ec come avviene in tutte le altre citt\u00e0 capoluogo di Citt\u00e0 metropolitana\u00bb.<\/p>\n<p class=\"xmprfx_MsoNormal\" style=\"text-align: justify\">Si \u00e8 proceduto, infine, alla votazione del Bilancio di previsione approvato dal Consiglio con 16 voti favorevoli e 11 contrari.<\/p>\n","protected":false},"excerpt":{"rendered":"<p>Il Consiglio comunale di Reggio Calabria ha approvato ieri\u00a0il Bilancio di previsione 2024-2026. L\u2019assise cittadina, riunitasi in seconda convocazione, ha avviato i lavori con gli interventi dell\u2019assessore al Bilancio, Domenico&hellip;<\/p>\n","protected":false},"author":12,"featured_media":49597,"comment_status":"closed","ping_status":"open","sticky":false,"template":"","format":"standard","meta":{"_jetpack_memberships_contains_paid_content":false,"footnotes":"","jetpack_publicize_message":"","jetpack_publicize_feature_enabled":true,"jetpack_social_post_already_shared":false,"jetpack_social_options":{"image_generator_settings":{"template":"highway","default_image_id":0,"font":"","enabled":false},"version":2}},"categories":[921,150,196,140],"tags":[30469,30467,30266,4206,4963,30468,667],"class_list":["post-49596","post","type-post","status-publish","format-standard","has-post-thumbnail","hentry","category-home","category-in-primo-piano","category-news","category-reggio-calabria","tag-3-emendamenti-lega","tag-approvato-bilancio-di-previsione-2024-2026","tag-consiglio-comunale-reggio","tag-domenico-battaglia","tag-giuseppe-de-biasi","tag-lega-rc","tag-tari"],"yoast_head":"<!-- This site is optimized with the Yoast SEO plugin v27.2 - https:\/\/yoast.com\/product\/yoast-seo-wordpress\/ -->\n<title>Comune Rc: approvato Bilancio di previsione 2024-2026<\/title>\n<meta name=\"description\" content=\"16 voti favorevoli,11 contrari. Approvati all\u2019unanimit\u00e0 anche 3 odg presentati dal gruppo della Lega e riguardanti il contributo Tari\" \/>\n<meta name=\"robots\" content=\"index, follow, max-snippet:-1, max-image-preview:large, max-video-preview:-1\" \/>\n<link rel=\"canonical\" href=\"https:\/\/progettotouring.it\/radiotouring104\/2024\/04\/19\/comune-di-reggio-approvato-in-consiglio-il-bilancio-di-previsione-2024-2026\/\" \/>\n<meta property=\"og:locale\" content=\"it_IT\" \/>\n<meta property=\"og:type\" content=\"article\" \/>\n<meta property=\"og:title\" content=\"Comune Rc: approvato Bilancio di previsione 2024-2026\" \/>\n<meta property=\"og:description\" content=\"16 voti favorevoli,11 contrari. Approvati all\u2019unanimit\u00e0 anche 3 odg presentati dal gruppo della Lega e riguardanti il contributo Tari\" \/>\n<meta property=\"og:url\" content=\"https:\/\/progettotouring.it\/radiotouring104\/2024\/04\/19\/comune-di-reggio-approvato-in-consiglio-il-bilancio-di-previsione-2024-2026\/\" \/>\n<meta property=\"og:site_name\" content=\"Radio Touring 104\" \/>\n<meta property=\"article:published_time\" content=\"2024-04-19T06:51:58+00:00\" \/>\n<meta property=\"article:modified_time\" content=\"2024-04-19T11:13:23+00:00\" \/>\n<meta property=\"og:image\" content=\"https:\/\/progettotouring.it\/radiotouring104\/wp-content\/uploads\/sites\/6\/2024\/04\/Consiglio-Comunale-Bilancio.jpeg\" \/>\n\t<meta property=\"og:image:width\" content=\"2040\" \/>\n\t<meta property=\"og:image:height\" content=\"1530\" \/>\n\t<meta property=\"og:image:type\" content=\"image\/jpeg\" \/>\n<meta name=\"author\" content=\"Sebastiano Plutino\" \/>\n<meta name=\"twitter:card\" content=\"summary_large_image\" \/>\n<meta name=\"twitter:label1\" content=\"Scritto da\" \/>\n\t<meta name=\"twitter:data1\" content=\"Sebastiano Plutino\" \/>\n\t<meta name=\"twitter:label2\" content=\"Tempo di lettura stimato\" \/>\n\t<meta name=\"twitter:data2\" content=\"2 minuti\" \/>\n<script type=\"application\/ld+json\" class=\"yoast-schema-graph\">{\"@context\":\"https:\/\/schema.org\",\"@graph\":[{\"@type\":\"Article\",\"@id\":\"https:\/\/progettotouring.it\/radiotouring104\/2024\/04\/19\/comune-di-reggio-approvato-in-consiglio-il-bilancio-di-previsione-2024-2026\/#article\",\"isPartOf\":{\"@id\":\"https:\/\/progettotouring.it\/radiotouring104\/2024\/04\/19\/comune-di-reggio-approvato-in-consiglio-il-bilancio-di-previsione-2024-2026\/\"},\"author\":{\"name\":\"Sebastiano Plutino\",\"@id\":\"https:\/\/progettotouring.it\/radiotouring104\/#\/schema\/person\/78613917f1851f041f7483f5af1d422e\"},\"headline\":\"Comune di Reggio: approvato in Consiglio il Bilancio di previsione 2024-2026\",\"datePublished\":\"2024-04-19T06:51:58+00:00\",\"dateModified\":\"2024-04-19T11:13:23+00:00\",\"mainEntityOfPage\":{\"@id\":\"https:\/\/progettotouring.it\/radiotouring104\/2024\/04\/19\/comune-di-reggio-approvato-in-consiglio-il-bilancio-di-previsione-2024-2026\/\"},\"wordCount\":363,\"publisher\":{\"@id\":\"https:\/\/progettotouring.it\/radiotouring104\/#organization\"},\"image\":{\"@id\":\"https:\/\/progettotouring.it\/radiotouring104\/2024\/04\/19\/comune-di-reggio-approvato-in-consiglio-il-bilancio-di-previsione-2024-2026\/#primaryimage\"},\"thumbnailUrl\":\"https:\/\/progettotouring.it\/radiotouring104\/wp-content\/uploads\/sites\/6\/2024\/04\/Consiglio-Comunale-Bilancio.jpeg\",\"keywords\":[\"3 emendamenti Lega\",\"approvato Bilancio di previsione 2024-2026\",\"Consiglio Comunale Reggio\",\"Domenico Battaglia\",\"Giuseppe De Biasi\",\"Lega Rc\",\"tari\"],\"articleSection\":[\"Home\",\"In primo piano\",\"News\",\"Reggio Calabria\"],\"inLanguage\":\"it-IT\"},{\"@type\":\"WebPage\",\"@id\":\"https:\/\/progettotouring.it\/radiotouring104\/2024\/04\/19\/comune-di-reggio-approvato-in-consiglio-il-bilancio-di-previsione-2024-2026\/\",\"url\":\"https:\/\/progettotouring.it\/radiotouring104\/2024\/04\/19\/comune-di-reggio-approvato-in-consiglio-il-bilancio-di-previsione-2024-2026\/\",\"name\":\"Comune Rc: approvato Bilancio di previsione 2024-2026\",\"isPartOf\":{\"@id\":\"https:\/\/progettotouring.it\/radiotouring104\/#website\"},\"primaryImageOfPage\":{\"@id\":\"https:\/\/progettotouring.it\/radiotouring104\/2024\/04\/19\/comune-di-reggio-approvato-in-consiglio-il-bilancio-di-previsione-2024-2026\/#primaryimage\"},\"image\":{\"@id\":\"https:\/\/progettotouring.it\/radiotouring104\/2024\/04\/19\/comune-di-reggio-approvato-in-consiglio-il-bilancio-di-previsione-2024-2026\/#primaryimage\"},\"thumbnailUrl\":\"https:\/\/progettotouring.it\/radiotouring104\/wp-content\/uploads\/sites\/6\/2024\/04\/Consiglio-Comunale-Bilancio.jpeg\",\"datePublished\":\"2024-04-19T06:51:58+00:00\",\"dateModified\":\"2024-04-19T11:13:23+00:00\",\"description\":\"16 voti favorevoli,11 contrari. Approvati all\u2019unanimit\u00e0 anche 3 odg presentati dal gruppo della Lega e riguardanti il contributo Tari\",\"breadcrumb\":{\"@id\":\"https:\/\/progettotouring.it\/radiotouring104\/2024\/04\/19\/comune-di-reggio-approvato-in-consiglio-il-bilancio-di-previsione-2024-2026\/#breadcrumb\"},\"inLanguage\":\"it-IT\",\"potentialAction\":[{\"@type\":\"ReadAction\",\"target\":[\"https:\/\/progettotouring.it\/radiotouring104\/2024\/04\/19\/comune-di-reggio-approvato-in-consiglio-il-bilancio-di-previsione-2024-2026\/\"]}]},{\"@type\":\"ImageObject\",\"inLanguage\":\"it-IT\",\"@id\":\"https:\/\/progettotouring.it\/radiotouring104\/2024\/04\/19\/comune-di-reggio-approvato-in-consiglio-il-bilancio-di-previsione-2024-2026\/#primaryimage\",\"url\":\"https:\/\/progettotouring.it\/radiotouring104\/wp-content\/uploads\/sites\/6\/2024\/04\/Consiglio-Comunale-Bilancio.jpeg\",\"contentUrl\":\"https:\/\/progettotouring.it\/radiotouring104\/wp-content\/uploads\/sites\/6\/2024\/04\/Consiglio-Comunale-Bilancio.jpeg\",\"width\":2040,\"height\":1530},{\"@type\":\"BreadcrumbList\",\"@id\":\"https:\/\/progettotouring.it\/radiotouring104\/2024\/04\/19\/comune-di-reggio-approvato-in-consiglio-il-bilancio-di-previsione-2024-2026\/#breadcrumb\",\"itemListElement\":[{\"@type\":\"ListItem\",\"position\":1,\"name\":\"Home\",\"item\":\"https:\/\/progettotouring.it\/radiotouring104\/\"},{\"@type\":\"ListItem\",\"position\":2,\"name\":\"Comune di Reggio: approvato in Consiglio il Bilancio di previsione 2024-2026\"}]},{\"@type\":\"WebSite\",\"@id\":\"https:\/\/progettotouring.it\/radiotouring104\/#website\",\"url\":\"https:\/\/progettotouring.it\/radiotouring104\/\",\"name\":\"Radio Touring 104\",\"description\":\"La prima radio Reggina\",\"publisher\":{\"@id\":\"https:\/\/progettotouring.it\/radiotouring104\/#organization\"},\"potentialAction\":[{\"@type\":\"SearchAction\",\"target\":{\"@type\":\"EntryPoint\",\"urlTemplate\":\"https:\/\/progettotouring.it\/radiotouring104\/?s={search_term_string}\"},\"query-input\":{\"@type\":\"PropertyValueSpecification\",\"valueRequired\":true,\"valueName\":\"search_term_string\"}}],\"inLanguage\":\"it-IT\"},{\"@type\":\"Organization\",\"@id\":\"https:\/\/progettotouring.it\/radiotouring104\/#organization\",\"name\":\"Radio Touring 104\",\"url\":\"https:\/\/progettotouring.it\/radiotouring104\/\",\"logo\":{\"@type\":\"ImageObject\",\"inLanguage\":\"it-IT\",\"@id\":\"https:\/\/progettotouring.it\/radiotouring104\/#\/schema\/logo\/image\/\",\"url\":\"https:\/\/progettotouring.it\/radiotouring104\/wp-content\/uploads\/sites\/6\/2022\/02\/cropped-logo-radio-touring-104.png\",\"contentUrl\":\"https:\/\/progettotouring.it\/radiotouring104\/wp-content\/uploads\/sites\/6\/2022\/02\/cropped-logo-radio-touring-104.png\",\"width\":377,\"height\":182,\"caption\":\"Radio Touring 104\"},\"image\":{\"@id\":\"https:\/\/progettotouring.it\/radiotouring104\/#\/schema\/logo\/image\/\"}},{\"@type\":\"Person\",\"@id\":\"https:\/\/progettotouring.it\/radiotouring104\/#\/schema\/person\/78613917f1851f041f7483f5af1d422e\",\"name\":\"Sebastiano Plutino\",\"image\":{\"@type\":\"ImageObject\",\"inLanguage\":\"it-IT\",\"@id\":\"https:\/\/secure.gravatar.com\/avatar\/0546ffaa9b79224faf9f2a156b67a529ae861d3287c66c1d8ccfdf909bcba78d?s=96&d=mm&r=g\",\"url\":\"https:\/\/secure.gravatar.com\/avatar\/0546ffaa9b79224faf9f2a156b67a529ae861d3287c66c1d8ccfdf909bcba78d?s=96&d=mm&r=g\",\"contentUrl\":\"https:\/\/secure.gravatar.com\/avatar\/0546ffaa9b79224faf9f2a156b67a529ae861d3287c66c1d8ccfdf909bcba78d?s=96&d=mm&r=g\",\"caption\":\"Sebastiano Plutino\"},\"url\":\"https:\/\/progettotouring.it\/radiotouring104\/author\/sebastiano\/\"}]}<\/script>\n<!-- \/ Yoast SEO plugin. -->","yoast_head_json":{"title":"Comune Rc: approvato Bilancio di previsione 2024-2026","description":"16 voti favorevoli,11 contrari. Approvati all\u2019unanimit\u00e0 anche 3 odg presentati dal gruppo della Lega e riguardanti il contributo Tari","robots":{"index":"index","follow":"follow","max-snippet":"max-snippet:-1","max-image-preview":"max-image-preview:large","max-video-preview":"max-video-preview:-1"},"canonical":"https:\/\/progettotouring.it\/radiotouring104\/2024\/04\/19\/comune-di-reggio-approvato-in-consiglio-il-bilancio-di-previsione-2024-2026\/","og_locale":"it_IT","og_type":"article","og_title":"Comune Rc: approvato Bilancio di previsione 2024-2026","og_description":"16 voti favorevoli,11 contrari. Approvati all\u2019unanimit\u00e0 anche 3 odg presentati dal gruppo della Lega e riguardanti il contributo Tari","og_url":"https:\/\/progettotouring.it\/radiotouring104\/2024\/04\/19\/comune-di-reggio-approvato-in-consiglio-il-bilancio-di-previsione-2024-2026\/","og_site_name":"Radio Touring 104","article_published_time":"2024-04-19T06:51:58+00:00","article_modified_time":"2024-04-19T11:13:23+00:00","og_image":[{"width":2040,"height":1530,"url":"https:\/\/progettotouring.it\/radiotouring104\/wp-content\/uploads\/sites\/6\/2024\/04\/Consiglio-Comunale-Bilancio.jpeg","type":"image\/jpeg"}],"author":"Sebastiano Plutino","twitter_card":"summary_large_image","twitter_misc":{"Scritto da":"Sebastiano Plutino","Tempo di lettura stimato":"2 minuti"},"schema":{"@context":"https:\/\/schema.org","@graph":[{"@type":"Article","@id":"https:\/\/progettotouring.it\/radiotouring104\/2024\/04\/19\/comune-di-reggio-approvato-in-consiglio-il-bilancio-di-previsione-2024-2026\/#article","isPartOf":{"@id":"https:\/\/progettotouring.it\/radiotouring104\/2024\/04\/19\/comune-di-reggio-approvato-in-consiglio-il-bilancio-di-previsione-2024-2026\/"},"author":{"name":"Sebastiano Plutino","@id":"https:\/\/progettotouring.it\/radiotouring104\/#\/schema\/person\/78613917f1851f041f7483f5af1d422e"},"headline":"Comune di Reggio: approvato in Consiglio il Bilancio di previsione 2024-2026","datePublished":"2024-04-19T06:51:58+00:00","dateModified":"2024-04-19T11:13:23+00:00","mainEntityOfPage":{"@id":"https:\/\/progettotouring.it\/radiotouring104\/2024\/04\/19\/comune-di-reggio-approvato-in-consiglio-il-bilancio-di-previsione-2024-2026\/"},"wordCount":363,"publisher":{"@id":"https:\/\/progettotouring.it\/radiotouring104\/#organization"},"image":{"@id":"https:\/\/progettotouring.it\/radiotouring104\/2024\/04\/19\/comune-di-reggio-approvato-in-consiglio-il-bilancio-di-previsione-2024-2026\/#primaryimage"},"thumbnailUrl":"https:\/\/progettotouring.it\/radiotouring104\/wp-content\/uploads\/sites\/6\/2024\/04\/Consiglio-Comunale-Bilancio.jpeg","keywords":["3 emendamenti Lega","approvato Bilancio di previsione 2024-2026","Consiglio Comunale Reggio","Domenico Battaglia","Giuseppe De Biasi","Lega Rc","tari"],"articleSection":["Home","In primo piano","News","Reggio Calabria"],"inLanguage":"it-IT"},{"@type":"WebPage","@id":"https:\/\/progettotouring.it\/radiotouring104\/2024\/04\/19\/comune-di-reggio-approvato-in-consiglio-il-bilancio-di-previsione-2024-2026\/","url":"https:\/\/progettotouring.it\/radiotouring104\/2024\/04\/19\/comune-di-reggio-approvato-in-consiglio-il-bilancio-di-previsione-2024-2026\/","name":"Comune Rc: approvato Bilancio di previsione 2024-2026","isPartOf":{"@id":"https:\/\/progettotouring.it\/radiotouring104\/#website"},"primaryImageOfPage":{"@id":"https:\/\/progettotouring.it\/radiotouring104\/2024\/04\/19\/comune-di-reggio-approvato-in-consiglio-il-bilancio-di-previsione-2024-2026\/#primaryimage"},"image":{"@id":"https:\/\/progettotouring.it\/radiotouring104\/2024\/04\/19\/comune-di-reggio-approvato-in-consiglio-il-bilancio-di-previsione-2024-2026\/#primaryimage"},"thumbnailUrl":"https:\/\/progettotouring.it\/radiotouring104\/wp-content\/uploads\/sites\/6\/2024\/04\/Consiglio-Comunale-Bilancio.jpeg","datePublished":"2024-04-19T06:51:58+00:00","dateModified":"2024-04-19T11:13:23+00:00","description":"16 voti favorevoli,11 contrari. Approvati all\u2019unanimit\u00e0 anche 3 odg presentati dal gruppo della Lega e riguardanti il contributo Tari","breadcrumb":{"@id":"https:\/\/progettotouring.it\/radiotouring104\/2024\/04\/19\/comune-di-reggio-approvato-in-consiglio-il-bilancio-di-previsione-2024-2026\/#breadcrumb"},"inLanguage":"it-IT","potentialAction":[{"@type":"ReadAction","target":["https:\/\/progettotouring.it\/radiotouring104\/2024\/04\/19\/comune-di-reggio-approvato-in-consiglio-il-bilancio-di-previsione-2024-2026\/"]}]},{"@type":"ImageObject","inLanguage":"it-IT","@id":"https:\/\/progettotouring.it\/radiotouring104\/2024\/04\/19\/comune-di-reggio-approvato-in-consiglio-il-bilancio-di-previsione-2024-2026\/#primaryimage","url":"https:\/\/progettotouring.it\/radiotouring104\/wp-content\/uploads\/sites\/6\/2024\/04\/Consiglio-Comunale-Bilancio.jpeg","contentUrl":"https:\/\/progettotouring.it\/radiotouring104\/wp-content\/uploads\/sites\/6\/2024\/04\/Consiglio-Comunale-Bilancio.jpeg","width":2040,"height":1530},{"@type":"BreadcrumbList","@id":"https:\/\/progettotouring.it\/radiotouring104\/2024\/04\/19\/comune-di-reggio-approvato-in-consiglio-il-bilancio-di-previsione-2024-2026\/#breadcrumb","itemListElement":[{"@type":"ListItem","position":1,"name":"Home","item":"https:\/\/progettotouring.it\/radiotouring104\/"},{"@type":"ListItem","position":2,"name":"Comune di Reggio: approvato in Consiglio il Bilancio di previsione 2024-2026"}]},{"@type":"WebSite","@id":"https:\/\/progettotouring.it\/radiotouring104\/#website","url":"https:\/\/progettotouring.it\/radiotouring104\/","name":"Radio Touring 104","description":"La prima radio Reggina","publisher":{"@id":"https:\/\/progettotouring.it\/radiotouring104\/#organization"},"potentialAction":[{"@type":"SearchAction","target":{"@type":"EntryPoint","urlTemplate":"https:\/\/progettotouring.it\/radiotouring104\/?s={search_term_string}"},"query-input":{"@type":"PropertyValueSpecification","valueRequired":true,"valueName":"search_term_string"}}],"inLanguage":"it-IT"},{"@type":"Organization","@id":"https:\/\/progettotouring.it\/radiotouring104\/#organization","name":"Radio Touring 104","url":"https:\/\/progettotouring.it\/radiotouring104\/","logo":{"@type":"ImageObject","inLanguage":"it-IT","@id":"https:\/\/progettotouring.it\/radiotouring104\/#\/schema\/logo\/image\/","url":"https:\/\/progettotouring.it\/radiotouring104\/wp-content\/uploads\/sites\/6\/2022\/02\/cropped-logo-radio-touring-104.png","contentUrl":"https:\/\/progettotouring.it\/radiotouring104\/wp-content\/uploads\/sites\/6\/2022\/02\/cropped-logo-radio-touring-104.png","width":377,"height":182,"caption":"Radio Touring 104"},"image":{"@id":"https:\/\/progettotouring.it\/radiotouring104\/#\/schema\/logo\/image\/"}},{"@type":"Person","@id":"https:\/\/progettotouring.it\/radiotouring104\/#\/schema\/person\/78613917f1851f041f7483f5af1d422e","name":"Sebastiano Plutino","image":{"@type":"ImageObject","inLanguage":"it-IT","@id":"https:\/\/secure.gravatar.com\/avatar\/0546ffaa9b79224faf9f2a156b67a529ae861d3287c66c1d8ccfdf909bcba78d?s=96&d=mm&r=g","url":"https:\/\/secure.gravatar.com\/avatar\/0546ffaa9b79224faf9f2a156b67a529ae861d3287c66c1d8ccfdf909bcba78d?s=96&d=mm&r=g","contentUrl":"https:\/\/secure.gravatar.com\/avatar\/0546ffaa9b79224faf9f2a156b67a529ae861d3287c66c1d8ccfdf909bcba78d?s=96&d=mm&r=g","caption":"Sebastiano Plutino"},"url":"https:\/\/progettotouring.it\/radiotouring104\/author\/sebastiano\/"}]}},"jetpack_publicize_connections":[],"jetpack_featured_media_url":"https:\/\/progettotouring.it\/radiotouring104\/wp-content\/uploads\/sites\/6\/2024\/04\/Consiglio-Comunale-Bilancio.jpeg","jetpack_sharing_enabled":true,"_links":{"self":[{"href":"https:\/\/progettotouring.it\/radiotouring104\/wp-json\/wp\/v2\/posts\/49596","targetHints":{"allow":["GET"]}}],"collection":[{"href":"https:\/\/progettotouring.it\/radiotouring104\/wp-json\/wp\/v2\/posts"}],"about":[{"href":"https:\/\/progettotouring.it\/radiotouring104\/wp-json\/wp\/v2\/types\/post"}],"author":[{"embeddable":true,"href":"https:\/\/progettotouring.it\/radiotouring104\/wp-json\/wp\/v2\/users\/12"}],"replies":[{"embeddable":true,"href":"https:\/\/progettotouring.it\/radiotouring104\/wp-json\/wp\/v2\/comments?post=49596"}],"version-history":[{"count":1,"href":"https:\/\/progettotouring.it\/radiotouring104\/wp-json\/wp\/v2\/posts\/49596\/revisions"}],"predecessor-version":[{"id":49598,"href":"https:\/\/progettotouring.it\/radiotouring104\/wp-json\/wp\/v2\/posts\/49596\/revisions\/49598"}],"wp:featuredmedia":[{"embeddable":true,"href":"https:\/\/progettotouring.it\/radiotouring104\/wp-json\/wp\/v2\/media\/49597"}],"wp:attachment":[{"href":"https:\/\/progettotouring.it\/radiotouring104\/wp-json\/wp\/v2\/media?parent=49596"}],"wp:term":[{"taxonomy":"category","embeddable":true,"href":"https:\/\/progettotouring.it\/radiotouring104\/wp-json\/wp\/v2\/categories?post=49596"},{"taxonomy":"post_tag","embeddable":true,"href":"https:\/\/progettotouring.it\/radiotouring104\/wp-json\/wp\/v2\/tags?post=49596"}],"curies":[{"name":"wp","href":"https:\/\/api.w.org\/{rel}","templated":true}]}}