{"id":49599,"date":"2024-04-19T09:10:42","date_gmt":"2024-04-19T07:10:42","guid":{"rendered":"https:\/\/progettotouring.it\/radiotouring104\/?p=49599"},"modified":"2024-04-19T09:15:03","modified_gmt":"2024-04-19T07:15:03","slug":"reggio-inaugurata-agenzia-beni-confiscati-in-presenza-del-ministro-piantedosi","status":"publish","type":"post","link":"https:\/\/progettotouring.it\/radiotouring104\/2024\/04\/19\/reggio-inaugurata-agenzia-beni-confiscati-in-presenza-del-ministro-piantedosi\/","title":{"rendered":"Reggio: inaugurata Agenzia Beni Confiscati. Presente il Ministro Piantedosi"},"content":{"rendered":"<p style=\"text-align: justify\"><em>&#8220;\u00c8 una giornata densa di significato per il valore concreto dell&#8217;iniziativa ma anche di quello simbolico perch\u00e9 la sede di Reggio Calabria, che \u00e8 stata la prima storica dell&#8217;Agenzia nazionale dei beni sequestrati e confiscati, viene collocata in un bene che fu sottratto alle organizzazioni criminali. Questo consentir\u00e0 anche la continuazione e il miglioramento delle attivit\u00e0 e delle performance dell&#8217;Agenzia. Oggi \u00e8 veramente una bella giornata&#8221;. <\/em><strong>A dirlo il ministro<\/strong> dell&#8217;Interno <strong>Matteo Piantedosi,<\/strong> oggi a Reggio Calabri<strong>a per l&#8217;inaugurazione della nuova sede dell&#8217;Ansbc in un immobile che \u00e8 stato confiscato a don Rocco Musolino,<\/strong> ritenuto un boss dalla magistratura ma deceduto alcuni anni fa senza essere mai condannato per mafia.<\/p>\n<p style=\"text-align: justify\"><strong>Nel corso del suo intervento il ministro Piantedosi ha spiegato che<\/strong> &#8220;<em>da quando \u00e8 stata costituita fino ad adesso, l&#8217;Agenzia ha destinato in tutta Italia 23.710 beni immobili e 2.223 aziende. E questo l&#8217;ha fatto conferendole ad enti istituzionali per il tramite degli enti locali ad associazioni, sia per lo svolgimento di attivit\u00e0 propria istituzionale o per attivit\u00e0 sociali. Solo qui in Calabria sono stati 8.344 i beni che sono stati in qualche modo riassegnati e 608 sono state le aziende. Ma mi piace citare anche il dato che riguarda l&#8217;attivit\u00e0 del nostro Governo perch\u00e9 da quando siamo in carica questa performance, grazie soprattutto agli attori istituzionali, si \u00e8 particolarmente intensificata perch\u00e9 abbiamo assegnato 6.612 beni di cui 4.515 beni immobili per un valore complessivo di 304 milioni di euro&#8221;.<\/em><\/p>\n<p style=\"text-align: justify\"><strong>A proposito della gestione delle aziende mafiose oggi gestite dallo Stato, secondo Piantedosi<\/strong><em> &#8220;dobbiamo scongiurare nella maniera pi\u00f9 assoluta che possa passare il messaggio che ci\u00f2 che riesce a fare la criminalit\u00e0 organizzata non riesce a farlo lo Stato. \u00c8 un messaggio che noi dobbiamo scongiurare. Lo dobbiamo fare qui ma lo dobbiamo fare altrove. Lo dobbiamo fare per i calabresi ma lo dobbiamo fare per il nostro splendido Paese&#8221;.<\/em><\/p>\n<h1 class=\"post-single-title\">Inaugurazione Agenzia Beni Confiscati a Reggio, Presidente Occhiuto: &#8220;Affidare alla Regione le aziende confiscate&#8221;<\/h1>\n<p style=\"text-align: justify\"><em>&#8220;Costituire una societ\u00e0 composta dal capitale della Regione e da una lista di imprenditori che possano prendere in gestione le aziende confiscate alla &#8216;ndrangheta&#8221;<\/em>. <strong>E&#8217; la proposta lanciata dal presidente<\/strong> della Regione Calabria <strong>Roberto Occhiuto nel corso della cerimonia di inaugurazione della nuova sede di Reggio<\/strong> Calabria <strong>dell&#8217;Agenzia nazionale dei beni sequestrati e confiscati, diretta dal prefetto Bruno Corda.<\/strong><\/p>\n<p style=\"text-align: justify\"><strong>Il riferimento non \u00e8 a tutte le aziende confiscate:<\/strong>\u00a0<em>&#8220;Perch\u00e9 alcune di queste &#8211;<\/em><strong> ha sottolineato Occhiuto<\/strong><em> &#8211; purtroppo sono state costituite soltanto per riciclare. <\/em><em>Ma si potrebbe verificare quali aziende meritano di essere fuse e il patrimonio monetizzato a vantaggio dei cittadini e quali invece possono essere gestite per produrre ricchezza. Ne ho parlato col ministro oggi e ne ho parlato con la sottosegretaria Ferro qualche volta. La Regione \u00e8 chiaramente disponibile. Bisogna dimostrare ai cittadini che lo Stato \u00e8 pi\u00f9 forte della &#8216;ndrangheta&#8221;.<\/em><\/p>\n<p style=\"text-align: justify\"><strong>La proposta di Occhiuto \u00e8 stata accolta dal ministro dell&#8217;Interno Matteo Piantedosi,<\/strong> presente all&#8217;inaugurazione,<strong> che, durante il suo intervento, ha affermato<\/strong>:<em> &#8220;So che ci state gi\u00e0 lavorando. \u00c8 un tema che si sta affrontando per vedere, a legislazione invariata e a risorse invariate quello che si pu\u00f2 fare di pi\u00f9 e di meglio per aiutare le aziende che vengono confiscate a permanere sul mercato. \u00c8 bene dire che molte di queste imprese arrivano nella disponibilit\u00e0 istituzionale in condizioni gi\u00e0 precarie. Accolgo ben volentieri qualche cosa che si possa fare ed eventualmente noi sottoscriviamo protocolli&#8221;.<\/em><\/p>\n<p style=\"text-align: justify\">&#8220;Oggi &#8211; <strong>ha detto la sottosegretaria all&#8217;Interno Wanda Ferro<\/strong> &#8211; <em>si inaugura un patrimonio non soltanto per Reggio Calabria o per la Regione Calabria, ma le quattro sedi italiane vedono in questa, ovviamente, un punto di prestigio per l&#8217;assegnazione dei beni confiscati che nell&#8217;ultimo anno \u00e8 salita di oltre il 55%, sia per quanto riguarda i presidi di polizia piuttosto che tutta la parte dell&#8217;utilizzo a fini sociali. \u00c8 una giornata importante ma anche un simbolo altrettanto importante di chi vuole esportare da qui, da Reggio Calabria, l&#8217;antimafia, da chi dice ovviamente alla mafia che lo Stato c&#8217;\u00e8, \u00e8 presente, non arretra&#8221;.<\/em><br \/>\n<em>\u00a0\u00a0\u00a0 All&#8217;inaugurazione della sede dell&#8217;Anbsc ha partecipato anche il sindaco Giuseppe Falcomat\u00e0 secondo cui &#8220;l&#8217;investimento dello Stato nella citt\u00e0 di Reggio Calabria si consolida, si rafforza, si rinnova e si innova. Siamo convinti che questo sia un ulteriore punto di ripartenza per l&#8217;Agenzia dei beni confiscati che consenta alle istituzioni di continuare a lavorare per trasformare il triste primato di essere una delle citt\u00e0 con il maggior numero di beni confiscati alla criminalit\u00e0 organizzata in un primato positivo e cio\u00e8 quello di essere la citt\u00e0 che restituisce ai cittadini alle associazioni i beni che sono frutto di attivit\u00e0 criminali. Questo \u00e8 il messaggio pi\u00f9 importante che si pu\u00f2 dare a un cittadino&#8221;.<\/em><\/p>\n<p style=\"text-align: justify\"><em>\u00a0\u00a0\u00a0<\/em><\/p>\n","protected":false},"excerpt":{"rendered":"<p>&#8220;\u00c8 una giornata densa di significato per il valore concreto dell&#8217;iniziativa ma anche di quello simbolico perch\u00e9 la sede di Reggio Calabria, che \u00e8 stata la prima storica dell&#8217;Agenzia nazionale&hellip;<\/p>\n","protected":false},"author":12,"featured_media":36258,"comment_status":"closed","ping_status":"open","sticky":false,"template":"","format":"standard","meta":{"_jetpack_memberships_contains_paid_content":false,"footnotes":"","jetpack_publicize_message":"","jetpack_publicize_feature_enabled":true,"jetpack_social_post_already_shared":false,"jetpack_social_options":{"image_generator_settings":{"template":"highway","default_image_id":0,"font":"","enabled":false},"version":2}},"categories":[921,196,140],"tags":[30470,3121,30471,2307,17839],"class_list":["post-49599","post","type-post","status-publish","format-standard","has-post-thumbnail","hentry","category-home","category-news","category-reggio-calabria","tag-agenzia-beni-confiscati","tag-inaugurazione","tag-matteo-piantedosi-a-reggio","tag-occhiuto","tag-on-le-wanda-ferro"],"yoast_head":"<!-- This site is optimized with the Yoast SEO plugin v27.2 - https:\/\/yoast.com\/product\/yoast-seo-wordpress\/ -->\n<title>Reggio: inaugurata Agenzia Beni Confiscati, presente Piantedosi<\/title>\n<meta name=\"description\" content=\"Piantedosi: &quot;Assegnati 23.710 immobili e 2.223 aziende confiscati&quot;. Occhiuto: &#039;Affidare alla Regione le aziende confiscate&#039;&quot;\" \/>\n<meta name=\"robots\" content=\"index, follow, max-snippet:-1, max-image-preview:large, max-video-preview:-1\" \/>\n<link rel=\"canonical\" href=\"https:\/\/progettotouring.it\/radiotouring104\/2024\/04\/19\/reggio-inaugurata-agenzia-beni-confiscati-in-presenza-del-ministro-piantedosi\/\" \/>\n<meta property=\"og:locale\" content=\"it_IT\" \/>\n<meta property=\"og:type\" content=\"article\" \/>\n<meta property=\"og:title\" content=\"Reggio: inaugurata Agenzia Beni Confiscati, presente Piantedosi\" \/>\n<meta property=\"og:description\" content=\"Piantedosi: &quot;Assegnati 23.710 immobili e 2.223 aziende confiscati&quot;. Occhiuto: &#039;Affidare alla Regione le aziende confiscate&#039;&quot;\" \/>\n<meta property=\"og:url\" content=\"https:\/\/progettotouring.it\/radiotouring104\/2024\/04\/19\/reggio-inaugurata-agenzia-beni-confiscati-in-presenza-del-ministro-piantedosi\/\" \/>\n<meta property=\"og:site_name\" content=\"Radio Touring 104\" \/>\n<meta property=\"article:published_time\" content=\"2024-04-19T07:10:42+00:00\" \/>\n<meta property=\"article:modified_time\" content=\"2024-04-19T07:15:03+00:00\" \/>\n<meta property=\"og:image\" content=\"https:\/\/progettotouring.it\/radiotouring104\/wp-content\/uploads\/sites\/6\/2023\/10\/brunetti-piantedosi-1.jpg\" \/>\n\t<meta property=\"og:image:width\" content=\"1920\" \/>\n\t<meta property=\"og:image:height\" content=\"1080\" \/>\n\t<meta property=\"og:image:type\" content=\"image\/jpeg\" \/>\n<meta name=\"author\" content=\"Sebastiano Plutino\" \/>\n<meta name=\"twitter:card\" content=\"summary_large_image\" \/>\n<meta name=\"twitter:label1\" content=\"Scritto da\" \/>\n\t<meta name=\"twitter:data1\" content=\"Sebastiano Plutino\" \/>\n\t<meta name=\"twitter:label2\" content=\"Tempo di lettura stimato\" \/>\n\t<meta name=\"twitter:data2\" content=\"4 minuti\" \/>\n<script type=\"application\/ld+json\" class=\"yoast-schema-graph\">{\"@context\":\"https:\/\/schema.org\",\"@graph\":[{\"@type\":\"Article\",\"@id\":\"https:\/\/progettotouring.it\/radiotouring104\/2024\/04\/19\/reggio-inaugurata-agenzia-beni-confiscati-in-presenza-del-ministro-piantedosi\/#article\",\"isPartOf\":{\"@id\":\"https:\/\/progettotouring.it\/radiotouring104\/2024\/04\/19\/reggio-inaugurata-agenzia-beni-confiscati-in-presenza-del-ministro-piantedosi\/\"},\"author\":{\"name\":\"Sebastiano Plutino\",\"@id\":\"https:\/\/progettotouring.it\/radiotouring104\/#\/schema\/person\/78613917f1851f041f7483f5af1d422e\"},\"headline\":\"Reggio: inaugurata Agenzia Beni Confiscati. Presente il Ministro Piantedosi\",\"datePublished\":\"2024-04-19T07:10:42+00:00\",\"dateModified\":\"2024-04-19T07:15:03+00:00\",\"mainEntityOfPage\":{\"@id\":\"https:\/\/progettotouring.it\/radiotouring104\/2024\/04\/19\/reggio-inaugurata-agenzia-beni-confiscati-in-presenza-del-ministro-piantedosi\/\"},\"wordCount\":759,\"publisher\":{\"@id\":\"https:\/\/progettotouring.it\/radiotouring104\/#organization\"},\"image\":{\"@id\":\"https:\/\/progettotouring.it\/radiotouring104\/2024\/04\/19\/reggio-inaugurata-agenzia-beni-confiscati-in-presenza-del-ministro-piantedosi\/#primaryimage\"},\"thumbnailUrl\":\"https:\/\/progettotouring.it\/radiotouring104\/wp-content\/uploads\/sites\/6\/2023\/10\/brunetti-piantedosi-1.jpg\",\"keywords\":[\"Agenzia Beni confiscati\",\"inaugurazione\",\"Matteo Piantedosi a Reggio\",\"Occhiuto\",\"on.le Wanda Ferro\"],\"articleSection\":[\"Home\",\"News\",\"Reggio Calabria\"],\"inLanguage\":\"it-IT\"},{\"@type\":\"WebPage\",\"@id\":\"https:\/\/progettotouring.it\/radiotouring104\/2024\/04\/19\/reggio-inaugurata-agenzia-beni-confiscati-in-presenza-del-ministro-piantedosi\/\",\"url\":\"https:\/\/progettotouring.it\/radiotouring104\/2024\/04\/19\/reggio-inaugurata-agenzia-beni-confiscati-in-presenza-del-ministro-piantedosi\/\",\"name\":\"Reggio: inaugurata Agenzia Beni Confiscati, presente Piantedosi\",\"isPartOf\":{\"@id\":\"https:\/\/progettotouring.it\/radiotouring104\/#website\"},\"primaryImageOfPage\":{\"@id\":\"https:\/\/progettotouring.it\/radiotouring104\/2024\/04\/19\/reggio-inaugurata-agenzia-beni-confiscati-in-presenza-del-ministro-piantedosi\/#primaryimage\"},\"image\":{\"@id\":\"https:\/\/progettotouring.it\/radiotouring104\/2024\/04\/19\/reggio-inaugurata-agenzia-beni-confiscati-in-presenza-del-ministro-piantedosi\/#primaryimage\"},\"thumbnailUrl\":\"https:\/\/progettotouring.it\/radiotouring104\/wp-content\/uploads\/sites\/6\/2023\/10\/brunetti-piantedosi-1.jpg\",\"datePublished\":\"2024-04-19T07:10:42+00:00\",\"dateModified\":\"2024-04-19T07:15:03+00:00\",\"description\":\"Piantedosi: \\\"Assegnati 23.710 immobili e 2.223 aziende confiscati\\\". Occhiuto: 'Affidare alla Regione le aziende confiscate'\\\"\",\"breadcrumb\":{\"@id\":\"https:\/\/progettotouring.it\/radiotouring104\/2024\/04\/19\/reggio-inaugurata-agenzia-beni-confiscati-in-presenza-del-ministro-piantedosi\/#breadcrumb\"},\"inLanguage\":\"it-IT\",\"potentialAction\":[{\"@type\":\"ReadAction\",\"target\":[\"https:\/\/progettotouring.it\/radiotouring104\/2024\/04\/19\/reggio-inaugurata-agenzia-beni-confiscati-in-presenza-del-ministro-piantedosi\/\"]}]},{\"@type\":\"ImageObject\",\"inLanguage\":\"it-IT\",\"@id\":\"https:\/\/progettotouring.it\/radiotouring104\/2024\/04\/19\/reggio-inaugurata-agenzia-beni-confiscati-in-presenza-del-ministro-piantedosi\/#primaryimage\",\"url\":\"https:\/\/progettotouring.it\/radiotouring104\/wp-content\/uploads\/sites\/6\/2023\/10\/brunetti-piantedosi-1.jpg\",\"contentUrl\":\"https:\/\/progettotouring.it\/radiotouring104\/wp-content\/uploads\/sites\/6\/2023\/10\/brunetti-piantedosi-1.jpg\",\"width\":1920,\"height\":1080},{\"@type\":\"BreadcrumbList\",\"@id\":\"https:\/\/progettotouring.it\/radiotouring104\/2024\/04\/19\/reggio-inaugurata-agenzia-beni-confiscati-in-presenza-del-ministro-piantedosi\/#breadcrumb\",\"itemListElement\":[{\"@type\":\"ListItem\",\"position\":1,\"name\":\"Home\",\"item\":\"https:\/\/progettotouring.it\/radiotouring104\/\"},{\"@type\":\"ListItem\",\"position\":2,\"name\":\"Reggio: inaugurata Agenzia Beni Confiscati. Presente il Ministro Piantedosi\"}]},{\"@type\":\"WebSite\",\"@id\":\"https:\/\/progettotouring.it\/radiotouring104\/#website\",\"url\":\"https:\/\/progettotouring.it\/radiotouring104\/\",\"name\":\"Radio Touring 104\",\"description\":\"La prima radio Reggina\",\"publisher\":{\"@id\":\"https:\/\/progettotouring.it\/radiotouring104\/#organization\"},\"potentialAction\":[{\"@type\":\"SearchAction\",\"target\":{\"@type\":\"EntryPoint\",\"urlTemplate\":\"https:\/\/progettotouring.it\/radiotouring104\/?s={search_term_string}\"},\"query-input\":{\"@type\":\"PropertyValueSpecification\",\"valueRequired\":true,\"valueName\":\"search_term_string\"}}],\"inLanguage\":\"it-IT\"},{\"@type\":\"Organization\",\"@id\":\"https:\/\/progettotouring.it\/radiotouring104\/#organization\",\"name\":\"Radio Touring 104\",\"url\":\"https:\/\/progettotouring.it\/radiotouring104\/\",\"logo\":{\"@type\":\"ImageObject\",\"inLanguage\":\"it-IT\",\"@id\":\"https:\/\/progettotouring.it\/radiotouring104\/#\/schema\/logo\/image\/\",\"url\":\"https:\/\/progettotouring.it\/radiotouring104\/wp-content\/uploads\/sites\/6\/2022\/02\/cropped-logo-radio-touring-104.png\",\"contentUrl\":\"https:\/\/progettotouring.it\/radiotouring104\/wp-content\/uploads\/sites\/6\/2022\/02\/cropped-logo-radio-touring-104.png\",\"width\":377,\"height\":182,\"caption\":\"Radio Touring 104\"},\"image\":{\"@id\":\"https:\/\/progettotouring.it\/radiotouring104\/#\/schema\/logo\/image\/\"}},{\"@type\":\"Person\",\"@id\":\"https:\/\/progettotouring.it\/radiotouring104\/#\/schema\/person\/78613917f1851f041f7483f5af1d422e\",\"name\":\"Sebastiano Plutino\",\"image\":{\"@type\":\"ImageObject\",\"inLanguage\":\"it-IT\",\"@id\":\"https:\/\/secure.gravatar.com\/avatar\/0546ffaa9b79224faf9f2a156b67a529ae861d3287c66c1d8ccfdf909bcba78d?s=96&d=mm&r=g\",\"url\":\"https:\/\/secure.gravatar.com\/avatar\/0546ffaa9b79224faf9f2a156b67a529ae861d3287c66c1d8ccfdf909bcba78d?s=96&d=mm&r=g\",\"contentUrl\":\"https:\/\/secure.gravatar.com\/avatar\/0546ffaa9b79224faf9f2a156b67a529ae861d3287c66c1d8ccfdf909bcba78d?s=96&d=mm&r=g\",\"caption\":\"Sebastiano Plutino\"},\"url\":\"https:\/\/progettotouring.it\/radiotouring104\/author\/sebastiano\/\"}]}<\/script>\n<!-- \/ Yoast SEO plugin. -->","yoast_head_json":{"title":"Reggio: inaugurata Agenzia Beni Confiscati, presente Piantedosi","description":"Piantedosi: \"Assegnati 23.710 immobili e 2.223 aziende confiscati\". Occhiuto: 'Affidare alla Regione le aziende confiscate'\"","robots":{"index":"index","follow":"follow","max-snippet":"max-snippet:-1","max-image-preview":"max-image-preview:large","max-video-preview":"max-video-preview:-1"},"canonical":"https:\/\/progettotouring.it\/radiotouring104\/2024\/04\/19\/reggio-inaugurata-agenzia-beni-confiscati-in-presenza-del-ministro-piantedosi\/","og_locale":"it_IT","og_type":"article","og_title":"Reggio: inaugurata Agenzia Beni Confiscati, presente Piantedosi","og_description":"Piantedosi: \"Assegnati 23.710 immobili e 2.223 aziende confiscati\". Occhiuto: 'Affidare alla Regione le aziende confiscate'\"","og_url":"https:\/\/progettotouring.it\/radiotouring104\/2024\/04\/19\/reggio-inaugurata-agenzia-beni-confiscati-in-presenza-del-ministro-piantedosi\/","og_site_name":"Radio Touring 104","article_published_time":"2024-04-19T07:10:42+00:00","article_modified_time":"2024-04-19T07:15:03+00:00","og_image":[{"width":1920,"height":1080,"url":"https:\/\/progettotouring.it\/radiotouring104\/wp-content\/uploads\/sites\/6\/2023\/10\/brunetti-piantedosi-1.jpg","type":"image\/jpeg"}],"author":"Sebastiano Plutino","twitter_card":"summary_large_image","twitter_misc":{"Scritto da":"Sebastiano Plutino","Tempo di lettura stimato":"4 minuti"},"schema":{"@context":"https:\/\/schema.org","@graph":[{"@type":"Article","@id":"https:\/\/progettotouring.it\/radiotouring104\/2024\/04\/19\/reggio-inaugurata-agenzia-beni-confiscati-in-presenza-del-ministro-piantedosi\/#article","isPartOf":{"@id":"https:\/\/progettotouring.it\/radiotouring104\/2024\/04\/19\/reggio-inaugurata-agenzia-beni-confiscati-in-presenza-del-ministro-piantedosi\/"},"author":{"name":"Sebastiano Plutino","@id":"https:\/\/progettotouring.it\/radiotouring104\/#\/schema\/person\/78613917f1851f041f7483f5af1d422e"},"headline":"Reggio: inaugurata Agenzia Beni Confiscati. Presente il Ministro Piantedosi","datePublished":"2024-04-19T07:10:42+00:00","dateModified":"2024-04-19T07:15:03+00:00","mainEntityOfPage":{"@id":"https:\/\/progettotouring.it\/radiotouring104\/2024\/04\/19\/reggio-inaugurata-agenzia-beni-confiscati-in-presenza-del-ministro-piantedosi\/"},"wordCount":759,"publisher":{"@id":"https:\/\/progettotouring.it\/radiotouring104\/#organization"},"image":{"@id":"https:\/\/progettotouring.it\/radiotouring104\/2024\/04\/19\/reggio-inaugurata-agenzia-beni-confiscati-in-presenza-del-ministro-piantedosi\/#primaryimage"},"thumbnailUrl":"https:\/\/progettotouring.it\/radiotouring104\/wp-content\/uploads\/sites\/6\/2023\/10\/brunetti-piantedosi-1.jpg","keywords":["Agenzia Beni confiscati","inaugurazione","Matteo Piantedosi a Reggio","Occhiuto","on.le Wanda Ferro"],"articleSection":["Home","News","Reggio Calabria"],"inLanguage":"it-IT"},{"@type":"WebPage","@id":"https:\/\/progettotouring.it\/radiotouring104\/2024\/04\/19\/reggio-inaugurata-agenzia-beni-confiscati-in-presenza-del-ministro-piantedosi\/","url":"https:\/\/progettotouring.it\/radiotouring104\/2024\/04\/19\/reggio-inaugurata-agenzia-beni-confiscati-in-presenza-del-ministro-piantedosi\/","name":"Reggio: inaugurata Agenzia Beni Confiscati, presente Piantedosi","isPartOf":{"@id":"https:\/\/progettotouring.it\/radiotouring104\/#website"},"primaryImageOfPage":{"@id":"https:\/\/progettotouring.it\/radiotouring104\/2024\/04\/19\/reggio-inaugurata-agenzia-beni-confiscati-in-presenza-del-ministro-piantedosi\/#primaryimage"},"image":{"@id":"https:\/\/progettotouring.it\/radiotouring104\/2024\/04\/19\/reggio-inaugurata-agenzia-beni-confiscati-in-presenza-del-ministro-piantedosi\/#primaryimage"},"thumbnailUrl":"https:\/\/progettotouring.it\/radiotouring104\/wp-content\/uploads\/sites\/6\/2023\/10\/brunetti-piantedosi-1.jpg","datePublished":"2024-04-19T07:10:42+00:00","dateModified":"2024-04-19T07:15:03+00:00","description":"Piantedosi: \"Assegnati 23.710 immobili e 2.223 aziende confiscati\". Occhiuto: 'Affidare alla Regione le aziende confiscate'\"","breadcrumb":{"@id":"https:\/\/progettotouring.it\/radiotouring104\/2024\/04\/19\/reggio-inaugurata-agenzia-beni-confiscati-in-presenza-del-ministro-piantedosi\/#breadcrumb"},"inLanguage":"it-IT","potentialAction":[{"@type":"ReadAction","target":["https:\/\/progettotouring.it\/radiotouring104\/2024\/04\/19\/reggio-inaugurata-agenzia-beni-confiscati-in-presenza-del-ministro-piantedosi\/"]}]},{"@type":"ImageObject","inLanguage":"it-IT","@id":"https:\/\/progettotouring.it\/radiotouring104\/2024\/04\/19\/reggio-inaugurata-agenzia-beni-confiscati-in-presenza-del-ministro-piantedosi\/#primaryimage","url":"https:\/\/progettotouring.it\/radiotouring104\/wp-content\/uploads\/sites\/6\/2023\/10\/brunetti-piantedosi-1.jpg","contentUrl":"https:\/\/progettotouring.it\/radiotouring104\/wp-content\/uploads\/sites\/6\/2023\/10\/brunetti-piantedosi-1.jpg","width":1920,"height":1080},{"@type":"BreadcrumbList","@id":"https:\/\/progettotouring.it\/radiotouring104\/2024\/04\/19\/reggio-inaugurata-agenzia-beni-confiscati-in-presenza-del-ministro-piantedosi\/#breadcrumb","itemListElement":[{"@type":"ListItem","position":1,"name":"Home","item":"https:\/\/progettotouring.it\/radiotouring104\/"},{"@type":"ListItem","position":2,"name":"Reggio: inaugurata Agenzia Beni Confiscati. Presente il Ministro Piantedosi"}]},{"@type":"WebSite","@id":"https:\/\/progettotouring.it\/radiotouring104\/#website","url":"https:\/\/progettotouring.it\/radiotouring104\/","name":"Radio Touring 104","description":"La prima radio Reggina","publisher":{"@id":"https:\/\/progettotouring.it\/radiotouring104\/#organization"},"potentialAction":[{"@type":"SearchAction","target":{"@type":"EntryPoint","urlTemplate":"https:\/\/progettotouring.it\/radiotouring104\/?s={search_term_string}"},"query-input":{"@type":"PropertyValueSpecification","valueRequired":true,"valueName":"search_term_string"}}],"inLanguage":"it-IT"},{"@type":"Organization","@id":"https:\/\/progettotouring.it\/radiotouring104\/#organization","name":"Radio Touring 104","url":"https:\/\/progettotouring.it\/radiotouring104\/","logo":{"@type":"ImageObject","inLanguage":"it-IT","@id":"https:\/\/progettotouring.it\/radiotouring104\/#\/schema\/logo\/image\/","url":"https:\/\/progettotouring.it\/radiotouring104\/wp-content\/uploads\/sites\/6\/2022\/02\/cropped-logo-radio-touring-104.png","contentUrl":"https:\/\/progettotouring.it\/radiotouring104\/wp-content\/uploads\/sites\/6\/2022\/02\/cropped-logo-radio-touring-104.png","width":377,"height":182,"caption":"Radio Touring 104"},"image":{"@id":"https:\/\/progettotouring.it\/radiotouring104\/#\/schema\/logo\/image\/"}},{"@type":"Person","@id":"https:\/\/progettotouring.it\/radiotouring104\/#\/schema\/person\/78613917f1851f041f7483f5af1d422e","name":"Sebastiano Plutino","image":{"@type":"ImageObject","inLanguage":"it-IT","@id":"https:\/\/secure.gravatar.com\/avatar\/0546ffaa9b79224faf9f2a156b67a529ae861d3287c66c1d8ccfdf909bcba78d?s=96&d=mm&r=g","url":"https:\/\/secure.gravatar.com\/avatar\/0546ffaa9b79224faf9f2a156b67a529ae861d3287c66c1d8ccfdf909bcba78d?s=96&d=mm&r=g","contentUrl":"https:\/\/secure.gravatar.com\/avatar\/0546ffaa9b79224faf9f2a156b67a529ae861d3287c66c1d8ccfdf909bcba78d?s=96&d=mm&r=g","caption":"Sebastiano Plutino"},"url":"https:\/\/progettotouring.it\/radiotouring104\/author\/sebastiano\/"}]}},"jetpack_publicize_connections":[],"jetpack_featured_media_url":"https:\/\/progettotouring.it\/radiotouring104\/wp-content\/uploads\/sites\/6\/2023\/10\/brunetti-piantedosi-1.jpg","jetpack_sharing_enabled":true,"_links":{"self":[{"href":"https:\/\/progettotouring.it\/radiotouring104\/wp-json\/wp\/v2\/posts\/49599","targetHints":{"allow":["GET"]}}],"collection":[{"href":"https:\/\/progettotouring.it\/radiotouring104\/wp-json\/wp\/v2\/posts"}],"about":[{"href":"https:\/\/progettotouring.it\/radiotouring104\/wp-json\/wp\/v2\/types\/post"}],"author":[{"embeddable":true,"href":"https:\/\/progettotouring.it\/radiotouring104\/wp-json\/wp\/v2\/users\/12"}],"replies":[{"embeddable":true,"href":"https:\/\/progettotouring.it\/radiotouring104\/wp-json\/wp\/v2\/comments?post=49599"}],"version-history":[{"count":4,"href":"https:\/\/progettotouring.it\/radiotouring104\/wp-json\/wp\/v2\/posts\/49599\/revisions"}],"predecessor-version":[{"id":49604,"href":"https:\/\/progettotouring.it\/radiotouring104\/wp-json\/wp\/v2\/posts\/49599\/revisions\/49604"}],"wp:featuredmedia":[{"embeddable":true,"href":"https:\/\/progettotouring.it\/radiotouring104\/wp-json\/wp\/v2\/media\/36258"}],"wp:attachment":[{"href":"https:\/\/progettotouring.it\/radiotouring104\/wp-json\/wp\/v2\/media?parent=49599"}],"wp:term":[{"taxonomy":"category","embeddable":true,"href":"https:\/\/progettotouring.it\/radiotouring104\/wp-json\/wp\/v2\/categories?post=49599"},{"taxonomy":"post_tag","embeddable":true,"href":"https:\/\/progettotouring.it\/radiotouring104\/wp-json\/wp\/v2\/tags?post=49599"}],"curies":[{"name":"wp","href":"https:\/\/api.w.org\/{rel}","templated":true}]}}