{"id":49608,"date":"2024-04-19T09:23:30","date_gmt":"2024-04-19T07:23:30","guid":{"rendered":"https:\/\/progettotouring.it\/radiotouring104\/?p=49608"},"modified":"2024-04-19T13:13:54","modified_gmt":"2024-04-19T11:13:54","slug":"autonomiaautonomia-approvato-in-consiglio-regionale-dalla-maggioranza-di-centrodestra-il-documento","status":"publish","type":"post","link":"https:\/\/progettotouring.it\/radiotouring104\/2024\/04\/19\/autonomiaautonomia-approvato-in-consiglio-regionale-dalla-maggioranza-di-centrodestra-il-documento\/","title":{"rendered":"Autonomia: approvato in Consiglio Regionale dalla Maggioranza di Centrodestra il documento"},"content":{"rendered":"<p style=\"text-align: justify\"><em>&#8220;Serve una preventiva analisi d&#8217;impatto anche sulle materie escluse dalla determinazione dei Lep. Senza questo indispensabile approfondimento nessuna intesa Stato-Regioni potr\u00e0 essere formalizzata sull&#8217;Autonomia differenziata&#8221;.<\/em><\/p>\n<p style=\"text-align: justify\"><strong>\u00c8 quanto afferma il Consiglio regionale della Calabria in un documento<\/strong> proposto dalla maggioranza di centrodestra (Forza Italia, Fratelli d&#8217;Italia, Lega e Forza Azzurri, insieme ad Azione)<strong> ed approvato con i voti di quest&#8217;ultima<\/strong> a conclusione del <strong>dibattito sull&#8217;autonomia differenziata<\/strong>. La minoranza di centrosinistra ha votato contro.<\/p>\n<p style=\"text-align: justify\"><em>&#8220;Il Consiglio regionale della Calabria <strong>&#8211;<\/strong><\/em><strong> si afferma nel documento<\/strong> <em>&#8211; ritiene che sia necessario attivarsi, per quanto di competenza, e a vigilare con estrema attenzione, affinch\u00e9 i diritti sociali e civili siano garantiti a tutti i cittadini su tutto il territorio nazionale, assicurando la possibilit\u00e0 di fare intese, ai sensi dell&#8217;articolo 116 della Costituzione, solo a seguito del preventivo finanziamento integrale di tutti i livelli essenziali delle prestazioni in tutte le regioni&#8221;.<\/em><\/p>\n<p style=\"text-align: justify\"><em>&#8220;\u00c9 necessario, inoltre &#8211;<\/em><strong> si aggiunge<\/strong> &#8211; <em>impegnarsi per proporre i passaggi necessari con governo e Parlamento affinch\u00e9 l&#8217;attribuzione di funzioni relative alle ulteriori forme e condizioni particolari di autonomia sulle materie escluse dalla determinazione dei Lep sia consentita solo a seguito della discussione e dell&#8217;approvazione di un&#8217;analisi d&#8217;impatto delle ipotesi di intervento normativo e regolamentare regionale ricadenti sulle attivit\u00e0 dei cittadini e delle imprese e sull&#8217;organizzazione e sul funzionamento delle pubbliche amministrazioni, per assicurare, anche in questi ulteriori ambiti, il corretto funzionamento concorrenziale del mercato, la tutela delle libert\u00e0 individuali e la tenuta dei principi generali dell&#8217;ordinamento&#8221;.\u00a0<\/em><\/p>\n<p>&nbsp;<\/p>\n<h3 style=\"text-align: justify\">Autonomia, Mancuso: &#8220;Condivisibile l\u2019obiettivo di rafforzare le prerogative delle autonomie, ampliandone i poteri e le competenze&#8221;<\/h3>\n<div class=\"application-pane\">\n<div class=\"main-pane\">\n<div id=\"application-stack\" class=\"dijitContainer dijitStackContainer dijitLayoutContainer\" dir=\"ltr\" role=\"tabpanel\">\n<div id=\"webmail-page\" class=\"main-page dijitContentPane dijitStackContainer-child dijitStackContainer-dijitContentPane dijitVisible menu-not-pinned is-next is-previous\" role=\"group\">\n<div class=\"main-page-center-pane\">\n<div class=\"main-page-pane-with-toolbar\">\n<div class=\"main-content\">\n<div id=\"uiLogic_util_StackContainer_0\" class=\"content-stack-container dijitContainer dijitStackContainer dijitLayoutContainer leading-active componentVisible\" dir=\"ltr\" role=\"tabpanel\">\n<div id=\"uiLogic_webmail_WebmailFoldersManager_0\" class=\"webmailfoldersmanager messages-compose-compofeedback-stack dijitContainer dijitStackContainer dijitLayoutContainer dijitStackContainer-child dijitStackContainer-dijitStackContainer dijitVisible componentVisible\" dir=\"ltr\" role=\"tabpanel\">\n<div id=\"dijit_layout_BorderContainer_0\" class=\"trailing-1 messages-container dijitContainer dijitBorderContainer dijitStackContainer-child dijitStackContainer-dijitBorderContainer dijitVisible componentVisible center-active trailing-active\" dir=\"ltr\" lang=\"\">\n<div id=\"dijit_layout_ContentPane_0\" class=\"dijitContentPane dijitBorderContainer-child dijitBorderContainer-dijitContentPane dijitBorderContainerPane dijitContentPaneSingleChild\" dir=\"ltr\" lang=\"\" role=\"group\">\n<div id=\"xandmail_widget_layout_RelativeBorderContainer_0\" class=\"dijitContainer dijitBorderContainer\" dir=\"ltr\" lang=\"\">\n<div id=\"dijit_layout_StackContainer_0\" class=\"dijitContainer dijitStackContainer dijitLayoutContainer dijitBorderContainer-child dijitBorderContainer-dijitStackContainer dijitBorderContainerPane\" dir=\"ltr\" lang=\"\" role=\"tabpanel\">\n<div id=\"dijit_layout_ContentPane_4\" class=\"component-page item-view webmail-view trailing-1 webmail-view-page dijitContentPane dijitStackContainer-child dijitStackContainer-dijitContentPane dijitVisible dijitContentPaneSingleChild\" dir=\"ltr\" lang=\"\" role=\"group\">\n<div id=\"dijit_layout_BorderContainer_4\" class=\"message dijitContainer dijitBorderContainer flagged\" dir=\"ltr\">\n<div id=\"dijit_layout_ContentPane_15\" class=\"content dijitContentPane dijitBorderContainer-child dijitBorderContainer-dijitContentPane dijitBorderContainerPane\" dir=\"ltr\" role=\"group\">\n<div class=\"message-section\">\n<div class=\"content-message\">\n<div class=\"text msg-view-text\" role=\"text\">\n<div class=\"msg-view-text-cnt\">\n<div class=\"xam_msg_class\">\n<p style=\"text-align: justify\">Avverto il dovere di ringraziare tutti voi, sia per la qualit\u00e0 degli interventi che per il senso di responsabilit\u00e0 con cui quest\u2019Aula si sta misurando con una questione di grande importanza.<\/p>\n<p style=\"text-align: justify\">Quest\u2019Aula si \u00e8 sempre approcciata alla riforma, anche nella discussione tenuta a marzo 2023, con una chiara visione unitaria e il dovere imprescindibile di tutela degli interessi della Calabria e del Sud.<\/p>\n<p style=\"text-align: justify\">La mia opinione \u00e8 che dell\u2019autonomia differenziata \u00e8 condivisibile l\u2019obiettivo di rafforzare le prerogative delle autonomie, ampliandone i poteri e le competenze, per ridare nuovo protagonismo alle Regioni che debbono assumersi il compito di governare efficientemente la spesa pubblica.<\/p>\n<p style=\"text-align: justify\">Cos\u00ec come sono condivisibili il superamento dell\u2019iniquo metodo della \u2018spesa storica\u2019 che penalizza il Mezzogiorno, l\u2019individuazione dei \u2018Lep\u2019e il loro contestuale finanziamento, nonch\u00e9 gli altri accorgimenti per garantire ai cittadini, ovunque risiedano, pari diritti civili e sociali e analoghi servizi.<\/p>\n<p style=\"text-align: justify\">In questo senso, la riforma pu\u00f2 essere un\u2019opportunit\u00e0 per il Paese e per il Sud, che registra da decenni gravi divari di cittadinanza col resto del Paese.<\/p>\n<p style=\"text-align: justify\">Un\u2019opportunit\u00e0, purch\u00e9 si diano al Mezzogiorno le rassicurazioni richieste, inclusa l\u2019attenzione da riservare alle materie non rientranti nei Lep che, se fossero devolute alle Regioni prim\u2019ancora che la riforma sia attuata nella sua complessit\u00e0, penalizzerebbero le Regioni meridionali.<\/p>\n<p style=\"text-align: justify\">Avverto anch\u2019io, come tutti voi, la responsabilit\u00e0 che tocca assumersi rispetto a una scelta che deve consolidare l\u2019unit\u00e0 nazionale.<\/p>\n<p style=\"text-align: justify\">Da Presidente del Consiglio ho sempre auspicato, e mi pare che cos\u00ec sia stato, che il dibattito puntasse al confronto nel merito delle questioni.<\/p>\n<p style=\"text-align: justify\">Ognuno di noi ha legami politici che lo indurrebbero a ribadire in quest\u2019Aula le posizioni dei rispettivi leader nazionali, ma al contempo ognuno di noi \u00e8 anche parte di una regione che ha accumulato problemi e ritardi di sviluppo che ci impongono di anteporre a tutto il resto gli interessi delle nostre comunit\u00e0.<\/p>\n<p class=\"xmprfx_elementToProof\">\n<\/div>\n<\/div>\n<div class=\"msg-view-attach-preview\"><\/div>\n<\/div>\n<\/div>\n<\/div>\n<div id=\"uiLogic_webmail__view_ListReceipt_0\" class=\"pec-receipts-section light-list spaced-view webmail-inbox-list\" dir=\"ltr\">\n<div><\/div>\n<\/div>\n<\/div>\n<div id=\"dijit_layout_ContentPane_15_splitter\" class=\"dijitGutter dijitGutterV\" role=\"presentation\"><\/div>\n<\/div>\n<\/div>\n<\/div>\n<div id=\"dijit_layout_StackContainer_0_splitter\" class=\"dijitSplitter dijitSplitterV\" role=\"separator\">\n<div class=\"dijitSplitterThumb\"><\/div>\n<\/div>\n<\/div>\n<\/div>\n<div id=\"dijit_layout_ContentPane_0_splitter\" class=\"dijitGutter dijitGutterV\" role=\"presentation\"><\/div>\n<\/div>\n<\/div>\n<\/div>\n<\/div>\n<\/div>\n<\/div>\n<\/div>\n<\/div>\n<\/div>\n<div id=\"xamGlobalDock\" class=\"xamDock\" dir=\"ltr\">\n<div class=\"docking-pane-container\"><\/div>\n<div class=\"summary-pane-container\"><\/div>\n<\/div>\n<\/div>\n<div class=\"dijitPopup\" role=\"presentation\">\n<div id=\"dijit_TooltipDialog_0\" class=\"user-ffn-tooltip-dialog dijitTooltipABRight dijitTooltipDialog\" dir=\"ltr\" lang=\"\" role=\"presentation\">\n<div class=\"dijitTooltipContainer\" role=\"presentation\">\n<div class=\"dijitTooltipContents dijitTooltipFocusNode\" role=\"dialog\">\n<div class=\"user-menu\">\n<div class=\"user-menu-title\">\n<div id=\"uiLogic_util_UserAvatarPicker_0\" class=\"avatar-picker-cnt avatar-picker default-avatar avatar-picker-text\" dir=\"ltr\" lang=\"\">\n<div class=\"avatar-picker-photo-cnt\">\n<div class=\"avatar-picker-photo\">\n<div><\/div>\n<\/div>\n<\/div>\n<\/div>\n<div class=\"user-menu-title-cnt flex-column\">\n<div class=\"flex\">\n<div class=\"user-menu-emailffn-cnt flex-column\">\n<div class=\"user-menu-ffn\"><\/div>\n<div class=\"user-menu-email-cnt\">\n<div class=\"user-menu-email\"><\/div>\n<div class=\"user-pecplus\"><\/div>\n<\/div>\n<\/div>\n<div class=\"user-menu-link link\" data-monitoring-name=\"pe_profile_logout\"><\/div>\n<\/div>\n<\/div>\n<\/div>\n<\/div>\n<\/div>\n<\/div>\n<\/div>\n<\/div>\n<div class=\"dijitPopup\" role=\"presentation\">\n<table id=\"uiLogic_webmail_selection_MessageMenu_0\" class=\"dijit dijitMenu dijitMenuPassive dijitReset dijitMenuTable\" role=\"menu\" cellspacing=\"0\">\n<tbody class=\"dijitReset\">\n<tr id=\"dijit_MenuItem_36\" class=\"dijitReset dijitMenuItem\" role=\"menuitem\" aria-labelledby=\"dijit_MenuItem_36_text dijit_MenuItem_36_accel\">\n<td class=\"dijitReset dijitMenuItemIconCell\" role=\"presentation\"><img decoding=\"async\" class=\"dijitIcon dijitMenuItemIcon\" src=\"https:\/\/webmail.aruba.it\/smart\/javascript\/release\/dojo\/dojo\/resources\/blank.gif\" alt=\"\" \/><\/td>\n<td id=\"dijit_MenuItem_36_text\" class=\"dijitReset dijitMenuItemLabel\" colspan=\"2\"><\/td>\n<td class=\"dijitReset dijitMenuArrowCell\" role=\"presentation\">\n<div><img decoding=\"async\" class=\"dijitMenuExpand\" src=\"https:\/\/webmail.aruba.it\/smart\/javascript\/release\/dojo\/dojo\/resources\/blank.gif\" alt=\"\" \/><\/div>\n<\/td>\n<\/tr>\n<tr id=\"dijit_MenuItem_37\" class=\"dijitReset dijitMenuItem\" role=\"menuitem\" aria-labelledby=\"dijit_MenuItem_37_text dijit_MenuItem_37_accel\">\n<td class=\"dijitReset dijitMenuItemIconCell\" role=\"presentation\"><img decoding=\"async\" class=\"dijitIcon dijitMenuItemIcon\" src=\"https:\/\/webmail.aruba.it\/smart\/javascript\/release\/dojo\/dojo\/resources\/blank.gif\" alt=\"\" \/><\/td>\n<td id=\"dijit_MenuItem_37_text\" class=\"dijitReset dijitMenuItemLabel\" colspan=\"2\"><\/td>\n<td class=\"dijitReset dijitMenuArrowCell\" role=\"presentation\">\n<div><img decoding=\"async\" class=\"dijitMenuExpand\" src=\"https:\/\/webmail.aruba.it\/smart\/javascript\/release\/dojo\/dojo\/resources\/blank.gif\" alt=\"\" \/><\/div>\n<\/td>\n<\/tr>\n<tr id=\"dijit_MenuItem_38\" class=\"dijitReset dijitMenuItem\" role=\"menuitem\" aria-labelledby=\"dijit_MenuItem_38_text dijit_MenuItem_38_accel\">\n<td class=\"dijitReset dijitMenuItemIconCell\" role=\"presentation\"><img decoding=\"async\" class=\"dijitIcon dijitMenuItemIcon\" src=\"https:\/\/webmail.aruba.it\/smart\/javascript\/release\/dojo\/dojo\/resources\/blank.gif\" alt=\"\" \/><\/td>\n<td id=\"dijit_MenuItem_38_text\" class=\"dijitReset dijitMenuItemLabel\" colspan=\"2\"><\/td>\n<td class=\"dijitReset dijitMenuArrowCell\" role=\"presentation\">\n<div><img decoding=\"async\" class=\"dijitMenuExpand\" src=\"https:\/\/webmail.aruba.it\/smart\/javascript\/release\/dojo\/dojo\/resources\/blank.gif\" alt=\"\" \/><\/div>\n<\/td>\n<\/tr>\n<tr id=\"dijit_MenuItem_39\" class=\"dijitReset dijitMenuItem\" role=\"menuitem\" aria-labelledby=\"dijit_MenuItem_39_text dijit_MenuItem_39_accel\">\n<td class=\"dijitReset dijitMenuItemIconCell\" role=\"presentation\"><img decoding=\"async\" class=\"dijitIcon dijitMenuItemIcon\" src=\"https:\/\/webmail.aruba.it\/smart\/javascript\/release\/dojo\/dojo\/resources\/blank.gif\" alt=\"\" \/><\/td>\n<td id=\"dijit_MenuItem_39_text\" class=\"dijitReset dijitMenuItemLabel\" colspan=\"2\"><\/td>\n<td class=\"dijitReset dijitMenuArrowCell\" role=\"presentation\">\n<div><img decoding=\"async\" class=\"dijitMenuExpand\" src=\"https:\/\/webmail.aruba.it\/smart\/javascript\/release\/dojo\/dojo\/resources\/blank.gif\" alt=\"\" \/><\/div>\n<\/td>\n<\/tr>\n<tr id=\"dijit_MenuSeparator_5\" class=\"dijitMenuSeparator\">\n<td class=\"dijitMenuSeparatorIconCell\">\n<div class=\"dijitMenuSeparatorTop\"><\/div>\n<div class=\"dijitMenuSeparatorBottom\"><\/div>\n<\/td>\n<td class=\"dijitMenuSeparatorLabelCell\" colspan=\"3\">\n<div class=\"dijitMenuSeparatorTop dijitMenuSeparatorLabel\"><\/div>\n<div class=\"dijitMenuSeparatorBottom\"><\/div>\n<\/td>\n<\/tr>\n<tr id=\"dijit_MenuItem_40\" class=\"dijitReset dijitMenuItem\" role=\"menuitem\" aria-labelledby=\"dijit_MenuItem_40_text dijit_MenuItem_40_accel\">\n<td class=\"dijitReset dijitMenuItemIconCell\" role=\"presentation\"><img decoding=\"async\" class=\"dijitIcon dijitMenuItemIcon\" src=\"https:\/\/webmail.aruba.it\/smart\/javascript\/release\/dojo\/dojo\/resources\/blank.gif\" alt=\"\" \/><\/td>\n<td id=\"dijit_MenuItem_40_text\" class=\"dijitReset dijitMenuItemLabel\" colspan=\"2\"><\/td>\n<td class=\"dijitReset dijitMenuArrowCell\" role=\"presentation\">\n<div><img decoding=\"async\" class=\"dijitMenuExpand\" src=\"https:\/\/webmail.aruba.it\/smart\/javascript\/release\/dojo\/dojo\/resources\/blank.gif\" alt=\"\" \/><\/div>\n<\/td>\n<\/tr>\n<tr id=\"dijit_PopupMenuItem_1\" class=\"dijitReset dijitMenuItem\" role=\"menuitem\" aria-labelledby=\"dijit_PopupMenuItem_1_text dijit_PopupMenuItem_1_accel\">\n<td class=\"dijitReset dijitMenuItemIconCell\" role=\"presentation\"><img decoding=\"async\" class=\"dijitIcon dijitMenuItemIcon\" src=\"https:\/\/webmail.aruba.it\/smart\/javascript\/release\/dojo\/dojo\/resources\/blank.gif\" alt=\"\" \/><\/td>\n<td id=\"dijit_PopupMenuItem_1_text\" class=\"dijitReset dijitMenuItemLabel\" colspan=\"2\"><\/td>\n<td class=\"dijitReset dijitMenuArrowCell\" role=\"presentation\">\n<div><img decoding=\"async\" class=\"dijitMenuExpand\" src=\"https:\/\/webmail.aruba.it\/smart\/javascript\/release\/dojo\/dojo\/resources\/blank.gif\" alt=\"\" \/><\/div>\n<\/td>\n<\/tr>\n<tr id=\"dijit_MenuItem_47\" class=\"dijitReset dijitMenuItem\" role=\"menuitem\" aria-labelledby=\"dijit_MenuItem_47_text dijit_MenuItem_47_accel\">\n<td class=\"dijitReset dijitMenuItemIconCell\" role=\"presentation\"><img decoding=\"async\" class=\"dijitIcon dijitMenuItemIcon\" src=\"https:\/\/webmail.aruba.it\/smart\/javascript\/release\/dojo\/dojo\/resources\/blank.gif\" alt=\"\" \/><\/td>\n<td id=\"dijit_MenuItem_47_text\" class=\"dijitReset dijitMenuItemLabel\" colspan=\"2\"><\/td>\n<td class=\"dijitReset dijitMenuArrowCell\" role=\"presentation\">\n<div><img decoding=\"async\" class=\"dijitMenuExpand\" src=\"https:\/\/webmail.aruba.it\/smart\/javascript\/release\/dojo\/dojo\/resources\/blank.gif\" alt=\"\" \/><\/div>\n<\/td>\n<\/tr>\n<tr id=\"dijit_MenuItem_48\" class=\"dijitReset dijitMenuItem\" role=\"menuitem\" aria-labelledby=\"dijit_MenuItem_48_text dijit_MenuItem_48_accel\">\n<td class=\"dijitReset dijitMenuItemIconCell\" role=\"presentation\"><img decoding=\"async\" class=\"dijitIcon dijitMenuItemIcon\" src=\"https:\/\/webmail.aruba.it\/smart\/javascript\/release\/dojo\/dojo\/resources\/blank.gif\" alt=\"\" \/><\/td>\n<td id=\"dijit_MenuItem_48_text\" class=\"dijitReset dijitMenuItemLabel\" colspan=\"2\"><\/td>\n<td class=\"dijitReset dijitMenuArrowCell\" role=\"presentation\">\n<div><img decoding=\"async\" class=\"dijitMenuExpand\" src=\"https:\/\/webmail.aruba.it\/smart\/javascript\/release\/dojo\/dojo\/resources\/blank.gif\" alt=\"\" \/><\/div>\n<\/td>\n<\/tr>\n<tr id=\"dijit_MenuItem_49\" class=\"dijitReset dijitMenuItem\" role=\"menuitem\" aria-labelledby=\"dijit_MenuItem_49_text dijit_MenuItem_49_accel\">\n<td class=\"dijitReset dijitMenuItemIconCell\" role=\"presentation\"><img decoding=\"async\" class=\"dijitIcon dijitMenuItemIcon\" src=\"https:\/\/webmail.aruba.it\/smart\/javascript\/release\/dojo\/dojo\/resources\/blank.gif\" alt=\"\" \/><\/td>\n<td id=\"dijit_MenuItem_49_text\" class=\"dijitReset dijitMenuItemLabel\" colspan=\"2\"><\/td>\n<td class=\"dijitReset dijitMenuArrowCell\" role=\"presentation\">\n<div><img decoding=\"async\" class=\"dijitMenuExpand\" src=\"https:\/\/webmail.aruba.it\/smart\/javascript\/release\/dojo\/dojo\/resources\/blank.gif\" alt=\"\" \/><\/div>\n<\/td>\n<\/tr>\n<tr id=\"dijit_MenuItem_50\" class=\"dijitReset dijitMenuItem\" role=\"menuitem\" aria-labelledby=\"dijit_MenuItem_50_text dijit_MenuItem_50_accel\">\n<td class=\"dijitReset dijitMenuItemIconCell\" role=\"presentation\"><img decoding=\"async\" class=\"dijitIcon dijitMenuItemIcon\" src=\"https:\/\/webmail.aruba.it\/smart\/javascript\/release\/dojo\/dojo\/resources\/blank.gif\" alt=\"\" \/><\/td>\n<td id=\"dijit_MenuItem_50_text\" class=\"dijitReset dijitMenuItemLabel\" colspan=\"2\"><\/td>\n<td class=\"dijitReset dijitMenuArrowCell\" role=\"presentation\">\n<div><img decoding=\"async\" class=\"dijitMenuExpand\" src=\"https:\/\/webmail.aruba.it\/smart\/javascript\/release\/dojo\/dojo\/resources\/blank.gif\" alt=\"\" \/><\/div>\n<\/td>\n<\/tr>\n<tr id=\"dijit_MenuSeparator_7\" class=\"dijitMenuSeparator\">\n<td class=\"dijitMenuSeparatorIconCell\">\n<div class=\"dijitMenuSeparatorTop\"><\/div>\n<div class=\"dijitMenuSeparatorBottom\"><\/div>\n<\/td>\n<td class=\"dijitMenuSeparatorLabelCell\" colspan=\"3\">\n<div class=\"dijitMenuSeparatorTop dijitMenuSeparatorLabel\"><\/div>\n<div class=\"dijitMenuSeparatorBottom\"><\/div>\n<\/td>\n<\/tr>\n<tr id=\"dijit_PopupMenuItem_2\" class=\"dijitReset dijitMenuItem\" role=\"menuitem\" aria-labelledby=\"dijit_PopupMenuItem_2_text dijit_PopupMenuItem_2_accel\">\n<td class=\"dijitReset dijitMenuItemIconCell\" role=\"presentation\"><img decoding=\"async\" class=\"dijitIcon dijitMenuItemIcon\" src=\"https:\/\/webmail.aruba.it\/smart\/javascript\/release\/dojo\/dojo\/resources\/blank.gif\" alt=\"\" \/><\/td>\n<td id=\"dijit_PopupMenuItem_2_text\" class=\"dijitReset dijitMenuItemLabel\" colspan=\"2\"><\/td>\n<td class=\"dijitReset dijitMenuArrowCell\" role=\"presentation\">\n<div><img decoding=\"async\" class=\"dijitMenuExpand\" src=\"https:\/\/webmail.aruba.it\/smart\/javascript\/release\/dojo\/dojo\/resources\/blank.gif\" alt=\"\" \/><\/div>\n<\/td>\n<\/tr>\n<tr id=\"dijit_MenuItem_55\" class=\"dijitReset dijitMenuItem\" role=\"menuitem\" aria-labelledby=\"dijit_MenuItem_55_text dijit_MenuItem_55_accel\">\n<td class=\"dijitReset dijitMenuItemIconCell\" role=\"presentation\"><img decoding=\"async\" class=\"dijitIcon dijitMenuItemIcon\" src=\"https:\/\/webmail.aruba.it\/smart\/javascript\/release\/dojo\/dojo\/resources\/blank.gif\" alt=\"\" \/><\/td>\n<td id=\"dijit_MenuItem_55_text\" class=\"dijitReset dijitMenuItemLabel\" colspan=\"2\"><\/td>\n<td class=\"dijitReset dijitMenuArrowCell\" role=\"presentation\">\n<div><img decoding=\"async\" class=\"dijitMenuExpand\" src=\"https:\/\/webmail.aruba.it\/smart\/javascript\/release\/dojo\/dojo\/resources\/blank.gif\" alt=\"\" \/><\/div>\n<\/td>\n<\/tr>\n<tr id=\"dijit_MenuSeparator_8\" class=\"dijitMenuSeparator\">\n<td class=\"dijitMenuSeparatorIconCell\">\n<div class=\"dijitMenuSeparatorTop\"><\/div>\n<div class=\"dijitMenuSeparatorBottom\"><\/div>\n<\/td>\n<td class=\"dijitMenuSeparatorLabelCell\" colspan=\"3\">\n<div class=\"dijitMenuSeparatorTop dijitMenuSeparatorLabel\"><\/div>\n<div class=\"dijitMenuSeparatorBottom\"><\/div>\n<\/td>\n<\/tr>\n<tr id=\"dijit_MenuItem_56\" class=\"dijitReset dijitMenuItem\" role=\"menuitem\" aria-labelledby=\"dijit_MenuItem_56_text dijit_MenuItem_56_accel\">\n<td class=\"dijitReset dijitMenuItemIconCell\" role=\"presentation\"><img decoding=\"async\" class=\"dijitIcon dijitMenuItemIcon\" src=\"https:\/\/webmail.aruba.it\/smart\/javascript\/release\/dojo\/dojo\/resources\/blank.gif\" alt=\"\" \/><\/td>\n<td id=\"dijit_MenuItem_56_text\" class=\"dijitReset dijitMenuItemLabel\" colspan=\"2\"><\/td>\n<td class=\"dijitReset dijitMenuArrowCell\" role=\"presentation\">\n<div><img decoding=\"async\" class=\"dijitMenuExpand\" src=\"https:\/\/webmail.aruba.it\/smart\/javascript\/release\/dojo\/dojo\/resources\/blank.gif\" alt=\"\" \/><\/div>\n<\/td>\n<\/tr>\n<tr id=\"dijit_MenuItem_57\" class=\"dijitReset dijitMenuItem\" role=\"menuitem\" aria-labelledby=\"dijit_MenuItem_57_text dijit_MenuItem_57_accel\">\n<td class=\"dijitReset dijitMenuItemIconCell\" role=\"presentation\"><img decoding=\"async\" class=\"dijitIcon dijitMenuItemIcon\" src=\"https:\/\/webmail.aruba.it\/smart\/javascript\/release\/dojo\/dojo\/resources\/blank.gif\" alt=\"\" \/><\/td>\n<td id=\"dijit_MenuItem_57_text\" class=\"dijitReset dijitMenuItemLabel\" colspan=\"2\"><\/td>\n<td class=\"dijitReset dijitMenuArrowCell\" role=\"presentation\">\n<div><img decoding=\"async\" class=\"dijitMenuExpand\" src=\"https:\/\/webmail.aruba.it\/smart\/javascript\/release\/dojo\/dojo\/resources\/blank.gif\" alt=\"\" \/><\/div>\n<\/td>\n<\/tr>\n<\/tbody>\n<\/table>\n<\/div>\n<h1><\/h1>\n<h1 class=\"post-single-title\">Autonomia, Consiglieri Regionali Pd Calabria: &#8220;Minoranza ha fatto di tutto per fermare il Ddl&#8221;.<\/h1>\n<p style=\"text-align: justify\">E&#8217; questo il <strong>giudizio espresso dai consiglieri del gruppo del Pd alla Regione<\/strong> Calabria al termine del dibattito <strong>sull&#8217;autonomia differenziata in Consiglio regionale.<\/strong><\/p>\n<p style=\"text-align: justify\"><strong>Dibattito concluso con un documento votato dalla sola maggioranza di centrodestra.<\/strong><\/p>\n<p style=\"text-align: justify\"><em>&#8220;La seduta del Consiglio regionale di oggi &#8211;<\/em> <strong>affermano gli esponenti dem &#8211;<\/strong> <em>\u00e8 servita a fare chiarezza sulle posizioni dei partiti in ordine al Ddl di Calderoli e della Lega sull&#8217;autonomia differenziata. Il centrodestra, obbedendo al suo governatore, ha votato un documento miope in pieno sostegno al percorso gi\u00e0 avviato in Parlamento per l&#8217;approvazione della &#8216;secessione dei ricchi&#8217;, cos\u00ec come \u00e8 stata definita dai Vescovi della Calabria. Le opposizioni hanno provato, invano, a chiedere una presa di posizione chiara e contraria alla riforma, ma il loro documento unitario \u00e8 stato bocciato. Un documento che invitava a esprimere biasimo per le parole espresse dal ministro Calderoli nei confronti dei meridionali, a dare impulso a un&#8217;iniziativa legislativa volta a un regionalismo solidale e a diffidare il governo nazionale dall&#8217;approvare l&#8217;autonomia differenziata&#8221;.<\/em><\/p>\n<p style=\"text-align: justify\"><em>&#8220;Non abbiamo mai visto cos\u00ec in difficolt\u00e0 il presidente Occhiuto<\/em> &#8211; <strong>affermano i consiglieri dem<\/strong> &#8211; <em>che si \u00e8 limitato a dire &#8216;non sono un Masaniello&#8217; per difendere la sua posizione di ambiguit\u00e0 totale su una riforma che cancella il futuro della Calabria. Dietro al solito slogan &#8216;no money no party&#8217; Occhiuto, con la sponda della sua maggioranza, ha provato a tenersi in bilico con la speranza che la riforma non venga mai applicata proprio per l&#8217;impossibilit\u00e0 di finanziare i Lep. Si tratta evidentemente di irresponsabilit\u00e0 pura. La Calabria non pu\u00f2 permettersi di correre un rischio simile soltanto per interessi elettorali e per l&#8217;accordo raggiunto a Roma per tenere insieme la riforma del premierato, dell&#8217;autonomia e della giustizia, cos\u00ec come ha evidenziato Ernesto Alecci nel corso del suo intervento&#8221;.<\/em><\/p>\n<p style=\"text-align: justify\"><em>&#8220;Il Consiglio regionale &#8211;<\/em> <strong>concludono i dem<\/strong> <em>&#8211; ha perso un&#8217;occasione importante sacrificando la possibilit\u00e0 di difendere i diritti fondamentali dei calabresi, dalla sanit\u00e0 all&#8217;istruzione, soltanto per regalare uno spot elettorale a Salvini. E Occhiuto ha dimostrato in pieno il suo atteggiamento pilatesco convinto che i calabresi abbiano l&#8217;anello al naso e non capiscano quanto stia succedendo, cos\u00ec come aveva preannunciato nel corso del suo intervento il vicepresidente Iacucci&#8221;.<\/em><\/p>\n","protected":false},"excerpt":{"rendered":"<p>&#8220;Serve una preventiva analisi d&#8217;impatto anche sulle materie escluse dalla determinazione dei Lep. Senza questo indispensabile approfondimento nessuna intesa Stato-Regioni potr\u00e0 essere formalizzata sull&#8217;Autonomia differenziata&#8221;. \u00c8 quanto afferma il Consiglio&hellip;<\/p>\n","protected":false},"author":12,"featured_media":45170,"comment_status":"closed","ping_status":"open","sticky":false,"template":"","format":"standard","meta":{"_jetpack_memberships_contains_paid_content":false,"footnotes":"","jetpack_publicize_message":"","jetpack_publicize_feature_enabled":true,"jetpack_social_post_already_shared":false,"jetpack_social_options":{"image_generator_settings":{"template":"highway","default_image_id":0,"font":"","enabled":false},"version":2}},"categories":[921,150,196,140],"tags":[30473,30472,6518,30474,218,8762],"class_list":["post-49608","post","type-post","status-publish","format-standard","has-post-thumbnail","hentry","category-home","category-in-primo-piano","category-news","category-reggio-calabria","tag-approvato-documento-autonomia-differenziata","tag-approvato-documento-centrodestra","tag-autonomia-differenziata","tag-consiglieri-regionali-pd","tag-consiglio-regionale","tag-lega-calabria"],"yoast_head":"<!-- This site is optimized with the Yoast SEO plugin v27.2 - https:\/\/yoast.com\/product\/yoast-seo-wordpress\/ -->\n<title>Autonomia: approvato in Consiglio Regionale documento Cdx<\/title>\n<meta name=\"description\" content=\"Maggioranza Cdx compatta approva il documento. Gruppo Pd in Consiglio PD: &quot;Fatto di tutto per fermare ddl&quot;\" \/>\n<meta name=\"robots\" content=\"index, follow, max-snippet:-1, max-image-preview:large, max-video-preview:-1\" \/>\n<link rel=\"canonical\" href=\"https:\/\/progettotouring.it\/radiotouring104\/2024\/04\/19\/autonomiaautonomia-approvato-in-consiglio-regionale-dalla-maggioranza-di-centrodestra-il-documento\/\" \/>\n<meta property=\"og:locale\" content=\"it_IT\" \/>\n<meta property=\"og:type\" content=\"article\" \/>\n<meta property=\"og:title\" content=\"Autonomia: approvato in Consiglio Regionale documento Cdx\" \/>\n<meta property=\"og:description\" content=\"Maggioranza Cdx compatta approva il documento. Gruppo Pd in Consiglio PD: &quot;Fatto di tutto per fermare ddl&quot;\" \/>\n<meta property=\"og:url\" content=\"https:\/\/progettotouring.it\/radiotouring104\/2024\/04\/19\/autonomiaautonomia-approvato-in-consiglio-regionale-dalla-maggioranza-di-centrodestra-il-documento\/\" \/>\n<meta property=\"og:site_name\" content=\"Radio Touring 104\" \/>\n<meta property=\"article:published_time\" content=\"2024-04-19T07:23:30+00:00\" \/>\n<meta property=\"article:modified_time\" content=\"2024-04-19T11:13:54+00:00\" \/>\n<meta property=\"og:image\" content=\"https:\/\/progettotouring.it\/radiotouring104\/wp-content\/uploads\/sites\/6\/2024\/02\/Consiglio-Regionale.jpeg\" \/>\n\t<meta property=\"og:image:width\" content=\"1600\" \/>\n\t<meta property=\"og:image:height\" content=\"1067\" \/>\n\t<meta property=\"og:image:type\" content=\"image\/jpeg\" \/>\n<meta name=\"author\" content=\"Sebastiano Plutino\" \/>\n<meta name=\"twitter:card\" content=\"summary_large_image\" \/>\n<meta name=\"twitter:label1\" content=\"Scritto da\" \/>\n\t<meta name=\"twitter:data1\" content=\"Sebastiano Plutino\" \/>\n\t<meta name=\"twitter:label2\" content=\"Tempo di lettura stimato\" \/>\n\t<meta name=\"twitter:data2\" content=\"5 minuti\" \/>\n<script type=\"application\/ld+json\" class=\"yoast-schema-graph\">{\"@context\":\"https:\/\/schema.org\",\"@graph\":[{\"@type\":\"Article\",\"@id\":\"https:\/\/progettotouring.it\/radiotouring104\/2024\/04\/19\/autonomiaautonomia-approvato-in-consiglio-regionale-dalla-maggioranza-di-centrodestra-il-documento\/#article\",\"isPartOf\":{\"@id\":\"https:\/\/progettotouring.it\/radiotouring104\/2024\/04\/19\/autonomiaautonomia-approvato-in-consiglio-regionale-dalla-maggioranza-di-centrodestra-il-documento\/\"},\"author\":{\"name\":\"Sebastiano Plutino\",\"@id\":\"https:\/\/progettotouring.it\/radiotouring104\/#\/schema\/person\/78613917f1851f041f7483f5af1d422e\"},\"headline\":\"Autonomia: approvato in Consiglio Regionale dalla Maggioranza di Centrodestra il documento\",\"datePublished\":\"2024-04-19T07:23:30+00:00\",\"dateModified\":\"2024-04-19T11:13:54+00:00\",\"mainEntityOfPage\":{\"@id\":\"https:\/\/progettotouring.it\/radiotouring104\/2024\/04\/19\/autonomiaautonomia-approvato-in-consiglio-regionale-dalla-maggioranza-di-centrodestra-il-documento\/\"},\"wordCount\":953,\"publisher\":{\"@id\":\"https:\/\/progettotouring.it\/radiotouring104\/#organization\"},\"image\":{\"@id\":\"https:\/\/progettotouring.it\/radiotouring104\/2024\/04\/19\/autonomiaautonomia-approvato-in-consiglio-regionale-dalla-maggioranza-di-centrodestra-il-documento\/#primaryimage\"},\"thumbnailUrl\":\"https:\/\/progettotouring.it\/radiotouring104\/wp-content\/uploads\/sites\/6\/2024\/02\/Consiglio-Regionale.jpeg\",\"keywords\":[\"Approvato documento autonomia differenziata\",\"approvato documento Centrodestra\",\"autonomia differenziata\",\"Consiglieri Regionali Pd\",\"Consiglio regionale\",\"lega calabria\"],\"articleSection\":[\"Home\",\"In primo piano\",\"News\",\"Reggio Calabria\"],\"inLanguage\":\"it-IT\"},{\"@type\":\"WebPage\",\"@id\":\"https:\/\/progettotouring.it\/radiotouring104\/2024\/04\/19\/autonomiaautonomia-approvato-in-consiglio-regionale-dalla-maggioranza-di-centrodestra-il-documento\/\",\"url\":\"https:\/\/progettotouring.it\/radiotouring104\/2024\/04\/19\/autonomiaautonomia-approvato-in-consiglio-regionale-dalla-maggioranza-di-centrodestra-il-documento\/\",\"name\":\"Autonomia: approvato in Consiglio Regionale documento Cdx\",\"isPartOf\":{\"@id\":\"https:\/\/progettotouring.it\/radiotouring104\/#website\"},\"primaryImageOfPage\":{\"@id\":\"https:\/\/progettotouring.it\/radiotouring104\/2024\/04\/19\/autonomiaautonomia-approvato-in-consiglio-regionale-dalla-maggioranza-di-centrodestra-il-documento\/#primaryimage\"},\"image\":{\"@id\":\"https:\/\/progettotouring.it\/radiotouring104\/2024\/04\/19\/autonomiaautonomia-approvato-in-consiglio-regionale-dalla-maggioranza-di-centrodestra-il-documento\/#primaryimage\"},\"thumbnailUrl\":\"https:\/\/progettotouring.it\/radiotouring104\/wp-content\/uploads\/sites\/6\/2024\/02\/Consiglio-Regionale.jpeg\",\"datePublished\":\"2024-04-19T07:23:30+00:00\",\"dateModified\":\"2024-04-19T11:13:54+00:00\",\"description\":\"Maggioranza Cdx compatta approva il documento. Gruppo Pd in Consiglio PD: \\\"Fatto di tutto per fermare ddl\\\"\",\"breadcrumb\":{\"@id\":\"https:\/\/progettotouring.it\/radiotouring104\/2024\/04\/19\/autonomiaautonomia-approvato-in-consiglio-regionale-dalla-maggioranza-di-centrodestra-il-documento\/#breadcrumb\"},\"inLanguage\":\"it-IT\",\"potentialAction\":[{\"@type\":\"ReadAction\",\"target\":[\"https:\/\/progettotouring.it\/radiotouring104\/2024\/04\/19\/autonomiaautonomia-approvato-in-consiglio-regionale-dalla-maggioranza-di-centrodestra-il-documento\/\"]}]},{\"@type\":\"ImageObject\",\"inLanguage\":\"it-IT\",\"@id\":\"https:\/\/progettotouring.it\/radiotouring104\/2024\/04\/19\/autonomiaautonomia-approvato-in-consiglio-regionale-dalla-maggioranza-di-centrodestra-il-documento\/#primaryimage\",\"url\":\"https:\/\/progettotouring.it\/radiotouring104\/wp-content\/uploads\/sites\/6\/2024\/02\/Consiglio-Regionale.jpeg\",\"contentUrl\":\"https:\/\/progettotouring.it\/radiotouring104\/wp-content\/uploads\/sites\/6\/2024\/02\/Consiglio-Regionale.jpeg\",\"width\":1600,\"height\":1067},{\"@type\":\"BreadcrumbList\",\"@id\":\"https:\/\/progettotouring.it\/radiotouring104\/2024\/04\/19\/autonomiaautonomia-approvato-in-consiglio-regionale-dalla-maggioranza-di-centrodestra-il-documento\/#breadcrumb\",\"itemListElement\":[{\"@type\":\"ListItem\",\"position\":1,\"name\":\"Home\",\"item\":\"https:\/\/progettotouring.it\/radiotouring104\/\"},{\"@type\":\"ListItem\",\"position\":2,\"name\":\"Autonomia: approvato in Consiglio Regionale dalla Maggioranza di Centrodestra il documento\"}]},{\"@type\":\"WebSite\",\"@id\":\"https:\/\/progettotouring.it\/radiotouring104\/#website\",\"url\":\"https:\/\/progettotouring.it\/radiotouring104\/\",\"name\":\"Radio Touring 104\",\"description\":\"La prima radio Reggina\",\"publisher\":{\"@id\":\"https:\/\/progettotouring.it\/radiotouring104\/#organization\"},\"potentialAction\":[{\"@type\":\"SearchAction\",\"target\":{\"@type\":\"EntryPoint\",\"urlTemplate\":\"https:\/\/progettotouring.it\/radiotouring104\/?s={search_term_string}\"},\"query-input\":{\"@type\":\"PropertyValueSpecification\",\"valueRequired\":true,\"valueName\":\"search_term_string\"}}],\"inLanguage\":\"it-IT\"},{\"@type\":\"Organization\",\"@id\":\"https:\/\/progettotouring.it\/radiotouring104\/#organization\",\"name\":\"Radio Touring 104\",\"url\":\"https:\/\/progettotouring.it\/radiotouring104\/\",\"logo\":{\"@type\":\"ImageObject\",\"inLanguage\":\"it-IT\",\"@id\":\"https:\/\/progettotouring.it\/radiotouring104\/#\/schema\/logo\/image\/\",\"url\":\"https:\/\/progettotouring.it\/radiotouring104\/wp-content\/uploads\/sites\/6\/2022\/02\/cropped-logo-radio-touring-104.png\",\"contentUrl\":\"https:\/\/progettotouring.it\/radiotouring104\/wp-content\/uploads\/sites\/6\/2022\/02\/cropped-logo-radio-touring-104.png\",\"width\":377,\"height\":182,\"caption\":\"Radio Touring 104\"},\"image\":{\"@id\":\"https:\/\/progettotouring.it\/radiotouring104\/#\/schema\/logo\/image\/\"}},{\"@type\":\"Person\",\"@id\":\"https:\/\/progettotouring.it\/radiotouring104\/#\/schema\/person\/78613917f1851f041f7483f5af1d422e\",\"name\":\"Sebastiano Plutino\",\"image\":{\"@type\":\"ImageObject\",\"inLanguage\":\"it-IT\",\"@id\":\"https:\/\/secure.gravatar.com\/avatar\/0546ffaa9b79224faf9f2a156b67a529ae861d3287c66c1d8ccfdf909bcba78d?s=96&d=mm&r=g\",\"url\":\"https:\/\/secure.gravatar.com\/avatar\/0546ffaa9b79224faf9f2a156b67a529ae861d3287c66c1d8ccfdf909bcba78d?s=96&d=mm&r=g\",\"contentUrl\":\"https:\/\/secure.gravatar.com\/avatar\/0546ffaa9b79224faf9f2a156b67a529ae861d3287c66c1d8ccfdf909bcba78d?s=96&d=mm&r=g\",\"caption\":\"Sebastiano Plutino\"},\"url\":\"https:\/\/progettotouring.it\/radiotouring104\/author\/sebastiano\/\"}]}<\/script>\n<!-- \/ Yoast SEO plugin. -->","yoast_head_json":{"title":"Autonomia: approvato in Consiglio Regionale documento Cdx","description":"Maggioranza Cdx compatta approva il documento. Gruppo Pd in Consiglio PD: \"Fatto di tutto per fermare ddl\"","robots":{"index":"index","follow":"follow","max-snippet":"max-snippet:-1","max-image-preview":"max-image-preview:large","max-video-preview":"max-video-preview:-1"},"canonical":"https:\/\/progettotouring.it\/radiotouring104\/2024\/04\/19\/autonomiaautonomia-approvato-in-consiglio-regionale-dalla-maggioranza-di-centrodestra-il-documento\/","og_locale":"it_IT","og_type":"article","og_title":"Autonomia: approvato in Consiglio Regionale documento Cdx","og_description":"Maggioranza Cdx compatta approva il documento. Gruppo Pd in Consiglio PD: \"Fatto di tutto per fermare ddl\"","og_url":"https:\/\/progettotouring.it\/radiotouring104\/2024\/04\/19\/autonomiaautonomia-approvato-in-consiglio-regionale-dalla-maggioranza-di-centrodestra-il-documento\/","og_site_name":"Radio Touring 104","article_published_time":"2024-04-19T07:23:30+00:00","article_modified_time":"2024-04-19T11:13:54+00:00","og_image":[{"width":1600,"height":1067,"url":"https:\/\/progettotouring.it\/radiotouring104\/wp-content\/uploads\/sites\/6\/2024\/02\/Consiglio-Regionale.jpeg","type":"image\/jpeg"}],"author":"Sebastiano Plutino","twitter_card":"summary_large_image","twitter_misc":{"Scritto da":"Sebastiano Plutino","Tempo di lettura stimato":"5 minuti"},"schema":{"@context":"https:\/\/schema.org","@graph":[{"@type":"Article","@id":"https:\/\/progettotouring.it\/radiotouring104\/2024\/04\/19\/autonomiaautonomia-approvato-in-consiglio-regionale-dalla-maggioranza-di-centrodestra-il-documento\/#article","isPartOf":{"@id":"https:\/\/progettotouring.it\/radiotouring104\/2024\/04\/19\/autonomiaautonomia-approvato-in-consiglio-regionale-dalla-maggioranza-di-centrodestra-il-documento\/"},"author":{"name":"Sebastiano Plutino","@id":"https:\/\/progettotouring.it\/radiotouring104\/#\/schema\/person\/78613917f1851f041f7483f5af1d422e"},"headline":"Autonomia: approvato in Consiglio Regionale dalla Maggioranza di Centrodestra il documento","datePublished":"2024-04-19T07:23:30+00:00","dateModified":"2024-04-19T11:13:54+00:00","mainEntityOfPage":{"@id":"https:\/\/progettotouring.it\/radiotouring104\/2024\/04\/19\/autonomiaautonomia-approvato-in-consiglio-regionale-dalla-maggioranza-di-centrodestra-il-documento\/"},"wordCount":953,"publisher":{"@id":"https:\/\/progettotouring.it\/radiotouring104\/#organization"},"image":{"@id":"https:\/\/progettotouring.it\/radiotouring104\/2024\/04\/19\/autonomiaautonomia-approvato-in-consiglio-regionale-dalla-maggioranza-di-centrodestra-il-documento\/#primaryimage"},"thumbnailUrl":"https:\/\/progettotouring.it\/radiotouring104\/wp-content\/uploads\/sites\/6\/2024\/02\/Consiglio-Regionale.jpeg","keywords":["Approvato documento autonomia differenziata","approvato documento Centrodestra","autonomia differenziata","Consiglieri Regionali Pd","Consiglio regionale","lega calabria"],"articleSection":["Home","In primo piano","News","Reggio Calabria"],"inLanguage":"it-IT"},{"@type":"WebPage","@id":"https:\/\/progettotouring.it\/radiotouring104\/2024\/04\/19\/autonomiaautonomia-approvato-in-consiglio-regionale-dalla-maggioranza-di-centrodestra-il-documento\/","url":"https:\/\/progettotouring.it\/radiotouring104\/2024\/04\/19\/autonomiaautonomia-approvato-in-consiglio-regionale-dalla-maggioranza-di-centrodestra-il-documento\/","name":"Autonomia: approvato in Consiglio Regionale documento Cdx","isPartOf":{"@id":"https:\/\/progettotouring.it\/radiotouring104\/#website"},"primaryImageOfPage":{"@id":"https:\/\/progettotouring.it\/radiotouring104\/2024\/04\/19\/autonomiaautonomia-approvato-in-consiglio-regionale-dalla-maggioranza-di-centrodestra-il-documento\/#primaryimage"},"image":{"@id":"https:\/\/progettotouring.it\/radiotouring104\/2024\/04\/19\/autonomiaautonomia-approvato-in-consiglio-regionale-dalla-maggioranza-di-centrodestra-il-documento\/#primaryimage"},"thumbnailUrl":"https:\/\/progettotouring.it\/radiotouring104\/wp-content\/uploads\/sites\/6\/2024\/02\/Consiglio-Regionale.jpeg","datePublished":"2024-04-19T07:23:30+00:00","dateModified":"2024-04-19T11:13:54+00:00","description":"Maggioranza Cdx compatta approva il documento. Gruppo Pd in Consiglio PD: \"Fatto di tutto per fermare ddl\"","breadcrumb":{"@id":"https:\/\/progettotouring.it\/radiotouring104\/2024\/04\/19\/autonomiaautonomia-approvato-in-consiglio-regionale-dalla-maggioranza-di-centrodestra-il-documento\/#breadcrumb"},"inLanguage":"it-IT","potentialAction":[{"@type":"ReadAction","target":["https:\/\/progettotouring.it\/radiotouring104\/2024\/04\/19\/autonomiaautonomia-approvato-in-consiglio-regionale-dalla-maggioranza-di-centrodestra-il-documento\/"]}]},{"@type":"ImageObject","inLanguage":"it-IT","@id":"https:\/\/progettotouring.it\/radiotouring104\/2024\/04\/19\/autonomiaautonomia-approvato-in-consiglio-regionale-dalla-maggioranza-di-centrodestra-il-documento\/#primaryimage","url":"https:\/\/progettotouring.it\/radiotouring104\/wp-content\/uploads\/sites\/6\/2024\/02\/Consiglio-Regionale.jpeg","contentUrl":"https:\/\/progettotouring.it\/radiotouring104\/wp-content\/uploads\/sites\/6\/2024\/02\/Consiglio-Regionale.jpeg","width":1600,"height":1067},{"@type":"BreadcrumbList","@id":"https:\/\/progettotouring.it\/radiotouring104\/2024\/04\/19\/autonomiaautonomia-approvato-in-consiglio-regionale-dalla-maggioranza-di-centrodestra-il-documento\/#breadcrumb","itemListElement":[{"@type":"ListItem","position":1,"name":"Home","item":"https:\/\/progettotouring.it\/radiotouring104\/"},{"@type":"ListItem","position":2,"name":"Autonomia: approvato in Consiglio Regionale dalla Maggioranza di Centrodestra il documento"}]},{"@type":"WebSite","@id":"https:\/\/progettotouring.it\/radiotouring104\/#website","url":"https:\/\/progettotouring.it\/radiotouring104\/","name":"Radio Touring 104","description":"La prima radio Reggina","publisher":{"@id":"https:\/\/progettotouring.it\/radiotouring104\/#organization"},"potentialAction":[{"@type":"SearchAction","target":{"@type":"EntryPoint","urlTemplate":"https:\/\/progettotouring.it\/radiotouring104\/?s={search_term_string}"},"query-input":{"@type":"PropertyValueSpecification","valueRequired":true,"valueName":"search_term_string"}}],"inLanguage":"it-IT"},{"@type":"Organization","@id":"https:\/\/progettotouring.it\/radiotouring104\/#organization","name":"Radio Touring 104","url":"https:\/\/progettotouring.it\/radiotouring104\/","logo":{"@type":"ImageObject","inLanguage":"it-IT","@id":"https:\/\/progettotouring.it\/radiotouring104\/#\/schema\/logo\/image\/","url":"https:\/\/progettotouring.it\/radiotouring104\/wp-content\/uploads\/sites\/6\/2022\/02\/cropped-logo-radio-touring-104.png","contentUrl":"https:\/\/progettotouring.it\/radiotouring104\/wp-content\/uploads\/sites\/6\/2022\/02\/cropped-logo-radio-touring-104.png","width":377,"height":182,"caption":"Radio Touring 104"},"image":{"@id":"https:\/\/progettotouring.it\/radiotouring104\/#\/schema\/logo\/image\/"}},{"@type":"Person","@id":"https:\/\/progettotouring.it\/radiotouring104\/#\/schema\/person\/78613917f1851f041f7483f5af1d422e","name":"Sebastiano Plutino","image":{"@type":"ImageObject","inLanguage":"it-IT","@id":"https:\/\/secure.gravatar.com\/avatar\/0546ffaa9b79224faf9f2a156b67a529ae861d3287c66c1d8ccfdf909bcba78d?s=96&d=mm&r=g","url":"https:\/\/secure.gravatar.com\/avatar\/0546ffaa9b79224faf9f2a156b67a529ae861d3287c66c1d8ccfdf909bcba78d?s=96&d=mm&r=g","contentUrl":"https:\/\/secure.gravatar.com\/avatar\/0546ffaa9b79224faf9f2a156b67a529ae861d3287c66c1d8ccfdf909bcba78d?s=96&d=mm&r=g","caption":"Sebastiano Plutino"},"url":"https:\/\/progettotouring.it\/radiotouring104\/author\/sebastiano\/"}]}},"jetpack_publicize_connections":[],"jetpack_featured_media_url":"https:\/\/progettotouring.it\/radiotouring104\/wp-content\/uploads\/sites\/6\/2024\/02\/Consiglio-Regionale.jpeg","jetpack_sharing_enabled":true,"_links":{"self":[{"href":"https:\/\/progettotouring.it\/radiotouring104\/wp-json\/wp\/v2\/posts\/49608","targetHints":{"allow":["GET"]}}],"collection":[{"href":"https:\/\/progettotouring.it\/radiotouring104\/wp-json\/wp\/v2\/posts"}],"about":[{"href":"https:\/\/progettotouring.it\/radiotouring104\/wp-json\/wp\/v2\/types\/post"}],"author":[{"embeddable":true,"href":"https:\/\/progettotouring.it\/radiotouring104\/wp-json\/wp\/v2\/users\/12"}],"replies":[{"embeddable":true,"href":"https:\/\/progettotouring.it\/radiotouring104\/wp-json\/wp\/v2\/comments?post=49608"}],"version-history":[{"count":5,"href":"https:\/\/progettotouring.it\/radiotouring104\/wp-json\/wp\/v2\/posts\/49608\/revisions"}],"predecessor-version":[{"id":49715,"href":"https:\/\/progettotouring.it\/radiotouring104\/wp-json\/wp\/v2\/posts\/49608\/revisions\/49715"}],"wp:featuredmedia":[{"embeddable":true,"href":"https:\/\/progettotouring.it\/radiotouring104\/wp-json\/wp\/v2\/media\/45170"}],"wp:attachment":[{"href":"https:\/\/progettotouring.it\/radiotouring104\/wp-json\/wp\/v2\/media?parent=49608"}],"wp:term":[{"taxonomy":"category","embeddable":true,"href":"https:\/\/progettotouring.it\/radiotouring104\/wp-json\/wp\/v2\/categories?post=49608"},{"taxonomy":"post_tag","embeddable":true,"href":"https:\/\/progettotouring.it\/radiotouring104\/wp-json\/wp\/v2\/tags?post=49608"}],"curies":[{"name":"wp","href":"https:\/\/api.w.org\/{rel}","templated":true}]}}