{"id":49616,"date":"2024-04-19T09:49:13","date_gmt":"2024-04-19T07:49:13","guid":{"rendered":"https:\/\/progettotouring.it\/radiotouring104\/?p=49616"},"modified":"2024-04-19T13:12:57","modified_gmt":"2024-04-19T11:12:57","slug":"reggio-denunciato-rappresentante-legale-di-una-cooperativa-per-sfruttamento-dipendenti","status":"publish","type":"post","link":"https:\/\/progettotouring.it\/radiotouring104\/2024\/04\/19\/reggio-denunciato-rappresentante-legale-di-una-cooperativa-per-sfruttamento-dipendenti\/","title":{"rendered":"Reggio: denunciato rappresentante legale di una Cooperativa per sfruttamento dipendenti"},"content":{"rendered":"<p style=\"text-align: justify\"><strong>I militari<\/strong> del Nucleo Carabinieri Ispettorato del Lavoro di Reggio Calabria, con il coordinamento della Procura della Repubblica di Reggio Calabria, diretta dal Dott. Giovanni Bombardieri, hanno dato esecuzione a un provvedimento, emesso dal Giudice per le Indagini Preliminari del locale Tribunale, che dispone l\u2019<strong>applicazione della misura cautelare<\/strong> della presentazione alla Polizia Giudiziaria <strong>nei confronti della legale rappresentante di una Societ\u00e0 Cooperativa,<\/strong> <strong>accreditata presso il Comune anche per l\u2019assistenza domiciliare, e il sequestro di liquidit\u00e0 e beni immobili \u2013 per un importo di circa 230.000 euro<\/strong> \u2013 di propriet\u00e0 dei quattro soci del citato ente, tutti ritenuti responsabili dello sfruttamento, estorsione e minaccia nei confronti delle lavoratrici addette all\u2019assistenza degli anziani ospitati all\u2019interno di una nota struttura di questa citt\u00e0.<\/p>\n<p style=\"text-align: justify\">Il provvedimento, emesso dal Giudice per le Indagini Preliminari del Tribunale di Reggio Calabria, su richiesta della locale Procura, trae origine da un\u2019attivit\u00e0 investigativa delegata ai militari del N.I.L. di Reggio Calabria a<strong> seguito delle denunce di diverse lavoratrici che stanche delle condizioni di lavoro insostenibili cui erano sottoposte da parte dei soci<\/strong> della citata cooperativa, <strong>che si approfittavano del loro stato di bisogno<\/strong>, si sono rivolte ai militari del N.I.L. confidando nelle istituzioni.<\/p>\n<p style=\"text-align: justify\">Le indagini consentivano di accertare a carico degli indagati concreti elementi circa lo sfruttamento lavorativo cui erano sottoposti, in particolare la:<\/p>\n<ul style=\"text-align: justify\">\n<li>reiterata corresponsione di retribuzioni in modo palesemente difforme dal CCNL di riferimento e comunque sproporzionato rispetto alla quantit\u00e0 e qualit\u00e0 del lavoro prestato, consistente nel pagamento di un compenso orario pari a poco pi\u00f9 di \u20ac 3,50 per ora;<\/li>\n<li>violazione della normativa relativa ai riposi settimanali e alle ferie, consistente nella mancata retribuzione dei giorni di riposo e\/o di ferie spettanti alle lavoratrici;<\/li>\n<li>violazione delle norme in materia di sicurezza e igiene nei luoghi di lavoro e degli obblighi del datore del lavoro consistenti nell\u2019accertamento dell\u2019idoneit\u00e0 delle lavoratrici e l\u2019omessa informazione e formazione sui rischi connessi alla loro attivit\u00e0.<\/li>\n<\/ul>\n<p style=\"text-align: justify\">\u00c8 stato denunciato all\u2019Autorit\u00e0 Giudiziaria anche il legale rappresentante di un ente di formazione, accreditato presso la Regione Calabria, che aveva falsamente attestato la frequenza delle lavoratrici a corsi di formazione in materia di salute e sicurezza in realt\u00e0 mai effettuati.<\/p>\n<p style=\"text-align: justify\">L\u2019attivit\u00e0 di servizio in rassegna testimonia, ancora una volta, la costante azione del Nucleo Carabinieri Ispettorato del Lavoro, specialit\u00e0 dell\u2019Arma dei Carabinieri che opera alle dipendenze funzionali dell\u2019Ispettorato Nazionale del Lavoro, rivolta all\u2019individuazione dei fenomeni di sfruttamento dei lavoratori e del lavoro sommerso, che danneggia i lavoratori, ai quali vengono negati i diritti assistenziali e previdenziali, e le aziende che rispettano le regole costrette a fronteggiare la concorrenza sleale degli operatori che intendono abbattere illegalmente i costi di gestione del personale.<\/p>\n<p style=\"text-align: justify\">Il procedimento \u00e8 attualmente pendente in fase di indagini e l\u2019effettiva responsabilit\u00e0 delle persone destinatarie della misura cautelare, in uno con la fondatezza delle ipotesi d\u2019accusa mosse a loro carico, saranno vagliate nel corso del successivo processo. <strong>Non si escludono ulteriori sviluppi investigativi e probatori, anche in favore delle persone sottoposte ad indagini.<\/strong><\/p>\n","protected":false},"excerpt":{"rendered":"<p>I militari del Nucleo Carabinieri Ispettorato del Lavoro di Reggio Calabria, con il coordinamento della Procura della Repubblica di Reggio Calabria, diretta dal Dott. Giovanni Bombardieri, hanno dato esecuzione a&hellip;<\/p>\n","protected":false},"author":12,"featured_media":44180,"comment_status":"closed","ping_status":"open","sticky":false,"template":"","format":"standard","meta":{"_jetpack_memberships_contains_paid_content":false,"footnotes":"","jetpack_publicize_message":"","jetpack_publicize_feature_enabled":true,"jetpack_social_post_already_shared":false,"jetpack_social_options":{"image_generator_settings":{"template":"highway","default_image_id":0,"font":"","enabled":false},"version":2}},"categories":[921,150,196,140],"tags":[30479,30478,30481,30480],"class_list":["post-49616","post","type-post","status-publish","format-standard","has-post-thumbnail","hentry","category-home","category-in-primo-piano","category-news","category-reggio-calabria","tag-carabinieri-del-nucleo-ispettorato-del-lavoro-di-reggio-calabria","tag-denunciato-rappresentante-legale-cooperativa","tag-sequestrati-230-mila-euro","tag-sfruttamento-dipendenti"],"yoast_head":"<!-- This site is optimized with the Yoast SEO plugin v27.2 - https:\/\/yoast.com\/product\/yoast-seo-wordpress\/ -->\n<title>Reggio: rappresentante legale Coop denunciato per sfruttamento<\/title>\n<meta name=\"description\" content=\"Sequestre liquidit\u00e0 e beni immobili per un importo di circa 230mila euro a carico dei quattro soci della cooperativa.\" \/>\n<meta name=\"robots\" content=\"index, follow, max-snippet:-1, max-image-preview:large, max-video-preview:-1\" \/>\n<link rel=\"canonical\" href=\"https:\/\/progettotouring.it\/radiotouring104\/2024\/04\/19\/reggio-denunciato-rappresentante-legale-di-una-cooperativa-per-sfruttamento-dipendenti\/\" \/>\n<meta property=\"og:locale\" content=\"it_IT\" \/>\n<meta property=\"og:type\" content=\"article\" \/>\n<meta property=\"og:title\" content=\"Reggio: rappresentante legale Coop denunciato per sfruttamento\" \/>\n<meta property=\"og:description\" content=\"Sequestre liquidit\u00e0 e beni immobili per un importo di circa 230mila euro a carico dei quattro soci della cooperativa.\" \/>\n<meta property=\"og:url\" content=\"https:\/\/progettotouring.it\/radiotouring104\/2024\/04\/19\/reggio-denunciato-rappresentante-legale-di-una-cooperativa-per-sfruttamento-dipendenti\/\" \/>\n<meta property=\"og:site_name\" content=\"Radio Touring 104\" \/>\n<meta property=\"article:published_time\" content=\"2024-04-19T07:49:13+00:00\" \/>\n<meta property=\"article:modified_time\" content=\"2024-04-19T11:12:57+00:00\" \/>\n<meta property=\"og:image\" content=\"https:\/\/progettotouring.it\/radiotouring104\/wp-content\/uploads\/sites\/6\/2024\/02\/Carabinieri-Cedir.jpg\" \/>\n\t<meta property=\"og:image:width\" content=\"1689\" \/>\n\t<meta property=\"og:image:height\" content=\"903\" \/>\n\t<meta property=\"og:image:type\" content=\"image\/jpeg\" \/>\n<meta name=\"author\" content=\"Sebastiano Plutino\" \/>\n<meta name=\"twitter:card\" content=\"summary_large_image\" \/>\n<meta name=\"twitter:label1\" content=\"Scritto da\" \/>\n\t<meta name=\"twitter:data1\" content=\"Sebastiano Plutino\" \/>\n\t<meta name=\"twitter:label2\" content=\"Tempo di lettura stimato\" \/>\n\t<meta name=\"twitter:data2\" content=\"3 minuti\" \/>\n<script type=\"application\/ld+json\" class=\"yoast-schema-graph\">{\"@context\":\"https:\/\/schema.org\",\"@graph\":[{\"@type\":\"Article\",\"@id\":\"https:\/\/progettotouring.it\/radiotouring104\/2024\/04\/19\/reggio-denunciato-rappresentante-legale-di-una-cooperativa-per-sfruttamento-dipendenti\/#article\",\"isPartOf\":{\"@id\":\"https:\/\/progettotouring.it\/radiotouring104\/2024\/04\/19\/reggio-denunciato-rappresentante-legale-di-una-cooperativa-per-sfruttamento-dipendenti\/\"},\"author\":{\"name\":\"Sebastiano Plutino\",\"@id\":\"https:\/\/progettotouring.it\/radiotouring104\/#\/schema\/person\/78613917f1851f041f7483f5af1d422e\"},\"headline\":\"Reggio: denunciato rappresentante legale di una Cooperativa per sfruttamento dipendenti\",\"datePublished\":\"2024-04-19T07:49:13+00:00\",\"dateModified\":\"2024-04-19T11:12:57+00:00\",\"mainEntityOfPage\":{\"@id\":\"https:\/\/progettotouring.it\/radiotouring104\/2024\/04\/19\/reggio-denunciato-rappresentante-legale-di-una-cooperativa-per-sfruttamento-dipendenti\/\"},\"wordCount\":512,\"publisher\":{\"@id\":\"https:\/\/progettotouring.it\/radiotouring104\/#organization\"},\"image\":{\"@id\":\"https:\/\/progettotouring.it\/radiotouring104\/2024\/04\/19\/reggio-denunciato-rappresentante-legale-di-una-cooperativa-per-sfruttamento-dipendenti\/#primaryimage\"},\"thumbnailUrl\":\"https:\/\/progettotouring.it\/radiotouring104\/wp-content\/uploads\/sites\/6\/2024\/02\/Carabinieri-Cedir.jpg\",\"keywords\":[\"carabinieri del Nucleo ispettorato del lavoro di Reggio Calabria\",\"denunciato rappresentante legale Cooperativa\",\"sequestrati 230 mila euro\",\"sfruttamento dipendenti\"],\"articleSection\":[\"Home\",\"In primo piano\",\"News\",\"Reggio Calabria\"],\"inLanguage\":\"it-IT\"},{\"@type\":\"WebPage\",\"@id\":\"https:\/\/progettotouring.it\/radiotouring104\/2024\/04\/19\/reggio-denunciato-rappresentante-legale-di-una-cooperativa-per-sfruttamento-dipendenti\/\",\"url\":\"https:\/\/progettotouring.it\/radiotouring104\/2024\/04\/19\/reggio-denunciato-rappresentante-legale-di-una-cooperativa-per-sfruttamento-dipendenti\/\",\"name\":\"Reggio: rappresentante legale Coop denunciato per sfruttamento\",\"isPartOf\":{\"@id\":\"https:\/\/progettotouring.it\/radiotouring104\/#website\"},\"primaryImageOfPage\":{\"@id\":\"https:\/\/progettotouring.it\/radiotouring104\/2024\/04\/19\/reggio-denunciato-rappresentante-legale-di-una-cooperativa-per-sfruttamento-dipendenti\/#primaryimage\"},\"image\":{\"@id\":\"https:\/\/progettotouring.it\/radiotouring104\/2024\/04\/19\/reggio-denunciato-rappresentante-legale-di-una-cooperativa-per-sfruttamento-dipendenti\/#primaryimage\"},\"thumbnailUrl\":\"https:\/\/progettotouring.it\/radiotouring104\/wp-content\/uploads\/sites\/6\/2024\/02\/Carabinieri-Cedir.jpg\",\"datePublished\":\"2024-04-19T07:49:13+00:00\",\"dateModified\":\"2024-04-19T11:12:57+00:00\",\"description\":\"Sequestre liquidit\u00e0 e beni immobili per un importo di circa 230mila euro a carico dei quattro soci della cooperativa.\",\"breadcrumb\":{\"@id\":\"https:\/\/progettotouring.it\/radiotouring104\/2024\/04\/19\/reggio-denunciato-rappresentante-legale-di-una-cooperativa-per-sfruttamento-dipendenti\/#breadcrumb\"},\"inLanguage\":\"it-IT\",\"potentialAction\":[{\"@type\":\"ReadAction\",\"target\":[\"https:\/\/progettotouring.it\/radiotouring104\/2024\/04\/19\/reggio-denunciato-rappresentante-legale-di-una-cooperativa-per-sfruttamento-dipendenti\/\"]}]},{\"@type\":\"ImageObject\",\"inLanguage\":\"it-IT\",\"@id\":\"https:\/\/progettotouring.it\/radiotouring104\/2024\/04\/19\/reggio-denunciato-rappresentante-legale-di-una-cooperativa-per-sfruttamento-dipendenti\/#primaryimage\",\"url\":\"https:\/\/progettotouring.it\/radiotouring104\/wp-content\/uploads\/sites\/6\/2024\/02\/Carabinieri-Cedir.jpg\",\"contentUrl\":\"https:\/\/progettotouring.it\/radiotouring104\/wp-content\/uploads\/sites\/6\/2024\/02\/Carabinieri-Cedir.jpg\",\"width\":1689,\"height\":903},{\"@type\":\"BreadcrumbList\",\"@id\":\"https:\/\/progettotouring.it\/radiotouring104\/2024\/04\/19\/reggio-denunciato-rappresentante-legale-di-una-cooperativa-per-sfruttamento-dipendenti\/#breadcrumb\",\"itemListElement\":[{\"@type\":\"ListItem\",\"position\":1,\"name\":\"Home\",\"item\":\"https:\/\/progettotouring.it\/radiotouring104\/\"},{\"@type\":\"ListItem\",\"position\":2,\"name\":\"Reggio: denunciato rappresentante legale di una Cooperativa per sfruttamento dipendenti\"}]},{\"@type\":\"WebSite\",\"@id\":\"https:\/\/progettotouring.it\/radiotouring104\/#website\",\"url\":\"https:\/\/progettotouring.it\/radiotouring104\/\",\"name\":\"Radio Touring 104\",\"description\":\"La prima radio Reggina\",\"publisher\":{\"@id\":\"https:\/\/progettotouring.it\/radiotouring104\/#organization\"},\"potentialAction\":[{\"@type\":\"SearchAction\",\"target\":{\"@type\":\"EntryPoint\",\"urlTemplate\":\"https:\/\/progettotouring.it\/radiotouring104\/?s={search_term_string}\"},\"query-input\":{\"@type\":\"PropertyValueSpecification\",\"valueRequired\":true,\"valueName\":\"search_term_string\"}}],\"inLanguage\":\"it-IT\"},{\"@type\":\"Organization\",\"@id\":\"https:\/\/progettotouring.it\/radiotouring104\/#organization\",\"name\":\"Radio Touring 104\",\"url\":\"https:\/\/progettotouring.it\/radiotouring104\/\",\"logo\":{\"@type\":\"ImageObject\",\"inLanguage\":\"it-IT\",\"@id\":\"https:\/\/progettotouring.it\/radiotouring104\/#\/schema\/logo\/image\/\",\"url\":\"https:\/\/progettotouring.it\/radiotouring104\/wp-content\/uploads\/sites\/6\/2022\/02\/cropped-logo-radio-touring-104.png\",\"contentUrl\":\"https:\/\/progettotouring.it\/radiotouring104\/wp-content\/uploads\/sites\/6\/2022\/02\/cropped-logo-radio-touring-104.png\",\"width\":377,\"height\":182,\"caption\":\"Radio Touring 104\"},\"image\":{\"@id\":\"https:\/\/progettotouring.it\/radiotouring104\/#\/schema\/logo\/image\/\"}},{\"@type\":\"Person\",\"@id\":\"https:\/\/progettotouring.it\/radiotouring104\/#\/schema\/person\/78613917f1851f041f7483f5af1d422e\",\"name\":\"Sebastiano Plutino\",\"image\":{\"@type\":\"ImageObject\",\"inLanguage\":\"it-IT\",\"@id\":\"https:\/\/secure.gravatar.com\/avatar\/0546ffaa9b79224faf9f2a156b67a529ae861d3287c66c1d8ccfdf909bcba78d?s=96&d=mm&r=g\",\"url\":\"https:\/\/secure.gravatar.com\/avatar\/0546ffaa9b79224faf9f2a156b67a529ae861d3287c66c1d8ccfdf909bcba78d?s=96&d=mm&r=g\",\"contentUrl\":\"https:\/\/secure.gravatar.com\/avatar\/0546ffaa9b79224faf9f2a156b67a529ae861d3287c66c1d8ccfdf909bcba78d?s=96&d=mm&r=g\",\"caption\":\"Sebastiano Plutino\"},\"url\":\"https:\/\/progettotouring.it\/radiotouring104\/author\/sebastiano\/\"}]}<\/script>\n<!-- \/ Yoast SEO plugin. -->","yoast_head_json":{"title":"Reggio: rappresentante legale Coop denunciato per sfruttamento","description":"Sequestre liquidit\u00e0 e beni immobili per un importo di circa 230mila euro a carico dei quattro soci della cooperativa.","robots":{"index":"index","follow":"follow","max-snippet":"max-snippet:-1","max-image-preview":"max-image-preview:large","max-video-preview":"max-video-preview:-1"},"canonical":"https:\/\/progettotouring.it\/radiotouring104\/2024\/04\/19\/reggio-denunciato-rappresentante-legale-di-una-cooperativa-per-sfruttamento-dipendenti\/","og_locale":"it_IT","og_type":"article","og_title":"Reggio: rappresentante legale Coop denunciato per sfruttamento","og_description":"Sequestre liquidit\u00e0 e beni immobili per un importo di circa 230mila euro a carico dei quattro soci della cooperativa.","og_url":"https:\/\/progettotouring.it\/radiotouring104\/2024\/04\/19\/reggio-denunciato-rappresentante-legale-di-una-cooperativa-per-sfruttamento-dipendenti\/","og_site_name":"Radio Touring 104","article_published_time":"2024-04-19T07:49:13+00:00","article_modified_time":"2024-04-19T11:12:57+00:00","og_image":[{"width":1689,"height":903,"url":"https:\/\/progettotouring.it\/radiotouring104\/wp-content\/uploads\/sites\/6\/2024\/02\/Carabinieri-Cedir.jpg","type":"image\/jpeg"}],"author":"Sebastiano Plutino","twitter_card":"summary_large_image","twitter_misc":{"Scritto da":"Sebastiano Plutino","Tempo di lettura stimato":"3 minuti"},"schema":{"@context":"https:\/\/schema.org","@graph":[{"@type":"Article","@id":"https:\/\/progettotouring.it\/radiotouring104\/2024\/04\/19\/reggio-denunciato-rappresentante-legale-di-una-cooperativa-per-sfruttamento-dipendenti\/#article","isPartOf":{"@id":"https:\/\/progettotouring.it\/radiotouring104\/2024\/04\/19\/reggio-denunciato-rappresentante-legale-di-una-cooperativa-per-sfruttamento-dipendenti\/"},"author":{"name":"Sebastiano Plutino","@id":"https:\/\/progettotouring.it\/radiotouring104\/#\/schema\/person\/78613917f1851f041f7483f5af1d422e"},"headline":"Reggio: denunciato rappresentante legale di una Cooperativa per sfruttamento dipendenti","datePublished":"2024-04-19T07:49:13+00:00","dateModified":"2024-04-19T11:12:57+00:00","mainEntityOfPage":{"@id":"https:\/\/progettotouring.it\/radiotouring104\/2024\/04\/19\/reggio-denunciato-rappresentante-legale-di-una-cooperativa-per-sfruttamento-dipendenti\/"},"wordCount":512,"publisher":{"@id":"https:\/\/progettotouring.it\/radiotouring104\/#organization"},"image":{"@id":"https:\/\/progettotouring.it\/radiotouring104\/2024\/04\/19\/reggio-denunciato-rappresentante-legale-di-una-cooperativa-per-sfruttamento-dipendenti\/#primaryimage"},"thumbnailUrl":"https:\/\/progettotouring.it\/radiotouring104\/wp-content\/uploads\/sites\/6\/2024\/02\/Carabinieri-Cedir.jpg","keywords":["carabinieri del Nucleo ispettorato del lavoro di Reggio Calabria","denunciato rappresentante legale Cooperativa","sequestrati 230 mila euro","sfruttamento dipendenti"],"articleSection":["Home","In primo piano","News","Reggio Calabria"],"inLanguage":"it-IT"},{"@type":"WebPage","@id":"https:\/\/progettotouring.it\/radiotouring104\/2024\/04\/19\/reggio-denunciato-rappresentante-legale-di-una-cooperativa-per-sfruttamento-dipendenti\/","url":"https:\/\/progettotouring.it\/radiotouring104\/2024\/04\/19\/reggio-denunciato-rappresentante-legale-di-una-cooperativa-per-sfruttamento-dipendenti\/","name":"Reggio: rappresentante legale Coop denunciato per sfruttamento","isPartOf":{"@id":"https:\/\/progettotouring.it\/radiotouring104\/#website"},"primaryImageOfPage":{"@id":"https:\/\/progettotouring.it\/radiotouring104\/2024\/04\/19\/reggio-denunciato-rappresentante-legale-di-una-cooperativa-per-sfruttamento-dipendenti\/#primaryimage"},"image":{"@id":"https:\/\/progettotouring.it\/radiotouring104\/2024\/04\/19\/reggio-denunciato-rappresentante-legale-di-una-cooperativa-per-sfruttamento-dipendenti\/#primaryimage"},"thumbnailUrl":"https:\/\/progettotouring.it\/radiotouring104\/wp-content\/uploads\/sites\/6\/2024\/02\/Carabinieri-Cedir.jpg","datePublished":"2024-04-19T07:49:13+00:00","dateModified":"2024-04-19T11:12:57+00:00","description":"Sequestre liquidit\u00e0 e beni immobili per un importo di circa 230mila euro a carico dei quattro soci della cooperativa.","breadcrumb":{"@id":"https:\/\/progettotouring.it\/radiotouring104\/2024\/04\/19\/reggio-denunciato-rappresentante-legale-di-una-cooperativa-per-sfruttamento-dipendenti\/#breadcrumb"},"inLanguage":"it-IT","potentialAction":[{"@type":"ReadAction","target":["https:\/\/progettotouring.it\/radiotouring104\/2024\/04\/19\/reggio-denunciato-rappresentante-legale-di-una-cooperativa-per-sfruttamento-dipendenti\/"]}]},{"@type":"ImageObject","inLanguage":"it-IT","@id":"https:\/\/progettotouring.it\/radiotouring104\/2024\/04\/19\/reggio-denunciato-rappresentante-legale-di-una-cooperativa-per-sfruttamento-dipendenti\/#primaryimage","url":"https:\/\/progettotouring.it\/radiotouring104\/wp-content\/uploads\/sites\/6\/2024\/02\/Carabinieri-Cedir.jpg","contentUrl":"https:\/\/progettotouring.it\/radiotouring104\/wp-content\/uploads\/sites\/6\/2024\/02\/Carabinieri-Cedir.jpg","width":1689,"height":903},{"@type":"BreadcrumbList","@id":"https:\/\/progettotouring.it\/radiotouring104\/2024\/04\/19\/reggio-denunciato-rappresentante-legale-di-una-cooperativa-per-sfruttamento-dipendenti\/#breadcrumb","itemListElement":[{"@type":"ListItem","position":1,"name":"Home","item":"https:\/\/progettotouring.it\/radiotouring104\/"},{"@type":"ListItem","position":2,"name":"Reggio: denunciato rappresentante legale di una Cooperativa per sfruttamento dipendenti"}]},{"@type":"WebSite","@id":"https:\/\/progettotouring.it\/radiotouring104\/#website","url":"https:\/\/progettotouring.it\/radiotouring104\/","name":"Radio Touring 104","description":"La prima radio Reggina","publisher":{"@id":"https:\/\/progettotouring.it\/radiotouring104\/#organization"},"potentialAction":[{"@type":"SearchAction","target":{"@type":"EntryPoint","urlTemplate":"https:\/\/progettotouring.it\/radiotouring104\/?s={search_term_string}"},"query-input":{"@type":"PropertyValueSpecification","valueRequired":true,"valueName":"search_term_string"}}],"inLanguage":"it-IT"},{"@type":"Organization","@id":"https:\/\/progettotouring.it\/radiotouring104\/#organization","name":"Radio Touring 104","url":"https:\/\/progettotouring.it\/radiotouring104\/","logo":{"@type":"ImageObject","inLanguage":"it-IT","@id":"https:\/\/progettotouring.it\/radiotouring104\/#\/schema\/logo\/image\/","url":"https:\/\/progettotouring.it\/radiotouring104\/wp-content\/uploads\/sites\/6\/2022\/02\/cropped-logo-radio-touring-104.png","contentUrl":"https:\/\/progettotouring.it\/radiotouring104\/wp-content\/uploads\/sites\/6\/2022\/02\/cropped-logo-radio-touring-104.png","width":377,"height":182,"caption":"Radio Touring 104"},"image":{"@id":"https:\/\/progettotouring.it\/radiotouring104\/#\/schema\/logo\/image\/"}},{"@type":"Person","@id":"https:\/\/progettotouring.it\/radiotouring104\/#\/schema\/person\/78613917f1851f041f7483f5af1d422e","name":"Sebastiano Plutino","image":{"@type":"ImageObject","inLanguage":"it-IT","@id":"https:\/\/secure.gravatar.com\/avatar\/0546ffaa9b79224faf9f2a156b67a529ae861d3287c66c1d8ccfdf909bcba78d?s=96&d=mm&r=g","url":"https:\/\/secure.gravatar.com\/avatar\/0546ffaa9b79224faf9f2a156b67a529ae861d3287c66c1d8ccfdf909bcba78d?s=96&d=mm&r=g","contentUrl":"https:\/\/secure.gravatar.com\/avatar\/0546ffaa9b79224faf9f2a156b67a529ae861d3287c66c1d8ccfdf909bcba78d?s=96&d=mm&r=g","caption":"Sebastiano Plutino"},"url":"https:\/\/progettotouring.it\/radiotouring104\/author\/sebastiano\/"}]}},"jetpack_publicize_connections":[],"jetpack_featured_media_url":"https:\/\/progettotouring.it\/radiotouring104\/wp-content\/uploads\/sites\/6\/2024\/02\/Carabinieri-Cedir.jpg","jetpack_sharing_enabled":true,"_links":{"self":[{"href":"https:\/\/progettotouring.it\/radiotouring104\/wp-json\/wp\/v2\/posts\/49616","targetHints":{"allow":["GET"]}}],"collection":[{"href":"https:\/\/progettotouring.it\/radiotouring104\/wp-json\/wp\/v2\/posts"}],"about":[{"href":"https:\/\/progettotouring.it\/radiotouring104\/wp-json\/wp\/v2\/types\/post"}],"author":[{"embeddable":true,"href":"https:\/\/progettotouring.it\/radiotouring104\/wp-json\/wp\/v2\/users\/12"}],"replies":[{"embeddable":true,"href":"https:\/\/progettotouring.it\/radiotouring104\/wp-json\/wp\/v2\/comments?post=49616"}],"version-history":[{"count":3,"href":"https:\/\/progettotouring.it\/radiotouring104\/wp-json\/wp\/v2\/posts\/49616\/revisions"}],"predecessor-version":[{"id":49645,"href":"https:\/\/progettotouring.it\/radiotouring104\/wp-json\/wp\/v2\/posts\/49616\/revisions\/49645"}],"wp:featuredmedia":[{"embeddable":true,"href":"https:\/\/progettotouring.it\/radiotouring104\/wp-json\/wp\/v2\/media\/44180"}],"wp:attachment":[{"href":"https:\/\/progettotouring.it\/radiotouring104\/wp-json\/wp\/v2\/media?parent=49616"}],"wp:term":[{"taxonomy":"category","embeddable":true,"href":"https:\/\/progettotouring.it\/radiotouring104\/wp-json\/wp\/v2\/categories?post=49616"},{"taxonomy":"post_tag","embeddable":true,"href":"https:\/\/progettotouring.it\/radiotouring104\/wp-json\/wp\/v2\/tags?post=49616"}],"curies":[{"name":"wp","href":"https:\/\/api.w.org\/{rel}","templated":true}]}}