{"id":49618,"date":"2024-04-19T09:59:56","date_gmt":"2024-04-19T07:59:56","guid":{"rendered":"https:\/\/progettotouring.it\/radiotouring104\/?p=49618"},"modified":"2024-04-19T09:59:56","modified_gmt":"2024-04-19T07:59:56","slug":"ponte-sullo-stretto-salini-possibili-cantieri-entro-lestate","status":"publish","type":"post","link":"https:\/\/progettotouring.it\/radiotouring104\/2024\/04\/19\/ponte-sullo-stretto-salini-possibili-cantieri-entro-lestate\/","title":{"rendered":"Ponte sullo Stretto, Salini: &#8220;Possibili cantieri entro l&#8217;estate&#8221;"},"content":{"rendered":"<p style=\"text-align: justify\"><em>&#8220;Penso di s\u00ec, giustamente le tante osservazioni del Mase sul progetto bisogner\u00e0 raffrontarle alle oltre 5.000 tavole che compongono il progetto, che \u00e8 molto grande, sofisticato e all&#8217;avanguardia&#8221;. <\/em><strong>Cos\u00ec Pietro Salini,<\/strong> amministratore delegato di Webuild, r<strong>isponde alla domanda se sia ancora possibile che i primi cantieri per il ponte sullo Stretto di Messina partano entro l&#8217;estate.<\/strong><\/p>\n<p style=\"text-align: justify\"><em>\u00a0&#8220;\u00c8 una follia non farlo&#8221;<\/em>, <strong>ha detto Salini riferendosi alle polemiche sull&#8217;opportunit\u00e0 di un progetto<\/strong> &#8220;<em>difficile, complesso<\/em>&#8221; <strong>una sfida dalla quale, come societ\u00e0,<\/strong> <em>&#8220;probabilmente rimetteremo dei denari&#8221;.<\/em><\/p>\n<p style=\"text-align: justify\">\n<h1 class=\"post-single-title\" style=\"text-align: justify\">Sindaco Villa S.Giovanni, sul Ponte fondamentale approfondimento<\/h1>\n<p style=\"text-align: justify\"><em>&#8220;\u00c8 fondamentale per noi un approfondimento rispetto a tutte le problematiche del progetto&#8221;.<\/em><strong> Lo afferma il sindaco di Villa San Giovanni, Giusy Caminiti<\/strong>, in un documento sottoscritto insieme alla Giunta<strong> in relazione al progetto per la realizzazione del Ponte sullo Stretto.<\/strong><\/p>\n<p style=\"text-align: justify\"><em>\u00a0&#8220;Dobbiamo continuare a ricordare <strong>&#8211;<\/strong><\/em><strong> aggiunge il primo cittadino<\/strong> &#8211; <em>che Villa San Giovanni \u00e8 la citt\u00e0 dell&#8217;impatto del ponte sul versante calabrese dello Stretto. Per cui il livello di approfondimento di cui noi abbiamo bisogno come citt\u00e0 \u00e8 massimo. Villa San Giovanni \u00e8 una citt\u00e0 che si sviluppa su una costa meravigliosa, area a vocazione turistica in cui un chilometro e mezzo \u00e8 occupato dal porto storico e dagli approdi in uso alle societ\u00e0 private di traghettamento. Una citt\u00e0 che gi\u00e0 solo dall&#8217;apertura del cantiere verrebbe tagliata in due. Continuiamo a sostenere, quindi, che \u00e8 prioritaria la risoluzione delle interferenze perch\u00e9 la citt\u00e0 non pu\u00f2 assolutamente sopportare il cantiere. Siamo pi\u00f9 preoccupati forse dalla cantierizzazione dell&#8217;opera che dall&#8217;opera stessa.<\/em><br \/>\n<em>Per noi risoluzione delle interferenze vuol dire affrontare in maniera sistematica, innanzitutto, il problema della rete viaria, la viabilit\u00e0 alternativa. Gi\u00e0 noi sopportiamo milioni di mezzi ogni anno e non possiamo anche sopportare il peso del &#8216;cantiere Ponte&#8217;. La nostra citt\u00e0 rischia di scomparire sotto questo cantiere. Al netto di quelle che sono le valutazioni che abbiamo letto nelle 42 pagine di richieste di integrazione documentale dagli esperti della commissione Via del ministero dell&#8217;Ambiente, non pu\u00f2 esserci detto: &#8216;stiamo valutando e stiamo approfondendo&#8217;. Noi, probabilmente perch\u00e9 quelle osservazioni le avevamo presentate, quelle richieste le abbiamo lette, invece, molto velocemente e dobbiamo dire che ci sono le nostre perplessit\u00e0 proprio sulla carenza documentale e degli studi e sullo scarso approfondimento del progetto rispetto ad uno standard definitivo&#8221;.<\/em><br \/>\n<em>&#8220;Ci aspettiamo<\/em> <strong>&#8211; dice ancora il sindaco Caminiti<\/strong> <em>&#8211; che vengano risolte tutte le problematiche che sono state avanzate e che la conferenza istruttoria non sia solo finalizzata ad esprimere un parere in 60 giorni, ma sia veramente un luogo di approfondimento delle questioni tecniche legate a questo progetto&#8221;.<\/em><\/p>\n<p id=\"ob\" style=\"text-align: justify\">\n<div id=\"inArticle\">\n<aside>\n<div id=\"outbrain_widget_0\" class=\"OUTBRAIN\" data-src=\"DROP_PERMALINK_HERE\" data-widget-id=\"AR_4\" data-ob-mark=\"true\" data-browser=\"chrome\" data-os=\"win32\" data-dynload=\"\" data-idx=\"0\">\n<div class=\"ob-widget ob-grid-layout ob-multi-columns-layout AR_4\" data-dynamic-truncate=\"true\"><\/div>\n<\/div>\n<\/aside>\n<\/div>\n","protected":false},"excerpt":{"rendered":"<p>&#8220;Penso di s\u00ec, giustamente le tante osservazioni del Mase sul progetto bisogner\u00e0 raffrontarle alle oltre 5.000 tavole che compongono il progetto, che \u00e8 molto grande, sofisticato e all&#8217;avanguardia&#8221;. Cos\u00ec Pietro&hellip;<\/p>\n","protected":false},"author":12,"featured_media":22931,"comment_status":"closed","ping_status":"open","sticky":false,"template":"","format":"standard","meta":{"_jetpack_memberships_contains_paid_content":false,"footnotes":"","jetpack_publicize_message":"","jetpack_publicize_feature_enabled":true,"jetpack_social_post_already_shared":false,"jetpack_social_options":{"image_generator_settings":{"template":"highway","default_image_id":0,"font":"","enabled":false},"version":2}},"categories":[921,196,140],"tags":[30484,29937,30482,3568,30483,24686,4355],"class_list":["post-49618","post","type-post","status-publish","format-standard","has-post-thumbnail","hentry","category-home","category-news","category-reggio-calabria","tag-fondamentale-approfondimento","tag-assemblea-rete-no-ponte","tag-cantieri-entro-estate","tag-giusy-caminiti","tag-manifestazione-25-maggio","tag-pietro-salini","tag-ponte-sullo-stretto"],"yoast_head":"<!-- This site is optimized with the Yoast SEO plugin v27.2 - https:\/\/yoast.com\/product\/yoast-seo-wordpress\/ -->\n<title>Ponte Stretto, Salini: &quot;Possibili cantieri entro l&#039;estate&quot;<\/title>\n<meta name=\"description\" content=\"&quot;Fondamentale approfondimento&quot;, ribatte la Sindaca di Villa S.G, Caminiti. Rete No Ponte organizza manifestazione per il 25 maggio\" \/>\n<meta name=\"robots\" content=\"index, follow, max-snippet:-1, max-image-preview:large, max-video-preview:-1\" \/>\n<link rel=\"canonical\" href=\"https:\/\/progettotouring.it\/radiotouring104\/2024\/04\/19\/ponte-sullo-stretto-salini-possibili-cantieri-entro-lestate\/\" \/>\n<meta property=\"og:locale\" content=\"it_IT\" \/>\n<meta property=\"og:type\" content=\"article\" \/>\n<meta property=\"og:title\" content=\"Ponte Stretto, Salini: &quot;Possibili cantieri entro l&#039;estate&quot;\" \/>\n<meta property=\"og:description\" content=\"&quot;Fondamentale approfondimento&quot;, ribatte la Sindaca di Villa S.G, Caminiti. Rete No Ponte organizza manifestazione per il 25 maggio\" \/>\n<meta property=\"og:url\" content=\"https:\/\/progettotouring.it\/radiotouring104\/2024\/04\/19\/ponte-sullo-stretto-salini-possibili-cantieri-entro-lestate\/\" \/>\n<meta property=\"og:site_name\" content=\"Radio Touring 104\" \/>\n<meta property=\"article:published_time\" content=\"2024-04-19T07:59:56+00:00\" \/>\n<meta property=\"og:image\" content=\"https:\/\/progettotouring.it\/radiotouring104\/wp-content\/uploads\/sites\/6\/2023\/04\/PontesulloStretto.jpg\" \/>\n\t<meta property=\"og:image:width\" content=\"665\" \/>\n\t<meta property=\"og:image:height\" content=\"293\" \/>\n\t<meta property=\"og:image:type\" content=\"image\/jpeg\" \/>\n<meta name=\"author\" content=\"Sebastiano Plutino\" \/>\n<meta name=\"twitter:card\" content=\"summary_large_image\" \/>\n<meta name=\"twitter:label1\" content=\"Scritto da\" \/>\n\t<meta name=\"twitter:data1\" content=\"Sebastiano Plutino\" \/>\n\t<meta name=\"twitter:label2\" content=\"Tempo di lettura stimato\" \/>\n\t<meta name=\"twitter:data2\" content=\"2 minuti\" \/>\n<script type=\"application\/ld+json\" class=\"yoast-schema-graph\">{\"@context\":\"https:\/\/schema.org\",\"@graph\":[{\"@type\":\"Article\",\"@id\":\"https:\/\/progettotouring.it\/radiotouring104\/2024\/04\/19\/ponte-sullo-stretto-salini-possibili-cantieri-entro-lestate\/#article\",\"isPartOf\":{\"@id\":\"https:\/\/progettotouring.it\/radiotouring104\/2024\/04\/19\/ponte-sullo-stretto-salini-possibili-cantieri-entro-lestate\/\"},\"author\":{\"name\":\"Sebastiano Plutino\",\"@id\":\"https:\/\/progettotouring.it\/radiotouring104\/#\/schema\/person\/78613917f1851f041f7483f5af1d422e\"},\"headline\":\"Ponte sullo Stretto, Salini: &#8220;Possibili cantieri entro l&#8217;estate&#8221;\",\"datePublished\":\"2024-04-19T07:59:56+00:00\",\"mainEntityOfPage\":{\"@id\":\"https:\/\/progettotouring.it\/radiotouring104\/2024\/04\/19\/ponte-sullo-stretto-salini-possibili-cantieri-entro-lestate\/\"},\"wordCount\":424,\"publisher\":{\"@id\":\"https:\/\/progettotouring.it\/radiotouring104\/#organization\"},\"image\":{\"@id\":\"https:\/\/progettotouring.it\/radiotouring104\/2024\/04\/19\/ponte-sullo-stretto-salini-possibili-cantieri-entro-lestate\/#primaryimage\"},\"thumbnailUrl\":\"https:\/\/progettotouring.it\/radiotouring104\/wp-content\/uploads\/sites\/6\/2023\/04\/PontesulloStretto.jpg\",\"keywords\":[\"\\\"Fondamentale approfondimento\\\"\",\"Assemblea Rete No Ponte\",\"cantieri entro estate\",\"Giusy Caminiti\",\"manifestazione 25 maggio\",\"Pietro Salini\",\"Ponte sullo stretto\"],\"articleSection\":[\"Home\",\"News\",\"Reggio Calabria\"],\"inLanguage\":\"it-IT\"},{\"@type\":\"WebPage\",\"@id\":\"https:\/\/progettotouring.it\/radiotouring104\/2024\/04\/19\/ponte-sullo-stretto-salini-possibili-cantieri-entro-lestate\/\",\"url\":\"https:\/\/progettotouring.it\/radiotouring104\/2024\/04\/19\/ponte-sullo-stretto-salini-possibili-cantieri-entro-lestate\/\",\"name\":\"Ponte Stretto, Salini: \\\"Possibili cantieri entro l'estate\\\"\",\"isPartOf\":{\"@id\":\"https:\/\/progettotouring.it\/radiotouring104\/#website\"},\"primaryImageOfPage\":{\"@id\":\"https:\/\/progettotouring.it\/radiotouring104\/2024\/04\/19\/ponte-sullo-stretto-salini-possibili-cantieri-entro-lestate\/#primaryimage\"},\"image\":{\"@id\":\"https:\/\/progettotouring.it\/radiotouring104\/2024\/04\/19\/ponte-sullo-stretto-salini-possibili-cantieri-entro-lestate\/#primaryimage\"},\"thumbnailUrl\":\"https:\/\/progettotouring.it\/radiotouring104\/wp-content\/uploads\/sites\/6\/2023\/04\/PontesulloStretto.jpg\",\"datePublished\":\"2024-04-19T07:59:56+00:00\",\"description\":\"\\\"Fondamentale approfondimento\\\", ribatte la Sindaca di Villa S.G, Caminiti. Rete No Ponte organizza manifestazione per il 25 maggio\",\"breadcrumb\":{\"@id\":\"https:\/\/progettotouring.it\/radiotouring104\/2024\/04\/19\/ponte-sullo-stretto-salini-possibili-cantieri-entro-lestate\/#breadcrumb\"},\"inLanguage\":\"it-IT\",\"potentialAction\":[{\"@type\":\"ReadAction\",\"target\":[\"https:\/\/progettotouring.it\/radiotouring104\/2024\/04\/19\/ponte-sullo-stretto-salini-possibili-cantieri-entro-lestate\/\"]}]},{\"@type\":\"ImageObject\",\"inLanguage\":\"it-IT\",\"@id\":\"https:\/\/progettotouring.it\/radiotouring104\/2024\/04\/19\/ponte-sullo-stretto-salini-possibili-cantieri-entro-lestate\/#primaryimage\",\"url\":\"https:\/\/progettotouring.it\/radiotouring104\/wp-content\/uploads\/sites\/6\/2023\/04\/PontesulloStretto.jpg\",\"contentUrl\":\"https:\/\/progettotouring.it\/radiotouring104\/wp-content\/uploads\/sites\/6\/2023\/04\/PontesulloStretto.jpg\",\"width\":665,\"height\":293},{\"@type\":\"BreadcrumbList\",\"@id\":\"https:\/\/progettotouring.it\/radiotouring104\/2024\/04\/19\/ponte-sullo-stretto-salini-possibili-cantieri-entro-lestate\/#breadcrumb\",\"itemListElement\":[{\"@type\":\"ListItem\",\"position\":1,\"name\":\"Home\",\"item\":\"https:\/\/progettotouring.it\/radiotouring104\/\"},{\"@type\":\"ListItem\",\"position\":2,\"name\":\"Ponte sullo Stretto, Salini: &#8220;Possibili cantieri entro l&#8217;estate&#8221;\"}]},{\"@type\":\"WebSite\",\"@id\":\"https:\/\/progettotouring.it\/radiotouring104\/#website\",\"url\":\"https:\/\/progettotouring.it\/radiotouring104\/\",\"name\":\"Radio Touring 104\",\"description\":\"La prima radio Reggina\",\"publisher\":{\"@id\":\"https:\/\/progettotouring.it\/radiotouring104\/#organization\"},\"potentialAction\":[{\"@type\":\"SearchAction\",\"target\":{\"@type\":\"EntryPoint\",\"urlTemplate\":\"https:\/\/progettotouring.it\/radiotouring104\/?s={search_term_string}\"},\"query-input\":{\"@type\":\"PropertyValueSpecification\",\"valueRequired\":true,\"valueName\":\"search_term_string\"}}],\"inLanguage\":\"it-IT\"},{\"@type\":\"Organization\",\"@id\":\"https:\/\/progettotouring.it\/radiotouring104\/#organization\",\"name\":\"Radio Touring 104\",\"url\":\"https:\/\/progettotouring.it\/radiotouring104\/\",\"logo\":{\"@type\":\"ImageObject\",\"inLanguage\":\"it-IT\",\"@id\":\"https:\/\/progettotouring.it\/radiotouring104\/#\/schema\/logo\/image\/\",\"url\":\"https:\/\/progettotouring.it\/radiotouring104\/wp-content\/uploads\/sites\/6\/2022\/02\/cropped-logo-radio-touring-104.png\",\"contentUrl\":\"https:\/\/progettotouring.it\/radiotouring104\/wp-content\/uploads\/sites\/6\/2022\/02\/cropped-logo-radio-touring-104.png\",\"width\":377,\"height\":182,\"caption\":\"Radio Touring 104\"},\"image\":{\"@id\":\"https:\/\/progettotouring.it\/radiotouring104\/#\/schema\/logo\/image\/\"}},{\"@type\":\"Person\",\"@id\":\"https:\/\/progettotouring.it\/radiotouring104\/#\/schema\/person\/78613917f1851f041f7483f5af1d422e\",\"name\":\"Sebastiano Plutino\",\"image\":{\"@type\":\"ImageObject\",\"inLanguage\":\"it-IT\",\"@id\":\"https:\/\/secure.gravatar.com\/avatar\/0546ffaa9b79224faf9f2a156b67a529ae861d3287c66c1d8ccfdf909bcba78d?s=96&d=mm&r=g\",\"url\":\"https:\/\/secure.gravatar.com\/avatar\/0546ffaa9b79224faf9f2a156b67a529ae861d3287c66c1d8ccfdf909bcba78d?s=96&d=mm&r=g\",\"contentUrl\":\"https:\/\/secure.gravatar.com\/avatar\/0546ffaa9b79224faf9f2a156b67a529ae861d3287c66c1d8ccfdf909bcba78d?s=96&d=mm&r=g\",\"caption\":\"Sebastiano Plutino\"},\"url\":\"https:\/\/progettotouring.it\/radiotouring104\/author\/sebastiano\/\"}]}<\/script>\n<!-- \/ Yoast SEO plugin. -->","yoast_head_json":{"title":"Ponte Stretto, Salini: \"Possibili cantieri entro l'estate\"","description":"\"Fondamentale approfondimento\", ribatte la Sindaca di Villa S.G, Caminiti. Rete No Ponte organizza manifestazione per il 25 maggio","robots":{"index":"index","follow":"follow","max-snippet":"max-snippet:-1","max-image-preview":"max-image-preview:large","max-video-preview":"max-video-preview:-1"},"canonical":"https:\/\/progettotouring.it\/radiotouring104\/2024\/04\/19\/ponte-sullo-stretto-salini-possibili-cantieri-entro-lestate\/","og_locale":"it_IT","og_type":"article","og_title":"Ponte Stretto, Salini: \"Possibili cantieri entro l'estate\"","og_description":"\"Fondamentale approfondimento\", ribatte la Sindaca di Villa S.G, Caminiti. Rete No Ponte organizza manifestazione per il 25 maggio","og_url":"https:\/\/progettotouring.it\/radiotouring104\/2024\/04\/19\/ponte-sullo-stretto-salini-possibili-cantieri-entro-lestate\/","og_site_name":"Radio Touring 104","article_published_time":"2024-04-19T07:59:56+00:00","og_image":[{"width":665,"height":293,"url":"https:\/\/progettotouring.it\/radiotouring104\/wp-content\/uploads\/sites\/6\/2023\/04\/PontesulloStretto.jpg","type":"image\/jpeg"}],"author":"Sebastiano Plutino","twitter_card":"summary_large_image","twitter_misc":{"Scritto da":"Sebastiano Plutino","Tempo di lettura stimato":"2 minuti"},"schema":{"@context":"https:\/\/schema.org","@graph":[{"@type":"Article","@id":"https:\/\/progettotouring.it\/radiotouring104\/2024\/04\/19\/ponte-sullo-stretto-salini-possibili-cantieri-entro-lestate\/#article","isPartOf":{"@id":"https:\/\/progettotouring.it\/radiotouring104\/2024\/04\/19\/ponte-sullo-stretto-salini-possibili-cantieri-entro-lestate\/"},"author":{"name":"Sebastiano Plutino","@id":"https:\/\/progettotouring.it\/radiotouring104\/#\/schema\/person\/78613917f1851f041f7483f5af1d422e"},"headline":"Ponte sullo Stretto, Salini: &#8220;Possibili cantieri entro l&#8217;estate&#8221;","datePublished":"2024-04-19T07:59:56+00:00","mainEntityOfPage":{"@id":"https:\/\/progettotouring.it\/radiotouring104\/2024\/04\/19\/ponte-sullo-stretto-salini-possibili-cantieri-entro-lestate\/"},"wordCount":424,"publisher":{"@id":"https:\/\/progettotouring.it\/radiotouring104\/#organization"},"image":{"@id":"https:\/\/progettotouring.it\/radiotouring104\/2024\/04\/19\/ponte-sullo-stretto-salini-possibili-cantieri-entro-lestate\/#primaryimage"},"thumbnailUrl":"https:\/\/progettotouring.it\/radiotouring104\/wp-content\/uploads\/sites\/6\/2023\/04\/PontesulloStretto.jpg","keywords":["\"Fondamentale approfondimento\"","Assemblea Rete No Ponte","cantieri entro estate","Giusy Caminiti","manifestazione 25 maggio","Pietro Salini","Ponte sullo stretto"],"articleSection":["Home","News","Reggio Calabria"],"inLanguage":"it-IT"},{"@type":"WebPage","@id":"https:\/\/progettotouring.it\/radiotouring104\/2024\/04\/19\/ponte-sullo-stretto-salini-possibili-cantieri-entro-lestate\/","url":"https:\/\/progettotouring.it\/radiotouring104\/2024\/04\/19\/ponte-sullo-stretto-salini-possibili-cantieri-entro-lestate\/","name":"Ponte Stretto, Salini: \"Possibili cantieri entro l'estate\"","isPartOf":{"@id":"https:\/\/progettotouring.it\/radiotouring104\/#website"},"primaryImageOfPage":{"@id":"https:\/\/progettotouring.it\/radiotouring104\/2024\/04\/19\/ponte-sullo-stretto-salini-possibili-cantieri-entro-lestate\/#primaryimage"},"image":{"@id":"https:\/\/progettotouring.it\/radiotouring104\/2024\/04\/19\/ponte-sullo-stretto-salini-possibili-cantieri-entro-lestate\/#primaryimage"},"thumbnailUrl":"https:\/\/progettotouring.it\/radiotouring104\/wp-content\/uploads\/sites\/6\/2023\/04\/PontesulloStretto.jpg","datePublished":"2024-04-19T07:59:56+00:00","description":"\"Fondamentale approfondimento\", ribatte la Sindaca di Villa S.G, Caminiti. Rete No Ponte organizza manifestazione per il 25 maggio","breadcrumb":{"@id":"https:\/\/progettotouring.it\/radiotouring104\/2024\/04\/19\/ponte-sullo-stretto-salini-possibili-cantieri-entro-lestate\/#breadcrumb"},"inLanguage":"it-IT","potentialAction":[{"@type":"ReadAction","target":["https:\/\/progettotouring.it\/radiotouring104\/2024\/04\/19\/ponte-sullo-stretto-salini-possibili-cantieri-entro-lestate\/"]}]},{"@type":"ImageObject","inLanguage":"it-IT","@id":"https:\/\/progettotouring.it\/radiotouring104\/2024\/04\/19\/ponte-sullo-stretto-salini-possibili-cantieri-entro-lestate\/#primaryimage","url":"https:\/\/progettotouring.it\/radiotouring104\/wp-content\/uploads\/sites\/6\/2023\/04\/PontesulloStretto.jpg","contentUrl":"https:\/\/progettotouring.it\/radiotouring104\/wp-content\/uploads\/sites\/6\/2023\/04\/PontesulloStretto.jpg","width":665,"height":293},{"@type":"BreadcrumbList","@id":"https:\/\/progettotouring.it\/radiotouring104\/2024\/04\/19\/ponte-sullo-stretto-salini-possibili-cantieri-entro-lestate\/#breadcrumb","itemListElement":[{"@type":"ListItem","position":1,"name":"Home","item":"https:\/\/progettotouring.it\/radiotouring104\/"},{"@type":"ListItem","position":2,"name":"Ponte sullo Stretto, Salini: &#8220;Possibili cantieri entro l&#8217;estate&#8221;"}]},{"@type":"WebSite","@id":"https:\/\/progettotouring.it\/radiotouring104\/#website","url":"https:\/\/progettotouring.it\/radiotouring104\/","name":"Radio Touring 104","description":"La prima radio Reggina","publisher":{"@id":"https:\/\/progettotouring.it\/radiotouring104\/#organization"},"potentialAction":[{"@type":"SearchAction","target":{"@type":"EntryPoint","urlTemplate":"https:\/\/progettotouring.it\/radiotouring104\/?s={search_term_string}"},"query-input":{"@type":"PropertyValueSpecification","valueRequired":true,"valueName":"search_term_string"}}],"inLanguage":"it-IT"},{"@type":"Organization","@id":"https:\/\/progettotouring.it\/radiotouring104\/#organization","name":"Radio Touring 104","url":"https:\/\/progettotouring.it\/radiotouring104\/","logo":{"@type":"ImageObject","inLanguage":"it-IT","@id":"https:\/\/progettotouring.it\/radiotouring104\/#\/schema\/logo\/image\/","url":"https:\/\/progettotouring.it\/radiotouring104\/wp-content\/uploads\/sites\/6\/2022\/02\/cropped-logo-radio-touring-104.png","contentUrl":"https:\/\/progettotouring.it\/radiotouring104\/wp-content\/uploads\/sites\/6\/2022\/02\/cropped-logo-radio-touring-104.png","width":377,"height":182,"caption":"Radio Touring 104"},"image":{"@id":"https:\/\/progettotouring.it\/radiotouring104\/#\/schema\/logo\/image\/"}},{"@type":"Person","@id":"https:\/\/progettotouring.it\/radiotouring104\/#\/schema\/person\/78613917f1851f041f7483f5af1d422e","name":"Sebastiano Plutino","image":{"@type":"ImageObject","inLanguage":"it-IT","@id":"https:\/\/secure.gravatar.com\/avatar\/0546ffaa9b79224faf9f2a156b67a529ae861d3287c66c1d8ccfdf909bcba78d?s=96&d=mm&r=g","url":"https:\/\/secure.gravatar.com\/avatar\/0546ffaa9b79224faf9f2a156b67a529ae861d3287c66c1d8ccfdf909bcba78d?s=96&d=mm&r=g","contentUrl":"https:\/\/secure.gravatar.com\/avatar\/0546ffaa9b79224faf9f2a156b67a529ae861d3287c66c1d8ccfdf909bcba78d?s=96&d=mm&r=g","caption":"Sebastiano Plutino"},"url":"https:\/\/progettotouring.it\/radiotouring104\/author\/sebastiano\/"}]}},"jetpack_publicize_connections":[],"jetpack_featured_media_url":"https:\/\/progettotouring.it\/radiotouring104\/wp-content\/uploads\/sites\/6\/2023\/04\/PontesulloStretto.jpg","jetpack_sharing_enabled":true,"_links":{"self":[{"href":"https:\/\/progettotouring.it\/radiotouring104\/wp-json\/wp\/v2\/posts\/49618","targetHints":{"allow":["GET"]}}],"collection":[{"href":"https:\/\/progettotouring.it\/radiotouring104\/wp-json\/wp\/v2\/posts"}],"about":[{"href":"https:\/\/progettotouring.it\/radiotouring104\/wp-json\/wp\/v2\/types\/post"}],"author":[{"embeddable":true,"href":"https:\/\/progettotouring.it\/radiotouring104\/wp-json\/wp\/v2\/users\/12"}],"replies":[{"embeddable":true,"href":"https:\/\/progettotouring.it\/radiotouring104\/wp-json\/wp\/v2\/comments?post=49618"}],"version-history":[{"count":1,"href":"https:\/\/progettotouring.it\/radiotouring104\/wp-json\/wp\/v2\/posts\/49618\/revisions"}],"predecessor-version":[{"id":49619,"href":"https:\/\/progettotouring.it\/radiotouring104\/wp-json\/wp\/v2\/posts\/49618\/revisions\/49619"}],"wp:featuredmedia":[{"embeddable":true,"href":"https:\/\/progettotouring.it\/radiotouring104\/wp-json\/wp\/v2\/media\/22931"}],"wp:attachment":[{"href":"https:\/\/progettotouring.it\/radiotouring104\/wp-json\/wp\/v2\/media?parent=49618"}],"wp:term":[{"taxonomy":"category","embeddable":true,"href":"https:\/\/progettotouring.it\/radiotouring104\/wp-json\/wp\/v2\/categories?post=49618"},{"taxonomy":"post_tag","embeddable":true,"href":"https:\/\/progettotouring.it\/radiotouring104\/wp-json\/wp\/v2\/tags?post=49618"}],"curies":[{"name":"wp","href":"https:\/\/api.w.org\/{rel}","templated":true}]}}