{"id":49623,"date":"2024-04-19T10:17:32","date_gmt":"2024-04-19T08:17:32","guid":{"rendered":"https:\/\/progettotouring.it\/radiotouring104\/?p=49623"},"modified":"2024-04-19T10:18:02","modified_gmt":"2024-04-19T08:18:02","slug":"sanita-calabria-nasce-gruppo-di-lavoro-per-pareri-su-segnalazioni-a-supporto-della-garante","status":"publish","type":"post","link":"https:\/\/progettotouring.it\/radiotouring104\/2024\/04\/19\/sanita-calabria-nasce-gruppo-di-lavoro-per-pareri-su-segnalazioni-a-supporto-della-garante\/","title":{"rendered":"Sanit\u00e0 Calabria: nasce gruppo di lavoro per pareri su segnalazioni a supporto della garante"},"content":{"rendered":"<p style=\"text-align: justify\">Dopo l\u2019istituzione del tavolo tecnico su <em>\u201cOncologia, prevenzione e ricerca\u201d<\/em>, promosso dall\u2019Ufficio del Garante della Salute della Regione Calabria, che vede tra i componenti<strong> Gianfranco Filippelli,<\/strong> coordinatore della rete oncologica della regione Calabria e direttore U.O.C. di Oncologia P.O. di Paola; il <strong>prof. Vincenzo Adamo,<\/strong> ordinario di Oncologia Medica all\u2019Universit\u00e0 degli Studi di Messina, nonch\u00e9 coordinatore della rete oncologica della regione Sicilia; <strong>il dr. Giovanni Tripepi,<\/strong> dirigente di ricerca dell\u2019Istituto di Fisiologia Clinica del Consiglio Nazionale delle Ricerche di Reggio Calabria, nonch\u00e9 componente della rete oncologica e del Molecular Tumor Board della regione Calabria; il direttore del Dipartimento di Prevenzione Asp Reggio Calabria, <strong>Sandro Giuffrida; il prof. Pierosandro Tagliaferri<\/strong>, direttore U.O. Oncologia Medica A.O.U. Dulbecco di Catanzaro &#8211; presidio Germaneto; il<strong> prof. Pierfrancesco Tassone<\/strong>, direttore U.O. Oncologia medica traslazionale A.O.U. Dulbecco Catanzaro presidio Germaneto; il dr. Vito Barbieri, direttore U.O. Oncologia Medica A.O.U. Dulbecco Catanzaro presidio De Lellis; il dr. <strong>Antonio Caputo,<\/strong> direttore U.O. Oncologia P.O. di San Giovanni in Fiore; il dr. <strong>Said Al Sayaad,<\/strong> direttore U.O. Radioterapia e capo dipartimento Oncoematologico Gom, <strong>la dr.ssa Maria Concetta Galati,<\/strong> direttore U.O. Ematologia e Oncologia Pediatrica A.O.U. Dulbecco presidio De Lellis, la dr.ssa Mandaglio, direttore Oncoematologia Pediatrica Gom<strong>, il dr. Antonino Iaria<\/strong>, direttore U.O. Oncologia P.O. Melito Porto Salvo,<strong> la dr.ssa Maria Grazia Arena<\/strong>, responsabile U.O. Oncologia P.O. Tropea,<strong> la dr.ssa Paola Serran\u00f2,<\/strong> responsabile Cure Palliative Asp Reggio Calabria,<strong> il dr. Roberto Squillace,<\/strong> responsabile Cure Palliative A.O. Catanzaro; il dr. Luciano Gerardis, gi\u00e0 presidente della Corte d\u2019Appello di Reggio Calabria, nonch\u00e9 numerose associazioni di pazienti oncologici, nasce il gruppo di lavoro per la per la redazione di pareri su specifiche segnalazioni di elevata complessit\u00e0 a supporto del Garante regionale della Salute, <strong>Anna Maria Stanganelli<\/strong>, per rispondere alle istanze, anomalie e disservizi rappresentate dai cittadini all\u2019Ufficio e che richiedono valutazioni articolate<strong>. <\/strong><\/p>\n<p style=\"text-align: justify\"><strong>A coordinare i lavori del gruppo che collaborer\u00e0 con il Garante Stanganelli<\/strong> a titolo completamente gratuito, <strong>il dr. Santo Caridi<\/strong>, gi\u00e0 direttore sanitario dell\u2019Asp di Reggio Calabria, che avr\u00e0 il compito di redigere pareri su specifiche segnalazioni di elevata complessit\u00e0 in materia socio-sanitaria e nelle relative branche disciplinari e con compiti di raccordo con le Istituzioni; toccher\u00e0 invece ad <strong>Angelo D\u2019Ascola<\/strong>, gi\u00e0 dirigente della Polizia di Stato e componente di numerose Commissioni di accesso presso enti locali, comunit\u00e0 montane e aziende sanitarie, esprimere pareri su segnalazioni in materia di sicurezza degli operatori sanitari e con compiti di supporto in materia di vigilanza nell\u2019adeguata erogazione delle prestazioni all\u2019interno del servizio sanitario, a tutela del diritto di accesso alle cure del cittadino<strong>. Il dr. Rosario Ortuso,<\/strong> gi\u00e0 Primario di Cardiologia, avr\u00e0 invece il compito di redigere pareri nel settore della Cardiologia e con compiti di supporto nella promozione della cultura del primo soccorso e in materia di sensibilizzazione e prevenzione delle patologie cardiovascolari; tra l\u2019altro, in quest\u2019ambito la Garante, conta anche del supporto de<strong>l dr. Roberto Ceravolo<\/strong>, direttore U.O. di Cardiologia di Lamezia Terme e Chairperson dell\u2019Area Epidemiologia Clinica dell\u2019Associazione Medici Cardiologi Ospedalieri; sar\u00e0 invece<strong> il dr. Said Al Sayaad,<\/strong> Direttore U.O. Radioterapia e Capo Dipartimento Oncoematologico Gom, ad esprimere pareri nel settore della Radiologia e della Radioterapia Oncologica e nelle relative branche disciplinari. A collaborare con l\u2019Ufficio del Garante anche la<strong> prof.ssa Daniela Concolino,<\/strong> direttore U.O. Pediatria A.O.U. Dulbecco di Catanzaro e presidente regionale della Societ\u00e0 Italiana di Pediatria, che si occuper\u00e0 di supportare la Garante nella redazione di pareri su specifiche segnalazioni di elevata complessit\u00e0 nel settore della Pediatria e delle malattie rare; <strong>il dr. Giovanni Tripepi,<\/strong> dirigente di ricerca del CNR, gi\u00e0 componente del tavolo tecnico sulle patologie oncologiche, si occuper\u00e0 invece della redazione di pareri su specifiche segnalazioni di elevata complessit\u00e0 nel settore delle tematiche Epidemiologia e relative Branche disciplinari; <strong>infine Luca Garofalo,<\/strong> il giovane di Cotronei, affetto da una grave malattia degenerativa e che si batte per i diritti dei ragazzi diversamente speciali, che si far\u00e0 portavoce delle istanze provenienti da parte del territorio, in materia di disabilit\u00e0, inclusione e pari opportunit\u00e0.<\/p>\n<p>&nbsp;<\/p>\n","protected":false},"excerpt":{"rendered":"<p>Dopo l\u2019istituzione del tavolo tecnico su \u201cOncologia, prevenzione e ricerca\u201d, promosso dall\u2019Ufficio del Garante della Salute della Regione Calabria, che vede tra i componenti Gianfranco Filippelli, coordinatore della rete oncologica&hellip;<\/p>\n","protected":false},"author":12,"featured_media":49624,"comment_status":"closed","ping_status":"open","sticky":false,"template":"","format":"standard","meta":{"_jetpack_memberships_contains_paid_content":false,"footnotes":"","jetpack_publicize_message":"","jetpack_publicize_feature_enabled":true,"jetpack_social_post_already_shared":false,"jetpack_social_options":{"image_generator_settings":{"template":"highway","default_image_id":0,"font":"","enabled":false},"version":2}},"categories":[142,921,196],"tags":[6679,30487,30488,14379,30489],"class_list":["post-49623","post","type-post","status-publish","format-standard","has-post-thumbnail","hentry","category-calabria","category-home","category-news","tag-anna-maria-stanganelli","tag-nasce-nuovo-gruppo-lavoro","tag-pareri-su-segnalazioni","tag-sanita-calabria","tag-supporto-a-garante-salute"],"yoast_head":"<!-- This site is optimized with the Yoast SEO plugin v27.2 - https:\/\/yoast.com\/product\/yoast-seo-wordpress\/ -->\n<title>Sanit\u00e0: nasce gruppo per pareri su segnalazioni a supporto garante<\/title>\n<meta name=\"description\" content=\"Nasce il gruppo di lavoro per pareri su specifiche segnalazioni complesse a supporto della garante Stanganelli\" \/>\n<meta name=\"robots\" content=\"index, follow, max-snippet:-1, max-image-preview:large, max-video-preview:-1\" \/>\n<link rel=\"canonical\" href=\"https:\/\/progettotouring.it\/radiotouring104\/2024\/04\/19\/sanita-calabria-nasce-gruppo-di-lavoro-per-pareri-su-segnalazioni-a-supporto-della-garante\/\" \/>\n<meta property=\"og:locale\" content=\"it_IT\" \/>\n<meta property=\"og:type\" content=\"article\" \/>\n<meta property=\"og:title\" content=\"Sanit\u00e0: nasce gruppo per pareri su segnalazioni a supporto garante\" \/>\n<meta property=\"og:description\" content=\"Nasce il gruppo di lavoro per pareri su specifiche segnalazioni complesse a supporto della garante Stanganelli\" \/>\n<meta property=\"og:url\" content=\"https:\/\/progettotouring.it\/radiotouring104\/2024\/04\/19\/sanita-calabria-nasce-gruppo-di-lavoro-per-pareri-su-segnalazioni-a-supporto-della-garante\/\" \/>\n<meta property=\"og:site_name\" content=\"Radio Touring 104\" \/>\n<meta property=\"article:published_time\" content=\"2024-04-19T08:17:32+00:00\" \/>\n<meta property=\"article:modified_time\" content=\"2024-04-19T08:18:02+00:00\" \/>\n<meta property=\"og:image\" content=\"https:\/\/progettotouring.it\/radiotouring104\/wp-content\/uploads\/sites\/6\/2024\/04\/foto-gruppo-di-lavoro-pareri-Stanganelli.jpg\" \/>\n\t<meta property=\"og:image:width\" content=\"1600\" \/>\n\t<meta property=\"og:image:height\" content=\"900\" \/>\n\t<meta property=\"og:image:type\" content=\"image\/jpeg\" \/>\n<meta name=\"author\" content=\"Sebastiano Plutino\" \/>\n<meta name=\"twitter:card\" content=\"summary_large_image\" \/>\n<meta name=\"twitter:label1\" content=\"Scritto da\" \/>\n\t<meta name=\"twitter:data1\" content=\"Sebastiano Plutino\" \/>\n\t<meta name=\"twitter:label2\" content=\"Tempo di lettura stimato\" \/>\n\t<meta name=\"twitter:data2\" content=\"4 minuti\" \/>\n<script type=\"application\/ld+json\" class=\"yoast-schema-graph\">{\"@context\":\"https:\/\/schema.org\",\"@graph\":[{\"@type\":\"Article\",\"@id\":\"https:\/\/progettotouring.it\/radiotouring104\/2024\/04\/19\/sanita-calabria-nasce-gruppo-di-lavoro-per-pareri-su-segnalazioni-a-supporto-della-garante\/#article\",\"isPartOf\":{\"@id\":\"https:\/\/progettotouring.it\/radiotouring104\/2024\/04\/19\/sanita-calabria-nasce-gruppo-di-lavoro-per-pareri-su-segnalazioni-a-supporto-della-garante\/\"},\"author\":{\"name\":\"Sebastiano Plutino\",\"@id\":\"https:\/\/progettotouring.it\/radiotouring104\/#\/schema\/person\/78613917f1851f041f7483f5af1d422e\"},\"headline\":\"Sanit\u00e0 Calabria: nasce gruppo di lavoro per pareri su segnalazioni a supporto della garante\",\"datePublished\":\"2024-04-19T08:17:32+00:00\",\"dateModified\":\"2024-04-19T08:18:02+00:00\",\"mainEntityOfPage\":{\"@id\":\"https:\/\/progettotouring.it\/radiotouring104\/2024\/04\/19\/sanita-calabria-nasce-gruppo-di-lavoro-per-pareri-su-segnalazioni-a-supporto-della-garante\/\"},\"wordCount\":717,\"publisher\":{\"@id\":\"https:\/\/progettotouring.it\/radiotouring104\/#organization\"},\"image\":{\"@id\":\"https:\/\/progettotouring.it\/radiotouring104\/2024\/04\/19\/sanita-calabria-nasce-gruppo-di-lavoro-per-pareri-su-segnalazioni-a-supporto-della-garante\/#primaryimage\"},\"thumbnailUrl\":\"https:\/\/progettotouring.it\/radiotouring104\/wp-content\/uploads\/sites\/6\/2024\/04\/foto-gruppo-di-lavoro-pareri-Stanganelli.jpg\",\"keywords\":[\"Anna Maria Stanganelli\",\"nasce nuovo gruppo lavoro\",\"pareri su segnalazioni\",\"Sanit\u00e0 Calabria\",\"supporto a Garante Salute\"],\"articleSection\":[\"Calabria\",\"Home\",\"News\"],\"inLanguage\":\"it-IT\"},{\"@type\":\"WebPage\",\"@id\":\"https:\/\/progettotouring.it\/radiotouring104\/2024\/04\/19\/sanita-calabria-nasce-gruppo-di-lavoro-per-pareri-su-segnalazioni-a-supporto-della-garante\/\",\"url\":\"https:\/\/progettotouring.it\/radiotouring104\/2024\/04\/19\/sanita-calabria-nasce-gruppo-di-lavoro-per-pareri-su-segnalazioni-a-supporto-della-garante\/\",\"name\":\"Sanit\u00e0: nasce gruppo per pareri su segnalazioni a supporto garante\",\"isPartOf\":{\"@id\":\"https:\/\/progettotouring.it\/radiotouring104\/#website\"},\"primaryImageOfPage\":{\"@id\":\"https:\/\/progettotouring.it\/radiotouring104\/2024\/04\/19\/sanita-calabria-nasce-gruppo-di-lavoro-per-pareri-su-segnalazioni-a-supporto-della-garante\/#primaryimage\"},\"image\":{\"@id\":\"https:\/\/progettotouring.it\/radiotouring104\/2024\/04\/19\/sanita-calabria-nasce-gruppo-di-lavoro-per-pareri-su-segnalazioni-a-supporto-della-garante\/#primaryimage\"},\"thumbnailUrl\":\"https:\/\/progettotouring.it\/radiotouring104\/wp-content\/uploads\/sites\/6\/2024\/04\/foto-gruppo-di-lavoro-pareri-Stanganelli.jpg\",\"datePublished\":\"2024-04-19T08:17:32+00:00\",\"dateModified\":\"2024-04-19T08:18:02+00:00\",\"description\":\"Nasce il gruppo di lavoro per pareri su specifiche segnalazioni complesse a supporto della garante Stanganelli\",\"breadcrumb\":{\"@id\":\"https:\/\/progettotouring.it\/radiotouring104\/2024\/04\/19\/sanita-calabria-nasce-gruppo-di-lavoro-per-pareri-su-segnalazioni-a-supporto-della-garante\/#breadcrumb\"},\"inLanguage\":\"it-IT\",\"potentialAction\":[{\"@type\":\"ReadAction\",\"target\":[\"https:\/\/progettotouring.it\/radiotouring104\/2024\/04\/19\/sanita-calabria-nasce-gruppo-di-lavoro-per-pareri-su-segnalazioni-a-supporto-della-garante\/\"]}]},{\"@type\":\"ImageObject\",\"inLanguage\":\"it-IT\",\"@id\":\"https:\/\/progettotouring.it\/radiotouring104\/2024\/04\/19\/sanita-calabria-nasce-gruppo-di-lavoro-per-pareri-su-segnalazioni-a-supporto-della-garante\/#primaryimage\",\"url\":\"https:\/\/progettotouring.it\/radiotouring104\/wp-content\/uploads\/sites\/6\/2024\/04\/foto-gruppo-di-lavoro-pareri-Stanganelli.jpg\",\"contentUrl\":\"https:\/\/progettotouring.it\/radiotouring104\/wp-content\/uploads\/sites\/6\/2024\/04\/foto-gruppo-di-lavoro-pareri-Stanganelli.jpg\",\"width\":1600,\"height\":900},{\"@type\":\"BreadcrumbList\",\"@id\":\"https:\/\/progettotouring.it\/radiotouring104\/2024\/04\/19\/sanita-calabria-nasce-gruppo-di-lavoro-per-pareri-su-segnalazioni-a-supporto-della-garante\/#breadcrumb\",\"itemListElement\":[{\"@type\":\"ListItem\",\"position\":1,\"name\":\"Home\",\"item\":\"https:\/\/progettotouring.it\/radiotouring104\/\"},{\"@type\":\"ListItem\",\"position\":2,\"name\":\"Sanit\u00e0 Calabria: nasce gruppo di lavoro per pareri su segnalazioni a supporto della garante\"}]},{\"@type\":\"WebSite\",\"@id\":\"https:\/\/progettotouring.it\/radiotouring104\/#website\",\"url\":\"https:\/\/progettotouring.it\/radiotouring104\/\",\"name\":\"Radio Touring 104\",\"description\":\"La prima radio Reggina\",\"publisher\":{\"@id\":\"https:\/\/progettotouring.it\/radiotouring104\/#organization\"},\"potentialAction\":[{\"@type\":\"SearchAction\",\"target\":{\"@type\":\"EntryPoint\",\"urlTemplate\":\"https:\/\/progettotouring.it\/radiotouring104\/?s={search_term_string}\"},\"query-input\":{\"@type\":\"PropertyValueSpecification\",\"valueRequired\":true,\"valueName\":\"search_term_string\"}}],\"inLanguage\":\"it-IT\"},{\"@type\":\"Organization\",\"@id\":\"https:\/\/progettotouring.it\/radiotouring104\/#organization\",\"name\":\"Radio Touring 104\",\"url\":\"https:\/\/progettotouring.it\/radiotouring104\/\",\"logo\":{\"@type\":\"ImageObject\",\"inLanguage\":\"it-IT\",\"@id\":\"https:\/\/progettotouring.it\/radiotouring104\/#\/schema\/logo\/image\/\",\"url\":\"https:\/\/progettotouring.it\/radiotouring104\/wp-content\/uploads\/sites\/6\/2022\/02\/cropped-logo-radio-touring-104.png\",\"contentUrl\":\"https:\/\/progettotouring.it\/radiotouring104\/wp-content\/uploads\/sites\/6\/2022\/02\/cropped-logo-radio-touring-104.png\",\"width\":377,\"height\":182,\"caption\":\"Radio Touring 104\"},\"image\":{\"@id\":\"https:\/\/progettotouring.it\/radiotouring104\/#\/schema\/logo\/image\/\"}},{\"@type\":\"Person\",\"@id\":\"https:\/\/progettotouring.it\/radiotouring104\/#\/schema\/person\/78613917f1851f041f7483f5af1d422e\",\"name\":\"Sebastiano Plutino\",\"image\":{\"@type\":\"ImageObject\",\"inLanguage\":\"it-IT\",\"@id\":\"https:\/\/secure.gravatar.com\/avatar\/0546ffaa9b79224faf9f2a156b67a529ae861d3287c66c1d8ccfdf909bcba78d?s=96&d=mm&r=g\",\"url\":\"https:\/\/secure.gravatar.com\/avatar\/0546ffaa9b79224faf9f2a156b67a529ae861d3287c66c1d8ccfdf909bcba78d?s=96&d=mm&r=g\",\"contentUrl\":\"https:\/\/secure.gravatar.com\/avatar\/0546ffaa9b79224faf9f2a156b67a529ae861d3287c66c1d8ccfdf909bcba78d?s=96&d=mm&r=g\",\"caption\":\"Sebastiano Plutino\"},\"url\":\"https:\/\/progettotouring.it\/radiotouring104\/author\/sebastiano\/\"}]}<\/script>\n<!-- \/ Yoast SEO plugin. -->","yoast_head_json":{"title":"Sanit\u00e0: nasce gruppo per pareri su segnalazioni a supporto garante","description":"Nasce il gruppo di lavoro per pareri su specifiche segnalazioni complesse a supporto della garante Stanganelli","robots":{"index":"index","follow":"follow","max-snippet":"max-snippet:-1","max-image-preview":"max-image-preview:large","max-video-preview":"max-video-preview:-1"},"canonical":"https:\/\/progettotouring.it\/radiotouring104\/2024\/04\/19\/sanita-calabria-nasce-gruppo-di-lavoro-per-pareri-su-segnalazioni-a-supporto-della-garante\/","og_locale":"it_IT","og_type":"article","og_title":"Sanit\u00e0: nasce gruppo per pareri su segnalazioni a supporto garante","og_description":"Nasce il gruppo di lavoro per pareri su specifiche segnalazioni complesse a supporto della garante Stanganelli","og_url":"https:\/\/progettotouring.it\/radiotouring104\/2024\/04\/19\/sanita-calabria-nasce-gruppo-di-lavoro-per-pareri-su-segnalazioni-a-supporto-della-garante\/","og_site_name":"Radio Touring 104","article_published_time":"2024-04-19T08:17:32+00:00","article_modified_time":"2024-04-19T08:18:02+00:00","og_image":[{"width":1600,"height":900,"url":"https:\/\/progettotouring.it\/radiotouring104\/wp-content\/uploads\/sites\/6\/2024\/04\/foto-gruppo-di-lavoro-pareri-Stanganelli.jpg","type":"image\/jpeg"}],"author":"Sebastiano Plutino","twitter_card":"summary_large_image","twitter_misc":{"Scritto da":"Sebastiano Plutino","Tempo di lettura stimato":"4 minuti"},"schema":{"@context":"https:\/\/schema.org","@graph":[{"@type":"Article","@id":"https:\/\/progettotouring.it\/radiotouring104\/2024\/04\/19\/sanita-calabria-nasce-gruppo-di-lavoro-per-pareri-su-segnalazioni-a-supporto-della-garante\/#article","isPartOf":{"@id":"https:\/\/progettotouring.it\/radiotouring104\/2024\/04\/19\/sanita-calabria-nasce-gruppo-di-lavoro-per-pareri-su-segnalazioni-a-supporto-della-garante\/"},"author":{"name":"Sebastiano Plutino","@id":"https:\/\/progettotouring.it\/radiotouring104\/#\/schema\/person\/78613917f1851f041f7483f5af1d422e"},"headline":"Sanit\u00e0 Calabria: nasce gruppo di lavoro per pareri su segnalazioni a supporto della garante","datePublished":"2024-04-19T08:17:32+00:00","dateModified":"2024-04-19T08:18:02+00:00","mainEntityOfPage":{"@id":"https:\/\/progettotouring.it\/radiotouring104\/2024\/04\/19\/sanita-calabria-nasce-gruppo-di-lavoro-per-pareri-su-segnalazioni-a-supporto-della-garante\/"},"wordCount":717,"publisher":{"@id":"https:\/\/progettotouring.it\/radiotouring104\/#organization"},"image":{"@id":"https:\/\/progettotouring.it\/radiotouring104\/2024\/04\/19\/sanita-calabria-nasce-gruppo-di-lavoro-per-pareri-su-segnalazioni-a-supporto-della-garante\/#primaryimage"},"thumbnailUrl":"https:\/\/progettotouring.it\/radiotouring104\/wp-content\/uploads\/sites\/6\/2024\/04\/foto-gruppo-di-lavoro-pareri-Stanganelli.jpg","keywords":["Anna Maria Stanganelli","nasce nuovo gruppo lavoro","pareri su segnalazioni","Sanit\u00e0 Calabria","supporto a Garante Salute"],"articleSection":["Calabria","Home","News"],"inLanguage":"it-IT"},{"@type":"WebPage","@id":"https:\/\/progettotouring.it\/radiotouring104\/2024\/04\/19\/sanita-calabria-nasce-gruppo-di-lavoro-per-pareri-su-segnalazioni-a-supporto-della-garante\/","url":"https:\/\/progettotouring.it\/radiotouring104\/2024\/04\/19\/sanita-calabria-nasce-gruppo-di-lavoro-per-pareri-su-segnalazioni-a-supporto-della-garante\/","name":"Sanit\u00e0: nasce gruppo per pareri su segnalazioni a supporto garante","isPartOf":{"@id":"https:\/\/progettotouring.it\/radiotouring104\/#website"},"primaryImageOfPage":{"@id":"https:\/\/progettotouring.it\/radiotouring104\/2024\/04\/19\/sanita-calabria-nasce-gruppo-di-lavoro-per-pareri-su-segnalazioni-a-supporto-della-garante\/#primaryimage"},"image":{"@id":"https:\/\/progettotouring.it\/radiotouring104\/2024\/04\/19\/sanita-calabria-nasce-gruppo-di-lavoro-per-pareri-su-segnalazioni-a-supporto-della-garante\/#primaryimage"},"thumbnailUrl":"https:\/\/progettotouring.it\/radiotouring104\/wp-content\/uploads\/sites\/6\/2024\/04\/foto-gruppo-di-lavoro-pareri-Stanganelli.jpg","datePublished":"2024-04-19T08:17:32+00:00","dateModified":"2024-04-19T08:18:02+00:00","description":"Nasce il gruppo di lavoro per pareri su specifiche segnalazioni complesse a supporto della garante Stanganelli","breadcrumb":{"@id":"https:\/\/progettotouring.it\/radiotouring104\/2024\/04\/19\/sanita-calabria-nasce-gruppo-di-lavoro-per-pareri-su-segnalazioni-a-supporto-della-garante\/#breadcrumb"},"inLanguage":"it-IT","potentialAction":[{"@type":"ReadAction","target":["https:\/\/progettotouring.it\/radiotouring104\/2024\/04\/19\/sanita-calabria-nasce-gruppo-di-lavoro-per-pareri-su-segnalazioni-a-supporto-della-garante\/"]}]},{"@type":"ImageObject","inLanguage":"it-IT","@id":"https:\/\/progettotouring.it\/radiotouring104\/2024\/04\/19\/sanita-calabria-nasce-gruppo-di-lavoro-per-pareri-su-segnalazioni-a-supporto-della-garante\/#primaryimage","url":"https:\/\/progettotouring.it\/radiotouring104\/wp-content\/uploads\/sites\/6\/2024\/04\/foto-gruppo-di-lavoro-pareri-Stanganelli.jpg","contentUrl":"https:\/\/progettotouring.it\/radiotouring104\/wp-content\/uploads\/sites\/6\/2024\/04\/foto-gruppo-di-lavoro-pareri-Stanganelli.jpg","width":1600,"height":900},{"@type":"BreadcrumbList","@id":"https:\/\/progettotouring.it\/radiotouring104\/2024\/04\/19\/sanita-calabria-nasce-gruppo-di-lavoro-per-pareri-su-segnalazioni-a-supporto-della-garante\/#breadcrumb","itemListElement":[{"@type":"ListItem","position":1,"name":"Home","item":"https:\/\/progettotouring.it\/radiotouring104\/"},{"@type":"ListItem","position":2,"name":"Sanit\u00e0 Calabria: nasce gruppo di lavoro per pareri su segnalazioni a supporto della garante"}]},{"@type":"WebSite","@id":"https:\/\/progettotouring.it\/radiotouring104\/#website","url":"https:\/\/progettotouring.it\/radiotouring104\/","name":"Radio Touring 104","description":"La prima radio Reggina","publisher":{"@id":"https:\/\/progettotouring.it\/radiotouring104\/#organization"},"potentialAction":[{"@type":"SearchAction","target":{"@type":"EntryPoint","urlTemplate":"https:\/\/progettotouring.it\/radiotouring104\/?s={search_term_string}"},"query-input":{"@type":"PropertyValueSpecification","valueRequired":true,"valueName":"search_term_string"}}],"inLanguage":"it-IT"},{"@type":"Organization","@id":"https:\/\/progettotouring.it\/radiotouring104\/#organization","name":"Radio Touring 104","url":"https:\/\/progettotouring.it\/radiotouring104\/","logo":{"@type":"ImageObject","inLanguage":"it-IT","@id":"https:\/\/progettotouring.it\/radiotouring104\/#\/schema\/logo\/image\/","url":"https:\/\/progettotouring.it\/radiotouring104\/wp-content\/uploads\/sites\/6\/2022\/02\/cropped-logo-radio-touring-104.png","contentUrl":"https:\/\/progettotouring.it\/radiotouring104\/wp-content\/uploads\/sites\/6\/2022\/02\/cropped-logo-radio-touring-104.png","width":377,"height":182,"caption":"Radio Touring 104"},"image":{"@id":"https:\/\/progettotouring.it\/radiotouring104\/#\/schema\/logo\/image\/"}},{"@type":"Person","@id":"https:\/\/progettotouring.it\/radiotouring104\/#\/schema\/person\/78613917f1851f041f7483f5af1d422e","name":"Sebastiano Plutino","image":{"@type":"ImageObject","inLanguage":"it-IT","@id":"https:\/\/secure.gravatar.com\/avatar\/0546ffaa9b79224faf9f2a156b67a529ae861d3287c66c1d8ccfdf909bcba78d?s=96&d=mm&r=g","url":"https:\/\/secure.gravatar.com\/avatar\/0546ffaa9b79224faf9f2a156b67a529ae861d3287c66c1d8ccfdf909bcba78d?s=96&d=mm&r=g","contentUrl":"https:\/\/secure.gravatar.com\/avatar\/0546ffaa9b79224faf9f2a156b67a529ae861d3287c66c1d8ccfdf909bcba78d?s=96&d=mm&r=g","caption":"Sebastiano Plutino"},"url":"https:\/\/progettotouring.it\/radiotouring104\/author\/sebastiano\/"}]}},"jetpack_publicize_connections":[],"jetpack_featured_media_url":"https:\/\/progettotouring.it\/radiotouring104\/wp-content\/uploads\/sites\/6\/2024\/04\/foto-gruppo-di-lavoro-pareri-Stanganelli.jpg","jetpack_sharing_enabled":true,"_links":{"self":[{"href":"https:\/\/progettotouring.it\/radiotouring104\/wp-json\/wp\/v2\/posts\/49623","targetHints":{"allow":["GET"]}}],"collection":[{"href":"https:\/\/progettotouring.it\/radiotouring104\/wp-json\/wp\/v2\/posts"}],"about":[{"href":"https:\/\/progettotouring.it\/radiotouring104\/wp-json\/wp\/v2\/types\/post"}],"author":[{"embeddable":true,"href":"https:\/\/progettotouring.it\/radiotouring104\/wp-json\/wp\/v2\/users\/12"}],"replies":[{"embeddable":true,"href":"https:\/\/progettotouring.it\/radiotouring104\/wp-json\/wp\/v2\/comments?post=49623"}],"version-history":[{"count":1,"href":"https:\/\/progettotouring.it\/radiotouring104\/wp-json\/wp\/v2\/posts\/49623\/revisions"}],"predecessor-version":[{"id":49625,"href":"https:\/\/progettotouring.it\/radiotouring104\/wp-json\/wp\/v2\/posts\/49623\/revisions\/49625"}],"wp:featuredmedia":[{"embeddable":true,"href":"https:\/\/progettotouring.it\/radiotouring104\/wp-json\/wp\/v2\/media\/49624"}],"wp:attachment":[{"href":"https:\/\/progettotouring.it\/radiotouring104\/wp-json\/wp\/v2\/media?parent=49623"}],"wp:term":[{"taxonomy":"category","embeddable":true,"href":"https:\/\/progettotouring.it\/radiotouring104\/wp-json\/wp\/v2\/categories?post=49623"},{"taxonomy":"post_tag","embeddable":true,"href":"https:\/\/progettotouring.it\/radiotouring104\/wp-json\/wp\/v2\/tags?post=49623"}],"curies":[{"name":"wp","href":"https:\/\/api.w.org\/{rel}","templated":true}]}}