{"id":49640,"date":"2024-04-19T10:51:38","date_gmt":"2024-04-19T08:51:38","guid":{"rendered":"https:\/\/progettotouring.it\/radiotouring104\/?p=49640"},"modified":"2024-04-19T10:52:06","modified_gmt":"2024-04-19T08:52:06","slug":"consiglio-comunale-falcomata-soddisfatto-per-lapprovazione-del-bilancio-di-previsione","status":"publish","type":"post","link":"https:\/\/progettotouring.it\/radiotouring104\/2024\/04\/19\/consiglio-comunale-falcomata-soddisfatto-per-lapprovazione-del-bilancio-di-previsione\/","title":{"rendered":"Consiglio Comunale: Falcomat\u00e0 soddisfatto per l&#8217;approvazione del bilancio di previsione"},"content":{"rendered":"<p style=\"text-align: justify\"><em>\u00abUn bilancio che non nasce oggi, ma \u00e8 frutto di quelli precedenti, di tanti anni di duro lavoro di programmazione, e che parte dalla scelta del 2014 di non chiedere il dissesto, da una classe politica nuova, una scelta dirimente che aveva pi\u00f9 interrogativi che risposte. Una fiducia che noi abbiamo sentito in quegli anni da parte del governo nazionale, con le interlocuzioni insieme ai ragionieri dello Stato per portare l\u2019attenzione su misure essenziali per la sopravvivenza dell\u2019Ente. Part\u00ec tutto da l\u00ec, negli anni \u2013 ha proseguito il sindaco &#8211; le azioni furono in parte frenate dalle sentenze della Corte Costituzionale sulla normativa nazionale, fino a che non si cap\u00ec che ai comuni andava dato non solo il tempo, ma anche le risorse\u00bb<\/em><strong>. Cos\u00ec il sindaco Giuseppe Falcomat\u00e0<\/strong> nel <strong>suo intervento in consiglio comunale per l\u2019approvazione del bilancio 2024\/2026<\/strong>, durante il quale ha, preliminarmente, ringraziato tutti coloro che hanno contribuito alla creazione del documento.<\/p>\n<p style=\"text-align: justify\"><em>\u00abRingrazio tutte le maggioranze che si sono susseguite in questi anni, gli assessori, i dirigenti, il presidente Cuzzocrea che si \u00e8 guadagnato sul campo la conferma nella Commissione Bilancio. Una scelta di coraggio l\u2019ha definita qualcuno \u2013 ha precisato il primo cittadino &#8211; da fare col cuore, l\u2019unica forza possibile, una forza d\u2019animo, interiore. Poi \u00e8 facile avere coraggio quando si sta dall\u2019altra parte, a distanza di sicurezza da quelle scelte che implicano avere coraggio\u00bb.<\/em><\/p>\n<p style=\"text-align: justify\">Dal sindaco arrivano poi i primi dati relativi all\u2019avviso per le agevolazioni sulla Tari presentate ieri dall\u2019Amministrazione a palazzo San Giorgio: \u00abGi\u00e0 stamattina, in due ore dall\u2019apertura della domande ne sono arrivate 77. Evidentemente il segnale che questa comunicazione sia arrivata ai cittadini \u00e8 positivo. Non si risolvono i problemi, \u00e8 una carezza che d\u00e0 sollievo, non cambia l\u2019economia del mese, fa capire per\u00f2 la vicinanza dell\u2019Amministrazione, non sorda alle istanze dei cittadini. La volont\u00e0 \u00e8 quella di migliorare col Dup, si va in aiuto alle famiglie che pi\u00f9 delle altre hanno dovuto sopportare il piano di riequilibrio. L\u2019Amministrazione quest&#8217;anno investe circa 45 milioni di euro all\u2019anno sul welfare. Sulla Tari bisogna per\u00f2 aggiungere che la Regione Calabria ha aumentato di 3 milioni di euro solo per il Comune di Reggio il costo dei conferimenti in discarica, nel silenzio totale e dopo la restituzione da parte della Citt\u00e0 metropolitana alla stessa delle deleghe per il conferimento. Perch\u00e9 sono aumentati i costi per il 2024?\u00bb ha chiesto il primo Cittadino.<\/p>\n<p style=\"text-align: justify\">\u00ab<em>Non si \u00e8 ancora evidenziato abbastanza che circa 30 milioni di euro di vecchi mutui sono stati destinati alla riqualificazione delle arterie stradali. Questa \u00e8 una risposta concreta che afferma con chiarezza che non prevediamo solo le somme per coprire le buche, ma che questi fondi vengono investiti per rifare interamente le strade \u2013 ha chiarito Falcomat\u00e0 &#8211; E poi l\u2019aumento a Castore di sei milioni di euro per l&#8217;attivit\u00e0 delle manutenzioni. Nell\u2019ottobre del 2012 la societ\u00e0 era partita con quasi due milioni di euro di debito, in questi anni c\u2019\u00e8 stato un aumento progressivo delle risorse. Ricordo a proposito di Castore che, nelle prossime settimane, il servizio idrico sia sotto il profilo della manutenzione, della concessione e bollettazione, passer\u00e0 alla Regione con Sorical. Castore aveva un milione e 300 mila euro, se l\u2019obiettivo \u00e8 di mantenere questi fondi sugli altri interventi riusciremo a raggiungere comunque il break even\u00bb.<\/em><\/p>\n<p style=\"text-align: justify\"><strong>Il sindaco ha precisato che<\/strong> \u00abGli investimenti previsti non sono un riporto di quelli previsti nel bilancio precedente, gli investimenti gi\u00e0 fatti sono di circa 64 milioni di euro ovvero il 367% in pi\u00f9 rispetto al 2022, in cui gli investimenti fissi di cassa erano circa 16. E\u2019 la risposta migliore perch\u00e9 significa che \u00e8 stato immesso denaro nell\u2019economia cittadina. Dobbiamo fare di pi\u00f9 sul condono, ma per i dati aggiornati sulla riscossione ci sono miglioramenti. Inizia forse ad esserci un\u2019abitudine da parte della cittadinanza ad essere in regola coi tributi ed \u00e8 un segnale molto positivo. Nel 2014 i tempi medi dei pagamento erano di 216 giorni, adesso siamo a 37. E&#8217; chiaro che la programmazione porta dei risultati nel tempo. Da questo punto di vista l\u2019Amministrazione deve guardare da quando c\u2019\u00e8 fino ai prossimi anni\u00bb.<\/p>\n<p style=\"text-align: justify\"><strong>Rivolto ai consiglieri dell&#8217;opposizione il sindaco ha precisato:<\/strong><em> \u00abFossi in voi mi preoccuperei delle carenze che ci sono per il ponte sullo Stretto, che ritarderanno la partenza dei lavori. Il ministero dell\u2019Ambiente ha fatto notare che si tratta di un progetto carente di presupposti, vincoli che si devono avere prima dell\u2019avvio del cantiere\u00bb.<\/em><\/p>\n<p style=\"text-align: justify\">Falcomat\u00e0 ha poi anticipato alcuni dei prossimi appuntamenti previsti per l&#8217;Amministrazione comunale: la presentazione dei bus elettrici di Atam durante la giornata della Terra saranno presentati i bus elettrici, abbiamo da poco presentato l&#8217;Agenzia per la Casa, presenteremo l&#8217;Agenzia per i Giovani, e poi ricordiamo la sinergia messa in campo per i lavori del lido comunale, ed infine le attivit\u00e0 di restyling sul Lungomare che riguarderanno non solo la sede stradale ed i marciapiedi della parte alta, ma anche la cura del patrimonio arboreo\u00bb.<\/p>\n<p style=\"text-align: justify\"><strong>Un ultimo passaggio che ha evidenziato ha riguardato i bandi Fus che<\/strong> <em>\u00abconsentono alle amministrazioni di programmare uno o pi\u00f9 eventi fuori dal perimetro del centro storico. Dal ministero &#8211; spiega il sindaco &#8211; un funzionario ci ha chiesto di non utilizzare quei fondi per eventi a piazza del Popolo perch\u00e9 sarebbe troppo vicina al centro storico. Si tratta invece di un quartiere popolare e popoloso, dove viene fatto il mercato, dove sono presenti tante attivit\u00e0 commerciali, un&#8217;area con diversi insediamenti di edilizia residenziale pubblica dalla quale, invece, i cittadini chiedono di aumentare le attivit\u00e0 culturali: risponderemo per le rime a questo atto di guerra perpetrato nei confronti della citt\u00e0\u00bb.<\/em><\/p>\n<p style=\"text-align: justify\"><strong>In conclusione del suo intervento il sindaco ha poi citato una frase del sindaco di Firenze Giorgio La Pira<\/strong> \u00abche sosteneva che <em>&#8220;C\u2019\u00e8 una primavera che si prepara in questo inverno apparente&#8221;. Tante cose ancora non riusciamo a vederle, da sotto il lavoro e la programmazione di questi 10 anni sta portando i suoi frutti\u00bb.<\/em><\/p>\n","protected":false},"excerpt":{"rendered":"<p>\u00abUn bilancio che non nasce oggi, ma \u00e8 frutto di quelli precedenti, di tanti anni di duro lavoro di programmazione, e che parte dalla scelta del 2014 di non chiedere&hellip;<\/p>\n","protected":false},"author":12,"featured_media":49641,"comment_status":"closed","ping_status":"open","sticky":false,"template":"","format":"standard","meta":{"_jetpack_memberships_contains_paid_content":false,"footnotes":"","jetpack_publicize_message":"","jetpack_publicize_feature_enabled":true,"jetpack_social_post_already_shared":false,"jetpack_social_options":{"image_generator_settings":{"template":"highway","default_image_id":0,"font":"","enabled":false},"version":2}},"categories":[921,196,140],"tags":[30499,812,30500],"class_list":["post-49640","post","type-post","status-publish","format-standard","has-post-thumbnail","hentry","category-home","category-news","category-reggio-calabria","tag-approvazione-del-bilancio-di-previsione","tag-giuseppe-falcomata","tag-scelta-di-non-chiedere-il-dissesto"],"yoast_head":"<!-- This site is optimized with the Yoast SEO plugin v27.2 - https:\/\/yoast.com\/product\/yoast-seo-wordpress\/ -->\n<title>Comune: Falcomat\u00e0 soddisfatto per approvazione bilancio<\/title>\n<meta name=\"description\" content=\"&quot;Un documento che \u00e8 frutto di anni di programmazione e nasce dalla scelta di non chiedere il dissesto&quot;, dichiara il Sindaco Falcomat\u00e0\" \/>\n<meta name=\"robots\" content=\"index, follow, max-snippet:-1, max-image-preview:large, max-video-preview:-1\" \/>\n<link rel=\"canonical\" href=\"https:\/\/progettotouring.it\/radiotouring104\/2024\/04\/19\/consiglio-comunale-falcomata-soddisfatto-per-lapprovazione-del-bilancio-di-previsione\/\" \/>\n<meta property=\"og:locale\" content=\"it_IT\" \/>\n<meta property=\"og:type\" content=\"article\" \/>\n<meta property=\"og:title\" content=\"Comune: Falcomat\u00e0 soddisfatto per approvazione bilancio\" \/>\n<meta property=\"og:description\" content=\"&quot;Un documento che \u00e8 frutto di anni di programmazione e nasce dalla scelta di non chiedere il dissesto&quot;, dichiara il Sindaco Falcomat\u00e0\" \/>\n<meta property=\"og:url\" content=\"https:\/\/progettotouring.it\/radiotouring104\/2024\/04\/19\/consiglio-comunale-falcomata-soddisfatto-per-lapprovazione-del-bilancio-di-previsione\/\" \/>\n<meta property=\"og:site_name\" content=\"Radio Touring 104\" \/>\n<meta property=\"article:published_time\" content=\"2024-04-19T08:51:38+00:00\" \/>\n<meta property=\"article:modified_time\" content=\"2024-04-19T08:52:06+00:00\" \/>\n<meta property=\"og:image\" content=\"https:\/\/progettotouring.it\/radiotouring104\/wp-content\/uploads\/sites\/6\/2024\/04\/consiglio-comunale-18-aprile.jpeg\" \/>\n\t<meta property=\"og:image:width\" content=\"2000\" \/>\n\t<meta property=\"og:image:height\" content=\"1126\" \/>\n\t<meta property=\"og:image:type\" content=\"image\/jpeg\" \/>\n<meta name=\"author\" content=\"Sebastiano Plutino\" \/>\n<meta name=\"twitter:card\" content=\"summary_large_image\" \/>\n<meta name=\"twitter:label1\" content=\"Scritto da\" \/>\n\t<meta name=\"twitter:data1\" content=\"Sebastiano Plutino\" \/>\n\t<meta name=\"twitter:label2\" content=\"Tempo di lettura stimato\" \/>\n\t<meta name=\"twitter:data2\" content=\"5 minuti\" \/>\n<script type=\"application\/ld+json\" class=\"yoast-schema-graph\">{\"@context\":\"https:\/\/schema.org\",\"@graph\":[{\"@type\":\"Article\",\"@id\":\"https:\/\/progettotouring.it\/radiotouring104\/2024\/04\/19\/consiglio-comunale-falcomata-soddisfatto-per-lapprovazione-del-bilancio-di-previsione\/#article\",\"isPartOf\":{\"@id\":\"https:\/\/progettotouring.it\/radiotouring104\/2024\/04\/19\/consiglio-comunale-falcomata-soddisfatto-per-lapprovazione-del-bilancio-di-previsione\/\"},\"author\":{\"name\":\"Sebastiano Plutino\",\"@id\":\"https:\/\/progettotouring.it\/radiotouring104\/#\/schema\/person\/78613917f1851f041f7483f5af1d422e\"},\"headline\":\"Consiglio Comunale: Falcomat\u00e0 soddisfatto per l&#8217;approvazione del bilancio di previsione\",\"datePublished\":\"2024-04-19T08:51:38+00:00\",\"dateModified\":\"2024-04-19T08:52:06+00:00\",\"mainEntityOfPage\":{\"@id\":\"https:\/\/progettotouring.it\/radiotouring104\/2024\/04\/19\/consiglio-comunale-falcomata-soddisfatto-per-lapprovazione-del-bilancio-di-previsione\/\"},\"wordCount\":987,\"publisher\":{\"@id\":\"https:\/\/progettotouring.it\/radiotouring104\/#organization\"},\"image\":{\"@id\":\"https:\/\/progettotouring.it\/radiotouring104\/2024\/04\/19\/consiglio-comunale-falcomata-soddisfatto-per-lapprovazione-del-bilancio-di-previsione\/#primaryimage\"},\"thumbnailUrl\":\"https:\/\/progettotouring.it\/radiotouring104\/wp-content\/uploads\/sites\/6\/2024\/04\/consiglio-comunale-18-aprile.jpeg\",\"keywords\":[\"approvazione del bilancio di previsione\",\"Giuseppe Falcomat\u00e0\",\"scelta di non chiedere il dissesto\"],\"articleSection\":[\"Home\",\"News\",\"Reggio Calabria\"],\"inLanguage\":\"it-IT\"},{\"@type\":\"WebPage\",\"@id\":\"https:\/\/progettotouring.it\/radiotouring104\/2024\/04\/19\/consiglio-comunale-falcomata-soddisfatto-per-lapprovazione-del-bilancio-di-previsione\/\",\"url\":\"https:\/\/progettotouring.it\/radiotouring104\/2024\/04\/19\/consiglio-comunale-falcomata-soddisfatto-per-lapprovazione-del-bilancio-di-previsione\/\",\"name\":\"Comune: Falcomat\u00e0 soddisfatto per approvazione bilancio\",\"isPartOf\":{\"@id\":\"https:\/\/progettotouring.it\/radiotouring104\/#website\"},\"primaryImageOfPage\":{\"@id\":\"https:\/\/progettotouring.it\/radiotouring104\/2024\/04\/19\/consiglio-comunale-falcomata-soddisfatto-per-lapprovazione-del-bilancio-di-previsione\/#primaryimage\"},\"image\":{\"@id\":\"https:\/\/progettotouring.it\/radiotouring104\/2024\/04\/19\/consiglio-comunale-falcomata-soddisfatto-per-lapprovazione-del-bilancio-di-previsione\/#primaryimage\"},\"thumbnailUrl\":\"https:\/\/progettotouring.it\/radiotouring104\/wp-content\/uploads\/sites\/6\/2024\/04\/consiglio-comunale-18-aprile.jpeg\",\"datePublished\":\"2024-04-19T08:51:38+00:00\",\"dateModified\":\"2024-04-19T08:52:06+00:00\",\"description\":\"\\\"Un documento che \u00e8 frutto di anni di programmazione e nasce dalla scelta di non chiedere il dissesto\\\", dichiara il Sindaco Falcomat\u00e0\",\"breadcrumb\":{\"@id\":\"https:\/\/progettotouring.it\/radiotouring104\/2024\/04\/19\/consiglio-comunale-falcomata-soddisfatto-per-lapprovazione-del-bilancio-di-previsione\/#breadcrumb\"},\"inLanguage\":\"it-IT\",\"potentialAction\":[{\"@type\":\"ReadAction\",\"target\":[\"https:\/\/progettotouring.it\/radiotouring104\/2024\/04\/19\/consiglio-comunale-falcomata-soddisfatto-per-lapprovazione-del-bilancio-di-previsione\/\"]}]},{\"@type\":\"ImageObject\",\"inLanguage\":\"it-IT\",\"@id\":\"https:\/\/progettotouring.it\/radiotouring104\/2024\/04\/19\/consiglio-comunale-falcomata-soddisfatto-per-lapprovazione-del-bilancio-di-previsione\/#primaryimage\",\"url\":\"https:\/\/progettotouring.it\/radiotouring104\/wp-content\/uploads\/sites\/6\/2024\/04\/consiglio-comunale-18-aprile.jpeg\",\"contentUrl\":\"https:\/\/progettotouring.it\/radiotouring104\/wp-content\/uploads\/sites\/6\/2024\/04\/consiglio-comunale-18-aprile.jpeg\",\"width\":2000,\"height\":1126},{\"@type\":\"BreadcrumbList\",\"@id\":\"https:\/\/progettotouring.it\/radiotouring104\/2024\/04\/19\/consiglio-comunale-falcomata-soddisfatto-per-lapprovazione-del-bilancio-di-previsione\/#breadcrumb\",\"itemListElement\":[{\"@type\":\"ListItem\",\"position\":1,\"name\":\"Home\",\"item\":\"https:\/\/progettotouring.it\/radiotouring104\/\"},{\"@type\":\"ListItem\",\"position\":2,\"name\":\"Consiglio Comunale: Falcomat\u00e0 soddisfatto per l&#8217;approvazione del bilancio di previsione\"}]},{\"@type\":\"WebSite\",\"@id\":\"https:\/\/progettotouring.it\/radiotouring104\/#website\",\"url\":\"https:\/\/progettotouring.it\/radiotouring104\/\",\"name\":\"Radio Touring 104\",\"description\":\"La prima radio Reggina\",\"publisher\":{\"@id\":\"https:\/\/progettotouring.it\/radiotouring104\/#organization\"},\"potentialAction\":[{\"@type\":\"SearchAction\",\"target\":{\"@type\":\"EntryPoint\",\"urlTemplate\":\"https:\/\/progettotouring.it\/radiotouring104\/?s={search_term_string}\"},\"query-input\":{\"@type\":\"PropertyValueSpecification\",\"valueRequired\":true,\"valueName\":\"search_term_string\"}}],\"inLanguage\":\"it-IT\"},{\"@type\":\"Organization\",\"@id\":\"https:\/\/progettotouring.it\/radiotouring104\/#organization\",\"name\":\"Radio Touring 104\",\"url\":\"https:\/\/progettotouring.it\/radiotouring104\/\",\"logo\":{\"@type\":\"ImageObject\",\"inLanguage\":\"it-IT\",\"@id\":\"https:\/\/progettotouring.it\/radiotouring104\/#\/schema\/logo\/image\/\",\"url\":\"https:\/\/progettotouring.it\/radiotouring104\/wp-content\/uploads\/sites\/6\/2022\/02\/cropped-logo-radio-touring-104.png\",\"contentUrl\":\"https:\/\/progettotouring.it\/radiotouring104\/wp-content\/uploads\/sites\/6\/2022\/02\/cropped-logo-radio-touring-104.png\",\"width\":377,\"height\":182,\"caption\":\"Radio Touring 104\"},\"image\":{\"@id\":\"https:\/\/progettotouring.it\/radiotouring104\/#\/schema\/logo\/image\/\"}},{\"@type\":\"Person\",\"@id\":\"https:\/\/progettotouring.it\/radiotouring104\/#\/schema\/person\/78613917f1851f041f7483f5af1d422e\",\"name\":\"Sebastiano Plutino\",\"image\":{\"@type\":\"ImageObject\",\"inLanguage\":\"it-IT\",\"@id\":\"https:\/\/secure.gravatar.com\/avatar\/0546ffaa9b79224faf9f2a156b67a529ae861d3287c66c1d8ccfdf909bcba78d?s=96&d=mm&r=g\",\"url\":\"https:\/\/secure.gravatar.com\/avatar\/0546ffaa9b79224faf9f2a156b67a529ae861d3287c66c1d8ccfdf909bcba78d?s=96&d=mm&r=g\",\"contentUrl\":\"https:\/\/secure.gravatar.com\/avatar\/0546ffaa9b79224faf9f2a156b67a529ae861d3287c66c1d8ccfdf909bcba78d?s=96&d=mm&r=g\",\"caption\":\"Sebastiano Plutino\"},\"url\":\"https:\/\/progettotouring.it\/radiotouring104\/author\/sebastiano\/\"}]}<\/script>\n<!-- \/ Yoast SEO plugin. -->","yoast_head_json":{"title":"Comune: Falcomat\u00e0 soddisfatto per approvazione bilancio","description":"\"Un documento che \u00e8 frutto di anni di programmazione e nasce dalla scelta di non chiedere il dissesto\", dichiara il Sindaco Falcomat\u00e0","robots":{"index":"index","follow":"follow","max-snippet":"max-snippet:-1","max-image-preview":"max-image-preview:large","max-video-preview":"max-video-preview:-1"},"canonical":"https:\/\/progettotouring.it\/radiotouring104\/2024\/04\/19\/consiglio-comunale-falcomata-soddisfatto-per-lapprovazione-del-bilancio-di-previsione\/","og_locale":"it_IT","og_type":"article","og_title":"Comune: Falcomat\u00e0 soddisfatto per approvazione bilancio","og_description":"\"Un documento che \u00e8 frutto di anni di programmazione e nasce dalla scelta di non chiedere il dissesto\", dichiara il Sindaco Falcomat\u00e0","og_url":"https:\/\/progettotouring.it\/radiotouring104\/2024\/04\/19\/consiglio-comunale-falcomata-soddisfatto-per-lapprovazione-del-bilancio-di-previsione\/","og_site_name":"Radio Touring 104","article_published_time":"2024-04-19T08:51:38+00:00","article_modified_time":"2024-04-19T08:52:06+00:00","og_image":[{"width":2000,"height":1126,"url":"https:\/\/progettotouring.it\/radiotouring104\/wp-content\/uploads\/sites\/6\/2024\/04\/consiglio-comunale-18-aprile.jpeg","type":"image\/jpeg"}],"author":"Sebastiano Plutino","twitter_card":"summary_large_image","twitter_misc":{"Scritto da":"Sebastiano Plutino","Tempo di lettura stimato":"5 minuti"},"schema":{"@context":"https:\/\/schema.org","@graph":[{"@type":"Article","@id":"https:\/\/progettotouring.it\/radiotouring104\/2024\/04\/19\/consiglio-comunale-falcomata-soddisfatto-per-lapprovazione-del-bilancio-di-previsione\/#article","isPartOf":{"@id":"https:\/\/progettotouring.it\/radiotouring104\/2024\/04\/19\/consiglio-comunale-falcomata-soddisfatto-per-lapprovazione-del-bilancio-di-previsione\/"},"author":{"name":"Sebastiano Plutino","@id":"https:\/\/progettotouring.it\/radiotouring104\/#\/schema\/person\/78613917f1851f041f7483f5af1d422e"},"headline":"Consiglio Comunale: Falcomat\u00e0 soddisfatto per l&#8217;approvazione del bilancio di previsione","datePublished":"2024-04-19T08:51:38+00:00","dateModified":"2024-04-19T08:52:06+00:00","mainEntityOfPage":{"@id":"https:\/\/progettotouring.it\/radiotouring104\/2024\/04\/19\/consiglio-comunale-falcomata-soddisfatto-per-lapprovazione-del-bilancio-di-previsione\/"},"wordCount":987,"publisher":{"@id":"https:\/\/progettotouring.it\/radiotouring104\/#organization"},"image":{"@id":"https:\/\/progettotouring.it\/radiotouring104\/2024\/04\/19\/consiglio-comunale-falcomata-soddisfatto-per-lapprovazione-del-bilancio-di-previsione\/#primaryimage"},"thumbnailUrl":"https:\/\/progettotouring.it\/radiotouring104\/wp-content\/uploads\/sites\/6\/2024\/04\/consiglio-comunale-18-aprile.jpeg","keywords":["approvazione del bilancio di previsione","Giuseppe Falcomat\u00e0","scelta di non chiedere il dissesto"],"articleSection":["Home","News","Reggio Calabria"],"inLanguage":"it-IT"},{"@type":"WebPage","@id":"https:\/\/progettotouring.it\/radiotouring104\/2024\/04\/19\/consiglio-comunale-falcomata-soddisfatto-per-lapprovazione-del-bilancio-di-previsione\/","url":"https:\/\/progettotouring.it\/radiotouring104\/2024\/04\/19\/consiglio-comunale-falcomata-soddisfatto-per-lapprovazione-del-bilancio-di-previsione\/","name":"Comune: Falcomat\u00e0 soddisfatto per approvazione bilancio","isPartOf":{"@id":"https:\/\/progettotouring.it\/radiotouring104\/#website"},"primaryImageOfPage":{"@id":"https:\/\/progettotouring.it\/radiotouring104\/2024\/04\/19\/consiglio-comunale-falcomata-soddisfatto-per-lapprovazione-del-bilancio-di-previsione\/#primaryimage"},"image":{"@id":"https:\/\/progettotouring.it\/radiotouring104\/2024\/04\/19\/consiglio-comunale-falcomata-soddisfatto-per-lapprovazione-del-bilancio-di-previsione\/#primaryimage"},"thumbnailUrl":"https:\/\/progettotouring.it\/radiotouring104\/wp-content\/uploads\/sites\/6\/2024\/04\/consiglio-comunale-18-aprile.jpeg","datePublished":"2024-04-19T08:51:38+00:00","dateModified":"2024-04-19T08:52:06+00:00","description":"\"Un documento che \u00e8 frutto di anni di programmazione e nasce dalla scelta di non chiedere il dissesto\", dichiara il Sindaco Falcomat\u00e0","breadcrumb":{"@id":"https:\/\/progettotouring.it\/radiotouring104\/2024\/04\/19\/consiglio-comunale-falcomata-soddisfatto-per-lapprovazione-del-bilancio-di-previsione\/#breadcrumb"},"inLanguage":"it-IT","potentialAction":[{"@type":"ReadAction","target":["https:\/\/progettotouring.it\/radiotouring104\/2024\/04\/19\/consiglio-comunale-falcomata-soddisfatto-per-lapprovazione-del-bilancio-di-previsione\/"]}]},{"@type":"ImageObject","inLanguage":"it-IT","@id":"https:\/\/progettotouring.it\/radiotouring104\/2024\/04\/19\/consiglio-comunale-falcomata-soddisfatto-per-lapprovazione-del-bilancio-di-previsione\/#primaryimage","url":"https:\/\/progettotouring.it\/radiotouring104\/wp-content\/uploads\/sites\/6\/2024\/04\/consiglio-comunale-18-aprile.jpeg","contentUrl":"https:\/\/progettotouring.it\/radiotouring104\/wp-content\/uploads\/sites\/6\/2024\/04\/consiglio-comunale-18-aprile.jpeg","width":2000,"height":1126},{"@type":"BreadcrumbList","@id":"https:\/\/progettotouring.it\/radiotouring104\/2024\/04\/19\/consiglio-comunale-falcomata-soddisfatto-per-lapprovazione-del-bilancio-di-previsione\/#breadcrumb","itemListElement":[{"@type":"ListItem","position":1,"name":"Home","item":"https:\/\/progettotouring.it\/radiotouring104\/"},{"@type":"ListItem","position":2,"name":"Consiglio Comunale: Falcomat\u00e0 soddisfatto per l&#8217;approvazione del bilancio di previsione"}]},{"@type":"WebSite","@id":"https:\/\/progettotouring.it\/radiotouring104\/#website","url":"https:\/\/progettotouring.it\/radiotouring104\/","name":"Radio Touring 104","description":"La prima radio Reggina","publisher":{"@id":"https:\/\/progettotouring.it\/radiotouring104\/#organization"},"potentialAction":[{"@type":"SearchAction","target":{"@type":"EntryPoint","urlTemplate":"https:\/\/progettotouring.it\/radiotouring104\/?s={search_term_string}"},"query-input":{"@type":"PropertyValueSpecification","valueRequired":true,"valueName":"search_term_string"}}],"inLanguage":"it-IT"},{"@type":"Organization","@id":"https:\/\/progettotouring.it\/radiotouring104\/#organization","name":"Radio Touring 104","url":"https:\/\/progettotouring.it\/radiotouring104\/","logo":{"@type":"ImageObject","inLanguage":"it-IT","@id":"https:\/\/progettotouring.it\/radiotouring104\/#\/schema\/logo\/image\/","url":"https:\/\/progettotouring.it\/radiotouring104\/wp-content\/uploads\/sites\/6\/2022\/02\/cropped-logo-radio-touring-104.png","contentUrl":"https:\/\/progettotouring.it\/radiotouring104\/wp-content\/uploads\/sites\/6\/2022\/02\/cropped-logo-radio-touring-104.png","width":377,"height":182,"caption":"Radio Touring 104"},"image":{"@id":"https:\/\/progettotouring.it\/radiotouring104\/#\/schema\/logo\/image\/"}},{"@type":"Person","@id":"https:\/\/progettotouring.it\/radiotouring104\/#\/schema\/person\/78613917f1851f041f7483f5af1d422e","name":"Sebastiano Plutino","image":{"@type":"ImageObject","inLanguage":"it-IT","@id":"https:\/\/secure.gravatar.com\/avatar\/0546ffaa9b79224faf9f2a156b67a529ae861d3287c66c1d8ccfdf909bcba78d?s=96&d=mm&r=g","url":"https:\/\/secure.gravatar.com\/avatar\/0546ffaa9b79224faf9f2a156b67a529ae861d3287c66c1d8ccfdf909bcba78d?s=96&d=mm&r=g","contentUrl":"https:\/\/secure.gravatar.com\/avatar\/0546ffaa9b79224faf9f2a156b67a529ae861d3287c66c1d8ccfdf909bcba78d?s=96&d=mm&r=g","caption":"Sebastiano Plutino"},"url":"https:\/\/progettotouring.it\/radiotouring104\/author\/sebastiano\/"}]}},"jetpack_publicize_connections":[],"jetpack_featured_media_url":"https:\/\/progettotouring.it\/radiotouring104\/wp-content\/uploads\/sites\/6\/2024\/04\/consiglio-comunale-18-aprile.jpeg","jetpack_sharing_enabled":true,"_links":{"self":[{"href":"https:\/\/progettotouring.it\/radiotouring104\/wp-json\/wp\/v2\/posts\/49640","targetHints":{"allow":["GET"]}}],"collection":[{"href":"https:\/\/progettotouring.it\/radiotouring104\/wp-json\/wp\/v2\/posts"}],"about":[{"href":"https:\/\/progettotouring.it\/radiotouring104\/wp-json\/wp\/v2\/types\/post"}],"author":[{"embeddable":true,"href":"https:\/\/progettotouring.it\/radiotouring104\/wp-json\/wp\/v2\/users\/12"}],"replies":[{"embeddable":true,"href":"https:\/\/progettotouring.it\/radiotouring104\/wp-json\/wp\/v2\/comments?post=49640"}],"version-history":[{"count":2,"href":"https:\/\/progettotouring.it\/radiotouring104\/wp-json\/wp\/v2\/posts\/49640\/revisions"}],"predecessor-version":[{"id":49643,"href":"https:\/\/progettotouring.it\/radiotouring104\/wp-json\/wp\/v2\/posts\/49640\/revisions\/49643"}],"wp:featuredmedia":[{"embeddable":true,"href":"https:\/\/progettotouring.it\/radiotouring104\/wp-json\/wp\/v2\/media\/49641"}],"wp:attachment":[{"href":"https:\/\/progettotouring.it\/radiotouring104\/wp-json\/wp\/v2\/media?parent=49640"}],"wp:term":[{"taxonomy":"category","embeddable":true,"href":"https:\/\/progettotouring.it\/radiotouring104\/wp-json\/wp\/v2\/categories?post=49640"},{"taxonomy":"post_tag","embeddable":true,"href":"https:\/\/progettotouring.it\/radiotouring104\/wp-json\/wp\/v2\/tags?post=49640"}],"curies":[{"name":"wp","href":"https:\/\/api.w.org\/{rel}","templated":true}]}}