{"id":49646,"date":"2024-04-19T11:14:29","date_gmt":"2024-04-19T09:14:29","guid":{"rendered":"https:\/\/progettotouring.it\/radiotouring104\/?p=49646"},"modified":"2024-04-19T11:14:29","modified_gmt":"2024-04-19T09:14:29","slug":"le-muse-martedi-la-consegna-al-comune-di-san-giorgio-morgeto-opera-pittorica-su-san-giorgio","status":"publish","type":"post","link":"https:\/\/progettotouring.it\/radiotouring104\/2024\/04\/19\/le-muse-martedi-la-consegna-al-comune-di-san-giorgio-morgeto-opera-pittorica-su-san-giorgio\/","title":{"rendered":"Le Muse: marted\u00ec la consegna al Comune di San Giorgio Morgeto opera pittorica su San Giorgio"},"content":{"rendered":"<p style=\"text-align: justify\"><strong>L\u2019Associazione culturale Le Muse<\/strong> \u201c<em>Laboratorio delle Arti e delle Lettere<\/em>\u201d di Reggio Calabri<strong>a, martedi 23 aprile<\/strong> in occasione della Festa di San Giorgio <strong>consegneranno un\u2019opera pittorica dell\u2019artista Cristina Benedetto al Comune di San Giorgio Morgeto.<\/strong><\/p>\n<p style=\"text-align: justify\"><strong>Il presidente Giuseppe Livoti<\/strong>, cos\u00ec, comunica che in occasione di questa importante giorno solenne che lega la citt\u00e0 di Reggio Calabria con il suo copatrono con il vicino comune di San Giorgio Morgeto, si \u00e8 pensato ad un gemellaggio ufficializzato con la consegna di una tela dipinta dall\u2019artista Cristina Benedetto.<\/p>\n<p style=\"text-align: justify\">Tale cerimonia, avverr\u00e0 in occasione della Santa Messa solenne che si terr\u00e0 appunto martedi alle ore 18 presso la Chiesa dell\u2019Assunta alla presenza del primo cittadino il sindaco dott. Salvatore Valerioti e dell\u2019assessore alle Politiche sociali dott.ssa Nunziatina Gullone.<\/p>\n<p style=\"text-align: justify\">L\u2019opera consegnata dal direttivo Muse all\u2019amministrazione comunale sar\u00e0 benedetta dal parroco don Antonino Sorrentino.<\/p>\n<p style=\"text-align: justify\">Una donazione particolare, questa, anche per l\u2019artista Benedetto che festeggia i suoi 50 anni per la pittura lasciando traccia del suo operato in prestigiose realt\u00e0 della regione e non solo. Nel quadro dice l\u2019artista, ho trasmesso i miei colori ionici\u00a0 per esaltare all\u2019interno del realismo magico del Mediterraneo la classica rappresentazione del Santo. Nell&#8217;iconografia, San Giorgio spesso compare con l&#8217;epiteto &#8220;O \u03a4\u03c1\u03bf\u03c0\u03b1\u03b9\u03bf\u03c6\u03cc\u03c1\u03bf\u03c2&#8221; (tropeoforo, il vittorioso). Nel Medioevo la lotta di san Giorgio contro il drago divenne il simbolo della lotta del bene contro il male e, per questo, il mondo della cavalleria vi vide incarnati i suoi ideali.<\/p>\n<p style=\"text-align: justify\">La leggenda di san Giorgio, infatti, esemplifica la lotta del bene contro il male, sul modello della battaglia condotta dall\u2019arcangelo Michele, cos\u00ec come \u00e8 descritta nel libro dell\u2019Apocalisse: testo dal quale, presumibilmente, \u00e8 tratta anche l\u2019immagine del drago. Ma \u00e8 anche la narrazione figurata dell\u2019evangelizzazione dei popoli pagani nei primi secoli del cristianesimo, operata attraverso la testimonianza dei \u201cmartiri\u201d, appunto. Senza dimenticare che, al tempo delle crociate, la figura del santo cavaliere divenne facilmente il patrono di quanti si dedicavano all\u2019impresa di riconquistare i luoghi santi, con corporazioni e perfino intere nazioni che si misero sotto la sua protezione, dall\u2019Inghilterra all\u2019Etiopia.<\/p>\n<p style=\"text-align: justify\">La Benedetto ha riunito in un unico momento pittorico, la veduta dello Stretto di Messina con l\u2019immagine del Santo che primeggia per dimensione e simbologia universale.<\/p>\n<p style=\"text-align: justify\">Una consegna simbolica che vede anche l\u2019itineranza de Le Muse nei territori ed in questo caso l\u2019arte che unisce contesti diversi con una pittrice identitaria, in un territorio di grande valenza artistico culturale come San Giorgio Morgeto che, la scorsa estate ha visto il gruppo degli artisti Muse anche protagonisti di una pregevole mostra-collettiva all\u2019interno dello storico Palazzo Cassone gi\u00e0 Milano nell\u2019ambito del progetto Percorsi\u2026a Palazzo.<\/p>\n","protected":false},"excerpt":{"rendered":"<p>L\u2019Associazione culturale Le Muse \u201cLaboratorio delle Arti e delle Lettere\u201d di Reggio Calabria, martedi 23 aprile in occasione della Festa di San Giorgio consegneranno un\u2019opera pittorica dell\u2019artista Cristina Benedetto al&hellip;<\/p>\n","protected":false},"author":12,"featured_media":49647,"comment_status":"closed","ping_status":"open","sticky":false,"template":"","format":"standard","meta":{"_jetpack_memberships_contains_paid_content":false,"footnotes":"","jetpack_publicize_message":"","jetpack_publicize_feature_enabled":true,"jetpack_social_post_already_shared":false,"jetpack_social_options":{"image_generator_settings":{"template":"highway","default_image_id":0,"font":"","enabled":false},"version":2}},"categories":[921,196,140],"tags":[11708,30501,20063,30503,5706,30502],"class_list":["post-49646","post","type-post","status-publish","format-standard","has-post-thumbnail","hentry","category-home","category-news","category-reggio-calabria","tag-associazione-culturale-le-muse","tag-comune-san-giorgio-morgeto","tag-cristina-benedetto","tag-festa-di-san-giorgio","tag-giuseppe-livoti","tag-opera-pittorica-dellartista-cristina-benedetto"],"yoast_head":"<!-- This site is optimized with the Yoast SEO plugin v27.2 - https:\/\/yoast.com\/product\/yoast-seo-wordpress\/ -->\n<title>Le Muse: marted\u00ec la consegna al Comune di San Giorgio Morgeto opera pittorica su San Giorgio - Radio Touring 104<\/title>\n<meta name=\"description\" content=\"In occasione della Festa di San Giorgio, Le Muse consegneranno un\u2019opera pittorica di Cristina Benedetto al Comune di San Giorgio Morgeto.\" \/>\n<meta name=\"robots\" content=\"index, follow, max-snippet:-1, max-image-preview:large, max-video-preview:-1\" \/>\n<link rel=\"canonical\" href=\"https:\/\/progettotouring.it\/radiotouring104\/2024\/04\/19\/le-muse-martedi-la-consegna-al-comune-di-san-giorgio-morgeto-opera-pittorica-su-san-giorgio\/\" \/>\n<meta property=\"og:locale\" content=\"it_IT\" \/>\n<meta property=\"og:type\" content=\"article\" \/>\n<meta property=\"og:title\" content=\"Le Muse: marted\u00ec la consegna al Comune di San Giorgio Morgeto opera pittorica su San Giorgio - Radio Touring 104\" \/>\n<meta property=\"og:description\" content=\"In occasione della Festa di San Giorgio, Le Muse consegneranno un\u2019opera pittorica di Cristina Benedetto al Comune di San Giorgio Morgeto.\" \/>\n<meta property=\"og:url\" content=\"https:\/\/progettotouring.it\/radiotouring104\/2024\/04\/19\/le-muse-martedi-la-consegna-al-comune-di-san-giorgio-morgeto-opera-pittorica-su-san-giorgio\/\" \/>\n<meta property=\"og:site_name\" content=\"Radio Touring 104\" \/>\n<meta property=\"article:published_time\" content=\"2024-04-19T09:14:29+00:00\" \/>\n<meta property=\"og:image\" content=\"https:\/\/progettotouring.it\/radiotouring104\/wp-content\/uploads\/sites\/6\/2024\/04\/IMG_8780_risultato-Le-Muse.jpg\" \/>\n\t<meta property=\"og:image:width\" content=\"1764\" \/>\n\t<meta property=\"og:image:height\" content=\"1425\" \/>\n\t<meta property=\"og:image:type\" content=\"image\/jpeg\" \/>\n<meta name=\"author\" content=\"Sebastiano Plutino\" \/>\n<meta name=\"twitter:card\" content=\"summary_large_image\" \/>\n<meta name=\"twitter:label1\" content=\"Scritto da\" \/>\n\t<meta name=\"twitter:data1\" content=\"Sebastiano Plutino\" \/>\n\t<meta name=\"twitter:label2\" content=\"Tempo di lettura stimato\" \/>\n\t<meta name=\"twitter:data2\" content=\"2 minuti\" \/>\n<script type=\"application\/ld+json\" class=\"yoast-schema-graph\">{\"@context\":\"https:\/\/schema.org\",\"@graph\":[{\"@type\":\"Article\",\"@id\":\"https:\/\/progettotouring.it\/radiotouring104\/2024\/04\/19\/le-muse-martedi-la-consegna-al-comune-di-san-giorgio-morgeto-opera-pittorica-su-san-giorgio\/#article\",\"isPartOf\":{\"@id\":\"https:\/\/progettotouring.it\/radiotouring104\/2024\/04\/19\/le-muse-martedi-la-consegna-al-comune-di-san-giorgio-morgeto-opera-pittorica-su-san-giorgio\/\"},\"author\":{\"name\":\"Sebastiano Plutino\",\"@id\":\"https:\/\/progettotouring.it\/radiotouring104\/#\/schema\/person\/78613917f1851f041f7483f5af1d422e\"},\"headline\":\"Le Muse: marted\u00ec la consegna al Comune di San Giorgio Morgeto opera pittorica su San Giorgio\",\"datePublished\":\"2024-04-19T09:14:29+00:00\",\"mainEntityOfPage\":{\"@id\":\"https:\/\/progettotouring.it\/radiotouring104\/2024\/04\/19\/le-muse-martedi-la-consegna-al-comune-di-san-giorgio-morgeto-opera-pittorica-su-san-giorgio\/\"},\"wordCount\":462,\"publisher\":{\"@id\":\"https:\/\/progettotouring.it\/radiotouring104\/#organization\"},\"image\":{\"@id\":\"https:\/\/progettotouring.it\/radiotouring104\/2024\/04\/19\/le-muse-martedi-la-consegna-al-comune-di-san-giorgio-morgeto-opera-pittorica-su-san-giorgio\/#primaryimage\"},\"thumbnailUrl\":\"https:\/\/progettotouring.it\/radiotouring104\/wp-content\/uploads\/sites\/6\/2024\/04\/IMG_8780_risultato-Le-Muse.jpg\",\"keywords\":[\"Associazione Culturale \\\"Le Muse\\\"\",\"Comune San Giorgio Morgeto\",\"Cristina Benedetto.\",\"Festa di San Giorgio\",\"Giuseppe Livoti\",\"opera pittorica dell\u2019artista Cristina Benedetto\"],\"articleSection\":[\"Home\",\"News\",\"Reggio Calabria\"],\"inLanguage\":\"it-IT\"},{\"@type\":\"WebPage\",\"@id\":\"https:\/\/progettotouring.it\/radiotouring104\/2024\/04\/19\/le-muse-martedi-la-consegna-al-comune-di-san-giorgio-morgeto-opera-pittorica-su-san-giorgio\/\",\"url\":\"https:\/\/progettotouring.it\/radiotouring104\/2024\/04\/19\/le-muse-martedi-la-consegna-al-comune-di-san-giorgio-morgeto-opera-pittorica-su-san-giorgio\/\",\"name\":\"Le Muse: marted\u00ec la consegna al Comune di San Giorgio Morgeto opera pittorica su San Giorgio - Radio Touring 104\",\"isPartOf\":{\"@id\":\"https:\/\/progettotouring.it\/radiotouring104\/#website\"},\"primaryImageOfPage\":{\"@id\":\"https:\/\/progettotouring.it\/radiotouring104\/2024\/04\/19\/le-muse-martedi-la-consegna-al-comune-di-san-giorgio-morgeto-opera-pittorica-su-san-giorgio\/#primaryimage\"},\"image\":{\"@id\":\"https:\/\/progettotouring.it\/radiotouring104\/2024\/04\/19\/le-muse-martedi-la-consegna-al-comune-di-san-giorgio-morgeto-opera-pittorica-su-san-giorgio\/#primaryimage\"},\"thumbnailUrl\":\"https:\/\/progettotouring.it\/radiotouring104\/wp-content\/uploads\/sites\/6\/2024\/04\/IMG_8780_risultato-Le-Muse.jpg\",\"datePublished\":\"2024-04-19T09:14:29+00:00\",\"description\":\"In occasione della Festa di San Giorgio, Le Muse consegneranno un\u2019opera pittorica di Cristina Benedetto al Comune di San Giorgio Morgeto.\",\"breadcrumb\":{\"@id\":\"https:\/\/progettotouring.it\/radiotouring104\/2024\/04\/19\/le-muse-martedi-la-consegna-al-comune-di-san-giorgio-morgeto-opera-pittorica-su-san-giorgio\/#breadcrumb\"},\"inLanguage\":\"it-IT\",\"potentialAction\":[{\"@type\":\"ReadAction\",\"target\":[\"https:\/\/progettotouring.it\/radiotouring104\/2024\/04\/19\/le-muse-martedi-la-consegna-al-comune-di-san-giorgio-morgeto-opera-pittorica-su-san-giorgio\/\"]}]},{\"@type\":\"ImageObject\",\"inLanguage\":\"it-IT\",\"@id\":\"https:\/\/progettotouring.it\/radiotouring104\/2024\/04\/19\/le-muse-martedi-la-consegna-al-comune-di-san-giorgio-morgeto-opera-pittorica-su-san-giorgio\/#primaryimage\",\"url\":\"https:\/\/progettotouring.it\/radiotouring104\/wp-content\/uploads\/sites\/6\/2024\/04\/IMG_8780_risultato-Le-Muse.jpg\",\"contentUrl\":\"https:\/\/progettotouring.it\/radiotouring104\/wp-content\/uploads\/sites\/6\/2024\/04\/IMG_8780_risultato-Le-Muse.jpg\",\"width\":1764,\"height\":1425},{\"@type\":\"BreadcrumbList\",\"@id\":\"https:\/\/progettotouring.it\/radiotouring104\/2024\/04\/19\/le-muse-martedi-la-consegna-al-comune-di-san-giorgio-morgeto-opera-pittorica-su-san-giorgio\/#breadcrumb\",\"itemListElement\":[{\"@type\":\"ListItem\",\"position\":1,\"name\":\"Home\",\"item\":\"https:\/\/progettotouring.it\/radiotouring104\/\"},{\"@type\":\"ListItem\",\"position\":2,\"name\":\"Le Muse: marted\u00ec la consegna al Comune di San Giorgio Morgeto opera pittorica su San Giorgio\"}]},{\"@type\":\"WebSite\",\"@id\":\"https:\/\/progettotouring.it\/radiotouring104\/#website\",\"url\":\"https:\/\/progettotouring.it\/radiotouring104\/\",\"name\":\"Radio Touring 104\",\"description\":\"La prima radio Reggina\",\"publisher\":{\"@id\":\"https:\/\/progettotouring.it\/radiotouring104\/#organization\"},\"potentialAction\":[{\"@type\":\"SearchAction\",\"target\":{\"@type\":\"EntryPoint\",\"urlTemplate\":\"https:\/\/progettotouring.it\/radiotouring104\/?s={search_term_string}\"},\"query-input\":{\"@type\":\"PropertyValueSpecification\",\"valueRequired\":true,\"valueName\":\"search_term_string\"}}],\"inLanguage\":\"it-IT\"},{\"@type\":\"Organization\",\"@id\":\"https:\/\/progettotouring.it\/radiotouring104\/#organization\",\"name\":\"Radio Touring 104\",\"url\":\"https:\/\/progettotouring.it\/radiotouring104\/\",\"logo\":{\"@type\":\"ImageObject\",\"inLanguage\":\"it-IT\",\"@id\":\"https:\/\/progettotouring.it\/radiotouring104\/#\/schema\/logo\/image\/\",\"url\":\"https:\/\/progettotouring.it\/radiotouring104\/wp-content\/uploads\/sites\/6\/2022\/02\/cropped-logo-radio-touring-104.png\",\"contentUrl\":\"https:\/\/progettotouring.it\/radiotouring104\/wp-content\/uploads\/sites\/6\/2022\/02\/cropped-logo-radio-touring-104.png\",\"width\":377,\"height\":182,\"caption\":\"Radio Touring 104\"},\"image\":{\"@id\":\"https:\/\/progettotouring.it\/radiotouring104\/#\/schema\/logo\/image\/\"}},{\"@type\":\"Person\",\"@id\":\"https:\/\/progettotouring.it\/radiotouring104\/#\/schema\/person\/78613917f1851f041f7483f5af1d422e\",\"name\":\"Sebastiano Plutino\",\"image\":{\"@type\":\"ImageObject\",\"inLanguage\":\"it-IT\",\"@id\":\"https:\/\/secure.gravatar.com\/avatar\/0546ffaa9b79224faf9f2a156b67a529ae861d3287c66c1d8ccfdf909bcba78d?s=96&d=mm&r=g\",\"url\":\"https:\/\/secure.gravatar.com\/avatar\/0546ffaa9b79224faf9f2a156b67a529ae861d3287c66c1d8ccfdf909bcba78d?s=96&d=mm&r=g\",\"contentUrl\":\"https:\/\/secure.gravatar.com\/avatar\/0546ffaa9b79224faf9f2a156b67a529ae861d3287c66c1d8ccfdf909bcba78d?s=96&d=mm&r=g\",\"caption\":\"Sebastiano Plutino\"},\"url\":\"https:\/\/progettotouring.it\/radiotouring104\/author\/sebastiano\/\"}]}<\/script>\n<!-- \/ Yoast SEO plugin. -->","yoast_head_json":{"title":"Le Muse: marted\u00ec la consegna al Comune di San Giorgio Morgeto opera pittorica su San Giorgio - Radio Touring 104","description":"In occasione della Festa di San Giorgio, Le Muse consegneranno un\u2019opera pittorica di Cristina Benedetto al Comune di San Giorgio Morgeto.","robots":{"index":"index","follow":"follow","max-snippet":"max-snippet:-1","max-image-preview":"max-image-preview:large","max-video-preview":"max-video-preview:-1"},"canonical":"https:\/\/progettotouring.it\/radiotouring104\/2024\/04\/19\/le-muse-martedi-la-consegna-al-comune-di-san-giorgio-morgeto-opera-pittorica-su-san-giorgio\/","og_locale":"it_IT","og_type":"article","og_title":"Le Muse: marted\u00ec la consegna al Comune di San Giorgio Morgeto opera pittorica su San Giorgio - Radio Touring 104","og_description":"In occasione della Festa di San Giorgio, Le Muse consegneranno un\u2019opera pittorica di Cristina Benedetto al Comune di San Giorgio Morgeto.","og_url":"https:\/\/progettotouring.it\/radiotouring104\/2024\/04\/19\/le-muse-martedi-la-consegna-al-comune-di-san-giorgio-morgeto-opera-pittorica-su-san-giorgio\/","og_site_name":"Radio Touring 104","article_published_time":"2024-04-19T09:14:29+00:00","og_image":[{"width":1764,"height":1425,"url":"https:\/\/progettotouring.it\/radiotouring104\/wp-content\/uploads\/sites\/6\/2024\/04\/IMG_8780_risultato-Le-Muse.jpg","type":"image\/jpeg"}],"author":"Sebastiano Plutino","twitter_card":"summary_large_image","twitter_misc":{"Scritto da":"Sebastiano Plutino","Tempo di lettura stimato":"2 minuti"},"schema":{"@context":"https:\/\/schema.org","@graph":[{"@type":"Article","@id":"https:\/\/progettotouring.it\/radiotouring104\/2024\/04\/19\/le-muse-martedi-la-consegna-al-comune-di-san-giorgio-morgeto-opera-pittorica-su-san-giorgio\/#article","isPartOf":{"@id":"https:\/\/progettotouring.it\/radiotouring104\/2024\/04\/19\/le-muse-martedi-la-consegna-al-comune-di-san-giorgio-morgeto-opera-pittorica-su-san-giorgio\/"},"author":{"name":"Sebastiano Plutino","@id":"https:\/\/progettotouring.it\/radiotouring104\/#\/schema\/person\/78613917f1851f041f7483f5af1d422e"},"headline":"Le Muse: marted\u00ec la consegna al Comune di San Giorgio Morgeto opera pittorica su San Giorgio","datePublished":"2024-04-19T09:14:29+00:00","mainEntityOfPage":{"@id":"https:\/\/progettotouring.it\/radiotouring104\/2024\/04\/19\/le-muse-martedi-la-consegna-al-comune-di-san-giorgio-morgeto-opera-pittorica-su-san-giorgio\/"},"wordCount":462,"publisher":{"@id":"https:\/\/progettotouring.it\/radiotouring104\/#organization"},"image":{"@id":"https:\/\/progettotouring.it\/radiotouring104\/2024\/04\/19\/le-muse-martedi-la-consegna-al-comune-di-san-giorgio-morgeto-opera-pittorica-su-san-giorgio\/#primaryimage"},"thumbnailUrl":"https:\/\/progettotouring.it\/radiotouring104\/wp-content\/uploads\/sites\/6\/2024\/04\/IMG_8780_risultato-Le-Muse.jpg","keywords":["Associazione Culturale \"Le Muse\"","Comune San Giorgio Morgeto","Cristina Benedetto.","Festa di San Giorgio","Giuseppe Livoti","opera pittorica dell\u2019artista Cristina Benedetto"],"articleSection":["Home","News","Reggio Calabria"],"inLanguage":"it-IT"},{"@type":"WebPage","@id":"https:\/\/progettotouring.it\/radiotouring104\/2024\/04\/19\/le-muse-martedi-la-consegna-al-comune-di-san-giorgio-morgeto-opera-pittorica-su-san-giorgio\/","url":"https:\/\/progettotouring.it\/radiotouring104\/2024\/04\/19\/le-muse-martedi-la-consegna-al-comune-di-san-giorgio-morgeto-opera-pittorica-su-san-giorgio\/","name":"Le Muse: marted\u00ec la consegna al Comune di San Giorgio Morgeto opera pittorica su San Giorgio - Radio Touring 104","isPartOf":{"@id":"https:\/\/progettotouring.it\/radiotouring104\/#website"},"primaryImageOfPage":{"@id":"https:\/\/progettotouring.it\/radiotouring104\/2024\/04\/19\/le-muse-martedi-la-consegna-al-comune-di-san-giorgio-morgeto-opera-pittorica-su-san-giorgio\/#primaryimage"},"image":{"@id":"https:\/\/progettotouring.it\/radiotouring104\/2024\/04\/19\/le-muse-martedi-la-consegna-al-comune-di-san-giorgio-morgeto-opera-pittorica-su-san-giorgio\/#primaryimage"},"thumbnailUrl":"https:\/\/progettotouring.it\/radiotouring104\/wp-content\/uploads\/sites\/6\/2024\/04\/IMG_8780_risultato-Le-Muse.jpg","datePublished":"2024-04-19T09:14:29+00:00","description":"In occasione della Festa di San Giorgio, Le Muse consegneranno un\u2019opera pittorica di Cristina Benedetto al Comune di San Giorgio Morgeto.","breadcrumb":{"@id":"https:\/\/progettotouring.it\/radiotouring104\/2024\/04\/19\/le-muse-martedi-la-consegna-al-comune-di-san-giorgio-morgeto-opera-pittorica-su-san-giorgio\/#breadcrumb"},"inLanguage":"it-IT","potentialAction":[{"@type":"ReadAction","target":["https:\/\/progettotouring.it\/radiotouring104\/2024\/04\/19\/le-muse-martedi-la-consegna-al-comune-di-san-giorgio-morgeto-opera-pittorica-su-san-giorgio\/"]}]},{"@type":"ImageObject","inLanguage":"it-IT","@id":"https:\/\/progettotouring.it\/radiotouring104\/2024\/04\/19\/le-muse-martedi-la-consegna-al-comune-di-san-giorgio-morgeto-opera-pittorica-su-san-giorgio\/#primaryimage","url":"https:\/\/progettotouring.it\/radiotouring104\/wp-content\/uploads\/sites\/6\/2024\/04\/IMG_8780_risultato-Le-Muse.jpg","contentUrl":"https:\/\/progettotouring.it\/radiotouring104\/wp-content\/uploads\/sites\/6\/2024\/04\/IMG_8780_risultato-Le-Muse.jpg","width":1764,"height":1425},{"@type":"BreadcrumbList","@id":"https:\/\/progettotouring.it\/radiotouring104\/2024\/04\/19\/le-muse-martedi-la-consegna-al-comune-di-san-giorgio-morgeto-opera-pittorica-su-san-giorgio\/#breadcrumb","itemListElement":[{"@type":"ListItem","position":1,"name":"Home","item":"https:\/\/progettotouring.it\/radiotouring104\/"},{"@type":"ListItem","position":2,"name":"Le Muse: marted\u00ec la consegna al Comune di San Giorgio Morgeto opera pittorica su San Giorgio"}]},{"@type":"WebSite","@id":"https:\/\/progettotouring.it\/radiotouring104\/#website","url":"https:\/\/progettotouring.it\/radiotouring104\/","name":"Radio Touring 104","description":"La prima radio Reggina","publisher":{"@id":"https:\/\/progettotouring.it\/radiotouring104\/#organization"},"potentialAction":[{"@type":"SearchAction","target":{"@type":"EntryPoint","urlTemplate":"https:\/\/progettotouring.it\/radiotouring104\/?s={search_term_string}"},"query-input":{"@type":"PropertyValueSpecification","valueRequired":true,"valueName":"search_term_string"}}],"inLanguage":"it-IT"},{"@type":"Organization","@id":"https:\/\/progettotouring.it\/radiotouring104\/#organization","name":"Radio Touring 104","url":"https:\/\/progettotouring.it\/radiotouring104\/","logo":{"@type":"ImageObject","inLanguage":"it-IT","@id":"https:\/\/progettotouring.it\/radiotouring104\/#\/schema\/logo\/image\/","url":"https:\/\/progettotouring.it\/radiotouring104\/wp-content\/uploads\/sites\/6\/2022\/02\/cropped-logo-radio-touring-104.png","contentUrl":"https:\/\/progettotouring.it\/radiotouring104\/wp-content\/uploads\/sites\/6\/2022\/02\/cropped-logo-radio-touring-104.png","width":377,"height":182,"caption":"Radio Touring 104"},"image":{"@id":"https:\/\/progettotouring.it\/radiotouring104\/#\/schema\/logo\/image\/"}},{"@type":"Person","@id":"https:\/\/progettotouring.it\/radiotouring104\/#\/schema\/person\/78613917f1851f041f7483f5af1d422e","name":"Sebastiano Plutino","image":{"@type":"ImageObject","inLanguage":"it-IT","@id":"https:\/\/secure.gravatar.com\/avatar\/0546ffaa9b79224faf9f2a156b67a529ae861d3287c66c1d8ccfdf909bcba78d?s=96&d=mm&r=g","url":"https:\/\/secure.gravatar.com\/avatar\/0546ffaa9b79224faf9f2a156b67a529ae861d3287c66c1d8ccfdf909bcba78d?s=96&d=mm&r=g","contentUrl":"https:\/\/secure.gravatar.com\/avatar\/0546ffaa9b79224faf9f2a156b67a529ae861d3287c66c1d8ccfdf909bcba78d?s=96&d=mm&r=g","caption":"Sebastiano Plutino"},"url":"https:\/\/progettotouring.it\/radiotouring104\/author\/sebastiano\/"}]}},"jetpack_publicize_connections":[],"jetpack_featured_media_url":"https:\/\/progettotouring.it\/radiotouring104\/wp-content\/uploads\/sites\/6\/2024\/04\/IMG_8780_risultato-Le-Muse.jpg","jetpack_sharing_enabled":true,"_links":{"self":[{"href":"https:\/\/progettotouring.it\/radiotouring104\/wp-json\/wp\/v2\/posts\/49646","targetHints":{"allow":["GET"]}}],"collection":[{"href":"https:\/\/progettotouring.it\/radiotouring104\/wp-json\/wp\/v2\/posts"}],"about":[{"href":"https:\/\/progettotouring.it\/radiotouring104\/wp-json\/wp\/v2\/types\/post"}],"author":[{"embeddable":true,"href":"https:\/\/progettotouring.it\/radiotouring104\/wp-json\/wp\/v2\/users\/12"}],"replies":[{"embeddable":true,"href":"https:\/\/progettotouring.it\/radiotouring104\/wp-json\/wp\/v2\/comments?post=49646"}],"version-history":[{"count":1,"href":"https:\/\/progettotouring.it\/radiotouring104\/wp-json\/wp\/v2\/posts\/49646\/revisions"}],"predecessor-version":[{"id":49648,"href":"https:\/\/progettotouring.it\/radiotouring104\/wp-json\/wp\/v2\/posts\/49646\/revisions\/49648"}],"wp:featuredmedia":[{"embeddable":true,"href":"https:\/\/progettotouring.it\/radiotouring104\/wp-json\/wp\/v2\/media\/49647"}],"wp:attachment":[{"href":"https:\/\/progettotouring.it\/radiotouring104\/wp-json\/wp\/v2\/media?parent=49646"}],"wp:term":[{"taxonomy":"category","embeddable":true,"href":"https:\/\/progettotouring.it\/radiotouring104\/wp-json\/wp\/v2\/categories?post=49646"},{"taxonomy":"post_tag","embeddable":true,"href":"https:\/\/progettotouring.it\/radiotouring104\/wp-json\/wp\/v2\/tags?post=49646"}],"curies":[{"name":"wp","href":"https:\/\/api.w.org\/{rel}","templated":true}]}}