{"id":4997,"date":"2022-05-10T12:48:02","date_gmt":"2022-05-10T10:48:02","guid":{"rendered":"https:\/\/progettotouring.it\/radiotouring104\/?p=4997"},"modified":"2022-05-10T12:48:02","modified_gmt":"2022-05-10T10:48:02","slug":"appello-del-comune-a-sentenze-tari-unione-consumatori-si-riduca-il-tributo","status":"publish","type":"post","link":"https:\/\/progettotouring.it\/radiotouring104\/2022\/05\/10\/appello-del-comune-a-sentenze-tari-unione-consumatori-si-riduca-il-tributo\/","title":{"rendered":"Appello del Comune a sentenze TARI. Unione Consumatori: &#8220;Si riduca il tributo&#8221;"},"content":{"rendered":"<p>Di seguito la nota stampa inviata dall&#8217;Unione Nazionale Consumatori, sede di Reggio Calabria, in merito all&#8217;annuncio del Comune relativo all&#8217;appello delle sentenze della Commissione Tributaria di Reggio Calabria riguardo la TARI.<br \/>\nEcco quanto si legge nella nota:<\/p>\n<p style=\"text-align: justify;\"><em>&#8220;Il Comune ha annunciato che appeller\u00e0 le sentenze della Commissione Tributaria di Reggio Calabria, che su ricorso dell\u2019Unione Nazionale Consumatori Calabria ha ridotto il tributo TARI al massimo della sua potenzialit\u00e0 e cio\u00e8 al 20% dell\u2019importo complessivo per irregolarit\u00e0 del servizio di raccolta rifiuti.<br \/>\n<\/em><em>Il Comune spera di ribaltare la sentenza del giudizio di primo grado, confidando nel regolamento che si \u00e8 dettato e che prevede che un disservizio per essere considerato tale, deve protrarsi per <strong>trenta giorni consecutivi<\/strong> e conseguentemente nella difficolt\u00e0 del cittadino nel documentare tale circostanza.<br \/>\n<\/em><em>E\u2019 facile intuire infatti, che il cittadino dovrebbe tutti i giorni, contestare al proprio Comune e\/o all\u2019azienda municipalizzata che si occupa del servizio, l\u2019inefficienza o l\u2019assenza della raccolta dei rifiuti, inviando dei reclami tracciabili (PEC, raccomandate, ecc.), allegando foto della situazione del proprio quartiere, per un periodo continuativo di trenta giorni.<\/em><\/p>\n<p style=\"text-align: justify;\"><em>Inoltre al momento dell\u2019arrivo dell\u2019avviso di pagamento della Tari, chiedere al Comune la riduzione dell\u2019imposta facendo riferimento a tutte le segnalazioni effettuate in precedenza.\u00a0L\u2019ente potr\u00e0 provvedere alla riduzione in autotutela a favore del cittadino richiedente oppure, com\u2019\u00e8 facilmente intuibile, potr\u00e0 decidere di non prendere in considerazione la richiesta. In questo secondo caso il cittadino potr\u00e0 ricorrere all\u2019autorit\u00e0 giudiziaria tributaria per richiedere la riduzione. Mediamente un giudizio davanti alla commissione tributaria provinciale (primo grado) dura dai 12 ai 30 mesi. I tempi si allungano se viene presentato appello e ricorso per cassazione, si pu\u00f2 arrivare anche a sei o sette anni complessivi.<\/em><\/p>\n<p style=\"text-align: justify;\"><em>Eppure negli anni 2018 &#8211; 2021, l\u2019intero territorio comunale \u00e8 stato caratterizzato da un gravissimo stato emergenziale, a causa di un vero e proprio collasso del sistema di raccolta e gestione dei rifiuti solidi-urbani, evenienza che aveva determinato l\u2019accumulo di tonnellate di rifiuti nell\u2019intero comprensorio reggino, provocando il proliferare di insetti, ratti, ecc. il propagarsi di esalazioni nauseabonde, il riversamento di liquidi di ogni genere, nonch\u00e9 il collegato fenomeno della combustione, con un impatto ambientale devastante, che aveva integrato la sussistenza di tutti i presupposti e le condizioni per la riduzione del tributo TARI al 20% del dovuto.<\/em><\/p>\n<p style=\"text-align: justify;\"><em>A tale proposito, si riporta integralmente la nota dell\u2019Azienda Sanitaria Provinciale, Dipartimento di Prevenzione \u2013 Unit\u00e0 Operativa Complessa Igiene e Sanit\u00e0 Pubblica di Reggio Calabria, <strong>che con precisi riferimenti di spazio e di tempo<\/strong>, ha rilasciato la seguente attestazione, in merito alla valutazione del rischio sanitario ed ambientale a seguito dell\u2019emergenza rifiuti del comune di Reggio Calabria per gli anni 2018, 2019, 2020, 2021, asserendo quanto segue: \u201c negli anni <strong>2018\/2019<\/strong> l\u2019Unit\u00e0 Operativa scrivente in seguito a pressanti segnalazioni da parte di privati cittadini per singoli siti e pi\u00f9 genericamente nell\u2019ambito di programmata vigilanza su tutto il territorio relativamente alle discrasie evidenziate in seguito all\u2019adozione del sistema di raccolta \u2018porta a porta\u2019 dei rifiuti solidi urbani, ha pi\u00f9 volte richiesto al Sig. Sindaco l\u2019adozione di tempestivi, improcrastinabili interventi risolutori\u201d.<\/em><\/p>\n<p style=\"text-align: justify;\"><em>La nota dell\u2019ASP di Reggio Calabria prosegue per gli anni <strong>2020\/2021<\/strong> attestando quanto segue: con forza, perseveranza e determinazione ha dichiarato \u201cgravissime\u201d le condizioni in cui versava <strong>tutto il comprensorio reggino <\/strong>conseguenti sia al mancato ritiro\/accumulo dei rifiuti solidi urbani, che allo sversamento abusivo degli stessi, all\u2019insistenza di diffuse \u201cmicro discariche\u201d cos\u00ec come al collegato fenomeno della combustione, richiedendo al Sindaco, massima Autorit\u00e0 Sanitaria Locale, al Dirigente del Servizio Igiene Ambientale della citt\u00e0 di Reggio Calabria e al servizio AVR, la necessit\u00e0 di interventi tempestivi ed ineludibili da attuare nell\u2019intero ambito territoriale e per ogni singolo sito, comprensivi di sanificazione fino a totale bonifica degli stessi. <strong>Pertanto il persistente e gravissimo rischio<\/strong> per la salute pubblica e a volte per l\u2019incolumit\u00e0, nonch\u00e9 per l\u2019ambiente, stante anche la criticit\u00e0 Covid-19, hanno configurato una situazione scientemente definita \u2018<strong>emergenziale su tutta l\u2019area comunale\u201d. <\/strong>Si aggiunge che di tanto se ne \u00e8 data ricorrente comunicazione anche alla Prefetture di Reggio Calabria, alla Procura della Repubblica, al Comando Polizia Municipale di Reggio Calabria e al Comando Carabinieri NOE di Reggio Calabria, richiedendo l\u2019attivazione anche da parte dei citati Autorit\u00e0 ed Organismi, delle precipue competenze e di provvedimenti finalizzati alla risoluzione della problematica in essere\u201d.<\/em><\/p>\n<p style=\"text-align: justify;\"><em>Nel momento in cui le difficolt\u00e0 nel servizio regolare della raccolta rifiuti si stanno manifestando anche nel corrente anno, l\u2019Unione Nazionale Consumatori chiede, quali iniziative verranno intraprese per ristabilire il giusto rapporto tra il tributo da pagare ed il costo del servizio effettivamente erogato, tenendo presente che stante il silenzio dell\u2019amministrazione e non procedendo alle legittime riduzioni, imporr\u00e0 ai cittadini o di ricorrere all\u2019autorit\u00e0 giudiziaria competente per tutelare i propri diritti, malgrado le difficolt\u00e0 esposte, o incentiver\u00e0 l\u2019evasione fiscale, per coloro che non avranno la possibilit\u00e0 di sostenere i costi della giustizia&#8221;.<\/em><\/p>\n","protected":false},"excerpt":{"rendered":"<p>Di seguito la nota stampa inviata dall&#8217;Unione Nazionale Consumatori, sede di Reggio Calabria, in merito all&#8217;annuncio del Comune relativo all&#8217;appello delle sentenze della Commissione Tributaria di Reggio Calabria riguardo la&hellip;<\/p>\n","protected":false},"author":1,"featured_media":2864,"comment_status":"open","ping_status":"open","sticky":false,"template":"","format":"standard","meta":{"_jetpack_memberships_contains_paid_content":false,"footnotes":"","jetpack_publicize_message":"","jetpack_publicize_feature_enabled":true,"jetpack_social_post_already_shared":false,"jetpack_social_options":{"image_generator_settings":{"template":"highway","default_image_id":0,"font":"","enabled":false},"version":2}},"categories":[921,196,140],"tags":[1453,1454,667,349,1452],"class_list":["post-4997","post","type-post","status-publish","format-standard","has-post-thumbnail","hentry","category-home","category-news","category-reggio-calabria","tag-nota-stampa","tag-sentenze","tag-tari","tag-tributi","tag-unione-consumatori"],"yoast_head":"<!-- This site is optimized with the Yoast SEO plugin v27.2 - https:\/\/yoast.com\/product\/yoast-seo-wordpress\/ -->\n<title>Appello per sentenze TARI. Unione Consumatori: &quot;Si riduca il tributo&quot;<\/title>\n<meta name=\"description\" content=\"La nota inviata dall&#039;Unione Consumatori, sede di RC, relativa all&#039;annuncio del Comune di appellare le sentenze sulla TARI\" \/>\n<meta name=\"robots\" content=\"index, follow, max-snippet:-1, max-image-preview:large, max-video-preview:-1\" \/>\n<link rel=\"canonical\" href=\"https:\/\/progettotouring.it\/radiotouring104\/2022\/05\/10\/appello-del-comune-a-sentenze-tari-unione-consumatori-si-riduca-il-tributo\/\" \/>\n<meta property=\"og:locale\" content=\"it_IT\" \/>\n<meta property=\"og:type\" content=\"article\" \/>\n<meta property=\"og:title\" content=\"Appello per sentenze TARI. Unione Consumatori: &quot;Si riduca il tributo&quot;\" \/>\n<meta property=\"og:description\" content=\"La nota inviata dall&#039;Unione Consumatori, sede di RC, relativa all&#039;annuncio del Comune di appellare le sentenze sulla TARI\" \/>\n<meta property=\"og:url\" content=\"https:\/\/progettotouring.it\/radiotouring104\/2022\/05\/10\/appello-del-comune-a-sentenze-tari-unione-consumatori-si-riduca-il-tributo\/\" \/>\n<meta property=\"og:site_name\" content=\"Radio Touring 104\" \/>\n<meta property=\"article:published_time\" content=\"2022-05-10T10:48:02+00:00\" \/>\n<meta property=\"og:image\" content=\"https:\/\/progettotouring.it\/radiotouring104\/wp-content\/uploads\/sites\/6\/2022\/03\/COMUNE-RC.png\" \/>\n\t<meta property=\"og:image:width\" content=\"986\" \/>\n\t<meta property=\"og:image:height\" content=\"663\" \/>\n\t<meta property=\"og:image:type\" content=\"image\/png\" \/>\n<meta name=\"author\" content=\"Chiara Cucinotta\" \/>\n<meta name=\"twitter:card\" content=\"summary_large_image\" \/>\n<meta name=\"twitter:label1\" content=\"Scritto da\" \/>\n\t<meta name=\"twitter:data1\" content=\"Chiara Cucinotta\" \/>\n\t<meta name=\"twitter:label2\" content=\"Tempo di lettura stimato\" \/>\n\t<meta name=\"twitter:data2\" content=\"4 minuti\" \/>\n<script type=\"application\/ld+json\" class=\"yoast-schema-graph\">{\"@context\":\"https:\/\/schema.org\",\"@graph\":[{\"@type\":\"Article\",\"@id\":\"https:\/\/progettotouring.it\/radiotouring104\/2022\/05\/10\/appello-del-comune-a-sentenze-tari-unione-consumatori-si-riduca-il-tributo\/#article\",\"isPartOf\":{\"@id\":\"https:\/\/progettotouring.it\/radiotouring104\/2022\/05\/10\/appello-del-comune-a-sentenze-tari-unione-consumatori-si-riduca-il-tributo\/\"},\"author\":{\"name\":\"Chiara Cucinotta\",\"@id\":\"https:\/\/progettotouring.it\/radiotouring104\/#\/schema\/person\/f01f189b71df20dcfc0890eea7e67a0e\"},\"headline\":\"Appello del Comune a sentenze TARI. Unione Consumatori: &#8220;Si riduca il tributo&#8221;\",\"datePublished\":\"2022-05-10T10:48:02+00:00\",\"mainEntityOfPage\":{\"@id\":\"https:\/\/progettotouring.it\/radiotouring104\/2022\/05\/10\/appello-del-comune-a-sentenze-tari-unione-consumatori-si-riduca-il-tributo\/\"},\"wordCount\":824,\"commentCount\":0,\"publisher\":{\"@id\":\"https:\/\/progettotouring.it\/radiotouring104\/#organization\"},\"image\":{\"@id\":\"https:\/\/progettotouring.it\/radiotouring104\/2022\/05\/10\/appello-del-comune-a-sentenze-tari-unione-consumatori-si-riduca-il-tributo\/#primaryimage\"},\"thumbnailUrl\":\"https:\/\/progettotouring.it\/radiotouring104\/wp-content\/uploads\/sites\/6\/2022\/03\/COMUNE-RC.png\",\"keywords\":[\"nota stampa\",\"sentenze\",\"tari\",\"tributi\",\"unione consumatori\"],\"articleSection\":[\"Home\",\"News\",\"Reggio Calabria\"],\"inLanguage\":\"it-IT\",\"potentialAction\":[{\"@type\":\"CommentAction\",\"name\":\"Comment\",\"target\":[\"https:\/\/progettotouring.it\/radiotouring104\/2022\/05\/10\/appello-del-comune-a-sentenze-tari-unione-consumatori-si-riduca-il-tributo\/#respond\"]}]},{\"@type\":\"WebPage\",\"@id\":\"https:\/\/progettotouring.it\/radiotouring104\/2022\/05\/10\/appello-del-comune-a-sentenze-tari-unione-consumatori-si-riduca-il-tributo\/\",\"url\":\"https:\/\/progettotouring.it\/radiotouring104\/2022\/05\/10\/appello-del-comune-a-sentenze-tari-unione-consumatori-si-riduca-il-tributo\/\",\"name\":\"Appello per sentenze TARI. Unione Consumatori: \\\"Si riduca il tributo\\\"\",\"isPartOf\":{\"@id\":\"https:\/\/progettotouring.it\/radiotouring104\/#website\"},\"primaryImageOfPage\":{\"@id\":\"https:\/\/progettotouring.it\/radiotouring104\/2022\/05\/10\/appello-del-comune-a-sentenze-tari-unione-consumatori-si-riduca-il-tributo\/#primaryimage\"},\"image\":{\"@id\":\"https:\/\/progettotouring.it\/radiotouring104\/2022\/05\/10\/appello-del-comune-a-sentenze-tari-unione-consumatori-si-riduca-il-tributo\/#primaryimage\"},\"thumbnailUrl\":\"https:\/\/progettotouring.it\/radiotouring104\/wp-content\/uploads\/sites\/6\/2022\/03\/COMUNE-RC.png\",\"datePublished\":\"2022-05-10T10:48:02+00:00\",\"description\":\"La nota inviata dall'Unione Consumatori, sede di RC, relativa all'annuncio del Comune di appellare le sentenze sulla TARI\",\"breadcrumb\":{\"@id\":\"https:\/\/progettotouring.it\/radiotouring104\/2022\/05\/10\/appello-del-comune-a-sentenze-tari-unione-consumatori-si-riduca-il-tributo\/#breadcrumb\"},\"inLanguage\":\"it-IT\",\"potentialAction\":[{\"@type\":\"ReadAction\",\"target\":[\"https:\/\/progettotouring.it\/radiotouring104\/2022\/05\/10\/appello-del-comune-a-sentenze-tari-unione-consumatori-si-riduca-il-tributo\/\"]}]},{\"@type\":\"ImageObject\",\"inLanguage\":\"it-IT\",\"@id\":\"https:\/\/progettotouring.it\/radiotouring104\/2022\/05\/10\/appello-del-comune-a-sentenze-tari-unione-consumatori-si-riduca-il-tributo\/#primaryimage\",\"url\":\"https:\/\/progettotouring.it\/radiotouring104\/wp-content\/uploads\/sites\/6\/2022\/03\/COMUNE-RC.png\",\"contentUrl\":\"https:\/\/progettotouring.it\/radiotouring104\/wp-content\/uploads\/sites\/6\/2022\/03\/COMUNE-RC.png\",\"width\":986,\"height\":663,\"caption\":\"Palazzo San Giorgio\"},{\"@type\":\"BreadcrumbList\",\"@id\":\"https:\/\/progettotouring.it\/radiotouring104\/2022\/05\/10\/appello-del-comune-a-sentenze-tari-unione-consumatori-si-riduca-il-tributo\/#breadcrumb\",\"itemListElement\":[{\"@type\":\"ListItem\",\"position\":1,\"name\":\"Home\",\"item\":\"https:\/\/progettotouring.it\/radiotouring104\/\"},{\"@type\":\"ListItem\",\"position\":2,\"name\":\"Appello del Comune a sentenze TARI. Unione Consumatori: &#8220;Si riduca il tributo&#8221;\"}]},{\"@type\":\"WebSite\",\"@id\":\"https:\/\/progettotouring.it\/radiotouring104\/#website\",\"url\":\"https:\/\/progettotouring.it\/radiotouring104\/\",\"name\":\"Radio Touring 104\",\"description\":\"La prima radio Reggina\",\"publisher\":{\"@id\":\"https:\/\/progettotouring.it\/radiotouring104\/#organization\"},\"potentialAction\":[{\"@type\":\"SearchAction\",\"target\":{\"@type\":\"EntryPoint\",\"urlTemplate\":\"https:\/\/progettotouring.it\/radiotouring104\/?s={search_term_string}\"},\"query-input\":{\"@type\":\"PropertyValueSpecification\",\"valueRequired\":true,\"valueName\":\"search_term_string\"}}],\"inLanguage\":\"it-IT\"},{\"@type\":\"Organization\",\"@id\":\"https:\/\/progettotouring.it\/radiotouring104\/#organization\",\"name\":\"Radio Touring 104\",\"url\":\"https:\/\/progettotouring.it\/radiotouring104\/\",\"logo\":{\"@type\":\"ImageObject\",\"inLanguage\":\"it-IT\",\"@id\":\"https:\/\/progettotouring.it\/radiotouring104\/#\/schema\/logo\/image\/\",\"url\":\"https:\/\/progettotouring.it\/radiotouring104\/wp-content\/uploads\/sites\/6\/2022\/02\/cropped-logo-radio-touring-104.png\",\"contentUrl\":\"https:\/\/progettotouring.it\/radiotouring104\/wp-content\/uploads\/sites\/6\/2022\/02\/cropped-logo-radio-touring-104.png\",\"width\":377,\"height\":182,\"caption\":\"Radio Touring 104\"},\"image\":{\"@id\":\"https:\/\/progettotouring.it\/radiotouring104\/#\/schema\/logo\/image\/\"}},{\"@type\":\"Person\",\"@id\":\"https:\/\/progettotouring.it\/radiotouring104\/#\/schema\/person\/f01f189b71df20dcfc0890eea7e67a0e\",\"name\":\"Chiara Cucinotta\",\"image\":{\"@type\":\"ImageObject\",\"inLanguage\":\"it-IT\",\"@id\":\"https:\/\/secure.gravatar.com\/avatar\/efe17e5613fdef9b05741a23cd4ef4e9b1c39955d8fe11176cb1da3641c96104?s=96&d=mm&r=g\",\"url\":\"https:\/\/secure.gravatar.com\/avatar\/efe17e5613fdef9b05741a23cd4ef4e9b1c39955d8fe11176cb1da3641c96104?s=96&d=mm&r=g\",\"contentUrl\":\"https:\/\/secure.gravatar.com\/avatar\/efe17e5613fdef9b05741a23cd4ef4e9b1c39955d8fe11176cb1da3641c96104?s=96&d=mm&r=g\",\"caption\":\"Chiara Cucinotta\"},\"sameAs\":[\"https:\/\/progettotouring.it\"],\"url\":\"https:\/\/progettotouring.it\/radiotouring104\/author\/auranex\/\"}]}<\/script>\n<!-- \/ Yoast SEO plugin. -->","yoast_head_json":{"title":"Appello per sentenze TARI. Unione Consumatori: \"Si riduca il tributo\"","description":"La nota inviata dall'Unione Consumatori, sede di RC, relativa all'annuncio del Comune di appellare le sentenze sulla TARI","robots":{"index":"index","follow":"follow","max-snippet":"max-snippet:-1","max-image-preview":"max-image-preview:large","max-video-preview":"max-video-preview:-1"},"canonical":"https:\/\/progettotouring.it\/radiotouring104\/2022\/05\/10\/appello-del-comune-a-sentenze-tari-unione-consumatori-si-riduca-il-tributo\/","og_locale":"it_IT","og_type":"article","og_title":"Appello per sentenze TARI. Unione Consumatori: \"Si riduca il tributo\"","og_description":"La nota inviata dall'Unione Consumatori, sede di RC, relativa all'annuncio del Comune di appellare le sentenze sulla TARI","og_url":"https:\/\/progettotouring.it\/radiotouring104\/2022\/05\/10\/appello-del-comune-a-sentenze-tari-unione-consumatori-si-riduca-il-tributo\/","og_site_name":"Radio Touring 104","article_published_time":"2022-05-10T10:48:02+00:00","og_image":[{"width":986,"height":663,"url":"https:\/\/progettotouring.it\/radiotouring104\/wp-content\/uploads\/sites\/6\/2022\/03\/COMUNE-RC.png","type":"image\/png"}],"author":"Chiara Cucinotta","twitter_card":"summary_large_image","twitter_misc":{"Scritto da":"Chiara Cucinotta","Tempo di lettura stimato":"4 minuti"},"schema":{"@context":"https:\/\/schema.org","@graph":[{"@type":"Article","@id":"https:\/\/progettotouring.it\/radiotouring104\/2022\/05\/10\/appello-del-comune-a-sentenze-tari-unione-consumatori-si-riduca-il-tributo\/#article","isPartOf":{"@id":"https:\/\/progettotouring.it\/radiotouring104\/2022\/05\/10\/appello-del-comune-a-sentenze-tari-unione-consumatori-si-riduca-il-tributo\/"},"author":{"name":"Chiara Cucinotta","@id":"https:\/\/progettotouring.it\/radiotouring104\/#\/schema\/person\/f01f189b71df20dcfc0890eea7e67a0e"},"headline":"Appello del Comune a sentenze TARI. Unione Consumatori: &#8220;Si riduca il tributo&#8221;","datePublished":"2022-05-10T10:48:02+00:00","mainEntityOfPage":{"@id":"https:\/\/progettotouring.it\/radiotouring104\/2022\/05\/10\/appello-del-comune-a-sentenze-tari-unione-consumatori-si-riduca-il-tributo\/"},"wordCount":824,"commentCount":0,"publisher":{"@id":"https:\/\/progettotouring.it\/radiotouring104\/#organization"},"image":{"@id":"https:\/\/progettotouring.it\/radiotouring104\/2022\/05\/10\/appello-del-comune-a-sentenze-tari-unione-consumatori-si-riduca-il-tributo\/#primaryimage"},"thumbnailUrl":"https:\/\/progettotouring.it\/radiotouring104\/wp-content\/uploads\/sites\/6\/2022\/03\/COMUNE-RC.png","keywords":["nota stampa","sentenze","tari","tributi","unione consumatori"],"articleSection":["Home","News","Reggio Calabria"],"inLanguage":"it-IT","potentialAction":[{"@type":"CommentAction","name":"Comment","target":["https:\/\/progettotouring.it\/radiotouring104\/2022\/05\/10\/appello-del-comune-a-sentenze-tari-unione-consumatori-si-riduca-il-tributo\/#respond"]}]},{"@type":"WebPage","@id":"https:\/\/progettotouring.it\/radiotouring104\/2022\/05\/10\/appello-del-comune-a-sentenze-tari-unione-consumatori-si-riduca-il-tributo\/","url":"https:\/\/progettotouring.it\/radiotouring104\/2022\/05\/10\/appello-del-comune-a-sentenze-tari-unione-consumatori-si-riduca-il-tributo\/","name":"Appello per sentenze TARI. Unione Consumatori: \"Si riduca il tributo\"","isPartOf":{"@id":"https:\/\/progettotouring.it\/radiotouring104\/#website"},"primaryImageOfPage":{"@id":"https:\/\/progettotouring.it\/radiotouring104\/2022\/05\/10\/appello-del-comune-a-sentenze-tari-unione-consumatori-si-riduca-il-tributo\/#primaryimage"},"image":{"@id":"https:\/\/progettotouring.it\/radiotouring104\/2022\/05\/10\/appello-del-comune-a-sentenze-tari-unione-consumatori-si-riduca-il-tributo\/#primaryimage"},"thumbnailUrl":"https:\/\/progettotouring.it\/radiotouring104\/wp-content\/uploads\/sites\/6\/2022\/03\/COMUNE-RC.png","datePublished":"2022-05-10T10:48:02+00:00","description":"La nota inviata dall'Unione Consumatori, sede di RC, relativa all'annuncio del Comune di appellare le sentenze sulla TARI","breadcrumb":{"@id":"https:\/\/progettotouring.it\/radiotouring104\/2022\/05\/10\/appello-del-comune-a-sentenze-tari-unione-consumatori-si-riduca-il-tributo\/#breadcrumb"},"inLanguage":"it-IT","potentialAction":[{"@type":"ReadAction","target":["https:\/\/progettotouring.it\/radiotouring104\/2022\/05\/10\/appello-del-comune-a-sentenze-tari-unione-consumatori-si-riduca-il-tributo\/"]}]},{"@type":"ImageObject","inLanguage":"it-IT","@id":"https:\/\/progettotouring.it\/radiotouring104\/2022\/05\/10\/appello-del-comune-a-sentenze-tari-unione-consumatori-si-riduca-il-tributo\/#primaryimage","url":"https:\/\/progettotouring.it\/radiotouring104\/wp-content\/uploads\/sites\/6\/2022\/03\/COMUNE-RC.png","contentUrl":"https:\/\/progettotouring.it\/radiotouring104\/wp-content\/uploads\/sites\/6\/2022\/03\/COMUNE-RC.png","width":986,"height":663,"caption":"Palazzo San Giorgio"},{"@type":"BreadcrumbList","@id":"https:\/\/progettotouring.it\/radiotouring104\/2022\/05\/10\/appello-del-comune-a-sentenze-tari-unione-consumatori-si-riduca-il-tributo\/#breadcrumb","itemListElement":[{"@type":"ListItem","position":1,"name":"Home","item":"https:\/\/progettotouring.it\/radiotouring104\/"},{"@type":"ListItem","position":2,"name":"Appello del Comune a sentenze TARI. Unione Consumatori: &#8220;Si riduca il tributo&#8221;"}]},{"@type":"WebSite","@id":"https:\/\/progettotouring.it\/radiotouring104\/#website","url":"https:\/\/progettotouring.it\/radiotouring104\/","name":"Radio Touring 104","description":"La prima radio Reggina","publisher":{"@id":"https:\/\/progettotouring.it\/radiotouring104\/#organization"},"potentialAction":[{"@type":"SearchAction","target":{"@type":"EntryPoint","urlTemplate":"https:\/\/progettotouring.it\/radiotouring104\/?s={search_term_string}"},"query-input":{"@type":"PropertyValueSpecification","valueRequired":true,"valueName":"search_term_string"}}],"inLanguage":"it-IT"},{"@type":"Organization","@id":"https:\/\/progettotouring.it\/radiotouring104\/#organization","name":"Radio Touring 104","url":"https:\/\/progettotouring.it\/radiotouring104\/","logo":{"@type":"ImageObject","inLanguage":"it-IT","@id":"https:\/\/progettotouring.it\/radiotouring104\/#\/schema\/logo\/image\/","url":"https:\/\/progettotouring.it\/radiotouring104\/wp-content\/uploads\/sites\/6\/2022\/02\/cropped-logo-radio-touring-104.png","contentUrl":"https:\/\/progettotouring.it\/radiotouring104\/wp-content\/uploads\/sites\/6\/2022\/02\/cropped-logo-radio-touring-104.png","width":377,"height":182,"caption":"Radio Touring 104"},"image":{"@id":"https:\/\/progettotouring.it\/radiotouring104\/#\/schema\/logo\/image\/"}},{"@type":"Person","@id":"https:\/\/progettotouring.it\/radiotouring104\/#\/schema\/person\/f01f189b71df20dcfc0890eea7e67a0e","name":"Chiara Cucinotta","image":{"@type":"ImageObject","inLanguage":"it-IT","@id":"https:\/\/secure.gravatar.com\/avatar\/efe17e5613fdef9b05741a23cd4ef4e9b1c39955d8fe11176cb1da3641c96104?s=96&d=mm&r=g","url":"https:\/\/secure.gravatar.com\/avatar\/efe17e5613fdef9b05741a23cd4ef4e9b1c39955d8fe11176cb1da3641c96104?s=96&d=mm&r=g","contentUrl":"https:\/\/secure.gravatar.com\/avatar\/efe17e5613fdef9b05741a23cd4ef4e9b1c39955d8fe11176cb1da3641c96104?s=96&d=mm&r=g","caption":"Chiara Cucinotta"},"sameAs":["https:\/\/progettotouring.it"],"url":"https:\/\/progettotouring.it\/radiotouring104\/author\/auranex\/"}]}},"jetpack_publicize_connections":[],"jetpack_featured_media_url":"https:\/\/progettotouring.it\/radiotouring104\/wp-content\/uploads\/sites\/6\/2022\/03\/COMUNE-RC.png","jetpack_sharing_enabled":true,"_links":{"self":[{"href":"https:\/\/progettotouring.it\/radiotouring104\/wp-json\/wp\/v2\/posts\/4997","targetHints":{"allow":["GET"]}}],"collection":[{"href":"https:\/\/progettotouring.it\/radiotouring104\/wp-json\/wp\/v2\/posts"}],"about":[{"href":"https:\/\/progettotouring.it\/radiotouring104\/wp-json\/wp\/v2\/types\/post"}],"author":[{"embeddable":true,"href":"https:\/\/progettotouring.it\/radiotouring104\/wp-json\/wp\/v2\/users\/1"}],"replies":[{"embeddable":true,"href":"https:\/\/progettotouring.it\/radiotouring104\/wp-json\/wp\/v2\/comments?post=4997"}],"version-history":[{"count":1,"href":"https:\/\/progettotouring.it\/radiotouring104\/wp-json\/wp\/v2\/posts\/4997\/revisions"}],"predecessor-version":[{"id":4998,"href":"https:\/\/progettotouring.it\/radiotouring104\/wp-json\/wp\/v2\/posts\/4997\/revisions\/4998"}],"wp:featuredmedia":[{"embeddable":true,"href":"https:\/\/progettotouring.it\/radiotouring104\/wp-json\/wp\/v2\/media\/2864"}],"wp:attachment":[{"href":"https:\/\/progettotouring.it\/radiotouring104\/wp-json\/wp\/v2\/media?parent=4997"}],"wp:term":[{"taxonomy":"category","embeddable":true,"href":"https:\/\/progettotouring.it\/radiotouring104\/wp-json\/wp\/v2\/categories?post=4997"},{"taxonomy":"post_tag","embeddable":true,"href":"https:\/\/progettotouring.it\/radiotouring104\/wp-json\/wp\/v2\/tags?post=4997"}],"curies":[{"name":"wp","href":"https:\/\/api.w.org\/{rel}","templated":true}]}}