{"id":50672,"date":"2024-05-03T11:33:45","date_gmt":"2024-05-03T09:33:45","guid":{"rendered":"https:\/\/progettotouring.it\/radiotouring104\/?p=50672"},"modified":"2024-05-03T13:08:33","modified_gmt":"2024-05-03T11:08:33","slug":"corrireggio-2024-vincitori-premiati-a-palazzo-alvaro","status":"publish","type":"post","link":"https:\/\/progettotouring.it\/radiotouring104\/2024\/05\/03\/corrireggio-2024-vincitori-premiati-a-palazzo-alvaro\/","title":{"rendered":"Corrireggio 2024: vincitori premiati a Palazzo Alvaro"},"content":{"rendered":"<p style=\"text-align: justify\"><strong>La 42\u00b0 edizione della Corrireggio si \u00e8 chiusa con la cerimonia di premiazione che si \u00e8 svolta il 30 aprile presso la Sala Perri del Palazzo Alvaro della Citt\u00e0 Metropolitana.<\/strong><\/p>\n<p style=\"text-align: justify\"><strong>Ad essere premiati i vincitori assoluti e di categoria della gara competitiva e della corsa non competitiva.<\/strong> Una grande festa, dopo la bellissima manifestazione del 25 Aprile, che \u00e8 stata anche l\u2019occasione di un bilancio e di un ringraziamento per tutti coloro che hanno reso possibile lo storico evento sportivo, organizzato dal Circolo Legambiente Citt\u00e0 dello Stretto di Reggio Calabria.<\/p>\n<p style=\"text-align: justify\"><strong>I vincitori per la gara competitiva sono stati, per la categoria maschile,<\/strong> Imbalzano Francesco, Caratozzolo Alberto, Pratic\u00f2 Pasquale;<strong> per la categoria donna,<\/strong> Sgr\u00f2 Denise, Concetta Saffioti, Benedetti Ginevra. <em>Per la non competitiva<\/em> <strong>maschile:<\/strong> Jobe Momodou Habib, Scordo Giuseppe, Basile Rognetta Filippo; per Cardile Isabella, Basile Rognetta Anna Maria, Ioculano Teresa.<\/p>\n<p style=\"text-align: justify\"><strong>Quest\u2019anno si \u00e8 toccato il numero di 2654 iscritti,<\/strong> compresi i 600 Allievi Carabinieri della Scuola di Reggio Calabria \u201cFava e Garofalo\u201d. Rappresentante dell\u2019Arma anche il primo classificato assoluto, Francesco Imbalzano, non presente per motivi di lavoro e che era stato premiato nei giorni scorsi presso il campo sportivo Coni.<\/p>\n<p style=\"text-align: justify\"><em>\u201cAbbiamo scelto quel sito \u2013<\/em> <strong>sottolinea Nuccio Barill\u00e0, storico fondatore e presidente del Team Corrireggio \u2013<\/strong> <em>per porre ancora una volta l\u2019attenzione sullo stato degli impianti sportivi cittadini che hanno bisogno di interventi importanti, per consentire alla cittadinanza di poter praticare le diverse discipline in libert\u00e0 e sicurezza\u201d. \u201cLa crescita della comunit\u00e0 \u00e8 il nostro vero obiettivo, attraverso l\u2019attivit\u00e0 sportiva e la promozione sociale vogliamo costruire una citt\u00e0 sostenibile e inclusiva\u201d dichiara <strong>Daniele Cartisano<\/strong>, presidente del Circolo di Legambiente &#8211; La corsa \u00e8 infatti l\u2019occasione per porre sotto i riflettori criticit\u00e0 e allo stesso le possibilit\u00e0 di una citt\u00e0 che ancora ha molto da fare sul piano della rigenerazione urbana. La settimana di eventi che la precede, in collaborazione con le tante associazioni partner, \u00e8 pensata proprio per evidenziare tali temi\u201d.<\/em><\/p>\n<p style=\"text-align: justify\"><strong>Presente alla premiazione<\/strong> il Sindaco <strong>Giuseppe Falcomat\u00e0<\/strong> che ha espresso la volont\u00e0 come Citt\u00e0 Metropolitana di Reggio Calabria di istituzionalizzare la Corrireggio.<\/p>\n<p style=\"text-align: justify\"><em>\u201c\u00c8 nostro compito istituzionale e anche nostro dovere stare al fianco delle associazioni che si occupano di promozione sociale e sportiva e che organizzano un evento che da tempo \u00e8 entrato nel cuore dei reggini e non solo. Un evento che parla di sport, rispetto dell&#8217;ambiente e di messaggi quanto mai attuali. Siamo pienamente consapevoli \u2013<\/em> ha aggiunto il sindaco \u2013<em> che si pu\u00f2 fare sempre meglio. Il Comune quest&#8217;anno \u00e8 riuscito a fare qualcosa di pi\u00f9, dopo un decennio di lacrime e sangue che hanno pagato soprattutto le associazioni che non hanno potuto beneficiare di un sostegno maggiore oltre che alla presenza e alla partecipazione da parte della nostra istituzione. Per\u00f2 non basta: come Citt\u00e0 metropolitana, gi\u00e0 dal prossimo anno, \u00e8 nostra intenzione istituzionalizzare l&#8217;evento\u201d.<\/em><\/p>\n<p style=\"text-align: justify\"><strong>Un annuncio salutato con grande entusiasmo dalla sala gremita e dagli organizzatori,<\/strong> che hanno espresso il desiderio che <strong>presto la Corrireggio si possa correre su un Lungomare completato con il Parco Lineare Sud.<\/strong><\/p>\n<p style=\"text-align: justify\"><strong>Un ringraziamento speciale va alle tante associazioni ed enti partner che hanno sostenuto e reso possibile le numerose iniziative<\/strong> che si sono susseguite in tanti quartieri della citt\u00e0: Circolo del Cinema Zavattini, Avis Reggio Calabria, CSI Centro Sportivo Italiano, CAI Sezione Aspromonte, Cine-foto Club Vanni Andreoni, Accademia di Belle Arti di Reggio Calabria, Centro Ippico Le Siepi, Federazione Italiana Sport Equestri, Asd Cicloturistica 2001, ACSI Settore Turismo e Cultura, Co-DanzaRe, Terra Madre Aps, Soroptimist, Unione Ciechi, ANPVI, Societ\u00e0 di pattinaggio \u201cCalabria\u201d, Pagliacci clandestini, Fondazione Antonino Scopelliti.<\/p>\n<p style=\"text-align: justify\">Corrireggio si avvale del patrocinio della Presidenza del Consiglio Regionale della Calabria, della Citt\u00e0 Metropolitana, del Comune di Reggio Calabria, dell\u2019Ente Parco Nazionale d\u2019Aspromonte, dell\u2019Agenzia Sport e Salute, del Coni Calabria, del Comitato Italiano Paralimpico, della Federazione Italiana Atletica Leggera-Calabria, ed \u00e8 sostenuta da numerosi sponsor.<\/p>\n<p>&nbsp;<\/p>\n","protected":false},"excerpt":{"rendered":"<p>La 42\u00b0 edizione della Corrireggio si \u00e8 chiusa con la cerimonia di premiazione che si \u00e8 svolta il 30 aprile presso la Sala Perri del Palazzo Alvaro della Citt\u00e0 Metropolitana.&hellip;<\/p>\n","protected":false},"author":12,"featured_media":50673,"comment_status":"closed","ping_status":"open","sticky":false,"template":"","format":"standard","meta":{"_jetpack_memberships_contains_paid_content":false,"footnotes":"","jetpack_publicize_message":"","jetpack_publicize_feature_enabled":true,"jetpack_social_post_already_shared":false,"jetpack_social_options":{"image_generator_settings":{"template":"highway","default_image_id":0,"font":"","enabled":false},"version":2}},"categories":[921,150,196,140],"tags":[30706,28819,13461,739,1267],"class_list":["post-50672","post","type-post","status-publish","format-standard","has-post-thumbnail","hentry","category-home","category-in-primo-piano","category-news","category-reggio-calabria","tag-corrireggio-2024","tag-daniele-cartisano-presidente-legambiente-rc","tag-nuccio-barilla","tag-palazzo-alvaro","tag-premiazione"],"yoast_head":"<!-- This site is optimized with the Yoast SEO plugin v27.2 - https:\/\/yoast.com\/product\/yoast-seo-wordpress\/ -->\n<title>Corrireggio 2024: vincitori premiati a Palazzo Alvaro - Radio Touring 104<\/title>\n<meta name=\"description\" content=\"Soddisfatti Nuccio Barill\u00e0 e Daniele Cartisano. Il Sindaco Falcomat\u00e0 annuncia \u201cIstituzionalizzeremo l\u2019evento\u201d\" \/>\n<meta name=\"robots\" content=\"index, follow, max-snippet:-1, max-image-preview:large, max-video-preview:-1\" \/>\n<link rel=\"canonical\" href=\"https:\/\/progettotouring.it\/radiotouring104\/2024\/05\/03\/corrireggio-2024-vincitori-premiati-a-palazzo-alvaro\/\" \/>\n<meta property=\"og:locale\" content=\"it_IT\" \/>\n<meta property=\"og:type\" content=\"article\" \/>\n<meta property=\"og:title\" content=\"Corrireggio 2024: vincitori premiati a Palazzo Alvaro - Radio Touring 104\" \/>\n<meta property=\"og:description\" content=\"Soddisfatti Nuccio Barill\u00e0 e Daniele Cartisano. Il Sindaco Falcomat\u00e0 annuncia \u201cIstituzionalizzeremo l\u2019evento\u201d\" \/>\n<meta property=\"og:url\" content=\"https:\/\/progettotouring.it\/radiotouring104\/2024\/05\/03\/corrireggio-2024-vincitori-premiati-a-palazzo-alvaro\/\" \/>\n<meta property=\"og:site_name\" content=\"Radio Touring 104\" \/>\n<meta property=\"article:published_time\" content=\"2024-05-03T09:33:45+00:00\" \/>\n<meta property=\"article:modified_time\" content=\"2024-05-03T11:08:33+00:00\" \/>\n<meta property=\"og:image\" content=\"https:\/\/progettotouring.it\/radiotouring104\/wp-content\/uploads\/sites\/6\/2024\/05\/La-premiazione-di-Denise-Sgro.jpg\" \/>\n\t<meta property=\"og:image:width\" content=\"1640\" \/>\n\t<meta property=\"og:image:height\" content=\"1126\" \/>\n\t<meta property=\"og:image:type\" content=\"image\/jpeg\" \/>\n<meta name=\"author\" content=\"Sebastiano Plutino\" \/>\n<meta name=\"twitter:card\" content=\"summary_large_image\" \/>\n<meta name=\"twitter:label1\" content=\"Scritto da\" \/>\n\t<meta name=\"twitter:data1\" content=\"Sebastiano Plutino\" \/>\n\t<meta name=\"twitter:label2\" content=\"Tempo di lettura stimato\" \/>\n\t<meta name=\"twitter:data2\" content=\"3 minuti\" \/>\n<script type=\"application\/ld+json\" class=\"yoast-schema-graph\">{\"@context\":\"https:\/\/schema.org\",\"@graph\":[{\"@type\":\"Article\",\"@id\":\"https:\/\/progettotouring.it\/radiotouring104\/2024\/05\/03\/corrireggio-2024-vincitori-premiati-a-palazzo-alvaro\/#article\",\"isPartOf\":{\"@id\":\"https:\/\/progettotouring.it\/radiotouring104\/2024\/05\/03\/corrireggio-2024-vincitori-premiati-a-palazzo-alvaro\/\"},\"author\":{\"name\":\"Sebastiano Plutino\",\"@id\":\"https:\/\/progettotouring.it\/radiotouring104\/#\/schema\/person\/78613917f1851f041f7483f5af1d422e\"},\"headline\":\"Corrireggio 2024: vincitori premiati a Palazzo Alvaro\",\"datePublished\":\"2024-05-03T09:33:45+00:00\",\"dateModified\":\"2024-05-03T11:08:33+00:00\",\"mainEntityOfPage\":{\"@id\":\"https:\/\/progettotouring.it\/radiotouring104\/2024\/05\/03\/corrireggio-2024-vincitori-premiati-a-palazzo-alvaro\/\"},\"wordCount\":628,\"publisher\":{\"@id\":\"https:\/\/progettotouring.it\/radiotouring104\/#organization\"},\"image\":{\"@id\":\"https:\/\/progettotouring.it\/radiotouring104\/2024\/05\/03\/corrireggio-2024-vincitori-premiati-a-palazzo-alvaro\/#primaryimage\"},\"thumbnailUrl\":\"https:\/\/progettotouring.it\/radiotouring104\/wp-content\/uploads\/sites\/6\/2024\/05\/La-premiazione-di-Denise-Sgro.jpg\",\"keywords\":[\"CORRIREGGIO 2024\",\"Daniele Cartisano Presidente Legambiente Rc\",\"Nuccio Barill\u00e0\",\"Palazzo Alvaro\",\"premiazione\"],\"articleSection\":[\"Home\",\"In primo piano\",\"News\",\"Reggio Calabria\"],\"inLanguage\":\"it-IT\"},{\"@type\":\"WebPage\",\"@id\":\"https:\/\/progettotouring.it\/radiotouring104\/2024\/05\/03\/corrireggio-2024-vincitori-premiati-a-palazzo-alvaro\/\",\"url\":\"https:\/\/progettotouring.it\/radiotouring104\/2024\/05\/03\/corrireggio-2024-vincitori-premiati-a-palazzo-alvaro\/\",\"name\":\"Corrireggio 2024: vincitori premiati a Palazzo Alvaro - Radio Touring 104\",\"isPartOf\":{\"@id\":\"https:\/\/progettotouring.it\/radiotouring104\/#website\"},\"primaryImageOfPage\":{\"@id\":\"https:\/\/progettotouring.it\/radiotouring104\/2024\/05\/03\/corrireggio-2024-vincitori-premiati-a-palazzo-alvaro\/#primaryimage\"},\"image\":{\"@id\":\"https:\/\/progettotouring.it\/radiotouring104\/2024\/05\/03\/corrireggio-2024-vincitori-premiati-a-palazzo-alvaro\/#primaryimage\"},\"thumbnailUrl\":\"https:\/\/progettotouring.it\/radiotouring104\/wp-content\/uploads\/sites\/6\/2024\/05\/La-premiazione-di-Denise-Sgro.jpg\",\"datePublished\":\"2024-05-03T09:33:45+00:00\",\"dateModified\":\"2024-05-03T11:08:33+00:00\",\"description\":\"Soddisfatti Nuccio Barill\u00e0 e Daniele Cartisano. Il Sindaco Falcomat\u00e0 annuncia \u201cIstituzionalizzeremo l\u2019evento\u201d\",\"breadcrumb\":{\"@id\":\"https:\/\/progettotouring.it\/radiotouring104\/2024\/05\/03\/corrireggio-2024-vincitori-premiati-a-palazzo-alvaro\/#breadcrumb\"},\"inLanguage\":\"it-IT\",\"potentialAction\":[{\"@type\":\"ReadAction\",\"target\":[\"https:\/\/progettotouring.it\/radiotouring104\/2024\/05\/03\/corrireggio-2024-vincitori-premiati-a-palazzo-alvaro\/\"]}]},{\"@type\":\"ImageObject\",\"inLanguage\":\"it-IT\",\"@id\":\"https:\/\/progettotouring.it\/radiotouring104\/2024\/05\/03\/corrireggio-2024-vincitori-premiati-a-palazzo-alvaro\/#primaryimage\",\"url\":\"https:\/\/progettotouring.it\/radiotouring104\/wp-content\/uploads\/sites\/6\/2024\/05\/La-premiazione-di-Denise-Sgro.jpg\",\"contentUrl\":\"https:\/\/progettotouring.it\/radiotouring104\/wp-content\/uploads\/sites\/6\/2024\/05\/La-premiazione-di-Denise-Sgro.jpg\",\"width\":1640,\"height\":1126},{\"@type\":\"BreadcrumbList\",\"@id\":\"https:\/\/progettotouring.it\/radiotouring104\/2024\/05\/03\/corrireggio-2024-vincitori-premiati-a-palazzo-alvaro\/#breadcrumb\",\"itemListElement\":[{\"@type\":\"ListItem\",\"position\":1,\"name\":\"Home\",\"item\":\"https:\/\/progettotouring.it\/radiotouring104\/\"},{\"@type\":\"ListItem\",\"position\":2,\"name\":\"Corrireggio 2024: vincitori premiati a Palazzo Alvaro\"}]},{\"@type\":\"WebSite\",\"@id\":\"https:\/\/progettotouring.it\/radiotouring104\/#website\",\"url\":\"https:\/\/progettotouring.it\/radiotouring104\/\",\"name\":\"Radio Touring 104\",\"description\":\"La prima radio Reggina\",\"publisher\":{\"@id\":\"https:\/\/progettotouring.it\/radiotouring104\/#organization\"},\"potentialAction\":[{\"@type\":\"SearchAction\",\"target\":{\"@type\":\"EntryPoint\",\"urlTemplate\":\"https:\/\/progettotouring.it\/radiotouring104\/?s={search_term_string}\"},\"query-input\":{\"@type\":\"PropertyValueSpecification\",\"valueRequired\":true,\"valueName\":\"search_term_string\"}}],\"inLanguage\":\"it-IT\"},{\"@type\":\"Organization\",\"@id\":\"https:\/\/progettotouring.it\/radiotouring104\/#organization\",\"name\":\"Radio Touring 104\",\"url\":\"https:\/\/progettotouring.it\/radiotouring104\/\",\"logo\":{\"@type\":\"ImageObject\",\"inLanguage\":\"it-IT\",\"@id\":\"https:\/\/progettotouring.it\/radiotouring104\/#\/schema\/logo\/image\/\",\"url\":\"https:\/\/progettotouring.it\/radiotouring104\/wp-content\/uploads\/sites\/6\/2022\/02\/cropped-logo-radio-touring-104.png\",\"contentUrl\":\"https:\/\/progettotouring.it\/radiotouring104\/wp-content\/uploads\/sites\/6\/2022\/02\/cropped-logo-radio-touring-104.png\",\"width\":377,\"height\":182,\"caption\":\"Radio Touring 104\"},\"image\":{\"@id\":\"https:\/\/progettotouring.it\/radiotouring104\/#\/schema\/logo\/image\/\"}},{\"@type\":\"Person\",\"@id\":\"https:\/\/progettotouring.it\/radiotouring104\/#\/schema\/person\/78613917f1851f041f7483f5af1d422e\",\"name\":\"Sebastiano Plutino\",\"image\":{\"@type\":\"ImageObject\",\"inLanguage\":\"it-IT\",\"@id\":\"https:\/\/secure.gravatar.com\/avatar\/0546ffaa9b79224faf9f2a156b67a529ae861d3287c66c1d8ccfdf909bcba78d?s=96&d=mm&r=g\",\"url\":\"https:\/\/secure.gravatar.com\/avatar\/0546ffaa9b79224faf9f2a156b67a529ae861d3287c66c1d8ccfdf909bcba78d?s=96&d=mm&r=g\",\"contentUrl\":\"https:\/\/secure.gravatar.com\/avatar\/0546ffaa9b79224faf9f2a156b67a529ae861d3287c66c1d8ccfdf909bcba78d?s=96&d=mm&r=g\",\"caption\":\"Sebastiano Plutino\"},\"url\":\"https:\/\/progettotouring.it\/radiotouring104\/author\/sebastiano\/\"}]}<\/script>\n<!-- \/ Yoast SEO plugin. -->","yoast_head_json":{"title":"Corrireggio 2024: vincitori premiati a Palazzo Alvaro - Radio Touring 104","description":"Soddisfatti Nuccio Barill\u00e0 e Daniele Cartisano. Il Sindaco Falcomat\u00e0 annuncia \u201cIstituzionalizzeremo l\u2019evento\u201d","robots":{"index":"index","follow":"follow","max-snippet":"max-snippet:-1","max-image-preview":"max-image-preview:large","max-video-preview":"max-video-preview:-1"},"canonical":"https:\/\/progettotouring.it\/radiotouring104\/2024\/05\/03\/corrireggio-2024-vincitori-premiati-a-palazzo-alvaro\/","og_locale":"it_IT","og_type":"article","og_title":"Corrireggio 2024: vincitori premiati a Palazzo Alvaro - Radio Touring 104","og_description":"Soddisfatti Nuccio Barill\u00e0 e Daniele Cartisano. Il Sindaco Falcomat\u00e0 annuncia \u201cIstituzionalizzeremo l\u2019evento\u201d","og_url":"https:\/\/progettotouring.it\/radiotouring104\/2024\/05\/03\/corrireggio-2024-vincitori-premiati-a-palazzo-alvaro\/","og_site_name":"Radio Touring 104","article_published_time":"2024-05-03T09:33:45+00:00","article_modified_time":"2024-05-03T11:08:33+00:00","og_image":[{"width":1640,"height":1126,"url":"https:\/\/progettotouring.it\/radiotouring104\/wp-content\/uploads\/sites\/6\/2024\/05\/La-premiazione-di-Denise-Sgro.jpg","type":"image\/jpeg"}],"author":"Sebastiano Plutino","twitter_card":"summary_large_image","twitter_misc":{"Scritto da":"Sebastiano Plutino","Tempo di lettura stimato":"3 minuti"},"schema":{"@context":"https:\/\/schema.org","@graph":[{"@type":"Article","@id":"https:\/\/progettotouring.it\/radiotouring104\/2024\/05\/03\/corrireggio-2024-vincitori-premiati-a-palazzo-alvaro\/#article","isPartOf":{"@id":"https:\/\/progettotouring.it\/radiotouring104\/2024\/05\/03\/corrireggio-2024-vincitori-premiati-a-palazzo-alvaro\/"},"author":{"name":"Sebastiano Plutino","@id":"https:\/\/progettotouring.it\/radiotouring104\/#\/schema\/person\/78613917f1851f041f7483f5af1d422e"},"headline":"Corrireggio 2024: vincitori premiati a Palazzo Alvaro","datePublished":"2024-05-03T09:33:45+00:00","dateModified":"2024-05-03T11:08:33+00:00","mainEntityOfPage":{"@id":"https:\/\/progettotouring.it\/radiotouring104\/2024\/05\/03\/corrireggio-2024-vincitori-premiati-a-palazzo-alvaro\/"},"wordCount":628,"publisher":{"@id":"https:\/\/progettotouring.it\/radiotouring104\/#organization"},"image":{"@id":"https:\/\/progettotouring.it\/radiotouring104\/2024\/05\/03\/corrireggio-2024-vincitori-premiati-a-palazzo-alvaro\/#primaryimage"},"thumbnailUrl":"https:\/\/progettotouring.it\/radiotouring104\/wp-content\/uploads\/sites\/6\/2024\/05\/La-premiazione-di-Denise-Sgro.jpg","keywords":["CORRIREGGIO 2024","Daniele Cartisano Presidente Legambiente Rc","Nuccio Barill\u00e0","Palazzo Alvaro","premiazione"],"articleSection":["Home","In primo piano","News","Reggio Calabria"],"inLanguage":"it-IT"},{"@type":"WebPage","@id":"https:\/\/progettotouring.it\/radiotouring104\/2024\/05\/03\/corrireggio-2024-vincitori-premiati-a-palazzo-alvaro\/","url":"https:\/\/progettotouring.it\/radiotouring104\/2024\/05\/03\/corrireggio-2024-vincitori-premiati-a-palazzo-alvaro\/","name":"Corrireggio 2024: vincitori premiati a Palazzo Alvaro - Radio Touring 104","isPartOf":{"@id":"https:\/\/progettotouring.it\/radiotouring104\/#website"},"primaryImageOfPage":{"@id":"https:\/\/progettotouring.it\/radiotouring104\/2024\/05\/03\/corrireggio-2024-vincitori-premiati-a-palazzo-alvaro\/#primaryimage"},"image":{"@id":"https:\/\/progettotouring.it\/radiotouring104\/2024\/05\/03\/corrireggio-2024-vincitori-premiati-a-palazzo-alvaro\/#primaryimage"},"thumbnailUrl":"https:\/\/progettotouring.it\/radiotouring104\/wp-content\/uploads\/sites\/6\/2024\/05\/La-premiazione-di-Denise-Sgro.jpg","datePublished":"2024-05-03T09:33:45+00:00","dateModified":"2024-05-03T11:08:33+00:00","description":"Soddisfatti Nuccio Barill\u00e0 e Daniele Cartisano. Il Sindaco Falcomat\u00e0 annuncia \u201cIstituzionalizzeremo l\u2019evento\u201d","breadcrumb":{"@id":"https:\/\/progettotouring.it\/radiotouring104\/2024\/05\/03\/corrireggio-2024-vincitori-premiati-a-palazzo-alvaro\/#breadcrumb"},"inLanguage":"it-IT","potentialAction":[{"@type":"ReadAction","target":["https:\/\/progettotouring.it\/radiotouring104\/2024\/05\/03\/corrireggio-2024-vincitori-premiati-a-palazzo-alvaro\/"]}]},{"@type":"ImageObject","inLanguage":"it-IT","@id":"https:\/\/progettotouring.it\/radiotouring104\/2024\/05\/03\/corrireggio-2024-vincitori-premiati-a-palazzo-alvaro\/#primaryimage","url":"https:\/\/progettotouring.it\/radiotouring104\/wp-content\/uploads\/sites\/6\/2024\/05\/La-premiazione-di-Denise-Sgro.jpg","contentUrl":"https:\/\/progettotouring.it\/radiotouring104\/wp-content\/uploads\/sites\/6\/2024\/05\/La-premiazione-di-Denise-Sgro.jpg","width":1640,"height":1126},{"@type":"BreadcrumbList","@id":"https:\/\/progettotouring.it\/radiotouring104\/2024\/05\/03\/corrireggio-2024-vincitori-premiati-a-palazzo-alvaro\/#breadcrumb","itemListElement":[{"@type":"ListItem","position":1,"name":"Home","item":"https:\/\/progettotouring.it\/radiotouring104\/"},{"@type":"ListItem","position":2,"name":"Corrireggio 2024: vincitori premiati a Palazzo Alvaro"}]},{"@type":"WebSite","@id":"https:\/\/progettotouring.it\/radiotouring104\/#website","url":"https:\/\/progettotouring.it\/radiotouring104\/","name":"Radio Touring 104","description":"La prima radio Reggina","publisher":{"@id":"https:\/\/progettotouring.it\/radiotouring104\/#organization"},"potentialAction":[{"@type":"SearchAction","target":{"@type":"EntryPoint","urlTemplate":"https:\/\/progettotouring.it\/radiotouring104\/?s={search_term_string}"},"query-input":{"@type":"PropertyValueSpecification","valueRequired":true,"valueName":"search_term_string"}}],"inLanguage":"it-IT"},{"@type":"Organization","@id":"https:\/\/progettotouring.it\/radiotouring104\/#organization","name":"Radio Touring 104","url":"https:\/\/progettotouring.it\/radiotouring104\/","logo":{"@type":"ImageObject","inLanguage":"it-IT","@id":"https:\/\/progettotouring.it\/radiotouring104\/#\/schema\/logo\/image\/","url":"https:\/\/progettotouring.it\/radiotouring104\/wp-content\/uploads\/sites\/6\/2022\/02\/cropped-logo-radio-touring-104.png","contentUrl":"https:\/\/progettotouring.it\/radiotouring104\/wp-content\/uploads\/sites\/6\/2022\/02\/cropped-logo-radio-touring-104.png","width":377,"height":182,"caption":"Radio Touring 104"},"image":{"@id":"https:\/\/progettotouring.it\/radiotouring104\/#\/schema\/logo\/image\/"}},{"@type":"Person","@id":"https:\/\/progettotouring.it\/radiotouring104\/#\/schema\/person\/78613917f1851f041f7483f5af1d422e","name":"Sebastiano Plutino","image":{"@type":"ImageObject","inLanguage":"it-IT","@id":"https:\/\/secure.gravatar.com\/avatar\/0546ffaa9b79224faf9f2a156b67a529ae861d3287c66c1d8ccfdf909bcba78d?s=96&d=mm&r=g","url":"https:\/\/secure.gravatar.com\/avatar\/0546ffaa9b79224faf9f2a156b67a529ae861d3287c66c1d8ccfdf909bcba78d?s=96&d=mm&r=g","contentUrl":"https:\/\/secure.gravatar.com\/avatar\/0546ffaa9b79224faf9f2a156b67a529ae861d3287c66c1d8ccfdf909bcba78d?s=96&d=mm&r=g","caption":"Sebastiano Plutino"},"url":"https:\/\/progettotouring.it\/radiotouring104\/author\/sebastiano\/"}]}},"jetpack_publicize_connections":[],"jetpack_featured_media_url":"https:\/\/progettotouring.it\/radiotouring104\/wp-content\/uploads\/sites\/6\/2024\/05\/La-premiazione-di-Denise-Sgro.jpg","jetpack_sharing_enabled":true,"_links":{"self":[{"href":"https:\/\/progettotouring.it\/radiotouring104\/wp-json\/wp\/v2\/posts\/50672","targetHints":{"allow":["GET"]}}],"collection":[{"href":"https:\/\/progettotouring.it\/radiotouring104\/wp-json\/wp\/v2\/posts"}],"about":[{"href":"https:\/\/progettotouring.it\/radiotouring104\/wp-json\/wp\/v2\/types\/post"}],"author":[{"embeddable":true,"href":"https:\/\/progettotouring.it\/radiotouring104\/wp-json\/wp\/v2\/users\/12"}],"replies":[{"embeddable":true,"href":"https:\/\/progettotouring.it\/radiotouring104\/wp-json\/wp\/v2\/comments?post=50672"}],"version-history":[{"count":2,"href":"https:\/\/progettotouring.it\/radiotouring104\/wp-json\/wp\/v2\/posts\/50672\/revisions"}],"predecessor-version":[{"id":50712,"href":"https:\/\/progettotouring.it\/radiotouring104\/wp-json\/wp\/v2\/posts\/50672\/revisions\/50712"}],"wp:featuredmedia":[{"embeddable":true,"href":"https:\/\/progettotouring.it\/radiotouring104\/wp-json\/wp\/v2\/media\/50673"}],"wp:attachment":[{"href":"https:\/\/progettotouring.it\/radiotouring104\/wp-json\/wp\/v2\/media?parent=50672"}],"wp:term":[{"taxonomy":"category","embeddable":true,"href":"https:\/\/progettotouring.it\/radiotouring104\/wp-json\/wp\/v2\/categories?post=50672"},{"taxonomy":"post_tag","embeddable":true,"href":"https:\/\/progettotouring.it\/radiotouring104\/wp-json\/wp\/v2\/tags?post=50672"}],"curies":[{"name":"wp","href":"https:\/\/api.w.org\/{rel}","templated":true}]}}