{"id":50688,"date":"2024-05-03T12:14:15","date_gmt":"2024-05-03T10:14:15","guid":{"rendered":"https:\/\/progettotouring.it\/radiotouring104\/?p=50688"},"modified":"2024-05-03T12:14:56","modified_gmt":"2024-05-03T10:14:56","slug":"reggio-il-prefetto-vaccaro-incontra-lassociazione-attendiamoci","status":"publish","type":"post","link":"https:\/\/progettotouring.it\/radiotouring104\/2024\/05\/03\/reggio-il-prefetto-vaccaro-incontra-lassociazione-attendiamoci\/","title":{"rendered":"Reggio: il Prefetto Vaccaro incontra l&#8217;Associazione &#8220;Attendiamoci&#8221;"},"content":{"rendered":"<p><strong>\u00c8 questa la sintesi del messaggio che il prefetto Clara Vaccaro<\/strong> \u2013 prima donna prefetto di Reggio Calabria &#8211;<strong> \u00a0ha voluto lasciare ieri ai giovani dell\u2019Associazione Attendiamoci incontrati nel suggestivo scenario d<\/strong>el &#8220;Villaggio dei Giovani&#8221; bene confiscato alla criminalit\u00e0 organizzata.<\/p>\n<p>&nbsp;<\/p>\n<p>Una visita gradita e mai scontata, frutto del continuo lavoro di rete con le Istituzioni a partire dalle Prefetture con le quali si \u00e8 da sempre coltivato ottimi rapporti a livello locale e nazionale.<\/p>\n<p>&nbsp;<\/p>\n<p><strong>Accolta da don Valerio Chiovaro e da una rappresentanza del Consiglio Direttivo,<\/strong> alla presenza di tanti soci e volontari dell\u2019Associazione, il Prefetto ha colloquiato con i giovani, mostrandosi in tutta la sua umanit\u00e0, condividendo non solo la sua esperienza istituzionale, ma anche quella di donna, moglie e madre.<\/p>\n<p>&nbsp;<\/p>\n<p>E ieri \u00e8 stato davvero un momento speciale, in cui anche l\u2019Associazione ha potuto raccontare il proprio operato attraverso le molteplici attivit\u00e0 secondo il mood\/desiderio di \u201ccambiare il mondo\u201d, pienamente condiviso dal Prefetto nel suo racconto.<\/p>\n<p>&nbsp;<\/p>\n<p><strong>L&#8217;incontro,<\/strong> arricchito dalla partecipazione di altre eminenti figure delle Forze dell&#8217;Ordin<strong>e, ha rappresentato un momento di concreta sinergia tra le Istituzioni e la comunit\u00e0 locale,<\/strong> evidenziando l&#8217;impegno congiunto nel promuovere un ambiente sicuro e favorevole alla crescita dei giovani.<\/p>\n<p>&nbsp;<\/p>\n<p><strong>A raggiungere il Prefetto,<\/strong> infatti, gli altri rappresentanti delle Forze dell\u2019Ordine, tra cui il Generale di Brigata<strong> Cesario Totaro,<\/strong> Comandante Provinciale dei Carabinieri di Reggio Calabria, il Gen. B. Maurizio\u00a0Cintura Comandante Provinciale della Guardia di Finanza di Reggio Calabria, il Col. Giovanni Misceo, Comandante Regionale dei Carabinieri Forestali &#8220;Calabria&#8221;, il Col. Vittorio\u00a0Carrara Comandante della Scuola Allievi Carabinieri di Reggio Calabria, il Capitano di Vascello (CP) Antonio Lo Giudice, vice Comandante della Direzione Marittima di Reggio Calabria.<\/p>\n<p>&nbsp;<\/p>\n<p>Con tutti loro \u00e8 stato fatto un tour dei luoghi del Villaggio dei Giovani durante cui hanno avuto l&#8217;opportunit\u00e0 di constatare i frutti tangibili di spazi educativi testimoni di trasformazione positiva ma anche incubatori di speranze e opportunit\u00e0 per i giovani, cui vengono offerti ambienti propensi per esplorare passioni e costruire futuro.<\/p>\n<p>&nbsp;<\/p>\n<p>La serata si \u00e8 conclusa con una cena conviviale, animata dalla generosit\u00e0 e dalla dedizione dei volontari che hanno preparato e servito le pizze, offrendo cos\u00ec un momento di condivisione e festa.<\/p>\n<p>&nbsp;<\/p>\n<p>Incontri come questo sono esperienze che alimentano la speranza e lasciano il segno.<\/p>\n<p>&nbsp;<\/p>\n<p>La Prefettura, insieme alle istituzioni ed al mondo associativo, persiste con tenacia e dedizione nell&#8217;arduo compito di plasmare un avvenire pi\u00f9 luminoso per le generazioni future.<\/p>\n<p>&nbsp;<\/p>\n<p>\u00c8 un impegno che si manifesta nell&#8217;opera instancabile di individuare e promuovere iniziative capaci di dare forma a un contesto sociale pi\u00f9 inclusivo dove l\u2019Associazione Attendiamoci si vuole distinguere come un faro di speranza e di azione concreta, con una storia di oltre 23 anni in cui, con incrollabile perseveranza e dedizione senza pari, si impegna quotidianamente nel rispetto di una missione che \u00e8 diventata il cuore pulsante della sua esistenza.<\/p>\n<p>&nbsp;<\/p>\n<p>&nbsp;<\/p>\n<p>&nbsp;<\/p>\n<p><strong>\u00a0<\/strong><\/p>\n","protected":false},"excerpt":{"rendered":"<p>\u00c8 questa la sintesi del messaggio che il prefetto Clara Vaccaro \u2013 prima donna prefetto di Reggio Calabria &#8211; \u00a0ha voluto lasciare ieri ai giovani dell\u2019Associazione Attendiamoci incontrati nel suggestivo&hellip;<\/p>\n","protected":false},"author":12,"featured_media":50689,"comment_status":"closed","ping_status":"open","sticky":false,"template":"","format":"standard","meta":{"_jetpack_memberships_contains_paid_content":false,"footnotes":"","jetpack_publicize_message":"","jetpack_publicize_feature_enabled":true,"jetpack_social_post_already_shared":false,"jetpack_social_options":{"image_generator_settings":{"template":"highway","default_image_id":0,"font":"","enabled":false},"version":2}},"categories":[921,196,140],"tags":[12961,24718,23993,15308,31078,31077],"class_list":["post-50688","post","type-post","status-publish","format-standard","has-post-thumbnail","hentry","category-home","category-news","category-reggio-calabria","tag-attendiamoci-onlus","tag-cesario-totaro","tag-clara-vaccaro","tag-don-valerio-chiovaro","tag-incontro-vaccaro-attendiamoci","tag-villaggio-del-giovani"],"yoast_head":"<!-- This site is optimized with the Yoast SEO plugin v27.2 - https:\/\/yoast.com\/product\/yoast-seo-wordpress\/ -->\n<title>Reggio: il Prefetto Vaccaro incontra l&#039;Associazione &quot;Attendiamoci&quot;<\/title>\n<meta name=\"description\" content=\"\u201cBisogna sempre avere il coraggio di stupirsi, non arrendersi mai e costruire attraverso le esperienze il proprio sogno\u201d. dichiara Vaccaro\" \/>\n<meta name=\"robots\" content=\"index, follow, max-snippet:-1, max-image-preview:large, max-video-preview:-1\" \/>\n<link rel=\"canonical\" href=\"https:\/\/progettotouring.it\/radiotouring104\/2024\/05\/03\/reggio-il-prefetto-vaccaro-incontra-lassociazione-attendiamoci\/\" \/>\n<meta property=\"og:locale\" content=\"it_IT\" \/>\n<meta property=\"og:type\" content=\"article\" \/>\n<meta property=\"og:title\" content=\"Reggio: il Prefetto Vaccaro incontra l&#039;Associazione &quot;Attendiamoci&quot;\" \/>\n<meta property=\"og:description\" content=\"\u201cBisogna sempre avere il coraggio di stupirsi, non arrendersi mai e costruire attraverso le esperienze il proprio sogno\u201d. dichiara Vaccaro\" \/>\n<meta property=\"og:url\" content=\"https:\/\/progettotouring.it\/radiotouring104\/2024\/05\/03\/reggio-il-prefetto-vaccaro-incontra-lassociazione-attendiamoci\/\" \/>\n<meta property=\"og:site_name\" content=\"Radio Touring 104\" \/>\n<meta property=\"article:published_time\" content=\"2024-05-03T10:14:15+00:00\" \/>\n<meta property=\"article:modified_time\" content=\"2024-05-03T10:14:56+00:00\" \/>\n<meta property=\"og:image\" content=\"https:\/\/progettotouring.it\/radiotouring104\/wp-content\/uploads\/sites\/6\/2024\/05\/Vaccaro-Attendiamoci-scaled.jpg\" \/>\n\t<meta property=\"og:image:width\" content=\"2560\" \/>\n\t<meta property=\"og:image:height\" content=\"745\" \/>\n\t<meta property=\"og:image:type\" content=\"image\/jpeg\" \/>\n<meta name=\"author\" content=\"Sebastiano Plutino\" \/>\n<meta name=\"twitter:card\" content=\"summary_large_image\" \/>\n<meta name=\"twitter:label1\" content=\"Scritto da\" \/>\n\t<meta name=\"twitter:data1\" content=\"Sebastiano Plutino\" \/>\n\t<meta name=\"twitter:label2\" content=\"Tempo di lettura stimato\" \/>\n\t<meta name=\"twitter:data2\" content=\"2 minuti\" \/>\n<script type=\"application\/ld+json\" class=\"yoast-schema-graph\">{\"@context\":\"https:\/\/schema.org\",\"@graph\":[{\"@type\":\"Article\",\"@id\":\"https:\/\/progettotouring.it\/radiotouring104\/2024\/05\/03\/reggio-il-prefetto-vaccaro-incontra-lassociazione-attendiamoci\/#article\",\"isPartOf\":{\"@id\":\"https:\/\/progettotouring.it\/radiotouring104\/2024\/05\/03\/reggio-il-prefetto-vaccaro-incontra-lassociazione-attendiamoci\/\"},\"author\":{\"name\":\"Sebastiano Plutino\",\"@id\":\"https:\/\/progettotouring.it\/radiotouring104\/#\/schema\/person\/78613917f1851f041f7483f5af1d422e\"},\"headline\":\"Reggio: il Prefetto Vaccaro incontra l&#8217;Associazione &#8220;Attendiamoci&#8221;\",\"datePublished\":\"2024-05-03T10:14:15+00:00\",\"dateModified\":\"2024-05-03T10:14:56+00:00\",\"mainEntityOfPage\":{\"@id\":\"https:\/\/progettotouring.it\/radiotouring104\/2024\/05\/03\/reggio-il-prefetto-vaccaro-incontra-lassociazione-attendiamoci\/\"},\"wordCount\":486,\"publisher\":{\"@id\":\"https:\/\/progettotouring.it\/radiotouring104\/#organization\"},\"image\":{\"@id\":\"https:\/\/progettotouring.it\/radiotouring104\/2024\/05\/03\/reggio-il-prefetto-vaccaro-incontra-lassociazione-attendiamoci\/#primaryimage\"},\"thumbnailUrl\":\"https:\/\/progettotouring.it\/radiotouring104\/wp-content\/uploads\/sites\/6\/2024\/05\/Vaccaro-Attendiamoci-scaled.jpg\",\"keywords\":[\"Attendiamoci Onlus\",\"Cesario Totaro\",\"Clara Vaccaro\",\"don Valerio Chiovaro\",\"incontro Vaccaro Attendiamoci\",\"Villaggio del Giovani\"],\"articleSection\":[\"Home\",\"News\",\"Reggio Calabria\"],\"inLanguage\":\"it-IT\"},{\"@type\":\"WebPage\",\"@id\":\"https:\/\/progettotouring.it\/radiotouring104\/2024\/05\/03\/reggio-il-prefetto-vaccaro-incontra-lassociazione-attendiamoci\/\",\"url\":\"https:\/\/progettotouring.it\/radiotouring104\/2024\/05\/03\/reggio-il-prefetto-vaccaro-incontra-lassociazione-attendiamoci\/\",\"name\":\"Reggio: il Prefetto Vaccaro incontra l'Associazione \\\"Attendiamoci\\\"\",\"isPartOf\":{\"@id\":\"https:\/\/progettotouring.it\/radiotouring104\/#website\"},\"primaryImageOfPage\":{\"@id\":\"https:\/\/progettotouring.it\/radiotouring104\/2024\/05\/03\/reggio-il-prefetto-vaccaro-incontra-lassociazione-attendiamoci\/#primaryimage\"},\"image\":{\"@id\":\"https:\/\/progettotouring.it\/radiotouring104\/2024\/05\/03\/reggio-il-prefetto-vaccaro-incontra-lassociazione-attendiamoci\/#primaryimage\"},\"thumbnailUrl\":\"https:\/\/progettotouring.it\/radiotouring104\/wp-content\/uploads\/sites\/6\/2024\/05\/Vaccaro-Attendiamoci-scaled.jpg\",\"datePublished\":\"2024-05-03T10:14:15+00:00\",\"dateModified\":\"2024-05-03T10:14:56+00:00\",\"description\":\"\u201cBisogna sempre avere il coraggio di stupirsi, non arrendersi mai e costruire attraverso le esperienze il proprio sogno\u201d. dichiara Vaccaro\",\"breadcrumb\":{\"@id\":\"https:\/\/progettotouring.it\/radiotouring104\/2024\/05\/03\/reggio-il-prefetto-vaccaro-incontra-lassociazione-attendiamoci\/#breadcrumb\"},\"inLanguage\":\"it-IT\",\"potentialAction\":[{\"@type\":\"ReadAction\",\"target\":[\"https:\/\/progettotouring.it\/radiotouring104\/2024\/05\/03\/reggio-il-prefetto-vaccaro-incontra-lassociazione-attendiamoci\/\"]}]},{\"@type\":\"ImageObject\",\"inLanguage\":\"it-IT\",\"@id\":\"https:\/\/progettotouring.it\/radiotouring104\/2024\/05\/03\/reggio-il-prefetto-vaccaro-incontra-lassociazione-attendiamoci\/#primaryimage\",\"url\":\"https:\/\/progettotouring.it\/radiotouring104\/wp-content\/uploads\/sites\/6\/2024\/05\/Vaccaro-Attendiamoci-scaled.jpg\",\"contentUrl\":\"https:\/\/progettotouring.it\/radiotouring104\/wp-content\/uploads\/sites\/6\/2024\/05\/Vaccaro-Attendiamoci-scaled.jpg\",\"width\":2560,\"height\":745},{\"@type\":\"BreadcrumbList\",\"@id\":\"https:\/\/progettotouring.it\/radiotouring104\/2024\/05\/03\/reggio-il-prefetto-vaccaro-incontra-lassociazione-attendiamoci\/#breadcrumb\",\"itemListElement\":[{\"@type\":\"ListItem\",\"position\":1,\"name\":\"Home\",\"item\":\"https:\/\/progettotouring.it\/radiotouring104\/\"},{\"@type\":\"ListItem\",\"position\":2,\"name\":\"Reggio: il Prefetto Vaccaro incontra l&#8217;Associazione &#8220;Attendiamoci&#8221;\"}]},{\"@type\":\"WebSite\",\"@id\":\"https:\/\/progettotouring.it\/radiotouring104\/#website\",\"url\":\"https:\/\/progettotouring.it\/radiotouring104\/\",\"name\":\"Radio Touring 104\",\"description\":\"La prima radio Reggina\",\"publisher\":{\"@id\":\"https:\/\/progettotouring.it\/radiotouring104\/#organization\"},\"potentialAction\":[{\"@type\":\"SearchAction\",\"target\":{\"@type\":\"EntryPoint\",\"urlTemplate\":\"https:\/\/progettotouring.it\/radiotouring104\/?s={search_term_string}\"},\"query-input\":{\"@type\":\"PropertyValueSpecification\",\"valueRequired\":true,\"valueName\":\"search_term_string\"}}],\"inLanguage\":\"it-IT\"},{\"@type\":\"Organization\",\"@id\":\"https:\/\/progettotouring.it\/radiotouring104\/#organization\",\"name\":\"Radio Touring 104\",\"url\":\"https:\/\/progettotouring.it\/radiotouring104\/\",\"logo\":{\"@type\":\"ImageObject\",\"inLanguage\":\"it-IT\",\"@id\":\"https:\/\/progettotouring.it\/radiotouring104\/#\/schema\/logo\/image\/\",\"url\":\"https:\/\/progettotouring.it\/radiotouring104\/wp-content\/uploads\/sites\/6\/2022\/02\/cropped-logo-radio-touring-104.png\",\"contentUrl\":\"https:\/\/progettotouring.it\/radiotouring104\/wp-content\/uploads\/sites\/6\/2022\/02\/cropped-logo-radio-touring-104.png\",\"width\":377,\"height\":182,\"caption\":\"Radio Touring 104\"},\"image\":{\"@id\":\"https:\/\/progettotouring.it\/radiotouring104\/#\/schema\/logo\/image\/\"}},{\"@type\":\"Person\",\"@id\":\"https:\/\/progettotouring.it\/radiotouring104\/#\/schema\/person\/78613917f1851f041f7483f5af1d422e\",\"name\":\"Sebastiano Plutino\",\"image\":{\"@type\":\"ImageObject\",\"inLanguage\":\"it-IT\",\"@id\":\"https:\/\/secure.gravatar.com\/avatar\/0546ffaa9b79224faf9f2a156b67a529ae861d3287c66c1d8ccfdf909bcba78d?s=96&d=mm&r=g\",\"url\":\"https:\/\/secure.gravatar.com\/avatar\/0546ffaa9b79224faf9f2a156b67a529ae861d3287c66c1d8ccfdf909bcba78d?s=96&d=mm&r=g\",\"contentUrl\":\"https:\/\/secure.gravatar.com\/avatar\/0546ffaa9b79224faf9f2a156b67a529ae861d3287c66c1d8ccfdf909bcba78d?s=96&d=mm&r=g\",\"caption\":\"Sebastiano Plutino\"},\"url\":\"https:\/\/progettotouring.it\/radiotouring104\/author\/sebastiano\/\"}]}<\/script>\n<!-- \/ Yoast SEO plugin. -->","yoast_head_json":{"title":"Reggio: il Prefetto Vaccaro incontra l'Associazione \"Attendiamoci\"","description":"\u201cBisogna sempre avere il coraggio di stupirsi, non arrendersi mai e costruire attraverso le esperienze il proprio sogno\u201d. dichiara Vaccaro","robots":{"index":"index","follow":"follow","max-snippet":"max-snippet:-1","max-image-preview":"max-image-preview:large","max-video-preview":"max-video-preview:-1"},"canonical":"https:\/\/progettotouring.it\/radiotouring104\/2024\/05\/03\/reggio-il-prefetto-vaccaro-incontra-lassociazione-attendiamoci\/","og_locale":"it_IT","og_type":"article","og_title":"Reggio: il Prefetto Vaccaro incontra l'Associazione \"Attendiamoci\"","og_description":"\u201cBisogna sempre avere il coraggio di stupirsi, non arrendersi mai e costruire attraverso le esperienze il proprio sogno\u201d. dichiara Vaccaro","og_url":"https:\/\/progettotouring.it\/radiotouring104\/2024\/05\/03\/reggio-il-prefetto-vaccaro-incontra-lassociazione-attendiamoci\/","og_site_name":"Radio Touring 104","article_published_time":"2024-05-03T10:14:15+00:00","article_modified_time":"2024-05-03T10:14:56+00:00","og_image":[{"width":2560,"height":745,"url":"https:\/\/progettotouring.it\/radiotouring104\/wp-content\/uploads\/sites\/6\/2024\/05\/Vaccaro-Attendiamoci-scaled.jpg","type":"image\/jpeg"}],"author":"Sebastiano Plutino","twitter_card":"summary_large_image","twitter_misc":{"Scritto da":"Sebastiano Plutino","Tempo di lettura stimato":"2 minuti"},"schema":{"@context":"https:\/\/schema.org","@graph":[{"@type":"Article","@id":"https:\/\/progettotouring.it\/radiotouring104\/2024\/05\/03\/reggio-il-prefetto-vaccaro-incontra-lassociazione-attendiamoci\/#article","isPartOf":{"@id":"https:\/\/progettotouring.it\/radiotouring104\/2024\/05\/03\/reggio-il-prefetto-vaccaro-incontra-lassociazione-attendiamoci\/"},"author":{"name":"Sebastiano Plutino","@id":"https:\/\/progettotouring.it\/radiotouring104\/#\/schema\/person\/78613917f1851f041f7483f5af1d422e"},"headline":"Reggio: il Prefetto Vaccaro incontra l&#8217;Associazione &#8220;Attendiamoci&#8221;","datePublished":"2024-05-03T10:14:15+00:00","dateModified":"2024-05-03T10:14:56+00:00","mainEntityOfPage":{"@id":"https:\/\/progettotouring.it\/radiotouring104\/2024\/05\/03\/reggio-il-prefetto-vaccaro-incontra-lassociazione-attendiamoci\/"},"wordCount":486,"publisher":{"@id":"https:\/\/progettotouring.it\/radiotouring104\/#organization"},"image":{"@id":"https:\/\/progettotouring.it\/radiotouring104\/2024\/05\/03\/reggio-il-prefetto-vaccaro-incontra-lassociazione-attendiamoci\/#primaryimage"},"thumbnailUrl":"https:\/\/progettotouring.it\/radiotouring104\/wp-content\/uploads\/sites\/6\/2024\/05\/Vaccaro-Attendiamoci-scaled.jpg","keywords":["Attendiamoci Onlus","Cesario Totaro","Clara Vaccaro","don Valerio Chiovaro","incontro Vaccaro Attendiamoci","Villaggio del Giovani"],"articleSection":["Home","News","Reggio Calabria"],"inLanguage":"it-IT"},{"@type":"WebPage","@id":"https:\/\/progettotouring.it\/radiotouring104\/2024\/05\/03\/reggio-il-prefetto-vaccaro-incontra-lassociazione-attendiamoci\/","url":"https:\/\/progettotouring.it\/radiotouring104\/2024\/05\/03\/reggio-il-prefetto-vaccaro-incontra-lassociazione-attendiamoci\/","name":"Reggio: il Prefetto Vaccaro incontra l'Associazione \"Attendiamoci\"","isPartOf":{"@id":"https:\/\/progettotouring.it\/radiotouring104\/#website"},"primaryImageOfPage":{"@id":"https:\/\/progettotouring.it\/radiotouring104\/2024\/05\/03\/reggio-il-prefetto-vaccaro-incontra-lassociazione-attendiamoci\/#primaryimage"},"image":{"@id":"https:\/\/progettotouring.it\/radiotouring104\/2024\/05\/03\/reggio-il-prefetto-vaccaro-incontra-lassociazione-attendiamoci\/#primaryimage"},"thumbnailUrl":"https:\/\/progettotouring.it\/radiotouring104\/wp-content\/uploads\/sites\/6\/2024\/05\/Vaccaro-Attendiamoci-scaled.jpg","datePublished":"2024-05-03T10:14:15+00:00","dateModified":"2024-05-03T10:14:56+00:00","description":"\u201cBisogna sempre avere il coraggio di stupirsi, non arrendersi mai e costruire attraverso le esperienze il proprio sogno\u201d. dichiara Vaccaro","breadcrumb":{"@id":"https:\/\/progettotouring.it\/radiotouring104\/2024\/05\/03\/reggio-il-prefetto-vaccaro-incontra-lassociazione-attendiamoci\/#breadcrumb"},"inLanguage":"it-IT","potentialAction":[{"@type":"ReadAction","target":["https:\/\/progettotouring.it\/radiotouring104\/2024\/05\/03\/reggio-il-prefetto-vaccaro-incontra-lassociazione-attendiamoci\/"]}]},{"@type":"ImageObject","inLanguage":"it-IT","@id":"https:\/\/progettotouring.it\/radiotouring104\/2024\/05\/03\/reggio-il-prefetto-vaccaro-incontra-lassociazione-attendiamoci\/#primaryimage","url":"https:\/\/progettotouring.it\/radiotouring104\/wp-content\/uploads\/sites\/6\/2024\/05\/Vaccaro-Attendiamoci-scaled.jpg","contentUrl":"https:\/\/progettotouring.it\/radiotouring104\/wp-content\/uploads\/sites\/6\/2024\/05\/Vaccaro-Attendiamoci-scaled.jpg","width":2560,"height":745},{"@type":"BreadcrumbList","@id":"https:\/\/progettotouring.it\/radiotouring104\/2024\/05\/03\/reggio-il-prefetto-vaccaro-incontra-lassociazione-attendiamoci\/#breadcrumb","itemListElement":[{"@type":"ListItem","position":1,"name":"Home","item":"https:\/\/progettotouring.it\/radiotouring104\/"},{"@type":"ListItem","position":2,"name":"Reggio: il Prefetto Vaccaro incontra l&#8217;Associazione &#8220;Attendiamoci&#8221;"}]},{"@type":"WebSite","@id":"https:\/\/progettotouring.it\/radiotouring104\/#website","url":"https:\/\/progettotouring.it\/radiotouring104\/","name":"Radio Touring 104","description":"La prima radio Reggina","publisher":{"@id":"https:\/\/progettotouring.it\/radiotouring104\/#organization"},"potentialAction":[{"@type":"SearchAction","target":{"@type":"EntryPoint","urlTemplate":"https:\/\/progettotouring.it\/radiotouring104\/?s={search_term_string}"},"query-input":{"@type":"PropertyValueSpecification","valueRequired":true,"valueName":"search_term_string"}}],"inLanguage":"it-IT"},{"@type":"Organization","@id":"https:\/\/progettotouring.it\/radiotouring104\/#organization","name":"Radio Touring 104","url":"https:\/\/progettotouring.it\/radiotouring104\/","logo":{"@type":"ImageObject","inLanguage":"it-IT","@id":"https:\/\/progettotouring.it\/radiotouring104\/#\/schema\/logo\/image\/","url":"https:\/\/progettotouring.it\/radiotouring104\/wp-content\/uploads\/sites\/6\/2022\/02\/cropped-logo-radio-touring-104.png","contentUrl":"https:\/\/progettotouring.it\/radiotouring104\/wp-content\/uploads\/sites\/6\/2022\/02\/cropped-logo-radio-touring-104.png","width":377,"height":182,"caption":"Radio Touring 104"},"image":{"@id":"https:\/\/progettotouring.it\/radiotouring104\/#\/schema\/logo\/image\/"}},{"@type":"Person","@id":"https:\/\/progettotouring.it\/radiotouring104\/#\/schema\/person\/78613917f1851f041f7483f5af1d422e","name":"Sebastiano Plutino","image":{"@type":"ImageObject","inLanguage":"it-IT","@id":"https:\/\/secure.gravatar.com\/avatar\/0546ffaa9b79224faf9f2a156b67a529ae861d3287c66c1d8ccfdf909bcba78d?s=96&d=mm&r=g","url":"https:\/\/secure.gravatar.com\/avatar\/0546ffaa9b79224faf9f2a156b67a529ae861d3287c66c1d8ccfdf909bcba78d?s=96&d=mm&r=g","contentUrl":"https:\/\/secure.gravatar.com\/avatar\/0546ffaa9b79224faf9f2a156b67a529ae861d3287c66c1d8ccfdf909bcba78d?s=96&d=mm&r=g","caption":"Sebastiano Plutino"},"url":"https:\/\/progettotouring.it\/radiotouring104\/author\/sebastiano\/"}]}},"jetpack_publicize_connections":[],"jetpack_featured_media_url":"https:\/\/progettotouring.it\/radiotouring104\/wp-content\/uploads\/sites\/6\/2024\/05\/Vaccaro-Attendiamoci-scaled.jpg","jetpack_sharing_enabled":true,"_links":{"self":[{"href":"https:\/\/progettotouring.it\/radiotouring104\/wp-json\/wp\/v2\/posts\/50688","targetHints":{"allow":["GET"]}}],"collection":[{"href":"https:\/\/progettotouring.it\/radiotouring104\/wp-json\/wp\/v2\/posts"}],"about":[{"href":"https:\/\/progettotouring.it\/radiotouring104\/wp-json\/wp\/v2\/types\/post"}],"author":[{"embeddable":true,"href":"https:\/\/progettotouring.it\/radiotouring104\/wp-json\/wp\/v2\/users\/12"}],"replies":[{"embeddable":true,"href":"https:\/\/progettotouring.it\/radiotouring104\/wp-json\/wp\/v2\/comments?post=50688"}],"version-history":[{"count":2,"href":"https:\/\/progettotouring.it\/radiotouring104\/wp-json\/wp\/v2\/posts\/50688\/revisions"}],"predecessor-version":[{"id":50691,"href":"https:\/\/progettotouring.it\/radiotouring104\/wp-json\/wp\/v2\/posts\/50688\/revisions\/50691"}],"wp:featuredmedia":[{"embeddable":true,"href":"https:\/\/progettotouring.it\/radiotouring104\/wp-json\/wp\/v2\/media\/50689"}],"wp:attachment":[{"href":"https:\/\/progettotouring.it\/radiotouring104\/wp-json\/wp\/v2\/media?parent=50688"}],"wp:term":[{"taxonomy":"category","embeddable":true,"href":"https:\/\/progettotouring.it\/radiotouring104\/wp-json\/wp\/v2\/categories?post=50688"},{"taxonomy":"post_tag","embeddable":true,"href":"https:\/\/progettotouring.it\/radiotouring104\/wp-json\/wp\/v2\/tags?post=50688"}],"curies":[{"name":"wp","href":"https:\/\/api.w.org\/{rel}","templated":true}]}}