{"id":50692,"date":"2024-05-03T12:21:43","date_gmt":"2024-05-03T10:21:43","guid":{"rendered":"https:\/\/progettotouring.it\/radiotouring104\/?p=50692"},"modified":"2024-05-03T12:21:43","modified_gmt":"2024-05-03T10:21:43","slug":"mynergy-pres-lagana-a-salerno-con-voglia-di-riscatto-e-di-vincere-non-molliamo","status":"publish","type":"post","link":"https:\/\/progettotouring.it\/radiotouring104\/2024\/05\/03\/mynergy-pres-lagana-a-salerno-con-voglia-di-riscatto-e-di-vincere-non-molliamo\/","title":{"rendered":"Mynergy, pres. Lagan\u00e0: &#8220;A Salerno con voglia di riscatto e di vincere. Non molliamo\u201d"},"content":{"rendered":"<p style=\"text-align: justify\"><strong>Il Presidente della Myenergy, Carmelo Lagan\u00e0 \u00e8 stato ospite<\/strong> all\u2019interno del format televisivo \u201cMomenti neroarancio\u201d,<strong> in onda sulla Tv ufficiale del club reggino<\/strong><em> \u201cVideoTouring\u201d.<\/em><\/p>\n<p style=\"text-align: justify\">\n<strong>Ecco qualche estratto dalle sue dichiarazioni in vista dell\u2019imminente inizio del PlayOff.<\/strong><\/p>\n<p style=\"text-align: justify\"><em>\u201cLa nostra \u00e8 una squadra di giovani.<\/em><br \/>\n<em>E\u2019 animata da grande entusiasmo e guidata dalla capacit\u00e0, non di poco conto, da parte del Coach Cigarini.<\/em><br \/>\n<em>La squadra porter\u00e0 a Salerno tutta la voglia, l\u2019energia e la rabbia di riscattarsi dopo la gara di campionato in Campania.<\/em><br \/>\n<em>Andiamo al PlayOff non per fare la comparsa.<\/em><br \/>\n<em>Loro ci credono, noi idem\u201d.<\/em><\/p>\n<p style=\"text-align: justify\"><strong>Un bilancio da inizio anno ad oggi?<\/strong><\/p>\n<p style=\"text-align: justify\"><em>\u201cIn estate quando abbiamo costruito la squadra l\u2019obiettivo era quello: riportare entusiasmo.<\/em><br \/>\n<em>Abbiamo programmato un anno di transizione.<\/em><br \/>\n<em>E\u2019 stato il frutto della stagione presentente, ammirando le avversarie ed i giovani visti in campo da avversari.<\/em><br \/>\n<em>Quello che hanno prodotto, era quello che mi aspettavo.<\/em><br \/>\n<em>Io credo che, occorre ammettere anche i propri errori. Oggi ci godiamo le scelte. L\u2019anno scorso, abbiamo commesso degli errori di presunzione, quest\u2019anno la scelta felice di scegliere giocatori adatti per la stagione\u201d.<\/em><\/p>\n<p style=\"text-align: justify\"><strong>Il Pianeta Viola?<\/strong><\/p>\n<p style=\"text-align: justify\"><em>\u201cIo credo che anche le Istituzioni saranno favorevoli al nostro ritorno.<\/em><br \/>\n<em>Sono passati cinque anni da quando abbiamo fatto la richiesta.<\/em><br \/>\n<em>Credo che noi, a settembre, ottobre, saremo l\u00ec\u201d.<\/em><\/p>\n<p style=\"text-align: justify\"><strong>I giovani?<\/strong><\/p>\n<p style=\"text-align: justify\"><em>\u201cHa detto bene il Gm Vita. La costruzione di un settore giovanile importante \u00e8 basilare\u201d.<\/em><\/p>\n<p style=\"text-align: justify\"><strong>Gli sponsor?<\/strong><\/p>\n<p style=\"text-align: justify\"><em>\u201cL\u2019andamento \u00e8 andato oltre le previsioni. Myenergy \u00e8 lo sponsor della Viola: ha dato l\u2019energia importante, quell\u2019importanza valente per il presente ed il futuro.<\/em><br \/>\n<em>Dobbiamo penetrare nel tessuto cittadino: sono sicuro che saranno con noi, anche altre realt\u00e0 importanti del tessuto cittadino.<\/em><br \/>\n<em>Myenergy \u00e8 pi\u00f9 importante di quanto sembra: abbiamo dei rapporti solidi, non \u00e8 un semplice sponsor, \u00e8 il traino per tanti altri sponsor in arrivo\u201d.<\/em><\/p>\n<p style=\"text-align: justify\"><strong>La sosta in campionato ?<\/strong><\/p>\n<p style=\"text-align: justify\"><em>\u201cAvrei preferito giocare subito ma se parliamo con chi gioca e scende in campo \u00e8 importante ricaricare le \u201cpile\u201d.<\/em><br \/>\n<em>Ho accettato il \u201cdisastro\u201d dell\u2019anno scorso, del girone con le squadre del Nord senza trovare appoggio valido da parte degli altri Presidenti se non qualcuno di loro, quindi la sosta non rappresenta un problema cos\u00ec grosso\u201d.<\/em><\/p>\n<p style=\"text-align: justify\"><strong>Il ragazzo che ha stupito di pi\u00f9?<\/strong><\/p>\n<p style=\"text-align: justify\"><em>\u201cNe dico due: Simonetti ed Aguzzoli.<\/em><br \/>\n<em>Aguzzoli lo avevo voluto fortemente ma ha fatto una crescita importante, da vero trascinatore.<\/em><br \/>\n<em>Simonetti \u00e8 la rivelazione assoluta.<\/em><br \/>\n<em>Russo si rifar\u00e0, ha voglia di lavorare, \u00e8 un ragazzo reggino e crediamo molto in lui anche per questo finale di stagione\u201d.<\/em><\/p>\n<p style=\"text-align: justify\"><strong>La societ\u00e0?<\/strong><\/p>\n<p style=\"text-align: justify\"><em>\u201cSiamo cresciuti insieme.<\/em><br \/>\n<em>Abbiamo dato tutti il massimo, partendo da squadra di \u201ctifosi\u201d che non voleva fare finire nel limbo la Viola.<\/em><br \/>\n<em>Ringrazio i soci, ringrazio chi opera giornalmente.<\/em><br \/>\n<em>Sarebbe riduttivo e non posso nominarli tutti.<\/em><br \/>\n<em>Il ringraziamento pi\u00f9 grande va ai tifosi che ci hanno supportato anche nei momenti difficili.<\/em><br \/>\n<em>Lavoriamo per il presente e per il futuro, senza pensare ai fasti andati: vogliamo penetrare la citt\u00e0, far venire la gente al Palacalafiore, e ci avviamo al sesto anno di questa nuova societ\u00e0 che \u00e8 qui, ci mette la faccia ed ha voglia di crescere ulteriormente\u201d.<\/em><\/p>\n<p style=\"text-align: justify\"><strong>Il futuro?<\/strong><\/p>\n<p style=\"text-align: justify\"><em>\u201cLa squadra ci sar\u00e0 e sar\u00e0 sempre pi\u00f9 forte.\u2028Aspetto tutta la gente al PalaCalafiore domenica che verr\u00e0 per gara due.<\/em><br \/>\n<em>Noi ce la metteremo tutta, ma, i tifosi possono e devono sostenerci per fare ancora meglio\u201d.<\/em><\/p>\n","protected":false},"excerpt":{"rendered":"<p>Il Presidente della Myenergy, Carmelo Lagan\u00e0 \u00e8 stato ospite all\u2019interno del format televisivo \u201cMomenti neroarancio\u201d, in onda sulla Tv ufficiale del club reggino \u201cVideoTouring\u201d. Ecco qualche estratto dalle sue dichiarazioni&hellip;<\/p>\n","protected":false},"author":12,"featured_media":50693,"comment_status":"closed","ping_status":"open","sticky":false,"template":"","format":"standard","meta":{"_jetpack_memberships_contains_paid_content":false,"footnotes":"","jetpack_publicize_message":"","jetpack_publicize_feature_enabled":true,"jetpack_social_post_already_shared":false,"jetpack_social_options":{"image_generator_settings":{"template":"highway","default_image_id":0,"font":"","enabled":false},"version":2}},"categories":[196,140,144],"tags":[30576,5548,29884,1583,31079],"class_list":["post-50692","post","type-post","status-publish","format-standard","has-post-thumbnail","hentry","category-news","category-reggio-calabria","category-sport","tag-ldr-power-basket-salerno","tag-carmelo-lagana","tag-mynergy","tag-videotouring","tag-voglia-di-vincere"],"yoast_head":"<!-- This site is optimized with the Yoast SEO plugin v27.2 - https:\/\/yoast.com\/product\/yoast-seo-wordpress\/ -->\n<title>Mynergy, pres. Lagan\u00e0: &quot;A Salerno con voglia di vincere&quot;<\/title>\n<meta name=\"description\" content=\"Il Presidente Lagan\u00e0 ospite del format televisivo \u201cMomenti neroarancio\u201d, in onda sulla Tv ufficiale del club reggino \u201cVideoTouring\u201d.\" \/>\n<meta name=\"robots\" content=\"index, follow, max-snippet:-1, max-image-preview:large, max-video-preview:-1\" \/>\n<link rel=\"canonical\" href=\"https:\/\/progettotouring.it\/radiotouring104\/2024\/05\/03\/mynergy-pres-lagana-a-salerno-con-voglia-di-riscatto-e-di-vincere-non-molliamo\/\" \/>\n<meta property=\"og:locale\" content=\"it_IT\" \/>\n<meta property=\"og:type\" content=\"article\" \/>\n<meta property=\"og:title\" content=\"Mynergy, pres. Lagan\u00e0: &quot;A Salerno con voglia di vincere&quot;\" \/>\n<meta property=\"og:description\" content=\"Il Presidente Lagan\u00e0 ospite del format televisivo \u201cMomenti neroarancio\u201d, in onda sulla Tv ufficiale del club reggino \u201cVideoTouring\u201d.\" \/>\n<meta property=\"og:url\" content=\"https:\/\/progettotouring.it\/radiotouring104\/2024\/05\/03\/mynergy-pres-lagana-a-salerno-con-voglia-di-riscatto-e-di-vincere-non-molliamo\/\" \/>\n<meta property=\"og:site_name\" content=\"Radio Touring 104\" \/>\n<meta property=\"article:published_time\" content=\"2024-05-03T10:21:43+00:00\" \/>\n<meta property=\"og:image\" content=\"https:\/\/progettotouring.it\/radiotouring104\/wp-content\/uploads\/sites\/6\/2024\/05\/Carmelo-Lagana-Mynergy.jpg\" \/>\n\t<meta property=\"og:image:width\" content=\"200\" \/>\n\t<meta property=\"og:image:height\" content=\"300\" \/>\n\t<meta property=\"og:image:type\" content=\"image\/jpeg\" \/>\n<meta name=\"author\" content=\"Sebastiano Plutino\" \/>\n<meta name=\"twitter:card\" content=\"summary_large_image\" \/>\n<meta name=\"twitter:label1\" content=\"Scritto da\" \/>\n\t<meta name=\"twitter:data1\" content=\"Sebastiano Plutino\" \/>\n\t<meta name=\"twitter:label2\" content=\"Tempo di lettura stimato\" \/>\n\t<meta name=\"twitter:data2\" content=\"3 minuti\" \/>\n<script type=\"application\/ld+json\" class=\"yoast-schema-graph\">{\"@context\":\"https:\/\/schema.org\",\"@graph\":[{\"@type\":\"Article\",\"@id\":\"https:\/\/progettotouring.it\/radiotouring104\/2024\/05\/03\/mynergy-pres-lagana-a-salerno-con-voglia-di-riscatto-e-di-vincere-non-molliamo\/#article\",\"isPartOf\":{\"@id\":\"https:\/\/progettotouring.it\/radiotouring104\/2024\/05\/03\/mynergy-pres-lagana-a-salerno-con-voglia-di-riscatto-e-di-vincere-non-molliamo\/\"},\"author\":{\"name\":\"Sebastiano Plutino\",\"@id\":\"https:\/\/progettotouring.it\/radiotouring104\/#\/schema\/person\/78613917f1851f041f7483f5af1d422e\"},\"headline\":\"Mynergy, pres. Lagan\u00e0: &#8220;A Salerno con voglia di riscatto e di vincere. Non molliamo\u201d\",\"datePublished\":\"2024-05-03T10:21:43+00:00\",\"mainEntityOfPage\":{\"@id\":\"https:\/\/progettotouring.it\/radiotouring104\/2024\/05\/03\/mynergy-pres-lagana-a-salerno-con-voglia-di-riscatto-e-di-vincere-non-molliamo\/\"},\"wordCount\":561,\"publisher\":{\"@id\":\"https:\/\/progettotouring.it\/radiotouring104\/#organization\"},\"image\":{\"@id\":\"https:\/\/progettotouring.it\/radiotouring104\/2024\/05\/03\/mynergy-pres-lagana-a-salerno-con-voglia-di-riscatto-e-di-vincere-non-molliamo\/#primaryimage\"},\"thumbnailUrl\":\"https:\/\/progettotouring.it\/radiotouring104\/wp-content\/uploads\/sites\/6\/2024\/05\/Carmelo-Lagana-Mynergy.jpg\",\"keywords\":[\"-Ldr Power Basket Salerno\",\"Carmelo Lagan\u00e0\",\"Mynergy\",\"videotouring\",\"voglia di vincere\"],\"articleSection\":[\"News\",\"Reggio Calabria\",\"Sport\"],\"inLanguage\":\"it-IT\"},{\"@type\":\"WebPage\",\"@id\":\"https:\/\/progettotouring.it\/radiotouring104\/2024\/05\/03\/mynergy-pres-lagana-a-salerno-con-voglia-di-riscatto-e-di-vincere-non-molliamo\/\",\"url\":\"https:\/\/progettotouring.it\/radiotouring104\/2024\/05\/03\/mynergy-pres-lagana-a-salerno-con-voglia-di-riscatto-e-di-vincere-non-molliamo\/\",\"name\":\"Mynergy, pres. Lagan\u00e0: \\\"A Salerno con voglia di vincere\\\"\",\"isPartOf\":{\"@id\":\"https:\/\/progettotouring.it\/radiotouring104\/#website\"},\"primaryImageOfPage\":{\"@id\":\"https:\/\/progettotouring.it\/radiotouring104\/2024\/05\/03\/mynergy-pres-lagana-a-salerno-con-voglia-di-riscatto-e-di-vincere-non-molliamo\/#primaryimage\"},\"image\":{\"@id\":\"https:\/\/progettotouring.it\/radiotouring104\/2024\/05\/03\/mynergy-pres-lagana-a-salerno-con-voglia-di-riscatto-e-di-vincere-non-molliamo\/#primaryimage\"},\"thumbnailUrl\":\"https:\/\/progettotouring.it\/radiotouring104\/wp-content\/uploads\/sites\/6\/2024\/05\/Carmelo-Lagana-Mynergy.jpg\",\"datePublished\":\"2024-05-03T10:21:43+00:00\",\"description\":\"Il Presidente Lagan\u00e0 ospite del format televisivo \u201cMomenti neroarancio\u201d, in onda sulla Tv ufficiale del club reggino \u201cVideoTouring\u201d.\",\"breadcrumb\":{\"@id\":\"https:\/\/progettotouring.it\/radiotouring104\/2024\/05\/03\/mynergy-pres-lagana-a-salerno-con-voglia-di-riscatto-e-di-vincere-non-molliamo\/#breadcrumb\"},\"inLanguage\":\"it-IT\",\"potentialAction\":[{\"@type\":\"ReadAction\",\"target\":[\"https:\/\/progettotouring.it\/radiotouring104\/2024\/05\/03\/mynergy-pres-lagana-a-salerno-con-voglia-di-riscatto-e-di-vincere-non-molliamo\/\"]}]},{\"@type\":\"ImageObject\",\"inLanguage\":\"it-IT\",\"@id\":\"https:\/\/progettotouring.it\/radiotouring104\/2024\/05\/03\/mynergy-pres-lagana-a-salerno-con-voglia-di-riscatto-e-di-vincere-non-molliamo\/#primaryimage\",\"url\":\"https:\/\/progettotouring.it\/radiotouring104\/wp-content\/uploads\/sites\/6\/2024\/05\/Carmelo-Lagana-Mynergy.jpg\",\"contentUrl\":\"https:\/\/progettotouring.it\/radiotouring104\/wp-content\/uploads\/sites\/6\/2024\/05\/Carmelo-Lagana-Mynergy.jpg\",\"width\":200,\"height\":300},{\"@type\":\"BreadcrumbList\",\"@id\":\"https:\/\/progettotouring.it\/radiotouring104\/2024\/05\/03\/mynergy-pres-lagana-a-salerno-con-voglia-di-riscatto-e-di-vincere-non-molliamo\/#breadcrumb\",\"itemListElement\":[{\"@type\":\"ListItem\",\"position\":1,\"name\":\"Home\",\"item\":\"https:\/\/progettotouring.it\/radiotouring104\/\"},{\"@type\":\"ListItem\",\"position\":2,\"name\":\"Mynergy, pres. Lagan\u00e0: &#8220;A Salerno con voglia di riscatto e di vincere. Non molliamo\u201d\"}]},{\"@type\":\"WebSite\",\"@id\":\"https:\/\/progettotouring.it\/radiotouring104\/#website\",\"url\":\"https:\/\/progettotouring.it\/radiotouring104\/\",\"name\":\"Radio Touring 104\",\"description\":\"La prima radio Reggina\",\"publisher\":{\"@id\":\"https:\/\/progettotouring.it\/radiotouring104\/#organization\"},\"potentialAction\":[{\"@type\":\"SearchAction\",\"target\":{\"@type\":\"EntryPoint\",\"urlTemplate\":\"https:\/\/progettotouring.it\/radiotouring104\/?s={search_term_string}\"},\"query-input\":{\"@type\":\"PropertyValueSpecification\",\"valueRequired\":true,\"valueName\":\"search_term_string\"}}],\"inLanguage\":\"it-IT\"},{\"@type\":\"Organization\",\"@id\":\"https:\/\/progettotouring.it\/radiotouring104\/#organization\",\"name\":\"Radio Touring 104\",\"url\":\"https:\/\/progettotouring.it\/radiotouring104\/\",\"logo\":{\"@type\":\"ImageObject\",\"inLanguage\":\"it-IT\",\"@id\":\"https:\/\/progettotouring.it\/radiotouring104\/#\/schema\/logo\/image\/\",\"url\":\"https:\/\/progettotouring.it\/radiotouring104\/wp-content\/uploads\/sites\/6\/2022\/02\/cropped-logo-radio-touring-104.png\",\"contentUrl\":\"https:\/\/progettotouring.it\/radiotouring104\/wp-content\/uploads\/sites\/6\/2022\/02\/cropped-logo-radio-touring-104.png\",\"width\":377,\"height\":182,\"caption\":\"Radio Touring 104\"},\"image\":{\"@id\":\"https:\/\/progettotouring.it\/radiotouring104\/#\/schema\/logo\/image\/\"}},{\"@type\":\"Person\",\"@id\":\"https:\/\/progettotouring.it\/radiotouring104\/#\/schema\/person\/78613917f1851f041f7483f5af1d422e\",\"name\":\"Sebastiano Plutino\",\"image\":{\"@type\":\"ImageObject\",\"inLanguage\":\"it-IT\",\"@id\":\"https:\/\/secure.gravatar.com\/avatar\/0546ffaa9b79224faf9f2a156b67a529ae861d3287c66c1d8ccfdf909bcba78d?s=96&d=mm&r=g\",\"url\":\"https:\/\/secure.gravatar.com\/avatar\/0546ffaa9b79224faf9f2a156b67a529ae861d3287c66c1d8ccfdf909bcba78d?s=96&d=mm&r=g\",\"contentUrl\":\"https:\/\/secure.gravatar.com\/avatar\/0546ffaa9b79224faf9f2a156b67a529ae861d3287c66c1d8ccfdf909bcba78d?s=96&d=mm&r=g\",\"caption\":\"Sebastiano Plutino\"},\"url\":\"https:\/\/progettotouring.it\/radiotouring104\/author\/sebastiano\/\"}]}<\/script>\n<!-- \/ Yoast SEO plugin. -->","yoast_head_json":{"title":"Mynergy, pres. Lagan\u00e0: \"A Salerno con voglia di vincere\"","description":"Il Presidente Lagan\u00e0 ospite del format televisivo \u201cMomenti neroarancio\u201d, in onda sulla Tv ufficiale del club reggino \u201cVideoTouring\u201d.","robots":{"index":"index","follow":"follow","max-snippet":"max-snippet:-1","max-image-preview":"max-image-preview:large","max-video-preview":"max-video-preview:-1"},"canonical":"https:\/\/progettotouring.it\/radiotouring104\/2024\/05\/03\/mynergy-pres-lagana-a-salerno-con-voglia-di-riscatto-e-di-vincere-non-molliamo\/","og_locale":"it_IT","og_type":"article","og_title":"Mynergy, pres. Lagan\u00e0: \"A Salerno con voglia di vincere\"","og_description":"Il Presidente Lagan\u00e0 ospite del format televisivo \u201cMomenti neroarancio\u201d, in onda sulla Tv ufficiale del club reggino \u201cVideoTouring\u201d.","og_url":"https:\/\/progettotouring.it\/radiotouring104\/2024\/05\/03\/mynergy-pres-lagana-a-salerno-con-voglia-di-riscatto-e-di-vincere-non-molliamo\/","og_site_name":"Radio Touring 104","article_published_time":"2024-05-03T10:21:43+00:00","og_image":[{"width":200,"height":300,"url":"https:\/\/progettotouring.it\/radiotouring104\/wp-content\/uploads\/sites\/6\/2024\/05\/Carmelo-Lagana-Mynergy.jpg","type":"image\/jpeg"}],"author":"Sebastiano Plutino","twitter_card":"summary_large_image","twitter_misc":{"Scritto da":"Sebastiano Plutino","Tempo di lettura stimato":"3 minuti"},"schema":{"@context":"https:\/\/schema.org","@graph":[{"@type":"Article","@id":"https:\/\/progettotouring.it\/radiotouring104\/2024\/05\/03\/mynergy-pres-lagana-a-salerno-con-voglia-di-riscatto-e-di-vincere-non-molliamo\/#article","isPartOf":{"@id":"https:\/\/progettotouring.it\/radiotouring104\/2024\/05\/03\/mynergy-pres-lagana-a-salerno-con-voglia-di-riscatto-e-di-vincere-non-molliamo\/"},"author":{"name":"Sebastiano Plutino","@id":"https:\/\/progettotouring.it\/radiotouring104\/#\/schema\/person\/78613917f1851f041f7483f5af1d422e"},"headline":"Mynergy, pres. Lagan\u00e0: &#8220;A Salerno con voglia di riscatto e di vincere. Non molliamo\u201d","datePublished":"2024-05-03T10:21:43+00:00","mainEntityOfPage":{"@id":"https:\/\/progettotouring.it\/radiotouring104\/2024\/05\/03\/mynergy-pres-lagana-a-salerno-con-voglia-di-riscatto-e-di-vincere-non-molliamo\/"},"wordCount":561,"publisher":{"@id":"https:\/\/progettotouring.it\/radiotouring104\/#organization"},"image":{"@id":"https:\/\/progettotouring.it\/radiotouring104\/2024\/05\/03\/mynergy-pres-lagana-a-salerno-con-voglia-di-riscatto-e-di-vincere-non-molliamo\/#primaryimage"},"thumbnailUrl":"https:\/\/progettotouring.it\/radiotouring104\/wp-content\/uploads\/sites\/6\/2024\/05\/Carmelo-Lagana-Mynergy.jpg","keywords":["-Ldr Power Basket Salerno","Carmelo Lagan\u00e0","Mynergy","videotouring","voglia di vincere"],"articleSection":["News","Reggio Calabria","Sport"],"inLanguage":"it-IT"},{"@type":"WebPage","@id":"https:\/\/progettotouring.it\/radiotouring104\/2024\/05\/03\/mynergy-pres-lagana-a-salerno-con-voglia-di-riscatto-e-di-vincere-non-molliamo\/","url":"https:\/\/progettotouring.it\/radiotouring104\/2024\/05\/03\/mynergy-pres-lagana-a-salerno-con-voglia-di-riscatto-e-di-vincere-non-molliamo\/","name":"Mynergy, pres. Lagan\u00e0: \"A Salerno con voglia di vincere\"","isPartOf":{"@id":"https:\/\/progettotouring.it\/radiotouring104\/#website"},"primaryImageOfPage":{"@id":"https:\/\/progettotouring.it\/radiotouring104\/2024\/05\/03\/mynergy-pres-lagana-a-salerno-con-voglia-di-riscatto-e-di-vincere-non-molliamo\/#primaryimage"},"image":{"@id":"https:\/\/progettotouring.it\/radiotouring104\/2024\/05\/03\/mynergy-pres-lagana-a-salerno-con-voglia-di-riscatto-e-di-vincere-non-molliamo\/#primaryimage"},"thumbnailUrl":"https:\/\/progettotouring.it\/radiotouring104\/wp-content\/uploads\/sites\/6\/2024\/05\/Carmelo-Lagana-Mynergy.jpg","datePublished":"2024-05-03T10:21:43+00:00","description":"Il Presidente Lagan\u00e0 ospite del format televisivo \u201cMomenti neroarancio\u201d, in onda sulla Tv ufficiale del club reggino \u201cVideoTouring\u201d.","breadcrumb":{"@id":"https:\/\/progettotouring.it\/radiotouring104\/2024\/05\/03\/mynergy-pres-lagana-a-salerno-con-voglia-di-riscatto-e-di-vincere-non-molliamo\/#breadcrumb"},"inLanguage":"it-IT","potentialAction":[{"@type":"ReadAction","target":["https:\/\/progettotouring.it\/radiotouring104\/2024\/05\/03\/mynergy-pres-lagana-a-salerno-con-voglia-di-riscatto-e-di-vincere-non-molliamo\/"]}]},{"@type":"ImageObject","inLanguage":"it-IT","@id":"https:\/\/progettotouring.it\/radiotouring104\/2024\/05\/03\/mynergy-pres-lagana-a-salerno-con-voglia-di-riscatto-e-di-vincere-non-molliamo\/#primaryimage","url":"https:\/\/progettotouring.it\/radiotouring104\/wp-content\/uploads\/sites\/6\/2024\/05\/Carmelo-Lagana-Mynergy.jpg","contentUrl":"https:\/\/progettotouring.it\/radiotouring104\/wp-content\/uploads\/sites\/6\/2024\/05\/Carmelo-Lagana-Mynergy.jpg","width":200,"height":300},{"@type":"BreadcrumbList","@id":"https:\/\/progettotouring.it\/radiotouring104\/2024\/05\/03\/mynergy-pres-lagana-a-salerno-con-voglia-di-riscatto-e-di-vincere-non-molliamo\/#breadcrumb","itemListElement":[{"@type":"ListItem","position":1,"name":"Home","item":"https:\/\/progettotouring.it\/radiotouring104\/"},{"@type":"ListItem","position":2,"name":"Mynergy, pres. Lagan\u00e0: &#8220;A Salerno con voglia di riscatto e di vincere. Non molliamo\u201d"}]},{"@type":"WebSite","@id":"https:\/\/progettotouring.it\/radiotouring104\/#website","url":"https:\/\/progettotouring.it\/radiotouring104\/","name":"Radio Touring 104","description":"La prima radio Reggina","publisher":{"@id":"https:\/\/progettotouring.it\/radiotouring104\/#organization"},"potentialAction":[{"@type":"SearchAction","target":{"@type":"EntryPoint","urlTemplate":"https:\/\/progettotouring.it\/radiotouring104\/?s={search_term_string}"},"query-input":{"@type":"PropertyValueSpecification","valueRequired":true,"valueName":"search_term_string"}}],"inLanguage":"it-IT"},{"@type":"Organization","@id":"https:\/\/progettotouring.it\/radiotouring104\/#organization","name":"Radio Touring 104","url":"https:\/\/progettotouring.it\/radiotouring104\/","logo":{"@type":"ImageObject","inLanguage":"it-IT","@id":"https:\/\/progettotouring.it\/radiotouring104\/#\/schema\/logo\/image\/","url":"https:\/\/progettotouring.it\/radiotouring104\/wp-content\/uploads\/sites\/6\/2022\/02\/cropped-logo-radio-touring-104.png","contentUrl":"https:\/\/progettotouring.it\/radiotouring104\/wp-content\/uploads\/sites\/6\/2022\/02\/cropped-logo-radio-touring-104.png","width":377,"height":182,"caption":"Radio Touring 104"},"image":{"@id":"https:\/\/progettotouring.it\/radiotouring104\/#\/schema\/logo\/image\/"}},{"@type":"Person","@id":"https:\/\/progettotouring.it\/radiotouring104\/#\/schema\/person\/78613917f1851f041f7483f5af1d422e","name":"Sebastiano Plutino","image":{"@type":"ImageObject","inLanguage":"it-IT","@id":"https:\/\/secure.gravatar.com\/avatar\/0546ffaa9b79224faf9f2a156b67a529ae861d3287c66c1d8ccfdf909bcba78d?s=96&d=mm&r=g","url":"https:\/\/secure.gravatar.com\/avatar\/0546ffaa9b79224faf9f2a156b67a529ae861d3287c66c1d8ccfdf909bcba78d?s=96&d=mm&r=g","contentUrl":"https:\/\/secure.gravatar.com\/avatar\/0546ffaa9b79224faf9f2a156b67a529ae861d3287c66c1d8ccfdf909bcba78d?s=96&d=mm&r=g","caption":"Sebastiano Plutino"},"url":"https:\/\/progettotouring.it\/radiotouring104\/author\/sebastiano\/"}]}},"jetpack_publicize_connections":[],"jetpack_featured_media_url":"https:\/\/progettotouring.it\/radiotouring104\/wp-content\/uploads\/sites\/6\/2024\/05\/Carmelo-Lagana-Mynergy.jpg","jetpack_sharing_enabled":true,"_links":{"self":[{"href":"https:\/\/progettotouring.it\/radiotouring104\/wp-json\/wp\/v2\/posts\/50692","targetHints":{"allow":["GET"]}}],"collection":[{"href":"https:\/\/progettotouring.it\/radiotouring104\/wp-json\/wp\/v2\/posts"}],"about":[{"href":"https:\/\/progettotouring.it\/radiotouring104\/wp-json\/wp\/v2\/types\/post"}],"author":[{"embeddable":true,"href":"https:\/\/progettotouring.it\/radiotouring104\/wp-json\/wp\/v2\/users\/12"}],"replies":[{"embeddable":true,"href":"https:\/\/progettotouring.it\/radiotouring104\/wp-json\/wp\/v2\/comments?post=50692"}],"version-history":[{"count":1,"href":"https:\/\/progettotouring.it\/radiotouring104\/wp-json\/wp\/v2\/posts\/50692\/revisions"}],"predecessor-version":[{"id":50694,"href":"https:\/\/progettotouring.it\/radiotouring104\/wp-json\/wp\/v2\/posts\/50692\/revisions\/50694"}],"wp:featuredmedia":[{"embeddable":true,"href":"https:\/\/progettotouring.it\/radiotouring104\/wp-json\/wp\/v2\/media\/50693"}],"wp:attachment":[{"href":"https:\/\/progettotouring.it\/radiotouring104\/wp-json\/wp\/v2\/media?parent=50692"}],"wp:term":[{"taxonomy":"category","embeddable":true,"href":"https:\/\/progettotouring.it\/radiotouring104\/wp-json\/wp\/v2\/categories?post=50692"},{"taxonomy":"post_tag","embeddable":true,"href":"https:\/\/progettotouring.it\/radiotouring104\/wp-json\/wp\/v2\/tags?post=50692"}],"curies":[{"name":"wp","href":"https:\/\/api.w.org\/{rel}","templated":true}]}}