{"id":50695,"date":"2024-05-03T12:28:52","date_gmt":"2024-05-03T10:28:52","guid":{"rendered":"https:\/\/progettotouring.it\/radiotouring104\/?p=50695"},"modified":"2024-05-03T12:28:52","modified_gmt":"2024-05-03T10:28:52","slug":"polistena-anche-la-cisl-rc-partecipera-alliniziativa-di-domani-a-difesa-dellospedale","status":"publish","type":"post","link":"https:\/\/progettotouring.it\/radiotouring104\/2024\/05\/03\/polistena-anche-la-cisl-rc-partecipera-alliniziativa-di-domani-a-difesa-dellospedale\/","title":{"rendered":"Polistena: anche la Cisl Rc parteciper\u00e0 all&#8217;iniziativa di domani a difesa dell&#8217;Ospedale"},"content":{"rendered":"<p style=\"text-align: justify\">Come<strong> Cisl, Citt\u00e0 Metropolitana di Reggio Calabria, aderiamo all\u2019iniziativa programmata dalla comunit\u00e0 di Polistena a sostegno della sempre pi\u00f9 complessa vertenza<\/strong> \u201csanit\u00e0 del territorio\u201d <strong>di sabato 4 maggio 2024.<\/strong><\/p>\n<p style=\"text-align: justify\">\u00a0Siamo, non per una politica di soppressione di strutture e servizi, ma per una vera azione integrativa di attivit\u00e0 mediche sanitarie di prossimit\u00e0, ragionata in una visione innovativa e di radicale ripensamento di funzioni, discipline mediche e servizi ospedalieri utili ad una comunit\u00e0 vasta, come la piana di Gioia Tauro,\u00a0 alle prese con un crescente invecchiamento che necessita di particolare cure, mediante un pi\u00f9 incisivo impiego della spesa pubblica per rispondere ai bisogni collettivi.<\/p>\n<p style=\"text-align: justify\">\u00a0Non si pu\u00f2 non avere o non\u00a0 realizzare strutture ospedaliere di adeguato livello, moderne, attrezzate, rispondenti alle esigenze della gente del\u00a0 territorio, costretta alle conseguenze di una sanit\u00e0 lenta nelle decisioni e con\u00a0 un\u2019inclinazione prevalentemente dello scarto e del depotenziamento dei servizi ospedalieri e sanitari esistenti.<\/p>\n<p style=\"text-align: justify\">\u00a0Il nuovo ospedale della piana, gi\u00e0 finanziato e speriamo di prossima costruzione, deve avere simili requisiti, proprio per sopperire alle odierne carenze, senza porsi come struttura sostitutiva all\u2019attuale realt\u00e0 ospedaliera presente sul territorio.<\/p>\n<p style=\"text-align: justify\">Di buon auspicio sono le recenti correzioni alla rete ospedaliera approvata lo scorso 26 marzo, con l\u2019inserimento di note a garanzia della permanenza dei presidi esistenti di Polistena, Oppido Mamertina, Gioia Tauro, passi importanti ma non sufficienti verso la riorganizzazione.<\/p>\n<p style=\"text-align: justify\">Da sempre, noi , rivendichiamo una sanit\u00e0 pubblica capace di fronteggiare i numerosi bisogni di cura della gente, con pi\u00f9 posti letto e meno attesa, oggi, il pi\u00f9 delle volte, costretta a quella emigrazione sanitaria, tra drammi e dolori, verso altre strutture del centro nord.<\/p>\n<p style=\"text-align: justify\">\u00a0Di certo non ha giovato il lungo periodo di commissariamento di tutta la nostra sanit\u00e0, svilente e mai determinato per una gestione chiara, giusta ed equilibrata, funzionale a una doverosa riorganizzazione intorno a quei punti qualificanti, indispensabili per offrire risposte di qualit\u00e0 agli ammalati, a partire dal soppresso 118, da riportare con estrema urgenza\u00a0 nell\u2019area di competenza della citt\u00e0 Metropolitana di Reggio Calabria.<\/p>\n","protected":false},"excerpt":{"rendered":"<p>Come Cisl, Citt\u00e0 Metropolitana di Reggio Calabria, aderiamo all\u2019iniziativa programmata dalla comunit\u00e0 di Polistena a sostegno della sempre pi\u00f9 complessa vertenza \u201csanit\u00e0 del territorio\u201d di sabato 4 maggio 2024. \u00a0Siamo,&hellip;<\/p>\n","protected":false},"author":12,"featured_media":30435,"comment_status":"closed","ping_status":"open","sticky":false,"template":"","format":"standard","meta":{"_jetpack_memberships_contains_paid_content":false,"footnotes":"","jetpack_publicize_message":"","jetpack_publicize_feature_enabled":true,"jetpack_social_post_already_shared":false,"jetpack_social_options":{"image_generator_settings":{"template":"highway","default_image_id":0,"font":"","enabled":false},"version":2}},"categories":[921,196,140],"tags":[28686,31081,31080,3511,16877],"class_list":["post-50695","post","type-post","status-publish","format-standard","has-post-thumbnail","hentry","category-home","category-news","category-reggio-calabria","tag-cisl-metropolitana-di-reggio-calabria","tag-diritto-costituzionale-alla-salute","tag-manifestazione-per-la-sanita","tag-ospedale-di-polistena","tag-romolo-piscioneri"],"yoast_head":"<!-- This site is optimized with the Yoast SEO plugin v27.2 - https:\/\/yoast.com\/product\/yoast-seo-wordpress\/ -->\n<title>Polistena: Cisl Rc parteciper\u00e0 all&#039;iniziativa per la sanit\u00e0 di domani<\/title>\n<meta name=\"description\" content=\"Cisl Rc aderisce all\u2019iniziativa a Polistena a sostegno della \u201csanit\u00e0 del territorio\u201d, di domani 4 maggio 2024\" \/>\n<meta name=\"robots\" content=\"index, follow, max-snippet:-1, max-image-preview:large, max-video-preview:-1\" \/>\n<link rel=\"canonical\" href=\"https:\/\/progettotouring.it\/radiotouring104\/2024\/05\/03\/polistena-anche-la-cisl-rc-partecipera-alliniziativa-di-domani-a-difesa-dellospedale\/\" \/>\n<meta property=\"og:locale\" content=\"it_IT\" \/>\n<meta property=\"og:type\" content=\"article\" \/>\n<meta property=\"og:title\" content=\"Polistena: Cisl Rc parteciper\u00e0 all&#039;iniziativa per la sanit\u00e0 di domani\" \/>\n<meta property=\"og:description\" content=\"Cisl Rc aderisce all\u2019iniziativa a Polistena a sostegno della \u201csanit\u00e0 del territorio\u201d, di domani 4 maggio 2024\" \/>\n<meta property=\"og:url\" content=\"https:\/\/progettotouring.it\/radiotouring104\/2024\/05\/03\/polistena-anche-la-cisl-rc-partecipera-alliniziativa-di-domani-a-difesa-dellospedale\/\" \/>\n<meta property=\"og:site_name\" content=\"Radio Touring 104\" \/>\n<meta property=\"article:published_time\" content=\"2024-05-03T10:28:52+00:00\" \/>\n<meta property=\"og:image\" content=\"https:\/\/progettotouring.it\/radiotouring104\/wp-content\/uploads\/sites\/6\/2023\/07\/CISL-REGGIO-CAL.jpg\" \/>\n\t<meta property=\"og:image:width\" content=\"1280\" \/>\n\t<meta property=\"og:image:height\" content=\"720\" \/>\n\t<meta property=\"og:image:type\" content=\"image\/jpeg\" \/>\n<meta name=\"author\" content=\"Sebastiano Plutino\" \/>\n<meta name=\"twitter:card\" content=\"summary_large_image\" \/>\n<meta name=\"twitter:label1\" content=\"Scritto da\" \/>\n\t<meta name=\"twitter:data1\" content=\"Sebastiano Plutino\" \/>\n\t<meta name=\"twitter:label2\" content=\"Tempo di lettura stimato\" \/>\n\t<meta name=\"twitter:data2\" content=\"2 minuti\" \/>\n<script type=\"application\/ld+json\" class=\"yoast-schema-graph\">{\"@context\":\"https:\/\/schema.org\",\"@graph\":[{\"@type\":\"Article\",\"@id\":\"https:\/\/progettotouring.it\/radiotouring104\/2024\/05\/03\/polistena-anche-la-cisl-rc-partecipera-alliniziativa-di-domani-a-difesa-dellospedale\/#article\",\"isPartOf\":{\"@id\":\"https:\/\/progettotouring.it\/radiotouring104\/2024\/05\/03\/polistena-anche-la-cisl-rc-partecipera-alliniziativa-di-domani-a-difesa-dellospedale\/\"},\"author\":{\"name\":\"Sebastiano Plutino\",\"@id\":\"https:\/\/progettotouring.it\/radiotouring104\/#\/schema\/person\/78613917f1851f041f7483f5af1d422e\"},\"headline\":\"Polistena: anche la Cisl Rc parteciper\u00e0 all&#8217;iniziativa di domani a difesa dell&#8217;Ospedale\",\"datePublished\":\"2024-05-03T10:28:52+00:00\",\"mainEntityOfPage\":{\"@id\":\"https:\/\/progettotouring.it\/radiotouring104\/2024\/05\/03\/polistena-anche-la-cisl-rc-partecipera-alliniziativa-di-domani-a-difesa-dellospedale\/\"},\"wordCount\":342,\"publisher\":{\"@id\":\"https:\/\/progettotouring.it\/radiotouring104\/#organization\"},\"image\":{\"@id\":\"https:\/\/progettotouring.it\/radiotouring104\/2024\/05\/03\/polistena-anche-la-cisl-rc-partecipera-alliniziativa-di-domani-a-difesa-dellospedale\/#primaryimage\"},\"thumbnailUrl\":\"https:\/\/progettotouring.it\/radiotouring104\/wp-content\/uploads\/sites\/6\/2023\/07\/CISL-REGGIO-CAL.jpg\",\"keywords\":[\"Cisl Metropolitana di Reggio Calabria\",\"diritto costituzionale alla salute\",\"Manifestazione per la sanit\u00e0\",\"Ospedale di Polistena\",\"Romolo Piscioneri\"],\"articleSection\":[\"Home\",\"News\",\"Reggio Calabria\"],\"inLanguage\":\"it-IT\"},{\"@type\":\"WebPage\",\"@id\":\"https:\/\/progettotouring.it\/radiotouring104\/2024\/05\/03\/polistena-anche-la-cisl-rc-partecipera-alliniziativa-di-domani-a-difesa-dellospedale\/\",\"url\":\"https:\/\/progettotouring.it\/radiotouring104\/2024\/05\/03\/polistena-anche-la-cisl-rc-partecipera-alliniziativa-di-domani-a-difesa-dellospedale\/\",\"name\":\"Polistena: Cisl Rc parteciper\u00e0 all'iniziativa per la sanit\u00e0 di domani\",\"isPartOf\":{\"@id\":\"https:\/\/progettotouring.it\/radiotouring104\/#website\"},\"primaryImageOfPage\":{\"@id\":\"https:\/\/progettotouring.it\/radiotouring104\/2024\/05\/03\/polistena-anche-la-cisl-rc-partecipera-alliniziativa-di-domani-a-difesa-dellospedale\/#primaryimage\"},\"image\":{\"@id\":\"https:\/\/progettotouring.it\/radiotouring104\/2024\/05\/03\/polistena-anche-la-cisl-rc-partecipera-alliniziativa-di-domani-a-difesa-dellospedale\/#primaryimage\"},\"thumbnailUrl\":\"https:\/\/progettotouring.it\/radiotouring104\/wp-content\/uploads\/sites\/6\/2023\/07\/CISL-REGGIO-CAL.jpg\",\"datePublished\":\"2024-05-03T10:28:52+00:00\",\"description\":\"Cisl Rc aderisce all\u2019iniziativa a Polistena a sostegno della \u201csanit\u00e0 del territorio\u201d, di domani 4 maggio 2024\",\"breadcrumb\":{\"@id\":\"https:\/\/progettotouring.it\/radiotouring104\/2024\/05\/03\/polistena-anche-la-cisl-rc-partecipera-alliniziativa-di-domani-a-difesa-dellospedale\/#breadcrumb\"},\"inLanguage\":\"it-IT\",\"potentialAction\":[{\"@type\":\"ReadAction\",\"target\":[\"https:\/\/progettotouring.it\/radiotouring104\/2024\/05\/03\/polistena-anche-la-cisl-rc-partecipera-alliniziativa-di-domani-a-difesa-dellospedale\/\"]}]},{\"@type\":\"ImageObject\",\"inLanguage\":\"it-IT\",\"@id\":\"https:\/\/progettotouring.it\/radiotouring104\/2024\/05\/03\/polistena-anche-la-cisl-rc-partecipera-alliniziativa-di-domani-a-difesa-dellospedale\/#primaryimage\",\"url\":\"https:\/\/progettotouring.it\/radiotouring104\/wp-content\/uploads\/sites\/6\/2023\/07\/CISL-REGGIO-CAL.jpg\",\"contentUrl\":\"https:\/\/progettotouring.it\/radiotouring104\/wp-content\/uploads\/sites\/6\/2023\/07\/CISL-REGGIO-CAL.jpg\",\"width\":1280,\"height\":720},{\"@type\":\"BreadcrumbList\",\"@id\":\"https:\/\/progettotouring.it\/radiotouring104\/2024\/05\/03\/polistena-anche-la-cisl-rc-partecipera-alliniziativa-di-domani-a-difesa-dellospedale\/#breadcrumb\",\"itemListElement\":[{\"@type\":\"ListItem\",\"position\":1,\"name\":\"Home\",\"item\":\"https:\/\/progettotouring.it\/radiotouring104\/\"},{\"@type\":\"ListItem\",\"position\":2,\"name\":\"Polistena: anche la Cisl Rc parteciper\u00e0 all&#8217;iniziativa di domani a difesa dell&#8217;Ospedale\"}]},{\"@type\":\"WebSite\",\"@id\":\"https:\/\/progettotouring.it\/radiotouring104\/#website\",\"url\":\"https:\/\/progettotouring.it\/radiotouring104\/\",\"name\":\"Radio Touring 104\",\"description\":\"La prima radio Reggina\",\"publisher\":{\"@id\":\"https:\/\/progettotouring.it\/radiotouring104\/#organization\"},\"potentialAction\":[{\"@type\":\"SearchAction\",\"target\":{\"@type\":\"EntryPoint\",\"urlTemplate\":\"https:\/\/progettotouring.it\/radiotouring104\/?s={search_term_string}\"},\"query-input\":{\"@type\":\"PropertyValueSpecification\",\"valueRequired\":true,\"valueName\":\"search_term_string\"}}],\"inLanguage\":\"it-IT\"},{\"@type\":\"Organization\",\"@id\":\"https:\/\/progettotouring.it\/radiotouring104\/#organization\",\"name\":\"Radio Touring 104\",\"url\":\"https:\/\/progettotouring.it\/radiotouring104\/\",\"logo\":{\"@type\":\"ImageObject\",\"inLanguage\":\"it-IT\",\"@id\":\"https:\/\/progettotouring.it\/radiotouring104\/#\/schema\/logo\/image\/\",\"url\":\"https:\/\/progettotouring.it\/radiotouring104\/wp-content\/uploads\/sites\/6\/2022\/02\/cropped-logo-radio-touring-104.png\",\"contentUrl\":\"https:\/\/progettotouring.it\/radiotouring104\/wp-content\/uploads\/sites\/6\/2022\/02\/cropped-logo-radio-touring-104.png\",\"width\":377,\"height\":182,\"caption\":\"Radio Touring 104\"},\"image\":{\"@id\":\"https:\/\/progettotouring.it\/radiotouring104\/#\/schema\/logo\/image\/\"}},{\"@type\":\"Person\",\"@id\":\"https:\/\/progettotouring.it\/radiotouring104\/#\/schema\/person\/78613917f1851f041f7483f5af1d422e\",\"name\":\"Sebastiano Plutino\",\"image\":{\"@type\":\"ImageObject\",\"inLanguage\":\"it-IT\",\"@id\":\"https:\/\/secure.gravatar.com\/avatar\/0546ffaa9b79224faf9f2a156b67a529ae861d3287c66c1d8ccfdf909bcba78d?s=96&d=mm&r=g\",\"url\":\"https:\/\/secure.gravatar.com\/avatar\/0546ffaa9b79224faf9f2a156b67a529ae861d3287c66c1d8ccfdf909bcba78d?s=96&d=mm&r=g\",\"contentUrl\":\"https:\/\/secure.gravatar.com\/avatar\/0546ffaa9b79224faf9f2a156b67a529ae861d3287c66c1d8ccfdf909bcba78d?s=96&d=mm&r=g\",\"caption\":\"Sebastiano Plutino\"},\"url\":\"https:\/\/progettotouring.it\/radiotouring104\/author\/sebastiano\/\"}]}<\/script>\n<!-- \/ Yoast SEO plugin. -->","yoast_head_json":{"title":"Polistena: Cisl Rc parteciper\u00e0 all'iniziativa per la sanit\u00e0 di domani","description":"Cisl Rc aderisce all\u2019iniziativa a Polistena a sostegno della \u201csanit\u00e0 del territorio\u201d, di domani 4 maggio 2024","robots":{"index":"index","follow":"follow","max-snippet":"max-snippet:-1","max-image-preview":"max-image-preview:large","max-video-preview":"max-video-preview:-1"},"canonical":"https:\/\/progettotouring.it\/radiotouring104\/2024\/05\/03\/polistena-anche-la-cisl-rc-partecipera-alliniziativa-di-domani-a-difesa-dellospedale\/","og_locale":"it_IT","og_type":"article","og_title":"Polistena: Cisl Rc parteciper\u00e0 all'iniziativa per la sanit\u00e0 di domani","og_description":"Cisl Rc aderisce all\u2019iniziativa a Polistena a sostegno della \u201csanit\u00e0 del territorio\u201d, di domani 4 maggio 2024","og_url":"https:\/\/progettotouring.it\/radiotouring104\/2024\/05\/03\/polistena-anche-la-cisl-rc-partecipera-alliniziativa-di-domani-a-difesa-dellospedale\/","og_site_name":"Radio Touring 104","article_published_time":"2024-05-03T10:28:52+00:00","og_image":[{"width":1280,"height":720,"url":"https:\/\/progettotouring.it\/radiotouring104\/wp-content\/uploads\/sites\/6\/2023\/07\/CISL-REGGIO-CAL.jpg","type":"image\/jpeg"}],"author":"Sebastiano Plutino","twitter_card":"summary_large_image","twitter_misc":{"Scritto da":"Sebastiano Plutino","Tempo di lettura stimato":"2 minuti"},"schema":{"@context":"https:\/\/schema.org","@graph":[{"@type":"Article","@id":"https:\/\/progettotouring.it\/radiotouring104\/2024\/05\/03\/polistena-anche-la-cisl-rc-partecipera-alliniziativa-di-domani-a-difesa-dellospedale\/#article","isPartOf":{"@id":"https:\/\/progettotouring.it\/radiotouring104\/2024\/05\/03\/polistena-anche-la-cisl-rc-partecipera-alliniziativa-di-domani-a-difesa-dellospedale\/"},"author":{"name":"Sebastiano Plutino","@id":"https:\/\/progettotouring.it\/radiotouring104\/#\/schema\/person\/78613917f1851f041f7483f5af1d422e"},"headline":"Polistena: anche la Cisl Rc parteciper\u00e0 all&#8217;iniziativa di domani a difesa dell&#8217;Ospedale","datePublished":"2024-05-03T10:28:52+00:00","mainEntityOfPage":{"@id":"https:\/\/progettotouring.it\/radiotouring104\/2024\/05\/03\/polistena-anche-la-cisl-rc-partecipera-alliniziativa-di-domani-a-difesa-dellospedale\/"},"wordCount":342,"publisher":{"@id":"https:\/\/progettotouring.it\/radiotouring104\/#organization"},"image":{"@id":"https:\/\/progettotouring.it\/radiotouring104\/2024\/05\/03\/polistena-anche-la-cisl-rc-partecipera-alliniziativa-di-domani-a-difesa-dellospedale\/#primaryimage"},"thumbnailUrl":"https:\/\/progettotouring.it\/radiotouring104\/wp-content\/uploads\/sites\/6\/2023\/07\/CISL-REGGIO-CAL.jpg","keywords":["Cisl Metropolitana di Reggio Calabria","diritto costituzionale alla salute","Manifestazione per la sanit\u00e0","Ospedale di Polistena","Romolo Piscioneri"],"articleSection":["Home","News","Reggio Calabria"],"inLanguage":"it-IT"},{"@type":"WebPage","@id":"https:\/\/progettotouring.it\/radiotouring104\/2024\/05\/03\/polistena-anche-la-cisl-rc-partecipera-alliniziativa-di-domani-a-difesa-dellospedale\/","url":"https:\/\/progettotouring.it\/radiotouring104\/2024\/05\/03\/polistena-anche-la-cisl-rc-partecipera-alliniziativa-di-domani-a-difesa-dellospedale\/","name":"Polistena: Cisl Rc parteciper\u00e0 all'iniziativa per la sanit\u00e0 di domani","isPartOf":{"@id":"https:\/\/progettotouring.it\/radiotouring104\/#website"},"primaryImageOfPage":{"@id":"https:\/\/progettotouring.it\/radiotouring104\/2024\/05\/03\/polistena-anche-la-cisl-rc-partecipera-alliniziativa-di-domani-a-difesa-dellospedale\/#primaryimage"},"image":{"@id":"https:\/\/progettotouring.it\/radiotouring104\/2024\/05\/03\/polistena-anche-la-cisl-rc-partecipera-alliniziativa-di-domani-a-difesa-dellospedale\/#primaryimage"},"thumbnailUrl":"https:\/\/progettotouring.it\/radiotouring104\/wp-content\/uploads\/sites\/6\/2023\/07\/CISL-REGGIO-CAL.jpg","datePublished":"2024-05-03T10:28:52+00:00","description":"Cisl Rc aderisce all\u2019iniziativa a Polistena a sostegno della \u201csanit\u00e0 del territorio\u201d, di domani 4 maggio 2024","breadcrumb":{"@id":"https:\/\/progettotouring.it\/radiotouring104\/2024\/05\/03\/polistena-anche-la-cisl-rc-partecipera-alliniziativa-di-domani-a-difesa-dellospedale\/#breadcrumb"},"inLanguage":"it-IT","potentialAction":[{"@type":"ReadAction","target":["https:\/\/progettotouring.it\/radiotouring104\/2024\/05\/03\/polistena-anche-la-cisl-rc-partecipera-alliniziativa-di-domani-a-difesa-dellospedale\/"]}]},{"@type":"ImageObject","inLanguage":"it-IT","@id":"https:\/\/progettotouring.it\/radiotouring104\/2024\/05\/03\/polistena-anche-la-cisl-rc-partecipera-alliniziativa-di-domani-a-difesa-dellospedale\/#primaryimage","url":"https:\/\/progettotouring.it\/radiotouring104\/wp-content\/uploads\/sites\/6\/2023\/07\/CISL-REGGIO-CAL.jpg","contentUrl":"https:\/\/progettotouring.it\/radiotouring104\/wp-content\/uploads\/sites\/6\/2023\/07\/CISL-REGGIO-CAL.jpg","width":1280,"height":720},{"@type":"BreadcrumbList","@id":"https:\/\/progettotouring.it\/radiotouring104\/2024\/05\/03\/polistena-anche-la-cisl-rc-partecipera-alliniziativa-di-domani-a-difesa-dellospedale\/#breadcrumb","itemListElement":[{"@type":"ListItem","position":1,"name":"Home","item":"https:\/\/progettotouring.it\/radiotouring104\/"},{"@type":"ListItem","position":2,"name":"Polistena: anche la Cisl Rc parteciper\u00e0 all&#8217;iniziativa di domani a difesa dell&#8217;Ospedale"}]},{"@type":"WebSite","@id":"https:\/\/progettotouring.it\/radiotouring104\/#website","url":"https:\/\/progettotouring.it\/radiotouring104\/","name":"Radio Touring 104","description":"La prima radio Reggina","publisher":{"@id":"https:\/\/progettotouring.it\/radiotouring104\/#organization"},"potentialAction":[{"@type":"SearchAction","target":{"@type":"EntryPoint","urlTemplate":"https:\/\/progettotouring.it\/radiotouring104\/?s={search_term_string}"},"query-input":{"@type":"PropertyValueSpecification","valueRequired":true,"valueName":"search_term_string"}}],"inLanguage":"it-IT"},{"@type":"Organization","@id":"https:\/\/progettotouring.it\/radiotouring104\/#organization","name":"Radio Touring 104","url":"https:\/\/progettotouring.it\/radiotouring104\/","logo":{"@type":"ImageObject","inLanguage":"it-IT","@id":"https:\/\/progettotouring.it\/radiotouring104\/#\/schema\/logo\/image\/","url":"https:\/\/progettotouring.it\/radiotouring104\/wp-content\/uploads\/sites\/6\/2022\/02\/cropped-logo-radio-touring-104.png","contentUrl":"https:\/\/progettotouring.it\/radiotouring104\/wp-content\/uploads\/sites\/6\/2022\/02\/cropped-logo-radio-touring-104.png","width":377,"height":182,"caption":"Radio Touring 104"},"image":{"@id":"https:\/\/progettotouring.it\/radiotouring104\/#\/schema\/logo\/image\/"}},{"@type":"Person","@id":"https:\/\/progettotouring.it\/radiotouring104\/#\/schema\/person\/78613917f1851f041f7483f5af1d422e","name":"Sebastiano Plutino","image":{"@type":"ImageObject","inLanguage":"it-IT","@id":"https:\/\/secure.gravatar.com\/avatar\/0546ffaa9b79224faf9f2a156b67a529ae861d3287c66c1d8ccfdf909bcba78d?s=96&d=mm&r=g","url":"https:\/\/secure.gravatar.com\/avatar\/0546ffaa9b79224faf9f2a156b67a529ae861d3287c66c1d8ccfdf909bcba78d?s=96&d=mm&r=g","contentUrl":"https:\/\/secure.gravatar.com\/avatar\/0546ffaa9b79224faf9f2a156b67a529ae861d3287c66c1d8ccfdf909bcba78d?s=96&d=mm&r=g","caption":"Sebastiano Plutino"},"url":"https:\/\/progettotouring.it\/radiotouring104\/author\/sebastiano\/"}]}},"jetpack_publicize_connections":[],"jetpack_featured_media_url":"https:\/\/progettotouring.it\/radiotouring104\/wp-content\/uploads\/sites\/6\/2023\/07\/CISL-REGGIO-CAL.jpg","jetpack_sharing_enabled":true,"_links":{"self":[{"href":"https:\/\/progettotouring.it\/radiotouring104\/wp-json\/wp\/v2\/posts\/50695","targetHints":{"allow":["GET"]}}],"collection":[{"href":"https:\/\/progettotouring.it\/radiotouring104\/wp-json\/wp\/v2\/posts"}],"about":[{"href":"https:\/\/progettotouring.it\/radiotouring104\/wp-json\/wp\/v2\/types\/post"}],"author":[{"embeddable":true,"href":"https:\/\/progettotouring.it\/radiotouring104\/wp-json\/wp\/v2\/users\/12"}],"replies":[{"embeddable":true,"href":"https:\/\/progettotouring.it\/radiotouring104\/wp-json\/wp\/v2\/comments?post=50695"}],"version-history":[{"count":1,"href":"https:\/\/progettotouring.it\/radiotouring104\/wp-json\/wp\/v2\/posts\/50695\/revisions"}],"predecessor-version":[{"id":50696,"href":"https:\/\/progettotouring.it\/radiotouring104\/wp-json\/wp\/v2\/posts\/50695\/revisions\/50696"}],"wp:featuredmedia":[{"embeddable":true,"href":"https:\/\/progettotouring.it\/radiotouring104\/wp-json\/wp\/v2\/media\/30435"}],"wp:attachment":[{"href":"https:\/\/progettotouring.it\/radiotouring104\/wp-json\/wp\/v2\/media?parent=50695"}],"wp:term":[{"taxonomy":"category","embeddable":true,"href":"https:\/\/progettotouring.it\/radiotouring104\/wp-json\/wp\/v2\/categories?post=50695"},{"taxonomy":"post_tag","embeddable":true,"href":"https:\/\/progettotouring.it\/radiotouring104\/wp-json\/wp\/v2\/tags?post=50695"}],"curies":[{"name":"wp","href":"https:\/\/api.w.org\/{rel}","templated":true}]}}