{"id":51307,"date":"2024-05-13T11:52:44","date_gmt":"2024-05-13T09:52:44","guid":{"rendered":"https:\/\/progettotouring.it\/radiotouring104\/?p=51307"},"modified":"2024-05-13T11:52:44","modified_gmt":"2024-05-13T09:52:44","slug":"reggio-il-saluto-di-metrocity-alla-iv-conferenza-dellente-nazionale-per-i-sordomuti","status":"publish","type":"post","link":"https:\/\/progettotouring.it\/radiotouring104\/2024\/05\/13\/reggio-il-saluto-di-metrocity-alla-iv-conferenza-dellente-nazionale-per-i-sordomuti\/","title":{"rendered":"Reggio: il saluto di Metrocity alla IV Conferenza dell&#8217;Ente Nazionale per i Sordomuti"},"content":{"rendered":"<p style=\"text-align: justify\"><strong>La Citt\u00e0 Metropolitana<\/strong> di Reggio Calabria \u00e8 stata presente alla<strong> IV Conferenza dell&#8217;Ente nazionale per i sordomuti<\/strong> (Ens), in occasione dell&#8217;<strong>82\u00b0 anniversario della promulgazione della legge<\/strong> per il suo riconoscimento. Il sindaco <strong>Giuseppe Falcomat\u00e0,<\/strong> nel salutare il presidente nazionale Ens, <strong>Angelo Raffaele Cagnazzo<\/strong>, ed i rappresentanti dell&#8217;Ente ad ogni livello,<strong> ha ricordato l&#8217;impegno<\/strong> dell&#8217;amministrazione metropolitana per le persone con disabilit\u00e0 e, in particolare, il rapporto di forte condivisione e collaborazione proprio con l&#8217;associazione impegnata per la tutela e la<strong> salvaguardia dei diritti delle persone sorde.<\/strong><\/p>\n<p>Nel ricordare le battaglie, le lotte ed i sacrifici affrontati dai sordomuti in questi ultimi 82 anni, il sindaco ha sottolineato il garbo e la straordinaria sensibilit\u00e0 di quanti affrontano ogni problema sempre col sorriso, la leggerezza, la convinzione e la determinazione di poter trasformare un elemento di difficolt\u00e0 in elemento di forza.<\/p>\n<p><strong>La Citt\u00e0 Metropolitana,<\/strong> dunque, \u00e8 pienamente partecipe a tutte quelle che sono le problematiche e i disagi connessi alla sordit\u00e0. Proprio nelle scorse settimane,<strong> il sindaco Falcomat\u00e0 ha deliberato,<\/strong> insieme al consiglio di Palazzo Alvaro,<strong> un protocollo d\u2019intesa con l\u2019Ens attraverso il qual<\/strong>e, grazie ad un progetto finanziato per 30 mila euro, si accorciano le distanze e s<strong>i garantisce ai sordi la possibilit\u00e0 di partecipare alla vita politica e istituzionale<\/strong> nel pieno rispetto del principio di uguaglianza sancito nell&#8217;articolo 3 della Costituzione.<\/p>\n<p><strong>Nello specifico, ha sottolineato il sindaco,<\/strong> il progetto consente ai 97 sindaci della Citt\u00e0 Metropolitana di potersi avvalere, durante le sedute dei consigli comunali,<strong> di un interprete di lingua Lis e,<\/strong> per ci\u00f2 che riguarda il singolo cittadino, di farsi assistere da un traduttore negli ospedali o negli uffici pubblici. Un primo passo, insomma, di un percorso che sempre di pi\u00f9 deve vedere le istituzioni al fianco alle rivendicazioni ed ai problemi delle persone con disabilit\u00e0 uditiva.<\/p>\n","protected":false},"excerpt":{"rendered":"<p>La Citt\u00e0 Metropolitana di Reggio Calabria \u00e8 stata presente alla IV Conferenza dell&#8217;Ente nazionale per i sordomuti (Ens), in occasione dell&#8217;82\u00b0 anniversario della promulgazione della legge per il suo riconoscimento.&hellip;<\/p>\n","protected":false},"author":12,"featured_media":51308,"comment_status":"closed","ping_status":"open","sticky":false,"template":"","format":"standard","meta":{"_jetpack_memberships_contains_paid_content":false,"footnotes":"","jetpack_publicize_message":"","jetpack_publicize_feature_enabled":true,"jetpack_social_post_already_shared":false,"jetpack_social_options":{"image_generator_settings":{"template":"highway","default_image_id":0,"font":"","enabled":false},"version":2}},"categories":[921,196,140],"tags":[31446,31447,563,31445,812,531],"class_list":["post-51307","post","type-post","status-publish","format-standard","has-post-thumbnail","hentry","category-home","category-news","category-reggio-calabria","tag-82-anniversario-della-promulgazione-della-legge","tag-angelo-raffaele-cagnazzo","tag-citta-metropolitana-di-reggio-calabria","tag-conferenza-ente-nazionale-per-i-sordomuti","tag-giuseppe-falcomata","tag-metrocity"],"yoast_head":"<!-- This site is optimized with the Yoast SEO plugin v27.2 - https:\/\/yoast.com\/product\/yoast-seo-wordpress\/ -->\n<title>Saluto di Metrocity alla Conferenza Ente Nazionale per i Sordomuti<\/title>\n<meta name=\"description\" content=\"L&#039;evento si \u00e8 tenuto a Reggio Calabria in occasione dell&#039;82\u00b0 anniversario della promulgazione della legge per il suo riconoscimento\" \/>\n<meta name=\"robots\" content=\"index, follow, max-snippet:-1, max-image-preview:large, max-video-preview:-1\" \/>\n<link rel=\"canonical\" href=\"https:\/\/progettotouring.it\/radiotouring104\/2024\/05\/13\/reggio-il-saluto-di-metrocity-alla-iv-conferenza-dellente-nazionale-per-i-sordomuti\/\" \/>\n<meta property=\"og:locale\" content=\"it_IT\" \/>\n<meta property=\"og:type\" content=\"article\" \/>\n<meta property=\"og:title\" content=\"Saluto di Metrocity alla Conferenza Ente Nazionale per i Sordomuti\" \/>\n<meta property=\"og:description\" content=\"L&#039;evento si \u00e8 tenuto a Reggio Calabria in occasione dell&#039;82\u00b0 anniversario della promulgazione della legge per il suo riconoscimento\" \/>\n<meta property=\"og:url\" content=\"https:\/\/progettotouring.it\/radiotouring104\/2024\/05\/13\/reggio-il-saluto-di-metrocity-alla-iv-conferenza-dellente-nazionale-per-i-sordomuti\/\" \/>\n<meta property=\"og:site_name\" content=\"Radio Touring 104\" \/>\n<meta property=\"article:published_time\" content=\"2024-05-13T09:52:44+00:00\" \/>\n<meta property=\"og:image\" content=\"https:\/\/progettotouring.it\/radiotouring104\/wp-content\/uploads\/sites\/6\/2024\/05\/ente-nazionale-sordomuti-2.jpeg\" \/>\n\t<meta property=\"og:image:width\" content=\"1600\" \/>\n\t<meta property=\"og:image:height\" content=\"1200\" \/>\n\t<meta property=\"og:image:type\" content=\"image\/jpeg\" \/>\n<meta name=\"author\" content=\"Sebastiano Plutino\" \/>\n<meta name=\"twitter:card\" content=\"summary_large_image\" \/>\n<meta name=\"twitter:label1\" content=\"Scritto da\" \/>\n\t<meta name=\"twitter:data1\" content=\"Sebastiano Plutino\" \/>\n\t<meta name=\"twitter:label2\" content=\"Tempo di lettura stimato\" \/>\n\t<meta name=\"twitter:data2\" content=\"1 minuto\" \/>\n<script type=\"application\/ld+json\" class=\"yoast-schema-graph\">{\"@context\":\"https:\/\/schema.org\",\"@graph\":[{\"@type\":\"Article\",\"@id\":\"https:\/\/progettotouring.it\/radiotouring104\/2024\/05\/13\/reggio-il-saluto-di-metrocity-alla-iv-conferenza-dellente-nazionale-per-i-sordomuti\/#article\",\"isPartOf\":{\"@id\":\"https:\/\/progettotouring.it\/radiotouring104\/2024\/05\/13\/reggio-il-saluto-di-metrocity-alla-iv-conferenza-dellente-nazionale-per-i-sordomuti\/\"},\"author\":{\"name\":\"Sebastiano Plutino\",\"@id\":\"https:\/\/progettotouring.it\/radiotouring104\/#\/schema\/person\/78613917f1851f041f7483f5af1d422e\"},\"headline\":\"Reggio: il saluto di Metrocity alla IV Conferenza dell&#8217;Ente Nazionale per i Sordomuti\",\"datePublished\":\"2024-05-13T09:52:44+00:00\",\"mainEntityOfPage\":{\"@id\":\"https:\/\/progettotouring.it\/radiotouring104\/2024\/05\/13\/reggio-il-saluto-di-metrocity-alla-iv-conferenza-dellente-nazionale-per-i-sordomuti\/\"},\"wordCount\":306,\"publisher\":{\"@id\":\"https:\/\/progettotouring.it\/radiotouring104\/#organization\"},\"image\":{\"@id\":\"https:\/\/progettotouring.it\/radiotouring104\/2024\/05\/13\/reggio-il-saluto-di-metrocity-alla-iv-conferenza-dellente-nazionale-per-i-sordomuti\/#primaryimage\"},\"thumbnailUrl\":\"https:\/\/progettotouring.it\/radiotouring104\/wp-content\/uploads\/sites\/6\/2024\/05\/ente-nazionale-sordomuti-2.jpeg\",\"keywords\":[\"'82\u00b0 anniversario della promulgazione della legge\",\"Angelo Raffaele Cagnazzo\",\"Citt\u00e0 Metropolitana di Reggio Calabria\",\"Conferenza Ente Nazionale per i Sordomuti\",\"Giuseppe Falcomat\u00e0\",\"Metrocity\"],\"articleSection\":[\"Home\",\"News\",\"Reggio Calabria\"],\"inLanguage\":\"it-IT\"},{\"@type\":\"WebPage\",\"@id\":\"https:\/\/progettotouring.it\/radiotouring104\/2024\/05\/13\/reggio-il-saluto-di-metrocity-alla-iv-conferenza-dellente-nazionale-per-i-sordomuti\/\",\"url\":\"https:\/\/progettotouring.it\/radiotouring104\/2024\/05\/13\/reggio-il-saluto-di-metrocity-alla-iv-conferenza-dellente-nazionale-per-i-sordomuti\/\",\"name\":\"Saluto di Metrocity alla Conferenza Ente Nazionale per i Sordomuti\",\"isPartOf\":{\"@id\":\"https:\/\/progettotouring.it\/radiotouring104\/#website\"},\"primaryImageOfPage\":{\"@id\":\"https:\/\/progettotouring.it\/radiotouring104\/2024\/05\/13\/reggio-il-saluto-di-metrocity-alla-iv-conferenza-dellente-nazionale-per-i-sordomuti\/#primaryimage\"},\"image\":{\"@id\":\"https:\/\/progettotouring.it\/radiotouring104\/2024\/05\/13\/reggio-il-saluto-di-metrocity-alla-iv-conferenza-dellente-nazionale-per-i-sordomuti\/#primaryimage\"},\"thumbnailUrl\":\"https:\/\/progettotouring.it\/radiotouring104\/wp-content\/uploads\/sites\/6\/2024\/05\/ente-nazionale-sordomuti-2.jpeg\",\"datePublished\":\"2024-05-13T09:52:44+00:00\",\"description\":\"L'evento si \u00e8 tenuto a Reggio Calabria in occasione dell'82\u00b0 anniversario della promulgazione della legge per il suo riconoscimento\",\"breadcrumb\":{\"@id\":\"https:\/\/progettotouring.it\/radiotouring104\/2024\/05\/13\/reggio-il-saluto-di-metrocity-alla-iv-conferenza-dellente-nazionale-per-i-sordomuti\/#breadcrumb\"},\"inLanguage\":\"it-IT\",\"potentialAction\":[{\"@type\":\"ReadAction\",\"target\":[\"https:\/\/progettotouring.it\/radiotouring104\/2024\/05\/13\/reggio-il-saluto-di-metrocity-alla-iv-conferenza-dellente-nazionale-per-i-sordomuti\/\"]}]},{\"@type\":\"ImageObject\",\"inLanguage\":\"it-IT\",\"@id\":\"https:\/\/progettotouring.it\/radiotouring104\/2024\/05\/13\/reggio-il-saluto-di-metrocity-alla-iv-conferenza-dellente-nazionale-per-i-sordomuti\/#primaryimage\",\"url\":\"https:\/\/progettotouring.it\/radiotouring104\/wp-content\/uploads\/sites\/6\/2024\/05\/ente-nazionale-sordomuti-2.jpeg\",\"contentUrl\":\"https:\/\/progettotouring.it\/radiotouring104\/wp-content\/uploads\/sites\/6\/2024\/05\/ente-nazionale-sordomuti-2.jpeg\",\"width\":1600,\"height\":1200},{\"@type\":\"BreadcrumbList\",\"@id\":\"https:\/\/progettotouring.it\/radiotouring104\/2024\/05\/13\/reggio-il-saluto-di-metrocity-alla-iv-conferenza-dellente-nazionale-per-i-sordomuti\/#breadcrumb\",\"itemListElement\":[{\"@type\":\"ListItem\",\"position\":1,\"name\":\"Home\",\"item\":\"https:\/\/progettotouring.it\/radiotouring104\/\"},{\"@type\":\"ListItem\",\"position\":2,\"name\":\"Reggio: il saluto di Metrocity alla IV Conferenza dell&#8217;Ente Nazionale per i Sordomuti\"}]},{\"@type\":\"WebSite\",\"@id\":\"https:\/\/progettotouring.it\/radiotouring104\/#website\",\"url\":\"https:\/\/progettotouring.it\/radiotouring104\/\",\"name\":\"Radio Touring 104\",\"description\":\"La prima radio Reggina\",\"publisher\":{\"@id\":\"https:\/\/progettotouring.it\/radiotouring104\/#organization\"},\"potentialAction\":[{\"@type\":\"SearchAction\",\"target\":{\"@type\":\"EntryPoint\",\"urlTemplate\":\"https:\/\/progettotouring.it\/radiotouring104\/?s={search_term_string}\"},\"query-input\":{\"@type\":\"PropertyValueSpecification\",\"valueRequired\":true,\"valueName\":\"search_term_string\"}}],\"inLanguage\":\"it-IT\"},{\"@type\":\"Organization\",\"@id\":\"https:\/\/progettotouring.it\/radiotouring104\/#organization\",\"name\":\"Radio Touring 104\",\"url\":\"https:\/\/progettotouring.it\/radiotouring104\/\",\"logo\":{\"@type\":\"ImageObject\",\"inLanguage\":\"it-IT\",\"@id\":\"https:\/\/progettotouring.it\/radiotouring104\/#\/schema\/logo\/image\/\",\"url\":\"https:\/\/progettotouring.it\/radiotouring104\/wp-content\/uploads\/sites\/6\/2022\/02\/cropped-logo-radio-touring-104.png\",\"contentUrl\":\"https:\/\/progettotouring.it\/radiotouring104\/wp-content\/uploads\/sites\/6\/2022\/02\/cropped-logo-radio-touring-104.png\",\"width\":377,\"height\":182,\"caption\":\"Radio Touring 104\"},\"image\":{\"@id\":\"https:\/\/progettotouring.it\/radiotouring104\/#\/schema\/logo\/image\/\"}},{\"@type\":\"Person\",\"@id\":\"https:\/\/progettotouring.it\/radiotouring104\/#\/schema\/person\/78613917f1851f041f7483f5af1d422e\",\"name\":\"Sebastiano Plutino\",\"image\":{\"@type\":\"ImageObject\",\"inLanguage\":\"it-IT\",\"@id\":\"https:\/\/secure.gravatar.com\/avatar\/0546ffaa9b79224faf9f2a156b67a529ae861d3287c66c1d8ccfdf909bcba78d?s=96&d=mm&r=g\",\"url\":\"https:\/\/secure.gravatar.com\/avatar\/0546ffaa9b79224faf9f2a156b67a529ae861d3287c66c1d8ccfdf909bcba78d?s=96&d=mm&r=g\",\"contentUrl\":\"https:\/\/secure.gravatar.com\/avatar\/0546ffaa9b79224faf9f2a156b67a529ae861d3287c66c1d8ccfdf909bcba78d?s=96&d=mm&r=g\",\"caption\":\"Sebastiano Plutino\"},\"url\":\"https:\/\/progettotouring.it\/radiotouring104\/author\/sebastiano\/\"}]}<\/script>\n<!-- \/ Yoast SEO plugin. -->","yoast_head_json":{"title":"Saluto di Metrocity alla Conferenza Ente Nazionale per i Sordomuti","description":"L'evento si \u00e8 tenuto a Reggio Calabria in occasione dell'82\u00b0 anniversario della promulgazione della legge per il suo riconoscimento","robots":{"index":"index","follow":"follow","max-snippet":"max-snippet:-1","max-image-preview":"max-image-preview:large","max-video-preview":"max-video-preview:-1"},"canonical":"https:\/\/progettotouring.it\/radiotouring104\/2024\/05\/13\/reggio-il-saluto-di-metrocity-alla-iv-conferenza-dellente-nazionale-per-i-sordomuti\/","og_locale":"it_IT","og_type":"article","og_title":"Saluto di Metrocity alla Conferenza Ente Nazionale per i Sordomuti","og_description":"L'evento si \u00e8 tenuto a Reggio Calabria in occasione dell'82\u00b0 anniversario della promulgazione della legge per il suo riconoscimento","og_url":"https:\/\/progettotouring.it\/radiotouring104\/2024\/05\/13\/reggio-il-saluto-di-metrocity-alla-iv-conferenza-dellente-nazionale-per-i-sordomuti\/","og_site_name":"Radio Touring 104","article_published_time":"2024-05-13T09:52:44+00:00","og_image":[{"width":1600,"height":1200,"url":"https:\/\/progettotouring.it\/radiotouring104\/wp-content\/uploads\/sites\/6\/2024\/05\/ente-nazionale-sordomuti-2.jpeg","type":"image\/jpeg"}],"author":"Sebastiano Plutino","twitter_card":"summary_large_image","twitter_misc":{"Scritto da":"Sebastiano Plutino","Tempo di lettura stimato":"1 minuto"},"schema":{"@context":"https:\/\/schema.org","@graph":[{"@type":"Article","@id":"https:\/\/progettotouring.it\/radiotouring104\/2024\/05\/13\/reggio-il-saluto-di-metrocity-alla-iv-conferenza-dellente-nazionale-per-i-sordomuti\/#article","isPartOf":{"@id":"https:\/\/progettotouring.it\/radiotouring104\/2024\/05\/13\/reggio-il-saluto-di-metrocity-alla-iv-conferenza-dellente-nazionale-per-i-sordomuti\/"},"author":{"name":"Sebastiano Plutino","@id":"https:\/\/progettotouring.it\/radiotouring104\/#\/schema\/person\/78613917f1851f041f7483f5af1d422e"},"headline":"Reggio: il saluto di Metrocity alla IV Conferenza dell&#8217;Ente Nazionale per i Sordomuti","datePublished":"2024-05-13T09:52:44+00:00","mainEntityOfPage":{"@id":"https:\/\/progettotouring.it\/radiotouring104\/2024\/05\/13\/reggio-il-saluto-di-metrocity-alla-iv-conferenza-dellente-nazionale-per-i-sordomuti\/"},"wordCount":306,"publisher":{"@id":"https:\/\/progettotouring.it\/radiotouring104\/#organization"},"image":{"@id":"https:\/\/progettotouring.it\/radiotouring104\/2024\/05\/13\/reggio-il-saluto-di-metrocity-alla-iv-conferenza-dellente-nazionale-per-i-sordomuti\/#primaryimage"},"thumbnailUrl":"https:\/\/progettotouring.it\/radiotouring104\/wp-content\/uploads\/sites\/6\/2024\/05\/ente-nazionale-sordomuti-2.jpeg","keywords":["'82\u00b0 anniversario della promulgazione della legge","Angelo Raffaele Cagnazzo","Citt\u00e0 Metropolitana di Reggio Calabria","Conferenza Ente Nazionale per i Sordomuti","Giuseppe Falcomat\u00e0","Metrocity"],"articleSection":["Home","News","Reggio Calabria"],"inLanguage":"it-IT"},{"@type":"WebPage","@id":"https:\/\/progettotouring.it\/radiotouring104\/2024\/05\/13\/reggio-il-saluto-di-metrocity-alla-iv-conferenza-dellente-nazionale-per-i-sordomuti\/","url":"https:\/\/progettotouring.it\/radiotouring104\/2024\/05\/13\/reggio-il-saluto-di-metrocity-alla-iv-conferenza-dellente-nazionale-per-i-sordomuti\/","name":"Saluto di Metrocity alla Conferenza Ente Nazionale per i Sordomuti","isPartOf":{"@id":"https:\/\/progettotouring.it\/radiotouring104\/#website"},"primaryImageOfPage":{"@id":"https:\/\/progettotouring.it\/radiotouring104\/2024\/05\/13\/reggio-il-saluto-di-metrocity-alla-iv-conferenza-dellente-nazionale-per-i-sordomuti\/#primaryimage"},"image":{"@id":"https:\/\/progettotouring.it\/radiotouring104\/2024\/05\/13\/reggio-il-saluto-di-metrocity-alla-iv-conferenza-dellente-nazionale-per-i-sordomuti\/#primaryimage"},"thumbnailUrl":"https:\/\/progettotouring.it\/radiotouring104\/wp-content\/uploads\/sites\/6\/2024\/05\/ente-nazionale-sordomuti-2.jpeg","datePublished":"2024-05-13T09:52:44+00:00","description":"L'evento si \u00e8 tenuto a Reggio Calabria in occasione dell'82\u00b0 anniversario della promulgazione della legge per il suo riconoscimento","breadcrumb":{"@id":"https:\/\/progettotouring.it\/radiotouring104\/2024\/05\/13\/reggio-il-saluto-di-metrocity-alla-iv-conferenza-dellente-nazionale-per-i-sordomuti\/#breadcrumb"},"inLanguage":"it-IT","potentialAction":[{"@type":"ReadAction","target":["https:\/\/progettotouring.it\/radiotouring104\/2024\/05\/13\/reggio-il-saluto-di-metrocity-alla-iv-conferenza-dellente-nazionale-per-i-sordomuti\/"]}]},{"@type":"ImageObject","inLanguage":"it-IT","@id":"https:\/\/progettotouring.it\/radiotouring104\/2024\/05\/13\/reggio-il-saluto-di-metrocity-alla-iv-conferenza-dellente-nazionale-per-i-sordomuti\/#primaryimage","url":"https:\/\/progettotouring.it\/radiotouring104\/wp-content\/uploads\/sites\/6\/2024\/05\/ente-nazionale-sordomuti-2.jpeg","contentUrl":"https:\/\/progettotouring.it\/radiotouring104\/wp-content\/uploads\/sites\/6\/2024\/05\/ente-nazionale-sordomuti-2.jpeg","width":1600,"height":1200},{"@type":"BreadcrumbList","@id":"https:\/\/progettotouring.it\/radiotouring104\/2024\/05\/13\/reggio-il-saluto-di-metrocity-alla-iv-conferenza-dellente-nazionale-per-i-sordomuti\/#breadcrumb","itemListElement":[{"@type":"ListItem","position":1,"name":"Home","item":"https:\/\/progettotouring.it\/radiotouring104\/"},{"@type":"ListItem","position":2,"name":"Reggio: il saluto di Metrocity alla IV Conferenza dell&#8217;Ente Nazionale per i Sordomuti"}]},{"@type":"WebSite","@id":"https:\/\/progettotouring.it\/radiotouring104\/#website","url":"https:\/\/progettotouring.it\/radiotouring104\/","name":"Radio Touring 104","description":"La prima radio Reggina","publisher":{"@id":"https:\/\/progettotouring.it\/radiotouring104\/#organization"},"potentialAction":[{"@type":"SearchAction","target":{"@type":"EntryPoint","urlTemplate":"https:\/\/progettotouring.it\/radiotouring104\/?s={search_term_string}"},"query-input":{"@type":"PropertyValueSpecification","valueRequired":true,"valueName":"search_term_string"}}],"inLanguage":"it-IT"},{"@type":"Organization","@id":"https:\/\/progettotouring.it\/radiotouring104\/#organization","name":"Radio Touring 104","url":"https:\/\/progettotouring.it\/radiotouring104\/","logo":{"@type":"ImageObject","inLanguage":"it-IT","@id":"https:\/\/progettotouring.it\/radiotouring104\/#\/schema\/logo\/image\/","url":"https:\/\/progettotouring.it\/radiotouring104\/wp-content\/uploads\/sites\/6\/2022\/02\/cropped-logo-radio-touring-104.png","contentUrl":"https:\/\/progettotouring.it\/radiotouring104\/wp-content\/uploads\/sites\/6\/2022\/02\/cropped-logo-radio-touring-104.png","width":377,"height":182,"caption":"Radio Touring 104"},"image":{"@id":"https:\/\/progettotouring.it\/radiotouring104\/#\/schema\/logo\/image\/"}},{"@type":"Person","@id":"https:\/\/progettotouring.it\/radiotouring104\/#\/schema\/person\/78613917f1851f041f7483f5af1d422e","name":"Sebastiano Plutino","image":{"@type":"ImageObject","inLanguage":"it-IT","@id":"https:\/\/secure.gravatar.com\/avatar\/0546ffaa9b79224faf9f2a156b67a529ae861d3287c66c1d8ccfdf909bcba78d?s=96&d=mm&r=g","url":"https:\/\/secure.gravatar.com\/avatar\/0546ffaa9b79224faf9f2a156b67a529ae861d3287c66c1d8ccfdf909bcba78d?s=96&d=mm&r=g","contentUrl":"https:\/\/secure.gravatar.com\/avatar\/0546ffaa9b79224faf9f2a156b67a529ae861d3287c66c1d8ccfdf909bcba78d?s=96&d=mm&r=g","caption":"Sebastiano Plutino"},"url":"https:\/\/progettotouring.it\/radiotouring104\/author\/sebastiano\/"}]}},"jetpack_publicize_connections":[],"jetpack_featured_media_url":"https:\/\/progettotouring.it\/radiotouring104\/wp-content\/uploads\/sites\/6\/2024\/05\/ente-nazionale-sordomuti-2.jpeg","jetpack_sharing_enabled":true,"_links":{"self":[{"href":"https:\/\/progettotouring.it\/radiotouring104\/wp-json\/wp\/v2\/posts\/51307","targetHints":{"allow":["GET"]}}],"collection":[{"href":"https:\/\/progettotouring.it\/radiotouring104\/wp-json\/wp\/v2\/posts"}],"about":[{"href":"https:\/\/progettotouring.it\/radiotouring104\/wp-json\/wp\/v2\/types\/post"}],"author":[{"embeddable":true,"href":"https:\/\/progettotouring.it\/radiotouring104\/wp-json\/wp\/v2\/users\/12"}],"replies":[{"embeddable":true,"href":"https:\/\/progettotouring.it\/radiotouring104\/wp-json\/wp\/v2\/comments?post=51307"}],"version-history":[{"count":1,"href":"https:\/\/progettotouring.it\/radiotouring104\/wp-json\/wp\/v2\/posts\/51307\/revisions"}],"predecessor-version":[{"id":51309,"href":"https:\/\/progettotouring.it\/radiotouring104\/wp-json\/wp\/v2\/posts\/51307\/revisions\/51309"}],"wp:featuredmedia":[{"embeddable":true,"href":"https:\/\/progettotouring.it\/radiotouring104\/wp-json\/wp\/v2\/media\/51308"}],"wp:attachment":[{"href":"https:\/\/progettotouring.it\/radiotouring104\/wp-json\/wp\/v2\/media?parent=51307"}],"wp:term":[{"taxonomy":"category","embeddable":true,"href":"https:\/\/progettotouring.it\/radiotouring104\/wp-json\/wp\/v2\/categories?post=51307"},{"taxonomy":"post_tag","embeddable":true,"href":"https:\/\/progettotouring.it\/radiotouring104\/wp-json\/wp\/v2\/tags?post=51307"}],"curies":[{"name":"wp","href":"https:\/\/api.w.org\/{rel}","templated":true}]}}