{"id":51313,"date":"2024-05-13T12:23:55","date_gmt":"2024-05-13T10:23:55","guid":{"rendered":"https:\/\/progettotouring.it\/radiotouring104\/?p=51313"},"modified":"2024-05-13T12:23:55","modified_gmt":"2024-05-13T10:23:55","slug":"elezioni-europee-il-sindaco-di-bari-decaro-domani-al-cineteatro-odeon","status":"publish","type":"post","link":"https:\/\/progettotouring.it\/radiotouring104\/2024\/05\/13\/elezioni-europee-il-sindaco-di-bari-decaro-domani-al-cineteatro-odeon\/","title":{"rendered":"Elezioni Europee: il sindaco di Bari, Decaro, domani al CineTeatro Odeon"},"content":{"rendered":"<p style=\"text-align: justify\">La citt\u00e0 di <strong>Reggio Calabria si prepara ad accogliere Antonio Decaro. domani alle ore 19.00, al CineTeatro Odeon<\/strong> di via Cananzi (incrocio via De Nava)<strong> per un incontro con i reggini.<\/strong><\/p>\n<p><strong>Ad accoglierlo<\/strong> ci sar\u00e0 il sindaco della Citt\u00e0 Metropolitana<strong> Giuseppe Falcomat\u00e0,<\/strong> insieme ad altri Sindaci ed amministratori del territorio metropolitano e calabrese, dirigenti del Partito Democratico e rappresentanti di associazioni, forze sindacali e associazioni di categoria.<\/p>\n<p><strong>Antonio Decaro \u00e8 sindaco di Bari<\/strong>, Presidente dell&#8217;Associazione Nazionale dei Comuni Italiani e dirigente nazionale del Partito Democratico. <strong>E&#8217; candidato capolista del Pd alle elezioni europee nella Circoscrizione Sud.<\/strong> Negli ultimi anni in pi\u00f9 occasioni ha visitato la citt\u00e0 di Reggio Calabria per incontri ufficiali.<\/p>\n<p>Da tempo<strong> \u00e8 protagonista,<\/strong> insieme ad altri importanti sindaci italiani, <strong>della battaglia contro la legge sull&#8217;autonomia differenziata,<\/strong> che costituirebbe un colpo mortale all&#8217;economia delle regioni del Sud Italia.<\/p>\n<p>E proprio il<strong> Mezzogiorno sar\u00e0 il focus principale dell&#8217;iniziativa prevista per marted\u00ec 14 maggio al CineTeatro Odeon,<\/strong> dal titolo <em>&#8220;Portiamo il Sud in Europa&#8221;<\/em>, durante la quale ci si soffermer\u00e0 proprio sui temi legati alla coesione, alla perequazione delle risorse per il Mezzogiorno e sulle opportunit\u00e0 di sviluppo legate all&#8217;utilizzo da parte degli Enti locali dei fondi europei e del Pnrr.<\/p>\n<div style=\"text-align: justify\"><\/div>\n<div style=\"text-align: justify\"><strong>L&#8217;ingresso al CineTeatro Odeon sar\u00e0 libero e gratuito.<\/strong><\/div>\n","protected":false},"excerpt":{"rendered":"<p>La citt\u00e0 di Reggio Calabria si prepara ad accogliere Antonio Decaro. domani alle ore 19.00, al CineTeatro Odeon di via Cananzi (incrocio via De Nava) per un incontro con i&hellip;<\/p>\n","protected":false},"author":12,"featured_media":51314,"comment_status":"closed","ping_status":"open","sticky":false,"template":"","format":"standard","meta":{"_jetpack_memberships_contains_paid_content":false,"footnotes":"","jetpack_publicize_message":"","jetpack_publicize_feature_enabled":true,"jetpack_social_post_already_shared":false,"jetpack_social_options":{"image_generator_settings":{"template":"highway","default_image_id":0,"font":"","enabled":false},"version":2}},"categories":[921,196,140],"tags":[1999,13101,6518,19637,30465,31452],"class_list":["post-51313","post","type-post","status-publish","format-standard","has-post-thumbnail","hentry","category-home","category-news","category-reggio-calabria","tag-anci","tag-antonio-decaro","tag-autonomia-differenziata","tag-elezioni-europee","tag-falcomata-giuseppe","tag-teatro-odeon"],"yoast_head":"<!-- This site is optimized with the Yoast SEO plugin v27.2 - https:\/\/yoast.com\/product\/yoast-seo-wordpress\/ -->\n<title>Elezioni Europee: il sindaco Decaro domani al CineTeatro Odeon<\/title>\n<meta name=\"description\" content=\"Il Sindaco Falcomat\u00e0 accoglier\u00e0 il sindaco di Bari Antonio Decaro. domani alle ore 19.00 Decaro, al CineTeatro Odeon\" \/>\n<meta name=\"robots\" content=\"index, follow, max-snippet:-1, max-image-preview:large, max-video-preview:-1\" \/>\n<link rel=\"canonical\" href=\"https:\/\/progettotouring.it\/radiotouring104\/2024\/05\/13\/elezioni-europee-il-sindaco-di-bari-decaro-domani-al-cineteatro-odeon\/\" \/>\n<meta property=\"og:locale\" content=\"it_IT\" \/>\n<meta property=\"og:type\" content=\"article\" \/>\n<meta property=\"og:title\" content=\"Elezioni Europee: il sindaco Decaro domani al CineTeatro Odeon\" \/>\n<meta property=\"og:description\" content=\"Il Sindaco Falcomat\u00e0 accoglier\u00e0 il sindaco di Bari Antonio Decaro. domani alle ore 19.00 Decaro, al CineTeatro Odeon\" \/>\n<meta property=\"og:url\" content=\"https:\/\/progettotouring.it\/radiotouring104\/2024\/05\/13\/elezioni-europee-il-sindaco-di-bari-decaro-domani-al-cineteatro-odeon\/\" \/>\n<meta property=\"og:site_name\" content=\"Radio Touring 104\" \/>\n<meta property=\"article:published_time\" content=\"2024-05-13T10:23:55+00:00\" \/>\n<meta property=\"og:image\" content=\"https:\/\/progettotouring.it\/radiotouring104\/wp-content\/uploads\/sites\/6\/2024\/05\/decaro-falcomata.jpeg\" \/>\n\t<meta property=\"og:image:width\" content=\"1920\" \/>\n\t<meta property=\"og:image:height\" content=\"1080\" \/>\n\t<meta property=\"og:image:type\" content=\"image\/jpeg\" \/>\n<meta name=\"author\" content=\"Sebastiano Plutino\" \/>\n<meta name=\"twitter:card\" content=\"summary_large_image\" \/>\n<meta name=\"twitter:label1\" content=\"Scritto da\" \/>\n\t<meta name=\"twitter:data1\" content=\"Sebastiano Plutino\" \/>\n\t<meta name=\"twitter:label2\" content=\"Tempo di lettura stimato\" \/>\n\t<meta name=\"twitter:data2\" content=\"1 minuto\" \/>\n<script type=\"application\/ld+json\" class=\"yoast-schema-graph\">{\"@context\":\"https:\/\/schema.org\",\"@graph\":[{\"@type\":\"Article\",\"@id\":\"https:\/\/progettotouring.it\/radiotouring104\/2024\/05\/13\/elezioni-europee-il-sindaco-di-bari-decaro-domani-al-cineteatro-odeon\/#article\",\"isPartOf\":{\"@id\":\"https:\/\/progettotouring.it\/radiotouring104\/2024\/05\/13\/elezioni-europee-il-sindaco-di-bari-decaro-domani-al-cineteatro-odeon\/\"},\"author\":{\"name\":\"Sebastiano Plutino\",\"@id\":\"https:\/\/progettotouring.it\/radiotouring104\/#\/schema\/person\/78613917f1851f041f7483f5af1d422e\"},\"headline\":\"Elezioni Europee: il sindaco di Bari, Decaro, domani al CineTeatro Odeon\",\"datePublished\":\"2024-05-13T10:23:55+00:00\",\"mainEntityOfPage\":{\"@id\":\"https:\/\/progettotouring.it\/radiotouring104\/2024\/05\/13\/elezioni-europee-il-sindaco-di-bari-decaro-domani-al-cineteatro-odeon\/\"},\"wordCount\":216,\"publisher\":{\"@id\":\"https:\/\/progettotouring.it\/radiotouring104\/#organization\"},\"image\":{\"@id\":\"https:\/\/progettotouring.it\/radiotouring104\/2024\/05\/13\/elezioni-europee-il-sindaco-di-bari-decaro-domani-al-cineteatro-odeon\/#primaryimage\"},\"thumbnailUrl\":\"https:\/\/progettotouring.it\/radiotouring104\/wp-content\/uploads\/sites\/6\/2024\/05\/decaro-falcomata.jpeg\",\"keywords\":[\"Anci\",\"Antonio Decaro\",\"autonomia differenziata\",\"elezioni Europee\",\"Falcomat\u00e0 Giuseppe\",\"Teatro Odeon\"],\"articleSection\":[\"Home\",\"News\",\"Reggio Calabria\"],\"inLanguage\":\"it-IT\"},{\"@type\":\"WebPage\",\"@id\":\"https:\/\/progettotouring.it\/radiotouring104\/2024\/05\/13\/elezioni-europee-il-sindaco-di-bari-decaro-domani-al-cineteatro-odeon\/\",\"url\":\"https:\/\/progettotouring.it\/radiotouring104\/2024\/05\/13\/elezioni-europee-il-sindaco-di-bari-decaro-domani-al-cineteatro-odeon\/\",\"name\":\"Elezioni Europee: il sindaco Decaro domani al CineTeatro Odeon\",\"isPartOf\":{\"@id\":\"https:\/\/progettotouring.it\/radiotouring104\/#website\"},\"primaryImageOfPage\":{\"@id\":\"https:\/\/progettotouring.it\/radiotouring104\/2024\/05\/13\/elezioni-europee-il-sindaco-di-bari-decaro-domani-al-cineteatro-odeon\/#primaryimage\"},\"image\":{\"@id\":\"https:\/\/progettotouring.it\/radiotouring104\/2024\/05\/13\/elezioni-europee-il-sindaco-di-bari-decaro-domani-al-cineteatro-odeon\/#primaryimage\"},\"thumbnailUrl\":\"https:\/\/progettotouring.it\/radiotouring104\/wp-content\/uploads\/sites\/6\/2024\/05\/decaro-falcomata.jpeg\",\"datePublished\":\"2024-05-13T10:23:55+00:00\",\"description\":\"Il Sindaco Falcomat\u00e0 accoglier\u00e0 il sindaco di Bari Antonio Decaro. domani alle ore 19.00 Decaro, al CineTeatro Odeon\",\"breadcrumb\":{\"@id\":\"https:\/\/progettotouring.it\/radiotouring104\/2024\/05\/13\/elezioni-europee-il-sindaco-di-bari-decaro-domani-al-cineteatro-odeon\/#breadcrumb\"},\"inLanguage\":\"it-IT\",\"potentialAction\":[{\"@type\":\"ReadAction\",\"target\":[\"https:\/\/progettotouring.it\/radiotouring104\/2024\/05\/13\/elezioni-europee-il-sindaco-di-bari-decaro-domani-al-cineteatro-odeon\/\"]}]},{\"@type\":\"ImageObject\",\"inLanguage\":\"it-IT\",\"@id\":\"https:\/\/progettotouring.it\/radiotouring104\/2024\/05\/13\/elezioni-europee-il-sindaco-di-bari-decaro-domani-al-cineteatro-odeon\/#primaryimage\",\"url\":\"https:\/\/progettotouring.it\/radiotouring104\/wp-content\/uploads\/sites\/6\/2024\/05\/decaro-falcomata.jpeg\",\"contentUrl\":\"https:\/\/progettotouring.it\/radiotouring104\/wp-content\/uploads\/sites\/6\/2024\/05\/decaro-falcomata.jpeg\",\"width\":1920,\"height\":1080},{\"@type\":\"BreadcrumbList\",\"@id\":\"https:\/\/progettotouring.it\/radiotouring104\/2024\/05\/13\/elezioni-europee-il-sindaco-di-bari-decaro-domani-al-cineteatro-odeon\/#breadcrumb\",\"itemListElement\":[{\"@type\":\"ListItem\",\"position\":1,\"name\":\"Home\",\"item\":\"https:\/\/progettotouring.it\/radiotouring104\/\"},{\"@type\":\"ListItem\",\"position\":2,\"name\":\"Elezioni Europee: il sindaco di Bari, Decaro, domani al CineTeatro Odeon\"}]},{\"@type\":\"WebSite\",\"@id\":\"https:\/\/progettotouring.it\/radiotouring104\/#website\",\"url\":\"https:\/\/progettotouring.it\/radiotouring104\/\",\"name\":\"Radio Touring 104\",\"description\":\"La prima radio Reggina\",\"publisher\":{\"@id\":\"https:\/\/progettotouring.it\/radiotouring104\/#organization\"},\"potentialAction\":[{\"@type\":\"SearchAction\",\"target\":{\"@type\":\"EntryPoint\",\"urlTemplate\":\"https:\/\/progettotouring.it\/radiotouring104\/?s={search_term_string}\"},\"query-input\":{\"@type\":\"PropertyValueSpecification\",\"valueRequired\":true,\"valueName\":\"search_term_string\"}}],\"inLanguage\":\"it-IT\"},{\"@type\":\"Organization\",\"@id\":\"https:\/\/progettotouring.it\/radiotouring104\/#organization\",\"name\":\"Radio Touring 104\",\"url\":\"https:\/\/progettotouring.it\/radiotouring104\/\",\"logo\":{\"@type\":\"ImageObject\",\"inLanguage\":\"it-IT\",\"@id\":\"https:\/\/progettotouring.it\/radiotouring104\/#\/schema\/logo\/image\/\",\"url\":\"https:\/\/progettotouring.it\/radiotouring104\/wp-content\/uploads\/sites\/6\/2022\/02\/cropped-logo-radio-touring-104.png\",\"contentUrl\":\"https:\/\/progettotouring.it\/radiotouring104\/wp-content\/uploads\/sites\/6\/2022\/02\/cropped-logo-radio-touring-104.png\",\"width\":377,\"height\":182,\"caption\":\"Radio Touring 104\"},\"image\":{\"@id\":\"https:\/\/progettotouring.it\/radiotouring104\/#\/schema\/logo\/image\/\"}},{\"@type\":\"Person\",\"@id\":\"https:\/\/progettotouring.it\/radiotouring104\/#\/schema\/person\/78613917f1851f041f7483f5af1d422e\",\"name\":\"Sebastiano Plutino\",\"image\":{\"@type\":\"ImageObject\",\"inLanguage\":\"it-IT\",\"@id\":\"https:\/\/secure.gravatar.com\/avatar\/0546ffaa9b79224faf9f2a156b67a529ae861d3287c66c1d8ccfdf909bcba78d?s=96&d=mm&r=g\",\"url\":\"https:\/\/secure.gravatar.com\/avatar\/0546ffaa9b79224faf9f2a156b67a529ae861d3287c66c1d8ccfdf909bcba78d?s=96&d=mm&r=g\",\"contentUrl\":\"https:\/\/secure.gravatar.com\/avatar\/0546ffaa9b79224faf9f2a156b67a529ae861d3287c66c1d8ccfdf909bcba78d?s=96&d=mm&r=g\",\"caption\":\"Sebastiano Plutino\"},\"url\":\"https:\/\/progettotouring.it\/radiotouring104\/author\/sebastiano\/\"}]}<\/script>\n<!-- \/ Yoast SEO plugin. -->","yoast_head_json":{"title":"Elezioni Europee: il sindaco Decaro domani al CineTeatro Odeon","description":"Il Sindaco Falcomat\u00e0 accoglier\u00e0 il sindaco di Bari Antonio Decaro. domani alle ore 19.00 Decaro, al CineTeatro Odeon","robots":{"index":"index","follow":"follow","max-snippet":"max-snippet:-1","max-image-preview":"max-image-preview:large","max-video-preview":"max-video-preview:-1"},"canonical":"https:\/\/progettotouring.it\/radiotouring104\/2024\/05\/13\/elezioni-europee-il-sindaco-di-bari-decaro-domani-al-cineteatro-odeon\/","og_locale":"it_IT","og_type":"article","og_title":"Elezioni Europee: il sindaco Decaro domani al CineTeatro Odeon","og_description":"Il Sindaco Falcomat\u00e0 accoglier\u00e0 il sindaco di Bari Antonio Decaro. domani alle ore 19.00 Decaro, al CineTeatro Odeon","og_url":"https:\/\/progettotouring.it\/radiotouring104\/2024\/05\/13\/elezioni-europee-il-sindaco-di-bari-decaro-domani-al-cineteatro-odeon\/","og_site_name":"Radio Touring 104","article_published_time":"2024-05-13T10:23:55+00:00","og_image":[{"width":1920,"height":1080,"url":"https:\/\/progettotouring.it\/radiotouring104\/wp-content\/uploads\/sites\/6\/2024\/05\/decaro-falcomata.jpeg","type":"image\/jpeg"}],"author":"Sebastiano Plutino","twitter_card":"summary_large_image","twitter_misc":{"Scritto da":"Sebastiano Plutino","Tempo di lettura stimato":"1 minuto"},"schema":{"@context":"https:\/\/schema.org","@graph":[{"@type":"Article","@id":"https:\/\/progettotouring.it\/radiotouring104\/2024\/05\/13\/elezioni-europee-il-sindaco-di-bari-decaro-domani-al-cineteatro-odeon\/#article","isPartOf":{"@id":"https:\/\/progettotouring.it\/radiotouring104\/2024\/05\/13\/elezioni-europee-il-sindaco-di-bari-decaro-domani-al-cineteatro-odeon\/"},"author":{"name":"Sebastiano Plutino","@id":"https:\/\/progettotouring.it\/radiotouring104\/#\/schema\/person\/78613917f1851f041f7483f5af1d422e"},"headline":"Elezioni Europee: il sindaco di Bari, Decaro, domani al CineTeatro Odeon","datePublished":"2024-05-13T10:23:55+00:00","mainEntityOfPage":{"@id":"https:\/\/progettotouring.it\/radiotouring104\/2024\/05\/13\/elezioni-europee-il-sindaco-di-bari-decaro-domani-al-cineteatro-odeon\/"},"wordCount":216,"publisher":{"@id":"https:\/\/progettotouring.it\/radiotouring104\/#organization"},"image":{"@id":"https:\/\/progettotouring.it\/radiotouring104\/2024\/05\/13\/elezioni-europee-il-sindaco-di-bari-decaro-domani-al-cineteatro-odeon\/#primaryimage"},"thumbnailUrl":"https:\/\/progettotouring.it\/radiotouring104\/wp-content\/uploads\/sites\/6\/2024\/05\/decaro-falcomata.jpeg","keywords":["Anci","Antonio Decaro","autonomia differenziata","elezioni Europee","Falcomat\u00e0 Giuseppe","Teatro Odeon"],"articleSection":["Home","News","Reggio Calabria"],"inLanguage":"it-IT"},{"@type":"WebPage","@id":"https:\/\/progettotouring.it\/radiotouring104\/2024\/05\/13\/elezioni-europee-il-sindaco-di-bari-decaro-domani-al-cineteatro-odeon\/","url":"https:\/\/progettotouring.it\/radiotouring104\/2024\/05\/13\/elezioni-europee-il-sindaco-di-bari-decaro-domani-al-cineteatro-odeon\/","name":"Elezioni Europee: il sindaco Decaro domani al CineTeatro Odeon","isPartOf":{"@id":"https:\/\/progettotouring.it\/radiotouring104\/#website"},"primaryImageOfPage":{"@id":"https:\/\/progettotouring.it\/radiotouring104\/2024\/05\/13\/elezioni-europee-il-sindaco-di-bari-decaro-domani-al-cineteatro-odeon\/#primaryimage"},"image":{"@id":"https:\/\/progettotouring.it\/radiotouring104\/2024\/05\/13\/elezioni-europee-il-sindaco-di-bari-decaro-domani-al-cineteatro-odeon\/#primaryimage"},"thumbnailUrl":"https:\/\/progettotouring.it\/radiotouring104\/wp-content\/uploads\/sites\/6\/2024\/05\/decaro-falcomata.jpeg","datePublished":"2024-05-13T10:23:55+00:00","description":"Il Sindaco Falcomat\u00e0 accoglier\u00e0 il sindaco di Bari Antonio Decaro. domani alle ore 19.00 Decaro, al CineTeatro Odeon","breadcrumb":{"@id":"https:\/\/progettotouring.it\/radiotouring104\/2024\/05\/13\/elezioni-europee-il-sindaco-di-bari-decaro-domani-al-cineteatro-odeon\/#breadcrumb"},"inLanguage":"it-IT","potentialAction":[{"@type":"ReadAction","target":["https:\/\/progettotouring.it\/radiotouring104\/2024\/05\/13\/elezioni-europee-il-sindaco-di-bari-decaro-domani-al-cineteatro-odeon\/"]}]},{"@type":"ImageObject","inLanguage":"it-IT","@id":"https:\/\/progettotouring.it\/radiotouring104\/2024\/05\/13\/elezioni-europee-il-sindaco-di-bari-decaro-domani-al-cineteatro-odeon\/#primaryimage","url":"https:\/\/progettotouring.it\/radiotouring104\/wp-content\/uploads\/sites\/6\/2024\/05\/decaro-falcomata.jpeg","contentUrl":"https:\/\/progettotouring.it\/radiotouring104\/wp-content\/uploads\/sites\/6\/2024\/05\/decaro-falcomata.jpeg","width":1920,"height":1080},{"@type":"BreadcrumbList","@id":"https:\/\/progettotouring.it\/radiotouring104\/2024\/05\/13\/elezioni-europee-il-sindaco-di-bari-decaro-domani-al-cineteatro-odeon\/#breadcrumb","itemListElement":[{"@type":"ListItem","position":1,"name":"Home","item":"https:\/\/progettotouring.it\/radiotouring104\/"},{"@type":"ListItem","position":2,"name":"Elezioni Europee: il sindaco di Bari, Decaro, domani al CineTeatro Odeon"}]},{"@type":"WebSite","@id":"https:\/\/progettotouring.it\/radiotouring104\/#website","url":"https:\/\/progettotouring.it\/radiotouring104\/","name":"Radio Touring 104","description":"La prima radio Reggina","publisher":{"@id":"https:\/\/progettotouring.it\/radiotouring104\/#organization"},"potentialAction":[{"@type":"SearchAction","target":{"@type":"EntryPoint","urlTemplate":"https:\/\/progettotouring.it\/radiotouring104\/?s={search_term_string}"},"query-input":{"@type":"PropertyValueSpecification","valueRequired":true,"valueName":"search_term_string"}}],"inLanguage":"it-IT"},{"@type":"Organization","@id":"https:\/\/progettotouring.it\/radiotouring104\/#organization","name":"Radio Touring 104","url":"https:\/\/progettotouring.it\/radiotouring104\/","logo":{"@type":"ImageObject","inLanguage":"it-IT","@id":"https:\/\/progettotouring.it\/radiotouring104\/#\/schema\/logo\/image\/","url":"https:\/\/progettotouring.it\/radiotouring104\/wp-content\/uploads\/sites\/6\/2022\/02\/cropped-logo-radio-touring-104.png","contentUrl":"https:\/\/progettotouring.it\/radiotouring104\/wp-content\/uploads\/sites\/6\/2022\/02\/cropped-logo-radio-touring-104.png","width":377,"height":182,"caption":"Radio Touring 104"},"image":{"@id":"https:\/\/progettotouring.it\/radiotouring104\/#\/schema\/logo\/image\/"}},{"@type":"Person","@id":"https:\/\/progettotouring.it\/radiotouring104\/#\/schema\/person\/78613917f1851f041f7483f5af1d422e","name":"Sebastiano Plutino","image":{"@type":"ImageObject","inLanguage":"it-IT","@id":"https:\/\/secure.gravatar.com\/avatar\/0546ffaa9b79224faf9f2a156b67a529ae861d3287c66c1d8ccfdf909bcba78d?s=96&d=mm&r=g","url":"https:\/\/secure.gravatar.com\/avatar\/0546ffaa9b79224faf9f2a156b67a529ae861d3287c66c1d8ccfdf909bcba78d?s=96&d=mm&r=g","contentUrl":"https:\/\/secure.gravatar.com\/avatar\/0546ffaa9b79224faf9f2a156b67a529ae861d3287c66c1d8ccfdf909bcba78d?s=96&d=mm&r=g","caption":"Sebastiano Plutino"},"url":"https:\/\/progettotouring.it\/radiotouring104\/author\/sebastiano\/"}]}},"jetpack_publicize_connections":[],"jetpack_featured_media_url":"https:\/\/progettotouring.it\/radiotouring104\/wp-content\/uploads\/sites\/6\/2024\/05\/decaro-falcomata.jpeg","jetpack_sharing_enabled":true,"_links":{"self":[{"href":"https:\/\/progettotouring.it\/radiotouring104\/wp-json\/wp\/v2\/posts\/51313","targetHints":{"allow":["GET"]}}],"collection":[{"href":"https:\/\/progettotouring.it\/radiotouring104\/wp-json\/wp\/v2\/posts"}],"about":[{"href":"https:\/\/progettotouring.it\/radiotouring104\/wp-json\/wp\/v2\/types\/post"}],"author":[{"embeddable":true,"href":"https:\/\/progettotouring.it\/radiotouring104\/wp-json\/wp\/v2\/users\/12"}],"replies":[{"embeddable":true,"href":"https:\/\/progettotouring.it\/radiotouring104\/wp-json\/wp\/v2\/comments?post=51313"}],"version-history":[{"count":1,"href":"https:\/\/progettotouring.it\/radiotouring104\/wp-json\/wp\/v2\/posts\/51313\/revisions"}],"predecessor-version":[{"id":51315,"href":"https:\/\/progettotouring.it\/radiotouring104\/wp-json\/wp\/v2\/posts\/51313\/revisions\/51315"}],"wp:featuredmedia":[{"embeddable":true,"href":"https:\/\/progettotouring.it\/radiotouring104\/wp-json\/wp\/v2\/media\/51314"}],"wp:attachment":[{"href":"https:\/\/progettotouring.it\/radiotouring104\/wp-json\/wp\/v2\/media?parent=51313"}],"wp:term":[{"taxonomy":"category","embeddable":true,"href":"https:\/\/progettotouring.it\/radiotouring104\/wp-json\/wp\/v2\/categories?post=51313"},{"taxonomy":"post_tag","embeddable":true,"href":"https:\/\/progettotouring.it\/radiotouring104\/wp-json\/wp\/v2\/tags?post=51313"}],"curies":[{"name":"wp","href":"https:\/\/api.w.org\/{rel}","templated":true}]}}