{"id":51316,"date":"2024-05-13T12:35:09","date_gmt":"2024-05-13T10:35:09","guid":{"rendered":"https:\/\/progettotouring.it\/radiotouring104\/?p=51316"},"modified":"2024-05-13T13:06:35","modified_gmt":"2024-05-13T11:06:35","slug":"reggio-ok-a-progetto-su-riassetto-rete-elettrica-nei-comuni-di-reggio-san-procopio-e-sinopoli","status":"publish","type":"post","link":"https:\/\/progettotouring.it\/radiotouring104\/2024\/05\/13\/reggio-ok-a-progetto-su-riassetto-rete-elettrica-nei-comuni-di-reggio-san-procopio-e-sinopoli\/","title":{"rendered":"Reggio: ok a progetto su riassetto rete elettrica nei comuni di Reggio, San Procopio e Sinopoli"},"content":{"rendered":"<p style=\"text-align: justify\">A seguito dell&#8217;<strong>approvazione da parte dei Ministeri di competenza del progetto definitivo del riassetto della rete elettrica a 150 kV nei comuni di<\/strong> San Procopio, Sinopoli e Melicucc\u00e0 della Citt\u00e0 metropolitana di Reggio Calabria,<\/p>\n<p style=\"text-align: justify\"><strong>Lo riferisce un comunicato della societ\u00e0<\/strong> <em>&#8220;Il progetto di ammodernamento strutturale della rete elettrica dell&#8217;area, per il quale la societ\u00e0 guidata da Giuseppina Di Foggia investir\u00e0 oltre 3 milioni di euro &#8211;<\/em><strong> \u00e8 detto nel comunicato <\/strong><em>&#8211; garantir\u00e0 una maggiore affidabilit\u00e0 di esercizio e sostenibilit\u00e0 ambientale grazie alla riduzione dell&#8217;impatto sul territorio delle linee aeree esistenti. Inoltre, l&#8217;opera permetter\u00e0 di sfruttare maggiormente l&#8217;energia addizionale, messa a disposizione anche attraverso il completamento del collegamento sottomarino a 380 kV &#8216;Sorgente &#8211; Rizziconi&#8217;, garantendo cos\u00ec una pi\u00f9 efficiente copertura del fabbisogno dell&#8217;area&#8221;.<\/em><\/p>\n<p style=\"text-align: justify\">Nel dettaglio,<strong> Terna realizzer\u00e0 un nuovo elettrodotto aereo di circa 4 chilometri, denominato<\/strong> <em>&#8220;San Procopio &#8211; Palmi Sud&#8221;<\/em>, grazie al quale sar\u00e0 possibile demolire l&#8217;intero collegamento a 150 kV<em> &#8220;Scilla &#8211; San Procopio&#8221;<\/em><strong> lungo 14 chilometri e un tratto di 11 chilometri dell&#8217;elettrodotto a 150 kV <\/strong><em>&#8220;Palmi Sud &#8211; Scilla&#8221;.<\/em><\/p>\n<div id=\"inArticle\">\n<aside>\n<div class=\"ob-smartfeed-wrapper feedIdx-0\">\n<div id=\"outbrain_widget_0\" class=\"OUTBRAIN\" data-src=\"DROP_PERMALINK_HERE\" data-widget-id=\"AR_4\" data-ob-mark=\"true\" data-browser=\"chrome\" data-os=\"win32\" data-dynload=\"\" data-idx=\"0\">\n<div class=\"ob-widget ob-feed-layout CR_7\">\n<div class=\"ob-widget-header\"><span class=\"ob-widget-text\">\u00a0<\/span><\/div>\n<\/div>\n<\/div>\n<\/div>\n<\/aside>\n<\/div>\n","protected":false},"excerpt":{"rendered":"<p>A seguito dell&#8217;approvazione da parte dei Ministeri di competenza del progetto definitivo del riassetto della rete elettrica a 150 kV nei comuni di San Procopio, Sinopoli e Melicucc\u00e0 della Citt\u00e0&hellip;<\/p>\n","protected":false},"author":12,"featured_media":51318,"comment_status":"closed","ping_status":"open","sticky":false,"template":"","format":"standard","meta":{"_jetpack_memberships_contains_paid_content":false,"footnotes":"","jetpack_publicize_message":"","jetpack_publicize_feature_enabled":true,"jetpack_social_post_already_shared":false,"jetpack_social_options":{"image_generator_settings":{"template":"highway","default_image_id":0,"font":"","enabled":false},"version":2}},"categories":[921,150,196,140],"tags":[31455,563,31454,2651,4815,31453],"class_list":["post-51316","post","type-post","status-publish","format-standard","has-post-thumbnail","hentry","category-home","category-in-primo-piano","category-news","category-reggio-calabria","tag-scilla-san-procopio","tag-citta-metropolitana-di-reggio-calabria","tag-riassetto-della-rete-elettrica","tag-san-procopio","tag-sinopoli","tag-societa-terna"],"yoast_head":"<!-- This site is optimized with the Yoast SEO plugin v27.2 - https:\/\/yoast.com\/product\/yoast-seo-wordpress\/ -->\n<title>Reggio: ok a progetto su riassetto rete elettrica in comuni reggini<\/title>\n<meta name=\"description\" content=\"Ok progetto definitivo del riassetto della rete elettrica a 150 kV nei comuni di San Procopio, Sinopoli e Melicucc\u00e0 della Citt\u00e0 metropolitana\" \/>\n<meta name=\"robots\" content=\"index, follow, max-snippet:-1, max-image-preview:large, max-video-preview:-1\" \/>\n<link rel=\"canonical\" href=\"https:\/\/progettotouring.it\/radiotouring104\/2024\/05\/13\/reggio-ok-a-progetto-su-riassetto-rete-elettrica-nei-comuni-di-reggio-san-procopio-e-sinopoli\/\" \/>\n<meta property=\"og:locale\" content=\"it_IT\" \/>\n<meta property=\"og:type\" content=\"article\" \/>\n<meta property=\"og:title\" content=\"Reggio: ok a progetto su riassetto rete elettrica in comuni reggini\" \/>\n<meta property=\"og:description\" content=\"Ok progetto definitivo del riassetto della rete elettrica a 150 kV nei comuni di San Procopio, Sinopoli e Melicucc\u00e0 della Citt\u00e0 metropolitana\" \/>\n<meta property=\"og:url\" content=\"https:\/\/progettotouring.it\/radiotouring104\/2024\/05\/13\/reggio-ok-a-progetto-su-riassetto-rete-elettrica-nei-comuni-di-reggio-san-procopio-e-sinopoli\/\" \/>\n<meta property=\"og:site_name\" content=\"Radio Touring 104\" \/>\n<meta property=\"article:published_time\" content=\"2024-05-13T10:35:09+00:00\" \/>\n<meta property=\"article:modified_time\" content=\"2024-05-13T11:06:35+00:00\" \/>\n<meta property=\"og:image\" content=\"https:\/\/progettotouring.it\/radiotouring104\/wp-content\/uploads\/sites\/6\/2024\/05\/Rete-elettrica.jpg\" \/>\n\t<meta property=\"og:image:width\" content=\"800\" \/>\n\t<meta property=\"og:image:height\" content=\"600\" \/>\n\t<meta property=\"og:image:type\" content=\"image\/jpeg\" \/>\n<meta name=\"author\" content=\"Sebastiano Plutino\" \/>\n<meta name=\"twitter:card\" content=\"summary_large_image\" \/>\n<meta name=\"twitter:label1\" content=\"Scritto da\" \/>\n\t<meta name=\"twitter:data1\" content=\"Sebastiano Plutino\" \/>\n\t<meta name=\"twitter:label2\" content=\"Tempo di lettura stimato\" \/>\n\t<meta name=\"twitter:data2\" content=\"1 minuto\" \/>\n<script type=\"application\/ld+json\" class=\"yoast-schema-graph\">{\"@context\":\"https:\/\/schema.org\",\"@graph\":[{\"@type\":\"Article\",\"@id\":\"https:\/\/progettotouring.it\/radiotouring104\/2024\/05\/13\/reggio-ok-a-progetto-su-riassetto-rete-elettrica-nei-comuni-di-reggio-san-procopio-e-sinopoli\/#article\",\"isPartOf\":{\"@id\":\"https:\/\/progettotouring.it\/radiotouring104\/2024\/05\/13\/reggio-ok-a-progetto-su-riassetto-rete-elettrica-nei-comuni-di-reggio-san-procopio-e-sinopoli\/\"},\"author\":{\"name\":\"Sebastiano Plutino\",\"@id\":\"https:\/\/progettotouring.it\/radiotouring104\/#\/schema\/person\/78613917f1851f041f7483f5af1d422e\"},\"headline\":\"Reggio: ok a progetto su riassetto rete elettrica nei comuni di Reggio, San Procopio e Sinopoli\",\"datePublished\":\"2024-05-13T10:35:09+00:00\",\"dateModified\":\"2024-05-13T11:06:35+00:00\",\"mainEntityOfPage\":{\"@id\":\"https:\/\/progettotouring.it\/radiotouring104\/2024\/05\/13\/reggio-ok-a-progetto-su-riassetto-rete-elettrica-nei-comuni-di-reggio-san-procopio-e-sinopoli\/\"},\"wordCount\":180,\"publisher\":{\"@id\":\"https:\/\/progettotouring.it\/radiotouring104\/#organization\"},\"image\":{\"@id\":\"https:\/\/progettotouring.it\/radiotouring104\/2024\/05\/13\/reggio-ok-a-progetto-su-riassetto-rete-elettrica-nei-comuni-di-reggio-san-procopio-e-sinopoli\/#primaryimage\"},\"thumbnailUrl\":\"https:\/\/progettotouring.it\/radiotouring104\/wp-content\/uploads\/sites\/6\/2024\/05\/Rete-elettrica.jpg\",\"keywords\":[\"\\\"Scilla - San Procopio\\\"\",\"Citt\u00e0 Metropolitana di Reggio Calabria\",\"riassetto della rete elettrica\",\"san procopio\",\"sinopoli\",\"Societ\u00e0 Terna\"],\"articleSection\":[\"Home\",\"In primo piano\",\"News\",\"Reggio Calabria\"],\"inLanguage\":\"it-IT\"},{\"@type\":\"WebPage\",\"@id\":\"https:\/\/progettotouring.it\/radiotouring104\/2024\/05\/13\/reggio-ok-a-progetto-su-riassetto-rete-elettrica-nei-comuni-di-reggio-san-procopio-e-sinopoli\/\",\"url\":\"https:\/\/progettotouring.it\/radiotouring104\/2024\/05\/13\/reggio-ok-a-progetto-su-riassetto-rete-elettrica-nei-comuni-di-reggio-san-procopio-e-sinopoli\/\",\"name\":\"Reggio: ok a progetto su riassetto rete elettrica in comuni reggini\",\"isPartOf\":{\"@id\":\"https:\/\/progettotouring.it\/radiotouring104\/#website\"},\"primaryImageOfPage\":{\"@id\":\"https:\/\/progettotouring.it\/radiotouring104\/2024\/05\/13\/reggio-ok-a-progetto-su-riassetto-rete-elettrica-nei-comuni-di-reggio-san-procopio-e-sinopoli\/#primaryimage\"},\"image\":{\"@id\":\"https:\/\/progettotouring.it\/radiotouring104\/2024\/05\/13\/reggio-ok-a-progetto-su-riassetto-rete-elettrica-nei-comuni-di-reggio-san-procopio-e-sinopoli\/#primaryimage\"},\"thumbnailUrl\":\"https:\/\/progettotouring.it\/radiotouring104\/wp-content\/uploads\/sites\/6\/2024\/05\/Rete-elettrica.jpg\",\"datePublished\":\"2024-05-13T10:35:09+00:00\",\"dateModified\":\"2024-05-13T11:06:35+00:00\",\"description\":\"Ok progetto definitivo del riassetto della rete elettrica a 150 kV nei comuni di San Procopio, Sinopoli e Melicucc\u00e0 della Citt\u00e0 metropolitana\",\"breadcrumb\":{\"@id\":\"https:\/\/progettotouring.it\/radiotouring104\/2024\/05\/13\/reggio-ok-a-progetto-su-riassetto-rete-elettrica-nei-comuni-di-reggio-san-procopio-e-sinopoli\/#breadcrumb\"},\"inLanguage\":\"it-IT\",\"potentialAction\":[{\"@type\":\"ReadAction\",\"target\":[\"https:\/\/progettotouring.it\/radiotouring104\/2024\/05\/13\/reggio-ok-a-progetto-su-riassetto-rete-elettrica-nei-comuni-di-reggio-san-procopio-e-sinopoli\/\"]}]},{\"@type\":\"ImageObject\",\"inLanguage\":\"it-IT\",\"@id\":\"https:\/\/progettotouring.it\/radiotouring104\/2024\/05\/13\/reggio-ok-a-progetto-su-riassetto-rete-elettrica-nei-comuni-di-reggio-san-procopio-e-sinopoli\/#primaryimage\",\"url\":\"https:\/\/progettotouring.it\/radiotouring104\/wp-content\/uploads\/sites\/6\/2024\/05\/Rete-elettrica.jpg\",\"contentUrl\":\"https:\/\/progettotouring.it\/radiotouring104\/wp-content\/uploads\/sites\/6\/2024\/05\/Rete-elettrica.jpg\",\"width\":800,\"height\":600},{\"@type\":\"BreadcrumbList\",\"@id\":\"https:\/\/progettotouring.it\/radiotouring104\/2024\/05\/13\/reggio-ok-a-progetto-su-riassetto-rete-elettrica-nei-comuni-di-reggio-san-procopio-e-sinopoli\/#breadcrumb\",\"itemListElement\":[{\"@type\":\"ListItem\",\"position\":1,\"name\":\"Home\",\"item\":\"https:\/\/progettotouring.it\/radiotouring104\/\"},{\"@type\":\"ListItem\",\"position\":2,\"name\":\"Reggio: ok a progetto su riassetto rete elettrica nei comuni di Reggio, San Procopio e Sinopoli\"}]},{\"@type\":\"WebSite\",\"@id\":\"https:\/\/progettotouring.it\/radiotouring104\/#website\",\"url\":\"https:\/\/progettotouring.it\/radiotouring104\/\",\"name\":\"Radio Touring 104\",\"description\":\"La prima radio Reggina\",\"publisher\":{\"@id\":\"https:\/\/progettotouring.it\/radiotouring104\/#organization\"},\"potentialAction\":[{\"@type\":\"SearchAction\",\"target\":{\"@type\":\"EntryPoint\",\"urlTemplate\":\"https:\/\/progettotouring.it\/radiotouring104\/?s={search_term_string}\"},\"query-input\":{\"@type\":\"PropertyValueSpecification\",\"valueRequired\":true,\"valueName\":\"search_term_string\"}}],\"inLanguage\":\"it-IT\"},{\"@type\":\"Organization\",\"@id\":\"https:\/\/progettotouring.it\/radiotouring104\/#organization\",\"name\":\"Radio Touring 104\",\"url\":\"https:\/\/progettotouring.it\/radiotouring104\/\",\"logo\":{\"@type\":\"ImageObject\",\"inLanguage\":\"it-IT\",\"@id\":\"https:\/\/progettotouring.it\/radiotouring104\/#\/schema\/logo\/image\/\",\"url\":\"https:\/\/progettotouring.it\/radiotouring104\/wp-content\/uploads\/sites\/6\/2022\/02\/cropped-logo-radio-touring-104.png\",\"contentUrl\":\"https:\/\/progettotouring.it\/radiotouring104\/wp-content\/uploads\/sites\/6\/2022\/02\/cropped-logo-radio-touring-104.png\",\"width\":377,\"height\":182,\"caption\":\"Radio Touring 104\"},\"image\":{\"@id\":\"https:\/\/progettotouring.it\/radiotouring104\/#\/schema\/logo\/image\/\"}},{\"@type\":\"Person\",\"@id\":\"https:\/\/progettotouring.it\/radiotouring104\/#\/schema\/person\/78613917f1851f041f7483f5af1d422e\",\"name\":\"Sebastiano Plutino\",\"image\":{\"@type\":\"ImageObject\",\"inLanguage\":\"it-IT\",\"@id\":\"https:\/\/secure.gravatar.com\/avatar\/0546ffaa9b79224faf9f2a156b67a529ae861d3287c66c1d8ccfdf909bcba78d?s=96&d=mm&r=g\",\"url\":\"https:\/\/secure.gravatar.com\/avatar\/0546ffaa9b79224faf9f2a156b67a529ae861d3287c66c1d8ccfdf909bcba78d?s=96&d=mm&r=g\",\"contentUrl\":\"https:\/\/secure.gravatar.com\/avatar\/0546ffaa9b79224faf9f2a156b67a529ae861d3287c66c1d8ccfdf909bcba78d?s=96&d=mm&r=g\",\"caption\":\"Sebastiano Plutino\"},\"url\":\"https:\/\/progettotouring.it\/radiotouring104\/author\/sebastiano\/\"}]}<\/script>\n<!-- \/ Yoast SEO plugin. -->","yoast_head_json":{"title":"Reggio: ok a progetto su riassetto rete elettrica in comuni reggini","description":"Ok progetto definitivo del riassetto della rete elettrica a 150 kV nei comuni di San Procopio, Sinopoli e Melicucc\u00e0 della Citt\u00e0 metropolitana","robots":{"index":"index","follow":"follow","max-snippet":"max-snippet:-1","max-image-preview":"max-image-preview:large","max-video-preview":"max-video-preview:-1"},"canonical":"https:\/\/progettotouring.it\/radiotouring104\/2024\/05\/13\/reggio-ok-a-progetto-su-riassetto-rete-elettrica-nei-comuni-di-reggio-san-procopio-e-sinopoli\/","og_locale":"it_IT","og_type":"article","og_title":"Reggio: ok a progetto su riassetto rete elettrica in comuni reggini","og_description":"Ok progetto definitivo del riassetto della rete elettrica a 150 kV nei comuni di San Procopio, Sinopoli e Melicucc\u00e0 della Citt\u00e0 metropolitana","og_url":"https:\/\/progettotouring.it\/radiotouring104\/2024\/05\/13\/reggio-ok-a-progetto-su-riassetto-rete-elettrica-nei-comuni-di-reggio-san-procopio-e-sinopoli\/","og_site_name":"Radio Touring 104","article_published_time":"2024-05-13T10:35:09+00:00","article_modified_time":"2024-05-13T11:06:35+00:00","og_image":[{"width":800,"height":600,"url":"https:\/\/progettotouring.it\/radiotouring104\/wp-content\/uploads\/sites\/6\/2024\/05\/Rete-elettrica.jpg","type":"image\/jpeg"}],"author":"Sebastiano Plutino","twitter_card":"summary_large_image","twitter_misc":{"Scritto da":"Sebastiano Plutino","Tempo di lettura stimato":"1 minuto"},"schema":{"@context":"https:\/\/schema.org","@graph":[{"@type":"Article","@id":"https:\/\/progettotouring.it\/radiotouring104\/2024\/05\/13\/reggio-ok-a-progetto-su-riassetto-rete-elettrica-nei-comuni-di-reggio-san-procopio-e-sinopoli\/#article","isPartOf":{"@id":"https:\/\/progettotouring.it\/radiotouring104\/2024\/05\/13\/reggio-ok-a-progetto-su-riassetto-rete-elettrica-nei-comuni-di-reggio-san-procopio-e-sinopoli\/"},"author":{"name":"Sebastiano Plutino","@id":"https:\/\/progettotouring.it\/radiotouring104\/#\/schema\/person\/78613917f1851f041f7483f5af1d422e"},"headline":"Reggio: ok a progetto su riassetto rete elettrica nei comuni di Reggio, San Procopio e Sinopoli","datePublished":"2024-05-13T10:35:09+00:00","dateModified":"2024-05-13T11:06:35+00:00","mainEntityOfPage":{"@id":"https:\/\/progettotouring.it\/radiotouring104\/2024\/05\/13\/reggio-ok-a-progetto-su-riassetto-rete-elettrica-nei-comuni-di-reggio-san-procopio-e-sinopoli\/"},"wordCount":180,"publisher":{"@id":"https:\/\/progettotouring.it\/radiotouring104\/#organization"},"image":{"@id":"https:\/\/progettotouring.it\/radiotouring104\/2024\/05\/13\/reggio-ok-a-progetto-su-riassetto-rete-elettrica-nei-comuni-di-reggio-san-procopio-e-sinopoli\/#primaryimage"},"thumbnailUrl":"https:\/\/progettotouring.it\/radiotouring104\/wp-content\/uploads\/sites\/6\/2024\/05\/Rete-elettrica.jpg","keywords":["\"Scilla - San Procopio\"","Citt\u00e0 Metropolitana di Reggio Calabria","riassetto della rete elettrica","san procopio","sinopoli","Societ\u00e0 Terna"],"articleSection":["Home","In primo piano","News","Reggio Calabria"],"inLanguage":"it-IT"},{"@type":"WebPage","@id":"https:\/\/progettotouring.it\/radiotouring104\/2024\/05\/13\/reggio-ok-a-progetto-su-riassetto-rete-elettrica-nei-comuni-di-reggio-san-procopio-e-sinopoli\/","url":"https:\/\/progettotouring.it\/radiotouring104\/2024\/05\/13\/reggio-ok-a-progetto-su-riassetto-rete-elettrica-nei-comuni-di-reggio-san-procopio-e-sinopoli\/","name":"Reggio: ok a progetto su riassetto rete elettrica in comuni reggini","isPartOf":{"@id":"https:\/\/progettotouring.it\/radiotouring104\/#website"},"primaryImageOfPage":{"@id":"https:\/\/progettotouring.it\/radiotouring104\/2024\/05\/13\/reggio-ok-a-progetto-su-riassetto-rete-elettrica-nei-comuni-di-reggio-san-procopio-e-sinopoli\/#primaryimage"},"image":{"@id":"https:\/\/progettotouring.it\/radiotouring104\/2024\/05\/13\/reggio-ok-a-progetto-su-riassetto-rete-elettrica-nei-comuni-di-reggio-san-procopio-e-sinopoli\/#primaryimage"},"thumbnailUrl":"https:\/\/progettotouring.it\/radiotouring104\/wp-content\/uploads\/sites\/6\/2024\/05\/Rete-elettrica.jpg","datePublished":"2024-05-13T10:35:09+00:00","dateModified":"2024-05-13T11:06:35+00:00","description":"Ok progetto definitivo del riassetto della rete elettrica a 150 kV nei comuni di San Procopio, Sinopoli e Melicucc\u00e0 della Citt\u00e0 metropolitana","breadcrumb":{"@id":"https:\/\/progettotouring.it\/radiotouring104\/2024\/05\/13\/reggio-ok-a-progetto-su-riassetto-rete-elettrica-nei-comuni-di-reggio-san-procopio-e-sinopoli\/#breadcrumb"},"inLanguage":"it-IT","potentialAction":[{"@type":"ReadAction","target":["https:\/\/progettotouring.it\/radiotouring104\/2024\/05\/13\/reggio-ok-a-progetto-su-riassetto-rete-elettrica-nei-comuni-di-reggio-san-procopio-e-sinopoli\/"]}]},{"@type":"ImageObject","inLanguage":"it-IT","@id":"https:\/\/progettotouring.it\/radiotouring104\/2024\/05\/13\/reggio-ok-a-progetto-su-riassetto-rete-elettrica-nei-comuni-di-reggio-san-procopio-e-sinopoli\/#primaryimage","url":"https:\/\/progettotouring.it\/radiotouring104\/wp-content\/uploads\/sites\/6\/2024\/05\/Rete-elettrica.jpg","contentUrl":"https:\/\/progettotouring.it\/radiotouring104\/wp-content\/uploads\/sites\/6\/2024\/05\/Rete-elettrica.jpg","width":800,"height":600},{"@type":"BreadcrumbList","@id":"https:\/\/progettotouring.it\/radiotouring104\/2024\/05\/13\/reggio-ok-a-progetto-su-riassetto-rete-elettrica-nei-comuni-di-reggio-san-procopio-e-sinopoli\/#breadcrumb","itemListElement":[{"@type":"ListItem","position":1,"name":"Home","item":"https:\/\/progettotouring.it\/radiotouring104\/"},{"@type":"ListItem","position":2,"name":"Reggio: ok a progetto su riassetto rete elettrica nei comuni di Reggio, San Procopio e Sinopoli"}]},{"@type":"WebSite","@id":"https:\/\/progettotouring.it\/radiotouring104\/#website","url":"https:\/\/progettotouring.it\/radiotouring104\/","name":"Radio Touring 104","description":"La prima radio Reggina","publisher":{"@id":"https:\/\/progettotouring.it\/radiotouring104\/#organization"},"potentialAction":[{"@type":"SearchAction","target":{"@type":"EntryPoint","urlTemplate":"https:\/\/progettotouring.it\/radiotouring104\/?s={search_term_string}"},"query-input":{"@type":"PropertyValueSpecification","valueRequired":true,"valueName":"search_term_string"}}],"inLanguage":"it-IT"},{"@type":"Organization","@id":"https:\/\/progettotouring.it\/radiotouring104\/#organization","name":"Radio Touring 104","url":"https:\/\/progettotouring.it\/radiotouring104\/","logo":{"@type":"ImageObject","inLanguage":"it-IT","@id":"https:\/\/progettotouring.it\/radiotouring104\/#\/schema\/logo\/image\/","url":"https:\/\/progettotouring.it\/radiotouring104\/wp-content\/uploads\/sites\/6\/2022\/02\/cropped-logo-radio-touring-104.png","contentUrl":"https:\/\/progettotouring.it\/radiotouring104\/wp-content\/uploads\/sites\/6\/2022\/02\/cropped-logo-radio-touring-104.png","width":377,"height":182,"caption":"Radio Touring 104"},"image":{"@id":"https:\/\/progettotouring.it\/radiotouring104\/#\/schema\/logo\/image\/"}},{"@type":"Person","@id":"https:\/\/progettotouring.it\/radiotouring104\/#\/schema\/person\/78613917f1851f041f7483f5af1d422e","name":"Sebastiano Plutino","image":{"@type":"ImageObject","inLanguage":"it-IT","@id":"https:\/\/secure.gravatar.com\/avatar\/0546ffaa9b79224faf9f2a156b67a529ae861d3287c66c1d8ccfdf909bcba78d?s=96&d=mm&r=g","url":"https:\/\/secure.gravatar.com\/avatar\/0546ffaa9b79224faf9f2a156b67a529ae861d3287c66c1d8ccfdf909bcba78d?s=96&d=mm&r=g","contentUrl":"https:\/\/secure.gravatar.com\/avatar\/0546ffaa9b79224faf9f2a156b67a529ae861d3287c66c1d8ccfdf909bcba78d?s=96&d=mm&r=g","caption":"Sebastiano Plutino"},"url":"https:\/\/progettotouring.it\/radiotouring104\/author\/sebastiano\/"}]}},"jetpack_publicize_connections":[],"jetpack_featured_media_url":"https:\/\/progettotouring.it\/radiotouring104\/wp-content\/uploads\/sites\/6\/2024\/05\/Rete-elettrica.jpg","jetpack_sharing_enabled":true,"_links":{"self":[{"href":"https:\/\/progettotouring.it\/radiotouring104\/wp-json\/wp\/v2\/posts\/51316","targetHints":{"allow":["GET"]}}],"collection":[{"href":"https:\/\/progettotouring.it\/radiotouring104\/wp-json\/wp\/v2\/posts"}],"about":[{"href":"https:\/\/progettotouring.it\/radiotouring104\/wp-json\/wp\/v2\/types\/post"}],"author":[{"embeddable":true,"href":"https:\/\/progettotouring.it\/radiotouring104\/wp-json\/wp\/v2\/users\/12"}],"replies":[{"embeddable":true,"href":"https:\/\/progettotouring.it\/radiotouring104\/wp-json\/wp\/v2\/comments?post=51316"}],"version-history":[{"count":2,"href":"https:\/\/progettotouring.it\/radiotouring104\/wp-json\/wp\/v2\/posts\/51316\/revisions"}],"predecessor-version":[{"id":51319,"href":"https:\/\/progettotouring.it\/radiotouring104\/wp-json\/wp\/v2\/posts\/51316\/revisions\/51319"}],"wp:featuredmedia":[{"embeddable":true,"href":"https:\/\/progettotouring.it\/radiotouring104\/wp-json\/wp\/v2\/media\/51318"}],"wp:attachment":[{"href":"https:\/\/progettotouring.it\/radiotouring104\/wp-json\/wp\/v2\/media?parent=51316"}],"wp:term":[{"taxonomy":"category","embeddable":true,"href":"https:\/\/progettotouring.it\/radiotouring104\/wp-json\/wp\/v2\/categories?post=51316"},{"taxonomy":"post_tag","embeddable":true,"href":"https:\/\/progettotouring.it\/radiotouring104\/wp-json\/wp\/v2\/tags?post=51316"}],"curies":[{"name":"wp","href":"https:\/\/api.w.org\/{rel}","templated":true}]}}