{"id":51320,"date":"2024-05-13T12:46:54","date_gmt":"2024-05-13T10:46:54","guid":{"rendered":"https:\/\/progettotouring.it\/radiotouring104\/?p=51320"},"modified":"2024-05-13T12:47:15","modified_gmt":"2024-05-13T10:47:15","slug":"cinquefrondi-sindaco-conia-preoccupato-per-lattuazione-del-dimensionamento-scolastico","status":"publish","type":"post","link":"https:\/\/progettotouring.it\/radiotouring104\/2024\/05\/13\/cinquefrondi-sindaco-conia-preoccupato-per-lattuazione-del-dimensionamento-scolastico\/","title":{"rendered":"Cinquefrondi: Sindaco Con\u00eca preoccupato per l&#8217;attuazione del dimensionamento scolastico"},"content":{"rendered":"<p style=\"text-align: justify\"><strong>A partire dal prossimo anno scolastico 2024\/2025, il decreto<\/strong> 127\/2023 interministeriale, <strong>firmato dal Ministro dell\u2019Istruzione e del Merito e dal Ministro dell\u2019Economia<\/strong> e Finanze, <strong>dar\u00e0 applicazione al dimensionamento scolastico<\/strong> con \u00a0l\u2019 individuazione \u00a0dei criteri per l&#8217;assegnazione dei Dirigenti Scolastici e dei Direttori dei Servizi Generali e Amministrativi (DSGA), tenendo conto della popolazione scolastica regionale. A nulla sono valsi i ricorsi di Campania, Toscana, Puglia ed Emilia Romagna alla Corte Costituzionale che li ha respinti, e le numerose iniziative di protesta politiche e sindacali con manifestazioni studentesche. La disposizione prevede l\u2019innalzamento del coefficiente ad un minimo di 900 studenti, rispetto agli attuali 600, \u00a0per poter avere un proprio dirigente e DSGA con il conseguente accorpamento, soppressione \u00a0e riduzione del numero delle autonomie scolastiche, in particolare nelle aree interne, periferiche e nei comuni montani.<\/p>\n<p style=\"text-align: justify\">L\u2019intera operazione, generer\u00e0 \u00a0il taglio dei servizi di segreteria, del personale Ata, dei DSGA e frutter\u00e0 un risparmio modesto: 88 milioni di euro a regime, nel 2032. <strong>Sulla questione interviene in maniera netta il sindaco di Cinquefrondi<\/strong> e consigliere della citt\u00e0 metropolitana di Reggio Calabria con delega ai Beni Confiscati, Periferie, Politiche giovanili e Immigrazione e Politiche di pace,<strong> Michele Con\u00eca che ne illustra le conseguenze:<\/strong> <em>\u201cDall\u2019ufficio statistica del MiM desumiamo che, in Calabria, a partire dal prossimo anno scolastico, avremo un taglio di 67 istituzioni scolastiche con una deroga pari a 7 scuole per il solo 2024\/2025. A causa di questa riorganizzazione ci saranno effetti immediati non solo per dirigenti scolastici e direttori dei servizi generali e amministrativi che si troveranno a gestire pi\u00f9 plessi, ma colpir\u00e0 anche personale di segreteria e collaboratori scolastici con una diminuzione di organico \u00a0e un aggravio delle loro mansioni lavorative. Infine con lo smembramento e l\u2019accorpamenti di istituzioni scolastiche, i docenti saranno assegnati su pi\u00f9 plessi anche in comuni diversi, si avr\u00e0 la sparizione di scuole nelle aree pi\u00f9 interne e \u00a0le classi \u00a0saranno pi\u00f9 affollate in contrapposizione alla riduzione degli alunni per classe, prevista dal PNRR\u201d.<\/em><\/p>\n","protected":false},"excerpt":{"rendered":"<p>A partire dal prossimo anno scolastico 2024\/2025, il decreto 127\/2023 interministeriale, firmato dal Ministro dell\u2019Istruzione e del Merito e dal Ministro dell\u2019Economia e Finanze, dar\u00e0 applicazione al dimensionamento scolastico con&hellip;<\/p>\n","protected":false},"author":12,"featured_media":51211,"comment_status":"closed","ping_status":"open","sticky":false,"template":"","format":"standard","meta":{"_jetpack_memberships_contains_paid_content":false,"footnotes":"","jetpack_publicize_message":"","jetpack_publicize_feature_enabled":true,"jetpack_social_post_already_shared":false,"jetpack_social_options":{"image_generator_settings":{"template":"highway","default_image_id":0,"font":"","enabled":false},"version":2}},"categories":[921,196,140],"tags":[7290,230,31456],"class_list":["post-51320","post","type-post","status-publish","format-standard","has-post-thumbnail","hentry","category-home","category-news","category-reggio-calabria","tag-dimensionamento-scolastico","tag-michele-conia","tag-ministero-delleconomia"],"yoast_head":"<!-- This site is optimized with the Yoast SEO plugin v27.2 - https:\/\/yoast.com\/product\/yoast-seo-wordpress\/ -->\n<title>on\u00eca preoccupato per l&#039;attuazione del dimensionamento scolastico<\/title>\n<meta name=\"description\" content=\"Il Sindaco di Cinquefrondi, Conia, attacca il decreto del Ministero dell&#039;Economia che entrer\u00e0 in vigore il prossimo anno scolastico\" \/>\n<meta name=\"robots\" content=\"index, follow, max-snippet:-1, max-image-preview:large, max-video-preview:-1\" \/>\n<link rel=\"canonical\" href=\"https:\/\/progettotouring.it\/radiotouring104\/2024\/05\/13\/cinquefrondi-sindaco-conia-preoccupato-per-lattuazione-del-dimensionamento-scolastico\/\" \/>\n<meta property=\"og:locale\" content=\"it_IT\" \/>\n<meta property=\"og:type\" content=\"article\" \/>\n<meta property=\"og:title\" content=\"on\u00eca preoccupato per l&#039;attuazione del dimensionamento scolastico\" \/>\n<meta property=\"og:description\" content=\"Il Sindaco di Cinquefrondi, Conia, attacca il decreto del Ministero dell&#039;Economia che entrer\u00e0 in vigore il prossimo anno scolastico\" \/>\n<meta property=\"og:url\" content=\"https:\/\/progettotouring.it\/radiotouring104\/2024\/05\/13\/cinquefrondi-sindaco-conia-preoccupato-per-lattuazione-del-dimensionamento-scolastico\/\" \/>\n<meta property=\"og:site_name\" content=\"Radio Touring 104\" \/>\n<meta property=\"article:published_time\" content=\"2024-05-13T10:46:54+00:00\" \/>\n<meta property=\"article:modified_time\" content=\"2024-05-13T10:47:15+00:00\" \/>\n<meta property=\"og:image\" content=\"https:\/\/progettotouring.it\/radiotouring104\/wp-content\/uploads\/sites\/6\/2024\/05\/Michele-Conia.jpg\" \/>\n\t<meta property=\"og:image:width\" content=\"1536\" \/>\n\t<meta property=\"og:image:height\" content=\"2048\" \/>\n\t<meta property=\"og:image:type\" content=\"image\/jpeg\" \/>\n<meta name=\"author\" content=\"Sebastiano Plutino\" \/>\n<meta name=\"twitter:card\" content=\"summary_large_image\" \/>\n<meta name=\"twitter:label1\" content=\"Scritto da\" \/>\n\t<meta name=\"twitter:data1\" content=\"Sebastiano Plutino\" \/>\n\t<meta name=\"twitter:label2\" content=\"Tempo di lettura stimato\" \/>\n\t<meta name=\"twitter:data2\" content=\"2 minuti\" \/>\n<script type=\"application\/ld+json\" class=\"yoast-schema-graph\">{\"@context\":\"https:\/\/schema.org\",\"@graph\":[{\"@type\":\"Article\",\"@id\":\"https:\/\/progettotouring.it\/radiotouring104\/2024\/05\/13\/cinquefrondi-sindaco-conia-preoccupato-per-lattuazione-del-dimensionamento-scolastico\/#article\",\"isPartOf\":{\"@id\":\"https:\/\/progettotouring.it\/radiotouring104\/2024\/05\/13\/cinquefrondi-sindaco-conia-preoccupato-per-lattuazione-del-dimensionamento-scolastico\/\"},\"author\":{\"name\":\"Sebastiano Plutino\",\"@id\":\"https:\/\/progettotouring.it\/radiotouring104\/#\/schema\/person\/78613917f1851f041f7483f5af1d422e\"},\"headline\":\"Cinquefrondi: Sindaco Con\u00eca preoccupato per l&#8217;attuazione del dimensionamento scolastico\",\"datePublished\":\"2024-05-13T10:46:54+00:00\",\"dateModified\":\"2024-05-13T10:47:15+00:00\",\"mainEntityOfPage\":{\"@id\":\"https:\/\/progettotouring.it\/radiotouring104\/2024\/05\/13\/cinquefrondi-sindaco-conia-preoccupato-per-lattuazione-del-dimensionamento-scolastico\/\"},\"wordCount\":334,\"publisher\":{\"@id\":\"https:\/\/progettotouring.it\/radiotouring104\/#organization\"},\"image\":{\"@id\":\"https:\/\/progettotouring.it\/radiotouring104\/2024\/05\/13\/cinquefrondi-sindaco-conia-preoccupato-per-lattuazione-del-dimensionamento-scolastico\/#primaryimage\"},\"thumbnailUrl\":\"https:\/\/progettotouring.it\/radiotouring104\/wp-content\/uploads\/sites\/6\/2024\/05\/Michele-Conia.jpg\",\"keywords\":[\"dimensionamento scolastico\",\"michele conia\",\"Minister\u00f2 dell'Economia\"],\"articleSection\":[\"Home\",\"News\",\"Reggio Calabria\"],\"inLanguage\":\"it-IT\"},{\"@type\":\"WebPage\",\"@id\":\"https:\/\/progettotouring.it\/radiotouring104\/2024\/05\/13\/cinquefrondi-sindaco-conia-preoccupato-per-lattuazione-del-dimensionamento-scolastico\/\",\"url\":\"https:\/\/progettotouring.it\/radiotouring104\/2024\/05\/13\/cinquefrondi-sindaco-conia-preoccupato-per-lattuazione-del-dimensionamento-scolastico\/\",\"name\":\"on\u00eca preoccupato per l'attuazione del dimensionamento scolastico\",\"isPartOf\":{\"@id\":\"https:\/\/progettotouring.it\/radiotouring104\/#website\"},\"primaryImageOfPage\":{\"@id\":\"https:\/\/progettotouring.it\/radiotouring104\/2024\/05\/13\/cinquefrondi-sindaco-conia-preoccupato-per-lattuazione-del-dimensionamento-scolastico\/#primaryimage\"},\"image\":{\"@id\":\"https:\/\/progettotouring.it\/radiotouring104\/2024\/05\/13\/cinquefrondi-sindaco-conia-preoccupato-per-lattuazione-del-dimensionamento-scolastico\/#primaryimage\"},\"thumbnailUrl\":\"https:\/\/progettotouring.it\/radiotouring104\/wp-content\/uploads\/sites\/6\/2024\/05\/Michele-Conia.jpg\",\"datePublished\":\"2024-05-13T10:46:54+00:00\",\"dateModified\":\"2024-05-13T10:47:15+00:00\",\"description\":\"Il Sindaco di Cinquefrondi, Conia, attacca il decreto del Ministero dell'Economia che entrer\u00e0 in vigore il prossimo anno scolastico\",\"breadcrumb\":{\"@id\":\"https:\/\/progettotouring.it\/radiotouring104\/2024\/05\/13\/cinquefrondi-sindaco-conia-preoccupato-per-lattuazione-del-dimensionamento-scolastico\/#breadcrumb\"},\"inLanguage\":\"it-IT\",\"potentialAction\":[{\"@type\":\"ReadAction\",\"target\":[\"https:\/\/progettotouring.it\/radiotouring104\/2024\/05\/13\/cinquefrondi-sindaco-conia-preoccupato-per-lattuazione-del-dimensionamento-scolastico\/\"]}]},{\"@type\":\"ImageObject\",\"inLanguage\":\"it-IT\",\"@id\":\"https:\/\/progettotouring.it\/radiotouring104\/2024\/05\/13\/cinquefrondi-sindaco-conia-preoccupato-per-lattuazione-del-dimensionamento-scolastico\/#primaryimage\",\"url\":\"https:\/\/progettotouring.it\/radiotouring104\/wp-content\/uploads\/sites\/6\/2024\/05\/Michele-Conia.jpg\",\"contentUrl\":\"https:\/\/progettotouring.it\/radiotouring104\/wp-content\/uploads\/sites\/6\/2024\/05\/Michele-Conia.jpg\",\"width\":1536,\"height\":2048},{\"@type\":\"BreadcrumbList\",\"@id\":\"https:\/\/progettotouring.it\/radiotouring104\/2024\/05\/13\/cinquefrondi-sindaco-conia-preoccupato-per-lattuazione-del-dimensionamento-scolastico\/#breadcrumb\",\"itemListElement\":[{\"@type\":\"ListItem\",\"position\":1,\"name\":\"Home\",\"item\":\"https:\/\/progettotouring.it\/radiotouring104\/\"},{\"@type\":\"ListItem\",\"position\":2,\"name\":\"Cinquefrondi: Sindaco Con\u00eca preoccupato per l&#8217;attuazione del dimensionamento scolastico\"}]},{\"@type\":\"WebSite\",\"@id\":\"https:\/\/progettotouring.it\/radiotouring104\/#website\",\"url\":\"https:\/\/progettotouring.it\/radiotouring104\/\",\"name\":\"Radio Touring 104\",\"description\":\"La prima radio Reggina\",\"publisher\":{\"@id\":\"https:\/\/progettotouring.it\/radiotouring104\/#organization\"},\"potentialAction\":[{\"@type\":\"SearchAction\",\"target\":{\"@type\":\"EntryPoint\",\"urlTemplate\":\"https:\/\/progettotouring.it\/radiotouring104\/?s={search_term_string}\"},\"query-input\":{\"@type\":\"PropertyValueSpecification\",\"valueRequired\":true,\"valueName\":\"search_term_string\"}}],\"inLanguage\":\"it-IT\"},{\"@type\":\"Organization\",\"@id\":\"https:\/\/progettotouring.it\/radiotouring104\/#organization\",\"name\":\"Radio Touring 104\",\"url\":\"https:\/\/progettotouring.it\/radiotouring104\/\",\"logo\":{\"@type\":\"ImageObject\",\"inLanguage\":\"it-IT\",\"@id\":\"https:\/\/progettotouring.it\/radiotouring104\/#\/schema\/logo\/image\/\",\"url\":\"https:\/\/progettotouring.it\/radiotouring104\/wp-content\/uploads\/sites\/6\/2022\/02\/cropped-logo-radio-touring-104.png\",\"contentUrl\":\"https:\/\/progettotouring.it\/radiotouring104\/wp-content\/uploads\/sites\/6\/2022\/02\/cropped-logo-radio-touring-104.png\",\"width\":377,\"height\":182,\"caption\":\"Radio Touring 104\"},\"image\":{\"@id\":\"https:\/\/progettotouring.it\/radiotouring104\/#\/schema\/logo\/image\/\"}},{\"@type\":\"Person\",\"@id\":\"https:\/\/progettotouring.it\/radiotouring104\/#\/schema\/person\/78613917f1851f041f7483f5af1d422e\",\"name\":\"Sebastiano Plutino\",\"image\":{\"@type\":\"ImageObject\",\"inLanguage\":\"it-IT\",\"@id\":\"https:\/\/secure.gravatar.com\/avatar\/0546ffaa9b79224faf9f2a156b67a529ae861d3287c66c1d8ccfdf909bcba78d?s=96&d=mm&r=g\",\"url\":\"https:\/\/secure.gravatar.com\/avatar\/0546ffaa9b79224faf9f2a156b67a529ae861d3287c66c1d8ccfdf909bcba78d?s=96&d=mm&r=g\",\"contentUrl\":\"https:\/\/secure.gravatar.com\/avatar\/0546ffaa9b79224faf9f2a156b67a529ae861d3287c66c1d8ccfdf909bcba78d?s=96&d=mm&r=g\",\"caption\":\"Sebastiano Plutino\"},\"url\":\"https:\/\/progettotouring.it\/radiotouring104\/author\/sebastiano\/\"}]}<\/script>\n<!-- \/ Yoast SEO plugin. -->","yoast_head_json":{"title":"on\u00eca preoccupato per l'attuazione del dimensionamento scolastico","description":"Il Sindaco di Cinquefrondi, Conia, attacca il decreto del Ministero dell'Economia che entrer\u00e0 in vigore il prossimo anno scolastico","robots":{"index":"index","follow":"follow","max-snippet":"max-snippet:-1","max-image-preview":"max-image-preview:large","max-video-preview":"max-video-preview:-1"},"canonical":"https:\/\/progettotouring.it\/radiotouring104\/2024\/05\/13\/cinquefrondi-sindaco-conia-preoccupato-per-lattuazione-del-dimensionamento-scolastico\/","og_locale":"it_IT","og_type":"article","og_title":"on\u00eca preoccupato per l'attuazione del dimensionamento scolastico","og_description":"Il Sindaco di Cinquefrondi, Conia, attacca il decreto del Ministero dell'Economia che entrer\u00e0 in vigore il prossimo anno scolastico","og_url":"https:\/\/progettotouring.it\/radiotouring104\/2024\/05\/13\/cinquefrondi-sindaco-conia-preoccupato-per-lattuazione-del-dimensionamento-scolastico\/","og_site_name":"Radio Touring 104","article_published_time":"2024-05-13T10:46:54+00:00","article_modified_time":"2024-05-13T10:47:15+00:00","og_image":[{"width":1536,"height":2048,"url":"https:\/\/progettotouring.it\/radiotouring104\/wp-content\/uploads\/sites\/6\/2024\/05\/Michele-Conia.jpg","type":"image\/jpeg"}],"author":"Sebastiano Plutino","twitter_card":"summary_large_image","twitter_misc":{"Scritto da":"Sebastiano Plutino","Tempo di lettura stimato":"2 minuti"},"schema":{"@context":"https:\/\/schema.org","@graph":[{"@type":"Article","@id":"https:\/\/progettotouring.it\/radiotouring104\/2024\/05\/13\/cinquefrondi-sindaco-conia-preoccupato-per-lattuazione-del-dimensionamento-scolastico\/#article","isPartOf":{"@id":"https:\/\/progettotouring.it\/radiotouring104\/2024\/05\/13\/cinquefrondi-sindaco-conia-preoccupato-per-lattuazione-del-dimensionamento-scolastico\/"},"author":{"name":"Sebastiano Plutino","@id":"https:\/\/progettotouring.it\/radiotouring104\/#\/schema\/person\/78613917f1851f041f7483f5af1d422e"},"headline":"Cinquefrondi: Sindaco Con\u00eca preoccupato per l&#8217;attuazione del dimensionamento scolastico","datePublished":"2024-05-13T10:46:54+00:00","dateModified":"2024-05-13T10:47:15+00:00","mainEntityOfPage":{"@id":"https:\/\/progettotouring.it\/radiotouring104\/2024\/05\/13\/cinquefrondi-sindaco-conia-preoccupato-per-lattuazione-del-dimensionamento-scolastico\/"},"wordCount":334,"publisher":{"@id":"https:\/\/progettotouring.it\/radiotouring104\/#organization"},"image":{"@id":"https:\/\/progettotouring.it\/radiotouring104\/2024\/05\/13\/cinquefrondi-sindaco-conia-preoccupato-per-lattuazione-del-dimensionamento-scolastico\/#primaryimage"},"thumbnailUrl":"https:\/\/progettotouring.it\/radiotouring104\/wp-content\/uploads\/sites\/6\/2024\/05\/Michele-Conia.jpg","keywords":["dimensionamento scolastico","michele conia","Minister\u00f2 dell'Economia"],"articleSection":["Home","News","Reggio Calabria"],"inLanguage":"it-IT"},{"@type":"WebPage","@id":"https:\/\/progettotouring.it\/radiotouring104\/2024\/05\/13\/cinquefrondi-sindaco-conia-preoccupato-per-lattuazione-del-dimensionamento-scolastico\/","url":"https:\/\/progettotouring.it\/radiotouring104\/2024\/05\/13\/cinquefrondi-sindaco-conia-preoccupato-per-lattuazione-del-dimensionamento-scolastico\/","name":"on\u00eca preoccupato per l'attuazione del dimensionamento scolastico","isPartOf":{"@id":"https:\/\/progettotouring.it\/radiotouring104\/#website"},"primaryImageOfPage":{"@id":"https:\/\/progettotouring.it\/radiotouring104\/2024\/05\/13\/cinquefrondi-sindaco-conia-preoccupato-per-lattuazione-del-dimensionamento-scolastico\/#primaryimage"},"image":{"@id":"https:\/\/progettotouring.it\/radiotouring104\/2024\/05\/13\/cinquefrondi-sindaco-conia-preoccupato-per-lattuazione-del-dimensionamento-scolastico\/#primaryimage"},"thumbnailUrl":"https:\/\/progettotouring.it\/radiotouring104\/wp-content\/uploads\/sites\/6\/2024\/05\/Michele-Conia.jpg","datePublished":"2024-05-13T10:46:54+00:00","dateModified":"2024-05-13T10:47:15+00:00","description":"Il Sindaco di Cinquefrondi, Conia, attacca il decreto del Ministero dell'Economia che entrer\u00e0 in vigore il prossimo anno scolastico","breadcrumb":{"@id":"https:\/\/progettotouring.it\/radiotouring104\/2024\/05\/13\/cinquefrondi-sindaco-conia-preoccupato-per-lattuazione-del-dimensionamento-scolastico\/#breadcrumb"},"inLanguage":"it-IT","potentialAction":[{"@type":"ReadAction","target":["https:\/\/progettotouring.it\/radiotouring104\/2024\/05\/13\/cinquefrondi-sindaco-conia-preoccupato-per-lattuazione-del-dimensionamento-scolastico\/"]}]},{"@type":"ImageObject","inLanguage":"it-IT","@id":"https:\/\/progettotouring.it\/radiotouring104\/2024\/05\/13\/cinquefrondi-sindaco-conia-preoccupato-per-lattuazione-del-dimensionamento-scolastico\/#primaryimage","url":"https:\/\/progettotouring.it\/radiotouring104\/wp-content\/uploads\/sites\/6\/2024\/05\/Michele-Conia.jpg","contentUrl":"https:\/\/progettotouring.it\/radiotouring104\/wp-content\/uploads\/sites\/6\/2024\/05\/Michele-Conia.jpg","width":1536,"height":2048},{"@type":"BreadcrumbList","@id":"https:\/\/progettotouring.it\/radiotouring104\/2024\/05\/13\/cinquefrondi-sindaco-conia-preoccupato-per-lattuazione-del-dimensionamento-scolastico\/#breadcrumb","itemListElement":[{"@type":"ListItem","position":1,"name":"Home","item":"https:\/\/progettotouring.it\/radiotouring104\/"},{"@type":"ListItem","position":2,"name":"Cinquefrondi: Sindaco Con\u00eca preoccupato per l&#8217;attuazione del dimensionamento scolastico"}]},{"@type":"WebSite","@id":"https:\/\/progettotouring.it\/radiotouring104\/#website","url":"https:\/\/progettotouring.it\/radiotouring104\/","name":"Radio Touring 104","description":"La prima radio Reggina","publisher":{"@id":"https:\/\/progettotouring.it\/radiotouring104\/#organization"},"potentialAction":[{"@type":"SearchAction","target":{"@type":"EntryPoint","urlTemplate":"https:\/\/progettotouring.it\/radiotouring104\/?s={search_term_string}"},"query-input":{"@type":"PropertyValueSpecification","valueRequired":true,"valueName":"search_term_string"}}],"inLanguage":"it-IT"},{"@type":"Organization","@id":"https:\/\/progettotouring.it\/radiotouring104\/#organization","name":"Radio Touring 104","url":"https:\/\/progettotouring.it\/radiotouring104\/","logo":{"@type":"ImageObject","inLanguage":"it-IT","@id":"https:\/\/progettotouring.it\/radiotouring104\/#\/schema\/logo\/image\/","url":"https:\/\/progettotouring.it\/radiotouring104\/wp-content\/uploads\/sites\/6\/2022\/02\/cropped-logo-radio-touring-104.png","contentUrl":"https:\/\/progettotouring.it\/radiotouring104\/wp-content\/uploads\/sites\/6\/2022\/02\/cropped-logo-radio-touring-104.png","width":377,"height":182,"caption":"Radio Touring 104"},"image":{"@id":"https:\/\/progettotouring.it\/radiotouring104\/#\/schema\/logo\/image\/"}},{"@type":"Person","@id":"https:\/\/progettotouring.it\/radiotouring104\/#\/schema\/person\/78613917f1851f041f7483f5af1d422e","name":"Sebastiano Plutino","image":{"@type":"ImageObject","inLanguage":"it-IT","@id":"https:\/\/secure.gravatar.com\/avatar\/0546ffaa9b79224faf9f2a156b67a529ae861d3287c66c1d8ccfdf909bcba78d?s=96&d=mm&r=g","url":"https:\/\/secure.gravatar.com\/avatar\/0546ffaa9b79224faf9f2a156b67a529ae861d3287c66c1d8ccfdf909bcba78d?s=96&d=mm&r=g","contentUrl":"https:\/\/secure.gravatar.com\/avatar\/0546ffaa9b79224faf9f2a156b67a529ae861d3287c66c1d8ccfdf909bcba78d?s=96&d=mm&r=g","caption":"Sebastiano Plutino"},"url":"https:\/\/progettotouring.it\/radiotouring104\/author\/sebastiano\/"}]}},"jetpack_publicize_connections":[],"jetpack_featured_media_url":"https:\/\/progettotouring.it\/radiotouring104\/wp-content\/uploads\/sites\/6\/2024\/05\/Michele-Conia.jpg","jetpack_sharing_enabled":true,"_links":{"self":[{"href":"https:\/\/progettotouring.it\/radiotouring104\/wp-json\/wp\/v2\/posts\/51320","targetHints":{"allow":["GET"]}}],"collection":[{"href":"https:\/\/progettotouring.it\/radiotouring104\/wp-json\/wp\/v2\/posts"}],"about":[{"href":"https:\/\/progettotouring.it\/radiotouring104\/wp-json\/wp\/v2\/types\/post"}],"author":[{"embeddable":true,"href":"https:\/\/progettotouring.it\/radiotouring104\/wp-json\/wp\/v2\/users\/12"}],"replies":[{"embeddable":true,"href":"https:\/\/progettotouring.it\/radiotouring104\/wp-json\/wp\/v2\/comments?post=51320"}],"version-history":[{"count":1,"href":"https:\/\/progettotouring.it\/radiotouring104\/wp-json\/wp\/v2\/posts\/51320\/revisions"}],"predecessor-version":[{"id":51321,"href":"https:\/\/progettotouring.it\/radiotouring104\/wp-json\/wp\/v2\/posts\/51320\/revisions\/51321"}],"wp:featuredmedia":[{"embeddable":true,"href":"https:\/\/progettotouring.it\/radiotouring104\/wp-json\/wp\/v2\/media\/51211"}],"wp:attachment":[{"href":"https:\/\/progettotouring.it\/radiotouring104\/wp-json\/wp\/v2\/media?parent=51320"}],"wp:term":[{"taxonomy":"category","embeddable":true,"href":"https:\/\/progettotouring.it\/radiotouring104\/wp-json\/wp\/v2\/categories?post=51320"},{"taxonomy":"post_tag","embeddable":true,"href":"https:\/\/progettotouring.it\/radiotouring104\/wp-json\/wp\/v2\/tags?post=51320"}],"curies":[{"name":"wp","href":"https:\/\/api.w.org\/{rel}","templated":true}]}}