{"id":51331,"date":"2024-05-14T09:29:35","date_gmt":"2024-05-14T07:29:35","guid":{"rendered":"https:\/\/progettotouring.it\/radiotouring104\/?p=51331"},"modified":"2024-05-14T09:32:27","modified_gmt":"2024-05-14T07:32:27","slug":"metrocity-diritto-allo-studio-stanziati-altri-14-mln-per-il-diritto-allo-studio","status":"publish","type":"post","link":"https:\/\/progettotouring.it\/radiotouring104\/2024\/05\/14\/metrocity-diritto-allo-studio-stanziati-altri-14-mln-per-il-diritto-allo-studio\/","title":{"rendered":"Metrocity: stanziati 1,4 mln per il Diritto allo Studio"},"content":{"rendered":"<p style=\"text-align: justify\"><strong>Il Consiglio Metropolitano<\/strong>, presieduto dal vicesindaco<strong> Carmelo Versace, ha approvato una variazione di bilancio in entrata per 410 mila euro. Somme, <\/strong>queste ultime, <strong>che andranno ad aggiungersi a 1,4 milioni stanziati<\/strong> dal Mef in materia di <em>\u201cnorme per il diritto allo studio\u201d<\/em><strong>. L\u2019incremento del fondo, presentato<\/strong> all\u2019assemblea dal consigliere delegato alle Finanze, <strong>Giuseppe Ranuccio, servir\u00e0 ai diversi Comuni del territorio per attivit\u00e0 fondamentali quali<\/strong> mense, inclusione scolastica, scolarizzazione, contrasto alla dispersione o scuolabus.<\/p>\n<p style=\"text-align: justify\"><strong>Nel corso della seduta il via libera \u00e8 arrivato<\/strong>, con i soli voti della maggioranza,<strong> anche per la ratifica di una delibera<\/strong> del sindaco<strong> Giuseppe Falcomat\u00e0<\/strong>, per dare seguito all\u2019iniziativa del dipartimento Politiche sociali del Consiglio dei ministri con l\u2019adesione della Citt\u00e0 Metropolitana alla \u201c<em>XX Settimana internazionale contro le discriminazioni razziali\u201d<\/em> durante la quale <strong>l\u2019Ente ha promosso progetti volti a contrastare ogni tipo di discriminazioni<\/strong> sul genere, sull\u2019orientamento sessuale, sul colore della pelle o sulle caratteristiche fisiche.<\/p>\n<p style=\"text-align: justify\"><strong>L\u2019aula di Palazzo Alvaro ha,<\/strong> quindi, <strong>espresso parere favorevole allo schema di convenzione con il Comune di Palmi per riattivare un bene<\/strong>, in disuso da anni, <strong>mettendolo nella disponibilit\u00e0 del municipio palmese che ne curer\u00e0 e garantir\u00e0 la gestione e la manutenzione<\/strong> cos\u00ec da promuovere attivit\u00e0 di tipo sociale. Un\u2019operazione utile, ha riferito il vicesindaco Versace in aula, intervenendo rispetto a quello che \u00e8 un classico schema di co-utilizzo di un immobile che, altrimenti, andrebbe incontro ad un declino sicuro. La convenzione durer\u00e0 sei anni, eventualmente rinnovabili.<\/p>\n<p style=\"text-align: justify\"><strong>Fra gli altri punti approvati,<\/strong> menzione particolare spetta alla modifica dello Statuto dell\u2019Ente che interesser\u00e0 le funzioni della Conferenza metropolitana, direttamente interessata dal <strong>miglioramento del testo nella parte in cui si abbrevia da 20 a 7 giorni il tempo limite in cui dovr\u00e0 pronunciarsi su atti di particolare rilievo.<\/strong> Le modifiche hanno interessato anche l\u2019articolo 36 dello Statuto che definisce, in maniera dettagliata, il regolamento degli uffici e dei servizi e l\u2019art.37 con il <strong>riconoscimento della figura del vice segretario supplente nel caso della contemporanea assenza del segretario<\/strong> e del segretario vicario. I dirigenti, poi, potranno delegare l\u2019esercizio delle proprie competenze in capo a dipendenti incaricati di elevate qualificazioni.<\/p>\n<div style=\"text-align: justify\"><\/div>\n","protected":false},"excerpt":{"rendered":"<p>Il Consiglio Metropolitano, presieduto dal vicesindaco Carmelo Versace, ha approvato una variazione di bilancio in entrata per 410 mila euro. Somme, queste ultime, che andranno ad aggiungersi a 1,4 milioni&hellip;<\/p>\n","protected":false},"author":12,"featured_media":51332,"comment_status":"closed","ping_status":"open","sticky":false,"template":"","format":"standard","meta":{"_jetpack_memberships_contains_paid_content":false,"footnotes":"","jetpack_publicize_message":"","jetpack_publicize_feature_enabled":true,"jetpack_social_post_already_shared":false,"jetpack_social_options":{"image_generator_settings":{"template":"highway","default_image_id":0,"font":"","enabled":false},"version":2}},"categories":[921,196,140],"tags":[31470,239,31468,2654,31471,19526,531,31469],"class_list":["post-51331","post","type-post","status-publish","format-standard","has-post-thumbnail","hentry","category-home","category-news","category-reggio-calabria","tag-bene-in-disuso-dal-comune-di-palmi","tag-carmelo-versace","tag-diritto-allo-studio","tag-giuseppe-ranuccio","tag-introduzione-del-vice-segretario-supplente","tag-mef","tag-metrocity","tag-stanziati-410-mila-euro-aggiuntivi"],"yoast_head":"<!-- This site is optimized with the Yoast SEO plugin v27.2 - https:\/\/yoast.com\/product\/yoast-seo-wordpress\/ -->\n<title>Metrocity: stanziati 1,4 mln per il Diritto allo Studio<\/title>\n<meta name=\"description\" content=\"Approvata anche modifica Statuto per limiti temporali convocazione Conferenza Metropolitana e per introduzione del vice segretario supplente\" \/>\n<meta name=\"robots\" content=\"index, follow, max-snippet:-1, max-image-preview:large, max-video-preview:-1\" \/>\n<link rel=\"canonical\" href=\"https:\/\/progettotouring.it\/radiotouring104\/2024\/05\/14\/metrocity-diritto-allo-studio-stanziati-altri-14-mln-per-il-diritto-allo-studio\/\" \/>\n<meta property=\"og:locale\" content=\"it_IT\" \/>\n<meta property=\"og:type\" content=\"article\" \/>\n<meta property=\"og:title\" content=\"Metrocity: stanziati 1,4 mln per il Diritto allo Studio\" \/>\n<meta property=\"og:description\" content=\"Approvata anche modifica Statuto per limiti temporali convocazione Conferenza Metropolitana e per introduzione del vice segretario supplente\" \/>\n<meta property=\"og:url\" content=\"https:\/\/progettotouring.it\/radiotouring104\/2024\/05\/14\/metrocity-diritto-allo-studio-stanziati-altri-14-mln-per-il-diritto-allo-studio\/\" \/>\n<meta property=\"og:site_name\" content=\"Radio Touring 104\" \/>\n<meta property=\"article:published_time\" content=\"2024-05-14T07:29:35+00:00\" \/>\n<meta property=\"article:modified_time\" content=\"2024-05-14T07:32:27+00:00\" \/>\n<meta property=\"og:image\" content=\"https:\/\/progettotouring.it\/radiotouring104\/wp-content\/uploads\/sites\/6\/2024\/05\/Metrocity-Versace-Palazzo-Alvaro.jpeg\" \/>\n\t<meta property=\"og:image:width\" content=\"1600\" \/>\n\t<meta property=\"og:image:height\" content=\"900\" \/>\n\t<meta property=\"og:image:type\" content=\"image\/jpeg\" \/>\n<meta name=\"author\" content=\"Sebastiano Plutino\" \/>\n<meta name=\"twitter:card\" content=\"summary_large_image\" \/>\n<meta name=\"twitter:label1\" content=\"Scritto da\" \/>\n\t<meta name=\"twitter:data1\" content=\"Sebastiano Plutino\" \/>\n\t<meta name=\"twitter:label2\" content=\"Tempo di lettura stimato\" \/>\n\t<meta name=\"twitter:data2\" content=\"2 minuti\" \/>\n<script type=\"application\/ld+json\" class=\"yoast-schema-graph\">{\"@context\":\"https:\/\/schema.org\",\"@graph\":[{\"@type\":\"Article\",\"@id\":\"https:\/\/progettotouring.it\/radiotouring104\/2024\/05\/14\/metrocity-diritto-allo-studio-stanziati-altri-14-mln-per-il-diritto-allo-studio\/#article\",\"isPartOf\":{\"@id\":\"https:\/\/progettotouring.it\/radiotouring104\/2024\/05\/14\/metrocity-diritto-allo-studio-stanziati-altri-14-mln-per-il-diritto-allo-studio\/\"},\"author\":{\"name\":\"Sebastiano Plutino\",\"@id\":\"https:\/\/progettotouring.it\/radiotouring104\/#\/schema\/person\/78613917f1851f041f7483f5af1d422e\"},\"headline\":\"Metrocity: stanziati 1,4 mln per il Diritto allo Studio\",\"datePublished\":\"2024-05-14T07:29:35+00:00\",\"dateModified\":\"2024-05-14T07:32:27+00:00\",\"mainEntityOfPage\":{\"@id\":\"https:\/\/progettotouring.it\/radiotouring104\/2024\/05\/14\/metrocity-diritto-allo-studio-stanziati-altri-14-mln-per-il-diritto-allo-studio\/\"},\"wordCount\":359,\"publisher\":{\"@id\":\"https:\/\/progettotouring.it\/radiotouring104\/#organization\"},\"image\":{\"@id\":\"https:\/\/progettotouring.it\/radiotouring104\/2024\/05\/14\/metrocity-diritto-allo-studio-stanziati-altri-14-mln-per-il-diritto-allo-studio\/#primaryimage\"},\"thumbnailUrl\":\"https:\/\/progettotouring.it\/radiotouring104\/wp-content\/uploads\/sites\/6\/2024\/05\/Metrocity-Versace-Palazzo-Alvaro.jpeg\",\"keywords\":[\"bene in disuso dal Comune di Palmi\",\"carmelo versace\",\"Diritto allo studio\",\"giuseppe ranuccio\",\"introduzione del vice segretario supplente\",\"Mef\",\"Metrocity\",\"stanziati 410 mila euro aggiuntivi\"],\"articleSection\":[\"Home\",\"News\",\"Reggio Calabria\"],\"inLanguage\":\"it-IT\"},{\"@type\":\"WebPage\",\"@id\":\"https:\/\/progettotouring.it\/radiotouring104\/2024\/05\/14\/metrocity-diritto-allo-studio-stanziati-altri-14-mln-per-il-diritto-allo-studio\/\",\"url\":\"https:\/\/progettotouring.it\/radiotouring104\/2024\/05\/14\/metrocity-diritto-allo-studio-stanziati-altri-14-mln-per-il-diritto-allo-studio\/\",\"name\":\"Metrocity: stanziati 1,4 mln per il Diritto allo Studio\",\"isPartOf\":{\"@id\":\"https:\/\/progettotouring.it\/radiotouring104\/#website\"},\"primaryImageOfPage\":{\"@id\":\"https:\/\/progettotouring.it\/radiotouring104\/2024\/05\/14\/metrocity-diritto-allo-studio-stanziati-altri-14-mln-per-il-diritto-allo-studio\/#primaryimage\"},\"image\":{\"@id\":\"https:\/\/progettotouring.it\/radiotouring104\/2024\/05\/14\/metrocity-diritto-allo-studio-stanziati-altri-14-mln-per-il-diritto-allo-studio\/#primaryimage\"},\"thumbnailUrl\":\"https:\/\/progettotouring.it\/radiotouring104\/wp-content\/uploads\/sites\/6\/2024\/05\/Metrocity-Versace-Palazzo-Alvaro.jpeg\",\"datePublished\":\"2024-05-14T07:29:35+00:00\",\"dateModified\":\"2024-05-14T07:32:27+00:00\",\"description\":\"Approvata anche modifica Statuto per limiti temporali convocazione Conferenza Metropolitana e per introduzione del vice segretario supplente\",\"breadcrumb\":{\"@id\":\"https:\/\/progettotouring.it\/radiotouring104\/2024\/05\/14\/metrocity-diritto-allo-studio-stanziati-altri-14-mln-per-il-diritto-allo-studio\/#breadcrumb\"},\"inLanguage\":\"it-IT\",\"potentialAction\":[{\"@type\":\"ReadAction\",\"target\":[\"https:\/\/progettotouring.it\/radiotouring104\/2024\/05\/14\/metrocity-diritto-allo-studio-stanziati-altri-14-mln-per-il-diritto-allo-studio\/\"]}]},{\"@type\":\"ImageObject\",\"inLanguage\":\"it-IT\",\"@id\":\"https:\/\/progettotouring.it\/radiotouring104\/2024\/05\/14\/metrocity-diritto-allo-studio-stanziati-altri-14-mln-per-il-diritto-allo-studio\/#primaryimage\",\"url\":\"https:\/\/progettotouring.it\/radiotouring104\/wp-content\/uploads\/sites\/6\/2024\/05\/Metrocity-Versace-Palazzo-Alvaro.jpeg\",\"contentUrl\":\"https:\/\/progettotouring.it\/radiotouring104\/wp-content\/uploads\/sites\/6\/2024\/05\/Metrocity-Versace-Palazzo-Alvaro.jpeg\",\"width\":1600,\"height\":900},{\"@type\":\"BreadcrumbList\",\"@id\":\"https:\/\/progettotouring.it\/radiotouring104\/2024\/05\/14\/metrocity-diritto-allo-studio-stanziati-altri-14-mln-per-il-diritto-allo-studio\/#breadcrumb\",\"itemListElement\":[{\"@type\":\"ListItem\",\"position\":1,\"name\":\"Home\",\"item\":\"https:\/\/progettotouring.it\/radiotouring104\/\"},{\"@type\":\"ListItem\",\"position\":2,\"name\":\"Metrocity: stanziati 1,4 mln per il Diritto allo Studio\"}]},{\"@type\":\"WebSite\",\"@id\":\"https:\/\/progettotouring.it\/radiotouring104\/#website\",\"url\":\"https:\/\/progettotouring.it\/radiotouring104\/\",\"name\":\"Radio Touring 104\",\"description\":\"La prima radio Reggina\",\"publisher\":{\"@id\":\"https:\/\/progettotouring.it\/radiotouring104\/#organization\"},\"potentialAction\":[{\"@type\":\"SearchAction\",\"target\":{\"@type\":\"EntryPoint\",\"urlTemplate\":\"https:\/\/progettotouring.it\/radiotouring104\/?s={search_term_string}\"},\"query-input\":{\"@type\":\"PropertyValueSpecification\",\"valueRequired\":true,\"valueName\":\"search_term_string\"}}],\"inLanguage\":\"it-IT\"},{\"@type\":\"Organization\",\"@id\":\"https:\/\/progettotouring.it\/radiotouring104\/#organization\",\"name\":\"Radio Touring 104\",\"url\":\"https:\/\/progettotouring.it\/radiotouring104\/\",\"logo\":{\"@type\":\"ImageObject\",\"inLanguage\":\"it-IT\",\"@id\":\"https:\/\/progettotouring.it\/radiotouring104\/#\/schema\/logo\/image\/\",\"url\":\"https:\/\/progettotouring.it\/radiotouring104\/wp-content\/uploads\/sites\/6\/2022\/02\/cropped-logo-radio-touring-104.png\",\"contentUrl\":\"https:\/\/progettotouring.it\/radiotouring104\/wp-content\/uploads\/sites\/6\/2022\/02\/cropped-logo-radio-touring-104.png\",\"width\":377,\"height\":182,\"caption\":\"Radio Touring 104\"},\"image\":{\"@id\":\"https:\/\/progettotouring.it\/radiotouring104\/#\/schema\/logo\/image\/\"}},{\"@type\":\"Person\",\"@id\":\"https:\/\/progettotouring.it\/radiotouring104\/#\/schema\/person\/78613917f1851f041f7483f5af1d422e\",\"name\":\"Sebastiano Plutino\",\"image\":{\"@type\":\"ImageObject\",\"inLanguage\":\"it-IT\",\"@id\":\"https:\/\/secure.gravatar.com\/avatar\/0546ffaa9b79224faf9f2a156b67a529ae861d3287c66c1d8ccfdf909bcba78d?s=96&d=mm&r=g\",\"url\":\"https:\/\/secure.gravatar.com\/avatar\/0546ffaa9b79224faf9f2a156b67a529ae861d3287c66c1d8ccfdf909bcba78d?s=96&d=mm&r=g\",\"contentUrl\":\"https:\/\/secure.gravatar.com\/avatar\/0546ffaa9b79224faf9f2a156b67a529ae861d3287c66c1d8ccfdf909bcba78d?s=96&d=mm&r=g\",\"caption\":\"Sebastiano Plutino\"},\"url\":\"https:\/\/progettotouring.it\/radiotouring104\/author\/sebastiano\/\"}]}<\/script>\n<!-- \/ Yoast SEO plugin. -->","yoast_head_json":{"title":"Metrocity: stanziati 1,4 mln per il Diritto allo Studio","description":"Approvata anche modifica Statuto per limiti temporali convocazione Conferenza Metropolitana e per introduzione del vice segretario supplente","robots":{"index":"index","follow":"follow","max-snippet":"max-snippet:-1","max-image-preview":"max-image-preview:large","max-video-preview":"max-video-preview:-1"},"canonical":"https:\/\/progettotouring.it\/radiotouring104\/2024\/05\/14\/metrocity-diritto-allo-studio-stanziati-altri-14-mln-per-il-diritto-allo-studio\/","og_locale":"it_IT","og_type":"article","og_title":"Metrocity: stanziati 1,4 mln per il Diritto allo Studio","og_description":"Approvata anche modifica Statuto per limiti temporali convocazione Conferenza Metropolitana e per introduzione del vice segretario supplente","og_url":"https:\/\/progettotouring.it\/radiotouring104\/2024\/05\/14\/metrocity-diritto-allo-studio-stanziati-altri-14-mln-per-il-diritto-allo-studio\/","og_site_name":"Radio Touring 104","article_published_time":"2024-05-14T07:29:35+00:00","article_modified_time":"2024-05-14T07:32:27+00:00","og_image":[{"width":1600,"height":900,"url":"https:\/\/progettotouring.it\/radiotouring104\/wp-content\/uploads\/sites\/6\/2024\/05\/Metrocity-Versace-Palazzo-Alvaro.jpeg","type":"image\/jpeg"}],"author":"Sebastiano Plutino","twitter_card":"summary_large_image","twitter_misc":{"Scritto da":"Sebastiano Plutino","Tempo di lettura stimato":"2 minuti"},"schema":{"@context":"https:\/\/schema.org","@graph":[{"@type":"Article","@id":"https:\/\/progettotouring.it\/radiotouring104\/2024\/05\/14\/metrocity-diritto-allo-studio-stanziati-altri-14-mln-per-il-diritto-allo-studio\/#article","isPartOf":{"@id":"https:\/\/progettotouring.it\/radiotouring104\/2024\/05\/14\/metrocity-diritto-allo-studio-stanziati-altri-14-mln-per-il-diritto-allo-studio\/"},"author":{"name":"Sebastiano Plutino","@id":"https:\/\/progettotouring.it\/radiotouring104\/#\/schema\/person\/78613917f1851f041f7483f5af1d422e"},"headline":"Metrocity: stanziati 1,4 mln per il Diritto allo Studio","datePublished":"2024-05-14T07:29:35+00:00","dateModified":"2024-05-14T07:32:27+00:00","mainEntityOfPage":{"@id":"https:\/\/progettotouring.it\/radiotouring104\/2024\/05\/14\/metrocity-diritto-allo-studio-stanziati-altri-14-mln-per-il-diritto-allo-studio\/"},"wordCount":359,"publisher":{"@id":"https:\/\/progettotouring.it\/radiotouring104\/#organization"},"image":{"@id":"https:\/\/progettotouring.it\/radiotouring104\/2024\/05\/14\/metrocity-diritto-allo-studio-stanziati-altri-14-mln-per-il-diritto-allo-studio\/#primaryimage"},"thumbnailUrl":"https:\/\/progettotouring.it\/radiotouring104\/wp-content\/uploads\/sites\/6\/2024\/05\/Metrocity-Versace-Palazzo-Alvaro.jpeg","keywords":["bene in disuso dal Comune di Palmi","carmelo versace","Diritto allo studio","giuseppe ranuccio","introduzione del vice segretario supplente","Mef","Metrocity","stanziati 410 mila euro aggiuntivi"],"articleSection":["Home","News","Reggio Calabria"],"inLanguage":"it-IT"},{"@type":"WebPage","@id":"https:\/\/progettotouring.it\/radiotouring104\/2024\/05\/14\/metrocity-diritto-allo-studio-stanziati-altri-14-mln-per-il-diritto-allo-studio\/","url":"https:\/\/progettotouring.it\/radiotouring104\/2024\/05\/14\/metrocity-diritto-allo-studio-stanziati-altri-14-mln-per-il-diritto-allo-studio\/","name":"Metrocity: stanziati 1,4 mln per il Diritto allo Studio","isPartOf":{"@id":"https:\/\/progettotouring.it\/radiotouring104\/#website"},"primaryImageOfPage":{"@id":"https:\/\/progettotouring.it\/radiotouring104\/2024\/05\/14\/metrocity-diritto-allo-studio-stanziati-altri-14-mln-per-il-diritto-allo-studio\/#primaryimage"},"image":{"@id":"https:\/\/progettotouring.it\/radiotouring104\/2024\/05\/14\/metrocity-diritto-allo-studio-stanziati-altri-14-mln-per-il-diritto-allo-studio\/#primaryimage"},"thumbnailUrl":"https:\/\/progettotouring.it\/radiotouring104\/wp-content\/uploads\/sites\/6\/2024\/05\/Metrocity-Versace-Palazzo-Alvaro.jpeg","datePublished":"2024-05-14T07:29:35+00:00","dateModified":"2024-05-14T07:32:27+00:00","description":"Approvata anche modifica Statuto per limiti temporali convocazione Conferenza Metropolitana e per introduzione del vice segretario supplente","breadcrumb":{"@id":"https:\/\/progettotouring.it\/radiotouring104\/2024\/05\/14\/metrocity-diritto-allo-studio-stanziati-altri-14-mln-per-il-diritto-allo-studio\/#breadcrumb"},"inLanguage":"it-IT","potentialAction":[{"@type":"ReadAction","target":["https:\/\/progettotouring.it\/radiotouring104\/2024\/05\/14\/metrocity-diritto-allo-studio-stanziati-altri-14-mln-per-il-diritto-allo-studio\/"]}]},{"@type":"ImageObject","inLanguage":"it-IT","@id":"https:\/\/progettotouring.it\/radiotouring104\/2024\/05\/14\/metrocity-diritto-allo-studio-stanziati-altri-14-mln-per-il-diritto-allo-studio\/#primaryimage","url":"https:\/\/progettotouring.it\/radiotouring104\/wp-content\/uploads\/sites\/6\/2024\/05\/Metrocity-Versace-Palazzo-Alvaro.jpeg","contentUrl":"https:\/\/progettotouring.it\/radiotouring104\/wp-content\/uploads\/sites\/6\/2024\/05\/Metrocity-Versace-Palazzo-Alvaro.jpeg","width":1600,"height":900},{"@type":"BreadcrumbList","@id":"https:\/\/progettotouring.it\/radiotouring104\/2024\/05\/14\/metrocity-diritto-allo-studio-stanziati-altri-14-mln-per-il-diritto-allo-studio\/#breadcrumb","itemListElement":[{"@type":"ListItem","position":1,"name":"Home","item":"https:\/\/progettotouring.it\/radiotouring104\/"},{"@type":"ListItem","position":2,"name":"Metrocity: stanziati 1,4 mln per il Diritto allo Studio"}]},{"@type":"WebSite","@id":"https:\/\/progettotouring.it\/radiotouring104\/#website","url":"https:\/\/progettotouring.it\/radiotouring104\/","name":"Radio Touring 104","description":"La prima radio Reggina","publisher":{"@id":"https:\/\/progettotouring.it\/radiotouring104\/#organization"},"potentialAction":[{"@type":"SearchAction","target":{"@type":"EntryPoint","urlTemplate":"https:\/\/progettotouring.it\/radiotouring104\/?s={search_term_string}"},"query-input":{"@type":"PropertyValueSpecification","valueRequired":true,"valueName":"search_term_string"}}],"inLanguage":"it-IT"},{"@type":"Organization","@id":"https:\/\/progettotouring.it\/radiotouring104\/#organization","name":"Radio Touring 104","url":"https:\/\/progettotouring.it\/radiotouring104\/","logo":{"@type":"ImageObject","inLanguage":"it-IT","@id":"https:\/\/progettotouring.it\/radiotouring104\/#\/schema\/logo\/image\/","url":"https:\/\/progettotouring.it\/radiotouring104\/wp-content\/uploads\/sites\/6\/2022\/02\/cropped-logo-radio-touring-104.png","contentUrl":"https:\/\/progettotouring.it\/radiotouring104\/wp-content\/uploads\/sites\/6\/2022\/02\/cropped-logo-radio-touring-104.png","width":377,"height":182,"caption":"Radio Touring 104"},"image":{"@id":"https:\/\/progettotouring.it\/radiotouring104\/#\/schema\/logo\/image\/"}},{"@type":"Person","@id":"https:\/\/progettotouring.it\/radiotouring104\/#\/schema\/person\/78613917f1851f041f7483f5af1d422e","name":"Sebastiano Plutino","image":{"@type":"ImageObject","inLanguage":"it-IT","@id":"https:\/\/secure.gravatar.com\/avatar\/0546ffaa9b79224faf9f2a156b67a529ae861d3287c66c1d8ccfdf909bcba78d?s=96&d=mm&r=g","url":"https:\/\/secure.gravatar.com\/avatar\/0546ffaa9b79224faf9f2a156b67a529ae861d3287c66c1d8ccfdf909bcba78d?s=96&d=mm&r=g","contentUrl":"https:\/\/secure.gravatar.com\/avatar\/0546ffaa9b79224faf9f2a156b67a529ae861d3287c66c1d8ccfdf909bcba78d?s=96&d=mm&r=g","caption":"Sebastiano Plutino"},"url":"https:\/\/progettotouring.it\/radiotouring104\/author\/sebastiano\/"}]}},"jetpack_publicize_connections":[],"jetpack_featured_media_url":"https:\/\/progettotouring.it\/radiotouring104\/wp-content\/uploads\/sites\/6\/2024\/05\/Metrocity-Versace-Palazzo-Alvaro.jpeg","jetpack_sharing_enabled":true,"_links":{"self":[{"href":"https:\/\/progettotouring.it\/radiotouring104\/wp-json\/wp\/v2\/posts\/51331","targetHints":{"allow":["GET"]}}],"collection":[{"href":"https:\/\/progettotouring.it\/radiotouring104\/wp-json\/wp\/v2\/posts"}],"about":[{"href":"https:\/\/progettotouring.it\/radiotouring104\/wp-json\/wp\/v2\/types\/post"}],"author":[{"embeddable":true,"href":"https:\/\/progettotouring.it\/radiotouring104\/wp-json\/wp\/v2\/users\/12"}],"replies":[{"embeddable":true,"href":"https:\/\/progettotouring.it\/radiotouring104\/wp-json\/wp\/v2\/comments?post=51331"}],"version-history":[{"count":3,"href":"https:\/\/progettotouring.it\/radiotouring104\/wp-json\/wp\/v2\/posts\/51331\/revisions"}],"predecessor-version":[{"id":51336,"href":"https:\/\/progettotouring.it\/radiotouring104\/wp-json\/wp\/v2\/posts\/51331\/revisions\/51336"}],"wp:featuredmedia":[{"embeddable":true,"href":"https:\/\/progettotouring.it\/radiotouring104\/wp-json\/wp\/v2\/media\/51332"}],"wp:attachment":[{"href":"https:\/\/progettotouring.it\/radiotouring104\/wp-json\/wp\/v2\/media?parent=51331"}],"wp:term":[{"taxonomy":"category","embeddable":true,"href":"https:\/\/progettotouring.it\/radiotouring104\/wp-json\/wp\/v2\/categories?post=51331"},{"taxonomy":"post_tag","embeddable":true,"href":"https:\/\/progettotouring.it\/radiotouring104\/wp-json\/wp\/v2\/tags?post=51331"}],"curies":[{"name":"wp","href":"https:\/\/api.w.org\/{rel}","templated":true}]}}