{"id":51387,"date":"2024-05-14T12:30:21","date_gmt":"2024-05-14T10:30:21","guid":{"rendered":"https:\/\/progettotouring.it\/radiotouring104\/?p=51387"},"modified":"2024-05-14T12:30:21","modified_gmt":"2024-05-14T10:30:21","slug":"gioia-tauro-la-candidata-consigliera-speranza-promuove-un-bando-per-gli-eventi-estivi","status":"publish","type":"post","link":"https:\/\/progettotouring.it\/radiotouring104\/2024\/05\/14\/gioia-tauro-la-candidata-consigliera-speranza-promuove-un-bando-per-gli-eventi-estivi\/","title":{"rendered":"Gioia Tauro: la candidata consigliera, Speranza, promuove un bando per gli eventi estivi"},"content":{"rendered":"<p style=\"text-align: justify\"><strong>La candidata in consiglio comunale<\/strong> e coordinatrice di <strong>Forza Italia giovani Gioia Tauro<\/strong>, nella lista di Forza Italia della candidata Sindaco Scarcella,<strong> Domenica Speranza, non ha dubbi: il rilancio di Gioia Tauro passa anche per i grandi eventi,<\/strong> capaci di attrarre flussi turistici importanti, e per un programma di eventi estivi, dedicato ai giovani Gioiesi, oggi costretti a recarsi nei comuni limitrofi.<\/p>\n<p style=\"text-align: justify\">\n<p style=\"text-align: justify\"><em>\u201cUna Gioia Tauro pi\u00f9 giovane \u00e8 il primo passo per rendere questa citt\u00e0 competitiva, attrattiva alla stregua di altre realt\u00e0 vicine, che per tutta l\u2019estate proporranno un ricco calendario di eventi\u201d<\/em> <strong>prosegue la candidata Speranza.<\/strong><\/p>\n<p style=\"text-align: justify\">\n<p style=\"text-align: justify\">\u201c<em>Un modo efficace per <\/em><em>mettere in atto le <\/em><em>decine di proposte <\/em><em>che provengono <\/em><em>da associazioni e operatori culturali<\/em><em> che forniscono <\/em><em>servizi ed assistenza per la realizzazione di spettacoli, concerti, reading, incontri ed attivit\u00e0 culturali, iniziative legate allo sport ed al sociale, dedicate ai giovani, ai bambini, alle famiglie, agli anziani<\/em><em>\u201d<\/em> <strong>afferma Speranza.<\/strong><\/p>\n<p style=\"text-align: justify\">\n<p style=\"text-align: justify\"><em>\u201cTutte iniziative che potranno animare l\u2019estate, coinvolgendo in primis i Gioiesi e, naturalmente, tutti i visitatori e turisti che sceglieranno Gioia Tauro per trascorrere le vacanze estive<\/em>\u201d<strong> conclude la candidata.<\/strong><\/p>\n<p style=\"text-align: justify\">\n<p>&nbsp;<\/p>\n<p>&nbsp;<\/p>\n","protected":false},"excerpt":{"rendered":"<p>La candidata in consiglio comunale e coordinatrice di Forza Italia giovani Gioia Tauro, nella lista di Forza Italia della candidata Sindaco Scarcella, Domenica Speranza, non ha dubbi: il rilancio di&hellip;<\/p>\n","protected":false},"author":12,"featured_media":51388,"comment_status":"closed","ping_status":"open","sticky":false,"template":"","format":"standard","meta":{"_jetpack_memberships_contains_paid_content":false,"footnotes":"","jetpack_publicize_message":"","jetpack_publicize_feature_enabled":true,"jetpack_social_post_already_shared":false,"jetpack_social_options":{"image_generator_settings":{"template":"highway","default_image_id":0,"font":"","enabled":false},"version":2}},"categories":[921,196,140],"tags":[31124,31520,1514,517,31519],"class_list":["post-51387","post","type-post","status-publish","format-standard","has-post-thumbnail","hentry","category-home","category-news","category-reggio-calabria","tag-domenica-speranza","tag-estate-gioiese","tag-forza-italia","tag-gioia-tauro","tag-programma-eventi-estivi"],"yoast_head":"<!-- This site is optimized with the Yoast SEO plugin v27.2 - https:\/\/yoast.com\/product\/yoast-seo-wordpress\/ -->\n<title>Gioia Tauro: candidata Speranza promuove bando per eventi estivi<\/title>\n<meta name=\"description\" content=\"La candidata consigliera di Forza Italia, Speranza s&#039;impegna per programmare eventi estivi per l&#039;estate a Gioia Tauro\" \/>\n<meta name=\"robots\" content=\"index, follow, max-snippet:-1, max-image-preview:large, max-video-preview:-1\" \/>\n<link rel=\"canonical\" href=\"https:\/\/progettotouring.it\/radiotouring104\/2024\/05\/14\/gioia-tauro-la-candidata-consigliera-speranza-promuove-un-bando-per-gli-eventi-estivi\/\" \/>\n<meta property=\"og:locale\" content=\"it_IT\" \/>\n<meta property=\"og:type\" content=\"article\" \/>\n<meta property=\"og:title\" content=\"Gioia Tauro: candidata Speranza promuove bando per eventi estivi\" \/>\n<meta property=\"og:description\" content=\"La candidata consigliera di Forza Italia, Speranza s&#039;impegna per programmare eventi estivi per l&#039;estate a Gioia Tauro\" \/>\n<meta property=\"og:url\" content=\"https:\/\/progettotouring.it\/radiotouring104\/2024\/05\/14\/gioia-tauro-la-candidata-consigliera-speranza-promuove-un-bando-per-gli-eventi-estivi\/\" \/>\n<meta property=\"og:site_name\" content=\"Radio Touring 104\" \/>\n<meta property=\"article:published_time\" content=\"2024-05-14T10:30:21+00:00\" \/>\n<meta property=\"og:image\" content=\"https:\/\/progettotouring.it\/radiotouring104\/wp-content\/uploads\/sites\/6\/2024\/05\/Domenica-Speranza-Gioia-Tauro.jpg\" \/>\n\t<meta property=\"og:image:width\" content=\"1536\" \/>\n\t<meta property=\"og:image:height\" content=\"2048\" \/>\n\t<meta property=\"og:image:type\" content=\"image\/jpeg\" \/>\n<meta name=\"author\" content=\"Sebastiano Plutino\" \/>\n<meta name=\"twitter:card\" content=\"summary_large_image\" \/>\n<meta name=\"twitter:label1\" content=\"Scritto da\" \/>\n\t<meta name=\"twitter:data1\" content=\"Sebastiano Plutino\" \/>\n\t<meta name=\"twitter:label2\" content=\"Tempo di lettura stimato\" \/>\n\t<meta name=\"twitter:data2\" content=\"1 minuto\" \/>\n<script type=\"application\/ld+json\" class=\"yoast-schema-graph\">{\"@context\":\"https:\/\/schema.org\",\"@graph\":[{\"@type\":\"Article\",\"@id\":\"https:\/\/progettotouring.it\/radiotouring104\/2024\/05\/14\/gioia-tauro-la-candidata-consigliera-speranza-promuove-un-bando-per-gli-eventi-estivi\/#article\",\"isPartOf\":{\"@id\":\"https:\/\/progettotouring.it\/radiotouring104\/2024\/05\/14\/gioia-tauro-la-candidata-consigliera-speranza-promuove-un-bando-per-gli-eventi-estivi\/\"},\"author\":{\"name\":\"Sebastiano Plutino\",\"@id\":\"https:\/\/progettotouring.it\/radiotouring104\/#\/schema\/person\/78613917f1851f041f7483f5af1d422e\"},\"headline\":\"Gioia Tauro: la candidata consigliera, Speranza, promuove un bando per gli eventi estivi\",\"datePublished\":\"2024-05-14T10:30:21+00:00\",\"mainEntityOfPage\":{\"@id\":\"https:\/\/progettotouring.it\/radiotouring104\/2024\/05\/14\/gioia-tauro-la-candidata-consigliera-speranza-promuove-un-bando-per-gli-eventi-estivi\/\"},\"wordCount\":195,\"publisher\":{\"@id\":\"https:\/\/progettotouring.it\/radiotouring104\/#organization\"},\"image\":{\"@id\":\"https:\/\/progettotouring.it\/radiotouring104\/2024\/05\/14\/gioia-tauro-la-candidata-consigliera-speranza-promuove-un-bando-per-gli-eventi-estivi\/#primaryimage\"},\"thumbnailUrl\":\"https:\/\/progettotouring.it\/radiotouring104\/wp-content\/uploads\/sites\/6\/2024\/05\/Domenica-Speranza-Gioia-Tauro.jpg\",\"keywords\":[\"Domenica Speranza\",\"Estate Gioiese\",\"forza italia\",\"Gioia Tauro\",\"programma eventi estivi\"],\"articleSection\":[\"Home\",\"News\",\"Reggio Calabria\"],\"inLanguage\":\"it-IT\"},{\"@type\":\"WebPage\",\"@id\":\"https:\/\/progettotouring.it\/radiotouring104\/2024\/05\/14\/gioia-tauro-la-candidata-consigliera-speranza-promuove-un-bando-per-gli-eventi-estivi\/\",\"url\":\"https:\/\/progettotouring.it\/radiotouring104\/2024\/05\/14\/gioia-tauro-la-candidata-consigliera-speranza-promuove-un-bando-per-gli-eventi-estivi\/\",\"name\":\"Gioia Tauro: candidata Speranza promuove bando per eventi estivi\",\"isPartOf\":{\"@id\":\"https:\/\/progettotouring.it\/radiotouring104\/#website\"},\"primaryImageOfPage\":{\"@id\":\"https:\/\/progettotouring.it\/radiotouring104\/2024\/05\/14\/gioia-tauro-la-candidata-consigliera-speranza-promuove-un-bando-per-gli-eventi-estivi\/#primaryimage\"},\"image\":{\"@id\":\"https:\/\/progettotouring.it\/radiotouring104\/2024\/05\/14\/gioia-tauro-la-candidata-consigliera-speranza-promuove-un-bando-per-gli-eventi-estivi\/#primaryimage\"},\"thumbnailUrl\":\"https:\/\/progettotouring.it\/radiotouring104\/wp-content\/uploads\/sites\/6\/2024\/05\/Domenica-Speranza-Gioia-Tauro.jpg\",\"datePublished\":\"2024-05-14T10:30:21+00:00\",\"description\":\"La candidata consigliera di Forza Italia, Speranza s'impegna per programmare eventi estivi per l'estate a Gioia Tauro\",\"breadcrumb\":{\"@id\":\"https:\/\/progettotouring.it\/radiotouring104\/2024\/05\/14\/gioia-tauro-la-candidata-consigliera-speranza-promuove-un-bando-per-gli-eventi-estivi\/#breadcrumb\"},\"inLanguage\":\"it-IT\",\"potentialAction\":[{\"@type\":\"ReadAction\",\"target\":[\"https:\/\/progettotouring.it\/radiotouring104\/2024\/05\/14\/gioia-tauro-la-candidata-consigliera-speranza-promuove-un-bando-per-gli-eventi-estivi\/\"]}]},{\"@type\":\"ImageObject\",\"inLanguage\":\"it-IT\",\"@id\":\"https:\/\/progettotouring.it\/radiotouring104\/2024\/05\/14\/gioia-tauro-la-candidata-consigliera-speranza-promuove-un-bando-per-gli-eventi-estivi\/#primaryimage\",\"url\":\"https:\/\/progettotouring.it\/radiotouring104\/wp-content\/uploads\/sites\/6\/2024\/05\/Domenica-Speranza-Gioia-Tauro.jpg\",\"contentUrl\":\"https:\/\/progettotouring.it\/radiotouring104\/wp-content\/uploads\/sites\/6\/2024\/05\/Domenica-Speranza-Gioia-Tauro.jpg\",\"width\":1536,\"height\":2048},{\"@type\":\"BreadcrumbList\",\"@id\":\"https:\/\/progettotouring.it\/radiotouring104\/2024\/05\/14\/gioia-tauro-la-candidata-consigliera-speranza-promuove-un-bando-per-gli-eventi-estivi\/#breadcrumb\",\"itemListElement\":[{\"@type\":\"ListItem\",\"position\":1,\"name\":\"Home\",\"item\":\"https:\/\/progettotouring.it\/radiotouring104\/\"},{\"@type\":\"ListItem\",\"position\":2,\"name\":\"Gioia Tauro: la candidata consigliera, Speranza, promuove un bando per gli eventi estivi\"}]},{\"@type\":\"WebSite\",\"@id\":\"https:\/\/progettotouring.it\/radiotouring104\/#website\",\"url\":\"https:\/\/progettotouring.it\/radiotouring104\/\",\"name\":\"Radio Touring 104\",\"description\":\"La prima radio Reggina\",\"publisher\":{\"@id\":\"https:\/\/progettotouring.it\/radiotouring104\/#organization\"},\"potentialAction\":[{\"@type\":\"SearchAction\",\"target\":{\"@type\":\"EntryPoint\",\"urlTemplate\":\"https:\/\/progettotouring.it\/radiotouring104\/?s={search_term_string}\"},\"query-input\":{\"@type\":\"PropertyValueSpecification\",\"valueRequired\":true,\"valueName\":\"search_term_string\"}}],\"inLanguage\":\"it-IT\"},{\"@type\":\"Organization\",\"@id\":\"https:\/\/progettotouring.it\/radiotouring104\/#organization\",\"name\":\"Radio Touring 104\",\"url\":\"https:\/\/progettotouring.it\/radiotouring104\/\",\"logo\":{\"@type\":\"ImageObject\",\"inLanguage\":\"it-IT\",\"@id\":\"https:\/\/progettotouring.it\/radiotouring104\/#\/schema\/logo\/image\/\",\"url\":\"https:\/\/progettotouring.it\/radiotouring104\/wp-content\/uploads\/sites\/6\/2022\/02\/cropped-logo-radio-touring-104.png\",\"contentUrl\":\"https:\/\/progettotouring.it\/radiotouring104\/wp-content\/uploads\/sites\/6\/2022\/02\/cropped-logo-radio-touring-104.png\",\"width\":377,\"height\":182,\"caption\":\"Radio Touring 104\"},\"image\":{\"@id\":\"https:\/\/progettotouring.it\/radiotouring104\/#\/schema\/logo\/image\/\"}},{\"@type\":\"Person\",\"@id\":\"https:\/\/progettotouring.it\/radiotouring104\/#\/schema\/person\/78613917f1851f041f7483f5af1d422e\",\"name\":\"Sebastiano Plutino\",\"image\":{\"@type\":\"ImageObject\",\"inLanguage\":\"it-IT\",\"@id\":\"https:\/\/secure.gravatar.com\/avatar\/0546ffaa9b79224faf9f2a156b67a529ae861d3287c66c1d8ccfdf909bcba78d?s=96&d=mm&r=g\",\"url\":\"https:\/\/secure.gravatar.com\/avatar\/0546ffaa9b79224faf9f2a156b67a529ae861d3287c66c1d8ccfdf909bcba78d?s=96&d=mm&r=g\",\"contentUrl\":\"https:\/\/secure.gravatar.com\/avatar\/0546ffaa9b79224faf9f2a156b67a529ae861d3287c66c1d8ccfdf909bcba78d?s=96&d=mm&r=g\",\"caption\":\"Sebastiano Plutino\"},\"url\":\"https:\/\/progettotouring.it\/radiotouring104\/author\/sebastiano\/\"}]}<\/script>\n<!-- \/ Yoast SEO plugin. -->","yoast_head_json":{"title":"Gioia Tauro: candidata Speranza promuove bando per eventi estivi","description":"La candidata consigliera di Forza Italia, Speranza s'impegna per programmare eventi estivi per l'estate a Gioia Tauro","robots":{"index":"index","follow":"follow","max-snippet":"max-snippet:-1","max-image-preview":"max-image-preview:large","max-video-preview":"max-video-preview:-1"},"canonical":"https:\/\/progettotouring.it\/radiotouring104\/2024\/05\/14\/gioia-tauro-la-candidata-consigliera-speranza-promuove-un-bando-per-gli-eventi-estivi\/","og_locale":"it_IT","og_type":"article","og_title":"Gioia Tauro: candidata Speranza promuove bando per eventi estivi","og_description":"La candidata consigliera di Forza Italia, Speranza s'impegna per programmare eventi estivi per l'estate a Gioia Tauro","og_url":"https:\/\/progettotouring.it\/radiotouring104\/2024\/05\/14\/gioia-tauro-la-candidata-consigliera-speranza-promuove-un-bando-per-gli-eventi-estivi\/","og_site_name":"Radio Touring 104","article_published_time":"2024-05-14T10:30:21+00:00","og_image":[{"width":1536,"height":2048,"url":"https:\/\/progettotouring.it\/radiotouring104\/wp-content\/uploads\/sites\/6\/2024\/05\/Domenica-Speranza-Gioia-Tauro.jpg","type":"image\/jpeg"}],"author":"Sebastiano Plutino","twitter_card":"summary_large_image","twitter_misc":{"Scritto da":"Sebastiano Plutino","Tempo di lettura stimato":"1 minuto"},"schema":{"@context":"https:\/\/schema.org","@graph":[{"@type":"Article","@id":"https:\/\/progettotouring.it\/radiotouring104\/2024\/05\/14\/gioia-tauro-la-candidata-consigliera-speranza-promuove-un-bando-per-gli-eventi-estivi\/#article","isPartOf":{"@id":"https:\/\/progettotouring.it\/radiotouring104\/2024\/05\/14\/gioia-tauro-la-candidata-consigliera-speranza-promuove-un-bando-per-gli-eventi-estivi\/"},"author":{"name":"Sebastiano Plutino","@id":"https:\/\/progettotouring.it\/radiotouring104\/#\/schema\/person\/78613917f1851f041f7483f5af1d422e"},"headline":"Gioia Tauro: la candidata consigliera, Speranza, promuove un bando per gli eventi estivi","datePublished":"2024-05-14T10:30:21+00:00","mainEntityOfPage":{"@id":"https:\/\/progettotouring.it\/radiotouring104\/2024\/05\/14\/gioia-tauro-la-candidata-consigliera-speranza-promuove-un-bando-per-gli-eventi-estivi\/"},"wordCount":195,"publisher":{"@id":"https:\/\/progettotouring.it\/radiotouring104\/#organization"},"image":{"@id":"https:\/\/progettotouring.it\/radiotouring104\/2024\/05\/14\/gioia-tauro-la-candidata-consigliera-speranza-promuove-un-bando-per-gli-eventi-estivi\/#primaryimage"},"thumbnailUrl":"https:\/\/progettotouring.it\/radiotouring104\/wp-content\/uploads\/sites\/6\/2024\/05\/Domenica-Speranza-Gioia-Tauro.jpg","keywords":["Domenica Speranza","Estate Gioiese","forza italia","Gioia Tauro","programma eventi estivi"],"articleSection":["Home","News","Reggio Calabria"],"inLanguage":"it-IT"},{"@type":"WebPage","@id":"https:\/\/progettotouring.it\/radiotouring104\/2024\/05\/14\/gioia-tauro-la-candidata-consigliera-speranza-promuove-un-bando-per-gli-eventi-estivi\/","url":"https:\/\/progettotouring.it\/radiotouring104\/2024\/05\/14\/gioia-tauro-la-candidata-consigliera-speranza-promuove-un-bando-per-gli-eventi-estivi\/","name":"Gioia Tauro: candidata Speranza promuove bando per eventi estivi","isPartOf":{"@id":"https:\/\/progettotouring.it\/radiotouring104\/#website"},"primaryImageOfPage":{"@id":"https:\/\/progettotouring.it\/radiotouring104\/2024\/05\/14\/gioia-tauro-la-candidata-consigliera-speranza-promuove-un-bando-per-gli-eventi-estivi\/#primaryimage"},"image":{"@id":"https:\/\/progettotouring.it\/radiotouring104\/2024\/05\/14\/gioia-tauro-la-candidata-consigliera-speranza-promuove-un-bando-per-gli-eventi-estivi\/#primaryimage"},"thumbnailUrl":"https:\/\/progettotouring.it\/radiotouring104\/wp-content\/uploads\/sites\/6\/2024\/05\/Domenica-Speranza-Gioia-Tauro.jpg","datePublished":"2024-05-14T10:30:21+00:00","description":"La candidata consigliera di Forza Italia, Speranza s'impegna per programmare eventi estivi per l'estate a Gioia Tauro","breadcrumb":{"@id":"https:\/\/progettotouring.it\/radiotouring104\/2024\/05\/14\/gioia-tauro-la-candidata-consigliera-speranza-promuove-un-bando-per-gli-eventi-estivi\/#breadcrumb"},"inLanguage":"it-IT","potentialAction":[{"@type":"ReadAction","target":["https:\/\/progettotouring.it\/radiotouring104\/2024\/05\/14\/gioia-tauro-la-candidata-consigliera-speranza-promuove-un-bando-per-gli-eventi-estivi\/"]}]},{"@type":"ImageObject","inLanguage":"it-IT","@id":"https:\/\/progettotouring.it\/radiotouring104\/2024\/05\/14\/gioia-tauro-la-candidata-consigliera-speranza-promuove-un-bando-per-gli-eventi-estivi\/#primaryimage","url":"https:\/\/progettotouring.it\/radiotouring104\/wp-content\/uploads\/sites\/6\/2024\/05\/Domenica-Speranza-Gioia-Tauro.jpg","contentUrl":"https:\/\/progettotouring.it\/radiotouring104\/wp-content\/uploads\/sites\/6\/2024\/05\/Domenica-Speranza-Gioia-Tauro.jpg","width":1536,"height":2048},{"@type":"BreadcrumbList","@id":"https:\/\/progettotouring.it\/radiotouring104\/2024\/05\/14\/gioia-tauro-la-candidata-consigliera-speranza-promuove-un-bando-per-gli-eventi-estivi\/#breadcrumb","itemListElement":[{"@type":"ListItem","position":1,"name":"Home","item":"https:\/\/progettotouring.it\/radiotouring104\/"},{"@type":"ListItem","position":2,"name":"Gioia Tauro: la candidata consigliera, Speranza, promuove un bando per gli eventi estivi"}]},{"@type":"WebSite","@id":"https:\/\/progettotouring.it\/radiotouring104\/#website","url":"https:\/\/progettotouring.it\/radiotouring104\/","name":"Radio Touring 104","description":"La prima radio Reggina","publisher":{"@id":"https:\/\/progettotouring.it\/radiotouring104\/#organization"},"potentialAction":[{"@type":"SearchAction","target":{"@type":"EntryPoint","urlTemplate":"https:\/\/progettotouring.it\/radiotouring104\/?s={search_term_string}"},"query-input":{"@type":"PropertyValueSpecification","valueRequired":true,"valueName":"search_term_string"}}],"inLanguage":"it-IT"},{"@type":"Organization","@id":"https:\/\/progettotouring.it\/radiotouring104\/#organization","name":"Radio Touring 104","url":"https:\/\/progettotouring.it\/radiotouring104\/","logo":{"@type":"ImageObject","inLanguage":"it-IT","@id":"https:\/\/progettotouring.it\/radiotouring104\/#\/schema\/logo\/image\/","url":"https:\/\/progettotouring.it\/radiotouring104\/wp-content\/uploads\/sites\/6\/2022\/02\/cropped-logo-radio-touring-104.png","contentUrl":"https:\/\/progettotouring.it\/radiotouring104\/wp-content\/uploads\/sites\/6\/2022\/02\/cropped-logo-radio-touring-104.png","width":377,"height":182,"caption":"Radio Touring 104"},"image":{"@id":"https:\/\/progettotouring.it\/radiotouring104\/#\/schema\/logo\/image\/"}},{"@type":"Person","@id":"https:\/\/progettotouring.it\/radiotouring104\/#\/schema\/person\/78613917f1851f041f7483f5af1d422e","name":"Sebastiano Plutino","image":{"@type":"ImageObject","inLanguage":"it-IT","@id":"https:\/\/secure.gravatar.com\/avatar\/0546ffaa9b79224faf9f2a156b67a529ae861d3287c66c1d8ccfdf909bcba78d?s=96&d=mm&r=g","url":"https:\/\/secure.gravatar.com\/avatar\/0546ffaa9b79224faf9f2a156b67a529ae861d3287c66c1d8ccfdf909bcba78d?s=96&d=mm&r=g","contentUrl":"https:\/\/secure.gravatar.com\/avatar\/0546ffaa9b79224faf9f2a156b67a529ae861d3287c66c1d8ccfdf909bcba78d?s=96&d=mm&r=g","caption":"Sebastiano Plutino"},"url":"https:\/\/progettotouring.it\/radiotouring104\/author\/sebastiano\/"}]}},"jetpack_publicize_connections":[],"jetpack_featured_media_url":"https:\/\/progettotouring.it\/radiotouring104\/wp-content\/uploads\/sites\/6\/2024\/05\/Domenica-Speranza-Gioia-Tauro.jpg","jetpack_sharing_enabled":true,"_links":{"self":[{"href":"https:\/\/progettotouring.it\/radiotouring104\/wp-json\/wp\/v2\/posts\/51387","targetHints":{"allow":["GET"]}}],"collection":[{"href":"https:\/\/progettotouring.it\/radiotouring104\/wp-json\/wp\/v2\/posts"}],"about":[{"href":"https:\/\/progettotouring.it\/radiotouring104\/wp-json\/wp\/v2\/types\/post"}],"author":[{"embeddable":true,"href":"https:\/\/progettotouring.it\/radiotouring104\/wp-json\/wp\/v2\/users\/12"}],"replies":[{"embeddable":true,"href":"https:\/\/progettotouring.it\/radiotouring104\/wp-json\/wp\/v2\/comments?post=51387"}],"version-history":[{"count":1,"href":"https:\/\/progettotouring.it\/radiotouring104\/wp-json\/wp\/v2\/posts\/51387\/revisions"}],"predecessor-version":[{"id":51389,"href":"https:\/\/progettotouring.it\/radiotouring104\/wp-json\/wp\/v2\/posts\/51387\/revisions\/51389"}],"wp:featuredmedia":[{"embeddable":true,"href":"https:\/\/progettotouring.it\/radiotouring104\/wp-json\/wp\/v2\/media\/51388"}],"wp:attachment":[{"href":"https:\/\/progettotouring.it\/radiotouring104\/wp-json\/wp\/v2\/media?parent=51387"}],"wp:term":[{"taxonomy":"category","embeddable":true,"href":"https:\/\/progettotouring.it\/radiotouring104\/wp-json\/wp\/v2\/categories?post=51387"},{"taxonomy":"post_tag","embeddable":true,"href":"https:\/\/progettotouring.it\/radiotouring104\/wp-json\/wp\/v2\/tags?post=51387"}],"curies":[{"name":"wp","href":"https:\/\/api.w.org\/{rel}","templated":true}]}}