{"id":51390,"date":"2024-05-14T12:40:26","date_gmt":"2024-05-14T10:40:26","guid":{"rendered":"https:\/\/progettotouring.it\/radiotouring104\/?p=51390"},"modified":"2024-05-14T12:40:26","modified_gmt":"2024-05-14T10:40:26","slug":"anassilaos-incontro-su-migrazioni-italiane-in-africa-nel-xix-e-xx-sec","status":"publish","type":"post","link":"https:\/\/progettotouring.it\/radiotouring104\/2024\/05\/14\/anassilaos-incontro-su-migrazioni-italiane-in-africa-nel-xix-e-xx-sec\/","title":{"rendered":"Anassilaos: incontro su &#8220;Migrazioni italiane in Africa nel XIX e XX sec.&#8221;"},"content":{"rendered":"<p style=\"text-align: justify\">Nell\u2019ambito degli incontri promossi dall<strong>\u2019Associazione Culturale Anassilaos<\/strong> congiuntamente con la Biblioteca Pietro De Nava, patrocinati dal Comune di Reggio Calabria,<strong> sul tema<\/strong> <em>\u201cla percezione del tempo tra antico moderno e contemporaneit\u00e0\u201d<\/em> <strong>si terr\u00e0 gioved\u00ec 16 maggio con inizio alle ore 17,00\u00a0 presso la Sala Giuffr\u00e8 della Biblioteca un incontro sul tema<\/strong> \u201c<em>Storie di ieri, problemi di oggi: migrazioni italiane in Africa mediterranea (XIX-XX secolo) <\/em><strong>con l\u2019intervento del prof. Salvatore Speziale,<\/strong> Associato di Storia e Istituzioni dell\u2019Africa e del Vicino Oriente presso il Dipartimento di Civilt\u00e0 Antiche e Moderne (DiCAM) della Universit\u00e0 degli Studi di Messina. Dinanzi al fenomeno migratorio dei nostri giorni, dall\u2019Africa verso l\u2019Europa e soprattutto l\u2019Italia, lo studioso intende analizzare un momento storico nel quale si \u00e8 verificato un movimento migratorio opposto, dall\u2019Italia all\u2019Africa, con tutta una serie di problemi anche diplomatici tra il nostro Paese e, per esempio, la Francia, a proposito della Tunisia che era stata una delle mete delle migrazioni italiane indirizzatesi anche verso l\u2019Egitto. Non a caso nacquero ad Alessandria d\u2019Egitto, per fare soltanto qualche nome, il fondatore del Movimento Futurista, Filippo Tommaso Marinetti ed uno dei grandi poeti del Novecento, Giuseppe Ungaretti, i cui padri lavoravano presso la Societ\u00e0 del Canale di Suez.<\/p>\n<p style=\"text-align: justify\"><strong>Il Mediterraneo infatti \u00e8 sempre stato, ed \u00e8 tuttora, teatro di imponenti percorsi migratori che hanno seguito direzioni opposte,<\/strong> sono avvenuti in contesti diversi ma sono stati originati da motivazioni in qualche modo simili, prevalentemente di carattere economico, politico, giuridico e religioso; sono avvenute in maniera spesso raffrontabile, hanno prodotto relazioni e problemi per qualche aspetto affini. Senza entrare assolutamente nel merito delle migrazioni Sud-Nord di oggi ma lasciando ai presenti il compito di riflettere sulle possibili analogie, la conversazione dello studioso si propone \u00a0oggi rileggere una pagina complessa, a volte avventurosa, spesso drammatica e sorprendente, delle migrazioni italiane Nord-Sud in Africa mediterranea.<\/p>\n<p style=\"text-align: justify\"><strong>Una pagina incentrata sull\u2019ampia gamma di motivazioni di partenza,<\/strong> sulle ragioni di scelta delle mete africane, sulle modalit\u00e0 di migrazione, sui problemi di relazione con le altre collettivit\u00e0 straniere e con le popolazioni locali, sulle questioni interreligiose, sui problemi di cittadinanza, naturalizzazione, integrazione e assimilazione che ancora oggi pesano sui discendenti dei migranti. Un\u2019occasione quindi per rivedere il passato, ma anche il presente, delle migrazioni e riflettere su quello che gli storici inseriscono in un quadro strutturale a fronte di una narrazione emergenziale. All\u2019incontro interverr\u00e0 la responsabile della Biblioteca Daniela Neri. Introdurr\u00e0 e condurr\u00e0 Fabio Arichetta, responsabile centro studi anassilaos per la storia moderna e contemporanea.<\/p>\n<p>&nbsp;<\/p>\n","protected":false},"excerpt":{"rendered":"<p>Nell\u2019ambito degli incontri promossi dall\u2019Associazione Culturale Anassilaos congiuntamente con la Biblioteca Pietro De Nava, patrocinati dal Comune di Reggio Calabria, sul tema \u201cla percezione del tempo tra antico moderno e&hellip;<\/p>\n","protected":false},"author":12,"featured_media":51391,"comment_status":"closed","ping_status":"open","sticky":false,"template":"","format":"standard","meta":{"_jetpack_memberships_contains_paid_content":false,"footnotes":"","jetpack_publicize_message":"","jetpack_publicize_feature_enabled":true,"jetpack_social_post_already_shared":false,"jetpack_social_options":{"image_generator_settings":{"template":"highway","default_image_id":0,"font":"","enabled":false},"version":2}},"categories":[921,196,140],"tags":[501,506,31521,31522],"class_list":["post-51390","post","type-post","status-publish","format-standard","has-post-thumbnail","hentry","category-home","category-news","category-reggio-calabria","tag-anassilaos","tag-biblioteca-de-nava","tag-migrazioni-italiane-in-africa-nel-xix-xx-sec","tag-prof-salvatore-speziale"],"yoast_head":"<!-- This site is optimized with the Yoast SEO plugin v27.2 - https:\/\/yoast.com\/product\/yoast-seo-wordpress\/ -->\n<title>Anassilaos: incontro &quot;Migrazioni italiane in Africa nel XIX e XX sec&quot;<\/title>\n<meta name=\"description\" content=\"L&#039;incontro dell&#039;Anassilaos si terr\u00e0 il16 maggio, alle 17,00\u00a0 presso la Sala Giuffr\u00e8 della Biblioteca De Nava\" \/>\n<meta name=\"robots\" content=\"index, follow, max-snippet:-1, max-image-preview:large, max-video-preview:-1\" \/>\n<link rel=\"canonical\" href=\"https:\/\/progettotouring.it\/radiotouring104\/2024\/05\/14\/anassilaos-incontro-su-migrazioni-italiane-in-africa-nel-xix-e-xx-sec\/\" \/>\n<meta property=\"og:locale\" content=\"it_IT\" \/>\n<meta property=\"og:type\" content=\"article\" \/>\n<meta property=\"og:title\" content=\"Anassilaos: incontro &quot;Migrazioni italiane in Africa nel XIX e XX sec&quot;\" \/>\n<meta property=\"og:description\" content=\"L&#039;incontro dell&#039;Anassilaos si terr\u00e0 il16 maggio, alle 17,00\u00a0 presso la Sala Giuffr\u00e8 della Biblioteca De Nava\" \/>\n<meta property=\"og:url\" content=\"https:\/\/progettotouring.it\/radiotouring104\/2024\/05\/14\/anassilaos-incontro-su-migrazioni-italiane-in-africa-nel-xix-e-xx-sec\/\" \/>\n<meta property=\"og:site_name\" content=\"Radio Touring 104\" \/>\n<meta property=\"article:published_time\" content=\"2024-05-14T10:40:26+00:00\" \/>\n<meta property=\"og:image\" content=\"https:\/\/progettotouring.it\/radiotouring104\/wp-content\/uploads\/sites\/6\/2024\/05\/migrazione-italiana-in-africa-Anassilaos.png\" \/>\n\t<meta property=\"og:image:width\" content=\"896\" \/>\n\t<meta property=\"og:image:height\" content=\"487\" \/>\n\t<meta property=\"og:image:type\" content=\"image\/png\" \/>\n<meta name=\"author\" content=\"Sebastiano Plutino\" \/>\n<meta name=\"twitter:card\" content=\"summary_large_image\" \/>\n<meta name=\"twitter:label1\" content=\"Scritto da\" \/>\n\t<meta name=\"twitter:data1\" content=\"Sebastiano Plutino\" \/>\n\t<meta name=\"twitter:label2\" content=\"Tempo di lettura stimato\" \/>\n\t<meta name=\"twitter:data2\" content=\"2 minuti\" \/>\n<script type=\"application\/ld+json\" class=\"yoast-schema-graph\">{\"@context\":\"https:\/\/schema.org\",\"@graph\":[{\"@type\":\"Article\",\"@id\":\"https:\/\/progettotouring.it\/radiotouring104\/2024\/05\/14\/anassilaos-incontro-su-migrazioni-italiane-in-africa-nel-xix-e-xx-sec\/#article\",\"isPartOf\":{\"@id\":\"https:\/\/progettotouring.it\/radiotouring104\/2024\/05\/14\/anassilaos-incontro-su-migrazioni-italiane-in-africa-nel-xix-e-xx-sec\/\"},\"author\":{\"name\":\"Sebastiano Plutino\",\"@id\":\"https:\/\/progettotouring.it\/radiotouring104\/#\/schema\/person\/78613917f1851f041f7483f5af1d422e\"},\"headline\":\"Anassilaos: incontro su &#8220;Migrazioni italiane in Africa nel XIX e XX sec.&#8221;\",\"datePublished\":\"2024-05-14T10:40:26+00:00\",\"mainEntityOfPage\":{\"@id\":\"https:\/\/progettotouring.it\/radiotouring104\/2024\/05\/14\/anassilaos-incontro-su-migrazioni-italiane-in-africa-nel-xix-e-xx-sec\/\"},\"wordCount\":431,\"publisher\":{\"@id\":\"https:\/\/progettotouring.it\/radiotouring104\/#organization\"},\"image\":{\"@id\":\"https:\/\/progettotouring.it\/radiotouring104\/2024\/05\/14\/anassilaos-incontro-su-migrazioni-italiane-in-africa-nel-xix-e-xx-sec\/#primaryimage\"},\"thumbnailUrl\":\"https:\/\/progettotouring.it\/radiotouring104\/wp-content\/uploads\/sites\/6\/2024\/05\/migrazione-italiana-in-africa-Anassilaos.png\",\"keywords\":[\"anassilaos\",\"Biblioteca De Nava\",\"migrazioni italiane in Africa nel XIX XX Sec.\",\"prof. Salvatore Speziale\"],\"articleSection\":[\"Home\",\"News\",\"Reggio Calabria\"],\"inLanguage\":\"it-IT\"},{\"@type\":\"WebPage\",\"@id\":\"https:\/\/progettotouring.it\/radiotouring104\/2024\/05\/14\/anassilaos-incontro-su-migrazioni-italiane-in-africa-nel-xix-e-xx-sec\/\",\"url\":\"https:\/\/progettotouring.it\/radiotouring104\/2024\/05\/14\/anassilaos-incontro-su-migrazioni-italiane-in-africa-nel-xix-e-xx-sec\/\",\"name\":\"Anassilaos: incontro \\\"Migrazioni italiane in Africa nel XIX e XX sec\\\"\",\"isPartOf\":{\"@id\":\"https:\/\/progettotouring.it\/radiotouring104\/#website\"},\"primaryImageOfPage\":{\"@id\":\"https:\/\/progettotouring.it\/radiotouring104\/2024\/05\/14\/anassilaos-incontro-su-migrazioni-italiane-in-africa-nel-xix-e-xx-sec\/#primaryimage\"},\"image\":{\"@id\":\"https:\/\/progettotouring.it\/radiotouring104\/2024\/05\/14\/anassilaos-incontro-su-migrazioni-italiane-in-africa-nel-xix-e-xx-sec\/#primaryimage\"},\"thumbnailUrl\":\"https:\/\/progettotouring.it\/radiotouring104\/wp-content\/uploads\/sites\/6\/2024\/05\/migrazione-italiana-in-africa-Anassilaos.png\",\"datePublished\":\"2024-05-14T10:40:26+00:00\",\"description\":\"L'incontro dell'Anassilaos si terr\u00e0 il16 maggio, alle 17,00\u00a0 presso la Sala Giuffr\u00e8 della Biblioteca De Nava\",\"breadcrumb\":{\"@id\":\"https:\/\/progettotouring.it\/radiotouring104\/2024\/05\/14\/anassilaos-incontro-su-migrazioni-italiane-in-africa-nel-xix-e-xx-sec\/#breadcrumb\"},\"inLanguage\":\"it-IT\",\"potentialAction\":[{\"@type\":\"ReadAction\",\"target\":[\"https:\/\/progettotouring.it\/radiotouring104\/2024\/05\/14\/anassilaos-incontro-su-migrazioni-italiane-in-africa-nel-xix-e-xx-sec\/\"]}]},{\"@type\":\"ImageObject\",\"inLanguage\":\"it-IT\",\"@id\":\"https:\/\/progettotouring.it\/radiotouring104\/2024\/05\/14\/anassilaos-incontro-su-migrazioni-italiane-in-africa-nel-xix-e-xx-sec\/#primaryimage\",\"url\":\"https:\/\/progettotouring.it\/radiotouring104\/wp-content\/uploads\/sites\/6\/2024\/05\/migrazione-italiana-in-africa-Anassilaos.png\",\"contentUrl\":\"https:\/\/progettotouring.it\/radiotouring104\/wp-content\/uploads\/sites\/6\/2024\/05\/migrazione-italiana-in-africa-Anassilaos.png\",\"width\":896,\"height\":487},{\"@type\":\"BreadcrumbList\",\"@id\":\"https:\/\/progettotouring.it\/radiotouring104\/2024\/05\/14\/anassilaos-incontro-su-migrazioni-italiane-in-africa-nel-xix-e-xx-sec\/#breadcrumb\",\"itemListElement\":[{\"@type\":\"ListItem\",\"position\":1,\"name\":\"Home\",\"item\":\"https:\/\/progettotouring.it\/radiotouring104\/\"},{\"@type\":\"ListItem\",\"position\":2,\"name\":\"Anassilaos: incontro su &#8220;Migrazioni italiane in Africa nel XIX e XX sec.&#8221;\"}]},{\"@type\":\"WebSite\",\"@id\":\"https:\/\/progettotouring.it\/radiotouring104\/#website\",\"url\":\"https:\/\/progettotouring.it\/radiotouring104\/\",\"name\":\"Radio Touring 104\",\"description\":\"La prima radio Reggina\",\"publisher\":{\"@id\":\"https:\/\/progettotouring.it\/radiotouring104\/#organization\"},\"potentialAction\":[{\"@type\":\"SearchAction\",\"target\":{\"@type\":\"EntryPoint\",\"urlTemplate\":\"https:\/\/progettotouring.it\/radiotouring104\/?s={search_term_string}\"},\"query-input\":{\"@type\":\"PropertyValueSpecification\",\"valueRequired\":true,\"valueName\":\"search_term_string\"}}],\"inLanguage\":\"it-IT\"},{\"@type\":\"Organization\",\"@id\":\"https:\/\/progettotouring.it\/radiotouring104\/#organization\",\"name\":\"Radio Touring 104\",\"url\":\"https:\/\/progettotouring.it\/radiotouring104\/\",\"logo\":{\"@type\":\"ImageObject\",\"inLanguage\":\"it-IT\",\"@id\":\"https:\/\/progettotouring.it\/radiotouring104\/#\/schema\/logo\/image\/\",\"url\":\"https:\/\/progettotouring.it\/radiotouring104\/wp-content\/uploads\/sites\/6\/2022\/02\/cropped-logo-radio-touring-104.png\",\"contentUrl\":\"https:\/\/progettotouring.it\/radiotouring104\/wp-content\/uploads\/sites\/6\/2022\/02\/cropped-logo-radio-touring-104.png\",\"width\":377,\"height\":182,\"caption\":\"Radio Touring 104\"},\"image\":{\"@id\":\"https:\/\/progettotouring.it\/radiotouring104\/#\/schema\/logo\/image\/\"}},{\"@type\":\"Person\",\"@id\":\"https:\/\/progettotouring.it\/radiotouring104\/#\/schema\/person\/78613917f1851f041f7483f5af1d422e\",\"name\":\"Sebastiano Plutino\",\"image\":{\"@type\":\"ImageObject\",\"inLanguage\":\"it-IT\",\"@id\":\"https:\/\/secure.gravatar.com\/avatar\/0546ffaa9b79224faf9f2a156b67a529ae861d3287c66c1d8ccfdf909bcba78d?s=96&d=mm&r=g\",\"url\":\"https:\/\/secure.gravatar.com\/avatar\/0546ffaa9b79224faf9f2a156b67a529ae861d3287c66c1d8ccfdf909bcba78d?s=96&d=mm&r=g\",\"contentUrl\":\"https:\/\/secure.gravatar.com\/avatar\/0546ffaa9b79224faf9f2a156b67a529ae861d3287c66c1d8ccfdf909bcba78d?s=96&d=mm&r=g\",\"caption\":\"Sebastiano Plutino\"},\"url\":\"https:\/\/progettotouring.it\/radiotouring104\/author\/sebastiano\/\"}]}<\/script>\n<!-- \/ Yoast SEO plugin. -->","yoast_head_json":{"title":"Anassilaos: incontro \"Migrazioni italiane in Africa nel XIX e XX sec\"","description":"L'incontro dell'Anassilaos si terr\u00e0 il16 maggio, alle 17,00\u00a0 presso la Sala Giuffr\u00e8 della Biblioteca De Nava","robots":{"index":"index","follow":"follow","max-snippet":"max-snippet:-1","max-image-preview":"max-image-preview:large","max-video-preview":"max-video-preview:-1"},"canonical":"https:\/\/progettotouring.it\/radiotouring104\/2024\/05\/14\/anassilaos-incontro-su-migrazioni-italiane-in-africa-nel-xix-e-xx-sec\/","og_locale":"it_IT","og_type":"article","og_title":"Anassilaos: incontro \"Migrazioni italiane in Africa nel XIX e XX sec\"","og_description":"L'incontro dell'Anassilaos si terr\u00e0 il16 maggio, alle 17,00\u00a0 presso la Sala Giuffr\u00e8 della Biblioteca De Nava","og_url":"https:\/\/progettotouring.it\/radiotouring104\/2024\/05\/14\/anassilaos-incontro-su-migrazioni-italiane-in-africa-nel-xix-e-xx-sec\/","og_site_name":"Radio Touring 104","article_published_time":"2024-05-14T10:40:26+00:00","og_image":[{"width":896,"height":487,"url":"https:\/\/progettotouring.it\/radiotouring104\/wp-content\/uploads\/sites\/6\/2024\/05\/migrazione-italiana-in-africa-Anassilaos.png","type":"image\/png"}],"author":"Sebastiano Plutino","twitter_card":"summary_large_image","twitter_misc":{"Scritto da":"Sebastiano Plutino","Tempo di lettura stimato":"2 minuti"},"schema":{"@context":"https:\/\/schema.org","@graph":[{"@type":"Article","@id":"https:\/\/progettotouring.it\/radiotouring104\/2024\/05\/14\/anassilaos-incontro-su-migrazioni-italiane-in-africa-nel-xix-e-xx-sec\/#article","isPartOf":{"@id":"https:\/\/progettotouring.it\/radiotouring104\/2024\/05\/14\/anassilaos-incontro-su-migrazioni-italiane-in-africa-nel-xix-e-xx-sec\/"},"author":{"name":"Sebastiano Plutino","@id":"https:\/\/progettotouring.it\/radiotouring104\/#\/schema\/person\/78613917f1851f041f7483f5af1d422e"},"headline":"Anassilaos: incontro su &#8220;Migrazioni italiane in Africa nel XIX e XX sec.&#8221;","datePublished":"2024-05-14T10:40:26+00:00","mainEntityOfPage":{"@id":"https:\/\/progettotouring.it\/radiotouring104\/2024\/05\/14\/anassilaos-incontro-su-migrazioni-italiane-in-africa-nel-xix-e-xx-sec\/"},"wordCount":431,"publisher":{"@id":"https:\/\/progettotouring.it\/radiotouring104\/#organization"},"image":{"@id":"https:\/\/progettotouring.it\/radiotouring104\/2024\/05\/14\/anassilaos-incontro-su-migrazioni-italiane-in-africa-nel-xix-e-xx-sec\/#primaryimage"},"thumbnailUrl":"https:\/\/progettotouring.it\/radiotouring104\/wp-content\/uploads\/sites\/6\/2024\/05\/migrazione-italiana-in-africa-Anassilaos.png","keywords":["anassilaos","Biblioteca De Nava","migrazioni italiane in Africa nel XIX XX Sec.","prof. Salvatore Speziale"],"articleSection":["Home","News","Reggio Calabria"],"inLanguage":"it-IT"},{"@type":"WebPage","@id":"https:\/\/progettotouring.it\/radiotouring104\/2024\/05\/14\/anassilaos-incontro-su-migrazioni-italiane-in-africa-nel-xix-e-xx-sec\/","url":"https:\/\/progettotouring.it\/radiotouring104\/2024\/05\/14\/anassilaos-incontro-su-migrazioni-italiane-in-africa-nel-xix-e-xx-sec\/","name":"Anassilaos: incontro \"Migrazioni italiane in Africa nel XIX e XX sec\"","isPartOf":{"@id":"https:\/\/progettotouring.it\/radiotouring104\/#website"},"primaryImageOfPage":{"@id":"https:\/\/progettotouring.it\/radiotouring104\/2024\/05\/14\/anassilaos-incontro-su-migrazioni-italiane-in-africa-nel-xix-e-xx-sec\/#primaryimage"},"image":{"@id":"https:\/\/progettotouring.it\/radiotouring104\/2024\/05\/14\/anassilaos-incontro-su-migrazioni-italiane-in-africa-nel-xix-e-xx-sec\/#primaryimage"},"thumbnailUrl":"https:\/\/progettotouring.it\/radiotouring104\/wp-content\/uploads\/sites\/6\/2024\/05\/migrazione-italiana-in-africa-Anassilaos.png","datePublished":"2024-05-14T10:40:26+00:00","description":"L'incontro dell'Anassilaos si terr\u00e0 il16 maggio, alle 17,00\u00a0 presso la Sala Giuffr\u00e8 della Biblioteca De Nava","breadcrumb":{"@id":"https:\/\/progettotouring.it\/radiotouring104\/2024\/05\/14\/anassilaos-incontro-su-migrazioni-italiane-in-africa-nel-xix-e-xx-sec\/#breadcrumb"},"inLanguage":"it-IT","potentialAction":[{"@type":"ReadAction","target":["https:\/\/progettotouring.it\/radiotouring104\/2024\/05\/14\/anassilaos-incontro-su-migrazioni-italiane-in-africa-nel-xix-e-xx-sec\/"]}]},{"@type":"ImageObject","inLanguage":"it-IT","@id":"https:\/\/progettotouring.it\/radiotouring104\/2024\/05\/14\/anassilaos-incontro-su-migrazioni-italiane-in-africa-nel-xix-e-xx-sec\/#primaryimage","url":"https:\/\/progettotouring.it\/radiotouring104\/wp-content\/uploads\/sites\/6\/2024\/05\/migrazione-italiana-in-africa-Anassilaos.png","contentUrl":"https:\/\/progettotouring.it\/radiotouring104\/wp-content\/uploads\/sites\/6\/2024\/05\/migrazione-italiana-in-africa-Anassilaos.png","width":896,"height":487},{"@type":"BreadcrumbList","@id":"https:\/\/progettotouring.it\/radiotouring104\/2024\/05\/14\/anassilaos-incontro-su-migrazioni-italiane-in-africa-nel-xix-e-xx-sec\/#breadcrumb","itemListElement":[{"@type":"ListItem","position":1,"name":"Home","item":"https:\/\/progettotouring.it\/radiotouring104\/"},{"@type":"ListItem","position":2,"name":"Anassilaos: incontro su &#8220;Migrazioni italiane in Africa nel XIX e XX sec.&#8221;"}]},{"@type":"WebSite","@id":"https:\/\/progettotouring.it\/radiotouring104\/#website","url":"https:\/\/progettotouring.it\/radiotouring104\/","name":"Radio Touring 104","description":"La prima radio Reggina","publisher":{"@id":"https:\/\/progettotouring.it\/radiotouring104\/#organization"},"potentialAction":[{"@type":"SearchAction","target":{"@type":"EntryPoint","urlTemplate":"https:\/\/progettotouring.it\/radiotouring104\/?s={search_term_string}"},"query-input":{"@type":"PropertyValueSpecification","valueRequired":true,"valueName":"search_term_string"}}],"inLanguage":"it-IT"},{"@type":"Organization","@id":"https:\/\/progettotouring.it\/radiotouring104\/#organization","name":"Radio Touring 104","url":"https:\/\/progettotouring.it\/radiotouring104\/","logo":{"@type":"ImageObject","inLanguage":"it-IT","@id":"https:\/\/progettotouring.it\/radiotouring104\/#\/schema\/logo\/image\/","url":"https:\/\/progettotouring.it\/radiotouring104\/wp-content\/uploads\/sites\/6\/2022\/02\/cropped-logo-radio-touring-104.png","contentUrl":"https:\/\/progettotouring.it\/radiotouring104\/wp-content\/uploads\/sites\/6\/2022\/02\/cropped-logo-radio-touring-104.png","width":377,"height":182,"caption":"Radio Touring 104"},"image":{"@id":"https:\/\/progettotouring.it\/radiotouring104\/#\/schema\/logo\/image\/"}},{"@type":"Person","@id":"https:\/\/progettotouring.it\/radiotouring104\/#\/schema\/person\/78613917f1851f041f7483f5af1d422e","name":"Sebastiano Plutino","image":{"@type":"ImageObject","inLanguage":"it-IT","@id":"https:\/\/secure.gravatar.com\/avatar\/0546ffaa9b79224faf9f2a156b67a529ae861d3287c66c1d8ccfdf909bcba78d?s=96&d=mm&r=g","url":"https:\/\/secure.gravatar.com\/avatar\/0546ffaa9b79224faf9f2a156b67a529ae861d3287c66c1d8ccfdf909bcba78d?s=96&d=mm&r=g","contentUrl":"https:\/\/secure.gravatar.com\/avatar\/0546ffaa9b79224faf9f2a156b67a529ae861d3287c66c1d8ccfdf909bcba78d?s=96&d=mm&r=g","caption":"Sebastiano Plutino"},"url":"https:\/\/progettotouring.it\/radiotouring104\/author\/sebastiano\/"}]}},"jetpack_publicize_connections":[],"jetpack_featured_media_url":"https:\/\/progettotouring.it\/radiotouring104\/wp-content\/uploads\/sites\/6\/2024\/05\/migrazione-italiana-in-africa-Anassilaos.png","jetpack_sharing_enabled":true,"_links":{"self":[{"href":"https:\/\/progettotouring.it\/radiotouring104\/wp-json\/wp\/v2\/posts\/51390","targetHints":{"allow":["GET"]}}],"collection":[{"href":"https:\/\/progettotouring.it\/radiotouring104\/wp-json\/wp\/v2\/posts"}],"about":[{"href":"https:\/\/progettotouring.it\/radiotouring104\/wp-json\/wp\/v2\/types\/post"}],"author":[{"embeddable":true,"href":"https:\/\/progettotouring.it\/radiotouring104\/wp-json\/wp\/v2\/users\/12"}],"replies":[{"embeddable":true,"href":"https:\/\/progettotouring.it\/radiotouring104\/wp-json\/wp\/v2\/comments?post=51390"}],"version-history":[{"count":1,"href":"https:\/\/progettotouring.it\/radiotouring104\/wp-json\/wp\/v2\/posts\/51390\/revisions"}],"predecessor-version":[{"id":51392,"href":"https:\/\/progettotouring.it\/radiotouring104\/wp-json\/wp\/v2\/posts\/51390\/revisions\/51392"}],"wp:featuredmedia":[{"embeddable":true,"href":"https:\/\/progettotouring.it\/radiotouring104\/wp-json\/wp\/v2\/media\/51391"}],"wp:attachment":[{"href":"https:\/\/progettotouring.it\/radiotouring104\/wp-json\/wp\/v2\/media?parent=51390"}],"wp:term":[{"taxonomy":"category","embeddable":true,"href":"https:\/\/progettotouring.it\/radiotouring104\/wp-json\/wp\/v2\/categories?post=51390"},{"taxonomy":"post_tag","embeddable":true,"href":"https:\/\/progettotouring.it\/radiotouring104\/wp-json\/wp\/v2\/tags?post=51390"}],"curies":[{"name":"wp","href":"https:\/\/api.w.org\/{rel}","templated":true}]}}