{"id":5170,"date":"2022-05-14T14:40:50","date_gmt":"2022-05-14T12:40:50","guid":{"rendered":"https:\/\/progettotouring.it\/radiotouring104\/?p=5170"},"modified":"2022-05-14T14:41:25","modified_gmt":"2022-05-14T12:41:25","slug":"finta-raccolta-fondi-per-donna-investita-a-villa-san-giovanni-lallarme-della-famiglia","status":"publish","type":"post","link":"https:\/\/progettotouring.it\/radiotouring104\/2022\/05\/14\/finta-raccolta-fondi-per-donna-investita-a-villa-san-giovanni-lallarme-della-famiglia\/","title":{"rendered":"Finta raccolta fondi per donna investita a Villa San Giovanni: l\u2019allarme della famiglia"},"content":{"rendered":"<div dir=\"auto\">Appena qualche settimana fa, avevamo dato la notizia di una donna investita a Villa San Giovanni, tra la via Tommaso Campanella e la via Rocco Larussa. L\u2019incidente, avvenuto in pieno giorno, coinvolgeva un furgone commerciale che aveva travolto la vittima secondo dinamiche poco chiare.<\/div>\n<div dir=\"auto\"><span style=\"text-align: justify;\"><br \/>\nLa donna, che aveva riportato le ferite pi\u00f9 gravi alla gamba destra, \u00e8 stata portata subito in ospedale e oggi \u00e8 fuori pericolo. Almeno per quanto riguarda il suo stato di salute.<\/span><\/div>\n<div dir=\"auto\">Stando a quanto riportato dalla figlia sui social network, infatti, pare che ignoti abbiano creato una finta raccolta fondi a nome della vittima, mai approvata dalla famiglia della donna, per invitare le persone a donare del denaro, destinato alle sue cure.<\/div>\n<div dir=\"auto\"><span style=\"text-align: justify;\"><br \/>\nQueste sono le parole della figlia, pubblicate su diversi gruppi locali: \u201c<\/span><em style=\"text-align: justify;\">A nome di tutta la famiglia ci dissociamo dall\u2019organizzazione di qualsiasi raccolta fondi fatta a favore di nostra madre. <strong>Nessuno di noi ha mai approvato o avviato una raccolta fondi,<\/strong> chi dice in giro il contrario e vi invita a donare lo fa probabilmente per lucrare sulla situazione, gi\u00e0 abbastanza difficile. <strong>Preghiamo pertanto di non fidarvi di chiunque vi inviti a donare e di non donare nessun denaro a favore di nostra madre&#8221;.<\/strong><\/em><\/div>\n<div dir=\"auto\"><\/div>\n<div dir=\"auto\"><img fetchpriority=\"high\" decoding=\"async\" class=\"aligncenter wp-image-5171 size-full\" src=\"https:\/\/progettotouring.it\/radiotouring104\/wp-content\/uploads\/sites\/6\/2022\/05\/Immagine-2022-05-14-140535.png\" alt=\"\" width=\"730\" height=\"343\" srcset=\"https:\/\/progettotouring.it\/radiotouring104\/wp-content\/uploads\/sites\/6\/2022\/05\/Immagine-2022-05-14-140535.png 730w, https:\/\/progettotouring.it\/radiotouring104\/wp-content\/uploads\/sites\/6\/2022\/05\/Immagine-2022-05-14-140535-300x141.png 300w, https:\/\/progettotouring.it\/radiotouring104\/wp-content\/uploads\/sites\/6\/2022\/05\/Immagine-2022-05-14-140535-585x275.png 585w\" sizes=\"(max-width: 730px) 100vw, 730px\" \/><\/div>\n<div dir=\"auto\"><\/div>\n","protected":false},"excerpt":{"rendered":"<p>Appena qualche settimana fa, avevamo dato la notizia di una donna investita a Villa San Giovanni, tra la via Tommaso Campanella e la via Rocco Larussa. L\u2019incidente, avvenuto in pieno&hellip;<\/p>\n","protected":false},"author":8,"featured_media":4526,"comment_status":"open","ping_status":"open","sticky":false,"template":"","format":"standard","meta":{"_jetpack_memberships_contains_paid_content":false,"footnotes":"","jetpack_publicize_message":"","jetpack_publicize_feature_enabled":true,"jetpack_social_post_already_shared":false,"jetpack_social_options":{"image_generator_settings":{"template":"highway","default_image_id":0,"font":"","enabled":false},"version":2}},"categories":[150,196,140],"tags":[1589,982,1590,236,364],"class_list":["post-5170","post","type-post","status-publish","format-standard","has-post-thumbnail","hentry","category-in-primo-piano","category-news","category-reggio-calabria","tag-finta-raccolta-fondi","tag-incidente","tag-raccolta-fondi","tag-reggio-calabria","tag-villa-san-giovanni"],"yoast_head":"<!-- This site is optimized with the Yoast SEO plugin v27.2 - https:\/\/yoast.com\/product\/yoast-seo-wordpress\/ -->\n<title>Finta raccolta fondi per donna investita a Villa San Giovanni: l\u2019allarme<\/title>\n<meta name=\"description\" content=\"La figlia della donna incidentata qualche settimana fa ha lanciato un appello su una presunta raccolta fondi a nome della madre\" \/>\n<meta name=\"robots\" content=\"index, follow, max-snippet:-1, max-image-preview:large, max-video-preview:-1\" \/>\n<link rel=\"canonical\" href=\"https:\/\/progettotouring.it\/radiotouring104\/2022\/05\/14\/finta-raccolta-fondi-per-donna-investita-a-villa-san-giovanni-lallarme-della-famiglia\/\" \/>\n<meta property=\"og:locale\" content=\"it_IT\" \/>\n<meta property=\"og:type\" content=\"article\" \/>\n<meta property=\"og:title\" content=\"Finta raccolta fondi per donna investita a Villa San Giovanni: l\u2019allarme\" \/>\n<meta property=\"og:description\" content=\"La figlia della donna incidentata qualche settimana fa ha lanciato un appello su una presunta raccolta fondi a nome della madre\" \/>\n<meta property=\"og:url\" content=\"https:\/\/progettotouring.it\/radiotouring104\/2022\/05\/14\/finta-raccolta-fondi-per-donna-investita-a-villa-san-giovanni-lallarme-della-famiglia\/\" \/>\n<meta property=\"og:site_name\" content=\"Radio Touring 104\" \/>\n<meta property=\"article:published_time\" content=\"2022-05-14T12:40:50+00:00\" \/>\n<meta property=\"article:modified_time\" content=\"2022-05-14T12:41:25+00:00\" \/>\n<meta property=\"og:image\" content=\"https:\/\/progettotouring.it\/radiotouring104\/wp-content\/uploads\/sites\/6\/2022\/04\/Via-tommaso-campanella-villa-san-giovanni.jpeg\" \/>\n\t<meta property=\"og:image:width\" content=\"1920\" \/>\n\t<meta property=\"og:image:height\" content=\"1080\" \/>\n\t<meta property=\"og:image:type\" content=\"image\/jpeg\" \/>\n<meta name=\"author\" content=\"Filippo Francesco Idone\" \/>\n<meta name=\"twitter:card\" content=\"summary_large_image\" \/>\n<meta name=\"twitter:label1\" content=\"Scritto da\" \/>\n\t<meta name=\"twitter:data1\" content=\"Filippo Francesco Idone\" \/>\n\t<meta name=\"twitter:label2\" content=\"Tempo di lettura stimato\" \/>\n\t<meta name=\"twitter:data2\" content=\"2 minuti\" \/>\n<script type=\"application\/ld+json\" class=\"yoast-schema-graph\">{\"@context\":\"https:\/\/schema.org\",\"@graph\":[{\"@type\":\"Article\",\"@id\":\"https:\/\/progettotouring.it\/radiotouring104\/2022\/05\/14\/finta-raccolta-fondi-per-donna-investita-a-villa-san-giovanni-lallarme-della-famiglia\/#article\",\"isPartOf\":{\"@id\":\"https:\/\/progettotouring.it\/radiotouring104\/2022\/05\/14\/finta-raccolta-fondi-per-donna-investita-a-villa-san-giovanni-lallarme-della-famiglia\/\"},\"author\":{\"name\":\"Filippo Francesco Idone\",\"@id\":\"https:\/\/progettotouring.it\/radiotouring104\/#\/schema\/person\/4a82259ca52ac8702ad1a8f9e5a3120b\"},\"headline\":\"Finta raccolta fondi per donna investita a Villa San Giovanni: l\u2019allarme della famiglia\",\"datePublished\":\"2022-05-14T12:40:50+00:00\",\"dateModified\":\"2022-05-14T12:41:25+00:00\",\"mainEntityOfPage\":{\"@id\":\"https:\/\/progettotouring.it\/radiotouring104\/2022\/05\/14\/finta-raccolta-fondi-per-donna-investita-a-villa-san-giovanni-lallarme-della-famiglia\/\"},\"wordCount\":215,\"commentCount\":0,\"publisher\":{\"@id\":\"https:\/\/progettotouring.it\/radiotouring104\/#organization\"},\"image\":{\"@id\":\"https:\/\/progettotouring.it\/radiotouring104\/2022\/05\/14\/finta-raccolta-fondi-per-donna-investita-a-villa-san-giovanni-lallarme-della-famiglia\/#primaryimage\"},\"thumbnailUrl\":\"https:\/\/progettotouring.it\/radiotouring104\/wp-content\/uploads\/sites\/6\/2022\/04\/Via-tommaso-campanella-villa-san-giovanni.jpeg\",\"keywords\":[\"Finta raccolta fondi\",\"Incidente\",\"raccolta fondi\",\"reggio calabria\",\"villa san giovanni\"],\"articleSection\":[\"In primo piano\",\"News\",\"Reggio Calabria\"],\"inLanguage\":\"it-IT\",\"potentialAction\":[{\"@type\":\"CommentAction\",\"name\":\"Comment\",\"target\":[\"https:\/\/progettotouring.it\/radiotouring104\/2022\/05\/14\/finta-raccolta-fondi-per-donna-investita-a-villa-san-giovanni-lallarme-della-famiglia\/#respond\"]}]},{\"@type\":\"WebPage\",\"@id\":\"https:\/\/progettotouring.it\/radiotouring104\/2022\/05\/14\/finta-raccolta-fondi-per-donna-investita-a-villa-san-giovanni-lallarme-della-famiglia\/\",\"url\":\"https:\/\/progettotouring.it\/radiotouring104\/2022\/05\/14\/finta-raccolta-fondi-per-donna-investita-a-villa-san-giovanni-lallarme-della-famiglia\/\",\"name\":\"Finta raccolta fondi per donna investita a Villa San Giovanni: l\u2019allarme\",\"isPartOf\":{\"@id\":\"https:\/\/progettotouring.it\/radiotouring104\/#website\"},\"primaryImageOfPage\":{\"@id\":\"https:\/\/progettotouring.it\/radiotouring104\/2022\/05\/14\/finta-raccolta-fondi-per-donna-investita-a-villa-san-giovanni-lallarme-della-famiglia\/#primaryimage\"},\"image\":{\"@id\":\"https:\/\/progettotouring.it\/radiotouring104\/2022\/05\/14\/finta-raccolta-fondi-per-donna-investita-a-villa-san-giovanni-lallarme-della-famiglia\/#primaryimage\"},\"thumbnailUrl\":\"https:\/\/progettotouring.it\/radiotouring104\/wp-content\/uploads\/sites\/6\/2022\/04\/Via-tommaso-campanella-villa-san-giovanni.jpeg\",\"datePublished\":\"2022-05-14T12:40:50+00:00\",\"dateModified\":\"2022-05-14T12:41:25+00:00\",\"description\":\"La figlia della donna incidentata qualche settimana fa ha lanciato un appello su una presunta raccolta fondi a nome della madre\",\"breadcrumb\":{\"@id\":\"https:\/\/progettotouring.it\/radiotouring104\/2022\/05\/14\/finta-raccolta-fondi-per-donna-investita-a-villa-san-giovanni-lallarme-della-famiglia\/#breadcrumb\"},\"inLanguage\":\"it-IT\",\"potentialAction\":[{\"@type\":\"ReadAction\",\"target\":[\"https:\/\/progettotouring.it\/radiotouring104\/2022\/05\/14\/finta-raccolta-fondi-per-donna-investita-a-villa-san-giovanni-lallarme-della-famiglia\/\"]}]},{\"@type\":\"ImageObject\",\"inLanguage\":\"it-IT\",\"@id\":\"https:\/\/progettotouring.it\/radiotouring104\/2022\/05\/14\/finta-raccolta-fondi-per-donna-investita-a-villa-san-giovanni-lallarme-della-famiglia\/#primaryimage\",\"url\":\"https:\/\/progettotouring.it\/radiotouring104\/wp-content\/uploads\/sites\/6\/2022\/04\/Via-tommaso-campanella-villa-san-giovanni.jpeg\",\"contentUrl\":\"https:\/\/progettotouring.it\/radiotouring104\/wp-content\/uploads\/sites\/6\/2022\/04\/Via-tommaso-campanella-villa-san-giovanni.jpeg\",\"width\":1920,\"height\":1080,\"caption\":\"incidente villa san giovanni\"},{\"@type\":\"BreadcrumbList\",\"@id\":\"https:\/\/progettotouring.it\/radiotouring104\/2022\/05\/14\/finta-raccolta-fondi-per-donna-investita-a-villa-san-giovanni-lallarme-della-famiglia\/#breadcrumb\",\"itemListElement\":[{\"@type\":\"ListItem\",\"position\":1,\"name\":\"Home\",\"item\":\"https:\/\/progettotouring.it\/radiotouring104\/\"},{\"@type\":\"ListItem\",\"position\":2,\"name\":\"Finta raccolta fondi per donna investita a Villa San Giovanni: l\u2019allarme della famiglia\"}]},{\"@type\":\"WebSite\",\"@id\":\"https:\/\/progettotouring.it\/radiotouring104\/#website\",\"url\":\"https:\/\/progettotouring.it\/radiotouring104\/\",\"name\":\"Radio Touring 104\",\"description\":\"La prima radio Reggina\",\"publisher\":{\"@id\":\"https:\/\/progettotouring.it\/radiotouring104\/#organization\"},\"potentialAction\":[{\"@type\":\"SearchAction\",\"target\":{\"@type\":\"EntryPoint\",\"urlTemplate\":\"https:\/\/progettotouring.it\/radiotouring104\/?s={search_term_string}\"},\"query-input\":{\"@type\":\"PropertyValueSpecification\",\"valueRequired\":true,\"valueName\":\"search_term_string\"}}],\"inLanguage\":\"it-IT\"},{\"@type\":\"Organization\",\"@id\":\"https:\/\/progettotouring.it\/radiotouring104\/#organization\",\"name\":\"Radio Touring 104\",\"url\":\"https:\/\/progettotouring.it\/radiotouring104\/\",\"logo\":{\"@type\":\"ImageObject\",\"inLanguage\":\"it-IT\",\"@id\":\"https:\/\/progettotouring.it\/radiotouring104\/#\/schema\/logo\/image\/\",\"url\":\"https:\/\/progettotouring.it\/radiotouring104\/wp-content\/uploads\/sites\/6\/2022\/02\/cropped-logo-radio-touring-104.png\",\"contentUrl\":\"https:\/\/progettotouring.it\/radiotouring104\/wp-content\/uploads\/sites\/6\/2022\/02\/cropped-logo-radio-touring-104.png\",\"width\":377,\"height\":182,\"caption\":\"Radio Touring 104\"},\"image\":{\"@id\":\"https:\/\/progettotouring.it\/radiotouring104\/#\/schema\/logo\/image\/\"}},{\"@type\":\"Person\",\"@id\":\"https:\/\/progettotouring.it\/radiotouring104\/#\/schema\/person\/4a82259ca52ac8702ad1a8f9e5a3120b\",\"name\":\"Filippo Francesco Idone\",\"image\":{\"@type\":\"ImageObject\",\"inLanguage\":\"it-IT\",\"@id\":\"https:\/\/secure.gravatar.com\/avatar\/7268715d2366395c3dd314385670e6484117d44f5c442e61e230f7008b7b62d3?s=96&d=mm&r=g\",\"url\":\"https:\/\/secure.gravatar.com\/avatar\/7268715d2366395c3dd314385670e6484117d44f5c442e61e230f7008b7b62d3?s=96&d=mm&r=g\",\"contentUrl\":\"https:\/\/secure.gravatar.com\/avatar\/7268715d2366395c3dd314385670e6484117d44f5c442e61e230f7008b7b62d3?s=96&d=mm&r=g\",\"caption\":\"Filippo Francesco Idone\"},\"url\":\"https:\/\/progettotouring.it\/radiotouring104\/author\/filippoidone\/\"}]}<\/script>\n<!-- \/ Yoast SEO plugin. -->","yoast_head_json":{"title":"Finta raccolta fondi per donna investita a Villa San Giovanni: l\u2019allarme","description":"La figlia della donna incidentata qualche settimana fa ha lanciato un appello su una presunta raccolta fondi a nome della madre","robots":{"index":"index","follow":"follow","max-snippet":"max-snippet:-1","max-image-preview":"max-image-preview:large","max-video-preview":"max-video-preview:-1"},"canonical":"https:\/\/progettotouring.it\/radiotouring104\/2022\/05\/14\/finta-raccolta-fondi-per-donna-investita-a-villa-san-giovanni-lallarme-della-famiglia\/","og_locale":"it_IT","og_type":"article","og_title":"Finta raccolta fondi per donna investita a Villa San Giovanni: l\u2019allarme","og_description":"La figlia della donna incidentata qualche settimana fa ha lanciato un appello su una presunta raccolta fondi a nome della madre","og_url":"https:\/\/progettotouring.it\/radiotouring104\/2022\/05\/14\/finta-raccolta-fondi-per-donna-investita-a-villa-san-giovanni-lallarme-della-famiglia\/","og_site_name":"Radio Touring 104","article_published_time":"2022-05-14T12:40:50+00:00","article_modified_time":"2022-05-14T12:41:25+00:00","og_image":[{"width":1920,"height":1080,"url":"https:\/\/progettotouring.it\/radiotouring104\/wp-content\/uploads\/sites\/6\/2022\/04\/Via-tommaso-campanella-villa-san-giovanni.jpeg","type":"image\/jpeg"}],"author":"Filippo Francesco Idone","twitter_card":"summary_large_image","twitter_misc":{"Scritto da":"Filippo Francesco Idone","Tempo di lettura stimato":"2 minuti"},"schema":{"@context":"https:\/\/schema.org","@graph":[{"@type":"Article","@id":"https:\/\/progettotouring.it\/radiotouring104\/2022\/05\/14\/finta-raccolta-fondi-per-donna-investita-a-villa-san-giovanni-lallarme-della-famiglia\/#article","isPartOf":{"@id":"https:\/\/progettotouring.it\/radiotouring104\/2022\/05\/14\/finta-raccolta-fondi-per-donna-investita-a-villa-san-giovanni-lallarme-della-famiglia\/"},"author":{"name":"Filippo Francesco Idone","@id":"https:\/\/progettotouring.it\/radiotouring104\/#\/schema\/person\/4a82259ca52ac8702ad1a8f9e5a3120b"},"headline":"Finta raccolta fondi per donna investita a Villa San Giovanni: l\u2019allarme della famiglia","datePublished":"2022-05-14T12:40:50+00:00","dateModified":"2022-05-14T12:41:25+00:00","mainEntityOfPage":{"@id":"https:\/\/progettotouring.it\/radiotouring104\/2022\/05\/14\/finta-raccolta-fondi-per-donna-investita-a-villa-san-giovanni-lallarme-della-famiglia\/"},"wordCount":215,"commentCount":0,"publisher":{"@id":"https:\/\/progettotouring.it\/radiotouring104\/#organization"},"image":{"@id":"https:\/\/progettotouring.it\/radiotouring104\/2022\/05\/14\/finta-raccolta-fondi-per-donna-investita-a-villa-san-giovanni-lallarme-della-famiglia\/#primaryimage"},"thumbnailUrl":"https:\/\/progettotouring.it\/radiotouring104\/wp-content\/uploads\/sites\/6\/2022\/04\/Via-tommaso-campanella-villa-san-giovanni.jpeg","keywords":["Finta raccolta fondi","Incidente","raccolta fondi","reggio calabria","villa san giovanni"],"articleSection":["In primo piano","News","Reggio Calabria"],"inLanguage":"it-IT","potentialAction":[{"@type":"CommentAction","name":"Comment","target":["https:\/\/progettotouring.it\/radiotouring104\/2022\/05\/14\/finta-raccolta-fondi-per-donna-investita-a-villa-san-giovanni-lallarme-della-famiglia\/#respond"]}]},{"@type":"WebPage","@id":"https:\/\/progettotouring.it\/radiotouring104\/2022\/05\/14\/finta-raccolta-fondi-per-donna-investita-a-villa-san-giovanni-lallarme-della-famiglia\/","url":"https:\/\/progettotouring.it\/radiotouring104\/2022\/05\/14\/finta-raccolta-fondi-per-donna-investita-a-villa-san-giovanni-lallarme-della-famiglia\/","name":"Finta raccolta fondi per donna investita a Villa San Giovanni: l\u2019allarme","isPartOf":{"@id":"https:\/\/progettotouring.it\/radiotouring104\/#website"},"primaryImageOfPage":{"@id":"https:\/\/progettotouring.it\/radiotouring104\/2022\/05\/14\/finta-raccolta-fondi-per-donna-investita-a-villa-san-giovanni-lallarme-della-famiglia\/#primaryimage"},"image":{"@id":"https:\/\/progettotouring.it\/radiotouring104\/2022\/05\/14\/finta-raccolta-fondi-per-donna-investita-a-villa-san-giovanni-lallarme-della-famiglia\/#primaryimage"},"thumbnailUrl":"https:\/\/progettotouring.it\/radiotouring104\/wp-content\/uploads\/sites\/6\/2022\/04\/Via-tommaso-campanella-villa-san-giovanni.jpeg","datePublished":"2022-05-14T12:40:50+00:00","dateModified":"2022-05-14T12:41:25+00:00","description":"La figlia della donna incidentata qualche settimana fa ha lanciato un appello su una presunta raccolta fondi a nome della madre","breadcrumb":{"@id":"https:\/\/progettotouring.it\/radiotouring104\/2022\/05\/14\/finta-raccolta-fondi-per-donna-investita-a-villa-san-giovanni-lallarme-della-famiglia\/#breadcrumb"},"inLanguage":"it-IT","potentialAction":[{"@type":"ReadAction","target":["https:\/\/progettotouring.it\/radiotouring104\/2022\/05\/14\/finta-raccolta-fondi-per-donna-investita-a-villa-san-giovanni-lallarme-della-famiglia\/"]}]},{"@type":"ImageObject","inLanguage":"it-IT","@id":"https:\/\/progettotouring.it\/radiotouring104\/2022\/05\/14\/finta-raccolta-fondi-per-donna-investita-a-villa-san-giovanni-lallarme-della-famiglia\/#primaryimage","url":"https:\/\/progettotouring.it\/radiotouring104\/wp-content\/uploads\/sites\/6\/2022\/04\/Via-tommaso-campanella-villa-san-giovanni.jpeg","contentUrl":"https:\/\/progettotouring.it\/radiotouring104\/wp-content\/uploads\/sites\/6\/2022\/04\/Via-tommaso-campanella-villa-san-giovanni.jpeg","width":1920,"height":1080,"caption":"incidente villa san giovanni"},{"@type":"BreadcrumbList","@id":"https:\/\/progettotouring.it\/radiotouring104\/2022\/05\/14\/finta-raccolta-fondi-per-donna-investita-a-villa-san-giovanni-lallarme-della-famiglia\/#breadcrumb","itemListElement":[{"@type":"ListItem","position":1,"name":"Home","item":"https:\/\/progettotouring.it\/radiotouring104\/"},{"@type":"ListItem","position":2,"name":"Finta raccolta fondi per donna investita a Villa San Giovanni: l\u2019allarme della famiglia"}]},{"@type":"WebSite","@id":"https:\/\/progettotouring.it\/radiotouring104\/#website","url":"https:\/\/progettotouring.it\/radiotouring104\/","name":"Radio Touring 104","description":"La prima radio Reggina","publisher":{"@id":"https:\/\/progettotouring.it\/radiotouring104\/#organization"},"potentialAction":[{"@type":"SearchAction","target":{"@type":"EntryPoint","urlTemplate":"https:\/\/progettotouring.it\/radiotouring104\/?s={search_term_string}"},"query-input":{"@type":"PropertyValueSpecification","valueRequired":true,"valueName":"search_term_string"}}],"inLanguage":"it-IT"},{"@type":"Organization","@id":"https:\/\/progettotouring.it\/radiotouring104\/#organization","name":"Radio Touring 104","url":"https:\/\/progettotouring.it\/radiotouring104\/","logo":{"@type":"ImageObject","inLanguage":"it-IT","@id":"https:\/\/progettotouring.it\/radiotouring104\/#\/schema\/logo\/image\/","url":"https:\/\/progettotouring.it\/radiotouring104\/wp-content\/uploads\/sites\/6\/2022\/02\/cropped-logo-radio-touring-104.png","contentUrl":"https:\/\/progettotouring.it\/radiotouring104\/wp-content\/uploads\/sites\/6\/2022\/02\/cropped-logo-radio-touring-104.png","width":377,"height":182,"caption":"Radio Touring 104"},"image":{"@id":"https:\/\/progettotouring.it\/radiotouring104\/#\/schema\/logo\/image\/"}},{"@type":"Person","@id":"https:\/\/progettotouring.it\/radiotouring104\/#\/schema\/person\/4a82259ca52ac8702ad1a8f9e5a3120b","name":"Filippo Francesco Idone","image":{"@type":"ImageObject","inLanguage":"it-IT","@id":"https:\/\/secure.gravatar.com\/avatar\/7268715d2366395c3dd314385670e6484117d44f5c442e61e230f7008b7b62d3?s=96&d=mm&r=g","url":"https:\/\/secure.gravatar.com\/avatar\/7268715d2366395c3dd314385670e6484117d44f5c442e61e230f7008b7b62d3?s=96&d=mm&r=g","contentUrl":"https:\/\/secure.gravatar.com\/avatar\/7268715d2366395c3dd314385670e6484117d44f5c442e61e230f7008b7b62d3?s=96&d=mm&r=g","caption":"Filippo Francesco Idone"},"url":"https:\/\/progettotouring.it\/radiotouring104\/author\/filippoidone\/"}]}},"jetpack_publicize_connections":[],"jetpack_featured_media_url":"https:\/\/progettotouring.it\/radiotouring104\/wp-content\/uploads\/sites\/6\/2022\/04\/Via-tommaso-campanella-villa-san-giovanni.jpeg","jetpack_sharing_enabled":true,"_links":{"self":[{"href":"https:\/\/progettotouring.it\/radiotouring104\/wp-json\/wp\/v2\/posts\/5170","targetHints":{"allow":["GET"]}}],"collection":[{"href":"https:\/\/progettotouring.it\/radiotouring104\/wp-json\/wp\/v2\/posts"}],"about":[{"href":"https:\/\/progettotouring.it\/radiotouring104\/wp-json\/wp\/v2\/types\/post"}],"author":[{"embeddable":true,"href":"https:\/\/progettotouring.it\/radiotouring104\/wp-json\/wp\/v2\/users\/8"}],"replies":[{"embeddable":true,"href":"https:\/\/progettotouring.it\/radiotouring104\/wp-json\/wp\/v2\/comments?post=5170"}],"version-history":[{"count":5,"href":"https:\/\/progettotouring.it\/radiotouring104\/wp-json\/wp\/v2\/posts\/5170\/revisions"}],"predecessor-version":[{"id":5176,"href":"https:\/\/progettotouring.it\/radiotouring104\/wp-json\/wp\/v2\/posts\/5170\/revisions\/5176"}],"wp:featuredmedia":[{"embeddable":true,"href":"https:\/\/progettotouring.it\/radiotouring104\/wp-json\/wp\/v2\/media\/4526"}],"wp:attachment":[{"href":"https:\/\/progettotouring.it\/radiotouring104\/wp-json\/wp\/v2\/media?parent=5170"}],"wp:term":[{"taxonomy":"category","embeddable":true,"href":"https:\/\/progettotouring.it\/radiotouring104\/wp-json\/wp\/v2\/categories?post=5170"},{"taxonomy":"post_tag","embeddable":true,"href":"https:\/\/progettotouring.it\/radiotouring104\/wp-json\/wp\/v2\/tags?post=5170"}],"curies":[{"name":"wp","href":"https:\/\/api.w.org\/{rel}","templated":true}]}}