{"id":52788,"date":"2024-06-05T12:26:51","date_gmt":"2024-06-05T10:26:51","guid":{"rendered":"https:\/\/progettotouring.it\/radiotouring104\/?p=52788"},"modified":"2024-06-05T12:26:51","modified_gmt":"2024-06-05T10:26:51","slug":"in-calabria-la-iii-edizione-de-le-nuove-frontiere","status":"publish","type":"post","link":"https:\/\/progettotouring.it\/radiotouring104\/2024\/06\/05\/in-calabria-la-iii-edizione-de-le-nuove-frontiere\/","title":{"rendered":"In Calabria la III edizione de &#8220;Le Nuove Frontiere&#8221;"},"content":{"rendered":"<p align=\"JUSTIFY\"><span style=\"font-size: large\">Anche quest\u2019anno l\u2019<\/span><span style=\"font-size: large\"><b>Audio-Visual Producers Summit 2024\u00a0<\/b><\/span><span style=\"font-size: large\">ospiter\u00e0<\/span><span style=\"font-size: large\"><b>\u00a0<\/b><\/span><span style=\"font-size: large\">i<\/span><span style=\"font-size: large\"><b>\u00a0Maximo Awards,\u00a0<\/b><\/span><span style=\"font-size: large\">i prestigiosi riconoscimenti pensati<\/span><span style=\"font-size: large\"><b>\u00a0<\/b><\/span><span style=\"font-size: large\">per premiare e promuovere l\u2019eccellenza in tutti i settori dell\u2019audiovisivo, dall\u2019ambito artistico a quello produttivo, dall\u2019ideazione alla sceneggiatura, per sottolineare il valore e la sinergia di tutte le grandi professionalit\u00e0 di un comparto che ha modificato in pochi anni\u00a0<\/span><span style=\"font-size: large\"><i>storytelling<\/i><\/span><span style=\"font-size: large\">\u00a0e modalit\u00e0 produttive, tanto da rendere la serialit\u00e0 italiana sempre pi\u00f9 competitiva a livello internazionale.<\/span><\/p>\n<p align=\"JUSTIFY\"><span style=\"font-size: large\">La sera dell\u201911 giugno si svolger\u00e0, infatti, la cerimonia dei\u00a0<\/span><span style=\"font-size: large\"><b>Maximo Awards:\u00a0<\/b><\/span><span style=\"font-size: large\">nel corso della serata<\/span><span style=\"font-size: large\"><b>\u00a0<\/b><\/span><span style=\"font-size: large\">verranno premiati, fra gli altri,\u00a0<\/span><span style=\"font-size: large\"><b>Massimiliano Bruno<\/b><\/span><span style=\"font-size: large\">\u00a0interprete, regista e sceneggiatore, con Alessio Maria Federici, di \u201c<\/span><span style=\"font-size: large\"><i>Non ci resta che il crimine \u2013 La serie\u201d<\/i><\/span><span style=\"font-size: large\">, il regista\u00a0<\/span><span style=\"font-size: large\"><b>Marco Pontecorvo<\/b><\/span><span style=\"font-size: large\">\u00a0che ha diretto \u201c<\/span><span style=\"font-size: large\"><i>Per Elisa \u2013 Il caso Claps\u201d,\u00a0<\/i><\/span><span style=\"font-size: large\">l\u2019attrice\u00a0<\/span><span style=\"font-size: large\"><b>Rosa Diletta Rossi<\/b><\/span><span style=\"font-size: large\"><i>\u00a0<\/i><\/span><span style=\"font-size: large\">grande protagonista di \u201c<\/span><span style=\"font-size: large\"><i>Maria Corleone\u201d\u00a0<\/i><\/span><span style=\"font-size: large\">e<\/span><span style=\"font-size: large\"><i>\u00a0<\/i><\/span><span style=\"font-size: large\">l\u2019attore\u00a0<\/span><span style=\"font-size: large\"><b>Alessio Boni,\u00a0<\/b><\/span><span style=\"font-size: large\">ancora una volta<\/span><span style=\"font-size: large\"><b>\u00a0<\/b><\/span><span style=\"font-size: large\">straordinario interprete<\/span><span style=\"font-size: large\"><b>\u00a0<\/b><\/span><span style=\"font-size: large\">in<\/span><span style=\"font-size: large\"><b>\u00a0<\/b><\/span><span style=\"font-size: large\"><i>\u201cIl metodo Fenoglio \u2013 L\u2019estate fredda\u201d.<\/i><\/span><\/p>\n<p align=\"JUSTIFY\"><span style=\"font-size: large\">Dal\u00a0<\/span><span style=\"font-size: large\"><b>10 al 12 giugno<\/b><\/span><span style=\"font-size: large\">\u00a0<\/span><span style=\"font-size: large\"><b>in Calabria<\/b><\/span><span style=\"font-size: large\">\u00a0per l\u2019<\/span><span style=\"font-size: large\"><b>Audio-Visual Producers Summit 2024<\/b><\/span><span style=\"font-size: large\">, l\u2019industria audiovisiva nazionale e internazionale \u2013 Francia, Gran Bretagna e Stati Uniti i paesi coinvolti oltre l\u2019Italia \u2013 si riunir\u00e0 per una tre giorni di incontri e panel per fare il punto sullo stato dell\u2019arte, ma soprattutto per tratteggiare, nel segno delle\u00a0<\/span><span style=\"font-size: large\"><i><b>Nuove Frontiere,<\/b><\/i><\/span><span style=\"font-size: large\">\u00a0la nuova geometria del settore con focus su co-produzioni, story telling, modelli di finanziamento e incentivi statali, nuove tecnologie &#8211; dall\u2019Intelligenza artificiale al VFX &#8211; nonch\u00e9 su temi come la diversit\u00e0 e l\u2019inclusione. Un confronto aperto per esplorare, fra sfide e opportunit\u00e0, il presente e il futuro dell\u2019audiovisivo in una prospettiva globale e interconnessa.<\/span><\/p>\n<p align=\"JUSTIFY\"><a target=\"_blank\" rel=\"noopener noreferrer\" name=\"_Hlk167386788\"><\/a><span style=\"font-size: large\">L\u2019<\/span><span style=\"font-size: large\"><b>AVP Summit<\/b><\/span><span style=\"font-size: large\">\u00a0\u00e8 un format\u00a0<\/span><span style=\"font-size: large\"><b>APA \u2013 Associazione Produttori Audiovisivi,\u00a0<\/b><\/span><span style=\"font-size: large\">realizzato<\/span><span style=\"font-size: large\"><b>\u00a0<\/b><\/span><span style=\"font-size: large\">con il sostegno<\/span><span style=\"font-size: large\"><b>\u00a0<\/b><\/span><span style=\"font-size: large\">del<\/span><span style=\"font-size: large\"><b>\u00a0MiC \u2013 Ministero della Cultura, Direzione Generale Cinema e audiovisivo,\u00a0<\/b><\/span><span style=\"font-size: large\">del<\/span><span style=\"font-size: large\"><b>\u00a0MAECI &#8211; Ministero degli Affari Esteri e della Cooperazione Internazionale\/ICE e della Fondazione Calabria Film Commission,\u00a0<\/b><\/span><span style=\"font-size: large\">con la collaborazione di<\/span><span style=\"font-size: large\"><b>\u00a0Cinecitt\u00e0, MPA &#8211; Motion Picture Association, PGA &#8211; Producers Guild of America, CNC &#8211; Centre National du Cin\u00e9ma et de l\u2019image anim\u00e9e, Unifrance e BFI &#8211; British Film Institute<\/b><\/span><span style=\"font-size: large\">.<\/span><\/p>\n<p align=\"JUSTIFY\"><span style=\"font-size: large\">L\u2019evento \u00e8 ospitato in una regione straordinaria, la Calabria che, attraverso il cinema, ha saputo valorizzare il suo patrimonio naturale e culturale con una narrazione innovativa, sviluppando una filiera audiovisiva altamente professionalizzata.<\/span><\/p>\n<p align=\"CENTER\">\n","protected":false},"excerpt":{"rendered":"<p>Anche quest\u2019anno l\u2019Audio-Visual Producers Summit 2024\u00a0ospiter\u00e0\u00a0i\u00a0Maximo Awards,\u00a0i prestigiosi riconoscimenti pensati\u00a0per premiare e promuovere l\u2019eccellenza in tutti i settori dell\u2019audiovisivo, dall\u2019ambito artistico a quello produttivo, dall\u2019ideazione alla sceneggiatura, per sottolineare il&hellip;<\/p>\n","protected":false},"author":12,"featured_media":15719,"comment_status":"closed","ping_status":"open","sticky":false,"template":"","format":"standard","meta":{"_jetpack_memberships_contains_paid_content":false,"footnotes":"","jetpack_publicize_message":"","jetpack_publicize_feature_enabled":true,"jetpack_social_post_already_shared":false,"jetpack_social_options":{"image_generator_settings":{"template":"highway","default_image_id":0,"font":"","enabled":false},"version":2}},"categories":[142,921,196],"tags":[32372,586,32375,32376,32374,32373,32377],"class_list":["post-52788","post","type-post","status-publish","format-standard","has-post-thumbnail","hentry","category-calabria","category-home","category-news","tag-audio-visual-producers-summit-2024","tag-calabria","tag-iii-edizione-de-le-nuove-frontiere","tag-marco-pontecorvo","tag-massimiliano-bruno","tag-maximo-awards","tag-promuovere-il-talento-artiistico"],"yoast_head":"<!-- This site is optimized with the Yoast SEO plugin v27.2 - https:\/\/yoast.com\/product\/yoast-seo-wordpress\/ -->\n<title>In Calabria la III edizione de &quot;Le Nuove Frontiere&quot;<\/title>\n<meta name=\"description\" content=\"Torna in Calabria, dal 10 al 12 giugno l&#039;audiovisivo Visual Producers Summit per premiare e promuovere il talento artiistico e produttivo\" \/>\n<meta name=\"robots\" content=\"index, follow, max-snippet:-1, max-image-preview:large, max-video-preview:-1\" \/>\n<link rel=\"canonical\" href=\"https:\/\/progettotouring.it\/radiotouring104\/2024\/06\/05\/in-calabria-la-iii-edizione-de-le-nuove-frontiere\/\" \/>\n<meta property=\"og:locale\" content=\"it_IT\" \/>\n<meta property=\"og:type\" content=\"article\" \/>\n<meta property=\"og:title\" content=\"In Calabria la III edizione de &quot;Le Nuove Frontiere&quot;\" \/>\n<meta property=\"og:description\" content=\"Torna in Calabria, dal 10 al 12 giugno l&#039;audiovisivo Visual Producers Summit per premiare e promuovere il talento artiistico e produttivo\" \/>\n<meta property=\"og:url\" content=\"https:\/\/progettotouring.it\/radiotouring104\/2024\/06\/05\/in-calabria-la-iii-edizione-de-le-nuove-frontiere\/\" \/>\n<meta property=\"og:site_name\" content=\"Radio Touring 104\" \/>\n<meta property=\"article:published_time\" content=\"2024-06-05T10:26:51+00:00\" \/>\n<meta property=\"og:image\" content=\"https:\/\/progettotouring.it\/radiotouring104\/wp-content\/uploads\/sites\/6\/2022\/12\/Calabria-Film-Commission-2.jpg\" \/>\n\t<meta property=\"og:image:width\" content=\"571\" \/>\n\t<meta property=\"og:image:height\" content=\"214\" \/>\n\t<meta property=\"og:image:type\" content=\"image\/jpeg\" \/>\n<meta name=\"author\" content=\"Sebastiano Plutino\" \/>\n<meta name=\"twitter:card\" content=\"summary_large_image\" \/>\n<meta name=\"twitter:label1\" content=\"Scritto da\" \/>\n\t<meta name=\"twitter:data1\" content=\"Sebastiano Plutino\" \/>\n\t<meta name=\"twitter:label2\" content=\"Tempo di lettura stimato\" \/>\n\t<meta name=\"twitter:data2\" content=\"2 minuti\" \/>\n<script type=\"application\/ld+json\" class=\"yoast-schema-graph\">{\"@context\":\"https:\/\/schema.org\",\"@graph\":[{\"@type\":\"Article\",\"@id\":\"https:\/\/progettotouring.it\/radiotouring104\/2024\/06\/05\/in-calabria-la-iii-edizione-de-le-nuove-frontiere\/#article\",\"isPartOf\":{\"@id\":\"https:\/\/progettotouring.it\/radiotouring104\/2024\/06\/05\/in-calabria-la-iii-edizione-de-le-nuove-frontiere\/\"},\"author\":{\"name\":\"Sebastiano Plutino\",\"@id\":\"https:\/\/progettotouring.it\/radiotouring104\/#\/schema\/person\/78613917f1851f041f7483f5af1d422e\"},\"headline\":\"In Calabria la III edizione de &#8220;Le Nuove Frontiere&#8221;\",\"datePublished\":\"2024-06-05T10:26:51+00:00\",\"mainEntityOfPage\":{\"@id\":\"https:\/\/progettotouring.it\/radiotouring104\/2024\/06\/05\/in-calabria-la-iii-edizione-de-le-nuove-frontiere\/\"},\"wordCount\":383,\"publisher\":{\"@id\":\"https:\/\/progettotouring.it\/radiotouring104\/#organization\"},\"image\":{\"@id\":\"https:\/\/progettotouring.it\/radiotouring104\/2024\/06\/05\/in-calabria-la-iii-edizione-de-le-nuove-frontiere\/#primaryimage\"},\"thumbnailUrl\":\"https:\/\/progettotouring.it\/radiotouring104\/wp-content\/uploads\/sites\/6\/2022\/12\/Calabria-Film-Commission-2.jpg\",\"keywords\":[\"Audio-Visual Producers Summit 2024\",\"calabria\",\"III edizione de \\\"Le Nuove Frontiere\\\"\",\"Marco Pontecorvo\",\"Massimiliano Bruno\",\"Maximo Awards\",\"promuovere il talento artiistico\"],\"articleSection\":[\"Calabria\",\"Home\",\"News\"],\"inLanguage\":\"it-IT\"},{\"@type\":\"WebPage\",\"@id\":\"https:\/\/progettotouring.it\/radiotouring104\/2024\/06\/05\/in-calabria-la-iii-edizione-de-le-nuove-frontiere\/\",\"url\":\"https:\/\/progettotouring.it\/radiotouring104\/2024\/06\/05\/in-calabria-la-iii-edizione-de-le-nuove-frontiere\/\",\"name\":\"In Calabria la III edizione de \\\"Le Nuove Frontiere\\\"\",\"isPartOf\":{\"@id\":\"https:\/\/progettotouring.it\/radiotouring104\/#website\"},\"primaryImageOfPage\":{\"@id\":\"https:\/\/progettotouring.it\/radiotouring104\/2024\/06\/05\/in-calabria-la-iii-edizione-de-le-nuove-frontiere\/#primaryimage\"},\"image\":{\"@id\":\"https:\/\/progettotouring.it\/radiotouring104\/2024\/06\/05\/in-calabria-la-iii-edizione-de-le-nuove-frontiere\/#primaryimage\"},\"thumbnailUrl\":\"https:\/\/progettotouring.it\/radiotouring104\/wp-content\/uploads\/sites\/6\/2022\/12\/Calabria-Film-Commission-2.jpg\",\"datePublished\":\"2024-06-05T10:26:51+00:00\",\"description\":\"Torna in Calabria, dal 10 al 12 giugno l'audiovisivo Visual Producers Summit per premiare e promuovere il talento artiistico e produttivo\",\"breadcrumb\":{\"@id\":\"https:\/\/progettotouring.it\/radiotouring104\/2024\/06\/05\/in-calabria-la-iii-edizione-de-le-nuove-frontiere\/#breadcrumb\"},\"inLanguage\":\"it-IT\",\"potentialAction\":[{\"@type\":\"ReadAction\",\"target\":[\"https:\/\/progettotouring.it\/radiotouring104\/2024\/06\/05\/in-calabria-la-iii-edizione-de-le-nuove-frontiere\/\"]}]},{\"@type\":\"ImageObject\",\"inLanguage\":\"it-IT\",\"@id\":\"https:\/\/progettotouring.it\/radiotouring104\/2024\/06\/05\/in-calabria-la-iii-edizione-de-le-nuove-frontiere\/#primaryimage\",\"url\":\"https:\/\/progettotouring.it\/radiotouring104\/wp-content\/uploads\/sites\/6\/2022\/12\/Calabria-Film-Commission-2.jpg\",\"contentUrl\":\"https:\/\/progettotouring.it\/radiotouring104\/wp-content\/uploads\/sites\/6\/2022\/12\/Calabria-Film-Commission-2.jpg\",\"width\":571,\"height\":214},{\"@type\":\"BreadcrumbList\",\"@id\":\"https:\/\/progettotouring.it\/radiotouring104\/2024\/06\/05\/in-calabria-la-iii-edizione-de-le-nuove-frontiere\/#breadcrumb\",\"itemListElement\":[{\"@type\":\"ListItem\",\"position\":1,\"name\":\"Home\",\"item\":\"https:\/\/progettotouring.it\/radiotouring104\/\"},{\"@type\":\"ListItem\",\"position\":2,\"name\":\"In Calabria la III edizione de &#8220;Le Nuove Frontiere&#8221;\"}]},{\"@type\":\"WebSite\",\"@id\":\"https:\/\/progettotouring.it\/radiotouring104\/#website\",\"url\":\"https:\/\/progettotouring.it\/radiotouring104\/\",\"name\":\"Radio Touring 104\",\"description\":\"La prima radio Reggina\",\"publisher\":{\"@id\":\"https:\/\/progettotouring.it\/radiotouring104\/#organization\"},\"potentialAction\":[{\"@type\":\"SearchAction\",\"target\":{\"@type\":\"EntryPoint\",\"urlTemplate\":\"https:\/\/progettotouring.it\/radiotouring104\/?s={search_term_string}\"},\"query-input\":{\"@type\":\"PropertyValueSpecification\",\"valueRequired\":true,\"valueName\":\"search_term_string\"}}],\"inLanguage\":\"it-IT\"},{\"@type\":\"Organization\",\"@id\":\"https:\/\/progettotouring.it\/radiotouring104\/#organization\",\"name\":\"Radio Touring 104\",\"url\":\"https:\/\/progettotouring.it\/radiotouring104\/\",\"logo\":{\"@type\":\"ImageObject\",\"inLanguage\":\"it-IT\",\"@id\":\"https:\/\/progettotouring.it\/radiotouring104\/#\/schema\/logo\/image\/\",\"url\":\"https:\/\/progettotouring.it\/radiotouring104\/wp-content\/uploads\/sites\/6\/2022\/02\/cropped-logo-radio-touring-104.png\",\"contentUrl\":\"https:\/\/progettotouring.it\/radiotouring104\/wp-content\/uploads\/sites\/6\/2022\/02\/cropped-logo-radio-touring-104.png\",\"width\":377,\"height\":182,\"caption\":\"Radio Touring 104\"},\"image\":{\"@id\":\"https:\/\/progettotouring.it\/radiotouring104\/#\/schema\/logo\/image\/\"}},{\"@type\":\"Person\",\"@id\":\"https:\/\/progettotouring.it\/radiotouring104\/#\/schema\/person\/78613917f1851f041f7483f5af1d422e\",\"name\":\"Sebastiano Plutino\",\"image\":{\"@type\":\"ImageObject\",\"inLanguage\":\"it-IT\",\"@id\":\"https:\/\/secure.gravatar.com\/avatar\/0546ffaa9b79224faf9f2a156b67a529ae861d3287c66c1d8ccfdf909bcba78d?s=96&d=mm&r=g\",\"url\":\"https:\/\/secure.gravatar.com\/avatar\/0546ffaa9b79224faf9f2a156b67a529ae861d3287c66c1d8ccfdf909bcba78d?s=96&d=mm&r=g\",\"contentUrl\":\"https:\/\/secure.gravatar.com\/avatar\/0546ffaa9b79224faf9f2a156b67a529ae861d3287c66c1d8ccfdf909bcba78d?s=96&d=mm&r=g\",\"caption\":\"Sebastiano Plutino\"},\"url\":\"https:\/\/progettotouring.it\/radiotouring104\/author\/sebastiano\/\"}]}<\/script>\n<!-- \/ Yoast SEO plugin. -->","yoast_head_json":{"title":"In Calabria la III edizione de \"Le Nuove Frontiere\"","description":"Torna in Calabria, dal 10 al 12 giugno l'audiovisivo Visual Producers Summit per premiare e promuovere il talento artiistico e produttivo","robots":{"index":"index","follow":"follow","max-snippet":"max-snippet:-1","max-image-preview":"max-image-preview:large","max-video-preview":"max-video-preview:-1"},"canonical":"https:\/\/progettotouring.it\/radiotouring104\/2024\/06\/05\/in-calabria-la-iii-edizione-de-le-nuove-frontiere\/","og_locale":"it_IT","og_type":"article","og_title":"In Calabria la III edizione de \"Le Nuove Frontiere\"","og_description":"Torna in Calabria, dal 10 al 12 giugno l'audiovisivo Visual Producers Summit per premiare e promuovere il talento artiistico e produttivo","og_url":"https:\/\/progettotouring.it\/radiotouring104\/2024\/06\/05\/in-calabria-la-iii-edizione-de-le-nuove-frontiere\/","og_site_name":"Radio Touring 104","article_published_time":"2024-06-05T10:26:51+00:00","og_image":[{"width":571,"height":214,"url":"https:\/\/progettotouring.it\/radiotouring104\/wp-content\/uploads\/sites\/6\/2022\/12\/Calabria-Film-Commission-2.jpg","type":"image\/jpeg"}],"author":"Sebastiano Plutino","twitter_card":"summary_large_image","twitter_misc":{"Scritto da":"Sebastiano Plutino","Tempo di lettura stimato":"2 minuti"},"schema":{"@context":"https:\/\/schema.org","@graph":[{"@type":"Article","@id":"https:\/\/progettotouring.it\/radiotouring104\/2024\/06\/05\/in-calabria-la-iii-edizione-de-le-nuove-frontiere\/#article","isPartOf":{"@id":"https:\/\/progettotouring.it\/radiotouring104\/2024\/06\/05\/in-calabria-la-iii-edizione-de-le-nuove-frontiere\/"},"author":{"name":"Sebastiano Plutino","@id":"https:\/\/progettotouring.it\/radiotouring104\/#\/schema\/person\/78613917f1851f041f7483f5af1d422e"},"headline":"In Calabria la III edizione de &#8220;Le Nuove Frontiere&#8221;","datePublished":"2024-06-05T10:26:51+00:00","mainEntityOfPage":{"@id":"https:\/\/progettotouring.it\/radiotouring104\/2024\/06\/05\/in-calabria-la-iii-edizione-de-le-nuove-frontiere\/"},"wordCount":383,"publisher":{"@id":"https:\/\/progettotouring.it\/radiotouring104\/#organization"},"image":{"@id":"https:\/\/progettotouring.it\/radiotouring104\/2024\/06\/05\/in-calabria-la-iii-edizione-de-le-nuove-frontiere\/#primaryimage"},"thumbnailUrl":"https:\/\/progettotouring.it\/radiotouring104\/wp-content\/uploads\/sites\/6\/2022\/12\/Calabria-Film-Commission-2.jpg","keywords":["Audio-Visual Producers Summit 2024","calabria","III edizione de \"Le Nuove Frontiere\"","Marco Pontecorvo","Massimiliano Bruno","Maximo Awards","promuovere il talento artiistico"],"articleSection":["Calabria","Home","News"],"inLanguage":"it-IT"},{"@type":"WebPage","@id":"https:\/\/progettotouring.it\/radiotouring104\/2024\/06\/05\/in-calabria-la-iii-edizione-de-le-nuove-frontiere\/","url":"https:\/\/progettotouring.it\/radiotouring104\/2024\/06\/05\/in-calabria-la-iii-edizione-de-le-nuove-frontiere\/","name":"In Calabria la III edizione de \"Le Nuove Frontiere\"","isPartOf":{"@id":"https:\/\/progettotouring.it\/radiotouring104\/#website"},"primaryImageOfPage":{"@id":"https:\/\/progettotouring.it\/radiotouring104\/2024\/06\/05\/in-calabria-la-iii-edizione-de-le-nuove-frontiere\/#primaryimage"},"image":{"@id":"https:\/\/progettotouring.it\/radiotouring104\/2024\/06\/05\/in-calabria-la-iii-edizione-de-le-nuove-frontiere\/#primaryimage"},"thumbnailUrl":"https:\/\/progettotouring.it\/radiotouring104\/wp-content\/uploads\/sites\/6\/2022\/12\/Calabria-Film-Commission-2.jpg","datePublished":"2024-06-05T10:26:51+00:00","description":"Torna in Calabria, dal 10 al 12 giugno l'audiovisivo Visual Producers Summit per premiare e promuovere il talento artiistico e produttivo","breadcrumb":{"@id":"https:\/\/progettotouring.it\/radiotouring104\/2024\/06\/05\/in-calabria-la-iii-edizione-de-le-nuove-frontiere\/#breadcrumb"},"inLanguage":"it-IT","potentialAction":[{"@type":"ReadAction","target":["https:\/\/progettotouring.it\/radiotouring104\/2024\/06\/05\/in-calabria-la-iii-edizione-de-le-nuove-frontiere\/"]}]},{"@type":"ImageObject","inLanguage":"it-IT","@id":"https:\/\/progettotouring.it\/radiotouring104\/2024\/06\/05\/in-calabria-la-iii-edizione-de-le-nuove-frontiere\/#primaryimage","url":"https:\/\/progettotouring.it\/radiotouring104\/wp-content\/uploads\/sites\/6\/2022\/12\/Calabria-Film-Commission-2.jpg","contentUrl":"https:\/\/progettotouring.it\/radiotouring104\/wp-content\/uploads\/sites\/6\/2022\/12\/Calabria-Film-Commission-2.jpg","width":571,"height":214},{"@type":"BreadcrumbList","@id":"https:\/\/progettotouring.it\/radiotouring104\/2024\/06\/05\/in-calabria-la-iii-edizione-de-le-nuove-frontiere\/#breadcrumb","itemListElement":[{"@type":"ListItem","position":1,"name":"Home","item":"https:\/\/progettotouring.it\/radiotouring104\/"},{"@type":"ListItem","position":2,"name":"In Calabria la III edizione de &#8220;Le Nuove Frontiere&#8221;"}]},{"@type":"WebSite","@id":"https:\/\/progettotouring.it\/radiotouring104\/#website","url":"https:\/\/progettotouring.it\/radiotouring104\/","name":"Radio Touring 104","description":"La prima radio Reggina","publisher":{"@id":"https:\/\/progettotouring.it\/radiotouring104\/#organization"},"potentialAction":[{"@type":"SearchAction","target":{"@type":"EntryPoint","urlTemplate":"https:\/\/progettotouring.it\/radiotouring104\/?s={search_term_string}"},"query-input":{"@type":"PropertyValueSpecification","valueRequired":true,"valueName":"search_term_string"}}],"inLanguage":"it-IT"},{"@type":"Organization","@id":"https:\/\/progettotouring.it\/radiotouring104\/#organization","name":"Radio Touring 104","url":"https:\/\/progettotouring.it\/radiotouring104\/","logo":{"@type":"ImageObject","inLanguage":"it-IT","@id":"https:\/\/progettotouring.it\/radiotouring104\/#\/schema\/logo\/image\/","url":"https:\/\/progettotouring.it\/radiotouring104\/wp-content\/uploads\/sites\/6\/2022\/02\/cropped-logo-radio-touring-104.png","contentUrl":"https:\/\/progettotouring.it\/radiotouring104\/wp-content\/uploads\/sites\/6\/2022\/02\/cropped-logo-radio-touring-104.png","width":377,"height":182,"caption":"Radio Touring 104"},"image":{"@id":"https:\/\/progettotouring.it\/radiotouring104\/#\/schema\/logo\/image\/"}},{"@type":"Person","@id":"https:\/\/progettotouring.it\/radiotouring104\/#\/schema\/person\/78613917f1851f041f7483f5af1d422e","name":"Sebastiano Plutino","image":{"@type":"ImageObject","inLanguage":"it-IT","@id":"https:\/\/secure.gravatar.com\/avatar\/0546ffaa9b79224faf9f2a156b67a529ae861d3287c66c1d8ccfdf909bcba78d?s=96&d=mm&r=g","url":"https:\/\/secure.gravatar.com\/avatar\/0546ffaa9b79224faf9f2a156b67a529ae861d3287c66c1d8ccfdf909bcba78d?s=96&d=mm&r=g","contentUrl":"https:\/\/secure.gravatar.com\/avatar\/0546ffaa9b79224faf9f2a156b67a529ae861d3287c66c1d8ccfdf909bcba78d?s=96&d=mm&r=g","caption":"Sebastiano Plutino"},"url":"https:\/\/progettotouring.it\/radiotouring104\/author\/sebastiano\/"}]}},"jetpack_publicize_connections":[],"jetpack_featured_media_url":"https:\/\/progettotouring.it\/radiotouring104\/wp-content\/uploads\/sites\/6\/2022\/12\/Calabria-Film-Commission-2.jpg","jetpack_sharing_enabled":true,"_links":{"self":[{"href":"https:\/\/progettotouring.it\/radiotouring104\/wp-json\/wp\/v2\/posts\/52788","targetHints":{"allow":["GET"]}}],"collection":[{"href":"https:\/\/progettotouring.it\/radiotouring104\/wp-json\/wp\/v2\/posts"}],"about":[{"href":"https:\/\/progettotouring.it\/radiotouring104\/wp-json\/wp\/v2\/types\/post"}],"author":[{"embeddable":true,"href":"https:\/\/progettotouring.it\/radiotouring104\/wp-json\/wp\/v2\/users\/12"}],"replies":[{"embeddable":true,"href":"https:\/\/progettotouring.it\/radiotouring104\/wp-json\/wp\/v2\/comments?post=52788"}],"version-history":[{"count":1,"href":"https:\/\/progettotouring.it\/radiotouring104\/wp-json\/wp\/v2\/posts\/52788\/revisions"}],"predecessor-version":[{"id":52789,"href":"https:\/\/progettotouring.it\/radiotouring104\/wp-json\/wp\/v2\/posts\/52788\/revisions\/52789"}],"wp:featuredmedia":[{"embeddable":true,"href":"https:\/\/progettotouring.it\/radiotouring104\/wp-json\/wp\/v2\/media\/15719"}],"wp:attachment":[{"href":"https:\/\/progettotouring.it\/radiotouring104\/wp-json\/wp\/v2\/media?parent=52788"}],"wp:term":[{"taxonomy":"category","embeddable":true,"href":"https:\/\/progettotouring.it\/radiotouring104\/wp-json\/wp\/v2\/categories?post=52788"},{"taxonomy":"post_tag","embeddable":true,"href":"https:\/\/progettotouring.it\/radiotouring104\/wp-json\/wp\/v2\/tags?post=52788"}],"curies":[{"name":"wp","href":"https:\/\/api.w.org\/{rel}","templated":true}]}}