{"id":5290,"date":"2022-05-17T18:33:44","date_gmt":"2022-05-17T16:33:44","guid":{"rendered":"https:\/\/progettotouring.it\/radiotouring104\/?p=5290"},"modified":"2022-05-17T18:34:13","modified_gmt":"2022-05-17T16:34:13","slug":"al-via-la-prima-edizione-del-premio-di-poesia-cosi-e-la-vita-memorial-peppe-stellittano","status":"publish","type":"post","link":"https:\/\/progettotouring.it\/radiotouring104\/2022\/05\/17\/al-via-la-prima-edizione-del-premio-di-poesia-cosi-e-la-vita-memorial-peppe-stellittano\/","title":{"rendered":"Al via la prima edizione del Premio di poesia &#8220;Cos\u00ec \u00e8 la vita&#8221; &#8211; Memorial Peppe Stellittano"},"content":{"rendered":"<div style=\"text-align: justify;\">Al via alla &#8220;Cassiodoro &#8211; Don Bosco&#8221; di Pellaro, lo stage di tradizioni popolari calabresi.\u00a0Il percorso formativo-didattico si svolger\u00e0 sabato mattina alle ore 10 presso l&#8217;istituto comprensivo dove \u00e8 in fase di svolgimento, la prima edizione del concorso di poesia dialettale &#8220;Cos\u00ec \u00e8 la vita&#8221; &#8211; Memorial Peppe Stellittano promosso dal leader e fondatore del gruppo etno-pop Kalavr\u00eca, Nino Stellittano in piena sinergia con la dirigente Eva Raffaella Maria Nicol\u00f2 e la casa editrice \u201cCitt\u00e0 del Sole Edizione\u201d e che si concluder\u00e0 il prossimo 4 Giugno con la premiazione degli elaborati redatti dagli studenti e il concerto dei Kalavr\u00eca alle ore 20,30. L&#8217;atteso live del gruppo etno-pop \u00e8 aperto alla cittadinanza e a tutta la comunit\u00e0 scolastica.<\/div>\n<div><\/div>\n<div style=\"text-align: justify;\">Tornando invece allo stage di sabato mattina, i giovani studenti si confronteranno acquisendo importanti nozioni sulla tradizione popolare con il leader del gruppo Kalavr\u00eca e organizzatore dell&#8217;evento Nino Stellittano (autore anche del libro &#8220;Cos\u00ec \u00e8 la vita. Ottantotto passi di storia&#8221; edito da Citt\u00e0 del Sole) che spazier\u00e0 dalla storia all&#8217;evoluzione dello strumento popolare, la dirigente scolastica Eva Raffaella Maria Nicol\u00f2, il professore Franco Porcaro presidente club Unesco di Scilla e studioso di tradizioni e mitologia, la professoressa di Greco Moderno Despina Papavramidou.\u00a0 <em>&#8220;Lo stage e il concorso di poesia dialettale non sono altro che un percorso culturale atto ad approfondire e far conoscere agli studenti un patrimonio storico che possiede questa terra<\/em> &#8211; afferma Nino Stellittano -. <em>Grazie all\u2019ottimo lavoro\u00a0 e alla sensibilit\u00e0 della dirigente Nicol\u00f2, il concorso di poesia dialettale diventer\u00e0 un appuntamento fisso che, se da un lato ricorder\u00e0 mio padre Peppe, poeta, politico e artigiano per passione che, con i suoi scritti, ha affrontato tematiche importanti sviscerando l\u2019infinito amore per la sua terra, dall&#8217;altro, dar\u00e0 l\u2019opportunit\u00e0 agli alunni di esprimere sentimenti, valori, pensieri con cui ripercorrere i sentieri della memoria che, oggi, sono sempre pi\u00f9 inquinati dalla frenesia della vita moderna&#8221;.<\/em><\/div>\n","protected":false},"excerpt":{"rendered":"<p>Al via alla &#8220;Cassiodoro &#8211; Don Bosco&#8221; di Pellaro, lo stage di tradizioni popolari calabresi.\u00a0Il percorso formativo-didattico si svolger\u00e0 sabato mattina alle ore 10 presso l&#8217;istituto comprensivo dove \u00e8 in&hellip;<\/p>\n","protected":false},"author":5,"featured_media":5291,"comment_status":"open","ping_status":"open","sticky":false,"template":"","format":"standard","meta":{"_jetpack_memberships_contains_paid_content":false,"footnotes":"","jetpack_publicize_message":"","jetpack_publicize_feature_enabled":true,"jetpack_social_post_already_shared":false,"jetpack_social_options":{"image_generator_settings":{"template":"highway","default_image_id":0,"font":"","enabled":false},"version":2}},"categories":[145,196,140],"tags":[1751,1754,1753,1752],"class_list":["post-5290","post","type-post","status-publish","format-standard","has-post-thumbnail","hentry","category-cultura","category-news","category-reggio-calabria","tag-cassiodoro-don-bosco","tag-cosi-e-la-vita","tag-kalavria","tag-nino-stellittano"],"yoast_head":"<!-- This site is optimized with the Yoast SEO plugin v27.2 - https:\/\/yoast.com\/product\/yoast-seo-wordpress\/ -->\n<title>Arriva il Premio di poesia &quot;Cos\u00ec \u00e8 la vita&quot; - Memorial Peppe Stellittano<\/title>\n<meta name=\"description\" content=\"Manca poco alla prima edizione di &quot;Cos\u00ec \u00e8 la vita&quot; - Memorial Peppe Stellittano. Info e orari del percorso formativo-didattico\" \/>\n<meta name=\"robots\" content=\"index, follow, max-snippet:-1, max-image-preview:large, max-video-preview:-1\" \/>\n<link rel=\"canonical\" href=\"https:\/\/progettotouring.it\/radiotouring104\/2022\/05\/17\/al-via-la-prima-edizione-del-premio-di-poesia-cosi-e-la-vita-memorial-peppe-stellittano\/\" \/>\n<meta property=\"og:locale\" content=\"it_IT\" \/>\n<meta property=\"og:type\" content=\"article\" \/>\n<meta property=\"og:title\" content=\"Arriva il Premio di poesia &quot;Cos\u00ec \u00e8 la vita&quot; - Memorial Peppe Stellittano\" \/>\n<meta property=\"og:description\" content=\"Manca poco alla prima edizione di &quot;Cos\u00ec \u00e8 la vita&quot; - Memorial Peppe Stellittano. Info e orari del percorso formativo-didattico\" \/>\n<meta property=\"og:url\" content=\"https:\/\/progettotouring.it\/radiotouring104\/2022\/05\/17\/al-via-la-prima-edizione-del-premio-di-poesia-cosi-e-la-vita-memorial-peppe-stellittano\/\" \/>\n<meta property=\"og:site_name\" content=\"Radio Touring 104\" \/>\n<meta property=\"article:published_time\" content=\"2022-05-17T16:33:44+00:00\" \/>\n<meta property=\"article:modified_time\" content=\"2022-05-17T16:34:13+00:00\" \/>\n<meta property=\"og:image\" content=\"https:\/\/progettotouring.it\/radiotouring104\/wp-content\/uploads\/sites\/6\/2022\/05\/cosi-e-la-vita.jpg\" \/>\n\t<meta property=\"og:image:width\" content=\"547\" \/>\n\t<meta property=\"og:image:height\" content=\"283\" \/>\n\t<meta property=\"og:image:type\" content=\"image\/jpeg\" \/>\n<meta name=\"author\" content=\"redazione\" \/>\n<meta name=\"twitter:card\" content=\"summary_large_image\" \/>\n<meta name=\"twitter:label1\" content=\"Scritto da\" \/>\n\t<meta name=\"twitter:data1\" content=\"redazione\" \/>\n\t<meta name=\"twitter:label2\" content=\"Tempo di lettura stimato\" \/>\n\t<meta name=\"twitter:data2\" content=\"2 minuti\" \/>\n<script type=\"application\/ld+json\" class=\"yoast-schema-graph\">{\"@context\":\"https:\/\/schema.org\",\"@graph\":[{\"@type\":\"Article\",\"@id\":\"https:\/\/progettotouring.it\/radiotouring104\/2022\/05\/17\/al-via-la-prima-edizione-del-premio-di-poesia-cosi-e-la-vita-memorial-peppe-stellittano\/#article\",\"isPartOf\":{\"@id\":\"https:\/\/progettotouring.it\/radiotouring104\/2022\/05\/17\/al-via-la-prima-edizione-del-premio-di-poesia-cosi-e-la-vita-memorial-peppe-stellittano\/\"},\"author\":{\"name\":\"redazione\",\"@id\":\"https:\/\/progettotouring.it\/radiotouring104\/#\/schema\/person\/1b3eb3c07c47136bc44c785c543e635f\"},\"headline\":\"Al via la prima edizione del Premio di poesia &#8220;Cos\u00ec \u00e8 la vita&#8221; &#8211; Memorial Peppe Stellittano\",\"datePublished\":\"2022-05-17T16:33:44+00:00\",\"dateModified\":\"2022-05-17T16:34:13+00:00\",\"mainEntityOfPage\":{\"@id\":\"https:\/\/progettotouring.it\/radiotouring104\/2022\/05\/17\/al-via-la-prima-edizione-del-premio-di-poesia-cosi-e-la-vita-memorial-peppe-stellittano\/\"},\"wordCount\":328,\"commentCount\":0,\"publisher\":{\"@id\":\"https:\/\/progettotouring.it\/radiotouring104\/#organization\"},\"image\":{\"@id\":\"https:\/\/progettotouring.it\/radiotouring104\/2022\/05\/17\/al-via-la-prima-edizione-del-premio-di-poesia-cosi-e-la-vita-memorial-peppe-stellittano\/#primaryimage\"},\"thumbnailUrl\":\"https:\/\/progettotouring.it\/radiotouring104\/wp-content\/uploads\/sites\/6\/2022\/05\/cosi-e-la-vita.jpg\",\"keywords\":[\"Cassiodoro - Don Bosco\",\"Cos\u00ec \u00e8 la vita\",\"Kalavr\u00eca\",\"Nino Stellittano\"],\"articleSection\":[\"Cultura\",\"News\",\"Reggio Calabria\"],\"inLanguage\":\"it-IT\",\"potentialAction\":[{\"@type\":\"CommentAction\",\"name\":\"Comment\",\"target\":[\"https:\/\/progettotouring.it\/radiotouring104\/2022\/05\/17\/al-via-la-prima-edizione-del-premio-di-poesia-cosi-e-la-vita-memorial-peppe-stellittano\/#respond\"]}]},{\"@type\":\"WebPage\",\"@id\":\"https:\/\/progettotouring.it\/radiotouring104\/2022\/05\/17\/al-via-la-prima-edizione-del-premio-di-poesia-cosi-e-la-vita-memorial-peppe-stellittano\/\",\"url\":\"https:\/\/progettotouring.it\/radiotouring104\/2022\/05\/17\/al-via-la-prima-edizione-del-premio-di-poesia-cosi-e-la-vita-memorial-peppe-stellittano\/\",\"name\":\"Arriva il Premio di poesia \\\"Cos\u00ec \u00e8 la vita\\\" - Memorial Peppe Stellittano\",\"isPartOf\":{\"@id\":\"https:\/\/progettotouring.it\/radiotouring104\/#website\"},\"primaryImageOfPage\":{\"@id\":\"https:\/\/progettotouring.it\/radiotouring104\/2022\/05\/17\/al-via-la-prima-edizione-del-premio-di-poesia-cosi-e-la-vita-memorial-peppe-stellittano\/#primaryimage\"},\"image\":{\"@id\":\"https:\/\/progettotouring.it\/radiotouring104\/2022\/05\/17\/al-via-la-prima-edizione-del-premio-di-poesia-cosi-e-la-vita-memorial-peppe-stellittano\/#primaryimage\"},\"thumbnailUrl\":\"https:\/\/progettotouring.it\/radiotouring104\/wp-content\/uploads\/sites\/6\/2022\/05\/cosi-e-la-vita.jpg\",\"datePublished\":\"2022-05-17T16:33:44+00:00\",\"dateModified\":\"2022-05-17T16:34:13+00:00\",\"description\":\"Manca poco alla prima edizione di \\\"Cos\u00ec \u00e8 la vita\\\" - Memorial Peppe Stellittano. Info e orari del percorso formativo-didattico\",\"breadcrumb\":{\"@id\":\"https:\/\/progettotouring.it\/radiotouring104\/2022\/05\/17\/al-via-la-prima-edizione-del-premio-di-poesia-cosi-e-la-vita-memorial-peppe-stellittano\/#breadcrumb\"},\"inLanguage\":\"it-IT\",\"potentialAction\":[{\"@type\":\"ReadAction\",\"target\":[\"https:\/\/progettotouring.it\/radiotouring104\/2022\/05\/17\/al-via-la-prima-edizione-del-premio-di-poesia-cosi-e-la-vita-memorial-peppe-stellittano\/\"]}]},{\"@type\":\"ImageObject\",\"inLanguage\":\"it-IT\",\"@id\":\"https:\/\/progettotouring.it\/radiotouring104\/2022\/05\/17\/al-via-la-prima-edizione-del-premio-di-poesia-cosi-e-la-vita-memorial-peppe-stellittano\/#primaryimage\",\"url\":\"https:\/\/progettotouring.it\/radiotouring104\/wp-content\/uploads\/sites\/6\/2022\/05\/cosi-e-la-vita.jpg\",\"contentUrl\":\"https:\/\/progettotouring.it\/radiotouring104\/wp-content\/uploads\/sites\/6\/2022\/05\/cosi-e-la-vita.jpg\",\"width\":547,\"height\":283},{\"@type\":\"BreadcrumbList\",\"@id\":\"https:\/\/progettotouring.it\/radiotouring104\/2022\/05\/17\/al-via-la-prima-edizione-del-premio-di-poesia-cosi-e-la-vita-memorial-peppe-stellittano\/#breadcrumb\",\"itemListElement\":[{\"@type\":\"ListItem\",\"position\":1,\"name\":\"Home\",\"item\":\"https:\/\/progettotouring.it\/radiotouring104\/\"},{\"@type\":\"ListItem\",\"position\":2,\"name\":\"Al via la prima edizione del Premio di poesia &#8220;Cos\u00ec \u00e8 la vita&#8221; &#8211; Memorial Peppe Stellittano\"}]},{\"@type\":\"WebSite\",\"@id\":\"https:\/\/progettotouring.it\/radiotouring104\/#website\",\"url\":\"https:\/\/progettotouring.it\/radiotouring104\/\",\"name\":\"Radio Touring 104\",\"description\":\"La prima radio Reggina\",\"publisher\":{\"@id\":\"https:\/\/progettotouring.it\/radiotouring104\/#organization\"},\"potentialAction\":[{\"@type\":\"SearchAction\",\"target\":{\"@type\":\"EntryPoint\",\"urlTemplate\":\"https:\/\/progettotouring.it\/radiotouring104\/?s={search_term_string}\"},\"query-input\":{\"@type\":\"PropertyValueSpecification\",\"valueRequired\":true,\"valueName\":\"search_term_string\"}}],\"inLanguage\":\"it-IT\"},{\"@type\":\"Organization\",\"@id\":\"https:\/\/progettotouring.it\/radiotouring104\/#organization\",\"name\":\"Radio Touring 104\",\"url\":\"https:\/\/progettotouring.it\/radiotouring104\/\",\"logo\":{\"@type\":\"ImageObject\",\"inLanguage\":\"it-IT\",\"@id\":\"https:\/\/progettotouring.it\/radiotouring104\/#\/schema\/logo\/image\/\",\"url\":\"https:\/\/progettotouring.it\/radiotouring104\/wp-content\/uploads\/sites\/6\/2022\/02\/cropped-logo-radio-touring-104.png\",\"contentUrl\":\"https:\/\/progettotouring.it\/radiotouring104\/wp-content\/uploads\/sites\/6\/2022\/02\/cropped-logo-radio-touring-104.png\",\"width\":377,\"height\":182,\"caption\":\"Radio Touring 104\"},\"image\":{\"@id\":\"https:\/\/progettotouring.it\/radiotouring104\/#\/schema\/logo\/image\/\"}},{\"@type\":\"Person\",\"@id\":\"https:\/\/progettotouring.it\/radiotouring104\/#\/schema\/person\/1b3eb3c07c47136bc44c785c543e635f\",\"name\":\"redazione\",\"image\":{\"@type\":\"ImageObject\",\"inLanguage\":\"it-IT\",\"@id\":\"https:\/\/secure.gravatar.com\/avatar\/0b31605b49f100769e8b624b3e05de1b73e1692e9568a352f60f53fd072e6e11?s=96&d=mm&r=g\",\"url\":\"https:\/\/secure.gravatar.com\/avatar\/0b31605b49f100769e8b624b3e05de1b73e1692e9568a352f60f53fd072e6e11?s=96&d=mm&r=g\",\"contentUrl\":\"https:\/\/secure.gravatar.com\/avatar\/0b31605b49f100769e8b624b3e05de1b73e1692e9568a352f60f53fd072e6e11?s=96&d=mm&r=g\",\"caption\":\"redazione\"},\"url\":\"https:\/\/progettotouring.it\/radiotouring104\/author\/redazione\/\"}]}<\/script>\n<!-- \/ Yoast SEO plugin. -->","yoast_head_json":{"title":"Arriva il Premio di poesia \"Cos\u00ec \u00e8 la vita\" - Memorial Peppe Stellittano","description":"Manca poco alla prima edizione di \"Cos\u00ec \u00e8 la vita\" - Memorial Peppe Stellittano. Info e orari del percorso formativo-didattico","robots":{"index":"index","follow":"follow","max-snippet":"max-snippet:-1","max-image-preview":"max-image-preview:large","max-video-preview":"max-video-preview:-1"},"canonical":"https:\/\/progettotouring.it\/radiotouring104\/2022\/05\/17\/al-via-la-prima-edizione-del-premio-di-poesia-cosi-e-la-vita-memorial-peppe-stellittano\/","og_locale":"it_IT","og_type":"article","og_title":"Arriva il Premio di poesia \"Cos\u00ec \u00e8 la vita\" - Memorial Peppe Stellittano","og_description":"Manca poco alla prima edizione di \"Cos\u00ec \u00e8 la vita\" - Memorial Peppe Stellittano. Info e orari del percorso formativo-didattico","og_url":"https:\/\/progettotouring.it\/radiotouring104\/2022\/05\/17\/al-via-la-prima-edizione-del-premio-di-poesia-cosi-e-la-vita-memorial-peppe-stellittano\/","og_site_name":"Radio Touring 104","article_published_time":"2022-05-17T16:33:44+00:00","article_modified_time":"2022-05-17T16:34:13+00:00","og_image":[{"width":547,"height":283,"url":"https:\/\/progettotouring.it\/radiotouring104\/wp-content\/uploads\/sites\/6\/2022\/05\/cosi-e-la-vita.jpg","type":"image\/jpeg"}],"author":"redazione","twitter_card":"summary_large_image","twitter_misc":{"Scritto da":"redazione","Tempo di lettura stimato":"2 minuti"},"schema":{"@context":"https:\/\/schema.org","@graph":[{"@type":"Article","@id":"https:\/\/progettotouring.it\/radiotouring104\/2022\/05\/17\/al-via-la-prima-edizione-del-premio-di-poesia-cosi-e-la-vita-memorial-peppe-stellittano\/#article","isPartOf":{"@id":"https:\/\/progettotouring.it\/radiotouring104\/2022\/05\/17\/al-via-la-prima-edizione-del-premio-di-poesia-cosi-e-la-vita-memorial-peppe-stellittano\/"},"author":{"name":"redazione","@id":"https:\/\/progettotouring.it\/radiotouring104\/#\/schema\/person\/1b3eb3c07c47136bc44c785c543e635f"},"headline":"Al via la prima edizione del Premio di poesia &#8220;Cos\u00ec \u00e8 la vita&#8221; &#8211; Memorial Peppe Stellittano","datePublished":"2022-05-17T16:33:44+00:00","dateModified":"2022-05-17T16:34:13+00:00","mainEntityOfPage":{"@id":"https:\/\/progettotouring.it\/radiotouring104\/2022\/05\/17\/al-via-la-prima-edizione-del-premio-di-poesia-cosi-e-la-vita-memorial-peppe-stellittano\/"},"wordCount":328,"commentCount":0,"publisher":{"@id":"https:\/\/progettotouring.it\/radiotouring104\/#organization"},"image":{"@id":"https:\/\/progettotouring.it\/radiotouring104\/2022\/05\/17\/al-via-la-prima-edizione-del-premio-di-poesia-cosi-e-la-vita-memorial-peppe-stellittano\/#primaryimage"},"thumbnailUrl":"https:\/\/progettotouring.it\/radiotouring104\/wp-content\/uploads\/sites\/6\/2022\/05\/cosi-e-la-vita.jpg","keywords":["Cassiodoro - Don Bosco","Cos\u00ec \u00e8 la vita","Kalavr\u00eca","Nino Stellittano"],"articleSection":["Cultura","News","Reggio Calabria"],"inLanguage":"it-IT","potentialAction":[{"@type":"CommentAction","name":"Comment","target":["https:\/\/progettotouring.it\/radiotouring104\/2022\/05\/17\/al-via-la-prima-edizione-del-premio-di-poesia-cosi-e-la-vita-memorial-peppe-stellittano\/#respond"]}]},{"@type":"WebPage","@id":"https:\/\/progettotouring.it\/radiotouring104\/2022\/05\/17\/al-via-la-prima-edizione-del-premio-di-poesia-cosi-e-la-vita-memorial-peppe-stellittano\/","url":"https:\/\/progettotouring.it\/radiotouring104\/2022\/05\/17\/al-via-la-prima-edizione-del-premio-di-poesia-cosi-e-la-vita-memorial-peppe-stellittano\/","name":"Arriva il Premio di poesia \"Cos\u00ec \u00e8 la vita\" - Memorial Peppe Stellittano","isPartOf":{"@id":"https:\/\/progettotouring.it\/radiotouring104\/#website"},"primaryImageOfPage":{"@id":"https:\/\/progettotouring.it\/radiotouring104\/2022\/05\/17\/al-via-la-prima-edizione-del-premio-di-poesia-cosi-e-la-vita-memorial-peppe-stellittano\/#primaryimage"},"image":{"@id":"https:\/\/progettotouring.it\/radiotouring104\/2022\/05\/17\/al-via-la-prima-edizione-del-premio-di-poesia-cosi-e-la-vita-memorial-peppe-stellittano\/#primaryimage"},"thumbnailUrl":"https:\/\/progettotouring.it\/radiotouring104\/wp-content\/uploads\/sites\/6\/2022\/05\/cosi-e-la-vita.jpg","datePublished":"2022-05-17T16:33:44+00:00","dateModified":"2022-05-17T16:34:13+00:00","description":"Manca poco alla prima edizione di \"Cos\u00ec \u00e8 la vita\" - Memorial Peppe Stellittano. Info e orari del percorso formativo-didattico","breadcrumb":{"@id":"https:\/\/progettotouring.it\/radiotouring104\/2022\/05\/17\/al-via-la-prima-edizione-del-premio-di-poesia-cosi-e-la-vita-memorial-peppe-stellittano\/#breadcrumb"},"inLanguage":"it-IT","potentialAction":[{"@type":"ReadAction","target":["https:\/\/progettotouring.it\/radiotouring104\/2022\/05\/17\/al-via-la-prima-edizione-del-premio-di-poesia-cosi-e-la-vita-memorial-peppe-stellittano\/"]}]},{"@type":"ImageObject","inLanguage":"it-IT","@id":"https:\/\/progettotouring.it\/radiotouring104\/2022\/05\/17\/al-via-la-prima-edizione-del-premio-di-poesia-cosi-e-la-vita-memorial-peppe-stellittano\/#primaryimage","url":"https:\/\/progettotouring.it\/radiotouring104\/wp-content\/uploads\/sites\/6\/2022\/05\/cosi-e-la-vita.jpg","contentUrl":"https:\/\/progettotouring.it\/radiotouring104\/wp-content\/uploads\/sites\/6\/2022\/05\/cosi-e-la-vita.jpg","width":547,"height":283},{"@type":"BreadcrumbList","@id":"https:\/\/progettotouring.it\/radiotouring104\/2022\/05\/17\/al-via-la-prima-edizione-del-premio-di-poesia-cosi-e-la-vita-memorial-peppe-stellittano\/#breadcrumb","itemListElement":[{"@type":"ListItem","position":1,"name":"Home","item":"https:\/\/progettotouring.it\/radiotouring104\/"},{"@type":"ListItem","position":2,"name":"Al via la prima edizione del Premio di poesia &#8220;Cos\u00ec \u00e8 la vita&#8221; &#8211; Memorial Peppe Stellittano"}]},{"@type":"WebSite","@id":"https:\/\/progettotouring.it\/radiotouring104\/#website","url":"https:\/\/progettotouring.it\/radiotouring104\/","name":"Radio Touring 104","description":"La prima radio Reggina","publisher":{"@id":"https:\/\/progettotouring.it\/radiotouring104\/#organization"},"potentialAction":[{"@type":"SearchAction","target":{"@type":"EntryPoint","urlTemplate":"https:\/\/progettotouring.it\/radiotouring104\/?s={search_term_string}"},"query-input":{"@type":"PropertyValueSpecification","valueRequired":true,"valueName":"search_term_string"}}],"inLanguage":"it-IT"},{"@type":"Organization","@id":"https:\/\/progettotouring.it\/radiotouring104\/#organization","name":"Radio Touring 104","url":"https:\/\/progettotouring.it\/radiotouring104\/","logo":{"@type":"ImageObject","inLanguage":"it-IT","@id":"https:\/\/progettotouring.it\/radiotouring104\/#\/schema\/logo\/image\/","url":"https:\/\/progettotouring.it\/radiotouring104\/wp-content\/uploads\/sites\/6\/2022\/02\/cropped-logo-radio-touring-104.png","contentUrl":"https:\/\/progettotouring.it\/radiotouring104\/wp-content\/uploads\/sites\/6\/2022\/02\/cropped-logo-radio-touring-104.png","width":377,"height":182,"caption":"Radio Touring 104"},"image":{"@id":"https:\/\/progettotouring.it\/radiotouring104\/#\/schema\/logo\/image\/"}},{"@type":"Person","@id":"https:\/\/progettotouring.it\/radiotouring104\/#\/schema\/person\/1b3eb3c07c47136bc44c785c543e635f","name":"redazione","image":{"@type":"ImageObject","inLanguage":"it-IT","@id":"https:\/\/secure.gravatar.com\/avatar\/0b31605b49f100769e8b624b3e05de1b73e1692e9568a352f60f53fd072e6e11?s=96&d=mm&r=g","url":"https:\/\/secure.gravatar.com\/avatar\/0b31605b49f100769e8b624b3e05de1b73e1692e9568a352f60f53fd072e6e11?s=96&d=mm&r=g","contentUrl":"https:\/\/secure.gravatar.com\/avatar\/0b31605b49f100769e8b624b3e05de1b73e1692e9568a352f60f53fd072e6e11?s=96&d=mm&r=g","caption":"redazione"},"url":"https:\/\/progettotouring.it\/radiotouring104\/author\/redazione\/"}]}},"jetpack_publicize_connections":[],"jetpack_featured_media_url":"https:\/\/progettotouring.it\/radiotouring104\/wp-content\/uploads\/sites\/6\/2022\/05\/cosi-e-la-vita.jpg","jetpack_sharing_enabled":true,"_links":{"self":[{"href":"https:\/\/progettotouring.it\/radiotouring104\/wp-json\/wp\/v2\/posts\/5290","targetHints":{"allow":["GET"]}}],"collection":[{"href":"https:\/\/progettotouring.it\/radiotouring104\/wp-json\/wp\/v2\/posts"}],"about":[{"href":"https:\/\/progettotouring.it\/radiotouring104\/wp-json\/wp\/v2\/types\/post"}],"author":[{"embeddable":true,"href":"https:\/\/progettotouring.it\/radiotouring104\/wp-json\/wp\/v2\/users\/5"}],"replies":[{"embeddable":true,"href":"https:\/\/progettotouring.it\/radiotouring104\/wp-json\/wp\/v2\/comments?post=5290"}],"version-history":[{"count":1,"href":"https:\/\/progettotouring.it\/radiotouring104\/wp-json\/wp\/v2\/posts\/5290\/revisions"}],"predecessor-version":[{"id":5292,"href":"https:\/\/progettotouring.it\/radiotouring104\/wp-json\/wp\/v2\/posts\/5290\/revisions\/5292"}],"wp:featuredmedia":[{"embeddable":true,"href":"https:\/\/progettotouring.it\/radiotouring104\/wp-json\/wp\/v2\/media\/5291"}],"wp:attachment":[{"href":"https:\/\/progettotouring.it\/radiotouring104\/wp-json\/wp\/v2\/media?parent=5290"}],"wp:term":[{"taxonomy":"category","embeddable":true,"href":"https:\/\/progettotouring.it\/radiotouring104\/wp-json\/wp\/v2\/categories?post=5290"},{"taxonomy":"post_tag","embeddable":true,"href":"https:\/\/progettotouring.it\/radiotouring104\/wp-json\/wp\/v2\/tags?post=5290"}],"curies":[{"name":"wp","href":"https:\/\/api.w.org\/{rel}","templated":true}]}}