{"id":53290,"date":"2024-06-14T11:31:02","date_gmt":"2024-06-14T09:31:02","guid":{"rendered":"https:\/\/progettotouring.it\/radiotouring104\/?p=53290"},"modified":"2024-06-14T11:34:28","modified_gmt":"2024-06-14T09:34:28","slug":"bankitalia-economia-calabria-in-frenata-06-piu-occupati","status":"publish","type":"post","link":"https:\/\/progettotouring.it\/radiotouring104\/2024\/06\/14\/bankitalia-economia-calabria-in-frenata-06-piu-occupati\/","title":{"rendered":"Calabria: frena l&#8217;Economia, +0,6%, ma pi\u00f9 occupati"},"content":{"rendered":"<p style=\"text-align: justify\"><strong>Economia in frenata nel 2023 in Calabria<\/strong> con una crescita che<strong> non va oltre lo 0,6%<\/strong> <strong>annuo rispetto al 2022<\/strong> e che fa registrare dato simile a quello del Mezzogiorno ma inferiore alla media italiana.<\/p>\n<p style=\"text-align: justify\"><strong>E&#8217; questo il trend,<\/strong> dopo il biennio di recupero sostenuto che aveva fatto seguito alla crisi pandemica,<strong> emerso dal rapporto annuale della filiale regionale di Bankitalia,<\/strong> i cui<strong> risultati sono stati illustrati a Catanzaro dal direttore<\/strong> Marcello Malamisura, dal vice direttore Riziero Bruno e dai ricercatori Giuseppe Albanese, Antonio Covelli, Enza Maltese, Graziella Mendicino e Iconio Garri&#8217;.<\/p>\n<p style=\"text-align: justify\">A pesare sono stati in particolare la <strong>perdita del potere di acquisto delle famiglie<\/strong> e l&#8217;irrigidimento delle condizioni di accesso al credito in uno con l&#8217;andamento dei consumi risultato nel complesso meno favorevole di quello degli investimenti.<\/p>\n<p style=\"text-align: justify\">Ad aprire in prospettiva qualche spiraglio \u00e8, per\u00f2, <strong>il calo dell&#8217;inflazione registrato a fine 2023 e legato al raffreddamento dei prezzi dell&#8217;energia<\/strong>. Qualche nuvola potrebbe addensarsi, per i timori legati alla situazione geopolitica e all&#8217;incertezza circa il clima di fiducia generale.<\/p>\n<p style=\"text-align: justify\">Per gli analisti calabresi di Bankitalia sull&#8217;andamento economico della regione ha influito in generale il rallentamento della crescita del fatturato a prezzi costanti delle imprese. In sostanziale tenuta il settore delle costruzioni dove il calo dell&#8217;edilizia residenziale \u00e8 stato compensato dall&#8217;aumento delle attivit\u00e0 nelle opere pubbliche. Gi\u00f9 la produzione industriale.<br \/>\n<strong>Penalizzato dall&#8217;andamento climatico il settore agricolo<\/strong>, in primis l&#8217;olivicoltura. Restano elevate la redditivit\u00e0 e la liquidit\u00e0 delle imprese.<\/p>\n<p style=\"text-align: justify\"><strong>Aumenta l&#8217;occupazione sia quella autonoma<\/strong> che, in particolare, quella dipendente con un pi\u00f9 ampio ricorso ai contratti a tempo indeterminato. Per paradosso, segnala il report di Bankitalia, &#8220;nonostante l&#8217;aumento delle persone in cerca di impiego, la difficolt\u00e0 di reperimento della manodopera segnalata dalle imprese \u00e8 per\u00f2 ancora cresciuta, riguardando principalmente figure tecniche o a elevata specializzazione&#8221;.<\/p>\n<p style=\"text-align: justify\"><strong>Nel 2023 l&#8217;espansione del credito bancario si \u00e8 arrestata<\/strong>, rispecchiando soprattutto la riduzione della domanda di prestiti connessa al peggioramento delle condizioni di finanziamento,<strong> mentre per quanto concerne la finanza pubblica decentrata <\/strong><em><strong>&#8220;<\/strong>nel 2023 la spesa degli enti territoriali \u00e8 significativamente aumentata&#8221;.<\/em><br \/>\n<em>\u00a0<\/em><\/p>\n<p style=\"text-align: justify\"><em>&#8220;Sull&#8217;andamento economico pi\u00f9 rallentato della Calabria<\/em> &#8211; <strong>ha detto il direttore dell filiale Malamisura<\/strong> <em>&#8211; hanno pesato sicuramente le dinamiche inflazionistiche che hanno ancora prodotto i loro effetti e l&#8217;aumento dei tassi derivante dalla restrizione monetaria attuata in risposta alle pressioni dell&#8217;inflazione. Da registrare il buon andamento dell&#8217;occupazione che in generale \u00e8 cresciuta e ha avuto riflessi positivi sul reddito delle famiglie&#8221;<\/em>.<\/p>\n","protected":false},"excerpt":{"rendered":"<p>Economia in frenata nel 2023 in Calabria con una crescita che non va oltre lo 0,6% annuo rispetto al 2022 e che fa registrare dato simile a quello del Mezzogiorno&hellip;<\/p>\n","protected":false},"author":12,"featured_media":12265,"comment_status":"closed","ping_status":"open","sticky":false,"template":"","format":"standard","meta":{"_jetpack_memberships_contains_paid_content":false,"footnotes":"","jetpack_publicize_message":"","jetpack_publicize_feature_enabled":true,"jetpack_social_post_already_shared":false,"jetpack_social_options":{"image_generator_settings":{"template":"highway","default_image_id":0,"font":"","enabled":false},"version":2}},"categories":[142,921,196],"tags":[5831,698,32755,5833,32754],"class_list":["post-53290","post","type-post","status-publish","format-standard","has-post-thumbnail","hentry","category-calabria","category-home","category-news","tag-bankitalia","tag-catanzaro","tag-economia-calabria-in-frenata","tag-marcello-malamisura","tag-rapporto-annuale-della-filiale-regionale-di-bankitalia"],"yoast_head":"<!-- This site is optimized with the Yoast SEO plugin v27.2 - https:\/\/yoast.com\/product\/yoast-seo-wordpress\/ -->\n<title>Calabria: frena l&#039;Economia, +0,6%, ma pi\u00f9 occupati<\/title>\n<meta name=\"description\" content=\"Dati emersi dal rapporto annuale della filiale regionale di Bankitalia. Agricoltura penalizzata dal clima, spiragli da calo inflazione\" \/>\n<meta name=\"robots\" content=\"index, follow, max-snippet:-1, max-image-preview:large, max-video-preview:-1\" \/>\n<link rel=\"canonical\" href=\"https:\/\/progettotouring.it\/radiotouring104\/2024\/06\/14\/bankitalia-economia-calabria-in-frenata-06-piu-occupati\/\" \/>\n<meta property=\"og:locale\" content=\"it_IT\" \/>\n<meta property=\"og:type\" content=\"article\" \/>\n<meta property=\"og:title\" content=\"Calabria: frena l&#039;Economia, +0,6%, ma pi\u00f9 occupati\" \/>\n<meta property=\"og:description\" content=\"Dati emersi dal rapporto annuale della filiale regionale di Bankitalia. Agricoltura penalizzata dal clima, spiragli da calo inflazione\" \/>\n<meta property=\"og:url\" content=\"https:\/\/progettotouring.it\/radiotouring104\/2024\/06\/14\/bankitalia-economia-calabria-in-frenata-06-piu-occupati\/\" \/>\n<meta property=\"og:site_name\" content=\"Radio Touring 104\" \/>\n<meta property=\"article:published_time\" content=\"2024-06-14T09:31:02+00:00\" \/>\n<meta property=\"article:modified_time\" content=\"2024-06-14T09:34:28+00:00\" \/>\n<meta property=\"og:image\" content=\"https:\/\/progettotouring.it\/radiotouring104\/wp-content\/uploads\/sites\/6\/2022\/11\/Bankitalia-Calabria.jpg\" \/>\n\t<meta property=\"og:image:width\" content=\"1285\" \/>\n\t<meta property=\"og:image:height\" content=\"497\" \/>\n\t<meta property=\"og:image:type\" content=\"image\/jpeg\" \/>\n<meta name=\"author\" content=\"Sebastiano Plutino\" \/>\n<meta name=\"twitter:card\" content=\"summary_large_image\" \/>\n<meta name=\"twitter:label1\" content=\"Scritto da\" \/>\n\t<meta name=\"twitter:data1\" content=\"Sebastiano Plutino\" \/>\n\t<meta name=\"twitter:label2\" content=\"Tempo di lettura stimato\" \/>\n\t<meta name=\"twitter:data2\" content=\"2 minuti\" \/>\n<script type=\"application\/ld+json\" class=\"yoast-schema-graph\">{\"@context\":\"https:\/\/schema.org\",\"@graph\":[{\"@type\":\"Article\",\"@id\":\"https:\/\/progettotouring.it\/radiotouring104\/2024\/06\/14\/bankitalia-economia-calabria-in-frenata-06-piu-occupati\/#article\",\"isPartOf\":{\"@id\":\"https:\/\/progettotouring.it\/radiotouring104\/2024\/06\/14\/bankitalia-economia-calabria-in-frenata-06-piu-occupati\/\"},\"author\":{\"name\":\"Sebastiano Plutino\",\"@id\":\"https:\/\/progettotouring.it\/radiotouring104\/#\/schema\/person\/78613917f1851f041f7483f5af1d422e\"},\"headline\":\"Calabria: frena l&#8217;Economia, +0,6%, ma pi\u00f9 occupati\",\"datePublished\":\"2024-06-14T09:31:02+00:00\",\"dateModified\":\"2024-06-14T09:34:28+00:00\",\"mainEntityOfPage\":{\"@id\":\"https:\/\/progettotouring.it\/radiotouring104\/2024\/06\/14\/bankitalia-economia-calabria-in-frenata-06-piu-occupati\/\"},\"wordCount\":392,\"publisher\":{\"@id\":\"https:\/\/progettotouring.it\/radiotouring104\/#organization\"},\"image\":{\"@id\":\"https:\/\/progettotouring.it\/radiotouring104\/2024\/06\/14\/bankitalia-economia-calabria-in-frenata-06-piu-occupati\/#primaryimage\"},\"thumbnailUrl\":\"https:\/\/progettotouring.it\/radiotouring104\/wp-content\/uploads\/sites\/6\/2022\/11\/Bankitalia-Calabria.jpg\",\"keywords\":[\"Bankitalia\",\"catanzaro\",\"economia Calabria in frenata\",\"Marcello Malamisura\",\"rapporto annuale della filiale regionale di Bankitalia\"],\"articleSection\":[\"Calabria\",\"Home\",\"News\"],\"inLanguage\":\"it-IT\"},{\"@type\":\"WebPage\",\"@id\":\"https:\/\/progettotouring.it\/radiotouring104\/2024\/06\/14\/bankitalia-economia-calabria-in-frenata-06-piu-occupati\/\",\"url\":\"https:\/\/progettotouring.it\/radiotouring104\/2024\/06\/14\/bankitalia-economia-calabria-in-frenata-06-piu-occupati\/\",\"name\":\"Calabria: frena l'Economia, +0,6%, ma pi\u00f9 occupati\",\"isPartOf\":{\"@id\":\"https:\/\/progettotouring.it\/radiotouring104\/#website\"},\"primaryImageOfPage\":{\"@id\":\"https:\/\/progettotouring.it\/radiotouring104\/2024\/06\/14\/bankitalia-economia-calabria-in-frenata-06-piu-occupati\/#primaryimage\"},\"image\":{\"@id\":\"https:\/\/progettotouring.it\/radiotouring104\/2024\/06\/14\/bankitalia-economia-calabria-in-frenata-06-piu-occupati\/#primaryimage\"},\"thumbnailUrl\":\"https:\/\/progettotouring.it\/radiotouring104\/wp-content\/uploads\/sites\/6\/2022\/11\/Bankitalia-Calabria.jpg\",\"datePublished\":\"2024-06-14T09:31:02+00:00\",\"dateModified\":\"2024-06-14T09:34:28+00:00\",\"description\":\"Dati emersi dal rapporto annuale della filiale regionale di Bankitalia. Agricoltura penalizzata dal clima, spiragli da calo inflazione\",\"breadcrumb\":{\"@id\":\"https:\/\/progettotouring.it\/radiotouring104\/2024\/06\/14\/bankitalia-economia-calabria-in-frenata-06-piu-occupati\/#breadcrumb\"},\"inLanguage\":\"it-IT\",\"potentialAction\":[{\"@type\":\"ReadAction\",\"target\":[\"https:\/\/progettotouring.it\/radiotouring104\/2024\/06\/14\/bankitalia-economia-calabria-in-frenata-06-piu-occupati\/\"]}]},{\"@type\":\"ImageObject\",\"inLanguage\":\"it-IT\",\"@id\":\"https:\/\/progettotouring.it\/radiotouring104\/2024\/06\/14\/bankitalia-economia-calabria-in-frenata-06-piu-occupati\/#primaryimage\",\"url\":\"https:\/\/progettotouring.it\/radiotouring104\/wp-content\/uploads\/sites\/6\/2022\/11\/Bankitalia-Calabria.jpg\",\"contentUrl\":\"https:\/\/progettotouring.it\/radiotouring104\/wp-content\/uploads\/sites\/6\/2022\/11\/Bankitalia-Calabria.jpg\",\"width\":1285,\"height\":497},{\"@type\":\"BreadcrumbList\",\"@id\":\"https:\/\/progettotouring.it\/radiotouring104\/2024\/06\/14\/bankitalia-economia-calabria-in-frenata-06-piu-occupati\/#breadcrumb\",\"itemListElement\":[{\"@type\":\"ListItem\",\"position\":1,\"name\":\"Home\",\"item\":\"https:\/\/progettotouring.it\/radiotouring104\/\"},{\"@type\":\"ListItem\",\"position\":2,\"name\":\"Calabria: frena l&#8217;Economia, +0,6%, ma pi\u00f9 occupati\"}]},{\"@type\":\"WebSite\",\"@id\":\"https:\/\/progettotouring.it\/radiotouring104\/#website\",\"url\":\"https:\/\/progettotouring.it\/radiotouring104\/\",\"name\":\"Radio Touring 104\",\"description\":\"La prima radio Reggina\",\"publisher\":{\"@id\":\"https:\/\/progettotouring.it\/radiotouring104\/#organization\"},\"potentialAction\":[{\"@type\":\"SearchAction\",\"target\":{\"@type\":\"EntryPoint\",\"urlTemplate\":\"https:\/\/progettotouring.it\/radiotouring104\/?s={search_term_string}\"},\"query-input\":{\"@type\":\"PropertyValueSpecification\",\"valueRequired\":true,\"valueName\":\"search_term_string\"}}],\"inLanguage\":\"it-IT\"},{\"@type\":\"Organization\",\"@id\":\"https:\/\/progettotouring.it\/radiotouring104\/#organization\",\"name\":\"Radio Touring 104\",\"url\":\"https:\/\/progettotouring.it\/radiotouring104\/\",\"logo\":{\"@type\":\"ImageObject\",\"inLanguage\":\"it-IT\",\"@id\":\"https:\/\/progettotouring.it\/radiotouring104\/#\/schema\/logo\/image\/\",\"url\":\"https:\/\/progettotouring.it\/radiotouring104\/wp-content\/uploads\/sites\/6\/2022\/02\/cropped-logo-radio-touring-104.png\",\"contentUrl\":\"https:\/\/progettotouring.it\/radiotouring104\/wp-content\/uploads\/sites\/6\/2022\/02\/cropped-logo-radio-touring-104.png\",\"width\":377,\"height\":182,\"caption\":\"Radio Touring 104\"},\"image\":{\"@id\":\"https:\/\/progettotouring.it\/radiotouring104\/#\/schema\/logo\/image\/\"}},{\"@type\":\"Person\",\"@id\":\"https:\/\/progettotouring.it\/radiotouring104\/#\/schema\/person\/78613917f1851f041f7483f5af1d422e\",\"name\":\"Sebastiano Plutino\",\"image\":{\"@type\":\"ImageObject\",\"inLanguage\":\"it-IT\",\"@id\":\"https:\/\/secure.gravatar.com\/avatar\/0546ffaa9b79224faf9f2a156b67a529ae861d3287c66c1d8ccfdf909bcba78d?s=96&d=mm&r=g\",\"url\":\"https:\/\/secure.gravatar.com\/avatar\/0546ffaa9b79224faf9f2a156b67a529ae861d3287c66c1d8ccfdf909bcba78d?s=96&d=mm&r=g\",\"contentUrl\":\"https:\/\/secure.gravatar.com\/avatar\/0546ffaa9b79224faf9f2a156b67a529ae861d3287c66c1d8ccfdf909bcba78d?s=96&d=mm&r=g\",\"caption\":\"Sebastiano Plutino\"},\"url\":\"https:\/\/progettotouring.it\/radiotouring104\/author\/sebastiano\/\"}]}<\/script>\n<!-- \/ Yoast SEO plugin. -->","yoast_head_json":{"title":"Calabria: frena l'Economia, +0,6%, ma pi\u00f9 occupati","description":"Dati emersi dal rapporto annuale della filiale regionale di Bankitalia. Agricoltura penalizzata dal clima, spiragli da calo inflazione","robots":{"index":"index","follow":"follow","max-snippet":"max-snippet:-1","max-image-preview":"max-image-preview:large","max-video-preview":"max-video-preview:-1"},"canonical":"https:\/\/progettotouring.it\/radiotouring104\/2024\/06\/14\/bankitalia-economia-calabria-in-frenata-06-piu-occupati\/","og_locale":"it_IT","og_type":"article","og_title":"Calabria: frena l'Economia, +0,6%, ma pi\u00f9 occupati","og_description":"Dati emersi dal rapporto annuale della filiale regionale di Bankitalia. Agricoltura penalizzata dal clima, spiragli da calo inflazione","og_url":"https:\/\/progettotouring.it\/radiotouring104\/2024\/06\/14\/bankitalia-economia-calabria-in-frenata-06-piu-occupati\/","og_site_name":"Radio Touring 104","article_published_time":"2024-06-14T09:31:02+00:00","article_modified_time":"2024-06-14T09:34:28+00:00","og_image":[{"width":1285,"height":497,"url":"https:\/\/progettotouring.it\/radiotouring104\/wp-content\/uploads\/sites\/6\/2022\/11\/Bankitalia-Calabria.jpg","type":"image\/jpeg"}],"author":"Sebastiano Plutino","twitter_card":"summary_large_image","twitter_misc":{"Scritto da":"Sebastiano Plutino","Tempo di lettura stimato":"2 minuti"},"schema":{"@context":"https:\/\/schema.org","@graph":[{"@type":"Article","@id":"https:\/\/progettotouring.it\/radiotouring104\/2024\/06\/14\/bankitalia-economia-calabria-in-frenata-06-piu-occupati\/#article","isPartOf":{"@id":"https:\/\/progettotouring.it\/radiotouring104\/2024\/06\/14\/bankitalia-economia-calabria-in-frenata-06-piu-occupati\/"},"author":{"name":"Sebastiano Plutino","@id":"https:\/\/progettotouring.it\/radiotouring104\/#\/schema\/person\/78613917f1851f041f7483f5af1d422e"},"headline":"Calabria: frena l&#8217;Economia, +0,6%, ma pi\u00f9 occupati","datePublished":"2024-06-14T09:31:02+00:00","dateModified":"2024-06-14T09:34:28+00:00","mainEntityOfPage":{"@id":"https:\/\/progettotouring.it\/radiotouring104\/2024\/06\/14\/bankitalia-economia-calabria-in-frenata-06-piu-occupati\/"},"wordCount":392,"publisher":{"@id":"https:\/\/progettotouring.it\/radiotouring104\/#organization"},"image":{"@id":"https:\/\/progettotouring.it\/radiotouring104\/2024\/06\/14\/bankitalia-economia-calabria-in-frenata-06-piu-occupati\/#primaryimage"},"thumbnailUrl":"https:\/\/progettotouring.it\/radiotouring104\/wp-content\/uploads\/sites\/6\/2022\/11\/Bankitalia-Calabria.jpg","keywords":["Bankitalia","catanzaro","economia Calabria in frenata","Marcello Malamisura","rapporto annuale della filiale regionale di Bankitalia"],"articleSection":["Calabria","Home","News"],"inLanguage":"it-IT"},{"@type":"WebPage","@id":"https:\/\/progettotouring.it\/radiotouring104\/2024\/06\/14\/bankitalia-economia-calabria-in-frenata-06-piu-occupati\/","url":"https:\/\/progettotouring.it\/radiotouring104\/2024\/06\/14\/bankitalia-economia-calabria-in-frenata-06-piu-occupati\/","name":"Calabria: frena l'Economia, +0,6%, ma pi\u00f9 occupati","isPartOf":{"@id":"https:\/\/progettotouring.it\/radiotouring104\/#website"},"primaryImageOfPage":{"@id":"https:\/\/progettotouring.it\/radiotouring104\/2024\/06\/14\/bankitalia-economia-calabria-in-frenata-06-piu-occupati\/#primaryimage"},"image":{"@id":"https:\/\/progettotouring.it\/radiotouring104\/2024\/06\/14\/bankitalia-economia-calabria-in-frenata-06-piu-occupati\/#primaryimage"},"thumbnailUrl":"https:\/\/progettotouring.it\/radiotouring104\/wp-content\/uploads\/sites\/6\/2022\/11\/Bankitalia-Calabria.jpg","datePublished":"2024-06-14T09:31:02+00:00","dateModified":"2024-06-14T09:34:28+00:00","description":"Dati emersi dal rapporto annuale della filiale regionale di Bankitalia. Agricoltura penalizzata dal clima, spiragli da calo inflazione","breadcrumb":{"@id":"https:\/\/progettotouring.it\/radiotouring104\/2024\/06\/14\/bankitalia-economia-calabria-in-frenata-06-piu-occupati\/#breadcrumb"},"inLanguage":"it-IT","potentialAction":[{"@type":"ReadAction","target":["https:\/\/progettotouring.it\/radiotouring104\/2024\/06\/14\/bankitalia-economia-calabria-in-frenata-06-piu-occupati\/"]}]},{"@type":"ImageObject","inLanguage":"it-IT","@id":"https:\/\/progettotouring.it\/radiotouring104\/2024\/06\/14\/bankitalia-economia-calabria-in-frenata-06-piu-occupati\/#primaryimage","url":"https:\/\/progettotouring.it\/radiotouring104\/wp-content\/uploads\/sites\/6\/2022\/11\/Bankitalia-Calabria.jpg","contentUrl":"https:\/\/progettotouring.it\/radiotouring104\/wp-content\/uploads\/sites\/6\/2022\/11\/Bankitalia-Calabria.jpg","width":1285,"height":497},{"@type":"BreadcrumbList","@id":"https:\/\/progettotouring.it\/radiotouring104\/2024\/06\/14\/bankitalia-economia-calabria-in-frenata-06-piu-occupati\/#breadcrumb","itemListElement":[{"@type":"ListItem","position":1,"name":"Home","item":"https:\/\/progettotouring.it\/radiotouring104\/"},{"@type":"ListItem","position":2,"name":"Calabria: frena l&#8217;Economia, +0,6%, ma pi\u00f9 occupati"}]},{"@type":"WebSite","@id":"https:\/\/progettotouring.it\/radiotouring104\/#website","url":"https:\/\/progettotouring.it\/radiotouring104\/","name":"Radio Touring 104","description":"La prima radio Reggina","publisher":{"@id":"https:\/\/progettotouring.it\/radiotouring104\/#organization"},"potentialAction":[{"@type":"SearchAction","target":{"@type":"EntryPoint","urlTemplate":"https:\/\/progettotouring.it\/radiotouring104\/?s={search_term_string}"},"query-input":{"@type":"PropertyValueSpecification","valueRequired":true,"valueName":"search_term_string"}}],"inLanguage":"it-IT"},{"@type":"Organization","@id":"https:\/\/progettotouring.it\/radiotouring104\/#organization","name":"Radio Touring 104","url":"https:\/\/progettotouring.it\/radiotouring104\/","logo":{"@type":"ImageObject","inLanguage":"it-IT","@id":"https:\/\/progettotouring.it\/radiotouring104\/#\/schema\/logo\/image\/","url":"https:\/\/progettotouring.it\/radiotouring104\/wp-content\/uploads\/sites\/6\/2022\/02\/cropped-logo-radio-touring-104.png","contentUrl":"https:\/\/progettotouring.it\/radiotouring104\/wp-content\/uploads\/sites\/6\/2022\/02\/cropped-logo-radio-touring-104.png","width":377,"height":182,"caption":"Radio Touring 104"},"image":{"@id":"https:\/\/progettotouring.it\/radiotouring104\/#\/schema\/logo\/image\/"}},{"@type":"Person","@id":"https:\/\/progettotouring.it\/radiotouring104\/#\/schema\/person\/78613917f1851f041f7483f5af1d422e","name":"Sebastiano Plutino","image":{"@type":"ImageObject","inLanguage":"it-IT","@id":"https:\/\/secure.gravatar.com\/avatar\/0546ffaa9b79224faf9f2a156b67a529ae861d3287c66c1d8ccfdf909bcba78d?s=96&d=mm&r=g","url":"https:\/\/secure.gravatar.com\/avatar\/0546ffaa9b79224faf9f2a156b67a529ae861d3287c66c1d8ccfdf909bcba78d?s=96&d=mm&r=g","contentUrl":"https:\/\/secure.gravatar.com\/avatar\/0546ffaa9b79224faf9f2a156b67a529ae861d3287c66c1d8ccfdf909bcba78d?s=96&d=mm&r=g","caption":"Sebastiano Plutino"},"url":"https:\/\/progettotouring.it\/radiotouring104\/author\/sebastiano\/"}]}},"jetpack_publicize_connections":[],"jetpack_featured_media_url":"https:\/\/progettotouring.it\/radiotouring104\/wp-content\/uploads\/sites\/6\/2022\/11\/Bankitalia-Calabria.jpg","jetpack_sharing_enabled":true,"_links":{"self":[{"href":"https:\/\/progettotouring.it\/radiotouring104\/wp-json\/wp\/v2\/posts\/53290","targetHints":{"allow":["GET"]}}],"collection":[{"href":"https:\/\/progettotouring.it\/radiotouring104\/wp-json\/wp\/v2\/posts"}],"about":[{"href":"https:\/\/progettotouring.it\/radiotouring104\/wp-json\/wp\/v2\/types\/post"}],"author":[{"embeddable":true,"href":"https:\/\/progettotouring.it\/radiotouring104\/wp-json\/wp\/v2\/users\/12"}],"replies":[{"embeddable":true,"href":"https:\/\/progettotouring.it\/radiotouring104\/wp-json\/wp\/v2\/comments?post=53290"}],"version-history":[{"count":3,"href":"https:\/\/progettotouring.it\/radiotouring104\/wp-json\/wp\/v2\/posts\/53290\/revisions"}],"predecessor-version":[{"id":53293,"href":"https:\/\/progettotouring.it\/radiotouring104\/wp-json\/wp\/v2\/posts\/53290\/revisions\/53293"}],"wp:featuredmedia":[{"embeddable":true,"href":"https:\/\/progettotouring.it\/radiotouring104\/wp-json\/wp\/v2\/media\/12265"}],"wp:attachment":[{"href":"https:\/\/progettotouring.it\/radiotouring104\/wp-json\/wp\/v2\/media?parent=53290"}],"wp:term":[{"taxonomy":"category","embeddable":true,"href":"https:\/\/progettotouring.it\/radiotouring104\/wp-json\/wp\/v2\/categories?post=53290"},{"taxonomy":"post_tag","embeddable":true,"href":"https:\/\/progettotouring.it\/radiotouring104\/wp-json\/wp\/v2\/tags?post=53290"}],"curies":[{"name":"wp","href":"https:\/\/api.w.org\/{rel}","templated":true}]}}