{"id":53995,"date":"2024-06-25T11:55:13","date_gmt":"2024-06-25T09:55:13","guid":{"rendered":"https:\/\/progettotouring.it\/radiotouring104\/?p=53995"},"modified":"2024-06-25T11:55:13","modified_gmt":"2024-06-25T09:55:13","slug":"mosorrofa-il-comitato-di-quartiere-chiede-prevenzione-sugli-incendi","status":"publish","type":"post","link":"https:\/\/progettotouring.it\/radiotouring104\/2024\/06\/25\/mosorrofa-il-comitato-di-quartiere-chiede-prevenzione-sugli-incendi\/","title":{"rendered":"Mosorrofa: il Comitato di Quartiere chiede prevenzione sugli incendi"},"content":{"rendered":"<p style=\"text-align: justify\">Riceviamo e pubblichiamo il comunicato dei residenti del quartiere di Mosorrofa che inoltrano alle Autorit\u00e0 una lettera chiedendo prevenzione su incendi con inizio stagione estiva.<\/p>\n<p style=\"text-align: justify\"><em><strong>&#8220;Domenica si \u00e8 verificato a Mosorrofa<\/strong> in un costone collinare che si trova tra le localit\u00e0 Casciaro e Tracale, al di sopra del torrente Medha,<strong> un vasto incendio che ha richiesto l\u2019intervento dei Canadair.<\/strong> La popolazione si \u00e8 messa subito all\u2019erta, scottata com\u2019\u00e8 dal rogo del 23 luglio dello scorso anno quando ad essere interessato \u00e8 stato tutto l\u2019abitato di Mosorrofa e Sala di Mosorrofa. <\/em><\/p>\n<p style=\"text-align: justify\"><em><strong>Il comitato di Quartiere Mosorrofa giusto due giorni prima ha scritto alle autorit\u00e0 competenti una lettera<\/strong> (che <strong>alleghiamo) con la richiesta urgente di interventi per poter prevenire eventuali futuri roghi.<\/strong><\/em><\/p>\n<p style=\"text-align: justify\"><em>Di seguito la lettera inviata a Vigili del Fuoco Reggio Calabria, Protezione Civile Regione Calabria, Sindaco Comune Reggio Calabria e per conoscenza al Prefetto di Reggio Calabria e al Comando Carabinieri Cataforio (RC).<\/em><\/p>\n<p style=\"text-align: justify\"><em><strong>Richiesta interventi per verifica Idranti soprasuolo in localit\u00e0 Mosorrofa e pulizia dei detriti<\/strong> con sfalciamento dei bordi stradali, dell\u2019ex Campo sportivo e dell\u2019area di Bufano.<\/em><br \/>\n<em>\u201cIl 25 luglio 2023 \u00e8 una data che gli abitanti di Mosorrofa non dimenticheranno facilmente. Gi\u00e0 dalla mattinata, il fuoco aveva devastato Sala di Mosorrofa e zone limitrofe. Tirava un forte vento e le fiamme si sono propagate velocemente fino a raggiungere il centro abitato di Mosorrofa avvolgendolo in una morsa di fuoco. La pericolosit\u00e0 dell\u2019incendio, che ha messo a rischio tutta la popolazione ha avuto il suo apice verso le 14.00 quando hanno preso fuoco due palazzi in pieno centro. I cittadini di Mosorrofa si chiedono ancora come sia stato possibile. <\/em><br \/>\n<em>Le testimonianze raccolte, indicavano alcune mancanze ed inadempienze gravissime da parte degli amministratori a tutti i livelli. <\/em><br \/>\n<em>Gravissima si era rivelata, durante l\u2019incendio, la mancanza d\u2019acqua. Anche quest\u2019anno, da quasi un mese, Mosorrofa ha l\u2019acqua razionata, un paio d\u2019ore al giorno.<\/em><br \/>\n<em>Ricordiamo che durante quel pauroso incendio i pompieri hanno attaccato le pompe alle colonnine di emergenza non trovando acqua. Sono andati all\u2019acquedotto, sito a Sella San Giovanni, e non c\u2019era acqua! Questa incredibile situazione ha causato evidenti e pericolosi ritardi nell\u2019opera di spegnimento dei Vigili del Fuoco, costretti a fare la spola da e verso la citt\u00e0 di Reggio Calabria per rifornirsi d\u2019acqua.\u201d<\/em><\/p>\n<p style=\"text-align: justify\"><em><strong>Siamo a fine giugno, si avvicina la stagione dei probabili incendi e non vogliamo trovarci nuovamente impreparati.<\/strong><\/em><br \/>\n<em><strong>Chiediamo quindi con urgenza:<\/strong><\/em><br \/>\n<em>\u2022 di verificare la reale funzionalit\u00e0 degli idranti e la costante presenza di acqua.<\/em><br \/>\n<em>\u2022 di assicurarsi che i serbatoi dell\u2019acquedotto non rimangano mai vuoti!<\/em><br \/>\n<em>\u2022 la pulizia e lo sfalciamento dei bordi stradali (della San Sperato- Mosorrofa, della Mosorrofa- San Salvatore e della Sala di Mosorrofa- Cannav\u00f2) che sono ormai dei veri cespuglieti;<\/em><br \/>\n<em>\u2022 di ripulire adeguatamente l\u2019ex campo sportivo e l\u2019area di Bufano.<\/em><br \/>\n<em>Mosorrofa (RC) 21 06 2024<\/em><br \/>\n<em>Il comitato di quartiere Mosorrofa<\/em><br \/>\n<em>Il presidente Pasquale Andidero<\/em><\/p>\n<p style=\"text-align: justify\"><em><strong>Crediamo che sia importante prevenire,<\/strong> alla luce di quanto gi\u00e0 successo. Andare a cercare i buoi dopo che sono scappati dalla stalla \u00e8 inutile e controproducente. Prevenire, non solo \u00e8 un obbligo per salvaguardare la salute dei cittadini, ma \u00e8 anche conveniente dal punto di vista economico. <\/em><\/p>\n<p style=\"text-align: justify\"><em>La stagione degli incendi purtroppo \u00e8 gi\u00e0 partita, <strong>chiediamo ancora una volta a chi di dovere di accelerare al massimo la cura degli spazi e degli strumenti di competenza.<\/strong> Chiediamo anche a tutta la cittadinanza di tenere puliti i propri ambienti, perch\u00e9 a volte \u00e8 inutile avere uno spazio pulitissimo se quello vicino e pieno di sterpaglie ed erbacce. <\/em><br \/>\n<em>In questa opera di bonifica e di prevenzione inseriamo ancora una volta le discariche presenti sul territorio, prodotte dall\u2019incivilt\u00e0 dei cittadini, ma se mai bonificate resteranno sempre una bomba ecologica con la quale purtroppo ormai da tempo Mosorrofa e Sala di Mosorrofa deve fare i conti.&#8221;<\/em><\/p>\n","protected":false},"excerpt":{"rendered":"<p>Riceviamo e pubblichiamo il comunicato dei residenti del quartiere di Mosorrofa che inoltrano alle Autorit\u00e0 una lettera chiedendo prevenzione su incendi con inizio stagione estiva. &#8220;Domenica si \u00e8 verificato a&hellip;<\/p>\n","protected":false},"author":12,"featured_media":31517,"comment_status":"closed","ping_status":"open","sticky":false,"template":"","format":"standard","meta":{"_jetpack_memberships_contains_paid_content":false,"footnotes":"","jetpack_publicize_message":"","jetpack_publicize_feature_enabled":true,"jetpack_social_post_already_shared":false,"jetpack_social_options":{"image_generator_settings":{"template":"highway","default_image_id":0,"font":"","enabled":false},"version":2}},"categories":[921,196,140],"tags":[2688,33138,3027,33137],"class_list":["post-53995","post","type-post","status-publish","format-standard","has-post-thumbnail","hentry","category-home","category-news","category-reggio-calabria","tag-comitato-di-quartiere-di-mossorrofa","tag-lettera-ad-autorita","tag-pasquale-andidero","tag-prevenzione-incendi"],"yoast_head":"<!-- This site is optimized with the Yoast SEO plugin v27.2 - https:\/\/yoast.com\/product\/yoast-seo-wordpress\/ -->\n<title>Mosorrofa: il Comitato di Quartiere chiede prevenzione sugli incendi - Radio Touring 104<\/title>\n<meta name=\"description\" content=\"Comunicato dei residenti del quartiere di Mosorrofa che scrivono alle Autorit\u00e0 chiedendo prevenzione su incendi con inizio stagione estiva\" \/>\n<meta name=\"robots\" content=\"index, follow, max-snippet:-1, max-image-preview:large, max-video-preview:-1\" \/>\n<link rel=\"canonical\" href=\"https:\/\/progettotouring.it\/radiotouring104\/2024\/06\/25\/mosorrofa-il-comitato-di-quartiere-chiede-prevenzione-sugli-incendi\/\" \/>\n<meta property=\"og:locale\" content=\"it_IT\" \/>\n<meta property=\"og:type\" content=\"article\" \/>\n<meta property=\"og:title\" content=\"Mosorrofa: il Comitato di Quartiere chiede prevenzione sugli incendi - Radio Touring 104\" \/>\n<meta property=\"og:description\" content=\"Comunicato dei residenti del quartiere di Mosorrofa che scrivono alle Autorit\u00e0 chiedendo prevenzione su incendi con inizio stagione estiva\" \/>\n<meta property=\"og:url\" content=\"https:\/\/progettotouring.it\/radiotouring104\/2024\/06\/25\/mosorrofa-il-comitato-di-quartiere-chiede-prevenzione-sugli-incendi\/\" \/>\n<meta property=\"og:site_name\" content=\"Radio Touring 104\" \/>\n<meta property=\"article:published_time\" content=\"2024-06-25T09:55:13+00:00\" \/>\n<meta property=\"og:image\" content=\"https:\/\/progettotouring.it\/radiotouring104\/wp-content\/uploads\/sites\/6\/2023\/07\/Comitato-mosorrofa-incendi-3.jpeg\" \/>\n\t<meta property=\"og:image:width\" content=\"1200\" \/>\n\t<meta property=\"og:image:height\" content=\"800\" \/>\n\t<meta property=\"og:image:type\" content=\"image\/jpeg\" \/>\n<meta name=\"author\" content=\"Sebastiano Plutino\" \/>\n<meta name=\"twitter:card\" content=\"summary_large_image\" \/>\n<meta name=\"twitter:label1\" content=\"Scritto da\" \/>\n\t<meta name=\"twitter:data1\" content=\"Sebastiano Plutino\" \/>\n\t<meta name=\"twitter:label2\" content=\"Tempo di lettura stimato\" \/>\n\t<meta name=\"twitter:data2\" content=\"3 minuti\" \/>\n<script type=\"application\/ld+json\" class=\"yoast-schema-graph\">{\"@context\":\"https:\/\/schema.org\",\"@graph\":[{\"@type\":\"Article\",\"@id\":\"https:\/\/progettotouring.it\/radiotouring104\/2024\/06\/25\/mosorrofa-il-comitato-di-quartiere-chiede-prevenzione-sugli-incendi\/#article\",\"isPartOf\":{\"@id\":\"https:\/\/progettotouring.it\/radiotouring104\/2024\/06\/25\/mosorrofa-il-comitato-di-quartiere-chiede-prevenzione-sugli-incendi\/\"},\"author\":{\"name\":\"Sebastiano Plutino\",\"@id\":\"https:\/\/progettotouring.it\/radiotouring104\/#\/schema\/person\/78613917f1851f041f7483f5af1d422e\"},\"headline\":\"Mosorrofa: il Comitato di Quartiere chiede prevenzione sugli incendi\",\"datePublished\":\"2024-06-25T09:55:13+00:00\",\"mainEntityOfPage\":{\"@id\":\"https:\/\/progettotouring.it\/radiotouring104\/2024\/06\/25\/mosorrofa-il-comitato-di-quartiere-chiede-prevenzione-sugli-incendi\/\"},\"wordCount\":634,\"publisher\":{\"@id\":\"https:\/\/progettotouring.it\/radiotouring104\/#organization\"},\"image\":{\"@id\":\"https:\/\/progettotouring.it\/radiotouring104\/2024\/06\/25\/mosorrofa-il-comitato-di-quartiere-chiede-prevenzione-sugli-incendi\/#primaryimage\"},\"thumbnailUrl\":\"https:\/\/progettotouring.it\/radiotouring104\/wp-content\/uploads\/sites\/6\/2023\/07\/Comitato-mosorrofa-incendi-3.jpeg\",\"keywords\":[\"comitato di quartiere di mossorrofa\",\"lettera ad autorit\u00e0\",\"pasquale andidero\",\"prevenzione incendi\"],\"articleSection\":[\"Home\",\"News\",\"Reggio Calabria\"],\"inLanguage\":\"it-IT\"},{\"@type\":\"WebPage\",\"@id\":\"https:\/\/progettotouring.it\/radiotouring104\/2024\/06\/25\/mosorrofa-il-comitato-di-quartiere-chiede-prevenzione-sugli-incendi\/\",\"url\":\"https:\/\/progettotouring.it\/radiotouring104\/2024\/06\/25\/mosorrofa-il-comitato-di-quartiere-chiede-prevenzione-sugli-incendi\/\",\"name\":\"Mosorrofa: il Comitato di Quartiere chiede prevenzione sugli incendi - Radio Touring 104\",\"isPartOf\":{\"@id\":\"https:\/\/progettotouring.it\/radiotouring104\/#website\"},\"primaryImageOfPage\":{\"@id\":\"https:\/\/progettotouring.it\/radiotouring104\/2024\/06\/25\/mosorrofa-il-comitato-di-quartiere-chiede-prevenzione-sugli-incendi\/#primaryimage\"},\"image\":{\"@id\":\"https:\/\/progettotouring.it\/radiotouring104\/2024\/06\/25\/mosorrofa-il-comitato-di-quartiere-chiede-prevenzione-sugli-incendi\/#primaryimage\"},\"thumbnailUrl\":\"https:\/\/progettotouring.it\/radiotouring104\/wp-content\/uploads\/sites\/6\/2023\/07\/Comitato-mosorrofa-incendi-3.jpeg\",\"datePublished\":\"2024-06-25T09:55:13+00:00\",\"description\":\"Comunicato dei residenti del quartiere di Mosorrofa che scrivono alle Autorit\u00e0 chiedendo prevenzione su incendi con inizio stagione estiva\",\"breadcrumb\":{\"@id\":\"https:\/\/progettotouring.it\/radiotouring104\/2024\/06\/25\/mosorrofa-il-comitato-di-quartiere-chiede-prevenzione-sugli-incendi\/#breadcrumb\"},\"inLanguage\":\"it-IT\",\"potentialAction\":[{\"@type\":\"ReadAction\",\"target\":[\"https:\/\/progettotouring.it\/radiotouring104\/2024\/06\/25\/mosorrofa-il-comitato-di-quartiere-chiede-prevenzione-sugli-incendi\/\"]}]},{\"@type\":\"ImageObject\",\"inLanguage\":\"it-IT\",\"@id\":\"https:\/\/progettotouring.it\/radiotouring104\/2024\/06\/25\/mosorrofa-il-comitato-di-quartiere-chiede-prevenzione-sugli-incendi\/#primaryimage\",\"url\":\"https:\/\/progettotouring.it\/radiotouring104\/wp-content\/uploads\/sites\/6\/2023\/07\/Comitato-mosorrofa-incendi-3.jpeg\",\"contentUrl\":\"https:\/\/progettotouring.it\/radiotouring104\/wp-content\/uploads\/sites\/6\/2023\/07\/Comitato-mosorrofa-incendi-3.jpeg\",\"width\":1200,\"height\":800},{\"@type\":\"BreadcrumbList\",\"@id\":\"https:\/\/progettotouring.it\/radiotouring104\/2024\/06\/25\/mosorrofa-il-comitato-di-quartiere-chiede-prevenzione-sugli-incendi\/#breadcrumb\",\"itemListElement\":[{\"@type\":\"ListItem\",\"position\":1,\"name\":\"Home\",\"item\":\"https:\/\/progettotouring.it\/radiotouring104\/\"},{\"@type\":\"ListItem\",\"position\":2,\"name\":\"Mosorrofa: il Comitato di Quartiere chiede prevenzione sugli incendi\"}]},{\"@type\":\"WebSite\",\"@id\":\"https:\/\/progettotouring.it\/radiotouring104\/#website\",\"url\":\"https:\/\/progettotouring.it\/radiotouring104\/\",\"name\":\"Radio Touring 104\",\"description\":\"La prima radio Reggina\",\"publisher\":{\"@id\":\"https:\/\/progettotouring.it\/radiotouring104\/#organization\"},\"potentialAction\":[{\"@type\":\"SearchAction\",\"target\":{\"@type\":\"EntryPoint\",\"urlTemplate\":\"https:\/\/progettotouring.it\/radiotouring104\/?s={search_term_string}\"},\"query-input\":{\"@type\":\"PropertyValueSpecification\",\"valueRequired\":true,\"valueName\":\"search_term_string\"}}],\"inLanguage\":\"it-IT\"},{\"@type\":\"Organization\",\"@id\":\"https:\/\/progettotouring.it\/radiotouring104\/#organization\",\"name\":\"Radio Touring 104\",\"url\":\"https:\/\/progettotouring.it\/radiotouring104\/\",\"logo\":{\"@type\":\"ImageObject\",\"inLanguage\":\"it-IT\",\"@id\":\"https:\/\/progettotouring.it\/radiotouring104\/#\/schema\/logo\/image\/\",\"url\":\"https:\/\/progettotouring.it\/radiotouring104\/wp-content\/uploads\/sites\/6\/2022\/02\/cropped-logo-radio-touring-104.png\",\"contentUrl\":\"https:\/\/progettotouring.it\/radiotouring104\/wp-content\/uploads\/sites\/6\/2022\/02\/cropped-logo-radio-touring-104.png\",\"width\":377,\"height\":182,\"caption\":\"Radio Touring 104\"},\"image\":{\"@id\":\"https:\/\/progettotouring.it\/radiotouring104\/#\/schema\/logo\/image\/\"}},{\"@type\":\"Person\",\"@id\":\"https:\/\/progettotouring.it\/radiotouring104\/#\/schema\/person\/78613917f1851f041f7483f5af1d422e\",\"name\":\"Sebastiano Plutino\",\"image\":{\"@type\":\"ImageObject\",\"inLanguage\":\"it-IT\",\"@id\":\"https:\/\/secure.gravatar.com\/avatar\/0546ffaa9b79224faf9f2a156b67a529ae861d3287c66c1d8ccfdf909bcba78d?s=96&d=mm&r=g\",\"url\":\"https:\/\/secure.gravatar.com\/avatar\/0546ffaa9b79224faf9f2a156b67a529ae861d3287c66c1d8ccfdf909bcba78d?s=96&d=mm&r=g\",\"contentUrl\":\"https:\/\/secure.gravatar.com\/avatar\/0546ffaa9b79224faf9f2a156b67a529ae861d3287c66c1d8ccfdf909bcba78d?s=96&d=mm&r=g\",\"caption\":\"Sebastiano Plutino\"},\"url\":\"https:\/\/progettotouring.it\/radiotouring104\/author\/sebastiano\/\"}]}<\/script>\n<!-- \/ Yoast SEO plugin. -->","yoast_head_json":{"title":"Mosorrofa: il Comitato di Quartiere chiede prevenzione sugli incendi - Radio Touring 104","description":"Comunicato dei residenti del quartiere di Mosorrofa che scrivono alle Autorit\u00e0 chiedendo prevenzione su incendi con inizio stagione estiva","robots":{"index":"index","follow":"follow","max-snippet":"max-snippet:-1","max-image-preview":"max-image-preview:large","max-video-preview":"max-video-preview:-1"},"canonical":"https:\/\/progettotouring.it\/radiotouring104\/2024\/06\/25\/mosorrofa-il-comitato-di-quartiere-chiede-prevenzione-sugli-incendi\/","og_locale":"it_IT","og_type":"article","og_title":"Mosorrofa: il Comitato di Quartiere chiede prevenzione sugli incendi - Radio Touring 104","og_description":"Comunicato dei residenti del quartiere di Mosorrofa che scrivono alle Autorit\u00e0 chiedendo prevenzione su incendi con inizio stagione estiva","og_url":"https:\/\/progettotouring.it\/radiotouring104\/2024\/06\/25\/mosorrofa-il-comitato-di-quartiere-chiede-prevenzione-sugli-incendi\/","og_site_name":"Radio Touring 104","article_published_time":"2024-06-25T09:55:13+00:00","og_image":[{"width":1200,"height":800,"url":"https:\/\/progettotouring.it\/radiotouring104\/wp-content\/uploads\/sites\/6\/2023\/07\/Comitato-mosorrofa-incendi-3.jpeg","type":"image\/jpeg"}],"author":"Sebastiano Plutino","twitter_card":"summary_large_image","twitter_misc":{"Scritto da":"Sebastiano Plutino","Tempo di lettura stimato":"3 minuti"},"schema":{"@context":"https:\/\/schema.org","@graph":[{"@type":"Article","@id":"https:\/\/progettotouring.it\/radiotouring104\/2024\/06\/25\/mosorrofa-il-comitato-di-quartiere-chiede-prevenzione-sugli-incendi\/#article","isPartOf":{"@id":"https:\/\/progettotouring.it\/radiotouring104\/2024\/06\/25\/mosorrofa-il-comitato-di-quartiere-chiede-prevenzione-sugli-incendi\/"},"author":{"name":"Sebastiano Plutino","@id":"https:\/\/progettotouring.it\/radiotouring104\/#\/schema\/person\/78613917f1851f041f7483f5af1d422e"},"headline":"Mosorrofa: il Comitato di Quartiere chiede prevenzione sugli incendi","datePublished":"2024-06-25T09:55:13+00:00","mainEntityOfPage":{"@id":"https:\/\/progettotouring.it\/radiotouring104\/2024\/06\/25\/mosorrofa-il-comitato-di-quartiere-chiede-prevenzione-sugli-incendi\/"},"wordCount":634,"publisher":{"@id":"https:\/\/progettotouring.it\/radiotouring104\/#organization"},"image":{"@id":"https:\/\/progettotouring.it\/radiotouring104\/2024\/06\/25\/mosorrofa-il-comitato-di-quartiere-chiede-prevenzione-sugli-incendi\/#primaryimage"},"thumbnailUrl":"https:\/\/progettotouring.it\/radiotouring104\/wp-content\/uploads\/sites\/6\/2023\/07\/Comitato-mosorrofa-incendi-3.jpeg","keywords":["comitato di quartiere di mossorrofa","lettera ad autorit\u00e0","pasquale andidero","prevenzione incendi"],"articleSection":["Home","News","Reggio Calabria"],"inLanguage":"it-IT"},{"@type":"WebPage","@id":"https:\/\/progettotouring.it\/radiotouring104\/2024\/06\/25\/mosorrofa-il-comitato-di-quartiere-chiede-prevenzione-sugli-incendi\/","url":"https:\/\/progettotouring.it\/radiotouring104\/2024\/06\/25\/mosorrofa-il-comitato-di-quartiere-chiede-prevenzione-sugli-incendi\/","name":"Mosorrofa: il Comitato di Quartiere chiede prevenzione sugli incendi - Radio Touring 104","isPartOf":{"@id":"https:\/\/progettotouring.it\/radiotouring104\/#website"},"primaryImageOfPage":{"@id":"https:\/\/progettotouring.it\/radiotouring104\/2024\/06\/25\/mosorrofa-il-comitato-di-quartiere-chiede-prevenzione-sugli-incendi\/#primaryimage"},"image":{"@id":"https:\/\/progettotouring.it\/radiotouring104\/2024\/06\/25\/mosorrofa-il-comitato-di-quartiere-chiede-prevenzione-sugli-incendi\/#primaryimage"},"thumbnailUrl":"https:\/\/progettotouring.it\/radiotouring104\/wp-content\/uploads\/sites\/6\/2023\/07\/Comitato-mosorrofa-incendi-3.jpeg","datePublished":"2024-06-25T09:55:13+00:00","description":"Comunicato dei residenti del quartiere di Mosorrofa che scrivono alle Autorit\u00e0 chiedendo prevenzione su incendi con inizio stagione estiva","breadcrumb":{"@id":"https:\/\/progettotouring.it\/radiotouring104\/2024\/06\/25\/mosorrofa-il-comitato-di-quartiere-chiede-prevenzione-sugli-incendi\/#breadcrumb"},"inLanguage":"it-IT","potentialAction":[{"@type":"ReadAction","target":["https:\/\/progettotouring.it\/radiotouring104\/2024\/06\/25\/mosorrofa-il-comitato-di-quartiere-chiede-prevenzione-sugli-incendi\/"]}]},{"@type":"ImageObject","inLanguage":"it-IT","@id":"https:\/\/progettotouring.it\/radiotouring104\/2024\/06\/25\/mosorrofa-il-comitato-di-quartiere-chiede-prevenzione-sugli-incendi\/#primaryimage","url":"https:\/\/progettotouring.it\/radiotouring104\/wp-content\/uploads\/sites\/6\/2023\/07\/Comitato-mosorrofa-incendi-3.jpeg","contentUrl":"https:\/\/progettotouring.it\/radiotouring104\/wp-content\/uploads\/sites\/6\/2023\/07\/Comitato-mosorrofa-incendi-3.jpeg","width":1200,"height":800},{"@type":"BreadcrumbList","@id":"https:\/\/progettotouring.it\/radiotouring104\/2024\/06\/25\/mosorrofa-il-comitato-di-quartiere-chiede-prevenzione-sugli-incendi\/#breadcrumb","itemListElement":[{"@type":"ListItem","position":1,"name":"Home","item":"https:\/\/progettotouring.it\/radiotouring104\/"},{"@type":"ListItem","position":2,"name":"Mosorrofa: il Comitato di Quartiere chiede prevenzione sugli incendi"}]},{"@type":"WebSite","@id":"https:\/\/progettotouring.it\/radiotouring104\/#website","url":"https:\/\/progettotouring.it\/radiotouring104\/","name":"Radio Touring 104","description":"La prima radio Reggina","publisher":{"@id":"https:\/\/progettotouring.it\/radiotouring104\/#organization"},"potentialAction":[{"@type":"SearchAction","target":{"@type":"EntryPoint","urlTemplate":"https:\/\/progettotouring.it\/radiotouring104\/?s={search_term_string}"},"query-input":{"@type":"PropertyValueSpecification","valueRequired":true,"valueName":"search_term_string"}}],"inLanguage":"it-IT"},{"@type":"Organization","@id":"https:\/\/progettotouring.it\/radiotouring104\/#organization","name":"Radio Touring 104","url":"https:\/\/progettotouring.it\/radiotouring104\/","logo":{"@type":"ImageObject","inLanguage":"it-IT","@id":"https:\/\/progettotouring.it\/radiotouring104\/#\/schema\/logo\/image\/","url":"https:\/\/progettotouring.it\/radiotouring104\/wp-content\/uploads\/sites\/6\/2022\/02\/cropped-logo-radio-touring-104.png","contentUrl":"https:\/\/progettotouring.it\/radiotouring104\/wp-content\/uploads\/sites\/6\/2022\/02\/cropped-logo-radio-touring-104.png","width":377,"height":182,"caption":"Radio Touring 104"},"image":{"@id":"https:\/\/progettotouring.it\/radiotouring104\/#\/schema\/logo\/image\/"}},{"@type":"Person","@id":"https:\/\/progettotouring.it\/radiotouring104\/#\/schema\/person\/78613917f1851f041f7483f5af1d422e","name":"Sebastiano Plutino","image":{"@type":"ImageObject","inLanguage":"it-IT","@id":"https:\/\/secure.gravatar.com\/avatar\/0546ffaa9b79224faf9f2a156b67a529ae861d3287c66c1d8ccfdf909bcba78d?s=96&d=mm&r=g","url":"https:\/\/secure.gravatar.com\/avatar\/0546ffaa9b79224faf9f2a156b67a529ae861d3287c66c1d8ccfdf909bcba78d?s=96&d=mm&r=g","contentUrl":"https:\/\/secure.gravatar.com\/avatar\/0546ffaa9b79224faf9f2a156b67a529ae861d3287c66c1d8ccfdf909bcba78d?s=96&d=mm&r=g","caption":"Sebastiano Plutino"},"url":"https:\/\/progettotouring.it\/radiotouring104\/author\/sebastiano\/"}]}},"jetpack_publicize_connections":[],"jetpack_featured_media_url":"https:\/\/progettotouring.it\/radiotouring104\/wp-content\/uploads\/sites\/6\/2023\/07\/Comitato-mosorrofa-incendi-3.jpeg","jetpack_sharing_enabled":true,"_links":{"self":[{"href":"https:\/\/progettotouring.it\/radiotouring104\/wp-json\/wp\/v2\/posts\/53995","targetHints":{"allow":["GET"]}}],"collection":[{"href":"https:\/\/progettotouring.it\/radiotouring104\/wp-json\/wp\/v2\/posts"}],"about":[{"href":"https:\/\/progettotouring.it\/radiotouring104\/wp-json\/wp\/v2\/types\/post"}],"author":[{"embeddable":true,"href":"https:\/\/progettotouring.it\/radiotouring104\/wp-json\/wp\/v2\/users\/12"}],"replies":[{"embeddable":true,"href":"https:\/\/progettotouring.it\/radiotouring104\/wp-json\/wp\/v2\/comments?post=53995"}],"version-history":[{"count":1,"href":"https:\/\/progettotouring.it\/radiotouring104\/wp-json\/wp\/v2\/posts\/53995\/revisions"}],"predecessor-version":[{"id":53996,"href":"https:\/\/progettotouring.it\/radiotouring104\/wp-json\/wp\/v2\/posts\/53995\/revisions\/53996"}],"wp:featuredmedia":[{"embeddable":true,"href":"https:\/\/progettotouring.it\/radiotouring104\/wp-json\/wp\/v2\/media\/31517"}],"wp:attachment":[{"href":"https:\/\/progettotouring.it\/radiotouring104\/wp-json\/wp\/v2\/media?parent=53995"}],"wp:term":[{"taxonomy":"category","embeddable":true,"href":"https:\/\/progettotouring.it\/radiotouring104\/wp-json\/wp\/v2\/categories?post=53995"},{"taxonomy":"post_tag","embeddable":true,"href":"https:\/\/progettotouring.it\/radiotouring104\/wp-json\/wp\/v2\/tags?post=53995"}],"curies":[{"name":"wp","href":"https:\/\/api.w.org\/{rel}","templated":true}]}}