{"id":54008,"date":"2024-06-25T12:41:07","date_gmt":"2024-06-25T10:41:07","guid":{"rendered":"https:\/\/progettotouring.it\/radiotouring104\/?p=54008"},"modified":"2024-06-25T12:41:43","modified_gmt":"2024-06-25T10:41:43","slug":"si-puo-fare-la-summer-school-di-belvedere-marittimo-sara-presentata-al-senato","status":"publish","type":"post","link":"https:\/\/progettotouring.it\/radiotouring104\/2024\/06\/25\/si-puo-fare-la-summer-school-di-belvedere-marittimo-sara-presentata-al-senato\/","title":{"rendered":"&#8220;Si pu\u00f2 fare&#8221;: la Summer School di Belvedere Marittimo sar\u00e0 presentata al Senato"},"content":{"rendered":"<p style=\"text-align: justify\"><strong>Il 26 giugno alle 17.30,<\/strong> a Roma<strong>, presso la sala del Senato<\/strong> \u201cSanta Maria in Aquiro\u201d in Piazza Capranica 72, <strong>verr\u00e0 presentata<\/strong> \u201cSi pu\u00f2 gi\u00e0 fare\u201d, <strong>la\u00a0summer school che nasce con l\u2019obiettivo di favorire lo sviluppo dell\u2019imprenditoria giovanile in Calabria.<\/strong><\/p>\n<p style=\"text-align: justify\"><strong>All\u2019evento di presentazione parteciperanno<\/strong> il presidente della Regione Calabria <strong>Roberto Occhiuto<\/strong>, il presidente di Unindustria Calabria<strong> Aldo Ferrara,<\/strong> dirigenti dell\u2019Universit\u00e0 della Calabria, il sindaco di Belvedere Marittimo <strong>Vincenzo Cascini<\/strong> e il presidente dell\u2019associazione \u201cL\u2019orodicalabria\u201d<strong> Ernesto Magorno.<\/strong><\/p>\n<p style=\"text-align: justify\"><em>\u201cSi pu\u00f2 gi\u00e0 fare\u201d<\/em><strong> sar\u00e0 una tre giorni di studio e dibattiti organizzati a Belvedere Marittimo,<\/strong> in provincia di Cosenza, dal 29 al 31 agosto. L\u2019evento sar\u00e0 diviso in due sezioni. La sessione mattutina verr\u00e0 dedicata agli studenti universitari che parteciperanno a lezioni sulla cultura d\u2019impresa nei vari settori: industria, turismo, artigianato, agricoltura. L\u2019obiettivo sar\u00e0 quello di fornire gli strumenti necessari per avviare progetti imprenditoriali utilizzando le nuove tecnologie, compresi i moderni sistemi di comunicazione e di commercializzazione. Il corso sar\u00e0 curato dall\u2019Universit\u00e0 della Calabria di Cosenza, con l\u2019intervento di relatori scelti tra docenti dell\u2019Unical, manager, esperti di settore. La sessione serale sar\u00e0 aperta anche al pubblico e vedr\u00e0 la presenza di rappresentanti delle istituzioni, del mondo scientifico, di quello finanziario e di quello imprenditoriale.<\/p>\n<p style=\"text-align: justify\"><em>\u201cSi pu\u00f2 gi\u00e0 fare\u201d<\/em><strong> \u00e8 un avvenimento ideato e organizzato dall\u2019associazione <\/strong><em>\u201cL\u2019orodicalabria\u201d,<\/em> in collaborazione con le istituzioni regionali, l\u2019Universit\u00e0 della Calabria, le associazioni di impresa e del credito. \u201cL\u2019orodicalabria\u201d \u00e8 costituita da esponenti della cultura e delle professioni che intendono contribuire alla crescita della regione con una serie di iniziative sul territorio. L\u2019obiettivo \u00e8 stimolare le nuove generazioni calabresi a utilizzare le loro potenzialit\u00e0, superando le difficolt\u00e0 geografiche, burocratiche e infrastrutturali. E accantonando vecchi tab\u00f9 e luoghi comuni. \u201cL\u2019orodicalabria\u201d si propone di fare rete e di collaborare con altre reti dedite allo stesso progetto.<\/p>\n","protected":false},"excerpt":{"rendered":"<p>Il 26 giugno alle 17.30, a Roma, presso la sala del Senato \u201cSanta Maria in Aquiro\u201d in Piazza Capranica 72, verr\u00e0 presentata \u201cSi pu\u00f2 gi\u00e0 fare\u201d, la\u00a0summer school che nasce&hellip;<\/p>\n","protected":false},"author":12,"featured_media":51383,"comment_status":"closed","ping_status":"open","sticky":false,"template":"","format":"standard","meta":{"_jetpack_memberships_contains_paid_content":false,"footnotes":"","jetpack_publicize_message":"","jetpack_publicize_feature_enabled":true,"jetpack_social_post_already_shared":false,"jetpack_social_options":{"image_generator_settings":{"template":"highway","default_image_id":0,"font":"","enabled":false},"version":2}},"categories":[142,921,196],"tags":[33144,10202,18340,4529,31084,33145],"class_list":["post-54008","post","type-post","status-publish","format-standard","has-post-thumbnail","hentry","category-calabria","category-home","category-news","tag-associazione-lorodicalabria","tag-ernesto-magorno","tag-occhiuto-roberto","tag-senato-della-repubblica","tag-si-puo-fare","tag-summer-school-di-belvedere-marittimo"],"yoast_head":"<!-- This site is optimized with the Yoast SEO plugin v27.2 - https:\/\/yoast.com\/product\/yoast-seo-wordpress\/ -->\n<title>Summer School di Belvedere Marittimo sar\u00e0 presentata al Senato<\/title>\n<meta name=\"description\" content=\"La presentazione della Summer School si terr\u00e0 il 26 giugno, alle 17:30, presso la sala &quot;Santa Maria in Aquino&quot;\" \/>\n<meta name=\"robots\" content=\"index, follow, max-snippet:-1, max-image-preview:large, max-video-preview:-1\" \/>\n<link rel=\"canonical\" href=\"https:\/\/progettotouring.it\/radiotouring104\/2024\/06\/25\/si-puo-fare-la-summer-school-di-belvedere-marittimo-sara-presentata-al-senato\/\" \/>\n<meta property=\"og:locale\" content=\"it_IT\" \/>\n<meta property=\"og:type\" content=\"article\" \/>\n<meta property=\"og:title\" content=\"Summer School di Belvedere Marittimo sar\u00e0 presentata al Senato\" \/>\n<meta property=\"og:description\" content=\"La presentazione della Summer School si terr\u00e0 il 26 giugno, alle 17:30, presso la sala &quot;Santa Maria in Aquino&quot;\" \/>\n<meta property=\"og:url\" content=\"https:\/\/progettotouring.it\/radiotouring104\/2024\/06\/25\/si-puo-fare-la-summer-school-di-belvedere-marittimo-sara-presentata-al-senato\/\" \/>\n<meta property=\"og:site_name\" content=\"Radio Touring 104\" \/>\n<meta property=\"article:published_time\" content=\"2024-06-25T10:41:07+00:00\" \/>\n<meta property=\"article:modified_time\" content=\"2024-06-25T10:41:43+00:00\" \/>\n<meta property=\"og:image\" content=\"https:\/\/progettotouring.it\/radiotouring104\/wp-content\/uploads\/sites\/6\/2024\/05\/Palazzo_Madama_Roma.jpg\" \/>\n\t<meta property=\"og:image:width\" content=\"1024\" \/>\n\t<meta property=\"og:image:height\" content=\"673\" \/>\n\t<meta property=\"og:image:type\" content=\"image\/jpeg\" \/>\n<meta name=\"author\" content=\"Sebastiano Plutino\" \/>\n<meta name=\"twitter:card\" content=\"summary_large_image\" \/>\n<meta name=\"twitter:label1\" content=\"Scritto da\" \/>\n\t<meta name=\"twitter:data1\" content=\"Sebastiano Plutino\" \/>\n\t<meta name=\"twitter:label2\" content=\"Tempo di lettura stimato\" \/>\n\t<meta name=\"twitter:data2\" content=\"2 minuti\" \/>\n<script type=\"application\/ld+json\" class=\"yoast-schema-graph\">{\"@context\":\"https:\/\/schema.org\",\"@graph\":[{\"@type\":\"Article\",\"@id\":\"https:\/\/progettotouring.it\/radiotouring104\/2024\/06\/25\/si-puo-fare-la-summer-school-di-belvedere-marittimo-sara-presentata-al-senato\/#article\",\"isPartOf\":{\"@id\":\"https:\/\/progettotouring.it\/radiotouring104\/2024\/06\/25\/si-puo-fare-la-summer-school-di-belvedere-marittimo-sara-presentata-al-senato\/\"},\"author\":{\"name\":\"Sebastiano Plutino\",\"@id\":\"https:\/\/progettotouring.it\/radiotouring104\/#\/schema\/person\/78613917f1851f041f7483f5af1d422e\"},\"headline\":\"&#8220;Si pu\u00f2 fare&#8221;: la Summer School di Belvedere Marittimo sar\u00e0 presentata al Senato\",\"datePublished\":\"2024-06-25T10:41:07+00:00\",\"dateModified\":\"2024-06-25T10:41:43+00:00\",\"mainEntityOfPage\":{\"@id\":\"https:\/\/progettotouring.it\/radiotouring104\/2024\/06\/25\/si-puo-fare-la-summer-school-di-belvedere-marittimo-sara-presentata-al-senato\/\"},\"wordCount\":319,\"publisher\":{\"@id\":\"https:\/\/progettotouring.it\/radiotouring104\/#organization\"},\"image\":{\"@id\":\"https:\/\/progettotouring.it\/radiotouring104\/2024\/06\/25\/si-puo-fare-la-summer-school-di-belvedere-marittimo-sara-presentata-al-senato\/#primaryimage\"},\"thumbnailUrl\":\"https:\/\/progettotouring.it\/radiotouring104\/wp-content\/uploads\/sites\/6\/2024\/05\/Palazzo_Madama_Roma.jpg\",\"keywords\":[\"\u2019associazione \u201cL\u2019orodicalabria\",\"Ernesto Magorno\",\"Occhiuto Roberto\",\"Senato della Repubblica\",\"Si pu\u00f2 fare\",\"summer school di Belvedere Marittimo\"],\"articleSection\":[\"Calabria\",\"Home\",\"News\"],\"inLanguage\":\"it-IT\"},{\"@type\":\"WebPage\",\"@id\":\"https:\/\/progettotouring.it\/radiotouring104\/2024\/06\/25\/si-puo-fare-la-summer-school-di-belvedere-marittimo-sara-presentata-al-senato\/\",\"url\":\"https:\/\/progettotouring.it\/radiotouring104\/2024\/06\/25\/si-puo-fare-la-summer-school-di-belvedere-marittimo-sara-presentata-al-senato\/\",\"name\":\"Summer School di Belvedere Marittimo sar\u00e0 presentata al Senato\",\"isPartOf\":{\"@id\":\"https:\/\/progettotouring.it\/radiotouring104\/#website\"},\"primaryImageOfPage\":{\"@id\":\"https:\/\/progettotouring.it\/radiotouring104\/2024\/06\/25\/si-puo-fare-la-summer-school-di-belvedere-marittimo-sara-presentata-al-senato\/#primaryimage\"},\"image\":{\"@id\":\"https:\/\/progettotouring.it\/radiotouring104\/2024\/06\/25\/si-puo-fare-la-summer-school-di-belvedere-marittimo-sara-presentata-al-senato\/#primaryimage\"},\"thumbnailUrl\":\"https:\/\/progettotouring.it\/radiotouring104\/wp-content\/uploads\/sites\/6\/2024\/05\/Palazzo_Madama_Roma.jpg\",\"datePublished\":\"2024-06-25T10:41:07+00:00\",\"dateModified\":\"2024-06-25T10:41:43+00:00\",\"description\":\"La presentazione della Summer School si terr\u00e0 il 26 giugno, alle 17:30, presso la sala \\\"Santa Maria in Aquino\\\"\",\"breadcrumb\":{\"@id\":\"https:\/\/progettotouring.it\/radiotouring104\/2024\/06\/25\/si-puo-fare-la-summer-school-di-belvedere-marittimo-sara-presentata-al-senato\/#breadcrumb\"},\"inLanguage\":\"it-IT\",\"potentialAction\":[{\"@type\":\"ReadAction\",\"target\":[\"https:\/\/progettotouring.it\/radiotouring104\/2024\/06\/25\/si-puo-fare-la-summer-school-di-belvedere-marittimo-sara-presentata-al-senato\/\"]}]},{\"@type\":\"ImageObject\",\"inLanguage\":\"it-IT\",\"@id\":\"https:\/\/progettotouring.it\/radiotouring104\/2024\/06\/25\/si-puo-fare-la-summer-school-di-belvedere-marittimo-sara-presentata-al-senato\/#primaryimage\",\"url\":\"https:\/\/progettotouring.it\/radiotouring104\/wp-content\/uploads\/sites\/6\/2024\/05\/Palazzo_Madama_Roma.jpg\",\"contentUrl\":\"https:\/\/progettotouring.it\/radiotouring104\/wp-content\/uploads\/sites\/6\/2024\/05\/Palazzo_Madama_Roma.jpg\",\"width\":1024,\"height\":673},{\"@type\":\"BreadcrumbList\",\"@id\":\"https:\/\/progettotouring.it\/radiotouring104\/2024\/06\/25\/si-puo-fare-la-summer-school-di-belvedere-marittimo-sara-presentata-al-senato\/#breadcrumb\",\"itemListElement\":[{\"@type\":\"ListItem\",\"position\":1,\"name\":\"Home\",\"item\":\"https:\/\/progettotouring.it\/radiotouring104\/\"},{\"@type\":\"ListItem\",\"position\":2,\"name\":\"&#8220;Si pu\u00f2 fare&#8221;: la Summer School di Belvedere Marittimo sar\u00e0 presentata al Senato\"}]},{\"@type\":\"WebSite\",\"@id\":\"https:\/\/progettotouring.it\/radiotouring104\/#website\",\"url\":\"https:\/\/progettotouring.it\/radiotouring104\/\",\"name\":\"Radio Touring 104\",\"description\":\"La prima radio Reggina\",\"publisher\":{\"@id\":\"https:\/\/progettotouring.it\/radiotouring104\/#organization\"},\"potentialAction\":[{\"@type\":\"SearchAction\",\"target\":{\"@type\":\"EntryPoint\",\"urlTemplate\":\"https:\/\/progettotouring.it\/radiotouring104\/?s={search_term_string}\"},\"query-input\":{\"@type\":\"PropertyValueSpecification\",\"valueRequired\":true,\"valueName\":\"search_term_string\"}}],\"inLanguage\":\"it-IT\"},{\"@type\":\"Organization\",\"@id\":\"https:\/\/progettotouring.it\/radiotouring104\/#organization\",\"name\":\"Radio Touring 104\",\"url\":\"https:\/\/progettotouring.it\/radiotouring104\/\",\"logo\":{\"@type\":\"ImageObject\",\"inLanguage\":\"it-IT\",\"@id\":\"https:\/\/progettotouring.it\/radiotouring104\/#\/schema\/logo\/image\/\",\"url\":\"https:\/\/progettotouring.it\/radiotouring104\/wp-content\/uploads\/sites\/6\/2022\/02\/cropped-logo-radio-touring-104.png\",\"contentUrl\":\"https:\/\/progettotouring.it\/radiotouring104\/wp-content\/uploads\/sites\/6\/2022\/02\/cropped-logo-radio-touring-104.png\",\"width\":377,\"height\":182,\"caption\":\"Radio Touring 104\"},\"image\":{\"@id\":\"https:\/\/progettotouring.it\/radiotouring104\/#\/schema\/logo\/image\/\"}},{\"@type\":\"Person\",\"@id\":\"https:\/\/progettotouring.it\/radiotouring104\/#\/schema\/person\/78613917f1851f041f7483f5af1d422e\",\"name\":\"Sebastiano Plutino\",\"image\":{\"@type\":\"ImageObject\",\"inLanguage\":\"it-IT\",\"@id\":\"https:\/\/secure.gravatar.com\/avatar\/0546ffaa9b79224faf9f2a156b67a529ae861d3287c66c1d8ccfdf909bcba78d?s=96&d=mm&r=g\",\"url\":\"https:\/\/secure.gravatar.com\/avatar\/0546ffaa9b79224faf9f2a156b67a529ae861d3287c66c1d8ccfdf909bcba78d?s=96&d=mm&r=g\",\"contentUrl\":\"https:\/\/secure.gravatar.com\/avatar\/0546ffaa9b79224faf9f2a156b67a529ae861d3287c66c1d8ccfdf909bcba78d?s=96&d=mm&r=g\",\"caption\":\"Sebastiano Plutino\"},\"url\":\"https:\/\/progettotouring.it\/radiotouring104\/author\/sebastiano\/\"}]}<\/script>\n<!-- \/ Yoast SEO plugin. -->","yoast_head_json":{"title":"Summer School di Belvedere Marittimo sar\u00e0 presentata al Senato","description":"La presentazione della Summer School si terr\u00e0 il 26 giugno, alle 17:30, presso la sala \"Santa Maria in Aquino\"","robots":{"index":"index","follow":"follow","max-snippet":"max-snippet:-1","max-image-preview":"max-image-preview:large","max-video-preview":"max-video-preview:-1"},"canonical":"https:\/\/progettotouring.it\/radiotouring104\/2024\/06\/25\/si-puo-fare-la-summer-school-di-belvedere-marittimo-sara-presentata-al-senato\/","og_locale":"it_IT","og_type":"article","og_title":"Summer School di Belvedere Marittimo sar\u00e0 presentata al Senato","og_description":"La presentazione della Summer School si terr\u00e0 il 26 giugno, alle 17:30, presso la sala \"Santa Maria in Aquino\"","og_url":"https:\/\/progettotouring.it\/radiotouring104\/2024\/06\/25\/si-puo-fare-la-summer-school-di-belvedere-marittimo-sara-presentata-al-senato\/","og_site_name":"Radio Touring 104","article_published_time":"2024-06-25T10:41:07+00:00","article_modified_time":"2024-06-25T10:41:43+00:00","og_image":[{"width":1024,"height":673,"url":"https:\/\/progettotouring.it\/radiotouring104\/wp-content\/uploads\/sites\/6\/2024\/05\/Palazzo_Madama_Roma.jpg","type":"image\/jpeg"}],"author":"Sebastiano Plutino","twitter_card":"summary_large_image","twitter_misc":{"Scritto da":"Sebastiano Plutino","Tempo di lettura stimato":"2 minuti"},"schema":{"@context":"https:\/\/schema.org","@graph":[{"@type":"Article","@id":"https:\/\/progettotouring.it\/radiotouring104\/2024\/06\/25\/si-puo-fare-la-summer-school-di-belvedere-marittimo-sara-presentata-al-senato\/#article","isPartOf":{"@id":"https:\/\/progettotouring.it\/radiotouring104\/2024\/06\/25\/si-puo-fare-la-summer-school-di-belvedere-marittimo-sara-presentata-al-senato\/"},"author":{"name":"Sebastiano Plutino","@id":"https:\/\/progettotouring.it\/radiotouring104\/#\/schema\/person\/78613917f1851f041f7483f5af1d422e"},"headline":"&#8220;Si pu\u00f2 fare&#8221;: la Summer School di Belvedere Marittimo sar\u00e0 presentata al Senato","datePublished":"2024-06-25T10:41:07+00:00","dateModified":"2024-06-25T10:41:43+00:00","mainEntityOfPage":{"@id":"https:\/\/progettotouring.it\/radiotouring104\/2024\/06\/25\/si-puo-fare-la-summer-school-di-belvedere-marittimo-sara-presentata-al-senato\/"},"wordCount":319,"publisher":{"@id":"https:\/\/progettotouring.it\/radiotouring104\/#organization"},"image":{"@id":"https:\/\/progettotouring.it\/radiotouring104\/2024\/06\/25\/si-puo-fare-la-summer-school-di-belvedere-marittimo-sara-presentata-al-senato\/#primaryimage"},"thumbnailUrl":"https:\/\/progettotouring.it\/radiotouring104\/wp-content\/uploads\/sites\/6\/2024\/05\/Palazzo_Madama_Roma.jpg","keywords":["\u2019associazione \u201cL\u2019orodicalabria","Ernesto Magorno","Occhiuto Roberto","Senato della Repubblica","Si pu\u00f2 fare","summer school di Belvedere Marittimo"],"articleSection":["Calabria","Home","News"],"inLanguage":"it-IT"},{"@type":"WebPage","@id":"https:\/\/progettotouring.it\/radiotouring104\/2024\/06\/25\/si-puo-fare-la-summer-school-di-belvedere-marittimo-sara-presentata-al-senato\/","url":"https:\/\/progettotouring.it\/radiotouring104\/2024\/06\/25\/si-puo-fare-la-summer-school-di-belvedere-marittimo-sara-presentata-al-senato\/","name":"Summer School di Belvedere Marittimo sar\u00e0 presentata al Senato","isPartOf":{"@id":"https:\/\/progettotouring.it\/radiotouring104\/#website"},"primaryImageOfPage":{"@id":"https:\/\/progettotouring.it\/radiotouring104\/2024\/06\/25\/si-puo-fare-la-summer-school-di-belvedere-marittimo-sara-presentata-al-senato\/#primaryimage"},"image":{"@id":"https:\/\/progettotouring.it\/radiotouring104\/2024\/06\/25\/si-puo-fare-la-summer-school-di-belvedere-marittimo-sara-presentata-al-senato\/#primaryimage"},"thumbnailUrl":"https:\/\/progettotouring.it\/radiotouring104\/wp-content\/uploads\/sites\/6\/2024\/05\/Palazzo_Madama_Roma.jpg","datePublished":"2024-06-25T10:41:07+00:00","dateModified":"2024-06-25T10:41:43+00:00","description":"La presentazione della Summer School si terr\u00e0 il 26 giugno, alle 17:30, presso la sala \"Santa Maria in Aquino\"","breadcrumb":{"@id":"https:\/\/progettotouring.it\/radiotouring104\/2024\/06\/25\/si-puo-fare-la-summer-school-di-belvedere-marittimo-sara-presentata-al-senato\/#breadcrumb"},"inLanguage":"it-IT","potentialAction":[{"@type":"ReadAction","target":["https:\/\/progettotouring.it\/radiotouring104\/2024\/06\/25\/si-puo-fare-la-summer-school-di-belvedere-marittimo-sara-presentata-al-senato\/"]}]},{"@type":"ImageObject","inLanguage":"it-IT","@id":"https:\/\/progettotouring.it\/radiotouring104\/2024\/06\/25\/si-puo-fare-la-summer-school-di-belvedere-marittimo-sara-presentata-al-senato\/#primaryimage","url":"https:\/\/progettotouring.it\/radiotouring104\/wp-content\/uploads\/sites\/6\/2024\/05\/Palazzo_Madama_Roma.jpg","contentUrl":"https:\/\/progettotouring.it\/radiotouring104\/wp-content\/uploads\/sites\/6\/2024\/05\/Palazzo_Madama_Roma.jpg","width":1024,"height":673},{"@type":"BreadcrumbList","@id":"https:\/\/progettotouring.it\/radiotouring104\/2024\/06\/25\/si-puo-fare-la-summer-school-di-belvedere-marittimo-sara-presentata-al-senato\/#breadcrumb","itemListElement":[{"@type":"ListItem","position":1,"name":"Home","item":"https:\/\/progettotouring.it\/radiotouring104\/"},{"@type":"ListItem","position":2,"name":"&#8220;Si pu\u00f2 fare&#8221;: la Summer School di Belvedere Marittimo sar\u00e0 presentata al Senato"}]},{"@type":"WebSite","@id":"https:\/\/progettotouring.it\/radiotouring104\/#website","url":"https:\/\/progettotouring.it\/radiotouring104\/","name":"Radio Touring 104","description":"La prima radio Reggina","publisher":{"@id":"https:\/\/progettotouring.it\/radiotouring104\/#organization"},"potentialAction":[{"@type":"SearchAction","target":{"@type":"EntryPoint","urlTemplate":"https:\/\/progettotouring.it\/radiotouring104\/?s={search_term_string}"},"query-input":{"@type":"PropertyValueSpecification","valueRequired":true,"valueName":"search_term_string"}}],"inLanguage":"it-IT"},{"@type":"Organization","@id":"https:\/\/progettotouring.it\/radiotouring104\/#organization","name":"Radio Touring 104","url":"https:\/\/progettotouring.it\/radiotouring104\/","logo":{"@type":"ImageObject","inLanguage":"it-IT","@id":"https:\/\/progettotouring.it\/radiotouring104\/#\/schema\/logo\/image\/","url":"https:\/\/progettotouring.it\/radiotouring104\/wp-content\/uploads\/sites\/6\/2022\/02\/cropped-logo-radio-touring-104.png","contentUrl":"https:\/\/progettotouring.it\/radiotouring104\/wp-content\/uploads\/sites\/6\/2022\/02\/cropped-logo-radio-touring-104.png","width":377,"height":182,"caption":"Radio Touring 104"},"image":{"@id":"https:\/\/progettotouring.it\/radiotouring104\/#\/schema\/logo\/image\/"}},{"@type":"Person","@id":"https:\/\/progettotouring.it\/radiotouring104\/#\/schema\/person\/78613917f1851f041f7483f5af1d422e","name":"Sebastiano Plutino","image":{"@type":"ImageObject","inLanguage":"it-IT","@id":"https:\/\/secure.gravatar.com\/avatar\/0546ffaa9b79224faf9f2a156b67a529ae861d3287c66c1d8ccfdf909bcba78d?s=96&d=mm&r=g","url":"https:\/\/secure.gravatar.com\/avatar\/0546ffaa9b79224faf9f2a156b67a529ae861d3287c66c1d8ccfdf909bcba78d?s=96&d=mm&r=g","contentUrl":"https:\/\/secure.gravatar.com\/avatar\/0546ffaa9b79224faf9f2a156b67a529ae861d3287c66c1d8ccfdf909bcba78d?s=96&d=mm&r=g","caption":"Sebastiano Plutino"},"url":"https:\/\/progettotouring.it\/radiotouring104\/author\/sebastiano\/"}]}},"jetpack_publicize_connections":[],"jetpack_featured_media_url":"https:\/\/progettotouring.it\/radiotouring104\/wp-content\/uploads\/sites\/6\/2024\/05\/Palazzo_Madama_Roma.jpg","jetpack_sharing_enabled":true,"_links":{"self":[{"href":"https:\/\/progettotouring.it\/radiotouring104\/wp-json\/wp\/v2\/posts\/54008","targetHints":{"allow":["GET"]}}],"collection":[{"href":"https:\/\/progettotouring.it\/radiotouring104\/wp-json\/wp\/v2\/posts"}],"about":[{"href":"https:\/\/progettotouring.it\/radiotouring104\/wp-json\/wp\/v2\/types\/post"}],"author":[{"embeddable":true,"href":"https:\/\/progettotouring.it\/radiotouring104\/wp-json\/wp\/v2\/users\/12"}],"replies":[{"embeddable":true,"href":"https:\/\/progettotouring.it\/radiotouring104\/wp-json\/wp\/v2\/comments?post=54008"}],"version-history":[{"count":2,"href":"https:\/\/progettotouring.it\/radiotouring104\/wp-json\/wp\/v2\/posts\/54008\/revisions"}],"predecessor-version":[{"id":54010,"href":"https:\/\/progettotouring.it\/radiotouring104\/wp-json\/wp\/v2\/posts\/54008\/revisions\/54010"}],"wp:featuredmedia":[{"embeddable":true,"href":"https:\/\/progettotouring.it\/radiotouring104\/wp-json\/wp\/v2\/media\/51383"}],"wp:attachment":[{"href":"https:\/\/progettotouring.it\/radiotouring104\/wp-json\/wp\/v2\/media?parent=54008"}],"wp:term":[{"taxonomy":"category","embeddable":true,"href":"https:\/\/progettotouring.it\/radiotouring104\/wp-json\/wp\/v2\/categories?post=54008"},{"taxonomy":"post_tag","embeddable":true,"href":"https:\/\/progettotouring.it\/radiotouring104\/wp-json\/wp\/v2\/tags?post=54008"}],"curies":[{"name":"wp","href":"https:\/\/api.w.org\/{rel}","templated":true}]}}