{"id":54011,"date":"2024-06-25T12:51:29","date_gmt":"2024-06-25T10:51:29","guid":{"rendered":"https:\/\/progettotouring.it\/radiotouring104\/?p=54011"},"modified":"2024-06-25T12:53:10","modified_gmt":"2024-06-25T10:53:10","slug":"un-giovane-calabrese-scrive-a-giusi-princi","status":"publish","type":"post","link":"https:\/\/progettotouring.it\/radiotouring104\/2024\/06\/25\/un-giovane-calabrese-scrive-a-giusi-princi\/","title":{"rendered":"Un giovane calabrese scrive a Giusi Princi"},"content":{"rendered":"<p style=\"text-align: justify\">Riceviamo e<strong> pubblichiamo la lettera di Filippo Buonafede, <\/strong>giovane calabrese, <strong>alla Vicepresidente uscente, Giusy Princi,<\/strong> neo eletta europarlamentare a Bruxelles:<em> &#8220;Cari concittadini e cari giovani,<\/em><br \/>\n<em>quando ho deciso di scrivere una lettera a nome di tutti i giovani calabresi, ho subito capito che non sarebbe stata un\u2019impresa facile. Tuttavia, di fronte a sfide difficili, la cosa migliore \u00e8 chiedere aiuto a chi \u00e8 pi\u00f9 bravo. E chi meglio di un altro reggino? Mi riferisco al poeta Nicola Giunta, le cui parole, scritte pi\u00f9 di un secolo fa, riescono ancora oggi a dare voce ai sentimenti pi\u00f9 autentici di noi calabresi:<\/em><br \/>\n<em>\u201cArburi?&#8230; Si ccarcunu \u2018ndi sciurisci, \u2018nci minunu petrati non mmi crisci\u2026 Arburi, nenti!, comu all\u2019\u00e2tri baandi, ch\u2019unu s\u2019asciala chi mm\u00ec viri randi!&#8230; NANI SU IDDI E VONNU A TUTTI NANI!\u201d<\/em><br \/>\n<em>Noi giovani calabresi in 20 anni siamo diminuiti del 32,4% a causa dell\u2019emigrazione e dell\u2019invecchiamento. La Calabria ha perso 162mila giovani in due decenni, quasi un terzo dei 503mila residenti tra i 18 e i 34 anni nel 2002. Ora siamo poco pi\u00f9 di 340mila. La poesia di Giunta ci illumina sulle cause di questa emigrazione: sfiducia, invidia e un senso di immobilit\u00e0.<\/em><br \/>\n<em>Tuttavia, alla luce dei recenti risultati delle elezioni europee, voglio scardinare questo paradigma e parlare di speranza, ammirazione e di collaborazione. Credo fermamente che la candidatura di Giusi Princi dia speranza a tutti i giovani calabresi, che ultimamente sono sempre pi\u00f9 rassegnati. Sergio Marchionne, durante un suo discorso, ha detto che gli esseri umani possono vivere quaranta giorni senza cibo, quattro giorni senza acqua e quattro minuti senza aria. Ma nessuno di noi pu\u00f2 vivere neanche quattro secondi senza speranza. Oggi la speranza ha un volto, un sorriso, una voce.<\/em><br \/>\n<em>Per molti giovani, questa voce \u00e8 materna, quella di una Preside che si \u00e8 sempre presa cura di noi, che ci ha spronati e rimproverati, ma soprattutto ci ha voluto bene. Lei \u00e8 sempre riuscita a mettere d\u2019accordo tutti, anche quando sembrava impossibile: adolescenti, professori e genitori. La vittoria di Giusi Princi rappresenta la fiducia nella meritocrazia, perch\u00e9 il risultato in Calabria supera ogni logica di partito e premia la persona.<\/em><br \/>\n<em>Uno dei motori immobili che ha alimentato questo successo \u00e8 stata l\u2019ammirazione di tutti i giovani calabresi. Durante tutta la sua carriera, Giusi \u00e8 sempre riuscita a trasformare l\u2019invidia in ammirazione. L\u2019invidia \u00e8 un sentimento insidioso che spesso porta alla distruzione di s\u00e9 stessi, spingendo a danneggiare l\u2019altro a qualsiasi costo. Noi calabresi, nella nostra storia, purtroppo, ci siamo spesso fatti guidare dall\u2019invidia. Riflettendo sull\u2019etimologia di questo termine, ci rendiamo conto che chi prova invidia non vede qualcosa, in particolare non riesce a riconoscere il valore e gli sforzi altrui. Nel caso di Giusi, le sue capacit\u00e0, le sue competenze e il suo impegno sono riconosciuti e apprezzati da tutti. Ed \u00e8 proprio cos\u00ec che \u00e8 riuscita a guadagnarsi la nostra ammirazione.<\/em><br \/>\n<em>Questo ci deve servire da esempio. San Paolo, fondatore della Chiesa reggina e padre della fede dei Cristiani di Calabria, nella Lettera ai Romani scriveva: \u201cgareggiate nello stimarvi a vicenda\u201d. Il suo consiglio \u00e8 quanto mai attuale e prezioso per noi giovani calabresi. Dobbiamo dare sempre il massimo per dimostrare il nostro valore, in modo da spazzare via l\u2019invidia e i pre-concetti sui meridionali. Solo attraverso la stima reciproca possiamo iniziare un percorso virtuoso di collaborazione, che ci permetter\u00e0 di crescere e di costruire insieme un futuro migliore per la nostra terra. Il recente risultato elettorale dimostra, infatti, che la collaborazione \u00e8 la chiave per fare bene. Dobbiamo continuare su questa strada e iniziare a cooperare concretamente anche attraverso i consorzi, i distretti industriali e l\u2019associazionismo come esempi concreti di collaborazione positiva che possono portare a risultati eccellenti.<\/em><br \/>\n<em>Adesso inizia il bello. Come nostra rappresentante in Europa, Giusi ha garantito che si impegner\u00e0 a dare nuovo lustro alla nostra regione, offrendo a tutti noi le opportunit\u00e0 che meritiamo. Ci dar\u00e0 la speranza di un futuro migliore, con l\u2019obiettivo di invertire il flusso migratorio in uscita e permetterci di tornare, cos\u00ec, nella nostra terra. Noi dovremo supportarla con ammirazione e impegno collaborativo, per costruire insieme un futuro prospero per la Calabria.&#8221;.<\/em><\/p>\n","protected":false},"excerpt":{"rendered":"<p>Riceviamo e pubblichiamo la lettera di Filippo Buonafede, giovane calabrese, alla Vicepresidente uscente, Giusy Princi, neo eletta europarlamentare a Bruxelles: &#8220;Cari concittadini e cari giovani, quando ho deciso di scrivere&hellip;<\/p>\n","protected":false},"author":12,"featured_media":54012,"comment_status":"closed","ping_status":"open","sticky":false,"template":"","format":"standard","meta":{"_jetpack_memberships_contains_paid_content":false,"footnotes":"","jetpack_publicize_message":"","jetpack_publicize_feature_enabled":true,"jetpack_social_post_already_shared":false,"jetpack_social_options":{"image_generator_settings":{"template":"highway","default_image_id":0,"font":"","enabled":false},"version":2}},"categories":[142,921,196],"tags":[33147,33146,587],"class_list":["post-54011","post","type-post","status-publish","format-standard","has-post-thumbnail","hentry","category-calabria","category-home","category-news","tag-calabria-ha-perso-162-mila-giovani-in-20-anni","tag-filippo-buonafede","tag-giusi-princi"],"yoast_head":"<!-- This site is optimized with the Yoast SEO plugin v27.2 - https:\/\/yoast.com\/product\/yoast-seo-wordpress\/ -->\n<title>Un giovane calabrese scrive a Giusi Princi - Radio Touring 104<\/title>\n<meta name=\"description\" content=\"La dura analisi di Filippo Buonafede alla Vicepresidente, neo eletta a Bruxelles, sulla Calabria che ha perso 162 mila giovani in 20 anni\" \/>\n<meta name=\"robots\" content=\"index, follow, max-snippet:-1, max-image-preview:large, max-video-preview:-1\" \/>\n<link rel=\"canonical\" href=\"https:\/\/progettotouring.it\/radiotouring104\/2024\/06\/25\/un-giovane-calabrese-scrive-a-giusi-princi\/\" \/>\n<meta property=\"og:locale\" content=\"it_IT\" \/>\n<meta property=\"og:type\" content=\"article\" \/>\n<meta property=\"og:title\" content=\"Un giovane calabrese scrive a Giusi Princi - Radio Touring 104\" \/>\n<meta property=\"og:description\" content=\"La dura analisi di Filippo Buonafede alla Vicepresidente, neo eletta a Bruxelles, sulla Calabria che ha perso 162 mila giovani in 20 anni\" \/>\n<meta property=\"og:url\" content=\"https:\/\/progettotouring.it\/radiotouring104\/2024\/06\/25\/un-giovane-calabrese-scrive-a-giusi-princi\/\" \/>\n<meta property=\"og:site_name\" content=\"Radio Touring 104\" \/>\n<meta property=\"article:published_time\" content=\"2024-06-25T10:51:29+00:00\" \/>\n<meta property=\"article:modified_time\" content=\"2024-06-25T10:53:10+00:00\" \/>\n<meta property=\"og:image\" content=\"https:\/\/progettotouring.it\/radiotouring104\/wp-content\/uploads\/sites\/6\/2024\/06\/Filippo-Buonafede-scrive-a-Princi.jpg\" \/>\n\t<meta property=\"og:image:width\" content=\"1200\" \/>\n\t<meta property=\"og:image:height\" content=\"700\" \/>\n\t<meta property=\"og:image:type\" content=\"image\/jpeg\" \/>\n<meta name=\"author\" content=\"Sebastiano Plutino\" \/>\n<meta name=\"twitter:card\" content=\"summary_large_image\" \/>\n<meta name=\"twitter:label1\" content=\"Scritto da\" \/>\n\t<meta name=\"twitter:data1\" content=\"Sebastiano Plutino\" \/>\n\t<meta name=\"twitter:label2\" content=\"Tempo di lettura stimato\" \/>\n\t<meta name=\"twitter:data2\" content=\"3 minuti\" \/>\n<script type=\"application\/ld+json\" class=\"yoast-schema-graph\">{\"@context\":\"https:\/\/schema.org\",\"@graph\":[{\"@type\":\"Article\",\"@id\":\"https:\/\/progettotouring.it\/radiotouring104\/2024\/06\/25\/un-giovane-calabrese-scrive-a-giusi-princi\/#article\",\"isPartOf\":{\"@id\":\"https:\/\/progettotouring.it\/radiotouring104\/2024\/06\/25\/un-giovane-calabrese-scrive-a-giusi-princi\/\"},\"author\":{\"name\":\"Sebastiano Plutino\",\"@id\":\"https:\/\/progettotouring.it\/radiotouring104\/#\/schema\/person\/78613917f1851f041f7483f5af1d422e\"},\"headline\":\"Un giovane calabrese scrive a Giusi Princi\",\"datePublished\":\"2024-06-25T10:51:29+00:00\",\"dateModified\":\"2024-06-25T10:53:10+00:00\",\"mainEntityOfPage\":{\"@id\":\"https:\/\/progettotouring.it\/radiotouring104\/2024\/06\/25\/un-giovane-calabrese-scrive-a-giusi-princi\/\"},\"wordCount\":692,\"publisher\":{\"@id\":\"https:\/\/progettotouring.it\/radiotouring104\/#organization\"},\"image\":{\"@id\":\"https:\/\/progettotouring.it\/radiotouring104\/2024\/06\/25\/un-giovane-calabrese-scrive-a-giusi-princi\/#primaryimage\"},\"thumbnailUrl\":\"https:\/\/progettotouring.it\/radiotouring104\/wp-content\/uploads\/sites\/6\/2024\/06\/Filippo-Buonafede-scrive-a-Princi.jpg\",\"keywords\":[\"Calabria ha perso 162 mila giovani in 20 anni\",\"Filippo Buonafede\",\"giusi princi\"],\"articleSection\":[\"Calabria\",\"Home\",\"News\"],\"inLanguage\":\"it-IT\"},{\"@type\":\"WebPage\",\"@id\":\"https:\/\/progettotouring.it\/radiotouring104\/2024\/06\/25\/un-giovane-calabrese-scrive-a-giusi-princi\/\",\"url\":\"https:\/\/progettotouring.it\/radiotouring104\/2024\/06\/25\/un-giovane-calabrese-scrive-a-giusi-princi\/\",\"name\":\"Un giovane calabrese scrive a Giusi Princi - Radio Touring 104\",\"isPartOf\":{\"@id\":\"https:\/\/progettotouring.it\/radiotouring104\/#website\"},\"primaryImageOfPage\":{\"@id\":\"https:\/\/progettotouring.it\/radiotouring104\/2024\/06\/25\/un-giovane-calabrese-scrive-a-giusi-princi\/#primaryimage\"},\"image\":{\"@id\":\"https:\/\/progettotouring.it\/radiotouring104\/2024\/06\/25\/un-giovane-calabrese-scrive-a-giusi-princi\/#primaryimage\"},\"thumbnailUrl\":\"https:\/\/progettotouring.it\/radiotouring104\/wp-content\/uploads\/sites\/6\/2024\/06\/Filippo-Buonafede-scrive-a-Princi.jpg\",\"datePublished\":\"2024-06-25T10:51:29+00:00\",\"dateModified\":\"2024-06-25T10:53:10+00:00\",\"description\":\"La dura analisi di Filippo Buonafede alla Vicepresidente, neo eletta a Bruxelles, sulla Calabria che ha perso 162 mila giovani in 20 anni\",\"breadcrumb\":{\"@id\":\"https:\/\/progettotouring.it\/radiotouring104\/2024\/06\/25\/un-giovane-calabrese-scrive-a-giusi-princi\/#breadcrumb\"},\"inLanguage\":\"it-IT\",\"potentialAction\":[{\"@type\":\"ReadAction\",\"target\":[\"https:\/\/progettotouring.it\/radiotouring104\/2024\/06\/25\/un-giovane-calabrese-scrive-a-giusi-princi\/\"]}]},{\"@type\":\"ImageObject\",\"inLanguage\":\"it-IT\",\"@id\":\"https:\/\/progettotouring.it\/radiotouring104\/2024\/06\/25\/un-giovane-calabrese-scrive-a-giusi-princi\/#primaryimage\",\"url\":\"https:\/\/progettotouring.it\/radiotouring104\/wp-content\/uploads\/sites\/6\/2024\/06\/Filippo-Buonafede-scrive-a-Princi.jpg\",\"contentUrl\":\"https:\/\/progettotouring.it\/radiotouring104\/wp-content\/uploads\/sites\/6\/2024\/06\/Filippo-Buonafede-scrive-a-Princi.jpg\",\"width\":1200,\"height\":700},{\"@type\":\"BreadcrumbList\",\"@id\":\"https:\/\/progettotouring.it\/radiotouring104\/2024\/06\/25\/un-giovane-calabrese-scrive-a-giusi-princi\/#breadcrumb\",\"itemListElement\":[{\"@type\":\"ListItem\",\"position\":1,\"name\":\"Home\",\"item\":\"https:\/\/progettotouring.it\/radiotouring104\/\"},{\"@type\":\"ListItem\",\"position\":2,\"name\":\"Un giovane calabrese scrive a Giusi Princi\"}]},{\"@type\":\"WebSite\",\"@id\":\"https:\/\/progettotouring.it\/radiotouring104\/#website\",\"url\":\"https:\/\/progettotouring.it\/radiotouring104\/\",\"name\":\"Radio Touring 104\",\"description\":\"La prima radio Reggina\",\"publisher\":{\"@id\":\"https:\/\/progettotouring.it\/radiotouring104\/#organization\"},\"potentialAction\":[{\"@type\":\"SearchAction\",\"target\":{\"@type\":\"EntryPoint\",\"urlTemplate\":\"https:\/\/progettotouring.it\/radiotouring104\/?s={search_term_string}\"},\"query-input\":{\"@type\":\"PropertyValueSpecification\",\"valueRequired\":true,\"valueName\":\"search_term_string\"}}],\"inLanguage\":\"it-IT\"},{\"@type\":\"Organization\",\"@id\":\"https:\/\/progettotouring.it\/radiotouring104\/#organization\",\"name\":\"Radio Touring 104\",\"url\":\"https:\/\/progettotouring.it\/radiotouring104\/\",\"logo\":{\"@type\":\"ImageObject\",\"inLanguage\":\"it-IT\",\"@id\":\"https:\/\/progettotouring.it\/radiotouring104\/#\/schema\/logo\/image\/\",\"url\":\"https:\/\/progettotouring.it\/radiotouring104\/wp-content\/uploads\/sites\/6\/2022\/02\/cropped-logo-radio-touring-104.png\",\"contentUrl\":\"https:\/\/progettotouring.it\/radiotouring104\/wp-content\/uploads\/sites\/6\/2022\/02\/cropped-logo-radio-touring-104.png\",\"width\":377,\"height\":182,\"caption\":\"Radio Touring 104\"},\"image\":{\"@id\":\"https:\/\/progettotouring.it\/radiotouring104\/#\/schema\/logo\/image\/\"}},{\"@type\":\"Person\",\"@id\":\"https:\/\/progettotouring.it\/radiotouring104\/#\/schema\/person\/78613917f1851f041f7483f5af1d422e\",\"name\":\"Sebastiano Plutino\",\"image\":{\"@type\":\"ImageObject\",\"inLanguage\":\"it-IT\",\"@id\":\"https:\/\/secure.gravatar.com\/avatar\/0546ffaa9b79224faf9f2a156b67a529ae861d3287c66c1d8ccfdf909bcba78d?s=96&d=mm&r=g\",\"url\":\"https:\/\/secure.gravatar.com\/avatar\/0546ffaa9b79224faf9f2a156b67a529ae861d3287c66c1d8ccfdf909bcba78d?s=96&d=mm&r=g\",\"contentUrl\":\"https:\/\/secure.gravatar.com\/avatar\/0546ffaa9b79224faf9f2a156b67a529ae861d3287c66c1d8ccfdf909bcba78d?s=96&d=mm&r=g\",\"caption\":\"Sebastiano Plutino\"},\"url\":\"https:\/\/progettotouring.it\/radiotouring104\/author\/sebastiano\/\"}]}<\/script>\n<!-- \/ Yoast SEO plugin. -->","yoast_head_json":{"title":"Un giovane calabrese scrive a Giusi Princi - Radio Touring 104","description":"La dura analisi di Filippo Buonafede alla Vicepresidente, neo eletta a Bruxelles, sulla Calabria che ha perso 162 mila giovani in 20 anni","robots":{"index":"index","follow":"follow","max-snippet":"max-snippet:-1","max-image-preview":"max-image-preview:large","max-video-preview":"max-video-preview:-1"},"canonical":"https:\/\/progettotouring.it\/radiotouring104\/2024\/06\/25\/un-giovane-calabrese-scrive-a-giusi-princi\/","og_locale":"it_IT","og_type":"article","og_title":"Un giovane calabrese scrive a Giusi Princi - Radio Touring 104","og_description":"La dura analisi di Filippo Buonafede alla Vicepresidente, neo eletta a Bruxelles, sulla Calabria che ha perso 162 mila giovani in 20 anni","og_url":"https:\/\/progettotouring.it\/radiotouring104\/2024\/06\/25\/un-giovane-calabrese-scrive-a-giusi-princi\/","og_site_name":"Radio Touring 104","article_published_time":"2024-06-25T10:51:29+00:00","article_modified_time":"2024-06-25T10:53:10+00:00","og_image":[{"width":1200,"height":700,"url":"https:\/\/progettotouring.it\/radiotouring104\/wp-content\/uploads\/sites\/6\/2024\/06\/Filippo-Buonafede-scrive-a-Princi.jpg","type":"image\/jpeg"}],"author":"Sebastiano Plutino","twitter_card":"summary_large_image","twitter_misc":{"Scritto da":"Sebastiano Plutino","Tempo di lettura stimato":"3 minuti"},"schema":{"@context":"https:\/\/schema.org","@graph":[{"@type":"Article","@id":"https:\/\/progettotouring.it\/radiotouring104\/2024\/06\/25\/un-giovane-calabrese-scrive-a-giusi-princi\/#article","isPartOf":{"@id":"https:\/\/progettotouring.it\/radiotouring104\/2024\/06\/25\/un-giovane-calabrese-scrive-a-giusi-princi\/"},"author":{"name":"Sebastiano Plutino","@id":"https:\/\/progettotouring.it\/radiotouring104\/#\/schema\/person\/78613917f1851f041f7483f5af1d422e"},"headline":"Un giovane calabrese scrive a Giusi Princi","datePublished":"2024-06-25T10:51:29+00:00","dateModified":"2024-06-25T10:53:10+00:00","mainEntityOfPage":{"@id":"https:\/\/progettotouring.it\/radiotouring104\/2024\/06\/25\/un-giovane-calabrese-scrive-a-giusi-princi\/"},"wordCount":692,"publisher":{"@id":"https:\/\/progettotouring.it\/radiotouring104\/#organization"},"image":{"@id":"https:\/\/progettotouring.it\/radiotouring104\/2024\/06\/25\/un-giovane-calabrese-scrive-a-giusi-princi\/#primaryimage"},"thumbnailUrl":"https:\/\/progettotouring.it\/radiotouring104\/wp-content\/uploads\/sites\/6\/2024\/06\/Filippo-Buonafede-scrive-a-Princi.jpg","keywords":["Calabria ha perso 162 mila giovani in 20 anni","Filippo Buonafede","giusi princi"],"articleSection":["Calabria","Home","News"],"inLanguage":"it-IT"},{"@type":"WebPage","@id":"https:\/\/progettotouring.it\/radiotouring104\/2024\/06\/25\/un-giovane-calabrese-scrive-a-giusi-princi\/","url":"https:\/\/progettotouring.it\/radiotouring104\/2024\/06\/25\/un-giovane-calabrese-scrive-a-giusi-princi\/","name":"Un giovane calabrese scrive a Giusi Princi - Radio Touring 104","isPartOf":{"@id":"https:\/\/progettotouring.it\/radiotouring104\/#website"},"primaryImageOfPage":{"@id":"https:\/\/progettotouring.it\/radiotouring104\/2024\/06\/25\/un-giovane-calabrese-scrive-a-giusi-princi\/#primaryimage"},"image":{"@id":"https:\/\/progettotouring.it\/radiotouring104\/2024\/06\/25\/un-giovane-calabrese-scrive-a-giusi-princi\/#primaryimage"},"thumbnailUrl":"https:\/\/progettotouring.it\/radiotouring104\/wp-content\/uploads\/sites\/6\/2024\/06\/Filippo-Buonafede-scrive-a-Princi.jpg","datePublished":"2024-06-25T10:51:29+00:00","dateModified":"2024-06-25T10:53:10+00:00","description":"La dura analisi di Filippo Buonafede alla Vicepresidente, neo eletta a Bruxelles, sulla Calabria che ha perso 162 mila giovani in 20 anni","breadcrumb":{"@id":"https:\/\/progettotouring.it\/radiotouring104\/2024\/06\/25\/un-giovane-calabrese-scrive-a-giusi-princi\/#breadcrumb"},"inLanguage":"it-IT","potentialAction":[{"@type":"ReadAction","target":["https:\/\/progettotouring.it\/radiotouring104\/2024\/06\/25\/un-giovane-calabrese-scrive-a-giusi-princi\/"]}]},{"@type":"ImageObject","inLanguage":"it-IT","@id":"https:\/\/progettotouring.it\/radiotouring104\/2024\/06\/25\/un-giovane-calabrese-scrive-a-giusi-princi\/#primaryimage","url":"https:\/\/progettotouring.it\/radiotouring104\/wp-content\/uploads\/sites\/6\/2024\/06\/Filippo-Buonafede-scrive-a-Princi.jpg","contentUrl":"https:\/\/progettotouring.it\/radiotouring104\/wp-content\/uploads\/sites\/6\/2024\/06\/Filippo-Buonafede-scrive-a-Princi.jpg","width":1200,"height":700},{"@type":"BreadcrumbList","@id":"https:\/\/progettotouring.it\/radiotouring104\/2024\/06\/25\/un-giovane-calabrese-scrive-a-giusi-princi\/#breadcrumb","itemListElement":[{"@type":"ListItem","position":1,"name":"Home","item":"https:\/\/progettotouring.it\/radiotouring104\/"},{"@type":"ListItem","position":2,"name":"Un giovane calabrese scrive a Giusi Princi"}]},{"@type":"WebSite","@id":"https:\/\/progettotouring.it\/radiotouring104\/#website","url":"https:\/\/progettotouring.it\/radiotouring104\/","name":"Radio Touring 104","description":"La prima radio Reggina","publisher":{"@id":"https:\/\/progettotouring.it\/radiotouring104\/#organization"},"potentialAction":[{"@type":"SearchAction","target":{"@type":"EntryPoint","urlTemplate":"https:\/\/progettotouring.it\/radiotouring104\/?s={search_term_string}"},"query-input":{"@type":"PropertyValueSpecification","valueRequired":true,"valueName":"search_term_string"}}],"inLanguage":"it-IT"},{"@type":"Organization","@id":"https:\/\/progettotouring.it\/radiotouring104\/#organization","name":"Radio Touring 104","url":"https:\/\/progettotouring.it\/radiotouring104\/","logo":{"@type":"ImageObject","inLanguage":"it-IT","@id":"https:\/\/progettotouring.it\/radiotouring104\/#\/schema\/logo\/image\/","url":"https:\/\/progettotouring.it\/radiotouring104\/wp-content\/uploads\/sites\/6\/2022\/02\/cropped-logo-radio-touring-104.png","contentUrl":"https:\/\/progettotouring.it\/radiotouring104\/wp-content\/uploads\/sites\/6\/2022\/02\/cropped-logo-radio-touring-104.png","width":377,"height":182,"caption":"Radio Touring 104"},"image":{"@id":"https:\/\/progettotouring.it\/radiotouring104\/#\/schema\/logo\/image\/"}},{"@type":"Person","@id":"https:\/\/progettotouring.it\/radiotouring104\/#\/schema\/person\/78613917f1851f041f7483f5af1d422e","name":"Sebastiano Plutino","image":{"@type":"ImageObject","inLanguage":"it-IT","@id":"https:\/\/secure.gravatar.com\/avatar\/0546ffaa9b79224faf9f2a156b67a529ae861d3287c66c1d8ccfdf909bcba78d?s=96&d=mm&r=g","url":"https:\/\/secure.gravatar.com\/avatar\/0546ffaa9b79224faf9f2a156b67a529ae861d3287c66c1d8ccfdf909bcba78d?s=96&d=mm&r=g","contentUrl":"https:\/\/secure.gravatar.com\/avatar\/0546ffaa9b79224faf9f2a156b67a529ae861d3287c66c1d8ccfdf909bcba78d?s=96&d=mm&r=g","caption":"Sebastiano Plutino"},"url":"https:\/\/progettotouring.it\/radiotouring104\/author\/sebastiano\/"}]}},"jetpack_publicize_connections":[],"jetpack_featured_media_url":"https:\/\/progettotouring.it\/radiotouring104\/wp-content\/uploads\/sites\/6\/2024\/06\/Filippo-Buonafede-scrive-a-Princi.jpg","jetpack_sharing_enabled":true,"_links":{"self":[{"href":"https:\/\/progettotouring.it\/radiotouring104\/wp-json\/wp\/v2\/posts\/54011","targetHints":{"allow":["GET"]}}],"collection":[{"href":"https:\/\/progettotouring.it\/radiotouring104\/wp-json\/wp\/v2\/posts"}],"about":[{"href":"https:\/\/progettotouring.it\/radiotouring104\/wp-json\/wp\/v2\/types\/post"}],"author":[{"embeddable":true,"href":"https:\/\/progettotouring.it\/radiotouring104\/wp-json\/wp\/v2\/users\/12"}],"replies":[{"embeddable":true,"href":"https:\/\/progettotouring.it\/radiotouring104\/wp-json\/wp\/v2\/comments?post=54011"}],"version-history":[{"count":2,"href":"https:\/\/progettotouring.it\/radiotouring104\/wp-json\/wp\/v2\/posts\/54011\/revisions"}],"predecessor-version":[{"id":54014,"href":"https:\/\/progettotouring.it\/radiotouring104\/wp-json\/wp\/v2\/posts\/54011\/revisions\/54014"}],"wp:featuredmedia":[{"embeddable":true,"href":"https:\/\/progettotouring.it\/radiotouring104\/wp-json\/wp\/v2\/media\/54012"}],"wp:attachment":[{"href":"https:\/\/progettotouring.it\/radiotouring104\/wp-json\/wp\/v2\/media?parent=54011"}],"wp:term":[{"taxonomy":"category","embeddable":true,"href":"https:\/\/progettotouring.it\/radiotouring104\/wp-json\/wp\/v2\/categories?post=54011"},{"taxonomy":"post_tag","embeddable":true,"href":"https:\/\/progettotouring.it\/radiotouring104\/wp-json\/wp\/v2\/tags?post=54011"}],"curies":[{"name":"wp","href":"https:\/\/api.w.org\/{rel}","templated":true}]}}