{"id":54019,"date":"2024-06-26T09:14:40","date_gmt":"2024-06-26T07:14:40","guid":{"rendered":"https:\/\/progettotouring.it\/radiotouring104\/?p=54019"},"modified":"2024-06-26T09:20:03","modified_gmt":"2024-06-26T07:20:03","slug":"autonomia-70-sindaci-calabresi-chiedono-alla-regione-impugnazione-della-legge-occhiuto-regione-ne-discutera","status":"publish","type":"post","link":"https:\/\/progettotouring.it\/radiotouring104\/2024\/06\/26\/autonomia-70-sindaci-calabresi-chiedono-alla-regione-impugnazione-della-legge-occhiuto-regione-ne-discutera\/","title":{"rendered":"Autonomia: 70 Sindaci calabresi chiedono alla Regione impugnazione della legge. Occhiuto: Regione ne discuter\u00e0&#8221;"},"content":{"rendered":"<p style=\"text-align: justify\"><strong>Numerosi sindaci calabresi chiedono che la Regione<\/strong> Calabria<strong> impugni<\/strong>, davanti alla Corte Costituzionale, <strong>il disegno di legge<\/strong> d&#8217;iniziativa governativa, approvato in via definitiva dalla Camera il 19 giugno, collegato alla manovra di finanza pubblica sull&#8217;attuazione<strong> dell&#8217;Autonomia differenziata<\/strong> delle Regioni a statuto ordinario, ma<strong> anche tutti gli eventuali provvedimenti attuativi.<\/strong><\/p>\n<p style=\"text-align: justify\"><strong>La richiesta scaturisce dalla sottoscrizione dell&#8217;appello<\/strong><em> &#8220;Una sola Italia&#8221;,<\/em><strong> lanciato<\/strong> dal sindaco di Catanzaro<strong> Nicola Fiorita<\/strong> e che vede tra i primi firmatari i sindaci di Cosenza <strong>Franz Caruso,<\/strong> di Reggio Calabria <strong>Giuseppe Falcomat\u00e0,<\/strong> di Crotone <strong>Vincenzo Voce,<\/strong> di Vibo Valentia Enzo Romeo &#8211; appena eletto &#8211; di Corigliano-Rossano<strong> Flavio Stasi,<\/strong> di Castrovillari <strong>Domenico Lo Polito,<\/strong> di Siderno <strong>Mariateresa Fragomeni,<\/strong> di Villa San Giovanni<strong> Giusy Caminiti,<\/strong> di Palmi <strong>Giuseppe Ranuccio.<\/strong><\/p>\n<p style=\"text-align: justify\"><em>&#8220;UnasolaItalia&#8221;<\/em><strong> \u00e8 il titolo dell&#8217;appello<\/strong> che i primi cittadini hanno<strong> rivolto al presidente<\/strong> della giunta regionale<strong> Roberto Occhiuto<\/strong> e al presidente del Consiglio regionale<strong> Filippo Mancuso.<\/strong><br \/>\n<strong>Le adesioni, gi\u00e0 quasi settanta in poche ore<\/strong>, stanno arrivando alla mail dedicata unasolaitalia@gmail.com. Chi vorr\u00e0, \u00e8 scritto in una nota, <strong>potr\u00e0 aderire fino a<\/strong> gioved\u00ec prossimo<strong>, 27 giugno. Poi il documento sar\u00e0 trasmesso ufficialmente a Occhiuto e Mancuso.<\/strong><\/p>\n<p style=\"text-align: justify\"><em>&#8220;I Sindaci della Calabria<\/em> &#8211; \u00e8 scritto nell&#8217;appello &#8211; <em>impegnano il presidente della Giunta regionale e il presidente del Consiglio regionale ad impugnare davanti alla Corte Costituzionale il disegno di legge d&#8217;iniziativa governativa, approvato in via definitiva dalla Camera nella giornata del 19 giugno 2024, collegato alla manovra di finanza pubblica sull&#8217;attuazione dell&#8217;autonomia differenziata delle Regioni a statuto ordinario, ma anche tutti gli eventuali provvedimenti attuativi. La legge contiene evidenti elementi di anticostituzionalit\u00e0 e mina nella fondamenta l&#8217;unit\u00e0 del Paese, sottraendo ingenti risorse e funzioni alle Regioni meridionali, tali da compromettere i valori costituzionali dell&#8217;uguaglianza e i diritti alla salute, al lavoro e all&#8217;istruzione di tutti i cittadini&#8221;.<\/em><br \/>\n<em>&#8220;Le disposizioni della legge &#8211;<\/em> conclude l&#8217;appello &#8211;<em> creerebbero, se attuate, inaccettabili discriminazioni tra i cittadini delle Regioni del nord e quelle del Meridione, soprattutto in settori vitali quali la sanit\u00e0 pubblica e l&#8217;istruzione, disegnando un Paese diviso a met\u00e0 e molto lontano dall&#8217;impianto voluto dai Padri Costituenti&#8221;.<\/em><\/p>\n<p style=\"text-align: justify\"><strong>Questo l&#8217;elenco, in ordine alfabetico, dei sindaci e delle sindache che hanno firmato l&#8217;appello:<\/strong>\u00a0 Pino Capalbo, sindaco di Acri; Giuseppe Nicola Cusato, sindaco di Agnana Calabra; Luigi Ruggiero, sindaco di Amaroni; Pietro Antonio Peta, sindaco di Andali; Valter Matozzo, sindaco di Argusto; Giovani Versace, sindaco di Bianco; Grazia Zaffino, sindaca di Bivongi; Elisabeth Sacco, sindaca di Borgia; Vincenzo Maesano, sindaco di Bovalino; Giuseppe Alfarano, sindaco di Camini; Antonio La Rosa, sindaco di Canolo; Francesca Pisani, sindaca di Casali del Manco; Salvatore Magar\u00f2, sindaco di Castiglione; Domenico Lo Polito, Sindaco Castrovillari; Nicola Fiorita, sindaco di Catanzaro; Matteo Lettieri, sindaco di Celico; Domenico Savio Donato, sindaco di Chiaravalle Centrale; Fernando Sinopoli, sindaco di Centrache; Alessandro Falvo, Sindaco di Cicala; Michele Conia, sindaco di Cinquefrondi; Flavio Stasi, sindaco di Corigliano-Rossano; Franco Scalfaro, sindaco di Cortale; Franz Caruso, sindaco di Cosenza; Raffaele Mercurio, sindaco di Cropani; Vincenzo Voce, sindaco di Crotone; Giuseppe Papaleo, sindaco di Davoli; Raffaella Perri, sindaca di Decollatura; Gaetano Sorcale, sindaco di Dipignano; Gregorio Gallello, sindaco di Gasperina; Laura Moschella, sindaca di Gimigliano; Luca Ritorto, sindaco di Gioiosa Superiore; Pierantonio Cristofaro, sindaco di Girifalco; Vincenzo Mirarchi, sindaco di Isca sullo Ionio; Ferdinando Serratore, sindaco di Jacurso; Stefano Filippo Raschell\u00e0, sindaco di Mammola; Vittorio Scerbo, sindaco di Marcellinara; Mario Migliarese, sindaco di Montepaone; Nicola Malta, sindaco di Olivadi; Domenico Emanuele, sindaco di Palermiti; Giuseppe Ranuccio, sindaco di Palmi; Lucia Papaianni, sindaco di Paterno Calabro; Vincenzo Marino, sindaco di Pentone; Santopolo Giulio, sindaco di Petrizzi; Antonio Muto, sindaco di Pietrafitta; Davide Esposito, sindaco di Platania; Michele Tripodi, sindaco di Polistena; Giuseppe Falcomat\u00e0, sindaco di Reggio Calabria; Domenico Lucano, sindaco di Riace; Vittorio Zito, sindaco di Roccella Ionica; Filippo Tocci, sindaco di San Basile; Linda Cribari, sindaca di San Fili; Raffaele De Santis, sindaco di San Pietro Apostolo; Domenico Giampa, sindaco San Pietro a Maida; Antonio Tino, sindaco di San Vito sullo Ionio; Nicola Ramogida, sindaco di Sant&#8217;Andrea Apostolo sullo Jonio; Francesco Severino, sindaco di Santa Caterina sullo Jonio; Lucia Nicoletti, sindaca di Santo Stefano di Rogliano Renzo Russo, sindaco di Saracena; Mariateresa Fragomeni, sindaca di Siderno; Davide Zicchinella, sindaco di Simeri Crichi; Salvatore Monaco, sindaco di Spezzano della Sila; Michele Chiodo, sindaco di Soveria Mannelli; Mario Gentile, sindaco di Stalett\u00ec; Sebastiano Tarantino, sindaco di Taverna; Salvatore Megna, sindaco di Vallefiorita; Enzo Romeo, sindaco di Vibo Valentia; Giusy Caminiti, sindaca di Villa San Giovanni; Domenico Gallelli, sindaco di Zagarise.<\/p>\n<h3 class=\"post-single-title\" style=\"text-align: justify\">Autonomia, Occhiuto: &#8220;Con la promulgazione della legge, il Consiglio Regionale ne discuter\u00e0&#8221;<\/h3>\n<p style=\"text-align: justify\">Il Presidente della Regione Calabria, Roberto Occhiuto e vicesegretario nazionale di Forza Italia, ha replicato sulla questione se impugner\u00e0 il disegno di legge sull&#8217;autonomia differenziata approvato lo scorso 19 giugno, davanti alla Corte Costituzionale come chiedono anche numerosi sindaci calabresi.<\/p>\n<p style=\"text-align: justify\"><em>&#8220;L&#8217;autonomia differenziata deve ancora diventare legge, nel senso che appena sar\u00e0 promulgata evidentemente il Consiglio regionale ne discuter\u00e0. Di certo non mi iscrivo al Pd&#8221;, <\/em><strong>ha dichiarato Occhiuto.<\/strong><\/p>\n<p style=\"text-align: justify\"><em>&#8220;Ho detto pubblicamente quello che nelle riunioni di partito ho sempre affermato &#8211;<\/em> ha aggiunto Occhiuto <em>&#8211; ho parlato pubblicamente assumendomi la responsabilit\u00e0 del mio ruolo di dirigente nazionale. L&#8217;ho detto sempre in assoluta coerenza e vi invito a vedere anche i resoconti della Conferenza delle Regioni quando per la prima volta si \u00e8 discusso dell&#8217;autonomia differenziata. In quell&#8217;occasione io dissi di non avere pregiudizi verso l&#8217;autonomia differenziata a condizione che si superasse la spesa storica. Anche in quella occasione in sostanza dissi: quello che ho sempre ripetuto: no money, no party&#8221;.<\/em><\/p>\n<p style=\"text-align: justify\"><strong>Alla domanda sulla posizione<\/strong> espressa dal ministro e leader della Lega <strong>Matteo Salvini secondo cui il governatore avrebbe dovuto esprimere la sua contrariet\u00e0 all&#8217;autonomia differenziata prima che la legge passasse, Occhiuto ha risposto:<\/strong><em> &#8220;E che ne sa Salvini che io non l&#8217;abbia fatto nei luoghi dove si decideva per esempio nel mio partito?&#8221;,<\/em><strong> ha concluso.<\/strong><\/p>\n","protected":false},"excerpt":{"rendered":"<p>Numerosi sindaci calabresi chiedono che la Regione Calabria impugni, davanti alla Corte Costituzionale, il disegno di legge d&#8217;iniziativa governativa, approvato in via definitiva dalla Camera il 19 giugno, collegato alla&hellip;<\/p>\n","protected":false},"author":12,"featured_media":33505,"comment_status":"closed","ping_status":"open","sticky":false,"template":"","format":"standard","meta":{"_jetpack_memberships_contains_paid_content":false,"footnotes":"","jetpack_publicize_message":"","jetpack_publicize_feature_enabled":true,"jetpack_social_post_already_shared":false,"jetpack_social_options":{"image_generator_settings":{"template":"highway","default_image_id":0,"font":"","enabled":false},"version":2}},"categories":[142,921,150,196],"tags":[33149,6518,18550,30465,3568,33150,5403,18340,6421],"class_list":["post-54019","post","type-post","status-publish","format-standard","has-post-thumbnail","hentry","category-calabria","category-home","category-in-primo-piano","category-news","tag-appello-70-sindaci-calabresi","tag-autonomia-differenziata","tag-consigliere-ranuccio","tag-falcomata-giuseppe","tag-giusy-caminiti","tag-impugnazione-legge-autonomia-differenziata","tag-nicola-fiorita","tag-occhiuto-roberto","tag-presidente-consiglio-regionale-filippo-mancuso"],"yoast_head":"<!-- This site is optimized with the Yoast SEO plugin v27.2 - https:\/\/yoast.com\/product\/yoast-seo-wordpress\/ -->\n<title>Autonomia: 70 Sindaci chiedono a Regione impugnazione legge<\/title>\n<meta name=\"description\" content=\"L&#039;appello dei primi cittadini lanciato dal Sindaco Fiorita. Occhiuto: &quot;Dopo promulgazione, il Consiglio Regionale ne discuter\u00e0&quot;\" \/>\n<meta name=\"robots\" content=\"index, follow, max-snippet:-1, max-image-preview:large, max-video-preview:-1\" \/>\n<link rel=\"canonical\" href=\"https:\/\/progettotouring.it\/radiotouring104\/2024\/06\/26\/autonomia-70-sindaci-calabresi-chiedono-alla-regione-impugnazione-della-legge-occhiuto-regione-ne-discutera\/\" \/>\n<meta property=\"og:locale\" content=\"it_IT\" \/>\n<meta property=\"og:type\" content=\"article\" \/>\n<meta property=\"og:title\" content=\"Autonomia: 70 Sindaci chiedono a Regione impugnazione legge\" \/>\n<meta property=\"og:description\" content=\"L&#039;appello dei primi cittadini lanciato dal Sindaco Fiorita. Occhiuto: &quot;Dopo promulgazione, il Consiglio Regionale ne discuter\u00e0&quot;\" \/>\n<meta property=\"og:url\" content=\"https:\/\/progettotouring.it\/radiotouring104\/2024\/06\/26\/autonomia-70-sindaci-calabresi-chiedono-alla-regione-impugnazione-della-legge-occhiuto-regione-ne-discutera\/\" \/>\n<meta property=\"og:site_name\" content=\"Radio Touring 104\" \/>\n<meta property=\"article:published_time\" content=\"2024-06-26T07:14:40+00:00\" \/>\n<meta property=\"article:modified_time\" content=\"2024-06-26T07:20:03+00:00\" \/>\n<meta property=\"og:image\" content=\"https:\/\/progettotouring.it\/radiotouring104\/wp-content\/uploads\/sites\/6\/2023\/08\/Occhiuto-Cup.jpg\" \/>\n\t<meta property=\"og:image:width\" content=\"774\" \/>\n\t<meta property=\"og:image:height\" content=\"516\" \/>\n\t<meta property=\"og:image:type\" content=\"image\/jpeg\" \/>\n<meta name=\"author\" content=\"Sebastiano Plutino\" \/>\n<meta name=\"twitter:card\" content=\"summary_large_image\" \/>\n<meta name=\"twitter:label1\" content=\"Scritto da\" \/>\n\t<meta name=\"twitter:data1\" content=\"Sebastiano Plutino\" \/>\n\t<meta name=\"twitter:label2\" content=\"Tempo di lettura stimato\" \/>\n\t<meta name=\"twitter:data2\" content=\"5 minuti\" \/>\n<script type=\"application\/ld+json\" class=\"yoast-schema-graph\">{\"@context\":\"https:\/\/schema.org\",\"@graph\":[{\"@type\":\"Article\",\"@id\":\"https:\/\/progettotouring.it\/radiotouring104\/2024\/06\/26\/autonomia-70-sindaci-calabresi-chiedono-alla-regione-impugnazione-della-legge-occhiuto-regione-ne-discutera\/#article\",\"isPartOf\":{\"@id\":\"https:\/\/progettotouring.it\/radiotouring104\/2024\/06\/26\/autonomia-70-sindaci-calabresi-chiedono-alla-regione-impugnazione-della-legge-occhiuto-regione-ne-discutera\/\"},\"author\":{\"name\":\"Sebastiano Plutino\",\"@id\":\"https:\/\/progettotouring.it\/radiotouring104\/#\/schema\/person\/78613917f1851f041f7483f5af1d422e\"},\"headline\":\"Autonomia: 70 Sindaci calabresi chiedono alla Regione impugnazione della legge. Occhiuto: Regione ne discuter\u00e0&#8221;\",\"datePublished\":\"2024-06-26T07:14:40+00:00\",\"dateModified\":\"2024-06-26T07:20:03+00:00\",\"mainEntityOfPage\":{\"@id\":\"https:\/\/progettotouring.it\/radiotouring104\/2024\/06\/26\/autonomia-70-sindaci-calabresi-chiedono-alla-regione-impugnazione-della-legge-occhiuto-regione-ne-discutera\/\"},\"wordCount\":968,\"publisher\":{\"@id\":\"https:\/\/progettotouring.it\/radiotouring104\/#organization\"},\"image\":{\"@id\":\"https:\/\/progettotouring.it\/radiotouring104\/2024\/06\/26\/autonomia-70-sindaci-calabresi-chiedono-alla-regione-impugnazione-della-legge-occhiuto-regione-ne-discutera\/#primaryimage\"},\"thumbnailUrl\":\"https:\/\/progettotouring.it\/radiotouring104\/wp-content\/uploads\/sites\/6\/2023\/08\/Occhiuto-Cup.jpg\",\"keywords\":[\"appello 70 sindaci calabresi\",\"autonomia differenziata\",\"consigliere Ranuccio\",\"Falcomat\u00e0 Giuseppe\",\"Giusy Caminiti\",\"impugnazione legge autonomia differenziata\",\"Nicola Fiorita\",\"Occhiuto Roberto\",\"Presidente Consiglio Regionale Filippo Mancuso\"],\"articleSection\":[\"Calabria\",\"Home\",\"In primo piano\",\"News\"],\"inLanguage\":\"it-IT\"},{\"@type\":\"WebPage\",\"@id\":\"https:\/\/progettotouring.it\/radiotouring104\/2024\/06\/26\/autonomia-70-sindaci-calabresi-chiedono-alla-regione-impugnazione-della-legge-occhiuto-regione-ne-discutera\/\",\"url\":\"https:\/\/progettotouring.it\/radiotouring104\/2024\/06\/26\/autonomia-70-sindaci-calabresi-chiedono-alla-regione-impugnazione-della-legge-occhiuto-regione-ne-discutera\/\",\"name\":\"Autonomia: 70 Sindaci chiedono a Regione impugnazione legge\",\"isPartOf\":{\"@id\":\"https:\/\/progettotouring.it\/radiotouring104\/#website\"},\"primaryImageOfPage\":{\"@id\":\"https:\/\/progettotouring.it\/radiotouring104\/2024\/06\/26\/autonomia-70-sindaci-calabresi-chiedono-alla-regione-impugnazione-della-legge-occhiuto-regione-ne-discutera\/#primaryimage\"},\"image\":{\"@id\":\"https:\/\/progettotouring.it\/radiotouring104\/2024\/06\/26\/autonomia-70-sindaci-calabresi-chiedono-alla-regione-impugnazione-della-legge-occhiuto-regione-ne-discutera\/#primaryimage\"},\"thumbnailUrl\":\"https:\/\/progettotouring.it\/radiotouring104\/wp-content\/uploads\/sites\/6\/2023\/08\/Occhiuto-Cup.jpg\",\"datePublished\":\"2024-06-26T07:14:40+00:00\",\"dateModified\":\"2024-06-26T07:20:03+00:00\",\"description\":\"L'appello dei primi cittadini lanciato dal Sindaco Fiorita. Occhiuto: \\\"Dopo promulgazione, il Consiglio Regionale ne discuter\u00e0\\\"\",\"breadcrumb\":{\"@id\":\"https:\/\/progettotouring.it\/radiotouring104\/2024\/06\/26\/autonomia-70-sindaci-calabresi-chiedono-alla-regione-impugnazione-della-legge-occhiuto-regione-ne-discutera\/#breadcrumb\"},\"inLanguage\":\"it-IT\",\"potentialAction\":[{\"@type\":\"ReadAction\",\"target\":[\"https:\/\/progettotouring.it\/radiotouring104\/2024\/06\/26\/autonomia-70-sindaci-calabresi-chiedono-alla-regione-impugnazione-della-legge-occhiuto-regione-ne-discutera\/\"]}]},{\"@type\":\"ImageObject\",\"inLanguage\":\"it-IT\",\"@id\":\"https:\/\/progettotouring.it\/radiotouring104\/2024\/06\/26\/autonomia-70-sindaci-calabresi-chiedono-alla-regione-impugnazione-della-legge-occhiuto-regione-ne-discutera\/#primaryimage\",\"url\":\"https:\/\/progettotouring.it\/radiotouring104\/wp-content\/uploads\/sites\/6\/2023\/08\/Occhiuto-Cup.jpg\",\"contentUrl\":\"https:\/\/progettotouring.it\/radiotouring104\/wp-content\/uploads\/sites\/6\/2023\/08\/Occhiuto-Cup.jpg\",\"width\":774,\"height\":516},{\"@type\":\"BreadcrumbList\",\"@id\":\"https:\/\/progettotouring.it\/radiotouring104\/2024\/06\/26\/autonomia-70-sindaci-calabresi-chiedono-alla-regione-impugnazione-della-legge-occhiuto-regione-ne-discutera\/#breadcrumb\",\"itemListElement\":[{\"@type\":\"ListItem\",\"position\":1,\"name\":\"Home\",\"item\":\"https:\/\/progettotouring.it\/radiotouring104\/\"},{\"@type\":\"ListItem\",\"position\":2,\"name\":\"Autonomia: 70 Sindaci calabresi chiedono alla Regione impugnazione della legge. Occhiuto: Regione ne discuter\u00e0&#8221;\"}]},{\"@type\":\"WebSite\",\"@id\":\"https:\/\/progettotouring.it\/radiotouring104\/#website\",\"url\":\"https:\/\/progettotouring.it\/radiotouring104\/\",\"name\":\"Radio Touring 104\",\"description\":\"La prima radio Reggina\",\"publisher\":{\"@id\":\"https:\/\/progettotouring.it\/radiotouring104\/#organization\"},\"potentialAction\":[{\"@type\":\"SearchAction\",\"target\":{\"@type\":\"EntryPoint\",\"urlTemplate\":\"https:\/\/progettotouring.it\/radiotouring104\/?s={search_term_string}\"},\"query-input\":{\"@type\":\"PropertyValueSpecification\",\"valueRequired\":true,\"valueName\":\"search_term_string\"}}],\"inLanguage\":\"it-IT\"},{\"@type\":\"Organization\",\"@id\":\"https:\/\/progettotouring.it\/radiotouring104\/#organization\",\"name\":\"Radio Touring 104\",\"url\":\"https:\/\/progettotouring.it\/radiotouring104\/\",\"logo\":{\"@type\":\"ImageObject\",\"inLanguage\":\"it-IT\",\"@id\":\"https:\/\/progettotouring.it\/radiotouring104\/#\/schema\/logo\/image\/\",\"url\":\"https:\/\/progettotouring.it\/radiotouring104\/wp-content\/uploads\/sites\/6\/2022\/02\/cropped-logo-radio-touring-104.png\",\"contentUrl\":\"https:\/\/progettotouring.it\/radiotouring104\/wp-content\/uploads\/sites\/6\/2022\/02\/cropped-logo-radio-touring-104.png\",\"width\":377,\"height\":182,\"caption\":\"Radio Touring 104\"},\"image\":{\"@id\":\"https:\/\/progettotouring.it\/radiotouring104\/#\/schema\/logo\/image\/\"}},{\"@type\":\"Person\",\"@id\":\"https:\/\/progettotouring.it\/radiotouring104\/#\/schema\/person\/78613917f1851f041f7483f5af1d422e\",\"name\":\"Sebastiano Plutino\",\"image\":{\"@type\":\"ImageObject\",\"inLanguage\":\"it-IT\",\"@id\":\"https:\/\/secure.gravatar.com\/avatar\/0546ffaa9b79224faf9f2a156b67a529ae861d3287c66c1d8ccfdf909bcba78d?s=96&d=mm&r=g\",\"url\":\"https:\/\/secure.gravatar.com\/avatar\/0546ffaa9b79224faf9f2a156b67a529ae861d3287c66c1d8ccfdf909bcba78d?s=96&d=mm&r=g\",\"contentUrl\":\"https:\/\/secure.gravatar.com\/avatar\/0546ffaa9b79224faf9f2a156b67a529ae861d3287c66c1d8ccfdf909bcba78d?s=96&d=mm&r=g\",\"caption\":\"Sebastiano Plutino\"},\"url\":\"https:\/\/progettotouring.it\/radiotouring104\/author\/sebastiano\/\"}]}<\/script>\n<!-- \/ Yoast SEO plugin. -->","yoast_head_json":{"title":"Autonomia: 70 Sindaci chiedono a Regione impugnazione legge","description":"L'appello dei primi cittadini lanciato dal Sindaco Fiorita. Occhiuto: \"Dopo promulgazione, il Consiglio Regionale ne discuter\u00e0\"","robots":{"index":"index","follow":"follow","max-snippet":"max-snippet:-1","max-image-preview":"max-image-preview:large","max-video-preview":"max-video-preview:-1"},"canonical":"https:\/\/progettotouring.it\/radiotouring104\/2024\/06\/26\/autonomia-70-sindaci-calabresi-chiedono-alla-regione-impugnazione-della-legge-occhiuto-regione-ne-discutera\/","og_locale":"it_IT","og_type":"article","og_title":"Autonomia: 70 Sindaci chiedono a Regione impugnazione legge","og_description":"L'appello dei primi cittadini lanciato dal Sindaco Fiorita. Occhiuto: \"Dopo promulgazione, il Consiglio Regionale ne discuter\u00e0\"","og_url":"https:\/\/progettotouring.it\/radiotouring104\/2024\/06\/26\/autonomia-70-sindaci-calabresi-chiedono-alla-regione-impugnazione-della-legge-occhiuto-regione-ne-discutera\/","og_site_name":"Radio Touring 104","article_published_time":"2024-06-26T07:14:40+00:00","article_modified_time":"2024-06-26T07:20:03+00:00","og_image":[{"width":774,"height":516,"url":"https:\/\/progettotouring.it\/radiotouring104\/wp-content\/uploads\/sites\/6\/2023\/08\/Occhiuto-Cup.jpg","type":"image\/jpeg"}],"author":"Sebastiano Plutino","twitter_card":"summary_large_image","twitter_misc":{"Scritto da":"Sebastiano Plutino","Tempo di lettura stimato":"5 minuti"},"schema":{"@context":"https:\/\/schema.org","@graph":[{"@type":"Article","@id":"https:\/\/progettotouring.it\/radiotouring104\/2024\/06\/26\/autonomia-70-sindaci-calabresi-chiedono-alla-regione-impugnazione-della-legge-occhiuto-regione-ne-discutera\/#article","isPartOf":{"@id":"https:\/\/progettotouring.it\/radiotouring104\/2024\/06\/26\/autonomia-70-sindaci-calabresi-chiedono-alla-regione-impugnazione-della-legge-occhiuto-regione-ne-discutera\/"},"author":{"name":"Sebastiano Plutino","@id":"https:\/\/progettotouring.it\/radiotouring104\/#\/schema\/person\/78613917f1851f041f7483f5af1d422e"},"headline":"Autonomia: 70 Sindaci calabresi chiedono alla Regione impugnazione della legge. Occhiuto: Regione ne discuter\u00e0&#8221;","datePublished":"2024-06-26T07:14:40+00:00","dateModified":"2024-06-26T07:20:03+00:00","mainEntityOfPage":{"@id":"https:\/\/progettotouring.it\/radiotouring104\/2024\/06\/26\/autonomia-70-sindaci-calabresi-chiedono-alla-regione-impugnazione-della-legge-occhiuto-regione-ne-discutera\/"},"wordCount":968,"publisher":{"@id":"https:\/\/progettotouring.it\/radiotouring104\/#organization"},"image":{"@id":"https:\/\/progettotouring.it\/radiotouring104\/2024\/06\/26\/autonomia-70-sindaci-calabresi-chiedono-alla-regione-impugnazione-della-legge-occhiuto-regione-ne-discutera\/#primaryimage"},"thumbnailUrl":"https:\/\/progettotouring.it\/radiotouring104\/wp-content\/uploads\/sites\/6\/2023\/08\/Occhiuto-Cup.jpg","keywords":["appello 70 sindaci calabresi","autonomia differenziata","consigliere Ranuccio","Falcomat\u00e0 Giuseppe","Giusy Caminiti","impugnazione legge autonomia differenziata","Nicola Fiorita","Occhiuto Roberto","Presidente Consiglio Regionale Filippo Mancuso"],"articleSection":["Calabria","Home","In primo piano","News"],"inLanguage":"it-IT"},{"@type":"WebPage","@id":"https:\/\/progettotouring.it\/radiotouring104\/2024\/06\/26\/autonomia-70-sindaci-calabresi-chiedono-alla-regione-impugnazione-della-legge-occhiuto-regione-ne-discutera\/","url":"https:\/\/progettotouring.it\/radiotouring104\/2024\/06\/26\/autonomia-70-sindaci-calabresi-chiedono-alla-regione-impugnazione-della-legge-occhiuto-regione-ne-discutera\/","name":"Autonomia: 70 Sindaci chiedono a Regione impugnazione legge","isPartOf":{"@id":"https:\/\/progettotouring.it\/radiotouring104\/#website"},"primaryImageOfPage":{"@id":"https:\/\/progettotouring.it\/radiotouring104\/2024\/06\/26\/autonomia-70-sindaci-calabresi-chiedono-alla-regione-impugnazione-della-legge-occhiuto-regione-ne-discutera\/#primaryimage"},"image":{"@id":"https:\/\/progettotouring.it\/radiotouring104\/2024\/06\/26\/autonomia-70-sindaci-calabresi-chiedono-alla-regione-impugnazione-della-legge-occhiuto-regione-ne-discutera\/#primaryimage"},"thumbnailUrl":"https:\/\/progettotouring.it\/radiotouring104\/wp-content\/uploads\/sites\/6\/2023\/08\/Occhiuto-Cup.jpg","datePublished":"2024-06-26T07:14:40+00:00","dateModified":"2024-06-26T07:20:03+00:00","description":"L'appello dei primi cittadini lanciato dal Sindaco Fiorita. Occhiuto: \"Dopo promulgazione, il Consiglio Regionale ne discuter\u00e0\"","breadcrumb":{"@id":"https:\/\/progettotouring.it\/radiotouring104\/2024\/06\/26\/autonomia-70-sindaci-calabresi-chiedono-alla-regione-impugnazione-della-legge-occhiuto-regione-ne-discutera\/#breadcrumb"},"inLanguage":"it-IT","potentialAction":[{"@type":"ReadAction","target":["https:\/\/progettotouring.it\/radiotouring104\/2024\/06\/26\/autonomia-70-sindaci-calabresi-chiedono-alla-regione-impugnazione-della-legge-occhiuto-regione-ne-discutera\/"]}]},{"@type":"ImageObject","inLanguage":"it-IT","@id":"https:\/\/progettotouring.it\/radiotouring104\/2024\/06\/26\/autonomia-70-sindaci-calabresi-chiedono-alla-regione-impugnazione-della-legge-occhiuto-regione-ne-discutera\/#primaryimage","url":"https:\/\/progettotouring.it\/radiotouring104\/wp-content\/uploads\/sites\/6\/2023\/08\/Occhiuto-Cup.jpg","contentUrl":"https:\/\/progettotouring.it\/radiotouring104\/wp-content\/uploads\/sites\/6\/2023\/08\/Occhiuto-Cup.jpg","width":774,"height":516},{"@type":"BreadcrumbList","@id":"https:\/\/progettotouring.it\/radiotouring104\/2024\/06\/26\/autonomia-70-sindaci-calabresi-chiedono-alla-regione-impugnazione-della-legge-occhiuto-regione-ne-discutera\/#breadcrumb","itemListElement":[{"@type":"ListItem","position":1,"name":"Home","item":"https:\/\/progettotouring.it\/radiotouring104\/"},{"@type":"ListItem","position":2,"name":"Autonomia: 70 Sindaci calabresi chiedono alla Regione impugnazione della legge. Occhiuto: Regione ne discuter\u00e0&#8221;"}]},{"@type":"WebSite","@id":"https:\/\/progettotouring.it\/radiotouring104\/#website","url":"https:\/\/progettotouring.it\/radiotouring104\/","name":"Radio Touring 104","description":"La prima radio Reggina","publisher":{"@id":"https:\/\/progettotouring.it\/radiotouring104\/#organization"},"potentialAction":[{"@type":"SearchAction","target":{"@type":"EntryPoint","urlTemplate":"https:\/\/progettotouring.it\/radiotouring104\/?s={search_term_string}"},"query-input":{"@type":"PropertyValueSpecification","valueRequired":true,"valueName":"search_term_string"}}],"inLanguage":"it-IT"},{"@type":"Organization","@id":"https:\/\/progettotouring.it\/radiotouring104\/#organization","name":"Radio Touring 104","url":"https:\/\/progettotouring.it\/radiotouring104\/","logo":{"@type":"ImageObject","inLanguage":"it-IT","@id":"https:\/\/progettotouring.it\/radiotouring104\/#\/schema\/logo\/image\/","url":"https:\/\/progettotouring.it\/radiotouring104\/wp-content\/uploads\/sites\/6\/2022\/02\/cropped-logo-radio-touring-104.png","contentUrl":"https:\/\/progettotouring.it\/radiotouring104\/wp-content\/uploads\/sites\/6\/2022\/02\/cropped-logo-radio-touring-104.png","width":377,"height":182,"caption":"Radio Touring 104"},"image":{"@id":"https:\/\/progettotouring.it\/radiotouring104\/#\/schema\/logo\/image\/"}},{"@type":"Person","@id":"https:\/\/progettotouring.it\/radiotouring104\/#\/schema\/person\/78613917f1851f041f7483f5af1d422e","name":"Sebastiano Plutino","image":{"@type":"ImageObject","inLanguage":"it-IT","@id":"https:\/\/secure.gravatar.com\/avatar\/0546ffaa9b79224faf9f2a156b67a529ae861d3287c66c1d8ccfdf909bcba78d?s=96&d=mm&r=g","url":"https:\/\/secure.gravatar.com\/avatar\/0546ffaa9b79224faf9f2a156b67a529ae861d3287c66c1d8ccfdf909bcba78d?s=96&d=mm&r=g","contentUrl":"https:\/\/secure.gravatar.com\/avatar\/0546ffaa9b79224faf9f2a156b67a529ae861d3287c66c1d8ccfdf909bcba78d?s=96&d=mm&r=g","caption":"Sebastiano Plutino"},"url":"https:\/\/progettotouring.it\/radiotouring104\/author\/sebastiano\/"}]}},"jetpack_publicize_connections":[],"jetpack_featured_media_url":"https:\/\/progettotouring.it\/radiotouring104\/wp-content\/uploads\/sites\/6\/2023\/08\/Occhiuto-Cup.jpg","jetpack_sharing_enabled":true,"_links":{"self":[{"href":"https:\/\/progettotouring.it\/radiotouring104\/wp-json\/wp\/v2\/posts\/54019","targetHints":{"allow":["GET"]}}],"collection":[{"href":"https:\/\/progettotouring.it\/radiotouring104\/wp-json\/wp\/v2\/posts"}],"about":[{"href":"https:\/\/progettotouring.it\/radiotouring104\/wp-json\/wp\/v2\/types\/post"}],"author":[{"embeddable":true,"href":"https:\/\/progettotouring.it\/radiotouring104\/wp-json\/wp\/v2\/users\/12"}],"replies":[{"embeddable":true,"href":"https:\/\/progettotouring.it\/radiotouring104\/wp-json\/wp\/v2\/comments?post=54019"}],"version-history":[{"count":2,"href":"https:\/\/progettotouring.it\/radiotouring104\/wp-json\/wp\/v2\/posts\/54019\/revisions"}],"predecessor-version":[{"id":54021,"href":"https:\/\/progettotouring.it\/radiotouring104\/wp-json\/wp\/v2\/posts\/54019\/revisions\/54021"}],"wp:featuredmedia":[{"embeddable":true,"href":"https:\/\/progettotouring.it\/radiotouring104\/wp-json\/wp\/v2\/media\/33505"}],"wp:attachment":[{"href":"https:\/\/progettotouring.it\/radiotouring104\/wp-json\/wp\/v2\/media?parent=54019"}],"wp:term":[{"taxonomy":"category","embeddable":true,"href":"https:\/\/progettotouring.it\/radiotouring104\/wp-json\/wp\/v2\/categories?post=54019"},{"taxonomy":"post_tag","embeddable":true,"href":"https:\/\/progettotouring.it\/radiotouring104\/wp-json\/wp\/v2\/tags?post=54019"}],"curies":[{"name":"wp","href":"https:\/\/api.w.org\/{rel}","templated":true}]}}