{"id":54026,"date":"2024-06-26T09:57:07","date_gmt":"2024-06-26T07:57:07","guid":{"rendered":"https:\/\/progettotouring.it\/radiotouring104\/?p=54026"},"modified":"2024-06-26T09:57:07","modified_gmt":"2024-06-26T07:57:07","slug":"unical-almalaurea-conferma-crescita-occupazionale-dei-laureati","status":"publish","type":"post","link":"https:\/\/progettotouring.it\/radiotouring104\/2024\/06\/26\/unical-almalaurea-conferma-crescita-occupazionale-dei-laureati\/","title":{"rendered":"Unical: Almalaurea conferma crescita occupazionale dei laureati"},"content":{"rendered":"<p style=\"text-align: justify\">Aule adeguate, docenti apprezzati e un<strong> titolo di studio sempre pi\u00f9 spendibile sul mercato del lavoro, anche nel Mezzogiorno.<\/strong><\/p>\n<p style=\"text-align: justify\"><strong>\u00c8 la<\/strong> &#8220;fotografia&#8221; <strong>dell&#8217;Unical che emerge dal XXVI Rapporto<\/strong> sul profilo e la condizione occupazionale dei laureati <strong>pubblicato recentemente dal consorzio Almalaurea.<\/strong><\/p>\n<p style=\"text-align: justify\">Il tasso di occupazione &#8211; secondo il rapporto &#8211; cresce, in controtendenza rispetto al dato nazionale: la percentuale di laureati di secondo livello (magistrale biennale o a ciclo unico) <strong>che lavorano a un anno dal conseguimento del titolo sale<\/strong> di oltre tre punti percentuali,<strong> passando dal 65,9% al 69,1%,<\/strong> mentre la media nazionale \u00e8 in diminuzione.<\/p>\n<p style=\"text-align: justify\"><strong>La medesima tendenza si registra a cinque anni dalla laurea:<\/strong> l&#8217;Unical sale dall&#8217;81,3% dello scorso anno all&#8217;attuale 82%, contrariamente a quanto accade per la media del Paese che scende di 0,5%.<\/p>\n<p style=\"text-align: justify\"><strong>Tra i laureati Unical che hanno trovato occupazione, sei su dieci lavorano al Sud<\/strong> (+2,7% rispetto al precedente rapporto), il 28,5% al Nord, il 10,3% nel Centro, il 3,6% all&#8217;estero (+0,9%). &#8220;L&#8217;ateneo &#8211; riferisce l&#8217;Unical &#8211; si conferma importante fucina di formazione della classe dirigente meridionale, sfatando un clich\u00e9 che vedrebbe la maggior parte dei laureati dell&#8217;Universit\u00e0 della Calabria assorbita dal tessuto produttivo del Nord Italia. Da sottolineare, inoltre, l&#8217;origine sociale dei laureati del 2023 presso il campus di Rende: il 75,3% \u00e8 stato il primo membro del proprio nucleo familiare ad ottenere il titolo universitario, mentre a livello nazionale il dato scende al 67,5%. Sembra quanto mai attuale, pertanto, la visione dei padri fondatori dell&#8217;Unical che sognavano un ateneo in grado di svolgere con incisivit\u00e0 il ruolo di &#8216;ascensore sociale&#8217; per i giovani calabresi. Nel complesso, dunque, continua ad aumentare il grado di apprezzamento espresso dai laureati: coloro che sono soddisfatti dell&#8217;esperienza di studio nell&#8217;Ateneo raggiungono il 94,4%, a fronte di una media nazionale del 90,5%. Nessuna grande universit\u00e0 del Paese ha fatto segnare una performance migliore&#8221;.<\/p>\n<p style=\"text-align: justify\"><em>&#8220;I dati emersi dall&#8217;indagine annuale di Almalaurea &#8211;<\/em><strong> dichiara il rettore Nicola Leone<\/strong> &#8211; <em>confermano il costante impegno dell&#8217;Universit\u00e0 della Calabria nel porre lo studente al centro della propria azione. Un lavoro che trova ulteriore riconoscimento nel rapporto Censis, che colloca il nostro ateneo ai vertici della classifica nazionale anche per i servizi offerti. Dall&#8217;analisi delle risposte fornite dagli studenti si evince un&#8217;elevata valutazione per la qualit\u00e0 dell&#8217;offerta didattica, nonch\u00e9 un crescente apprezzamento per il corpo docente, obiettivo strategico perseguito attraverso il reclutamento di professori e ricercatori di alto profilo. La politica di potenziamento delle risorse umane, portata avanti in questi ultimi anni, ha avuto un impatto decisamente positivo sulla qualit\u00e0 complessiva dell&#8217;esperienza universitaria dei nostri iscritti, confermata, nei giorni scorsi, dall&#8217;incremento del 28% delle domande di ammissione anticipata ai corsi di studio, dato in crescita per il quinto anno consecutivo&#8221;.<\/em><\/p>\n<p style=\"text-align: justify\"><em>&#8220;Spesso<\/em> &#8211; <strong>conclude Leone<\/strong> <em>&#8211; sentiamo ripetere che &#8216;tanto dopo la laurea per lavorare bisogna emigrare al Nord&#8217;. \u00c8 notevole come Almalaurea smentisca, con dati oggettivi, questo falso luogo comune, mostrando che la maggior parte di coloro che studiano all&#8217;Universit\u00e0 della Calabria non solo trova lavoro, ma lo trova al Sud. Il fatto che, nel confronto con le grandi universit\u00e0, i nostri laureati siano i pi\u00f9 soddisfatti d&#8217;Italia ci rende orgogliosi e ci incoraggia a proseguire nell&#8217;azione di potenziamento del nostro ateneo&#8221;.<\/em><\/p>\n","protected":false},"excerpt":{"rendered":"<p>Aule adeguate, docenti apprezzati e un titolo di studio sempre pi\u00f9 spendibile sul mercato del lavoro, anche nel Mezzogiorno. \u00c8 la &#8220;fotografia&#8221; dell&#8217;Unical che emerge dal XXVI Rapporto sul profilo&hellip;<\/p>\n","protected":false},"author":12,"featured_media":15534,"comment_status":"closed","ping_status":"open","sticky":false,"template":"","format":"standard","meta":{"_jetpack_memberships_contains_paid_content":false,"footnotes":"","jetpack_publicize_message":"","jetpack_publicize_feature_enabled":true,"jetpack_social_post_already_shared":false,"jetpack_social_options":{"image_generator_settings":{"template":"highway","default_image_id":0,"font":"","enabled":false},"version":2}},"categories":[142,921,196],"tags":[2954,13362,5645,33157],"class_list":["post-54026","post","type-post","status-publish","format-standard","has-post-thumbnail","hentry","category-calabria","category-home","category-news","tag-almalaurea","tag-rettore-nicola-leone","tag-unical","tag-xxvi-rapporto-occupati-laureati"],"yoast_head":"<!-- This site is optimized with the Yoast SEO plugin v27.2 - https:\/\/yoast.com\/product\/yoast-seo-wordpress\/ -->\n<title>Unical: Almalaurea conferma crescita occupazionale dei laureati<\/title>\n<meta name=\"description\" content=\"Dal XXVI rapporto del Consorzio Almalaurea emerge la crescita occupazionale degli iscritti, l&#039;Ateneo si conferma ascensore sociale\" \/>\n<meta name=\"robots\" content=\"index, follow, max-snippet:-1, max-image-preview:large, max-video-preview:-1\" \/>\n<link rel=\"canonical\" href=\"https:\/\/progettotouring.it\/radiotouring104\/2024\/06\/26\/unical-almalaurea-conferma-crescita-occupazionale-dei-laureati\/\" \/>\n<meta property=\"og:locale\" content=\"it_IT\" \/>\n<meta property=\"og:type\" content=\"article\" \/>\n<meta property=\"og:title\" content=\"Unical: Almalaurea conferma crescita occupazionale dei laureati\" \/>\n<meta property=\"og:description\" content=\"Dal XXVI rapporto del Consorzio Almalaurea emerge la crescita occupazionale degli iscritti, l&#039;Ateneo si conferma ascensore sociale\" \/>\n<meta property=\"og:url\" content=\"https:\/\/progettotouring.it\/radiotouring104\/2024\/06\/26\/unical-almalaurea-conferma-crescita-occupazionale-dei-laureati\/\" \/>\n<meta property=\"og:site_name\" content=\"Radio Touring 104\" \/>\n<meta property=\"article:published_time\" content=\"2024-06-26T07:57:07+00:00\" \/>\n<meta property=\"og:image\" content=\"https:\/\/progettotouring.it\/radiotouring104\/wp-content\/uploads\/sites\/6\/2022\/12\/unical-1.jpg\" \/>\n\t<meta property=\"og:image:width\" content=\"1200\" \/>\n\t<meta property=\"og:image:height\" content=\"642\" \/>\n\t<meta property=\"og:image:type\" content=\"image\/jpeg\" \/>\n<meta name=\"author\" content=\"Sebastiano Plutino\" \/>\n<meta name=\"twitter:card\" content=\"summary_large_image\" \/>\n<meta name=\"twitter:label1\" content=\"Scritto da\" \/>\n\t<meta name=\"twitter:data1\" content=\"Sebastiano Plutino\" \/>\n\t<meta name=\"twitter:label2\" content=\"Tempo di lettura stimato\" \/>\n\t<meta name=\"twitter:data2\" content=\"3 minuti\" \/>\n<script type=\"application\/ld+json\" class=\"yoast-schema-graph\">{\"@context\":\"https:\/\/schema.org\",\"@graph\":[{\"@type\":\"Article\",\"@id\":\"https:\/\/progettotouring.it\/radiotouring104\/2024\/06\/26\/unical-almalaurea-conferma-crescita-occupazionale-dei-laureati\/#article\",\"isPartOf\":{\"@id\":\"https:\/\/progettotouring.it\/radiotouring104\/2024\/06\/26\/unical-almalaurea-conferma-crescita-occupazionale-dei-laureati\/\"},\"author\":{\"name\":\"Sebastiano Plutino\",\"@id\":\"https:\/\/progettotouring.it\/radiotouring104\/#\/schema\/person\/78613917f1851f041f7483f5af1d422e\"},\"headline\":\"Unical: Almalaurea conferma crescita occupazionale dei laureati\",\"datePublished\":\"2024-06-26T07:57:07+00:00\",\"mainEntityOfPage\":{\"@id\":\"https:\/\/progettotouring.it\/radiotouring104\/2024\/06\/26\/unical-almalaurea-conferma-crescita-occupazionale-dei-laureati\/\"},\"wordCount\":517,\"publisher\":{\"@id\":\"https:\/\/progettotouring.it\/radiotouring104\/#organization\"},\"image\":{\"@id\":\"https:\/\/progettotouring.it\/radiotouring104\/2024\/06\/26\/unical-almalaurea-conferma-crescita-occupazionale-dei-laureati\/#primaryimage\"},\"thumbnailUrl\":\"https:\/\/progettotouring.it\/radiotouring104\/wp-content\/uploads\/sites\/6\/2022\/12\/unical-1.jpg\",\"keywords\":[\"Almalaurea\",\"rettore Nicola Leone\",\"Unical\",\"XXVI Rapporto occupati laureati\"],\"articleSection\":[\"Calabria\",\"Home\",\"News\"],\"inLanguage\":\"it-IT\"},{\"@type\":\"WebPage\",\"@id\":\"https:\/\/progettotouring.it\/radiotouring104\/2024\/06\/26\/unical-almalaurea-conferma-crescita-occupazionale-dei-laureati\/\",\"url\":\"https:\/\/progettotouring.it\/radiotouring104\/2024\/06\/26\/unical-almalaurea-conferma-crescita-occupazionale-dei-laureati\/\",\"name\":\"Unical: Almalaurea conferma crescita occupazionale dei laureati\",\"isPartOf\":{\"@id\":\"https:\/\/progettotouring.it\/radiotouring104\/#website\"},\"primaryImageOfPage\":{\"@id\":\"https:\/\/progettotouring.it\/radiotouring104\/2024\/06\/26\/unical-almalaurea-conferma-crescita-occupazionale-dei-laureati\/#primaryimage\"},\"image\":{\"@id\":\"https:\/\/progettotouring.it\/radiotouring104\/2024\/06\/26\/unical-almalaurea-conferma-crescita-occupazionale-dei-laureati\/#primaryimage\"},\"thumbnailUrl\":\"https:\/\/progettotouring.it\/radiotouring104\/wp-content\/uploads\/sites\/6\/2022\/12\/unical-1.jpg\",\"datePublished\":\"2024-06-26T07:57:07+00:00\",\"description\":\"Dal XXVI rapporto del Consorzio Almalaurea emerge la crescita occupazionale degli iscritti, l'Ateneo si conferma ascensore sociale\",\"breadcrumb\":{\"@id\":\"https:\/\/progettotouring.it\/radiotouring104\/2024\/06\/26\/unical-almalaurea-conferma-crescita-occupazionale-dei-laureati\/#breadcrumb\"},\"inLanguage\":\"it-IT\",\"potentialAction\":[{\"@type\":\"ReadAction\",\"target\":[\"https:\/\/progettotouring.it\/radiotouring104\/2024\/06\/26\/unical-almalaurea-conferma-crescita-occupazionale-dei-laureati\/\"]}]},{\"@type\":\"ImageObject\",\"inLanguage\":\"it-IT\",\"@id\":\"https:\/\/progettotouring.it\/radiotouring104\/2024\/06\/26\/unical-almalaurea-conferma-crescita-occupazionale-dei-laureati\/#primaryimage\",\"url\":\"https:\/\/progettotouring.it\/radiotouring104\/wp-content\/uploads\/sites\/6\/2022\/12\/unical-1.jpg\",\"contentUrl\":\"https:\/\/progettotouring.it\/radiotouring104\/wp-content\/uploads\/sites\/6\/2022\/12\/unical-1.jpg\",\"width\":1200,\"height\":642},{\"@type\":\"BreadcrumbList\",\"@id\":\"https:\/\/progettotouring.it\/radiotouring104\/2024\/06\/26\/unical-almalaurea-conferma-crescita-occupazionale-dei-laureati\/#breadcrumb\",\"itemListElement\":[{\"@type\":\"ListItem\",\"position\":1,\"name\":\"Home\",\"item\":\"https:\/\/progettotouring.it\/radiotouring104\/\"},{\"@type\":\"ListItem\",\"position\":2,\"name\":\"Unical: Almalaurea conferma crescita occupazionale dei laureati\"}]},{\"@type\":\"WebSite\",\"@id\":\"https:\/\/progettotouring.it\/radiotouring104\/#website\",\"url\":\"https:\/\/progettotouring.it\/radiotouring104\/\",\"name\":\"Radio Touring 104\",\"description\":\"La prima radio Reggina\",\"publisher\":{\"@id\":\"https:\/\/progettotouring.it\/radiotouring104\/#organization\"},\"potentialAction\":[{\"@type\":\"SearchAction\",\"target\":{\"@type\":\"EntryPoint\",\"urlTemplate\":\"https:\/\/progettotouring.it\/radiotouring104\/?s={search_term_string}\"},\"query-input\":{\"@type\":\"PropertyValueSpecification\",\"valueRequired\":true,\"valueName\":\"search_term_string\"}}],\"inLanguage\":\"it-IT\"},{\"@type\":\"Organization\",\"@id\":\"https:\/\/progettotouring.it\/radiotouring104\/#organization\",\"name\":\"Radio Touring 104\",\"url\":\"https:\/\/progettotouring.it\/radiotouring104\/\",\"logo\":{\"@type\":\"ImageObject\",\"inLanguage\":\"it-IT\",\"@id\":\"https:\/\/progettotouring.it\/radiotouring104\/#\/schema\/logo\/image\/\",\"url\":\"https:\/\/progettotouring.it\/radiotouring104\/wp-content\/uploads\/sites\/6\/2022\/02\/cropped-logo-radio-touring-104.png\",\"contentUrl\":\"https:\/\/progettotouring.it\/radiotouring104\/wp-content\/uploads\/sites\/6\/2022\/02\/cropped-logo-radio-touring-104.png\",\"width\":377,\"height\":182,\"caption\":\"Radio Touring 104\"},\"image\":{\"@id\":\"https:\/\/progettotouring.it\/radiotouring104\/#\/schema\/logo\/image\/\"}},{\"@type\":\"Person\",\"@id\":\"https:\/\/progettotouring.it\/radiotouring104\/#\/schema\/person\/78613917f1851f041f7483f5af1d422e\",\"name\":\"Sebastiano Plutino\",\"image\":{\"@type\":\"ImageObject\",\"inLanguage\":\"it-IT\",\"@id\":\"https:\/\/secure.gravatar.com\/avatar\/0546ffaa9b79224faf9f2a156b67a529ae861d3287c66c1d8ccfdf909bcba78d?s=96&d=mm&r=g\",\"url\":\"https:\/\/secure.gravatar.com\/avatar\/0546ffaa9b79224faf9f2a156b67a529ae861d3287c66c1d8ccfdf909bcba78d?s=96&d=mm&r=g\",\"contentUrl\":\"https:\/\/secure.gravatar.com\/avatar\/0546ffaa9b79224faf9f2a156b67a529ae861d3287c66c1d8ccfdf909bcba78d?s=96&d=mm&r=g\",\"caption\":\"Sebastiano Plutino\"},\"url\":\"https:\/\/progettotouring.it\/radiotouring104\/author\/sebastiano\/\"}]}<\/script>\n<!-- \/ Yoast SEO plugin. -->","yoast_head_json":{"title":"Unical: Almalaurea conferma crescita occupazionale dei laureati","description":"Dal XXVI rapporto del Consorzio Almalaurea emerge la crescita occupazionale degli iscritti, l'Ateneo si conferma ascensore sociale","robots":{"index":"index","follow":"follow","max-snippet":"max-snippet:-1","max-image-preview":"max-image-preview:large","max-video-preview":"max-video-preview:-1"},"canonical":"https:\/\/progettotouring.it\/radiotouring104\/2024\/06\/26\/unical-almalaurea-conferma-crescita-occupazionale-dei-laureati\/","og_locale":"it_IT","og_type":"article","og_title":"Unical: Almalaurea conferma crescita occupazionale dei laureati","og_description":"Dal XXVI rapporto del Consorzio Almalaurea emerge la crescita occupazionale degli iscritti, l'Ateneo si conferma ascensore sociale","og_url":"https:\/\/progettotouring.it\/radiotouring104\/2024\/06\/26\/unical-almalaurea-conferma-crescita-occupazionale-dei-laureati\/","og_site_name":"Radio Touring 104","article_published_time":"2024-06-26T07:57:07+00:00","og_image":[{"width":1200,"height":642,"url":"https:\/\/progettotouring.it\/radiotouring104\/wp-content\/uploads\/sites\/6\/2022\/12\/unical-1.jpg","type":"image\/jpeg"}],"author":"Sebastiano Plutino","twitter_card":"summary_large_image","twitter_misc":{"Scritto da":"Sebastiano Plutino","Tempo di lettura stimato":"3 minuti"},"schema":{"@context":"https:\/\/schema.org","@graph":[{"@type":"Article","@id":"https:\/\/progettotouring.it\/radiotouring104\/2024\/06\/26\/unical-almalaurea-conferma-crescita-occupazionale-dei-laureati\/#article","isPartOf":{"@id":"https:\/\/progettotouring.it\/radiotouring104\/2024\/06\/26\/unical-almalaurea-conferma-crescita-occupazionale-dei-laureati\/"},"author":{"name":"Sebastiano Plutino","@id":"https:\/\/progettotouring.it\/radiotouring104\/#\/schema\/person\/78613917f1851f041f7483f5af1d422e"},"headline":"Unical: Almalaurea conferma crescita occupazionale dei laureati","datePublished":"2024-06-26T07:57:07+00:00","mainEntityOfPage":{"@id":"https:\/\/progettotouring.it\/radiotouring104\/2024\/06\/26\/unical-almalaurea-conferma-crescita-occupazionale-dei-laureati\/"},"wordCount":517,"publisher":{"@id":"https:\/\/progettotouring.it\/radiotouring104\/#organization"},"image":{"@id":"https:\/\/progettotouring.it\/radiotouring104\/2024\/06\/26\/unical-almalaurea-conferma-crescita-occupazionale-dei-laureati\/#primaryimage"},"thumbnailUrl":"https:\/\/progettotouring.it\/radiotouring104\/wp-content\/uploads\/sites\/6\/2022\/12\/unical-1.jpg","keywords":["Almalaurea","rettore Nicola Leone","Unical","XXVI Rapporto occupati laureati"],"articleSection":["Calabria","Home","News"],"inLanguage":"it-IT"},{"@type":"WebPage","@id":"https:\/\/progettotouring.it\/radiotouring104\/2024\/06\/26\/unical-almalaurea-conferma-crescita-occupazionale-dei-laureati\/","url":"https:\/\/progettotouring.it\/radiotouring104\/2024\/06\/26\/unical-almalaurea-conferma-crescita-occupazionale-dei-laureati\/","name":"Unical: Almalaurea conferma crescita occupazionale dei laureati","isPartOf":{"@id":"https:\/\/progettotouring.it\/radiotouring104\/#website"},"primaryImageOfPage":{"@id":"https:\/\/progettotouring.it\/radiotouring104\/2024\/06\/26\/unical-almalaurea-conferma-crescita-occupazionale-dei-laureati\/#primaryimage"},"image":{"@id":"https:\/\/progettotouring.it\/radiotouring104\/2024\/06\/26\/unical-almalaurea-conferma-crescita-occupazionale-dei-laureati\/#primaryimage"},"thumbnailUrl":"https:\/\/progettotouring.it\/radiotouring104\/wp-content\/uploads\/sites\/6\/2022\/12\/unical-1.jpg","datePublished":"2024-06-26T07:57:07+00:00","description":"Dal XXVI rapporto del Consorzio Almalaurea emerge la crescita occupazionale degli iscritti, l'Ateneo si conferma ascensore sociale","breadcrumb":{"@id":"https:\/\/progettotouring.it\/radiotouring104\/2024\/06\/26\/unical-almalaurea-conferma-crescita-occupazionale-dei-laureati\/#breadcrumb"},"inLanguage":"it-IT","potentialAction":[{"@type":"ReadAction","target":["https:\/\/progettotouring.it\/radiotouring104\/2024\/06\/26\/unical-almalaurea-conferma-crescita-occupazionale-dei-laureati\/"]}]},{"@type":"ImageObject","inLanguage":"it-IT","@id":"https:\/\/progettotouring.it\/radiotouring104\/2024\/06\/26\/unical-almalaurea-conferma-crescita-occupazionale-dei-laureati\/#primaryimage","url":"https:\/\/progettotouring.it\/radiotouring104\/wp-content\/uploads\/sites\/6\/2022\/12\/unical-1.jpg","contentUrl":"https:\/\/progettotouring.it\/radiotouring104\/wp-content\/uploads\/sites\/6\/2022\/12\/unical-1.jpg","width":1200,"height":642},{"@type":"BreadcrumbList","@id":"https:\/\/progettotouring.it\/radiotouring104\/2024\/06\/26\/unical-almalaurea-conferma-crescita-occupazionale-dei-laureati\/#breadcrumb","itemListElement":[{"@type":"ListItem","position":1,"name":"Home","item":"https:\/\/progettotouring.it\/radiotouring104\/"},{"@type":"ListItem","position":2,"name":"Unical: Almalaurea conferma crescita occupazionale dei laureati"}]},{"@type":"WebSite","@id":"https:\/\/progettotouring.it\/radiotouring104\/#website","url":"https:\/\/progettotouring.it\/radiotouring104\/","name":"Radio Touring 104","description":"La prima radio Reggina","publisher":{"@id":"https:\/\/progettotouring.it\/radiotouring104\/#organization"},"potentialAction":[{"@type":"SearchAction","target":{"@type":"EntryPoint","urlTemplate":"https:\/\/progettotouring.it\/radiotouring104\/?s={search_term_string}"},"query-input":{"@type":"PropertyValueSpecification","valueRequired":true,"valueName":"search_term_string"}}],"inLanguage":"it-IT"},{"@type":"Organization","@id":"https:\/\/progettotouring.it\/radiotouring104\/#organization","name":"Radio Touring 104","url":"https:\/\/progettotouring.it\/radiotouring104\/","logo":{"@type":"ImageObject","inLanguage":"it-IT","@id":"https:\/\/progettotouring.it\/radiotouring104\/#\/schema\/logo\/image\/","url":"https:\/\/progettotouring.it\/radiotouring104\/wp-content\/uploads\/sites\/6\/2022\/02\/cropped-logo-radio-touring-104.png","contentUrl":"https:\/\/progettotouring.it\/radiotouring104\/wp-content\/uploads\/sites\/6\/2022\/02\/cropped-logo-radio-touring-104.png","width":377,"height":182,"caption":"Radio Touring 104"},"image":{"@id":"https:\/\/progettotouring.it\/radiotouring104\/#\/schema\/logo\/image\/"}},{"@type":"Person","@id":"https:\/\/progettotouring.it\/radiotouring104\/#\/schema\/person\/78613917f1851f041f7483f5af1d422e","name":"Sebastiano Plutino","image":{"@type":"ImageObject","inLanguage":"it-IT","@id":"https:\/\/secure.gravatar.com\/avatar\/0546ffaa9b79224faf9f2a156b67a529ae861d3287c66c1d8ccfdf909bcba78d?s=96&d=mm&r=g","url":"https:\/\/secure.gravatar.com\/avatar\/0546ffaa9b79224faf9f2a156b67a529ae861d3287c66c1d8ccfdf909bcba78d?s=96&d=mm&r=g","contentUrl":"https:\/\/secure.gravatar.com\/avatar\/0546ffaa9b79224faf9f2a156b67a529ae861d3287c66c1d8ccfdf909bcba78d?s=96&d=mm&r=g","caption":"Sebastiano Plutino"},"url":"https:\/\/progettotouring.it\/radiotouring104\/author\/sebastiano\/"}]}},"jetpack_publicize_connections":[],"jetpack_featured_media_url":"https:\/\/progettotouring.it\/radiotouring104\/wp-content\/uploads\/sites\/6\/2022\/12\/unical-1.jpg","jetpack_sharing_enabled":true,"_links":{"self":[{"href":"https:\/\/progettotouring.it\/radiotouring104\/wp-json\/wp\/v2\/posts\/54026","targetHints":{"allow":["GET"]}}],"collection":[{"href":"https:\/\/progettotouring.it\/radiotouring104\/wp-json\/wp\/v2\/posts"}],"about":[{"href":"https:\/\/progettotouring.it\/radiotouring104\/wp-json\/wp\/v2\/types\/post"}],"author":[{"embeddable":true,"href":"https:\/\/progettotouring.it\/radiotouring104\/wp-json\/wp\/v2\/users\/12"}],"replies":[{"embeddable":true,"href":"https:\/\/progettotouring.it\/radiotouring104\/wp-json\/wp\/v2\/comments?post=54026"}],"version-history":[{"count":1,"href":"https:\/\/progettotouring.it\/radiotouring104\/wp-json\/wp\/v2\/posts\/54026\/revisions"}],"predecessor-version":[{"id":54027,"href":"https:\/\/progettotouring.it\/radiotouring104\/wp-json\/wp\/v2\/posts\/54026\/revisions\/54027"}],"wp:featuredmedia":[{"embeddable":true,"href":"https:\/\/progettotouring.it\/radiotouring104\/wp-json\/wp\/v2\/media\/15534"}],"wp:attachment":[{"href":"https:\/\/progettotouring.it\/radiotouring104\/wp-json\/wp\/v2\/media?parent=54026"}],"wp:term":[{"taxonomy":"category","embeddable":true,"href":"https:\/\/progettotouring.it\/radiotouring104\/wp-json\/wp\/v2\/categories?post=54026"},{"taxonomy":"post_tag","embeddable":true,"href":"https:\/\/progettotouring.it\/radiotouring104\/wp-json\/wp\/v2\/tags?post=54026"}],"curies":[{"name":"wp","href":"https:\/\/api.w.org\/{rel}","templated":true}]}}