{"id":54029,"date":"2024-06-26T10:07:42","date_gmt":"2024-06-26T08:07:42","guid":{"rendered":"https:\/\/progettotouring.it\/radiotouring104\/?p=54029"},"modified":"2024-06-26T10:08:35","modified_gmt":"2024-06-26T08:08:35","slug":"festa-gdf-a-catanzaro-generale-dalfonso-tra-le-nuove-sfide-anche-lutilizzo-della-ia","status":"publish","type":"post","link":"https:\/\/progettotouring.it\/radiotouring104\/2024\/06\/26\/festa-gdf-a-catanzaro-generale-dalfonso-tra-le-nuove-sfide-anche-lutilizzo-della-ia\/","title":{"rendered":"Festa Gdf a Catanzaro, Generale D&#8217;Alfonso: Tra le nuove sfide anche l&#8217;utilizzo della IA&#8221;"},"content":{"rendered":"<p style=\"text-align: justify\"><em>&#8220;Le nuove sfide presenti e future sono sicuramente l&#8217;utilizzo e lo sviluppo delle banche dati, delle reti informatiche e quindi anche dell&#8217;intelligenza artificiale&#8221;, <\/em><strong>ha dichiarato il\u00a0comandante regionale della Guardia di Finanza, il generale Gianluigi D&#8217;Alfonso, alla cerimonia per il 250mo anniversario della fondazione del Corpo<\/strong> svoltasi nel parco della Biodiversit\u00e0 a Catanzaro.<br \/>\n<em>&#8220;Le nostre priorit\u00e0 &#8211;<\/em><strong> ha aggiunto-<\/strong> <em>sono ovviamente il contrasto alla criminalit\u00e0 organizzata attraverso i poteri tipici e unici della Guardia di finanza come polizia economico-finanziaria e quindi colpire la &#8216;ndrangheta nei patrimoni illecitamente accumulati. <\/em><em>Oggi la criminalit\u00e0 organizzata si \u00e8 evoluta, non si appalesa, ma agisce in maniera subdola, attraverso le attivit\u00e0 economiche. Noi vogliamo proprio colpire questo aspetto soprattutto attraverso il contrasto patrimoniale&#8221;.<\/em><\/p>\n<p style=\"text-align: justify\"><strong>Un altro aspetto importante \u00e8 la vigilanza sul Pnrr.<\/strong> &#8220;<em>Abbiamo stipulato diversi protocolli d&#8217;intesa, soprattutto con la Regione Calabria, ma anche con le amministrazioni comunali e provinciali, perch\u00e9 sono queste amministrazioni che gestiscono i fondi Pnrr. La nostra priorit\u00e0<\/em> &#8211; ha spiegato il generale D&#8217;Alfonso <em>&#8211; \u00e8 quella di prevenire che ci siano delle infiltrazioni criminali e che facciano perdere questi fondi.<\/em> Prevenire attraverso la collaborazione con istituzioni che possono segnalarci situazioni di pericolo e noi possiamo subito intervenire evitando che questi fondi poi vengano persi perch\u00e9 entrano in mano della criminalit\u00e0 organizzata&#8221;. Sotto stretta osservazione anche la sanit\u00e0, che per il comandante regionale della Guardia di finanza &#8220;rappresenta un salvadanaio di risorse che va tutelato maggiormente perch\u00e9 per la Calabria rappresenta anche un aspetto per colmare le differenze sociali e per colmare anche differenze con altre regioni&#8221;.<\/p>\n<p style=\"text-align: justify\"><strong>Un anniversario anche per celebrare gli uomini delle Fiamme Gialle e un momento importante per l&#8217;invito<\/strong> a<em> &#8220;collaborare, nel senso che noi abbiamo una Guardia di finanza protesa pi\u00f9 che a reprimere, a prevenire i fenomeni illeciti. Per prevenire ovviamente &#8211; ha concluso il generale D&#8217;Alfonso &#8211; occorrono informazioni, occorrono collaborazioni sia da parte dell&#8217;istituzione che da parte dei cittadini&#8221;.<\/em><\/p>\n<p style=\"text-align: justify\"><strong>Nel corso della cerimonia D&#8217;Alfonso,<\/strong> ha passato in rassegna lo schieramento dei finanzieri appartenenti a diverse specializzazioni, inaugurando cos\u00ec la cerimonia militare, alla quale hanno preso parte anche i Gonfaloni della Regione Calabria, dell&#8217;Amministrazione Provinciale e del Comune di Catanzaro, nonch\u00e9 dell&#8217;Istituto del Nastro Azzurro. La cerimonia, alla quale hanno partecipato il presidente della Regione Calabria <strong>Roberto Occhiuto<\/strong> e delle le massime autorit\u00e0 giudiziarie, civili, militari e religiose regionali, oltre ai Comandanti provinciali e del Reparto operativo aeronavale del Corpo, si \u00e8 conclusa con l&#8217;intitolazione della Sala espositiva della Guardia di finanza al Museo storico militare &#8220;Brigata Catanzaro&#8221; ad un militare del Corpo, <strong>Giovanni Battista Mazza<\/strong>, gravemente ferito durante la Grande guerra e decorato con la Medaglia di Bronzo al Valor Militare.<\/p>\n","protected":false},"excerpt":{"rendered":"<p>&#8220;Le nuove sfide presenti e future sono sicuramente l&#8217;utilizzo e lo sviluppo delle banche dati, delle reti informatiche e quindi anche dell&#8217;intelligenza artificiale&#8221;, ha dichiarato il\u00a0comandante regionale della Guardia di&hellip;<\/p>\n","protected":false},"author":12,"featured_media":7139,"comment_status":"closed","ping_status":"open","sticky":false,"template":"","format":"standard","meta":{"_jetpack_memberships_contains_paid_content":false,"footnotes":"","jetpack_publicize_message":"","jetpack_publicize_feature_enabled":true,"jetpack_social_post_already_shared":false,"jetpack_social_options":{"image_generator_settings":{"template":"highway","default_image_id":0,"font":"","enabled":false},"version":2}},"categories":[142,921,196],"tags":[33159,698,30777,33158,18340],"class_list":["post-54029","post","type-post","status-publish","format-standard","has-post-thumbnail","hentry","category-calabria","category-home","category-news","tag-250-anni-guardia-di-finanza","tag-catanzaro","tag-gianluigi-dalfonso","tag-lutilizzo-della-ia","tag-occhiuto-roberto"],"yoast_head":"<!-- This site is optimized with the Yoast SEO plugin v27.2 - https:\/\/yoast.com\/product\/yoast-seo-wordpress\/ -->\n<title>Generale D&#039;Alfonso: Tra le nuove sfide anche l&#039;utilizzo della IA&quot;<\/title>\n<meta name=\"description\" content=\"Svolta a Catanzaro la cerimonia in occasione del 250\u00b0 anniversario dalla Fondazione del Corpo della Guardia di Finanza\" \/>\n<meta name=\"robots\" content=\"index, follow, max-snippet:-1, max-image-preview:large, max-video-preview:-1\" \/>\n<link rel=\"canonical\" href=\"https:\/\/progettotouring.it\/radiotouring104\/2024\/06\/26\/festa-gdf-a-catanzaro-generale-dalfonso-tra-le-nuove-sfide-anche-lutilizzo-della-ia\/\" \/>\n<meta property=\"og:locale\" content=\"it_IT\" \/>\n<meta property=\"og:type\" content=\"article\" \/>\n<meta property=\"og:title\" content=\"Generale D&#039;Alfonso: Tra le nuove sfide anche l&#039;utilizzo della IA&quot;\" \/>\n<meta property=\"og:description\" content=\"Svolta a Catanzaro la cerimonia in occasione del 250\u00b0 anniversario dalla Fondazione del Corpo della Guardia di Finanza\" \/>\n<meta property=\"og:url\" content=\"https:\/\/progettotouring.it\/radiotouring104\/2024\/06\/26\/festa-gdf-a-catanzaro-generale-dalfonso-tra-le-nuove-sfide-anche-lutilizzo-della-ia\/\" \/>\n<meta property=\"og:site_name\" content=\"Radio Touring 104\" \/>\n<meta property=\"article:published_time\" content=\"2024-06-26T08:07:42+00:00\" \/>\n<meta property=\"article:modified_time\" content=\"2024-06-26T08:08:35+00:00\" \/>\n<meta property=\"og:image\" content=\"https:\/\/progettotouring.it\/radiotouring104\/wp-content\/uploads\/sites\/6\/2022\/06\/guardia-di-finanza-3.jpeg\" \/>\n\t<meta property=\"og:image:width\" content=\"1599\" \/>\n\t<meta property=\"og:image:height\" content=\"1200\" \/>\n\t<meta property=\"og:image:type\" content=\"image\/jpeg\" \/>\n<meta name=\"author\" content=\"Sebastiano Plutino\" \/>\n<meta name=\"twitter:card\" content=\"summary_large_image\" \/>\n<meta name=\"twitter:label1\" content=\"Scritto da\" \/>\n\t<meta name=\"twitter:data1\" content=\"Sebastiano Plutino\" \/>\n\t<meta name=\"twitter:label2\" content=\"Tempo di lettura stimato\" \/>\n\t<meta name=\"twitter:data2\" content=\"2 minuti\" \/>\n<script type=\"application\/ld+json\" class=\"yoast-schema-graph\">{\"@context\":\"https:\/\/schema.org\",\"@graph\":[{\"@type\":\"Article\",\"@id\":\"https:\/\/progettotouring.it\/radiotouring104\/2024\/06\/26\/festa-gdf-a-catanzaro-generale-dalfonso-tra-le-nuove-sfide-anche-lutilizzo-della-ia\/#article\",\"isPartOf\":{\"@id\":\"https:\/\/progettotouring.it\/radiotouring104\/2024\/06\/26\/festa-gdf-a-catanzaro-generale-dalfonso-tra-le-nuove-sfide-anche-lutilizzo-della-ia\/\"},\"author\":{\"name\":\"Sebastiano Plutino\",\"@id\":\"https:\/\/progettotouring.it\/radiotouring104\/#\/schema\/person\/78613917f1851f041f7483f5af1d422e\"},\"headline\":\"Festa Gdf a Catanzaro, Generale D&#8217;Alfonso: Tra le nuove sfide anche l&#8217;utilizzo della IA&#8221;\",\"datePublished\":\"2024-06-26T08:07:42+00:00\",\"dateModified\":\"2024-06-26T08:08:35+00:00\",\"mainEntityOfPage\":{\"@id\":\"https:\/\/progettotouring.it\/radiotouring104\/2024\/06\/26\/festa-gdf-a-catanzaro-generale-dalfonso-tra-le-nuove-sfide-anche-lutilizzo-della-ia\/\"},\"wordCount\":448,\"publisher\":{\"@id\":\"https:\/\/progettotouring.it\/radiotouring104\/#organization\"},\"image\":{\"@id\":\"https:\/\/progettotouring.it\/radiotouring104\/2024\/06\/26\/festa-gdf-a-catanzaro-generale-dalfonso-tra-le-nuove-sfide-anche-lutilizzo-della-ia\/#primaryimage\"},\"thumbnailUrl\":\"https:\/\/progettotouring.it\/radiotouring104\/wp-content\/uploads\/sites\/6\/2022\/06\/guardia-di-finanza-3.jpeg\",\"keywords\":[\"250 anni Guardia di Finanza\",\"catanzaro\",\"Gianluigi D'Alfonso\",\"l'utilizzo della IA\",\"Occhiuto Roberto\"],\"articleSection\":[\"Calabria\",\"Home\",\"News\"],\"inLanguage\":\"it-IT\"},{\"@type\":\"WebPage\",\"@id\":\"https:\/\/progettotouring.it\/radiotouring104\/2024\/06\/26\/festa-gdf-a-catanzaro-generale-dalfonso-tra-le-nuove-sfide-anche-lutilizzo-della-ia\/\",\"url\":\"https:\/\/progettotouring.it\/radiotouring104\/2024\/06\/26\/festa-gdf-a-catanzaro-generale-dalfonso-tra-le-nuove-sfide-anche-lutilizzo-della-ia\/\",\"name\":\"Generale D'Alfonso: Tra le nuove sfide anche l'utilizzo della IA\\\"\",\"isPartOf\":{\"@id\":\"https:\/\/progettotouring.it\/radiotouring104\/#website\"},\"primaryImageOfPage\":{\"@id\":\"https:\/\/progettotouring.it\/radiotouring104\/2024\/06\/26\/festa-gdf-a-catanzaro-generale-dalfonso-tra-le-nuove-sfide-anche-lutilizzo-della-ia\/#primaryimage\"},\"image\":{\"@id\":\"https:\/\/progettotouring.it\/radiotouring104\/2024\/06\/26\/festa-gdf-a-catanzaro-generale-dalfonso-tra-le-nuove-sfide-anche-lutilizzo-della-ia\/#primaryimage\"},\"thumbnailUrl\":\"https:\/\/progettotouring.it\/radiotouring104\/wp-content\/uploads\/sites\/6\/2022\/06\/guardia-di-finanza-3.jpeg\",\"datePublished\":\"2024-06-26T08:07:42+00:00\",\"dateModified\":\"2024-06-26T08:08:35+00:00\",\"description\":\"Svolta a Catanzaro la cerimonia in occasione del 250\u00b0 anniversario dalla Fondazione del Corpo della Guardia di Finanza\",\"breadcrumb\":{\"@id\":\"https:\/\/progettotouring.it\/radiotouring104\/2024\/06\/26\/festa-gdf-a-catanzaro-generale-dalfonso-tra-le-nuove-sfide-anche-lutilizzo-della-ia\/#breadcrumb\"},\"inLanguage\":\"it-IT\",\"potentialAction\":[{\"@type\":\"ReadAction\",\"target\":[\"https:\/\/progettotouring.it\/radiotouring104\/2024\/06\/26\/festa-gdf-a-catanzaro-generale-dalfonso-tra-le-nuove-sfide-anche-lutilizzo-della-ia\/\"]}]},{\"@type\":\"ImageObject\",\"inLanguage\":\"it-IT\",\"@id\":\"https:\/\/progettotouring.it\/radiotouring104\/2024\/06\/26\/festa-gdf-a-catanzaro-generale-dalfonso-tra-le-nuove-sfide-anche-lutilizzo-della-ia\/#primaryimage\",\"url\":\"https:\/\/progettotouring.it\/radiotouring104\/wp-content\/uploads\/sites\/6\/2022\/06\/guardia-di-finanza-3.jpeg\",\"contentUrl\":\"https:\/\/progettotouring.it\/radiotouring104\/wp-content\/uploads\/sites\/6\/2022\/06\/guardia-di-finanza-3.jpeg\",\"width\":1599,\"height\":1200},{\"@type\":\"BreadcrumbList\",\"@id\":\"https:\/\/progettotouring.it\/radiotouring104\/2024\/06\/26\/festa-gdf-a-catanzaro-generale-dalfonso-tra-le-nuove-sfide-anche-lutilizzo-della-ia\/#breadcrumb\",\"itemListElement\":[{\"@type\":\"ListItem\",\"position\":1,\"name\":\"Home\",\"item\":\"https:\/\/progettotouring.it\/radiotouring104\/\"},{\"@type\":\"ListItem\",\"position\":2,\"name\":\"Festa Gdf a Catanzaro, Generale D&#8217;Alfonso: Tra le nuove sfide anche l&#8217;utilizzo della IA&#8221;\"}]},{\"@type\":\"WebSite\",\"@id\":\"https:\/\/progettotouring.it\/radiotouring104\/#website\",\"url\":\"https:\/\/progettotouring.it\/radiotouring104\/\",\"name\":\"Radio Touring 104\",\"description\":\"La prima radio Reggina\",\"publisher\":{\"@id\":\"https:\/\/progettotouring.it\/radiotouring104\/#organization\"},\"potentialAction\":[{\"@type\":\"SearchAction\",\"target\":{\"@type\":\"EntryPoint\",\"urlTemplate\":\"https:\/\/progettotouring.it\/radiotouring104\/?s={search_term_string}\"},\"query-input\":{\"@type\":\"PropertyValueSpecification\",\"valueRequired\":true,\"valueName\":\"search_term_string\"}}],\"inLanguage\":\"it-IT\"},{\"@type\":\"Organization\",\"@id\":\"https:\/\/progettotouring.it\/radiotouring104\/#organization\",\"name\":\"Radio Touring 104\",\"url\":\"https:\/\/progettotouring.it\/radiotouring104\/\",\"logo\":{\"@type\":\"ImageObject\",\"inLanguage\":\"it-IT\",\"@id\":\"https:\/\/progettotouring.it\/radiotouring104\/#\/schema\/logo\/image\/\",\"url\":\"https:\/\/progettotouring.it\/radiotouring104\/wp-content\/uploads\/sites\/6\/2022\/02\/cropped-logo-radio-touring-104.png\",\"contentUrl\":\"https:\/\/progettotouring.it\/radiotouring104\/wp-content\/uploads\/sites\/6\/2022\/02\/cropped-logo-radio-touring-104.png\",\"width\":377,\"height\":182,\"caption\":\"Radio Touring 104\"},\"image\":{\"@id\":\"https:\/\/progettotouring.it\/radiotouring104\/#\/schema\/logo\/image\/\"}},{\"@type\":\"Person\",\"@id\":\"https:\/\/progettotouring.it\/radiotouring104\/#\/schema\/person\/78613917f1851f041f7483f5af1d422e\",\"name\":\"Sebastiano Plutino\",\"image\":{\"@type\":\"ImageObject\",\"inLanguage\":\"it-IT\",\"@id\":\"https:\/\/secure.gravatar.com\/avatar\/0546ffaa9b79224faf9f2a156b67a529ae861d3287c66c1d8ccfdf909bcba78d?s=96&d=mm&r=g\",\"url\":\"https:\/\/secure.gravatar.com\/avatar\/0546ffaa9b79224faf9f2a156b67a529ae861d3287c66c1d8ccfdf909bcba78d?s=96&d=mm&r=g\",\"contentUrl\":\"https:\/\/secure.gravatar.com\/avatar\/0546ffaa9b79224faf9f2a156b67a529ae861d3287c66c1d8ccfdf909bcba78d?s=96&d=mm&r=g\",\"caption\":\"Sebastiano Plutino\"},\"url\":\"https:\/\/progettotouring.it\/radiotouring104\/author\/sebastiano\/\"}]}<\/script>\n<!-- \/ Yoast SEO plugin. -->","yoast_head_json":{"title":"Generale D'Alfonso: Tra le nuove sfide anche l'utilizzo della IA\"","description":"Svolta a Catanzaro la cerimonia in occasione del 250\u00b0 anniversario dalla Fondazione del Corpo della Guardia di Finanza","robots":{"index":"index","follow":"follow","max-snippet":"max-snippet:-1","max-image-preview":"max-image-preview:large","max-video-preview":"max-video-preview:-1"},"canonical":"https:\/\/progettotouring.it\/radiotouring104\/2024\/06\/26\/festa-gdf-a-catanzaro-generale-dalfonso-tra-le-nuove-sfide-anche-lutilizzo-della-ia\/","og_locale":"it_IT","og_type":"article","og_title":"Generale D'Alfonso: Tra le nuove sfide anche l'utilizzo della IA\"","og_description":"Svolta a Catanzaro la cerimonia in occasione del 250\u00b0 anniversario dalla Fondazione del Corpo della Guardia di Finanza","og_url":"https:\/\/progettotouring.it\/radiotouring104\/2024\/06\/26\/festa-gdf-a-catanzaro-generale-dalfonso-tra-le-nuove-sfide-anche-lutilizzo-della-ia\/","og_site_name":"Radio Touring 104","article_published_time":"2024-06-26T08:07:42+00:00","article_modified_time":"2024-06-26T08:08:35+00:00","og_image":[{"width":1599,"height":1200,"url":"https:\/\/progettotouring.it\/radiotouring104\/wp-content\/uploads\/sites\/6\/2022\/06\/guardia-di-finanza-3.jpeg","type":"image\/jpeg"}],"author":"Sebastiano Plutino","twitter_card":"summary_large_image","twitter_misc":{"Scritto da":"Sebastiano Plutino","Tempo di lettura stimato":"2 minuti"},"schema":{"@context":"https:\/\/schema.org","@graph":[{"@type":"Article","@id":"https:\/\/progettotouring.it\/radiotouring104\/2024\/06\/26\/festa-gdf-a-catanzaro-generale-dalfonso-tra-le-nuove-sfide-anche-lutilizzo-della-ia\/#article","isPartOf":{"@id":"https:\/\/progettotouring.it\/radiotouring104\/2024\/06\/26\/festa-gdf-a-catanzaro-generale-dalfonso-tra-le-nuove-sfide-anche-lutilizzo-della-ia\/"},"author":{"name":"Sebastiano Plutino","@id":"https:\/\/progettotouring.it\/radiotouring104\/#\/schema\/person\/78613917f1851f041f7483f5af1d422e"},"headline":"Festa Gdf a Catanzaro, Generale D&#8217;Alfonso: Tra le nuove sfide anche l&#8217;utilizzo della IA&#8221;","datePublished":"2024-06-26T08:07:42+00:00","dateModified":"2024-06-26T08:08:35+00:00","mainEntityOfPage":{"@id":"https:\/\/progettotouring.it\/radiotouring104\/2024\/06\/26\/festa-gdf-a-catanzaro-generale-dalfonso-tra-le-nuove-sfide-anche-lutilizzo-della-ia\/"},"wordCount":448,"publisher":{"@id":"https:\/\/progettotouring.it\/radiotouring104\/#organization"},"image":{"@id":"https:\/\/progettotouring.it\/radiotouring104\/2024\/06\/26\/festa-gdf-a-catanzaro-generale-dalfonso-tra-le-nuove-sfide-anche-lutilizzo-della-ia\/#primaryimage"},"thumbnailUrl":"https:\/\/progettotouring.it\/radiotouring104\/wp-content\/uploads\/sites\/6\/2022\/06\/guardia-di-finanza-3.jpeg","keywords":["250 anni Guardia di Finanza","catanzaro","Gianluigi D'Alfonso","l'utilizzo della IA","Occhiuto Roberto"],"articleSection":["Calabria","Home","News"],"inLanguage":"it-IT"},{"@type":"WebPage","@id":"https:\/\/progettotouring.it\/radiotouring104\/2024\/06\/26\/festa-gdf-a-catanzaro-generale-dalfonso-tra-le-nuove-sfide-anche-lutilizzo-della-ia\/","url":"https:\/\/progettotouring.it\/radiotouring104\/2024\/06\/26\/festa-gdf-a-catanzaro-generale-dalfonso-tra-le-nuove-sfide-anche-lutilizzo-della-ia\/","name":"Generale D'Alfonso: Tra le nuove sfide anche l'utilizzo della IA\"","isPartOf":{"@id":"https:\/\/progettotouring.it\/radiotouring104\/#website"},"primaryImageOfPage":{"@id":"https:\/\/progettotouring.it\/radiotouring104\/2024\/06\/26\/festa-gdf-a-catanzaro-generale-dalfonso-tra-le-nuove-sfide-anche-lutilizzo-della-ia\/#primaryimage"},"image":{"@id":"https:\/\/progettotouring.it\/radiotouring104\/2024\/06\/26\/festa-gdf-a-catanzaro-generale-dalfonso-tra-le-nuove-sfide-anche-lutilizzo-della-ia\/#primaryimage"},"thumbnailUrl":"https:\/\/progettotouring.it\/radiotouring104\/wp-content\/uploads\/sites\/6\/2022\/06\/guardia-di-finanza-3.jpeg","datePublished":"2024-06-26T08:07:42+00:00","dateModified":"2024-06-26T08:08:35+00:00","description":"Svolta a Catanzaro la cerimonia in occasione del 250\u00b0 anniversario dalla Fondazione del Corpo della Guardia di Finanza","breadcrumb":{"@id":"https:\/\/progettotouring.it\/radiotouring104\/2024\/06\/26\/festa-gdf-a-catanzaro-generale-dalfonso-tra-le-nuove-sfide-anche-lutilizzo-della-ia\/#breadcrumb"},"inLanguage":"it-IT","potentialAction":[{"@type":"ReadAction","target":["https:\/\/progettotouring.it\/radiotouring104\/2024\/06\/26\/festa-gdf-a-catanzaro-generale-dalfonso-tra-le-nuove-sfide-anche-lutilizzo-della-ia\/"]}]},{"@type":"ImageObject","inLanguage":"it-IT","@id":"https:\/\/progettotouring.it\/radiotouring104\/2024\/06\/26\/festa-gdf-a-catanzaro-generale-dalfonso-tra-le-nuove-sfide-anche-lutilizzo-della-ia\/#primaryimage","url":"https:\/\/progettotouring.it\/radiotouring104\/wp-content\/uploads\/sites\/6\/2022\/06\/guardia-di-finanza-3.jpeg","contentUrl":"https:\/\/progettotouring.it\/radiotouring104\/wp-content\/uploads\/sites\/6\/2022\/06\/guardia-di-finanza-3.jpeg","width":1599,"height":1200},{"@type":"BreadcrumbList","@id":"https:\/\/progettotouring.it\/radiotouring104\/2024\/06\/26\/festa-gdf-a-catanzaro-generale-dalfonso-tra-le-nuove-sfide-anche-lutilizzo-della-ia\/#breadcrumb","itemListElement":[{"@type":"ListItem","position":1,"name":"Home","item":"https:\/\/progettotouring.it\/radiotouring104\/"},{"@type":"ListItem","position":2,"name":"Festa Gdf a Catanzaro, Generale D&#8217;Alfonso: Tra le nuove sfide anche l&#8217;utilizzo della IA&#8221;"}]},{"@type":"WebSite","@id":"https:\/\/progettotouring.it\/radiotouring104\/#website","url":"https:\/\/progettotouring.it\/radiotouring104\/","name":"Radio Touring 104","description":"La prima radio Reggina","publisher":{"@id":"https:\/\/progettotouring.it\/radiotouring104\/#organization"},"potentialAction":[{"@type":"SearchAction","target":{"@type":"EntryPoint","urlTemplate":"https:\/\/progettotouring.it\/radiotouring104\/?s={search_term_string}"},"query-input":{"@type":"PropertyValueSpecification","valueRequired":true,"valueName":"search_term_string"}}],"inLanguage":"it-IT"},{"@type":"Organization","@id":"https:\/\/progettotouring.it\/radiotouring104\/#organization","name":"Radio Touring 104","url":"https:\/\/progettotouring.it\/radiotouring104\/","logo":{"@type":"ImageObject","inLanguage":"it-IT","@id":"https:\/\/progettotouring.it\/radiotouring104\/#\/schema\/logo\/image\/","url":"https:\/\/progettotouring.it\/radiotouring104\/wp-content\/uploads\/sites\/6\/2022\/02\/cropped-logo-radio-touring-104.png","contentUrl":"https:\/\/progettotouring.it\/radiotouring104\/wp-content\/uploads\/sites\/6\/2022\/02\/cropped-logo-radio-touring-104.png","width":377,"height":182,"caption":"Radio Touring 104"},"image":{"@id":"https:\/\/progettotouring.it\/radiotouring104\/#\/schema\/logo\/image\/"}},{"@type":"Person","@id":"https:\/\/progettotouring.it\/radiotouring104\/#\/schema\/person\/78613917f1851f041f7483f5af1d422e","name":"Sebastiano Plutino","image":{"@type":"ImageObject","inLanguage":"it-IT","@id":"https:\/\/secure.gravatar.com\/avatar\/0546ffaa9b79224faf9f2a156b67a529ae861d3287c66c1d8ccfdf909bcba78d?s=96&d=mm&r=g","url":"https:\/\/secure.gravatar.com\/avatar\/0546ffaa9b79224faf9f2a156b67a529ae861d3287c66c1d8ccfdf909bcba78d?s=96&d=mm&r=g","contentUrl":"https:\/\/secure.gravatar.com\/avatar\/0546ffaa9b79224faf9f2a156b67a529ae861d3287c66c1d8ccfdf909bcba78d?s=96&d=mm&r=g","caption":"Sebastiano Plutino"},"url":"https:\/\/progettotouring.it\/radiotouring104\/author\/sebastiano\/"}]}},"jetpack_publicize_connections":[],"jetpack_featured_media_url":"https:\/\/progettotouring.it\/radiotouring104\/wp-content\/uploads\/sites\/6\/2022\/06\/guardia-di-finanza-3.jpeg","jetpack_sharing_enabled":true,"_links":{"self":[{"href":"https:\/\/progettotouring.it\/radiotouring104\/wp-json\/wp\/v2\/posts\/54029","targetHints":{"allow":["GET"]}}],"collection":[{"href":"https:\/\/progettotouring.it\/radiotouring104\/wp-json\/wp\/v2\/posts"}],"about":[{"href":"https:\/\/progettotouring.it\/radiotouring104\/wp-json\/wp\/v2\/types\/post"}],"author":[{"embeddable":true,"href":"https:\/\/progettotouring.it\/radiotouring104\/wp-json\/wp\/v2\/users\/12"}],"replies":[{"embeddable":true,"href":"https:\/\/progettotouring.it\/radiotouring104\/wp-json\/wp\/v2\/comments?post=54029"}],"version-history":[{"count":1,"href":"https:\/\/progettotouring.it\/radiotouring104\/wp-json\/wp\/v2\/posts\/54029\/revisions"}],"predecessor-version":[{"id":54030,"href":"https:\/\/progettotouring.it\/radiotouring104\/wp-json\/wp\/v2\/posts\/54029\/revisions\/54030"}],"wp:featuredmedia":[{"embeddable":true,"href":"https:\/\/progettotouring.it\/radiotouring104\/wp-json\/wp\/v2\/media\/7139"}],"wp:attachment":[{"href":"https:\/\/progettotouring.it\/radiotouring104\/wp-json\/wp\/v2\/media?parent=54029"}],"wp:term":[{"taxonomy":"category","embeddable":true,"href":"https:\/\/progettotouring.it\/radiotouring104\/wp-json\/wp\/v2\/categories?post=54029"},{"taxonomy":"post_tag","embeddable":true,"href":"https:\/\/progettotouring.it\/radiotouring104\/wp-json\/wp\/v2\/tags?post=54029"}],"curies":[{"name":"wp","href":"https:\/\/api.w.org\/{rel}","templated":true}]}}