{"id":54031,"date":"2024-06-26T10:18:50","date_gmt":"2024-06-26T08:18:50","guid":{"rendered":"https:\/\/progettotouring.it\/radiotouring104\/?p=54031"},"modified":"2024-06-26T10:18:50","modified_gmt":"2024-06-26T08:18:50","slug":"crotone-consegnata-in-prefettura-la-petizione-del-comitato-fuori-i-veleni-crotone-vuole-vivere","status":"publish","type":"post","link":"https:\/\/progettotouring.it\/radiotouring104\/2024\/06\/26\/crotone-consegnata-in-prefettura-la-petizione-del-comitato-fuori-i-veleni-crotone-vuole-vivere\/","title":{"rendered":"Crotone: consegnata in Prefettura la petizione del Comitato &#8220;Fuori i Veleni Crotone vuole vivere&#8221;"},"content":{"rendered":"<p style=\"text-align: justify\"><strong>Il Comitato <\/strong><em><strong>&#8216;<\/strong>Fuori i Veleni Crotone<\/em> vuole vivere&#8217;<strong> ha consegnato in Prefettura una petizione<\/strong> firmata da 4.994 cittadini crotonesi (per un disguido, mancano circa 1.500 firme raccolte dal Pd sullo stesso argomento) <strong>per ribadire la contrariet\u00e0 allo smaltimento in Calabria dei rifiuti della bonifica dell&#8217;area industriale<\/strong>.<br \/>\n<strong>La petizione<\/strong> \u00e8 stata lanciata ad aprile scorso in vista della conferenza dei servizi <strong>che proprio oggi, 26 giugno, deve decidere sulla richiesta variante al Piano operativo di bonifica<\/strong> fase 2 proposta da Eni Rewind al ministero dell&#8217;ambiente.<\/p>\n<p style=\"text-align: justify\"><strong>Al viceprefetto D&#8217;Alessio \u00e8 stata consegnata anche una lettera inviata al<\/strong> presidente della Regione Calabria, <strong>Roberto Occhiuto<\/strong>, alla Giunta regionale e ai consiglieri regionali di maggioranza ed opposizione, <strong>in cui si chiede,<\/strong><em> &#8220;la sospensione degli effetti e dell&#8217;efficacia del Piano regionale dei rifiuti in ragione delle gravi conseguenze che questo potrebbe avere per il territorio di Crotone il cui ambiente \u00e8 gi\u00e0 fortemente compromesso, e sottoposto gi\u00e0 a forti pressioni epidemiologiche sanitarie&#8221;.<\/em><\/p>\n<p style=\"text-align: justify\">\nIl comitato chiede al governatore di voler avviare, vista la grave situazione sanitaria del nostro territorio, una Valutazione Ambientale Strategica preventiva del territorio gi\u00e0 sito Sin, sospendendo in via cautelare qualsiasi attivit\u00e0 ed autorizzazione che non abbia scontato una valutazione complessiva, cumulativa, preventiva e precauzionale sulla salute e sulla vita dei crotonesi&#8221;.<\/p>\n<p style=\"text-align: justify\">Infine, con riferimento all&#8217;imminente conferenza di servizi il Comitato sottolinea la necessit\u00e0 &#8220;di un coordinamento delle istituzioni locali finalizzato ad una univoca richiesta che contrasti con forza il tentativo di Eni Rewind di modificare il Pob Fase 2 approvato il 24 Ottobre 2019, per come si evince dalla nuova proposta presentata e posta all&#8217;odg della conferenza dei servizi del 26 giugno.<\/p>\n<p id=\"ob\" style=\"text-align: justify\">Ci\u00f2 anche in considerazione che nulla \u00e8 cambiato per giustificare della modifica, piuttosto bisogna evidenziare il mancato rispetto sulla bonifica delle prescrizioni del DM del 3 marzo 2020&#8243;.<\/p>\n<div id=\"inArticle\">\n<aside>\n<div class=\"ob-smartfeed-wrapper feedIdx-0\">\n<div id=\"outbrain_widget_0\" class=\"OUTBRAIN\" data-src=\"DROP_PERMALINK_HERE\" data-widget-id=\"AR_4\" data-ob-mark=\"true\" data-browser=\"chrome\" data-os=\"win32\" data-dynload=\"\" data-idx=\"0\">\n<div class=\"ob-widget ob-feed-layout CR_7\">\n<div class=\"ob-widget-header\"><span class=\"ob-widget-text\">\u00a0<\/span><\/div>\n<\/div>\n<\/div>\n<\/div>\n<\/aside>\n<\/div>\n","protected":false},"excerpt":{"rendered":"<p>Il Comitato &#8216;Fuori i Veleni Crotone vuole vivere&#8217; ha consegnato in Prefettura una petizione firmata da 4.994 cittadini crotonesi (per un disguido, mancano circa 1.500 firme raccolte dal Pd sullo&hellip;<\/p>\n","protected":false},"author":12,"featured_media":44984,"comment_status":"closed","ping_status":"open","sticky":false,"template":"","format":"standard","meta":{"_jetpack_memberships_contains_paid_content":false,"footnotes":"","jetpack_publicize_message":"","jetpack_publicize_feature_enabled":true,"jetpack_social_post_already_shared":false,"jetpack_social_options":{"image_generator_settings":{"template":"highway","default_image_id":0,"font":"","enabled":false},"version":2}},"categories":[142,921,196],"tags":[33160,33161,1746,18340,33162],"class_list":["post-54031","post","type-post","status-publish","format-standard","has-post-thumbnail","hentry","category-calabria","category-home","category-news","tag-comitato-fuori-i-veleni-crotone-vuole-vivere","tag-contrarieta-smaltimento-rifiuti-area-industriale","tag-crotone","tag-occhiuto-roberto","tag-viceprefetto-dalessio"],"yoast_head":"<!-- This site is optimized with the Yoast SEO plugin v27.2 - https:\/\/yoast.com\/product\/yoast-seo-wordpress\/ -->\n<title>Crotone: consegnata in Prefettura contro smaltimento rifiuti<\/title>\n<meta name=\"description\" content=\"Consegnate alla Prefettura petizione firmata da quasi 5000 cittadini per ribadire contrariet\u00e0 allo smaltimento rifiuti dell&#039;area industriale\" \/>\n<meta name=\"robots\" content=\"index, follow, max-snippet:-1, max-image-preview:large, max-video-preview:-1\" \/>\n<link rel=\"canonical\" href=\"https:\/\/progettotouring.it\/radiotouring104\/2024\/06\/26\/crotone-consegnata-in-prefettura-la-petizione-del-comitato-fuori-i-veleni-crotone-vuole-vivere\/\" \/>\n<meta property=\"og:locale\" content=\"it_IT\" \/>\n<meta property=\"og:type\" content=\"article\" \/>\n<meta property=\"og:title\" content=\"Crotone: consegnata in Prefettura contro smaltimento rifiuti\" \/>\n<meta property=\"og:description\" content=\"Consegnate alla Prefettura petizione firmata da quasi 5000 cittadini per ribadire contrariet\u00e0 allo smaltimento rifiuti dell&#039;area industriale\" \/>\n<meta property=\"og:url\" content=\"https:\/\/progettotouring.it\/radiotouring104\/2024\/06\/26\/crotone-consegnata-in-prefettura-la-petizione-del-comitato-fuori-i-veleni-crotone-vuole-vivere\/\" \/>\n<meta property=\"og:site_name\" content=\"Radio Touring 104\" \/>\n<meta property=\"article:published_time\" content=\"2024-06-26T08:18:50+00:00\" \/>\n<meta property=\"og:image\" content=\"https:\/\/progettotouring.it\/radiotouring104\/wp-content\/uploads\/sites\/6\/2024\/02\/Palazzo_Comunale_Crotone_1.jpg\" \/>\n\t<meta property=\"og:image:width\" content=\"800\" \/>\n\t<meta property=\"og:image:height\" content=\"559\" \/>\n\t<meta property=\"og:image:type\" content=\"image\/jpeg\" \/>\n<meta name=\"author\" content=\"Sebastiano Plutino\" \/>\n<meta name=\"twitter:card\" content=\"summary_large_image\" \/>\n<meta name=\"twitter:label1\" content=\"Scritto da\" \/>\n\t<meta name=\"twitter:data1\" content=\"Sebastiano Plutino\" \/>\n\t<meta name=\"twitter:label2\" content=\"Tempo di lettura stimato\" \/>\n\t<meta name=\"twitter:data2\" content=\"1 minuto\" \/>\n<script type=\"application\/ld+json\" class=\"yoast-schema-graph\">{\"@context\":\"https:\/\/schema.org\",\"@graph\":[{\"@type\":\"Article\",\"@id\":\"https:\/\/progettotouring.it\/radiotouring104\/2024\/06\/26\/crotone-consegnata-in-prefettura-la-petizione-del-comitato-fuori-i-veleni-crotone-vuole-vivere\/#article\",\"isPartOf\":{\"@id\":\"https:\/\/progettotouring.it\/radiotouring104\/2024\/06\/26\/crotone-consegnata-in-prefettura-la-petizione-del-comitato-fuori-i-veleni-crotone-vuole-vivere\/\"},\"author\":{\"name\":\"Sebastiano Plutino\",\"@id\":\"https:\/\/progettotouring.it\/radiotouring104\/#\/schema\/person\/78613917f1851f041f7483f5af1d422e\"},\"headline\":\"Crotone: consegnata in Prefettura la petizione del Comitato &#8220;Fuori i Veleni Crotone vuole vivere&#8221;\",\"datePublished\":\"2024-06-26T08:18:50+00:00\",\"mainEntityOfPage\":{\"@id\":\"https:\/\/progettotouring.it\/radiotouring104\/2024\/06\/26\/crotone-consegnata-in-prefettura-la-petizione-del-comitato-fuori-i-veleni-crotone-vuole-vivere\/\"},\"wordCount\":297,\"publisher\":{\"@id\":\"https:\/\/progettotouring.it\/radiotouring104\/#organization\"},\"image\":{\"@id\":\"https:\/\/progettotouring.it\/radiotouring104\/2024\/06\/26\/crotone-consegnata-in-prefettura-la-petizione-del-comitato-fuori-i-veleni-crotone-vuole-vivere\/#primaryimage\"},\"thumbnailUrl\":\"https:\/\/progettotouring.it\/radiotouring104\/wp-content\/uploads\/sites\/6\/2024\/02\/Palazzo_Comunale_Crotone_1.jpg\",\"keywords\":[\"Comitato \\\"Fuori i Veleni Crotone vuole vivere\\\"\",\"contrariet\u00e0 smaltimento rifiuti area industriale\",\"Crotone\",\"Occhiuto Roberto\",\"viceprefetto D'Alessio\"],\"articleSection\":[\"Calabria\",\"Home\",\"News\"],\"inLanguage\":\"it-IT\"},{\"@type\":\"WebPage\",\"@id\":\"https:\/\/progettotouring.it\/radiotouring104\/2024\/06\/26\/crotone-consegnata-in-prefettura-la-petizione-del-comitato-fuori-i-veleni-crotone-vuole-vivere\/\",\"url\":\"https:\/\/progettotouring.it\/radiotouring104\/2024\/06\/26\/crotone-consegnata-in-prefettura-la-petizione-del-comitato-fuori-i-veleni-crotone-vuole-vivere\/\",\"name\":\"Crotone: consegnata in Prefettura contro smaltimento rifiuti\",\"isPartOf\":{\"@id\":\"https:\/\/progettotouring.it\/radiotouring104\/#website\"},\"primaryImageOfPage\":{\"@id\":\"https:\/\/progettotouring.it\/radiotouring104\/2024\/06\/26\/crotone-consegnata-in-prefettura-la-petizione-del-comitato-fuori-i-veleni-crotone-vuole-vivere\/#primaryimage\"},\"image\":{\"@id\":\"https:\/\/progettotouring.it\/radiotouring104\/2024\/06\/26\/crotone-consegnata-in-prefettura-la-petizione-del-comitato-fuori-i-veleni-crotone-vuole-vivere\/#primaryimage\"},\"thumbnailUrl\":\"https:\/\/progettotouring.it\/radiotouring104\/wp-content\/uploads\/sites\/6\/2024\/02\/Palazzo_Comunale_Crotone_1.jpg\",\"datePublished\":\"2024-06-26T08:18:50+00:00\",\"description\":\"Consegnate alla Prefettura petizione firmata da quasi 5000 cittadini per ribadire contrariet\u00e0 allo smaltimento rifiuti dell'area industriale\",\"breadcrumb\":{\"@id\":\"https:\/\/progettotouring.it\/radiotouring104\/2024\/06\/26\/crotone-consegnata-in-prefettura-la-petizione-del-comitato-fuori-i-veleni-crotone-vuole-vivere\/#breadcrumb\"},\"inLanguage\":\"it-IT\",\"potentialAction\":[{\"@type\":\"ReadAction\",\"target\":[\"https:\/\/progettotouring.it\/radiotouring104\/2024\/06\/26\/crotone-consegnata-in-prefettura-la-petizione-del-comitato-fuori-i-veleni-crotone-vuole-vivere\/\"]}]},{\"@type\":\"ImageObject\",\"inLanguage\":\"it-IT\",\"@id\":\"https:\/\/progettotouring.it\/radiotouring104\/2024\/06\/26\/crotone-consegnata-in-prefettura-la-petizione-del-comitato-fuori-i-veleni-crotone-vuole-vivere\/#primaryimage\",\"url\":\"https:\/\/progettotouring.it\/radiotouring104\/wp-content\/uploads\/sites\/6\/2024\/02\/Palazzo_Comunale_Crotone_1.jpg\",\"contentUrl\":\"https:\/\/progettotouring.it\/radiotouring104\/wp-content\/uploads\/sites\/6\/2024\/02\/Palazzo_Comunale_Crotone_1.jpg\",\"width\":800,\"height\":559},{\"@type\":\"BreadcrumbList\",\"@id\":\"https:\/\/progettotouring.it\/radiotouring104\/2024\/06\/26\/crotone-consegnata-in-prefettura-la-petizione-del-comitato-fuori-i-veleni-crotone-vuole-vivere\/#breadcrumb\",\"itemListElement\":[{\"@type\":\"ListItem\",\"position\":1,\"name\":\"Home\",\"item\":\"https:\/\/progettotouring.it\/radiotouring104\/\"},{\"@type\":\"ListItem\",\"position\":2,\"name\":\"Crotone: consegnata in Prefettura la petizione del Comitato &#8220;Fuori i Veleni Crotone vuole vivere&#8221;\"}]},{\"@type\":\"WebSite\",\"@id\":\"https:\/\/progettotouring.it\/radiotouring104\/#website\",\"url\":\"https:\/\/progettotouring.it\/radiotouring104\/\",\"name\":\"Radio Touring 104\",\"description\":\"La prima radio Reggina\",\"publisher\":{\"@id\":\"https:\/\/progettotouring.it\/radiotouring104\/#organization\"},\"potentialAction\":[{\"@type\":\"SearchAction\",\"target\":{\"@type\":\"EntryPoint\",\"urlTemplate\":\"https:\/\/progettotouring.it\/radiotouring104\/?s={search_term_string}\"},\"query-input\":{\"@type\":\"PropertyValueSpecification\",\"valueRequired\":true,\"valueName\":\"search_term_string\"}}],\"inLanguage\":\"it-IT\"},{\"@type\":\"Organization\",\"@id\":\"https:\/\/progettotouring.it\/radiotouring104\/#organization\",\"name\":\"Radio Touring 104\",\"url\":\"https:\/\/progettotouring.it\/radiotouring104\/\",\"logo\":{\"@type\":\"ImageObject\",\"inLanguage\":\"it-IT\",\"@id\":\"https:\/\/progettotouring.it\/radiotouring104\/#\/schema\/logo\/image\/\",\"url\":\"https:\/\/progettotouring.it\/radiotouring104\/wp-content\/uploads\/sites\/6\/2022\/02\/cropped-logo-radio-touring-104.png\",\"contentUrl\":\"https:\/\/progettotouring.it\/radiotouring104\/wp-content\/uploads\/sites\/6\/2022\/02\/cropped-logo-radio-touring-104.png\",\"width\":377,\"height\":182,\"caption\":\"Radio Touring 104\"},\"image\":{\"@id\":\"https:\/\/progettotouring.it\/radiotouring104\/#\/schema\/logo\/image\/\"}},{\"@type\":\"Person\",\"@id\":\"https:\/\/progettotouring.it\/radiotouring104\/#\/schema\/person\/78613917f1851f041f7483f5af1d422e\",\"name\":\"Sebastiano Plutino\",\"image\":{\"@type\":\"ImageObject\",\"inLanguage\":\"it-IT\",\"@id\":\"https:\/\/secure.gravatar.com\/avatar\/0546ffaa9b79224faf9f2a156b67a529ae861d3287c66c1d8ccfdf909bcba78d?s=96&d=mm&r=g\",\"url\":\"https:\/\/secure.gravatar.com\/avatar\/0546ffaa9b79224faf9f2a156b67a529ae861d3287c66c1d8ccfdf909bcba78d?s=96&d=mm&r=g\",\"contentUrl\":\"https:\/\/secure.gravatar.com\/avatar\/0546ffaa9b79224faf9f2a156b67a529ae861d3287c66c1d8ccfdf909bcba78d?s=96&d=mm&r=g\",\"caption\":\"Sebastiano Plutino\"},\"url\":\"https:\/\/progettotouring.it\/radiotouring104\/author\/sebastiano\/\"}]}<\/script>\n<!-- \/ Yoast SEO plugin. -->","yoast_head_json":{"title":"Crotone: consegnata in Prefettura contro smaltimento rifiuti","description":"Consegnate alla Prefettura petizione firmata da quasi 5000 cittadini per ribadire contrariet\u00e0 allo smaltimento rifiuti dell'area industriale","robots":{"index":"index","follow":"follow","max-snippet":"max-snippet:-1","max-image-preview":"max-image-preview:large","max-video-preview":"max-video-preview:-1"},"canonical":"https:\/\/progettotouring.it\/radiotouring104\/2024\/06\/26\/crotone-consegnata-in-prefettura-la-petizione-del-comitato-fuori-i-veleni-crotone-vuole-vivere\/","og_locale":"it_IT","og_type":"article","og_title":"Crotone: consegnata in Prefettura contro smaltimento rifiuti","og_description":"Consegnate alla Prefettura petizione firmata da quasi 5000 cittadini per ribadire contrariet\u00e0 allo smaltimento rifiuti dell'area industriale","og_url":"https:\/\/progettotouring.it\/radiotouring104\/2024\/06\/26\/crotone-consegnata-in-prefettura-la-petizione-del-comitato-fuori-i-veleni-crotone-vuole-vivere\/","og_site_name":"Radio Touring 104","article_published_time":"2024-06-26T08:18:50+00:00","og_image":[{"width":800,"height":559,"url":"https:\/\/progettotouring.it\/radiotouring104\/wp-content\/uploads\/sites\/6\/2024\/02\/Palazzo_Comunale_Crotone_1.jpg","type":"image\/jpeg"}],"author":"Sebastiano Plutino","twitter_card":"summary_large_image","twitter_misc":{"Scritto da":"Sebastiano Plutino","Tempo di lettura stimato":"1 minuto"},"schema":{"@context":"https:\/\/schema.org","@graph":[{"@type":"Article","@id":"https:\/\/progettotouring.it\/radiotouring104\/2024\/06\/26\/crotone-consegnata-in-prefettura-la-petizione-del-comitato-fuori-i-veleni-crotone-vuole-vivere\/#article","isPartOf":{"@id":"https:\/\/progettotouring.it\/radiotouring104\/2024\/06\/26\/crotone-consegnata-in-prefettura-la-petizione-del-comitato-fuori-i-veleni-crotone-vuole-vivere\/"},"author":{"name":"Sebastiano Plutino","@id":"https:\/\/progettotouring.it\/radiotouring104\/#\/schema\/person\/78613917f1851f041f7483f5af1d422e"},"headline":"Crotone: consegnata in Prefettura la petizione del Comitato &#8220;Fuori i Veleni Crotone vuole vivere&#8221;","datePublished":"2024-06-26T08:18:50+00:00","mainEntityOfPage":{"@id":"https:\/\/progettotouring.it\/radiotouring104\/2024\/06\/26\/crotone-consegnata-in-prefettura-la-petizione-del-comitato-fuori-i-veleni-crotone-vuole-vivere\/"},"wordCount":297,"publisher":{"@id":"https:\/\/progettotouring.it\/radiotouring104\/#organization"},"image":{"@id":"https:\/\/progettotouring.it\/radiotouring104\/2024\/06\/26\/crotone-consegnata-in-prefettura-la-petizione-del-comitato-fuori-i-veleni-crotone-vuole-vivere\/#primaryimage"},"thumbnailUrl":"https:\/\/progettotouring.it\/radiotouring104\/wp-content\/uploads\/sites\/6\/2024\/02\/Palazzo_Comunale_Crotone_1.jpg","keywords":["Comitato \"Fuori i Veleni Crotone vuole vivere\"","contrariet\u00e0 smaltimento rifiuti area industriale","Crotone","Occhiuto Roberto","viceprefetto D'Alessio"],"articleSection":["Calabria","Home","News"],"inLanguage":"it-IT"},{"@type":"WebPage","@id":"https:\/\/progettotouring.it\/radiotouring104\/2024\/06\/26\/crotone-consegnata-in-prefettura-la-petizione-del-comitato-fuori-i-veleni-crotone-vuole-vivere\/","url":"https:\/\/progettotouring.it\/radiotouring104\/2024\/06\/26\/crotone-consegnata-in-prefettura-la-petizione-del-comitato-fuori-i-veleni-crotone-vuole-vivere\/","name":"Crotone: consegnata in Prefettura contro smaltimento rifiuti","isPartOf":{"@id":"https:\/\/progettotouring.it\/radiotouring104\/#website"},"primaryImageOfPage":{"@id":"https:\/\/progettotouring.it\/radiotouring104\/2024\/06\/26\/crotone-consegnata-in-prefettura-la-petizione-del-comitato-fuori-i-veleni-crotone-vuole-vivere\/#primaryimage"},"image":{"@id":"https:\/\/progettotouring.it\/radiotouring104\/2024\/06\/26\/crotone-consegnata-in-prefettura-la-petizione-del-comitato-fuori-i-veleni-crotone-vuole-vivere\/#primaryimage"},"thumbnailUrl":"https:\/\/progettotouring.it\/radiotouring104\/wp-content\/uploads\/sites\/6\/2024\/02\/Palazzo_Comunale_Crotone_1.jpg","datePublished":"2024-06-26T08:18:50+00:00","description":"Consegnate alla Prefettura petizione firmata da quasi 5000 cittadini per ribadire contrariet\u00e0 allo smaltimento rifiuti dell'area industriale","breadcrumb":{"@id":"https:\/\/progettotouring.it\/radiotouring104\/2024\/06\/26\/crotone-consegnata-in-prefettura-la-petizione-del-comitato-fuori-i-veleni-crotone-vuole-vivere\/#breadcrumb"},"inLanguage":"it-IT","potentialAction":[{"@type":"ReadAction","target":["https:\/\/progettotouring.it\/radiotouring104\/2024\/06\/26\/crotone-consegnata-in-prefettura-la-petizione-del-comitato-fuori-i-veleni-crotone-vuole-vivere\/"]}]},{"@type":"ImageObject","inLanguage":"it-IT","@id":"https:\/\/progettotouring.it\/radiotouring104\/2024\/06\/26\/crotone-consegnata-in-prefettura-la-petizione-del-comitato-fuori-i-veleni-crotone-vuole-vivere\/#primaryimage","url":"https:\/\/progettotouring.it\/radiotouring104\/wp-content\/uploads\/sites\/6\/2024\/02\/Palazzo_Comunale_Crotone_1.jpg","contentUrl":"https:\/\/progettotouring.it\/radiotouring104\/wp-content\/uploads\/sites\/6\/2024\/02\/Palazzo_Comunale_Crotone_1.jpg","width":800,"height":559},{"@type":"BreadcrumbList","@id":"https:\/\/progettotouring.it\/radiotouring104\/2024\/06\/26\/crotone-consegnata-in-prefettura-la-petizione-del-comitato-fuori-i-veleni-crotone-vuole-vivere\/#breadcrumb","itemListElement":[{"@type":"ListItem","position":1,"name":"Home","item":"https:\/\/progettotouring.it\/radiotouring104\/"},{"@type":"ListItem","position":2,"name":"Crotone: consegnata in Prefettura la petizione del Comitato &#8220;Fuori i Veleni Crotone vuole vivere&#8221;"}]},{"@type":"WebSite","@id":"https:\/\/progettotouring.it\/radiotouring104\/#website","url":"https:\/\/progettotouring.it\/radiotouring104\/","name":"Radio Touring 104","description":"La prima radio Reggina","publisher":{"@id":"https:\/\/progettotouring.it\/radiotouring104\/#organization"},"potentialAction":[{"@type":"SearchAction","target":{"@type":"EntryPoint","urlTemplate":"https:\/\/progettotouring.it\/radiotouring104\/?s={search_term_string}"},"query-input":{"@type":"PropertyValueSpecification","valueRequired":true,"valueName":"search_term_string"}}],"inLanguage":"it-IT"},{"@type":"Organization","@id":"https:\/\/progettotouring.it\/radiotouring104\/#organization","name":"Radio Touring 104","url":"https:\/\/progettotouring.it\/radiotouring104\/","logo":{"@type":"ImageObject","inLanguage":"it-IT","@id":"https:\/\/progettotouring.it\/radiotouring104\/#\/schema\/logo\/image\/","url":"https:\/\/progettotouring.it\/radiotouring104\/wp-content\/uploads\/sites\/6\/2022\/02\/cropped-logo-radio-touring-104.png","contentUrl":"https:\/\/progettotouring.it\/radiotouring104\/wp-content\/uploads\/sites\/6\/2022\/02\/cropped-logo-radio-touring-104.png","width":377,"height":182,"caption":"Radio Touring 104"},"image":{"@id":"https:\/\/progettotouring.it\/radiotouring104\/#\/schema\/logo\/image\/"}},{"@type":"Person","@id":"https:\/\/progettotouring.it\/radiotouring104\/#\/schema\/person\/78613917f1851f041f7483f5af1d422e","name":"Sebastiano Plutino","image":{"@type":"ImageObject","inLanguage":"it-IT","@id":"https:\/\/secure.gravatar.com\/avatar\/0546ffaa9b79224faf9f2a156b67a529ae861d3287c66c1d8ccfdf909bcba78d?s=96&d=mm&r=g","url":"https:\/\/secure.gravatar.com\/avatar\/0546ffaa9b79224faf9f2a156b67a529ae861d3287c66c1d8ccfdf909bcba78d?s=96&d=mm&r=g","contentUrl":"https:\/\/secure.gravatar.com\/avatar\/0546ffaa9b79224faf9f2a156b67a529ae861d3287c66c1d8ccfdf909bcba78d?s=96&d=mm&r=g","caption":"Sebastiano Plutino"},"url":"https:\/\/progettotouring.it\/radiotouring104\/author\/sebastiano\/"}]}},"jetpack_publicize_connections":[],"jetpack_featured_media_url":"https:\/\/progettotouring.it\/radiotouring104\/wp-content\/uploads\/sites\/6\/2024\/02\/Palazzo_Comunale_Crotone_1.jpg","jetpack_sharing_enabled":true,"_links":{"self":[{"href":"https:\/\/progettotouring.it\/radiotouring104\/wp-json\/wp\/v2\/posts\/54031","targetHints":{"allow":["GET"]}}],"collection":[{"href":"https:\/\/progettotouring.it\/radiotouring104\/wp-json\/wp\/v2\/posts"}],"about":[{"href":"https:\/\/progettotouring.it\/radiotouring104\/wp-json\/wp\/v2\/types\/post"}],"author":[{"embeddable":true,"href":"https:\/\/progettotouring.it\/radiotouring104\/wp-json\/wp\/v2\/users\/12"}],"replies":[{"embeddable":true,"href":"https:\/\/progettotouring.it\/radiotouring104\/wp-json\/wp\/v2\/comments?post=54031"}],"version-history":[{"count":1,"href":"https:\/\/progettotouring.it\/radiotouring104\/wp-json\/wp\/v2\/posts\/54031\/revisions"}],"predecessor-version":[{"id":54032,"href":"https:\/\/progettotouring.it\/radiotouring104\/wp-json\/wp\/v2\/posts\/54031\/revisions\/54032"}],"wp:featuredmedia":[{"embeddable":true,"href":"https:\/\/progettotouring.it\/radiotouring104\/wp-json\/wp\/v2\/media\/44984"}],"wp:attachment":[{"href":"https:\/\/progettotouring.it\/radiotouring104\/wp-json\/wp\/v2\/media?parent=54031"}],"wp:term":[{"taxonomy":"category","embeddable":true,"href":"https:\/\/progettotouring.it\/radiotouring104\/wp-json\/wp\/v2\/categories?post=54031"},{"taxonomy":"post_tag","embeddable":true,"href":"https:\/\/progettotouring.it\/radiotouring104\/wp-json\/wp\/v2\/tags?post=54031"}],"curies":[{"name":"wp","href":"https:\/\/api.w.org\/{rel}","templated":true}]}}