{"id":54046,"date":"2024-06-26T11:29:18","date_gmt":"2024-06-26T09:29:18","guid":{"rendered":"https:\/\/progettotouring.it\/radiotouring104\/?p=54046"},"modified":"2024-06-26T11:29:18","modified_gmt":"2024-06-26T09:29:18","slug":"le-muse-scambi-culturali-con-lapprossimarsi-dei-25-anni-di-attivita","status":"publish","type":"post","link":"https:\/\/progettotouring.it\/radiotouring104\/2024\/06\/26\/le-muse-scambi-culturali-con-lapprossimarsi-dei-25-anni-di-attivita\/","title":{"rendered":"Le Muse: scambi culturali con l&#8217;approssimarsi dei 25 anni di attivit\u00e0"},"content":{"rendered":"<p style=\"text-align: justify\"><strong>L\u2019Associazione culturale Le Muse<\/strong> \u201cLaboratorio delle Arti e delle Lettere\u201d di Reggio Calabria<strong> \u00e8 reduce dal suo primo appuntamento in terra di Sicilia. Scambi cultural<\/strong>i che vedono veri e propri approfondimenti volti alla conoscenza del <strong>patrimonio storico artistico italiano<\/strong> e\/o ancora di realt\u00e0 museali che mantengono l\u2019identit\u00e0 e la storia dei luoghi dove sono collocati.<\/p>\n<p style=\"text-align: justify\">I soci guidati dall\u2019instancabile presidente ed i componenti del direttivo sono stati questo <strong>fine settimana fuori per ben 4 eventi diversi<\/strong> che in due giorni hanno visto la nota associazione presente a Trabia, Bagheria, Palermo e Piana degli Albanesi.<\/p>\n<p style=\"text-align: justify\">Abbiamo pensato &#8211;<strong> ha dichiarato Giuseppe Livoti &#8211;<\/strong> di visitare luoghi inediti e non scontati, allargando la nostra rete di collaborazioni e conoscenze con le quali creare una rete Sicilia-Calabria in occasione del venticinquennale a settembre, portando cos\u00ec vari personaggi che animano il dialogo culturale fuori dalla nostra terra. A Trabia \u00e8 stata occasione per visitare Castello Lanza che giace sul luogo in cui il generale Aausman Ben Muhammad e 600 uomini provenienti dalla provincia d\u2019Ifriqyia eressero la fortezza At Tarbiq al fine di cingere d\u2019assedio la citt\u00e0 di Termini Imerese (827 dC). L\u2019impronta quadrata di 50 x 50 m \u00e9 rimasta invariata per i successivi 12 secoli e ha influenzato a tal punto la storia della zona che la circonda da essere presa in prestito dai fondatori dell\u2019attuale insediamento \u2013 i potenti Branciforte-Lanza \u2013 allorquando fu concessa ad essi la licentia populandi (sec. XVII). Ed ancora un approfondimento presso la Villa Palagonia a Bagheria uno dei pi\u00f9 conosciuti e visitati monumenti di Sicilia. Superba ed eccentrica villa che, gi\u00e0 nel Settecento, viene visitata da illustri viaggiatori, che la considerano come il luogo <em>\u201cpi\u00f9 originale che esiste al mondo e famoso in tutta Europa\u201d.<\/em> La sua costruzione ebbe inizio nel 1715 per volere di Don Ferdinando Gravina e Crujllas, IV principe di Palagonia, pari del regno, cavaliere del Toson d\u2019oro, prestigiosa onorificienza dei re di Spagna. Per la progettazione di questa residenza di villeggiatura fu incaricato il frate domenicano Tommaso Maria Napoli, architetto coadiuvatore del Senato di Palermo con la qualifica di \u201cingegnere militare\u201d. Nel 1737, con la successione di<strong> Ignazio Sebastiano Gravina,<\/strong> erede del padre Francesco Ferdinando, iniziano i lavori per la realizzazione dei corpi bassi che circondano la villa. E ancora Le Muse sono state ricevute dalla Pro Loco di Piana degli Albanesi per un approfondimento sul centro pi\u00f9 importante e noto degli albanesi di Sicilia, nonch\u00e9 il pi\u00f9 grande stanziamento arb\u00ebresh, dove da secoli risiede storicamente la pi\u00f9 popolosa comunit\u00e0 albanese d&#8217;Italia. Denominata fino al 1941 Piana dei Greci per il rito greco-bizantino professato dai suoi abitanti, \u00e8 sede vescovile dell&#8217;Eparchia di Piana degli Albanesi, circoscrizione della Chiesa italo-albanese, la cui giurisdizione si estende su tutte le chiese insulari di rito orientale. Nel corso dei secoli \u00e8 stata annoverata fra i maggiori centri attivi e influenti degli italo-albanesi, tutelando e coltivando la memoria storica dell&#8217;antica madrepatria. Oltre a essere il fulcro socioculturale, religioso e politico delle comunit\u00e0 arb\u00ebreshe dell&#8217;isola, ha mantenuto pressoch\u00e9 intatte le proprie peculiarit\u00e0 etniche, quali la lingua albanese, il rito greco-cattolico e i caratteristici costumi originari. Nell&#8217;et\u00e0 moderna ha ricoperto un ruolo significativo per i moti rivoluzionari e risorgimentali relativi all&#8217;unit\u00e0 nazionale d&#8217;Italia, ai movimenti regionali dei Fasci siciliani dei lavoratori e alla questione della &#8220;Rilindja&#8221; nazionale albanese nella lotta di liberazione dal dominio turco-ottomano. Tra il 1944 e il 1945, durata cinquanta giorni, Piana degli Albanesi divenne una Repubblica popolare indipendente. \u00c8, inoltre, tristemente nota per la strage di Portella della Ginestra (1947).<\/p>\n<p style=\"text-align: justify\"><strong>Momento clou di questo viaggio \u00e8 stato l\u2019incontro presso la Casa Museo Piraino<\/strong>, luogo, punto di congiunzione tra Eclettismo e liberty tra abiti ed accessori, ed un migliaio di opere d\u2019arte e arte decorativa, reperti archeologici e oggetti di design, raccolti in oltre mezzo secolo.<strong> Il professore Raffaello Piraino,<\/strong> collezionista, artista e docente di Storia del Costume e Scenografia presso l\u2019Accademia di Belle Arti accogliendo e salutando \u201cLe Muse\u201d, ha sin da subito raccontato come \u00e8 nata questa passione che lo ha visto alla ricerca della collaborazione delle famiglie nobili di Palermo andando a visitare soffitte e depositi e trovando tantissimo materiale. Ne emerge una ricca mia collezione paragonabile a quella che \u00e8 oggi ospitata a Palazzo Pitti a Firenze dove sono conservati anche tutti gli abiti di Franca Florio. Il mio augurio \u00e8 di trovare una collocazione in una struttura dedicata, magari in un palazzo storico pi\u00f9 grande poich\u00e9 l\u2019attuale \u00e8 casa mia, il mio ritrovo, dove sono circondato da tanta memoria. Il cuore della collezione raccoglie materiale databile tra il Settecento e il \u00a0Novecento, in prevalenza di provenienza siciliana con vari focus a cui di volta in volta Piraino dedica piccole mostre temporanee tematiche. Un viaggio tra ceramiche, ventagli, abiti, opere d\u2019arte pittorica e musiva, incisioni e grafica, arti applicate e mobilio unitamente al corpus di fotografie, riviste e pubblicazioni facenti parte dell\u2019archivio privato. Da colto collezionista-umanista con trascorsi professionali, il professore Raffaello Piraino ha conversato sulle sue collaborazioni e rapporti di amicizia con Leonardo Sciascia, Renato Guttuso, Sebastian Matta, Jannis Ritsos, Andrea Volo, Ferdinando Scianna, emotivamente ancorato al passato dell\u2019immediato dopoguerra e costantemente proiettato al futuro e ai pi\u00f9 giovani. I soci Muse hanno potuto assaporare la vita mondana dell&#8217;alta borghesia, circondati dallo sfarzo e dall&#8217;eleganza di un tempo, passando attraverso le eleganti sale del palazzo \u00a0e soffermandosi su un \u201cabito confezionato per Donna Franca Florio\u201d, che si narra che non l&#8217;abbia mai indossato e regalato alla sua guardarobiera. L\u2019incontro si \u00e8 concluso con una comunione di intenti e lo scambio del gagliardetto de Le Muse mentre il presidente Livoti ha strappato al prof. Piraino una promessa, quello di vederlo a Reggio Calabria in occasione dei 25 anni di attivit\u00e0 del noto sodalizio calabrese. Per domenica prossima si prevede ancora grande evento Muse che vedr\u00e0 la ripresa degli storici \u201cNotturni\u201d con la consegna del Premio alla giornalista Carmen Lasorella e tante cose inedite.<\/p>\n","protected":false},"excerpt":{"rendered":"<p>L\u2019Associazione culturale Le Muse \u201cLaboratorio delle Arti e delle Lettere\u201d di Reggio Calabria \u00e8 reduce dal suo primo appuntamento in terra di Sicilia. Scambi culturali che vedono veri e propri&hellip;<\/p>\n","protected":false},"author":12,"featured_media":54047,"comment_status":"closed","ping_status":"open","sticky":false,"template":"","format":"standard","meta":{"_jetpack_memberships_contains_paid_content":false,"footnotes":"","jetpack_publicize_message":"","jetpack_publicize_feature_enabled":true,"jetpack_social_post_already_shared":false,"jetpack_social_options":{"image_generator_settings":{"template":"highway","default_image_id":0,"font":"","enabled":false},"version":2}},"categories":[921,196,140],"tags":[33169,11708,33170,5706,33171],"class_list":["post-54046","post","type-post","status-publish","format-standard","has-post-thumbnail","hentry","category-home","category-news","category-reggio-calabria","tag-25-anni-di-attivita","tag-associazione-culturale-le-muse","tag-casa-museo-paraino","tag-giuseppe-livoti","tag-raffaello-paraino"],"yoast_head":"<!-- This site is optimized with the Yoast SEO plugin v27.2 - https:\/\/yoast.com\/product\/yoast-seo-wordpress\/ -->\n<title>Le Muse: scambi culturali con l&#039;approssimarsi dei 25 anni di attivit\u00e0 - Radio Touring 104<\/title>\n<meta name=\"description\" content=\"L&#039;Associazione reggina e Palermo abbracciano insieme il Liberty e l&#039;eccletismo presso la Casa Museo Paraino\" \/>\n<meta name=\"robots\" content=\"index, follow, max-snippet:-1, max-image-preview:large, max-video-preview:-1\" \/>\n<link rel=\"canonical\" href=\"https:\/\/progettotouring.it\/radiotouring104\/2024\/06\/26\/le-muse-scambi-culturali-con-lapprossimarsi-dei-25-anni-di-attivita\/\" \/>\n<meta property=\"og:locale\" content=\"it_IT\" \/>\n<meta property=\"og:type\" content=\"article\" \/>\n<meta property=\"og:title\" content=\"Le Muse: scambi culturali con l&#039;approssimarsi dei 25 anni di attivit\u00e0 - Radio Touring 104\" \/>\n<meta property=\"og:description\" content=\"L&#039;Associazione reggina e Palermo abbracciano insieme il Liberty e l&#039;eccletismo presso la Casa Museo Paraino\" \/>\n<meta property=\"og:url\" content=\"https:\/\/progettotouring.it\/radiotouring104\/2024\/06\/26\/le-muse-scambi-culturali-con-lapprossimarsi-dei-25-anni-di-attivita\/\" \/>\n<meta property=\"og:site_name\" content=\"Radio Touring 104\" \/>\n<meta property=\"article:published_time\" content=\"2024-06-26T09:29:18+00:00\" \/>\n<meta property=\"og:image\" content=\"https:\/\/progettotouring.it\/radiotouring104\/wp-content\/uploads\/sites\/6\/2024\/06\/Le-Muse-Piraino.jpg\" \/>\n\t<meta property=\"og:image:width\" content=\"946\" \/>\n\t<meta property=\"og:image:height\" content=\"631\" \/>\n\t<meta property=\"og:image:type\" content=\"image\/jpeg\" \/>\n<meta name=\"author\" content=\"Sebastiano Plutino\" \/>\n<meta name=\"twitter:card\" content=\"summary_large_image\" \/>\n<meta name=\"twitter:label1\" content=\"Scritto da\" \/>\n\t<meta name=\"twitter:data1\" content=\"Sebastiano Plutino\" \/>\n\t<meta name=\"twitter:label2\" content=\"Tempo di lettura stimato\" \/>\n\t<meta name=\"twitter:data2\" content=\"5 minuti\" \/>\n<script type=\"application\/ld+json\" class=\"yoast-schema-graph\">{\"@context\":\"https:\/\/schema.org\",\"@graph\":[{\"@type\":\"Article\",\"@id\":\"https:\/\/progettotouring.it\/radiotouring104\/2024\/06\/26\/le-muse-scambi-culturali-con-lapprossimarsi-dei-25-anni-di-attivita\/#article\",\"isPartOf\":{\"@id\":\"https:\/\/progettotouring.it\/radiotouring104\/2024\/06\/26\/le-muse-scambi-culturali-con-lapprossimarsi-dei-25-anni-di-attivita\/\"},\"author\":{\"name\":\"Sebastiano Plutino\",\"@id\":\"https:\/\/progettotouring.it\/radiotouring104\/#\/schema\/person\/78613917f1851f041f7483f5af1d422e\"},\"headline\":\"Le Muse: scambi culturali con l&#8217;approssimarsi dei 25 anni di attivit\u00e0\",\"datePublished\":\"2024-06-26T09:29:18+00:00\",\"mainEntityOfPage\":{\"@id\":\"https:\/\/progettotouring.it\/radiotouring104\/2024\/06\/26\/le-muse-scambi-culturali-con-lapprossimarsi-dei-25-anni-di-attivita\/\"},\"wordCount\":982,\"publisher\":{\"@id\":\"https:\/\/progettotouring.it\/radiotouring104\/#organization\"},\"image\":{\"@id\":\"https:\/\/progettotouring.it\/radiotouring104\/2024\/06\/26\/le-muse-scambi-culturali-con-lapprossimarsi-dei-25-anni-di-attivita\/#primaryimage\"},\"thumbnailUrl\":\"https:\/\/progettotouring.it\/radiotouring104\/wp-content\/uploads\/sites\/6\/2024\/06\/Le-Muse-Piraino.jpg\",\"keywords\":[\"25 anni di attivit\u00e0\",\"Associazione Culturale \\\"Le Muse\\\"\",\"Casa Museo Paraino\",\"Giuseppe Livoti\",\"Raffaello Paraino\"],\"articleSection\":[\"Home\",\"News\",\"Reggio Calabria\"],\"inLanguage\":\"it-IT\"},{\"@type\":\"WebPage\",\"@id\":\"https:\/\/progettotouring.it\/radiotouring104\/2024\/06\/26\/le-muse-scambi-culturali-con-lapprossimarsi-dei-25-anni-di-attivita\/\",\"url\":\"https:\/\/progettotouring.it\/radiotouring104\/2024\/06\/26\/le-muse-scambi-culturali-con-lapprossimarsi-dei-25-anni-di-attivita\/\",\"name\":\"Le Muse: scambi culturali con l'approssimarsi dei 25 anni di attivit\u00e0 - Radio Touring 104\",\"isPartOf\":{\"@id\":\"https:\/\/progettotouring.it\/radiotouring104\/#website\"},\"primaryImageOfPage\":{\"@id\":\"https:\/\/progettotouring.it\/radiotouring104\/2024\/06\/26\/le-muse-scambi-culturali-con-lapprossimarsi-dei-25-anni-di-attivita\/#primaryimage\"},\"image\":{\"@id\":\"https:\/\/progettotouring.it\/radiotouring104\/2024\/06\/26\/le-muse-scambi-culturali-con-lapprossimarsi-dei-25-anni-di-attivita\/#primaryimage\"},\"thumbnailUrl\":\"https:\/\/progettotouring.it\/radiotouring104\/wp-content\/uploads\/sites\/6\/2024\/06\/Le-Muse-Piraino.jpg\",\"datePublished\":\"2024-06-26T09:29:18+00:00\",\"description\":\"L'Associazione reggina e Palermo abbracciano insieme il Liberty e l'eccletismo presso la Casa Museo Paraino\",\"breadcrumb\":{\"@id\":\"https:\/\/progettotouring.it\/radiotouring104\/2024\/06\/26\/le-muse-scambi-culturali-con-lapprossimarsi-dei-25-anni-di-attivita\/#breadcrumb\"},\"inLanguage\":\"it-IT\",\"potentialAction\":[{\"@type\":\"ReadAction\",\"target\":[\"https:\/\/progettotouring.it\/radiotouring104\/2024\/06\/26\/le-muse-scambi-culturali-con-lapprossimarsi-dei-25-anni-di-attivita\/\"]}]},{\"@type\":\"ImageObject\",\"inLanguage\":\"it-IT\",\"@id\":\"https:\/\/progettotouring.it\/radiotouring104\/2024\/06\/26\/le-muse-scambi-culturali-con-lapprossimarsi-dei-25-anni-di-attivita\/#primaryimage\",\"url\":\"https:\/\/progettotouring.it\/radiotouring104\/wp-content\/uploads\/sites\/6\/2024\/06\/Le-Muse-Piraino.jpg\",\"contentUrl\":\"https:\/\/progettotouring.it\/radiotouring104\/wp-content\/uploads\/sites\/6\/2024\/06\/Le-Muse-Piraino.jpg\",\"width\":946,\"height\":631},{\"@type\":\"BreadcrumbList\",\"@id\":\"https:\/\/progettotouring.it\/radiotouring104\/2024\/06\/26\/le-muse-scambi-culturali-con-lapprossimarsi-dei-25-anni-di-attivita\/#breadcrumb\",\"itemListElement\":[{\"@type\":\"ListItem\",\"position\":1,\"name\":\"Home\",\"item\":\"https:\/\/progettotouring.it\/radiotouring104\/\"},{\"@type\":\"ListItem\",\"position\":2,\"name\":\"Le Muse: scambi culturali con l&#8217;approssimarsi dei 25 anni di attivit\u00e0\"}]},{\"@type\":\"WebSite\",\"@id\":\"https:\/\/progettotouring.it\/radiotouring104\/#website\",\"url\":\"https:\/\/progettotouring.it\/radiotouring104\/\",\"name\":\"Radio Touring 104\",\"description\":\"La prima radio Reggina\",\"publisher\":{\"@id\":\"https:\/\/progettotouring.it\/radiotouring104\/#organization\"},\"potentialAction\":[{\"@type\":\"SearchAction\",\"target\":{\"@type\":\"EntryPoint\",\"urlTemplate\":\"https:\/\/progettotouring.it\/radiotouring104\/?s={search_term_string}\"},\"query-input\":{\"@type\":\"PropertyValueSpecification\",\"valueRequired\":true,\"valueName\":\"search_term_string\"}}],\"inLanguage\":\"it-IT\"},{\"@type\":\"Organization\",\"@id\":\"https:\/\/progettotouring.it\/radiotouring104\/#organization\",\"name\":\"Radio Touring 104\",\"url\":\"https:\/\/progettotouring.it\/radiotouring104\/\",\"logo\":{\"@type\":\"ImageObject\",\"inLanguage\":\"it-IT\",\"@id\":\"https:\/\/progettotouring.it\/radiotouring104\/#\/schema\/logo\/image\/\",\"url\":\"https:\/\/progettotouring.it\/radiotouring104\/wp-content\/uploads\/sites\/6\/2022\/02\/cropped-logo-radio-touring-104.png\",\"contentUrl\":\"https:\/\/progettotouring.it\/radiotouring104\/wp-content\/uploads\/sites\/6\/2022\/02\/cropped-logo-radio-touring-104.png\",\"width\":377,\"height\":182,\"caption\":\"Radio Touring 104\"},\"image\":{\"@id\":\"https:\/\/progettotouring.it\/radiotouring104\/#\/schema\/logo\/image\/\"}},{\"@type\":\"Person\",\"@id\":\"https:\/\/progettotouring.it\/radiotouring104\/#\/schema\/person\/78613917f1851f041f7483f5af1d422e\",\"name\":\"Sebastiano Plutino\",\"image\":{\"@type\":\"ImageObject\",\"inLanguage\":\"it-IT\",\"@id\":\"https:\/\/secure.gravatar.com\/avatar\/0546ffaa9b79224faf9f2a156b67a529ae861d3287c66c1d8ccfdf909bcba78d?s=96&d=mm&r=g\",\"url\":\"https:\/\/secure.gravatar.com\/avatar\/0546ffaa9b79224faf9f2a156b67a529ae861d3287c66c1d8ccfdf909bcba78d?s=96&d=mm&r=g\",\"contentUrl\":\"https:\/\/secure.gravatar.com\/avatar\/0546ffaa9b79224faf9f2a156b67a529ae861d3287c66c1d8ccfdf909bcba78d?s=96&d=mm&r=g\",\"caption\":\"Sebastiano Plutino\"},\"url\":\"https:\/\/progettotouring.it\/radiotouring104\/author\/sebastiano\/\"}]}<\/script>\n<!-- \/ Yoast SEO plugin. -->","yoast_head_json":{"title":"Le Muse: scambi culturali con l'approssimarsi dei 25 anni di attivit\u00e0 - Radio Touring 104","description":"L'Associazione reggina e Palermo abbracciano insieme il Liberty e l'eccletismo presso la Casa Museo Paraino","robots":{"index":"index","follow":"follow","max-snippet":"max-snippet:-1","max-image-preview":"max-image-preview:large","max-video-preview":"max-video-preview:-1"},"canonical":"https:\/\/progettotouring.it\/radiotouring104\/2024\/06\/26\/le-muse-scambi-culturali-con-lapprossimarsi-dei-25-anni-di-attivita\/","og_locale":"it_IT","og_type":"article","og_title":"Le Muse: scambi culturali con l'approssimarsi dei 25 anni di attivit\u00e0 - Radio Touring 104","og_description":"L'Associazione reggina e Palermo abbracciano insieme il Liberty e l'eccletismo presso la Casa Museo Paraino","og_url":"https:\/\/progettotouring.it\/radiotouring104\/2024\/06\/26\/le-muse-scambi-culturali-con-lapprossimarsi-dei-25-anni-di-attivita\/","og_site_name":"Radio Touring 104","article_published_time":"2024-06-26T09:29:18+00:00","og_image":[{"width":946,"height":631,"url":"https:\/\/progettotouring.it\/radiotouring104\/wp-content\/uploads\/sites\/6\/2024\/06\/Le-Muse-Piraino.jpg","type":"image\/jpeg"}],"author":"Sebastiano Plutino","twitter_card":"summary_large_image","twitter_misc":{"Scritto da":"Sebastiano Plutino","Tempo di lettura stimato":"5 minuti"},"schema":{"@context":"https:\/\/schema.org","@graph":[{"@type":"Article","@id":"https:\/\/progettotouring.it\/radiotouring104\/2024\/06\/26\/le-muse-scambi-culturali-con-lapprossimarsi-dei-25-anni-di-attivita\/#article","isPartOf":{"@id":"https:\/\/progettotouring.it\/radiotouring104\/2024\/06\/26\/le-muse-scambi-culturali-con-lapprossimarsi-dei-25-anni-di-attivita\/"},"author":{"name":"Sebastiano Plutino","@id":"https:\/\/progettotouring.it\/radiotouring104\/#\/schema\/person\/78613917f1851f041f7483f5af1d422e"},"headline":"Le Muse: scambi culturali con l&#8217;approssimarsi dei 25 anni di attivit\u00e0","datePublished":"2024-06-26T09:29:18+00:00","mainEntityOfPage":{"@id":"https:\/\/progettotouring.it\/radiotouring104\/2024\/06\/26\/le-muse-scambi-culturali-con-lapprossimarsi-dei-25-anni-di-attivita\/"},"wordCount":982,"publisher":{"@id":"https:\/\/progettotouring.it\/radiotouring104\/#organization"},"image":{"@id":"https:\/\/progettotouring.it\/radiotouring104\/2024\/06\/26\/le-muse-scambi-culturali-con-lapprossimarsi-dei-25-anni-di-attivita\/#primaryimage"},"thumbnailUrl":"https:\/\/progettotouring.it\/radiotouring104\/wp-content\/uploads\/sites\/6\/2024\/06\/Le-Muse-Piraino.jpg","keywords":["25 anni di attivit\u00e0","Associazione Culturale \"Le Muse\"","Casa Museo Paraino","Giuseppe Livoti","Raffaello Paraino"],"articleSection":["Home","News","Reggio Calabria"],"inLanguage":"it-IT"},{"@type":"WebPage","@id":"https:\/\/progettotouring.it\/radiotouring104\/2024\/06\/26\/le-muse-scambi-culturali-con-lapprossimarsi-dei-25-anni-di-attivita\/","url":"https:\/\/progettotouring.it\/radiotouring104\/2024\/06\/26\/le-muse-scambi-culturali-con-lapprossimarsi-dei-25-anni-di-attivita\/","name":"Le Muse: scambi culturali con l'approssimarsi dei 25 anni di attivit\u00e0 - Radio Touring 104","isPartOf":{"@id":"https:\/\/progettotouring.it\/radiotouring104\/#website"},"primaryImageOfPage":{"@id":"https:\/\/progettotouring.it\/radiotouring104\/2024\/06\/26\/le-muse-scambi-culturali-con-lapprossimarsi-dei-25-anni-di-attivita\/#primaryimage"},"image":{"@id":"https:\/\/progettotouring.it\/radiotouring104\/2024\/06\/26\/le-muse-scambi-culturali-con-lapprossimarsi-dei-25-anni-di-attivita\/#primaryimage"},"thumbnailUrl":"https:\/\/progettotouring.it\/radiotouring104\/wp-content\/uploads\/sites\/6\/2024\/06\/Le-Muse-Piraino.jpg","datePublished":"2024-06-26T09:29:18+00:00","description":"L'Associazione reggina e Palermo abbracciano insieme il Liberty e l'eccletismo presso la Casa Museo Paraino","breadcrumb":{"@id":"https:\/\/progettotouring.it\/radiotouring104\/2024\/06\/26\/le-muse-scambi-culturali-con-lapprossimarsi-dei-25-anni-di-attivita\/#breadcrumb"},"inLanguage":"it-IT","potentialAction":[{"@type":"ReadAction","target":["https:\/\/progettotouring.it\/radiotouring104\/2024\/06\/26\/le-muse-scambi-culturali-con-lapprossimarsi-dei-25-anni-di-attivita\/"]}]},{"@type":"ImageObject","inLanguage":"it-IT","@id":"https:\/\/progettotouring.it\/radiotouring104\/2024\/06\/26\/le-muse-scambi-culturali-con-lapprossimarsi-dei-25-anni-di-attivita\/#primaryimage","url":"https:\/\/progettotouring.it\/radiotouring104\/wp-content\/uploads\/sites\/6\/2024\/06\/Le-Muse-Piraino.jpg","contentUrl":"https:\/\/progettotouring.it\/radiotouring104\/wp-content\/uploads\/sites\/6\/2024\/06\/Le-Muse-Piraino.jpg","width":946,"height":631},{"@type":"BreadcrumbList","@id":"https:\/\/progettotouring.it\/radiotouring104\/2024\/06\/26\/le-muse-scambi-culturali-con-lapprossimarsi-dei-25-anni-di-attivita\/#breadcrumb","itemListElement":[{"@type":"ListItem","position":1,"name":"Home","item":"https:\/\/progettotouring.it\/radiotouring104\/"},{"@type":"ListItem","position":2,"name":"Le Muse: scambi culturali con l&#8217;approssimarsi dei 25 anni di attivit\u00e0"}]},{"@type":"WebSite","@id":"https:\/\/progettotouring.it\/radiotouring104\/#website","url":"https:\/\/progettotouring.it\/radiotouring104\/","name":"Radio Touring 104","description":"La prima radio Reggina","publisher":{"@id":"https:\/\/progettotouring.it\/radiotouring104\/#organization"},"potentialAction":[{"@type":"SearchAction","target":{"@type":"EntryPoint","urlTemplate":"https:\/\/progettotouring.it\/radiotouring104\/?s={search_term_string}"},"query-input":{"@type":"PropertyValueSpecification","valueRequired":true,"valueName":"search_term_string"}}],"inLanguage":"it-IT"},{"@type":"Organization","@id":"https:\/\/progettotouring.it\/radiotouring104\/#organization","name":"Radio Touring 104","url":"https:\/\/progettotouring.it\/radiotouring104\/","logo":{"@type":"ImageObject","inLanguage":"it-IT","@id":"https:\/\/progettotouring.it\/radiotouring104\/#\/schema\/logo\/image\/","url":"https:\/\/progettotouring.it\/radiotouring104\/wp-content\/uploads\/sites\/6\/2022\/02\/cropped-logo-radio-touring-104.png","contentUrl":"https:\/\/progettotouring.it\/radiotouring104\/wp-content\/uploads\/sites\/6\/2022\/02\/cropped-logo-radio-touring-104.png","width":377,"height":182,"caption":"Radio Touring 104"},"image":{"@id":"https:\/\/progettotouring.it\/radiotouring104\/#\/schema\/logo\/image\/"}},{"@type":"Person","@id":"https:\/\/progettotouring.it\/radiotouring104\/#\/schema\/person\/78613917f1851f041f7483f5af1d422e","name":"Sebastiano Plutino","image":{"@type":"ImageObject","inLanguage":"it-IT","@id":"https:\/\/secure.gravatar.com\/avatar\/0546ffaa9b79224faf9f2a156b67a529ae861d3287c66c1d8ccfdf909bcba78d?s=96&d=mm&r=g","url":"https:\/\/secure.gravatar.com\/avatar\/0546ffaa9b79224faf9f2a156b67a529ae861d3287c66c1d8ccfdf909bcba78d?s=96&d=mm&r=g","contentUrl":"https:\/\/secure.gravatar.com\/avatar\/0546ffaa9b79224faf9f2a156b67a529ae861d3287c66c1d8ccfdf909bcba78d?s=96&d=mm&r=g","caption":"Sebastiano Plutino"},"url":"https:\/\/progettotouring.it\/radiotouring104\/author\/sebastiano\/"}]}},"jetpack_publicize_connections":[],"jetpack_featured_media_url":"https:\/\/progettotouring.it\/radiotouring104\/wp-content\/uploads\/sites\/6\/2024\/06\/Le-Muse-Piraino.jpg","jetpack_sharing_enabled":true,"_links":{"self":[{"href":"https:\/\/progettotouring.it\/radiotouring104\/wp-json\/wp\/v2\/posts\/54046","targetHints":{"allow":["GET"]}}],"collection":[{"href":"https:\/\/progettotouring.it\/radiotouring104\/wp-json\/wp\/v2\/posts"}],"about":[{"href":"https:\/\/progettotouring.it\/radiotouring104\/wp-json\/wp\/v2\/types\/post"}],"author":[{"embeddable":true,"href":"https:\/\/progettotouring.it\/radiotouring104\/wp-json\/wp\/v2\/users\/12"}],"replies":[{"embeddable":true,"href":"https:\/\/progettotouring.it\/radiotouring104\/wp-json\/wp\/v2\/comments?post=54046"}],"version-history":[{"count":1,"href":"https:\/\/progettotouring.it\/radiotouring104\/wp-json\/wp\/v2\/posts\/54046\/revisions"}],"predecessor-version":[{"id":54048,"href":"https:\/\/progettotouring.it\/radiotouring104\/wp-json\/wp\/v2\/posts\/54046\/revisions\/54048"}],"wp:featuredmedia":[{"embeddable":true,"href":"https:\/\/progettotouring.it\/radiotouring104\/wp-json\/wp\/v2\/media\/54047"}],"wp:attachment":[{"href":"https:\/\/progettotouring.it\/radiotouring104\/wp-json\/wp\/v2\/media?parent=54046"}],"wp:term":[{"taxonomy":"category","embeddable":true,"href":"https:\/\/progettotouring.it\/radiotouring104\/wp-json\/wp\/v2\/categories?post=54046"},{"taxonomy":"post_tag","embeddable":true,"href":"https:\/\/progettotouring.it\/radiotouring104\/wp-json\/wp\/v2\/tags?post=54046"}],"curies":[{"name":"wp","href":"https:\/\/api.w.org\/{rel}","templated":true}]}}