{"id":54059,"date":"2024-06-26T12:17:04","date_gmt":"2024-06-26T10:17:04","guid":{"rendered":"https:\/\/progettotouring.it\/radiotouring104\/?p=54059"},"modified":"2024-06-26T12:17:33","modified_gmt":"2024-06-26T10:17:33","slug":"arasi-completato-restauro-madonna-maria-s-ma-assunta-statua-torna-a-casa-in-processione","status":"publish","type":"post","link":"https:\/\/progettotouring.it\/radiotouring104\/2024\/06\/26\/arasi-completato-restauro-madonna-maria-s-ma-assunta-statua-torna-a-casa-in-processione\/","title":{"rendered":"Arasi: completato restauro Madonna Maria S.ma Assunta. Statua torna a casa in processione"},"content":{"rendered":"<p style=\"text-align: justify\"><strong>La statua della Madonna Maria Santissima Assunta di Aras\u00ec torna a casa.<\/strong> Si \u00e8 <strong>tenuta nei giorni scorsi nel borgo di Aras\u00ec<\/strong>, frazione collinare di Reggio Calabria alle pendici dell&#8217;area preaspromontana,<strong> la processione della statua tra le vie del centro abitato fino alla Chiesa Parrocchiale Santa Maria del Popolo.<\/strong><\/p>\n<p><strong>Il sindaco Giuseppe Falcomat\u00e0 ha raccolto l&#8217;invito<\/strong> del<strong> Parroco Don Giuseppe Bagnato e del Comitato promotore<\/strong>, guidato dal presidente<strong> Santo Spinella, a presenziare all&#8217;evento che ha segnato il rientro della statua in Chiesa della statua,<\/strong> interessata negli ultimi mesi da un meticoloso lavoro di restauro operato da un team di esperti guidato dalla funzionaria della Soprintendenza Belle Arti e Paesaggio di Reggio Calabria Maria Cristina Schiavone.<\/p>\n<p>La processione della statua, affidata alle sapienti mani dei portatori che l&#8217;hanno accompagnata a braccia fino in Chiesa, e la successiva celebrazione eucaristica solenne, sono state allietate dalle note del Complesso Bandistico &#8220;A. Santamaura&#8221; Citt\u00e0 di Ort\u00ec, diretta dal Maestro Roberto Caridi, e dai canti del Coro Parrocchiale &#8220;Nuove Speranze&#8221; di Aras\u00ec diretto dalla Maestra Claudia Marra.<\/p>\n<div style=\"text-align: justify\"><\/div>\n<div style=\"text-align: justify\">\n<p>Alla processione hanno preso parte anche il Consigliere comunale<strong> Filippo Burrone,<\/strong> il gi\u00e0 Presidente del Consorzio di Bonifica del Basso Jonio reggino <strong>Giandomenico Caridi,<\/strong> il gi\u00e0 consigliere comunale reggino <strong>Domenico Marra,<\/strong> e <strong>Giuseppe Polimeni,<\/strong> concittadino illustre della comunit\u00e0 di Aras\u00ec, gi\u00e0 Console Onorario d\u2019Italia presso gli Stati Uniti d\u2019America a Springfield e Boston, in Massachusetts, che \u00e8 stato successivamente ricevuto dal sindaco a Palazzo San Giorgio.<\/p>\n<p><em>&#8220;E&#8217; stato un momento emozionante <strong>&#8211;<\/strong><\/em><strong> ha commentato il sindaco Giuseppe Falcomat\u00e0 a margine della processione <\/strong><em><strong>&#8211;<\/strong> una di quelle giornata che contribuisce a celebrare l&#8217;identit\u00e0 profonda della nostra citt\u00e0, rinsaldandone i valori pi\u00f9 autentici ed esaltando quel senso di comunit\u00e0 che nei borghi collinari e nei quartieri \u00e8 fondato sull&#8217;appartenenza e sull&#8217;orgoglio delle tradizioni. Voglio ringraziare il Parroco Don Giuseppe Bagnato, il Comitato promotore, il Console onorario Giuseppe Polimeni e tutta la comunit\u00e0 di Aras\u00ec, non solo per la straordinaria opera che ha consentito il restauro ed il ritorno a casa della statua della Madonna, ma anche per la bellissima manifestazione, di alto valore civico oltre che religioso, che ha allietato il borgo ed i tanti cittadini che vi risiedono o che lo frequentano durante il periodo estivo&#8221;.<\/em><\/p>\n<\/div>\n","protected":false},"excerpt":{"rendered":"<p>La statua della Madonna Maria Santissima Assunta di Aras\u00ec torna a casa. Si \u00e8 tenuta nei giorni scorsi nel borgo di Aras\u00ec, frazione collinare di Reggio Calabria alle pendici dell&#8217;area&hellip;<\/p>\n","protected":false},"author":12,"featured_media":54060,"comment_status":"closed","ping_status":"open","sticky":false,"template":"","format":"standard","meta":{"_jetpack_memberships_contains_paid_content":false,"footnotes":"","jetpack_publicize_message":"","jetpack_publicize_feature_enabled":true,"jetpack_social_post_already_shared":false,"jetpack_social_options":{"image_generator_settings":{"template":"highway","default_image_id":0,"font":"","enabled":false},"version":2}},"categories":[921,196,140],"tags":[33175,33174,33176,20254,812],"class_list":["post-54059","post","type-post","status-publish","format-standard","has-post-thumbnail","hentry","category-home","category-news","category-reggio-calabria","tag-arasi","tag-comitato-promotore","tag-completato-restauro-madonna-maria-s-ma-assunta","tag-don-giuseppe-bagnato","tag-giuseppe-falcomata"],"yoast_head":"<!-- This site is optimized with the Yoast SEO plugin v27.2 - https:\/\/yoast.com\/product\/yoast-seo-wordpress\/ -->\n<title>Arasi: completato restauro Madonna Maria S.ma Assunta.<\/title>\n<meta name=\"description\" content=\"Svolta la cerimonia nel borgo collinare reggino, alla presenza del Sindaco Falcomat\u00e0 e del parroco Don Bagnato e del Comitato promotore\" \/>\n<meta name=\"robots\" content=\"index, follow, max-snippet:-1, max-image-preview:large, max-video-preview:-1\" \/>\n<link rel=\"canonical\" href=\"https:\/\/progettotouring.it\/radiotouring104\/2024\/06\/26\/arasi-completato-restauro-madonna-maria-s-ma-assunta-statua-torna-a-casa-in-processione\/\" \/>\n<meta property=\"og:locale\" content=\"it_IT\" \/>\n<meta property=\"og:type\" content=\"article\" \/>\n<meta property=\"og:title\" content=\"Arasi: completato restauro Madonna Maria S.ma Assunta.\" \/>\n<meta property=\"og:description\" content=\"Svolta la cerimonia nel borgo collinare reggino, alla presenza del Sindaco Falcomat\u00e0 e del parroco Don Bagnato e del Comitato promotore\" \/>\n<meta property=\"og:url\" content=\"https:\/\/progettotouring.it\/radiotouring104\/2024\/06\/26\/arasi-completato-restauro-madonna-maria-s-ma-assunta-statua-torna-a-casa-in-processione\/\" \/>\n<meta property=\"og:site_name\" content=\"Radio Touring 104\" \/>\n<meta property=\"article:published_time\" content=\"2024-06-26T10:17:04+00:00\" \/>\n<meta property=\"article:modified_time\" content=\"2024-06-26T10:17:33+00:00\" \/>\n<meta property=\"og:image\" content=\"https:\/\/progettotouring.it\/radiotouring104\/wp-content\/uploads\/sites\/6\/2024\/06\/processione-arasi-2.jpeg\" \/>\n\t<meta property=\"og:image:width\" content=\"1600\" \/>\n\t<meta property=\"og:image:height\" content=\"900\" \/>\n\t<meta property=\"og:image:type\" content=\"image\/jpeg\" \/>\n<meta name=\"author\" content=\"Sebastiano Plutino\" \/>\n<meta name=\"twitter:card\" content=\"summary_large_image\" \/>\n<meta name=\"twitter:label1\" content=\"Scritto da\" \/>\n\t<meta name=\"twitter:data1\" content=\"Sebastiano Plutino\" \/>\n\t<meta name=\"twitter:label2\" content=\"Tempo di lettura stimato\" \/>\n\t<meta name=\"twitter:data2\" content=\"2 minuti\" \/>\n<script type=\"application\/ld+json\" class=\"yoast-schema-graph\">{\"@context\":\"https:\/\/schema.org\",\"@graph\":[{\"@type\":\"Article\",\"@id\":\"https:\/\/progettotouring.it\/radiotouring104\/2024\/06\/26\/arasi-completato-restauro-madonna-maria-s-ma-assunta-statua-torna-a-casa-in-processione\/#article\",\"isPartOf\":{\"@id\":\"https:\/\/progettotouring.it\/radiotouring104\/2024\/06\/26\/arasi-completato-restauro-madonna-maria-s-ma-assunta-statua-torna-a-casa-in-processione\/\"},\"author\":{\"name\":\"Sebastiano Plutino\",\"@id\":\"https:\/\/progettotouring.it\/radiotouring104\/#\/schema\/person\/78613917f1851f041f7483f5af1d422e\"},\"headline\":\"Arasi: completato restauro Madonna Maria S.ma Assunta. Statua torna a casa in processione\",\"datePublished\":\"2024-06-26T10:17:04+00:00\",\"dateModified\":\"2024-06-26T10:17:33+00:00\",\"mainEntityOfPage\":{\"@id\":\"https:\/\/progettotouring.it\/radiotouring104\/2024\/06\/26\/arasi-completato-restauro-madonna-maria-s-ma-assunta-statua-torna-a-casa-in-processione\/\"},\"wordCount\":380,\"publisher\":{\"@id\":\"https:\/\/progettotouring.it\/radiotouring104\/#organization\"},\"image\":{\"@id\":\"https:\/\/progettotouring.it\/radiotouring104\/2024\/06\/26\/arasi-completato-restauro-madonna-maria-s-ma-assunta-statua-torna-a-casa-in-processione\/#primaryimage\"},\"thumbnailUrl\":\"https:\/\/progettotouring.it\/radiotouring104\/wp-content\/uploads\/sites\/6\/2024\/06\/processione-arasi-2.jpeg\",\"keywords\":[\"Arasi\",\"Comitato promotore\",\"completato restauro Madonna Maria S.ma Assunta.\",\"Don Giuseppe Bagnato\",\"Giuseppe Falcomat\u00e0\"],\"articleSection\":[\"Home\",\"News\",\"Reggio Calabria\"],\"inLanguage\":\"it-IT\"},{\"@type\":\"WebPage\",\"@id\":\"https:\/\/progettotouring.it\/radiotouring104\/2024\/06\/26\/arasi-completato-restauro-madonna-maria-s-ma-assunta-statua-torna-a-casa-in-processione\/\",\"url\":\"https:\/\/progettotouring.it\/radiotouring104\/2024\/06\/26\/arasi-completato-restauro-madonna-maria-s-ma-assunta-statua-torna-a-casa-in-processione\/\",\"name\":\"Arasi: completato restauro Madonna Maria S.ma Assunta.\",\"isPartOf\":{\"@id\":\"https:\/\/progettotouring.it\/radiotouring104\/#website\"},\"primaryImageOfPage\":{\"@id\":\"https:\/\/progettotouring.it\/radiotouring104\/2024\/06\/26\/arasi-completato-restauro-madonna-maria-s-ma-assunta-statua-torna-a-casa-in-processione\/#primaryimage\"},\"image\":{\"@id\":\"https:\/\/progettotouring.it\/radiotouring104\/2024\/06\/26\/arasi-completato-restauro-madonna-maria-s-ma-assunta-statua-torna-a-casa-in-processione\/#primaryimage\"},\"thumbnailUrl\":\"https:\/\/progettotouring.it\/radiotouring104\/wp-content\/uploads\/sites\/6\/2024\/06\/processione-arasi-2.jpeg\",\"datePublished\":\"2024-06-26T10:17:04+00:00\",\"dateModified\":\"2024-06-26T10:17:33+00:00\",\"description\":\"Svolta la cerimonia nel borgo collinare reggino, alla presenza del Sindaco Falcomat\u00e0 e del parroco Don Bagnato e del Comitato promotore\",\"breadcrumb\":{\"@id\":\"https:\/\/progettotouring.it\/radiotouring104\/2024\/06\/26\/arasi-completato-restauro-madonna-maria-s-ma-assunta-statua-torna-a-casa-in-processione\/#breadcrumb\"},\"inLanguage\":\"it-IT\",\"potentialAction\":[{\"@type\":\"ReadAction\",\"target\":[\"https:\/\/progettotouring.it\/radiotouring104\/2024\/06\/26\/arasi-completato-restauro-madonna-maria-s-ma-assunta-statua-torna-a-casa-in-processione\/\"]}]},{\"@type\":\"ImageObject\",\"inLanguage\":\"it-IT\",\"@id\":\"https:\/\/progettotouring.it\/radiotouring104\/2024\/06\/26\/arasi-completato-restauro-madonna-maria-s-ma-assunta-statua-torna-a-casa-in-processione\/#primaryimage\",\"url\":\"https:\/\/progettotouring.it\/radiotouring104\/wp-content\/uploads\/sites\/6\/2024\/06\/processione-arasi-2.jpeg\",\"contentUrl\":\"https:\/\/progettotouring.it\/radiotouring104\/wp-content\/uploads\/sites\/6\/2024\/06\/processione-arasi-2.jpeg\",\"width\":1600,\"height\":900},{\"@type\":\"BreadcrumbList\",\"@id\":\"https:\/\/progettotouring.it\/radiotouring104\/2024\/06\/26\/arasi-completato-restauro-madonna-maria-s-ma-assunta-statua-torna-a-casa-in-processione\/#breadcrumb\",\"itemListElement\":[{\"@type\":\"ListItem\",\"position\":1,\"name\":\"Home\",\"item\":\"https:\/\/progettotouring.it\/radiotouring104\/\"},{\"@type\":\"ListItem\",\"position\":2,\"name\":\"Arasi: completato restauro Madonna Maria S.ma Assunta. Statua torna a casa in processione\"}]},{\"@type\":\"WebSite\",\"@id\":\"https:\/\/progettotouring.it\/radiotouring104\/#website\",\"url\":\"https:\/\/progettotouring.it\/radiotouring104\/\",\"name\":\"Radio Touring 104\",\"description\":\"La prima radio Reggina\",\"publisher\":{\"@id\":\"https:\/\/progettotouring.it\/radiotouring104\/#organization\"},\"potentialAction\":[{\"@type\":\"SearchAction\",\"target\":{\"@type\":\"EntryPoint\",\"urlTemplate\":\"https:\/\/progettotouring.it\/radiotouring104\/?s={search_term_string}\"},\"query-input\":{\"@type\":\"PropertyValueSpecification\",\"valueRequired\":true,\"valueName\":\"search_term_string\"}}],\"inLanguage\":\"it-IT\"},{\"@type\":\"Organization\",\"@id\":\"https:\/\/progettotouring.it\/radiotouring104\/#organization\",\"name\":\"Radio Touring 104\",\"url\":\"https:\/\/progettotouring.it\/radiotouring104\/\",\"logo\":{\"@type\":\"ImageObject\",\"inLanguage\":\"it-IT\",\"@id\":\"https:\/\/progettotouring.it\/radiotouring104\/#\/schema\/logo\/image\/\",\"url\":\"https:\/\/progettotouring.it\/radiotouring104\/wp-content\/uploads\/sites\/6\/2022\/02\/cropped-logo-radio-touring-104.png\",\"contentUrl\":\"https:\/\/progettotouring.it\/radiotouring104\/wp-content\/uploads\/sites\/6\/2022\/02\/cropped-logo-radio-touring-104.png\",\"width\":377,\"height\":182,\"caption\":\"Radio Touring 104\"},\"image\":{\"@id\":\"https:\/\/progettotouring.it\/radiotouring104\/#\/schema\/logo\/image\/\"}},{\"@type\":\"Person\",\"@id\":\"https:\/\/progettotouring.it\/radiotouring104\/#\/schema\/person\/78613917f1851f041f7483f5af1d422e\",\"name\":\"Sebastiano Plutino\",\"image\":{\"@type\":\"ImageObject\",\"inLanguage\":\"it-IT\",\"@id\":\"https:\/\/secure.gravatar.com\/avatar\/0546ffaa9b79224faf9f2a156b67a529ae861d3287c66c1d8ccfdf909bcba78d?s=96&d=mm&r=g\",\"url\":\"https:\/\/secure.gravatar.com\/avatar\/0546ffaa9b79224faf9f2a156b67a529ae861d3287c66c1d8ccfdf909bcba78d?s=96&d=mm&r=g\",\"contentUrl\":\"https:\/\/secure.gravatar.com\/avatar\/0546ffaa9b79224faf9f2a156b67a529ae861d3287c66c1d8ccfdf909bcba78d?s=96&d=mm&r=g\",\"caption\":\"Sebastiano Plutino\"},\"url\":\"https:\/\/progettotouring.it\/radiotouring104\/author\/sebastiano\/\"}]}<\/script>\n<!-- \/ Yoast SEO plugin. -->","yoast_head_json":{"title":"Arasi: completato restauro Madonna Maria S.ma Assunta.","description":"Svolta la cerimonia nel borgo collinare reggino, alla presenza del Sindaco Falcomat\u00e0 e del parroco Don Bagnato e del Comitato promotore","robots":{"index":"index","follow":"follow","max-snippet":"max-snippet:-1","max-image-preview":"max-image-preview:large","max-video-preview":"max-video-preview:-1"},"canonical":"https:\/\/progettotouring.it\/radiotouring104\/2024\/06\/26\/arasi-completato-restauro-madonna-maria-s-ma-assunta-statua-torna-a-casa-in-processione\/","og_locale":"it_IT","og_type":"article","og_title":"Arasi: completato restauro Madonna Maria S.ma Assunta.","og_description":"Svolta la cerimonia nel borgo collinare reggino, alla presenza del Sindaco Falcomat\u00e0 e del parroco Don Bagnato e del Comitato promotore","og_url":"https:\/\/progettotouring.it\/radiotouring104\/2024\/06\/26\/arasi-completato-restauro-madonna-maria-s-ma-assunta-statua-torna-a-casa-in-processione\/","og_site_name":"Radio Touring 104","article_published_time":"2024-06-26T10:17:04+00:00","article_modified_time":"2024-06-26T10:17:33+00:00","og_image":[{"width":1600,"height":900,"url":"https:\/\/progettotouring.it\/radiotouring104\/wp-content\/uploads\/sites\/6\/2024\/06\/processione-arasi-2.jpeg","type":"image\/jpeg"}],"author":"Sebastiano Plutino","twitter_card":"summary_large_image","twitter_misc":{"Scritto da":"Sebastiano Plutino","Tempo di lettura stimato":"2 minuti"},"schema":{"@context":"https:\/\/schema.org","@graph":[{"@type":"Article","@id":"https:\/\/progettotouring.it\/radiotouring104\/2024\/06\/26\/arasi-completato-restauro-madonna-maria-s-ma-assunta-statua-torna-a-casa-in-processione\/#article","isPartOf":{"@id":"https:\/\/progettotouring.it\/radiotouring104\/2024\/06\/26\/arasi-completato-restauro-madonna-maria-s-ma-assunta-statua-torna-a-casa-in-processione\/"},"author":{"name":"Sebastiano Plutino","@id":"https:\/\/progettotouring.it\/radiotouring104\/#\/schema\/person\/78613917f1851f041f7483f5af1d422e"},"headline":"Arasi: completato restauro Madonna Maria S.ma Assunta. Statua torna a casa in processione","datePublished":"2024-06-26T10:17:04+00:00","dateModified":"2024-06-26T10:17:33+00:00","mainEntityOfPage":{"@id":"https:\/\/progettotouring.it\/radiotouring104\/2024\/06\/26\/arasi-completato-restauro-madonna-maria-s-ma-assunta-statua-torna-a-casa-in-processione\/"},"wordCount":380,"publisher":{"@id":"https:\/\/progettotouring.it\/radiotouring104\/#organization"},"image":{"@id":"https:\/\/progettotouring.it\/radiotouring104\/2024\/06\/26\/arasi-completato-restauro-madonna-maria-s-ma-assunta-statua-torna-a-casa-in-processione\/#primaryimage"},"thumbnailUrl":"https:\/\/progettotouring.it\/radiotouring104\/wp-content\/uploads\/sites\/6\/2024\/06\/processione-arasi-2.jpeg","keywords":["Arasi","Comitato promotore","completato restauro Madonna Maria S.ma Assunta.","Don Giuseppe Bagnato","Giuseppe Falcomat\u00e0"],"articleSection":["Home","News","Reggio Calabria"],"inLanguage":"it-IT"},{"@type":"WebPage","@id":"https:\/\/progettotouring.it\/radiotouring104\/2024\/06\/26\/arasi-completato-restauro-madonna-maria-s-ma-assunta-statua-torna-a-casa-in-processione\/","url":"https:\/\/progettotouring.it\/radiotouring104\/2024\/06\/26\/arasi-completato-restauro-madonna-maria-s-ma-assunta-statua-torna-a-casa-in-processione\/","name":"Arasi: completato restauro Madonna Maria S.ma Assunta.","isPartOf":{"@id":"https:\/\/progettotouring.it\/radiotouring104\/#website"},"primaryImageOfPage":{"@id":"https:\/\/progettotouring.it\/radiotouring104\/2024\/06\/26\/arasi-completato-restauro-madonna-maria-s-ma-assunta-statua-torna-a-casa-in-processione\/#primaryimage"},"image":{"@id":"https:\/\/progettotouring.it\/radiotouring104\/2024\/06\/26\/arasi-completato-restauro-madonna-maria-s-ma-assunta-statua-torna-a-casa-in-processione\/#primaryimage"},"thumbnailUrl":"https:\/\/progettotouring.it\/radiotouring104\/wp-content\/uploads\/sites\/6\/2024\/06\/processione-arasi-2.jpeg","datePublished":"2024-06-26T10:17:04+00:00","dateModified":"2024-06-26T10:17:33+00:00","description":"Svolta la cerimonia nel borgo collinare reggino, alla presenza del Sindaco Falcomat\u00e0 e del parroco Don Bagnato e del Comitato promotore","breadcrumb":{"@id":"https:\/\/progettotouring.it\/radiotouring104\/2024\/06\/26\/arasi-completato-restauro-madonna-maria-s-ma-assunta-statua-torna-a-casa-in-processione\/#breadcrumb"},"inLanguage":"it-IT","potentialAction":[{"@type":"ReadAction","target":["https:\/\/progettotouring.it\/radiotouring104\/2024\/06\/26\/arasi-completato-restauro-madonna-maria-s-ma-assunta-statua-torna-a-casa-in-processione\/"]}]},{"@type":"ImageObject","inLanguage":"it-IT","@id":"https:\/\/progettotouring.it\/radiotouring104\/2024\/06\/26\/arasi-completato-restauro-madonna-maria-s-ma-assunta-statua-torna-a-casa-in-processione\/#primaryimage","url":"https:\/\/progettotouring.it\/radiotouring104\/wp-content\/uploads\/sites\/6\/2024\/06\/processione-arasi-2.jpeg","contentUrl":"https:\/\/progettotouring.it\/radiotouring104\/wp-content\/uploads\/sites\/6\/2024\/06\/processione-arasi-2.jpeg","width":1600,"height":900},{"@type":"BreadcrumbList","@id":"https:\/\/progettotouring.it\/radiotouring104\/2024\/06\/26\/arasi-completato-restauro-madonna-maria-s-ma-assunta-statua-torna-a-casa-in-processione\/#breadcrumb","itemListElement":[{"@type":"ListItem","position":1,"name":"Home","item":"https:\/\/progettotouring.it\/radiotouring104\/"},{"@type":"ListItem","position":2,"name":"Arasi: completato restauro Madonna Maria S.ma Assunta. Statua torna a casa in processione"}]},{"@type":"WebSite","@id":"https:\/\/progettotouring.it\/radiotouring104\/#website","url":"https:\/\/progettotouring.it\/radiotouring104\/","name":"Radio Touring 104","description":"La prima radio Reggina","publisher":{"@id":"https:\/\/progettotouring.it\/radiotouring104\/#organization"},"potentialAction":[{"@type":"SearchAction","target":{"@type":"EntryPoint","urlTemplate":"https:\/\/progettotouring.it\/radiotouring104\/?s={search_term_string}"},"query-input":{"@type":"PropertyValueSpecification","valueRequired":true,"valueName":"search_term_string"}}],"inLanguage":"it-IT"},{"@type":"Organization","@id":"https:\/\/progettotouring.it\/radiotouring104\/#organization","name":"Radio Touring 104","url":"https:\/\/progettotouring.it\/radiotouring104\/","logo":{"@type":"ImageObject","inLanguage":"it-IT","@id":"https:\/\/progettotouring.it\/radiotouring104\/#\/schema\/logo\/image\/","url":"https:\/\/progettotouring.it\/radiotouring104\/wp-content\/uploads\/sites\/6\/2022\/02\/cropped-logo-radio-touring-104.png","contentUrl":"https:\/\/progettotouring.it\/radiotouring104\/wp-content\/uploads\/sites\/6\/2022\/02\/cropped-logo-radio-touring-104.png","width":377,"height":182,"caption":"Radio Touring 104"},"image":{"@id":"https:\/\/progettotouring.it\/radiotouring104\/#\/schema\/logo\/image\/"}},{"@type":"Person","@id":"https:\/\/progettotouring.it\/radiotouring104\/#\/schema\/person\/78613917f1851f041f7483f5af1d422e","name":"Sebastiano Plutino","image":{"@type":"ImageObject","inLanguage":"it-IT","@id":"https:\/\/secure.gravatar.com\/avatar\/0546ffaa9b79224faf9f2a156b67a529ae861d3287c66c1d8ccfdf909bcba78d?s=96&d=mm&r=g","url":"https:\/\/secure.gravatar.com\/avatar\/0546ffaa9b79224faf9f2a156b67a529ae861d3287c66c1d8ccfdf909bcba78d?s=96&d=mm&r=g","contentUrl":"https:\/\/secure.gravatar.com\/avatar\/0546ffaa9b79224faf9f2a156b67a529ae861d3287c66c1d8ccfdf909bcba78d?s=96&d=mm&r=g","caption":"Sebastiano Plutino"},"url":"https:\/\/progettotouring.it\/radiotouring104\/author\/sebastiano\/"}]}},"jetpack_publicize_connections":[],"jetpack_featured_media_url":"https:\/\/progettotouring.it\/radiotouring104\/wp-content\/uploads\/sites\/6\/2024\/06\/processione-arasi-2.jpeg","jetpack_sharing_enabled":true,"_links":{"self":[{"href":"https:\/\/progettotouring.it\/radiotouring104\/wp-json\/wp\/v2\/posts\/54059","targetHints":{"allow":["GET"]}}],"collection":[{"href":"https:\/\/progettotouring.it\/radiotouring104\/wp-json\/wp\/v2\/posts"}],"about":[{"href":"https:\/\/progettotouring.it\/radiotouring104\/wp-json\/wp\/v2\/types\/post"}],"author":[{"embeddable":true,"href":"https:\/\/progettotouring.it\/radiotouring104\/wp-json\/wp\/v2\/users\/12"}],"replies":[{"embeddable":true,"href":"https:\/\/progettotouring.it\/radiotouring104\/wp-json\/wp\/v2\/comments?post=54059"}],"version-history":[{"count":2,"href":"https:\/\/progettotouring.it\/radiotouring104\/wp-json\/wp\/v2\/posts\/54059\/revisions"}],"predecessor-version":[{"id":54062,"href":"https:\/\/progettotouring.it\/radiotouring104\/wp-json\/wp\/v2\/posts\/54059\/revisions\/54062"}],"wp:featuredmedia":[{"embeddable":true,"href":"https:\/\/progettotouring.it\/radiotouring104\/wp-json\/wp\/v2\/media\/54060"}],"wp:attachment":[{"href":"https:\/\/progettotouring.it\/radiotouring104\/wp-json\/wp\/v2\/media?parent=54059"}],"wp:term":[{"taxonomy":"category","embeddable":true,"href":"https:\/\/progettotouring.it\/radiotouring104\/wp-json\/wp\/v2\/categories?post=54059"},{"taxonomy":"post_tag","embeddable":true,"href":"https:\/\/progettotouring.it\/radiotouring104\/wp-json\/wp\/v2\/tags?post=54059"}],"curies":[{"name":"wp","href":"https:\/\/api.w.org\/{rel}","templated":true}]}}