{"id":54079,"date":"2024-06-26T12:58:08","date_gmt":"2024-06-26T10:58:08","guid":{"rendered":"https:\/\/progettotouring.it\/radiotouring104\/?p=54079"},"modified":"2024-06-26T12:58:08","modified_gmt":"2024-06-26T10:58:08","slug":"villa-san-giovanni-inaugurato-il-centro-estivo-don-bosco","status":"publish","type":"post","link":"https:\/\/progettotouring.it\/radiotouring104\/2024\/06\/26\/villa-san-giovanni-inaugurato-il-centro-estivo-don-bosco\/","title":{"rendered":"Villa San Giovanni: inaugurato il centro estivo &#8220;Don Bosco&#8221;"},"content":{"rendered":"<div dir=\"auto\" style=\"text-align: justify\">Inaugurato a pieno regime il centro estivo, presso l\u2019oratorio \u201cdon Bosco\u201d per tutti i bambini e ragazzi\u00a0 aventi diritto, secondo quanto deliberato dalla giunta comunale. Risulta assai evidente che gli intenti\u00a0 pedagogici\u00a0 e sociali a fondamento dell\u2019atto di\u00a0 indirizzo di giunta hanno visto\u00a0 centrati gli obiettivi prefissati. A confermarlo i numeri\u00a0 delle famiglie richiedenti, cui si aggiungono numerose domande fuori termine:<\/div>\n<div dir=\"auto\" style=\"text-align: justify\">50 i posti disponibili, 3 destinati ai minori disabili, 62 le richieste pervenute entro la scadenza fissata, 5 in favore di bambini disabili.<\/div>\n<div dir=\"auto\" style=\"text-align: justify\">Si \u00e8 lavorato e si sta a tutt\u2019oggi lavorando per includere e\u00a0 riassorbire tutti i minori che hanno fatto domanda entro il termine stabilito, con l\u2019intento di garantire un ambiente\u00a0 educativo che risponda alle esigenze sociali del territorio. I requisiti di accesso\u00a0 e i criteri di selezione assunti non afferiscono solo alla residenza o alla frequenza del nostro\u00a0 Istituto\u00a0 comprensivo, come negli anni precedenti, hanno trovato giustamente attuazione anche criteri legati al reddito delle famiglie, suddivise in 4 fasce ISEE, con benefici annessi per le fasce a reddito inferiore, fino ad esenzione totale. \u201cGrande collaborazione, nella progettazione educativa e\u00a0 nell\u2019 offerta resa, da parte delle Figlie di Maria Ausiliatrice, cui \u00e8 affidata la gestione del centro estivo\u00a0 nei locali dell\u2019oratorio.\u00a0 Spazi da sempre destinati alla cura e all\u2019educazione di generazioni, cui si riconosce il prezioso ruolo e il carisma speso a beneficio della nostra comunit\u00e0.\u201d-dichiara la Presidente del Consiglio comunale Caterina Trecroci con delega all\u2019istruzione e alle politiche educative.<\/div>\n<div dir=\"auto\" style=\"text-align: justify\">Locali che saranno oggetto molto presto di un\u2019 importante ristrutturazione finalizzata all\u2019apertura di un asilo nido. Un\u2019occasione per i comuni italiani\u00a0 voluta dal Ministro Valditara e sostenuta dalla necessit\u00e0 di potenziare i servizi per l\u2019infanzia. L\u2019ente infatti risulta beneficiario di un finanziamento messo a bando dal Ministero dell\u2019Istruzione e del Merito per la riconversione degli edifici esistenti in asili nido.<\/div>\n<div dir=\"auto\" style=\"text-align: justify\">\u201cEra attesa da tempo &#8211; continua la presidente del consiglio-\u00a0 l\u2019opportunit\u00e0 per rispondere alla necessit\u00e0 di intervenire su una struttura di grande valenza per la nostra Citt\u00e0 si e\u2019 colta al volo, e grazie al lavoro degli uffici,\u00a0 abbiamo ottenuto importanti risorse che consentiranno di coniugare molteplici esigenze: mantenere, valorizzare e potenziare quanto esistente sul piano educativo e didattico, riqualificare e rendere i nostri spazi educativi sempre pi\u00f9 accoglienti ed efficienti e contestualmente avviare servizi strategici per il benessere delle famiglie, in particolar modo delle giovani madri che devono trovare supporto e incentivi nella crescita dei pi\u00f9 piccoli\u201d.<\/div>\n<div dir=\"auto\" style=\"text-align: justify\">E il sindaco Giusy Caminiti conclude: \u201cAbbiamo inteso rendere un servizio diverso con il centro estivo, per il quale ringraziamo le nostre suore il cui supporto ed apporto \u00e8 stato, \u00e8 e sar\u00e0 fondamentale. Il finanziamento ottenuto di 720mila euro per la riqualificazione dell\u2019oratorio Genoa Firenze e la riconversione anche in asilo nido \u00e8 una promessa fatta alla Citt\u00e0 nel novembre 2022 e gi\u00e0 mantenuta: un centro educativo e valoriale cui intere generazioni villesi devono tanto e che sar\u00e0 finalmente adeguato agli standard scolastici per gli accreditamenti. Perch\u00e9 la comunit\u00e0 che collabora, valorizza i suoi spazi e salvaguarda ogni sua presenza \u00e8 il fine ultimo della nostra azione amministrativa\u201d.<\/div>\n","protected":false},"excerpt":{"rendered":"<p>Inaugurato a pieno regime il centro estivo, presso l\u2019oratorio \u201cdon Bosco\u201d per tutti i bambini e ragazzi\u00a0 aventi diritto, secondo quanto deliberato dalla giunta comunale. Risulta assai evidente che gli&hellip;<\/p>\n","protected":false},"author":12,"featured_media":54080,"comment_status":"closed","ping_status":"open","sticky":false,"template":"","format":"standard","meta":{"_jetpack_memberships_contains_paid_content":false,"footnotes":"","jetpack_publicize_message":"","jetpack_publicize_feature_enabled":true,"jetpack_social_post_already_shared":false,"jetpack_social_options":{"image_generator_settings":{"template":"highway","default_image_id":0,"font":"","enabled":false},"version":2}},"categories":[921,196,140],"tags":[23071,33188,3969],"class_list":["post-54079","post","type-post","status-publish","format-standard","has-post-thumbnail","hentry","category-home","category-news","category-reggio-calabria","tag-amministrazione-villa-san-giovanni","tag-inaugurato-centro-estivo","tag-oratorio-don-bosco"],"yoast_head":"<!-- This site is optimized with the Yoast SEO plugin v27.2 - https:\/\/yoast.com\/product\/yoast-seo-wordpress\/ -->\n<title>Villa San Giovanni: inaugurato il centro estivo &quot;Don Bosco&quot;<\/title>\n<meta name=\"description\" content=\"Inaugurato il centro estivo, presso l&#039;oratorio &quot;Don Bosco&quot;, secondo quanto deliberato dalla Giunta Comunale\" \/>\n<meta name=\"robots\" content=\"index, follow, max-snippet:-1, max-image-preview:large, max-video-preview:-1\" \/>\n<link rel=\"canonical\" href=\"https:\/\/progettotouring.it\/radiotouring104\/2024\/06\/26\/villa-san-giovanni-inaugurato-il-centro-estivo-don-bosco\/\" \/>\n<meta property=\"og:locale\" content=\"it_IT\" \/>\n<meta property=\"og:type\" content=\"article\" \/>\n<meta property=\"og:title\" content=\"Villa San Giovanni: inaugurato il centro estivo &quot;Don Bosco&quot;\" \/>\n<meta property=\"og:description\" content=\"Inaugurato il centro estivo, presso l&#039;oratorio &quot;Don Bosco&quot;, secondo quanto deliberato dalla Giunta Comunale\" \/>\n<meta property=\"og:url\" content=\"https:\/\/progettotouring.it\/radiotouring104\/2024\/06\/26\/villa-san-giovanni-inaugurato-il-centro-estivo-don-bosco\/\" \/>\n<meta property=\"og:site_name\" content=\"Radio Touring 104\" \/>\n<meta property=\"article:published_time\" content=\"2024-06-26T10:58:08+00:00\" \/>\n<meta property=\"og:image\" content=\"https:\/\/progettotouring.it\/radiotouring104\/wp-content\/uploads\/sites\/6\/2024\/06\/oratorio-don-bosco-Villa-san-Giovanni.jpg\" \/>\n\t<meta property=\"og:image:width\" content=\"1600\" \/>\n\t<meta property=\"og:image:height\" content=\"1200\" \/>\n\t<meta property=\"og:image:type\" content=\"image\/jpeg\" \/>\n<meta name=\"author\" content=\"Sebastiano Plutino\" \/>\n<meta name=\"twitter:card\" content=\"summary_large_image\" \/>\n<meta name=\"twitter:label1\" content=\"Scritto da\" \/>\n\t<meta name=\"twitter:data1\" content=\"Sebastiano Plutino\" \/>\n\t<meta name=\"twitter:label2\" content=\"Tempo di lettura stimato\" \/>\n\t<meta name=\"twitter:data2\" content=\"3 minuti\" \/>\n<script type=\"application\/ld+json\" class=\"yoast-schema-graph\">{\"@context\":\"https:\/\/schema.org\",\"@graph\":[{\"@type\":\"Article\",\"@id\":\"https:\/\/progettotouring.it\/radiotouring104\/2024\/06\/26\/villa-san-giovanni-inaugurato-il-centro-estivo-don-bosco\/#article\",\"isPartOf\":{\"@id\":\"https:\/\/progettotouring.it\/radiotouring104\/2024\/06\/26\/villa-san-giovanni-inaugurato-il-centro-estivo-don-bosco\/\"},\"author\":{\"name\":\"Sebastiano Plutino\",\"@id\":\"https:\/\/progettotouring.it\/radiotouring104\/#\/schema\/person\/78613917f1851f041f7483f5af1d422e\"},\"headline\":\"Villa San Giovanni: inaugurato il centro estivo &#8220;Don Bosco&#8221;\",\"datePublished\":\"2024-06-26T10:58:08+00:00\",\"mainEntityOfPage\":{\"@id\":\"https:\/\/progettotouring.it\/radiotouring104\/2024\/06\/26\/villa-san-giovanni-inaugurato-il-centro-estivo-don-bosco\/\"},\"wordCount\":522,\"publisher\":{\"@id\":\"https:\/\/progettotouring.it\/radiotouring104\/#organization\"},\"image\":{\"@id\":\"https:\/\/progettotouring.it\/radiotouring104\/2024\/06\/26\/villa-san-giovanni-inaugurato-il-centro-estivo-don-bosco\/#primaryimage\"},\"thumbnailUrl\":\"https:\/\/progettotouring.it\/radiotouring104\/wp-content\/uploads\/sites\/6\/2024\/06\/oratorio-don-bosco-Villa-san-Giovanni.jpg\",\"keywords\":[\"Amministrazione Villa San Giovanni\",\"inaugurato centro estivo\",\"oratorio don bosco\"],\"articleSection\":[\"Home\",\"News\",\"Reggio Calabria\"],\"inLanguage\":\"it-IT\"},{\"@type\":\"WebPage\",\"@id\":\"https:\/\/progettotouring.it\/radiotouring104\/2024\/06\/26\/villa-san-giovanni-inaugurato-il-centro-estivo-don-bosco\/\",\"url\":\"https:\/\/progettotouring.it\/radiotouring104\/2024\/06\/26\/villa-san-giovanni-inaugurato-il-centro-estivo-don-bosco\/\",\"name\":\"Villa San Giovanni: inaugurato il centro estivo \\\"Don Bosco\\\"\",\"isPartOf\":{\"@id\":\"https:\/\/progettotouring.it\/radiotouring104\/#website\"},\"primaryImageOfPage\":{\"@id\":\"https:\/\/progettotouring.it\/radiotouring104\/2024\/06\/26\/villa-san-giovanni-inaugurato-il-centro-estivo-don-bosco\/#primaryimage\"},\"image\":{\"@id\":\"https:\/\/progettotouring.it\/radiotouring104\/2024\/06\/26\/villa-san-giovanni-inaugurato-il-centro-estivo-don-bosco\/#primaryimage\"},\"thumbnailUrl\":\"https:\/\/progettotouring.it\/radiotouring104\/wp-content\/uploads\/sites\/6\/2024\/06\/oratorio-don-bosco-Villa-san-Giovanni.jpg\",\"datePublished\":\"2024-06-26T10:58:08+00:00\",\"description\":\"Inaugurato il centro estivo, presso l'oratorio \\\"Don Bosco\\\", secondo quanto deliberato dalla Giunta Comunale\",\"breadcrumb\":{\"@id\":\"https:\/\/progettotouring.it\/radiotouring104\/2024\/06\/26\/villa-san-giovanni-inaugurato-il-centro-estivo-don-bosco\/#breadcrumb\"},\"inLanguage\":\"it-IT\",\"potentialAction\":[{\"@type\":\"ReadAction\",\"target\":[\"https:\/\/progettotouring.it\/radiotouring104\/2024\/06\/26\/villa-san-giovanni-inaugurato-il-centro-estivo-don-bosco\/\"]}]},{\"@type\":\"ImageObject\",\"inLanguage\":\"it-IT\",\"@id\":\"https:\/\/progettotouring.it\/radiotouring104\/2024\/06\/26\/villa-san-giovanni-inaugurato-il-centro-estivo-don-bosco\/#primaryimage\",\"url\":\"https:\/\/progettotouring.it\/radiotouring104\/wp-content\/uploads\/sites\/6\/2024\/06\/oratorio-don-bosco-Villa-san-Giovanni.jpg\",\"contentUrl\":\"https:\/\/progettotouring.it\/radiotouring104\/wp-content\/uploads\/sites\/6\/2024\/06\/oratorio-don-bosco-Villa-san-Giovanni.jpg\",\"width\":1600,\"height\":1200},{\"@type\":\"BreadcrumbList\",\"@id\":\"https:\/\/progettotouring.it\/radiotouring104\/2024\/06\/26\/villa-san-giovanni-inaugurato-il-centro-estivo-don-bosco\/#breadcrumb\",\"itemListElement\":[{\"@type\":\"ListItem\",\"position\":1,\"name\":\"Home\",\"item\":\"https:\/\/progettotouring.it\/radiotouring104\/\"},{\"@type\":\"ListItem\",\"position\":2,\"name\":\"Villa San Giovanni: inaugurato il centro estivo &#8220;Don Bosco&#8221;\"}]},{\"@type\":\"WebSite\",\"@id\":\"https:\/\/progettotouring.it\/radiotouring104\/#website\",\"url\":\"https:\/\/progettotouring.it\/radiotouring104\/\",\"name\":\"Radio Touring 104\",\"description\":\"La prima radio Reggina\",\"publisher\":{\"@id\":\"https:\/\/progettotouring.it\/radiotouring104\/#organization\"},\"potentialAction\":[{\"@type\":\"SearchAction\",\"target\":{\"@type\":\"EntryPoint\",\"urlTemplate\":\"https:\/\/progettotouring.it\/radiotouring104\/?s={search_term_string}\"},\"query-input\":{\"@type\":\"PropertyValueSpecification\",\"valueRequired\":true,\"valueName\":\"search_term_string\"}}],\"inLanguage\":\"it-IT\"},{\"@type\":\"Organization\",\"@id\":\"https:\/\/progettotouring.it\/radiotouring104\/#organization\",\"name\":\"Radio Touring 104\",\"url\":\"https:\/\/progettotouring.it\/radiotouring104\/\",\"logo\":{\"@type\":\"ImageObject\",\"inLanguage\":\"it-IT\",\"@id\":\"https:\/\/progettotouring.it\/radiotouring104\/#\/schema\/logo\/image\/\",\"url\":\"https:\/\/progettotouring.it\/radiotouring104\/wp-content\/uploads\/sites\/6\/2022\/02\/cropped-logo-radio-touring-104.png\",\"contentUrl\":\"https:\/\/progettotouring.it\/radiotouring104\/wp-content\/uploads\/sites\/6\/2022\/02\/cropped-logo-radio-touring-104.png\",\"width\":377,\"height\":182,\"caption\":\"Radio Touring 104\"},\"image\":{\"@id\":\"https:\/\/progettotouring.it\/radiotouring104\/#\/schema\/logo\/image\/\"}},{\"@type\":\"Person\",\"@id\":\"https:\/\/progettotouring.it\/radiotouring104\/#\/schema\/person\/78613917f1851f041f7483f5af1d422e\",\"name\":\"Sebastiano Plutino\",\"image\":{\"@type\":\"ImageObject\",\"inLanguage\":\"it-IT\",\"@id\":\"https:\/\/secure.gravatar.com\/avatar\/0546ffaa9b79224faf9f2a156b67a529ae861d3287c66c1d8ccfdf909bcba78d?s=96&d=mm&r=g\",\"url\":\"https:\/\/secure.gravatar.com\/avatar\/0546ffaa9b79224faf9f2a156b67a529ae861d3287c66c1d8ccfdf909bcba78d?s=96&d=mm&r=g\",\"contentUrl\":\"https:\/\/secure.gravatar.com\/avatar\/0546ffaa9b79224faf9f2a156b67a529ae861d3287c66c1d8ccfdf909bcba78d?s=96&d=mm&r=g\",\"caption\":\"Sebastiano Plutino\"},\"url\":\"https:\/\/progettotouring.it\/radiotouring104\/author\/sebastiano\/\"}]}<\/script>\n<!-- \/ Yoast SEO plugin. -->","yoast_head_json":{"title":"Villa San Giovanni: inaugurato il centro estivo \"Don Bosco\"","description":"Inaugurato il centro estivo, presso l'oratorio \"Don Bosco\", secondo quanto deliberato dalla Giunta Comunale","robots":{"index":"index","follow":"follow","max-snippet":"max-snippet:-1","max-image-preview":"max-image-preview:large","max-video-preview":"max-video-preview:-1"},"canonical":"https:\/\/progettotouring.it\/radiotouring104\/2024\/06\/26\/villa-san-giovanni-inaugurato-il-centro-estivo-don-bosco\/","og_locale":"it_IT","og_type":"article","og_title":"Villa San Giovanni: inaugurato il centro estivo \"Don Bosco\"","og_description":"Inaugurato il centro estivo, presso l'oratorio \"Don Bosco\", secondo quanto deliberato dalla Giunta Comunale","og_url":"https:\/\/progettotouring.it\/radiotouring104\/2024\/06\/26\/villa-san-giovanni-inaugurato-il-centro-estivo-don-bosco\/","og_site_name":"Radio Touring 104","article_published_time":"2024-06-26T10:58:08+00:00","og_image":[{"width":1600,"height":1200,"url":"https:\/\/progettotouring.it\/radiotouring104\/wp-content\/uploads\/sites\/6\/2024\/06\/oratorio-don-bosco-Villa-san-Giovanni.jpg","type":"image\/jpeg"}],"author":"Sebastiano Plutino","twitter_card":"summary_large_image","twitter_misc":{"Scritto da":"Sebastiano Plutino","Tempo di lettura stimato":"3 minuti"},"schema":{"@context":"https:\/\/schema.org","@graph":[{"@type":"Article","@id":"https:\/\/progettotouring.it\/radiotouring104\/2024\/06\/26\/villa-san-giovanni-inaugurato-il-centro-estivo-don-bosco\/#article","isPartOf":{"@id":"https:\/\/progettotouring.it\/radiotouring104\/2024\/06\/26\/villa-san-giovanni-inaugurato-il-centro-estivo-don-bosco\/"},"author":{"name":"Sebastiano Plutino","@id":"https:\/\/progettotouring.it\/radiotouring104\/#\/schema\/person\/78613917f1851f041f7483f5af1d422e"},"headline":"Villa San Giovanni: inaugurato il centro estivo &#8220;Don Bosco&#8221;","datePublished":"2024-06-26T10:58:08+00:00","mainEntityOfPage":{"@id":"https:\/\/progettotouring.it\/radiotouring104\/2024\/06\/26\/villa-san-giovanni-inaugurato-il-centro-estivo-don-bosco\/"},"wordCount":522,"publisher":{"@id":"https:\/\/progettotouring.it\/radiotouring104\/#organization"},"image":{"@id":"https:\/\/progettotouring.it\/radiotouring104\/2024\/06\/26\/villa-san-giovanni-inaugurato-il-centro-estivo-don-bosco\/#primaryimage"},"thumbnailUrl":"https:\/\/progettotouring.it\/radiotouring104\/wp-content\/uploads\/sites\/6\/2024\/06\/oratorio-don-bosco-Villa-san-Giovanni.jpg","keywords":["Amministrazione Villa San Giovanni","inaugurato centro estivo","oratorio don bosco"],"articleSection":["Home","News","Reggio Calabria"],"inLanguage":"it-IT"},{"@type":"WebPage","@id":"https:\/\/progettotouring.it\/radiotouring104\/2024\/06\/26\/villa-san-giovanni-inaugurato-il-centro-estivo-don-bosco\/","url":"https:\/\/progettotouring.it\/radiotouring104\/2024\/06\/26\/villa-san-giovanni-inaugurato-il-centro-estivo-don-bosco\/","name":"Villa San Giovanni: inaugurato il centro estivo \"Don Bosco\"","isPartOf":{"@id":"https:\/\/progettotouring.it\/radiotouring104\/#website"},"primaryImageOfPage":{"@id":"https:\/\/progettotouring.it\/radiotouring104\/2024\/06\/26\/villa-san-giovanni-inaugurato-il-centro-estivo-don-bosco\/#primaryimage"},"image":{"@id":"https:\/\/progettotouring.it\/radiotouring104\/2024\/06\/26\/villa-san-giovanni-inaugurato-il-centro-estivo-don-bosco\/#primaryimage"},"thumbnailUrl":"https:\/\/progettotouring.it\/radiotouring104\/wp-content\/uploads\/sites\/6\/2024\/06\/oratorio-don-bosco-Villa-san-Giovanni.jpg","datePublished":"2024-06-26T10:58:08+00:00","description":"Inaugurato il centro estivo, presso l'oratorio \"Don Bosco\", secondo quanto deliberato dalla Giunta Comunale","breadcrumb":{"@id":"https:\/\/progettotouring.it\/radiotouring104\/2024\/06\/26\/villa-san-giovanni-inaugurato-il-centro-estivo-don-bosco\/#breadcrumb"},"inLanguage":"it-IT","potentialAction":[{"@type":"ReadAction","target":["https:\/\/progettotouring.it\/radiotouring104\/2024\/06\/26\/villa-san-giovanni-inaugurato-il-centro-estivo-don-bosco\/"]}]},{"@type":"ImageObject","inLanguage":"it-IT","@id":"https:\/\/progettotouring.it\/radiotouring104\/2024\/06\/26\/villa-san-giovanni-inaugurato-il-centro-estivo-don-bosco\/#primaryimage","url":"https:\/\/progettotouring.it\/radiotouring104\/wp-content\/uploads\/sites\/6\/2024\/06\/oratorio-don-bosco-Villa-san-Giovanni.jpg","contentUrl":"https:\/\/progettotouring.it\/radiotouring104\/wp-content\/uploads\/sites\/6\/2024\/06\/oratorio-don-bosco-Villa-san-Giovanni.jpg","width":1600,"height":1200},{"@type":"BreadcrumbList","@id":"https:\/\/progettotouring.it\/radiotouring104\/2024\/06\/26\/villa-san-giovanni-inaugurato-il-centro-estivo-don-bosco\/#breadcrumb","itemListElement":[{"@type":"ListItem","position":1,"name":"Home","item":"https:\/\/progettotouring.it\/radiotouring104\/"},{"@type":"ListItem","position":2,"name":"Villa San Giovanni: inaugurato il centro estivo &#8220;Don Bosco&#8221;"}]},{"@type":"WebSite","@id":"https:\/\/progettotouring.it\/radiotouring104\/#website","url":"https:\/\/progettotouring.it\/radiotouring104\/","name":"Radio Touring 104","description":"La prima radio Reggina","publisher":{"@id":"https:\/\/progettotouring.it\/radiotouring104\/#organization"},"potentialAction":[{"@type":"SearchAction","target":{"@type":"EntryPoint","urlTemplate":"https:\/\/progettotouring.it\/radiotouring104\/?s={search_term_string}"},"query-input":{"@type":"PropertyValueSpecification","valueRequired":true,"valueName":"search_term_string"}}],"inLanguage":"it-IT"},{"@type":"Organization","@id":"https:\/\/progettotouring.it\/radiotouring104\/#organization","name":"Radio Touring 104","url":"https:\/\/progettotouring.it\/radiotouring104\/","logo":{"@type":"ImageObject","inLanguage":"it-IT","@id":"https:\/\/progettotouring.it\/radiotouring104\/#\/schema\/logo\/image\/","url":"https:\/\/progettotouring.it\/radiotouring104\/wp-content\/uploads\/sites\/6\/2022\/02\/cropped-logo-radio-touring-104.png","contentUrl":"https:\/\/progettotouring.it\/radiotouring104\/wp-content\/uploads\/sites\/6\/2022\/02\/cropped-logo-radio-touring-104.png","width":377,"height":182,"caption":"Radio Touring 104"},"image":{"@id":"https:\/\/progettotouring.it\/radiotouring104\/#\/schema\/logo\/image\/"}},{"@type":"Person","@id":"https:\/\/progettotouring.it\/radiotouring104\/#\/schema\/person\/78613917f1851f041f7483f5af1d422e","name":"Sebastiano Plutino","image":{"@type":"ImageObject","inLanguage":"it-IT","@id":"https:\/\/secure.gravatar.com\/avatar\/0546ffaa9b79224faf9f2a156b67a529ae861d3287c66c1d8ccfdf909bcba78d?s=96&d=mm&r=g","url":"https:\/\/secure.gravatar.com\/avatar\/0546ffaa9b79224faf9f2a156b67a529ae861d3287c66c1d8ccfdf909bcba78d?s=96&d=mm&r=g","contentUrl":"https:\/\/secure.gravatar.com\/avatar\/0546ffaa9b79224faf9f2a156b67a529ae861d3287c66c1d8ccfdf909bcba78d?s=96&d=mm&r=g","caption":"Sebastiano Plutino"},"url":"https:\/\/progettotouring.it\/radiotouring104\/author\/sebastiano\/"}]}},"jetpack_publicize_connections":[],"jetpack_featured_media_url":"https:\/\/progettotouring.it\/radiotouring104\/wp-content\/uploads\/sites\/6\/2024\/06\/oratorio-don-bosco-Villa-san-Giovanni.jpg","jetpack_sharing_enabled":true,"_links":{"self":[{"href":"https:\/\/progettotouring.it\/radiotouring104\/wp-json\/wp\/v2\/posts\/54079","targetHints":{"allow":["GET"]}}],"collection":[{"href":"https:\/\/progettotouring.it\/radiotouring104\/wp-json\/wp\/v2\/posts"}],"about":[{"href":"https:\/\/progettotouring.it\/radiotouring104\/wp-json\/wp\/v2\/types\/post"}],"author":[{"embeddable":true,"href":"https:\/\/progettotouring.it\/radiotouring104\/wp-json\/wp\/v2\/users\/12"}],"replies":[{"embeddable":true,"href":"https:\/\/progettotouring.it\/radiotouring104\/wp-json\/wp\/v2\/comments?post=54079"}],"version-history":[{"count":1,"href":"https:\/\/progettotouring.it\/radiotouring104\/wp-json\/wp\/v2\/posts\/54079\/revisions"}],"predecessor-version":[{"id":54081,"href":"https:\/\/progettotouring.it\/radiotouring104\/wp-json\/wp\/v2\/posts\/54079\/revisions\/54081"}],"wp:featuredmedia":[{"embeddable":true,"href":"https:\/\/progettotouring.it\/radiotouring104\/wp-json\/wp\/v2\/media\/54080"}],"wp:attachment":[{"href":"https:\/\/progettotouring.it\/radiotouring104\/wp-json\/wp\/v2\/media?parent=54079"}],"wp:term":[{"taxonomy":"category","embeddable":true,"href":"https:\/\/progettotouring.it\/radiotouring104\/wp-json\/wp\/v2\/categories?post=54079"},{"taxonomy":"post_tag","embeddable":true,"href":"https:\/\/progettotouring.it\/radiotouring104\/wp-json\/wp\/v2\/tags?post=54079"}],"curies":[{"name":"wp","href":"https:\/\/api.w.org\/{rel}","templated":true}]}}