{"id":54092,"date":"2024-06-27T11:56:07","date_gmt":"2024-06-27T09:56:07","guid":{"rendered":"https:\/\/progettotouring.it\/radiotouring104\/?p=54092"},"modified":"2024-06-27T13:00:48","modified_gmt":"2024-06-27T11:00:48","slug":"ponte-sullo-stretto-presentato-esposto-ad-ue-per-infrazione-contro-litalia-ad-ciucci-replica-aumento-dovuto-a-costi-dei-materiali","status":"publish","type":"post","link":"https:\/\/progettotouring.it\/radiotouring104\/2024\/06\/27\/ponte-sullo-stretto-presentato-esposto-ad-ue-per-infrazione-contro-litalia-ad-ciucci-replica-aumento-dovuto-a-costi-dei-materiali\/","title":{"rendered":"Ponte sullo Stretto: presentato esposto ad UE per infrazione contro l&#8217;Italia. Ad Ciucci replica: &#8220;Aumento dovuto a costi dei materiali&#8221;"},"content":{"rendered":"<p style=\"text-align: justify\"><strong>Il comitato cittadino messinese &#8220;<\/strong><em>Invece del ponte<strong>&#8220;<\/strong><\/em><strong> ha presentato<\/strong> alla direzione generale del Mercato interno, dell&#8217;industria, dell&#8217;imprenditoria e delle Pmi della Commissione Europea<strong> una richiest<\/strong>a <em>&#8220;per valutare l&#8217;apertura di una procedura d&#8217;infrazione da parte dell&#8217;Unione Europea a carico dell&#8217;Italia sull&#8217;appalto per la progettazione e costruzione di un ponte sullo Stretto di Messina&#8221;, <\/em><strong>si apprede da una nota del comitato.<\/strong><\/p>\n<p style=\"text-align: justify\"><em>&#8220;La denuncia segnala che i provvedimenti adottati nel 2023 da governo e parlamento italiani per riattivare i contratti potrebbero violare la Direttiva 2014\/24\/Ue che obbliga a bandire una nuova gara d&#8217;appalto se il valore del contratto cresce oltre il 50% del valore iniziale. Rilevato che il progetto non espone i necessari elaborati di stima ne&#8217; il piano economico e finanziario, viene evidenziato che il documento di aggiornamento analisi costi-benefici riferisce soltanto un costo totale dell&#8217;investimento di 13,5 miliardi di euro, di cui 10,855 miliardi per &#8216;Affidamento al Contraente Generale&#8217;.<\/em><\/p>\n<p style=\"text-align: justify\"><em>In base al piano economico e finanziario dell&#8217;opera sottoscritto il 21 settembre 2009, il valore originario del contratto era 3.879.600.000 di euro, e l&#8217;aggiornamento prezzi contrattualmente previsto lo portava a 4.544.906.000 di euro. La maggiorazione intervenuta a marzo 2009 aveva portato il corrispettivo totale a 4.969.530.000 di euro.<\/em><\/p>\n<p style=\"text-align: justify\"><em>L&#8217;incremento di costo risultante dal progetto definitivo \u00e8 dunque compreso fra il 179,8% e il 118,4% di ogni precedente valore. Tali importi superano di molto (ben oltre il doppio) il limite di incremento posto dall&#8217;art. 72 della Direttiva 2014\/24\/Ue (recepita da DLgsl 50\/2016 e s.m.i.) secondo cui &#8216;l&#8217;eventuale aumento di prezzo non deve eccedere il 50% del valore del contratto iniziale&#8217;. Gli uffici della Commissione<\/em><em> provvederanno adesso ad esaminare la denuncia secondo il diritto dell&#8217;Unione Europea&#8221;, <\/em><strong>conclude la nota del Comitato<\/strong><\/p>\n<h3><\/h3>\n<h3><b>PONTE SULLO STRETTO, REPLICA L&#8217; A.D. CIUCCI: \u201cNESSUN RISCHIO INFRAZIONE UE. MAGGIORAZIONE DOVUTA AD AUMENTO COSTI DEI MATERIALI&#8221;<\/b><\/h3>\n<div><\/div>\n<div><strong>L\u2019Amministratore delegato<\/strong> della Stretto di Messina, <strong>Pietro Ciucci rassicura che l\u2019Italia non rischia alcuna procedura di infrazione europea<\/strong> per la realizzazione del ponte sullo Stretto di Messina.<\/div>\n<div><\/div>\n<div><em>\u201cIl rispetto dell\u2019articolo 72 della direttiva Ue appalti riguardante il limite del 50% della crescita del costo \u2013 <\/em><strong>spiega Ciucci <\/strong><em>\u2013 \u00e8 espressamente richiamato dal decreto-legge 35 \u2018Disposizioni urgenti per la realizzazione del collegamento stabile tra la Sicilia e la Calabria\u2019 che ha riattivato il progetto.<\/em><\/div>\n<div><em>Come risulter\u00e0 nell\u2019aggiornamento del Piano Economico Finanziario, in corso, le disposizioni saranno rispettate.<\/em><\/div>\n<div><em>In ogni caso la crescita del valore dell\u2019investimento non si riferisce a maggiori opere ma al forte aumento dei costi dei materiali da costruzione registrato negli ultimi anni\u201d, <\/em><strong>dichiara l&#8217;Ad Pietro Ciucci<\/strong><\/div>\n<p>&nbsp;<\/p>\n<h4 id=\"ob\">BASTA VITTIME SULLA 106: &#8220;IL PONTE E&#8217; UN&#8217;OPERA IMMORALE&#8221;<\/h4>\n<p style=\"text-align: justify\">Il Consiglio Direttivo dell\u2019Organizzazione di Volontariato \u201cBasta Vittime Sulla Strada Statale 106\u201d nel giorno in cui, su Tagad\u00e0, la trasmissione ogni giorno in onda su LA7, \u00e8 andato in onda un servizio sulla famigerata e tristemente nota \u201cstrada della morte\u201d in Calabria\u00a0<b><u>comunica l\u2019ennesima strage di Stato avvenuta nel pomeriggio di oggi sulla Statale 106 a Locri (RC).<\/u><\/b><\/p>\n<p style=\"text-align: justify\"><b><u>Sono 19 le vittime sulla Statale 106 dall\u2019inizio dell\u2019anno<\/u><\/b><b>,\u00a0<\/b>fino ad oggi abbiamo avuto in media\u00a0<b><u>una vittima ogni 9 giorni<\/u><\/b>. Il bilancio si aggrava, inoltre, se consideriamo che\u00a0<b><u>mai, dal 1996 fino ad oggi, nei primi 6 mesi dell\u2019anno abbiamo registrato cos\u00ec tante vittime e, fra queste, 12 hanno meno di 45 anni.<\/u><\/b><\/p>\n<p style=\"text-align: justify\">In questo momento di grande dolore vogliamo dedicare una riflessione sulle vittime per esprimere la nostra solidariet\u00e0 e cordoglio alle Famiglie Simonetti e Palamara.\u00a0<b><u>Mentre a Giuseppe (l\u2019unico sopravvissuto, figlio 19enne della coppia deceduta), vogliamo esprimere e la nostra vicinanza ideale.<\/u><\/b>\u00a0Ai loro amici ed all\u2019intera comunit\u00e0 di Brancaleone ci stringiamo con sincero e profondo dolore.<\/p>\n<p style=\"text-align: justify\"><b><u>Impietriti di fronte a questo olocausto, che non esitiamo a definire un\u2019autentica Strage di Stato, tutti i componenti del Consiglio Direttivo dell\u2019Organizzazione di Volontariato ribadiscono che il Ponte sullo Stretto sia un\u2019opera infrastrutturale immorale.<\/u><\/b><\/p>\n<p style=\"text-align: justify\">\u00c8 eticamente intollerabile che in una Calabria che piange da sempre i suoi figli migliori sull\u2019asfalto della famigerata e tristemente \u201cstrada della morte\u201d non siano investite risorse per\u00a0<b><u>ammodernare e mettere in sicurezza la Statale 106 Jonica, l\u2019unica infrastruttura prioritaria, strategica ed urgente per la Calabria ed i calabresi.<\/u><\/b><\/p>\n<p style=\"text-align: justify\">Cos\u00ec come \u00e8 ormai intollerabile\u00a0<b><u>l\u2019immobilismo e l\u2019omert\u00e0 della classe politica dirigente calabrese incapace di chiedere ed ottenere la rimozione immediata degli attuali dirigenti della Struttura Territoriale di Anas Spa<\/u><\/b>\u00a0in Calabria nonostante le condizioni comatose e vergognose in cui versa la Statale 106 dove manca persino l\u2019ordinaria manutenzione.<\/p>\n<p style=\"text-align: justify\">Il Consiglio Direttivo dell\u2019Organizzazione di Volontariato \u201cBasta Vittime Sulla Strada Statale 106\u201d\u00a0nel rivolgere il proprio\u00a0<b><u>sincero e profondo cordoglio alle Famiglia delle vittime<\/u><\/b>\u00a0coglie l\u2019occasione per sottolineare che noi\u00a0<b><u>non resteremo indifferenti ed in silenzio davanti alle tragedie di una strada sempre pi\u00f9 serial killer in Calabria ed in Italia<\/u><\/b>. La \u201cstrada della morte\u201d in Calabria, non ci stancheremo mai di ripeterlo, rappresenta\u00a0<b><u>la pi\u00f9 grande Strage di Stato della storia della Repubblica italiana<\/u><\/b>.<\/p>\n<p>&nbsp;<\/p>\n<h5 style=\"text-align: justify\"><b>Il Sindacato Sunia: &#8220;Il ponte sullo Stretto \u00e8 un\u2019opera inutile e dannosa. <\/b><b>Vanta il record negativo di produrre danni prima ancora di essere realizzato&#8221;<\/b><\/h5>\n<p class=\"xmprfx_MsoNormal\" style=\"text-align: justify\">\u201cIl ponte sullo Stretto \u00e8 un\u2019opera inutile e dannosa, difficilmente realizzabile. Se fosse realizzato non sarebbe sicuro e neanche conveniente, n\u00e9 dal punto di vista economico n\u00e9 riguardo i tempi di percorrenza. E\u2019 un progetto che gi\u00e0 produce danni perch\u00e9 sottrae, alla Sicilia e alla Calabria, risorse che dovrebbero essere utilizzate per infrastrutture fondamentali alla mobilit\u00e0 delle due regioni. Ma anche perch\u00e9 sta gi\u00e0 procurando danni a proprietari, inquilini e prevediamo possa procurare gravi disagi alla cittadinanza delle due sponde dello Stretto\u201d,<strong> cos\u00ec Stefano Chiappelli<\/strong> (Segretario Generale Sunia nazionale), <strong>Giusy Milazzo<\/strong> (Segretaria Sunia nazionale e Sicilia)<strong> e Francesco Al\u00ec<\/strong> (Segretario Generale Sunia-Cgil Calabria).<\/p>\n<p class=\"xmprfx_MsoNormal\" style=\"text-align: justify\"><em>\u201cIl progetto \u2013<\/em> <strong>proseguono i sindacalisti<\/strong> &#8211;<em> lacunoso sotto molti profili (non ne \u00e8 mai stato depositato uno definitivo), ha come presupposto un\u2019analisi costi-benefici irrealistica, comporterebbe gravi impatti ambientali, paesaggistici e naturalistici, nonch\u00e9 sulla gestione dei cantieri. A dirlo non siamo solo noi, il progetto \u00e8 stato, infatti, giudicato carente anche dal ministero dell\u2019Ambiente che ha presentato circa 280 osservazioni attraverso la commissione di impatto ambientale\u201d.<\/em><\/p>\n<p class=\"xmprfx_MsoNormal\" style=\"text-align: justify\"><strong>In questo contesto, il SUNIA nazionale, siciliano e calabrese che ha partecipato alle manifestazioni contro il ponte che si sono svolte a Messina e a Villa San Giovanni,<\/strong><em> \u201csi schiera dalla parte della popolazione pi\u00f9 debole che, senza essere adeguatamente considerata, rischia di subire gravi disagi abitativi\u201d. Come evidenziato anche nel documento della Cgil \u201cLa questione degli espropri legati alla costruzione del Ponte sullo Stretto ha assunto sempre pi\u00f9 centralit\u00e0. Un\u2019opera che vanta il record negativo di essere riuscita a produrre danni prima ancora di essere realizzata. Per poter aprire i cantieri, richiede infatti l\u2019esecuzione di espropri di case, terreni, immobili di privati cittadini investiti dai disagi e costretti a lasciare l\u2019abitazione per andare non si sa dove e neppure con quale indennizzo. Ad essere coinvolte sono centinaia e centinaia di case ed edifici sulle due sponde dello Stretto. A pagare il prezzo pi\u00f9 alto sarebbero le fasce economicamente pi\u00f9 fragili che rischierebbero di perdere l\u2019alloggio in cui vivono. E sarebbero espropriate anche aree nelle quali sorgono edifici popolari\u201d.<\/em><\/p>\n<p class=\"xmprfx_MsoNormal\" style=\"text-align: justify\"><strong>A ci\u00f2 si aggiunga &#8211; proseguono Chiappelli, Milazzo e Al\u00ec &#8211; che<\/strong><em> \u201cL&#8217;allarme espropri ha distolto l&#8217;attenzione da tutta una serie di altri danni collaterali. Se, infatti, coloro a cui sar\u00e0 tolta e demolita la casa avranno un risarcimento irrisorio che non elimina il dramma di una casa sottratta e distrutta, ci sono migliaia di persone che subiranno dei danni senza avere nulla in cambio. Ci riferiamo alle abitazioni ricadenti nelle zone dei cantieri o vicine ai cantieri stessi, che subiranno danneggiamenti di diversa gravit\u00e0: dall\u2019inquinamento acustico protratto per lungo tempo, ai danni alle strutture e agli impianti. Tutta la popolazione subir\u00e0 per molto tempo i disagi di citt\u00e0 ridotte a cantieri e ad essere interessati negativamente saranno non solo aspetti estetici e paesaggistici, ma anche la quotidianit\u00e0 delle vite delle persone\u201d.<\/em> <strong>Non a caso, sottolineano i sindacalisti,<\/strong> <em>\u201cla commissione di impatto ambientale del Ministero dell\u2019ambiente ha sottolineato la mancanza di valutazioni sulla qualit\u00e0 dell\u2019aria e sulla dispersione di inquinanti nel mare, oltre a una stima delle conseguenze relative alla costruzione dei pontili del cantiere e della possibile deformazione della linea di costa. Nella documentazione, secondo i tecnici, mancano anche analisi sulla tutela della biodiversit\u00e0, sugli effetti dell\u2019inquinamento acustico, delle vibrazioni, dei campi elettromagnetici nell\u2019area e uno studio sulle condizioni di pericolosit\u00e0 da maremoto, sui costi e i benefici, oltre a una descrizione pi\u00f9 approfondita del contesto sociale ed economico per cui l\u2019opera si considera necessaria. Tra le altre cose, la societ\u00e0 Stretto di Messina dovr\u00e0 dare pi\u00f9 informazioni su come intende gestire le terre e le rocce di scavo e il loro smaltimento\u201d. Infine, concludono Stefano Chiappelli, Giusy Milazzo e Francesco Al\u00ec, l\u2019affare ponte sta scatenando interessi speculativi sul fronte degli affitti che, a breve, potrebbero arrivare alle stelle per accogliere a suon di rincari i potenziali nuovi arrivi, ma che finiranno per danneggiare solo le famiglie calabresi e siciliane\u201d.<\/em><\/p>\n<div id=\"inArticle\">\n<aside>\n<div class=\"ob-smartfeed-wrapper feedIdx-0\">\n<div id=\"outbrain_widget_0\" class=\"OUTBRAIN\" data-src=\"DROP_PERMALINK_HERE\" data-widget-id=\"AR_4\" data-ob-mark=\"true\" data-browser=\"chrome\" data-os=\"win32\" data-dynload=\"\" data-idx=\"0\">\n<div class=\"ob-widget ob-feed-layout CR_7\">\n<div class=\"ob-widget-header\"><span class=\"ob-widget-text\">\u00a0<\/span><\/div>\n<\/div>\n<\/div>\n<\/div>\n<\/aside>\n<\/div>\n","protected":false},"excerpt":{"rendered":"<p>Il comitato cittadino messinese &#8220;Invece del ponte&#8220; ha presentato alla direzione generale del Mercato interno, dell&#8217;industria, dell&#8217;imprenditoria e delle Pmi della Commissione Europea una richiesta &#8220;per valutare l&#8217;apertura di una&hellip;<\/p>\n","protected":false},"author":12,"featured_media":43160,"comment_status":"closed","ping_status":"open","sticky":false,"template":"","format":"standard","meta":{"_jetpack_memberships_contains_paid_content":false,"footnotes":"","jetpack_publicize_message":"","jetpack_publicize_feature_enabled":true,"jetpack_social_post_already_shared":false,"jetpack_social_options":{"image_generator_settings":{"template":"highway","default_image_id":0,"font":"","enabled":false},"version":2}},"categories":[921,196,140],"tags":[8135,16552,33206,29859,33204,33205,31921],"class_list":["post-54092","post","type-post","status-publish","format-standard","has-post-thumbnail","hentry","category-home","category-news","category-reggio-calabria","tag-basta-vittime-sulla-s-s-106","tag-ad-pietro-ciucci","tag-aumento-costi-ponte","tag-comitato-invece-del-ponte","tag-ponte-sullo-strettto","tag-presentato-esposto-ad-ue-per-infrazione-contro-litalia","tag-sunia-cigl-calabria"],"yoast_head":"<!-- This site is optimized with the Yoast SEO plugin v27.2 - https:\/\/yoast.com\/product\/yoast-seo-wordpress\/ -->\n<title>Ponte sullo Stretto: presentato esposto ad UE per infrazione contro l&#039;Italia. Ad Ciucci replica: &quot;Aumento dovuto a costi dei materiali&quot; - Radio Touring 104<\/title>\n<meta name=\"description\" content=\"Presentato da Comitato &quot;Invece del Ponte&quot; esposto per infrazione contro Italia per aumento costi opera. Ciucci: &quot;Dovuto ad aumento materiali&quot;\" \/>\n<meta name=\"robots\" content=\"index, follow, max-snippet:-1, max-image-preview:large, max-video-preview:-1\" \/>\n<link rel=\"canonical\" href=\"https:\/\/progettotouring.it\/radiotouring104\/2024\/06\/27\/ponte-sullo-stretto-presentato-esposto-ad-ue-per-infrazione-contro-litalia-ad-ciucci-replica-aumento-dovuto-a-costi-dei-materiali\/\" \/>\n<meta property=\"og:locale\" content=\"it_IT\" \/>\n<meta property=\"og:type\" content=\"article\" \/>\n<meta property=\"og:title\" content=\"Ponte sullo Stretto: presentato esposto ad UE per infrazione contro l&#039;Italia. Ad Ciucci replica: &quot;Aumento dovuto a costi dei materiali&quot; - Radio Touring 104\" \/>\n<meta property=\"og:description\" content=\"Presentato da Comitato &quot;Invece del Ponte&quot; esposto per infrazione contro Italia per aumento costi opera. Ciucci: &quot;Dovuto ad aumento materiali&quot;\" \/>\n<meta property=\"og:url\" content=\"https:\/\/progettotouring.it\/radiotouring104\/2024\/06\/27\/ponte-sullo-stretto-presentato-esposto-ad-ue-per-infrazione-contro-litalia-ad-ciucci-replica-aumento-dovuto-a-costi-dei-materiali\/\" \/>\n<meta property=\"og:site_name\" content=\"Radio Touring 104\" \/>\n<meta property=\"article:published_time\" content=\"2024-06-27T09:56:07+00:00\" \/>\n<meta property=\"article:modified_time\" content=\"2024-06-27T11:00:48+00:00\" \/>\n<meta property=\"og:image\" content=\"https:\/\/progettotouring.it\/radiotouring104\/wp-content\/uploads\/sites\/6\/2024\/01\/Ponte-sullo-Stretto-1.jpg\" \/>\n\t<meta property=\"og:image:width\" content=\"667\" \/>\n\t<meta property=\"og:image:height\" content=\"432\" \/>\n\t<meta property=\"og:image:type\" content=\"image\/jpeg\" \/>\n<meta name=\"author\" content=\"Sebastiano Plutino\" \/>\n<meta name=\"twitter:card\" content=\"summary_large_image\" \/>\n<meta name=\"twitter:label1\" content=\"Scritto da\" \/>\n\t<meta name=\"twitter:data1\" content=\"Sebastiano Plutino\" \/>\n\t<meta name=\"twitter:label2\" content=\"Tempo di lettura stimato\" \/>\n\t<meta name=\"twitter:data2\" content=\"7 minuti\" \/>\n<script type=\"application\/ld+json\" class=\"yoast-schema-graph\">{\"@context\":\"https:\/\/schema.org\",\"@graph\":[{\"@type\":\"Article\",\"@id\":\"https:\/\/progettotouring.it\/radiotouring104\/2024\/06\/27\/ponte-sullo-stretto-presentato-esposto-ad-ue-per-infrazione-contro-litalia-ad-ciucci-replica-aumento-dovuto-a-costi-dei-materiali\/#article\",\"isPartOf\":{\"@id\":\"https:\/\/progettotouring.it\/radiotouring104\/2024\/06\/27\/ponte-sullo-stretto-presentato-esposto-ad-ue-per-infrazione-contro-litalia-ad-ciucci-replica-aumento-dovuto-a-costi-dei-materiali\/\"},\"author\":{\"name\":\"Sebastiano Plutino\",\"@id\":\"https:\/\/progettotouring.it\/radiotouring104\/#\/schema\/person\/78613917f1851f041f7483f5af1d422e\"},\"headline\":\"Ponte sullo Stretto: presentato esposto ad UE per infrazione contro l&#8217;Italia. Ad Ciucci replica: &#8220;Aumento dovuto a costi dei materiali&#8221;\",\"datePublished\":\"2024-06-27T09:56:07+00:00\",\"dateModified\":\"2024-06-27T11:00:48+00:00\",\"mainEntityOfPage\":{\"@id\":\"https:\/\/progettotouring.it\/radiotouring104\/2024\/06\/27\/ponte-sullo-stretto-presentato-esposto-ad-ue-per-infrazione-contro-litalia-ad-ciucci-replica-aumento-dovuto-a-costi-dei-materiali\/\"},\"wordCount\":1488,\"publisher\":{\"@id\":\"https:\/\/progettotouring.it\/radiotouring104\/#organization\"},\"image\":{\"@id\":\"https:\/\/progettotouring.it\/radiotouring104\/2024\/06\/27\/ponte-sullo-stretto-presentato-esposto-ad-ue-per-infrazione-contro-litalia-ad-ciucci-replica-aumento-dovuto-a-costi-dei-materiali\/#primaryimage\"},\"thumbnailUrl\":\"https:\/\/progettotouring.it\/radiotouring104\/wp-content\/uploads\/sites\/6\/2024\/01\/Ponte-sullo-Stretto-1.jpg\",\"keywords\":[\"\\\"Basta vittime sulla S.S. 106\\\"\",\"ad Pietro Ciucci\",\"aumento costi Ponte\",\"Comitato \\\"Invece del Ponte\\\"\",\"Ponte sullo STrettto\",\"presentato esposto ad UE per infrazione contro l'Italia.\",\"Sunia Cigl Calabria\"],\"articleSection\":[\"Home\",\"News\",\"Reggio Calabria\"],\"inLanguage\":\"it-IT\"},{\"@type\":\"WebPage\",\"@id\":\"https:\/\/progettotouring.it\/radiotouring104\/2024\/06\/27\/ponte-sullo-stretto-presentato-esposto-ad-ue-per-infrazione-contro-litalia-ad-ciucci-replica-aumento-dovuto-a-costi-dei-materiali\/\",\"url\":\"https:\/\/progettotouring.it\/radiotouring104\/2024\/06\/27\/ponte-sullo-stretto-presentato-esposto-ad-ue-per-infrazione-contro-litalia-ad-ciucci-replica-aumento-dovuto-a-costi-dei-materiali\/\",\"name\":\"Ponte sullo Stretto: presentato esposto ad UE per infrazione contro l'Italia. Ad Ciucci replica: \\\"Aumento dovuto a costi dei materiali\\\" - Radio Touring 104\",\"isPartOf\":{\"@id\":\"https:\/\/progettotouring.it\/radiotouring104\/#website\"},\"primaryImageOfPage\":{\"@id\":\"https:\/\/progettotouring.it\/radiotouring104\/2024\/06\/27\/ponte-sullo-stretto-presentato-esposto-ad-ue-per-infrazione-contro-litalia-ad-ciucci-replica-aumento-dovuto-a-costi-dei-materiali\/#primaryimage\"},\"image\":{\"@id\":\"https:\/\/progettotouring.it\/radiotouring104\/2024\/06\/27\/ponte-sullo-stretto-presentato-esposto-ad-ue-per-infrazione-contro-litalia-ad-ciucci-replica-aumento-dovuto-a-costi-dei-materiali\/#primaryimage\"},\"thumbnailUrl\":\"https:\/\/progettotouring.it\/radiotouring104\/wp-content\/uploads\/sites\/6\/2024\/01\/Ponte-sullo-Stretto-1.jpg\",\"datePublished\":\"2024-06-27T09:56:07+00:00\",\"dateModified\":\"2024-06-27T11:00:48+00:00\",\"description\":\"Presentato da Comitato \\\"Invece del Ponte\\\" esposto per infrazione contro Italia per aumento costi opera. Ciucci: \\\"Dovuto ad aumento materiali\\\"\",\"breadcrumb\":{\"@id\":\"https:\/\/progettotouring.it\/radiotouring104\/2024\/06\/27\/ponte-sullo-stretto-presentato-esposto-ad-ue-per-infrazione-contro-litalia-ad-ciucci-replica-aumento-dovuto-a-costi-dei-materiali\/#breadcrumb\"},\"inLanguage\":\"it-IT\",\"potentialAction\":[{\"@type\":\"ReadAction\",\"target\":[\"https:\/\/progettotouring.it\/radiotouring104\/2024\/06\/27\/ponte-sullo-stretto-presentato-esposto-ad-ue-per-infrazione-contro-litalia-ad-ciucci-replica-aumento-dovuto-a-costi-dei-materiali\/\"]}]},{\"@type\":\"ImageObject\",\"inLanguage\":\"it-IT\",\"@id\":\"https:\/\/progettotouring.it\/radiotouring104\/2024\/06\/27\/ponte-sullo-stretto-presentato-esposto-ad-ue-per-infrazione-contro-litalia-ad-ciucci-replica-aumento-dovuto-a-costi-dei-materiali\/#primaryimage\",\"url\":\"https:\/\/progettotouring.it\/radiotouring104\/wp-content\/uploads\/sites\/6\/2024\/01\/Ponte-sullo-Stretto-1.jpg\",\"contentUrl\":\"https:\/\/progettotouring.it\/radiotouring104\/wp-content\/uploads\/sites\/6\/2024\/01\/Ponte-sullo-Stretto-1.jpg\",\"width\":667,\"height\":432},{\"@type\":\"BreadcrumbList\",\"@id\":\"https:\/\/progettotouring.it\/radiotouring104\/2024\/06\/27\/ponte-sullo-stretto-presentato-esposto-ad-ue-per-infrazione-contro-litalia-ad-ciucci-replica-aumento-dovuto-a-costi-dei-materiali\/#breadcrumb\",\"itemListElement\":[{\"@type\":\"ListItem\",\"position\":1,\"name\":\"Home\",\"item\":\"https:\/\/progettotouring.it\/radiotouring104\/\"},{\"@type\":\"ListItem\",\"position\":2,\"name\":\"Ponte sullo Stretto: presentato esposto ad UE per infrazione contro l&#8217;Italia. Ad Ciucci replica: &#8220;Aumento dovuto a costi dei materiali&#8221;\"}]},{\"@type\":\"WebSite\",\"@id\":\"https:\/\/progettotouring.it\/radiotouring104\/#website\",\"url\":\"https:\/\/progettotouring.it\/radiotouring104\/\",\"name\":\"Radio Touring 104\",\"description\":\"La prima radio Reggina\",\"publisher\":{\"@id\":\"https:\/\/progettotouring.it\/radiotouring104\/#organization\"},\"potentialAction\":[{\"@type\":\"SearchAction\",\"target\":{\"@type\":\"EntryPoint\",\"urlTemplate\":\"https:\/\/progettotouring.it\/radiotouring104\/?s={search_term_string}\"},\"query-input\":{\"@type\":\"PropertyValueSpecification\",\"valueRequired\":true,\"valueName\":\"search_term_string\"}}],\"inLanguage\":\"it-IT\"},{\"@type\":\"Organization\",\"@id\":\"https:\/\/progettotouring.it\/radiotouring104\/#organization\",\"name\":\"Radio Touring 104\",\"url\":\"https:\/\/progettotouring.it\/radiotouring104\/\",\"logo\":{\"@type\":\"ImageObject\",\"inLanguage\":\"it-IT\",\"@id\":\"https:\/\/progettotouring.it\/radiotouring104\/#\/schema\/logo\/image\/\",\"url\":\"https:\/\/progettotouring.it\/radiotouring104\/wp-content\/uploads\/sites\/6\/2022\/02\/cropped-logo-radio-touring-104.png\",\"contentUrl\":\"https:\/\/progettotouring.it\/radiotouring104\/wp-content\/uploads\/sites\/6\/2022\/02\/cropped-logo-radio-touring-104.png\",\"width\":377,\"height\":182,\"caption\":\"Radio Touring 104\"},\"image\":{\"@id\":\"https:\/\/progettotouring.it\/radiotouring104\/#\/schema\/logo\/image\/\"}},{\"@type\":\"Person\",\"@id\":\"https:\/\/progettotouring.it\/radiotouring104\/#\/schema\/person\/78613917f1851f041f7483f5af1d422e\",\"name\":\"Sebastiano Plutino\",\"image\":{\"@type\":\"ImageObject\",\"inLanguage\":\"it-IT\",\"@id\":\"https:\/\/secure.gravatar.com\/avatar\/0546ffaa9b79224faf9f2a156b67a529ae861d3287c66c1d8ccfdf909bcba78d?s=96&d=mm&r=g\",\"url\":\"https:\/\/secure.gravatar.com\/avatar\/0546ffaa9b79224faf9f2a156b67a529ae861d3287c66c1d8ccfdf909bcba78d?s=96&d=mm&r=g\",\"contentUrl\":\"https:\/\/secure.gravatar.com\/avatar\/0546ffaa9b79224faf9f2a156b67a529ae861d3287c66c1d8ccfdf909bcba78d?s=96&d=mm&r=g\",\"caption\":\"Sebastiano Plutino\"},\"url\":\"https:\/\/progettotouring.it\/radiotouring104\/author\/sebastiano\/\"}]}<\/script>\n<!-- \/ Yoast SEO plugin. -->","yoast_head_json":{"title":"Ponte sullo Stretto: presentato esposto ad UE per infrazione contro l'Italia. Ad Ciucci replica: \"Aumento dovuto a costi dei materiali\" - Radio Touring 104","description":"Presentato da Comitato \"Invece del Ponte\" esposto per infrazione contro Italia per aumento costi opera. Ciucci: \"Dovuto ad aumento materiali\"","robots":{"index":"index","follow":"follow","max-snippet":"max-snippet:-1","max-image-preview":"max-image-preview:large","max-video-preview":"max-video-preview:-1"},"canonical":"https:\/\/progettotouring.it\/radiotouring104\/2024\/06\/27\/ponte-sullo-stretto-presentato-esposto-ad-ue-per-infrazione-contro-litalia-ad-ciucci-replica-aumento-dovuto-a-costi-dei-materiali\/","og_locale":"it_IT","og_type":"article","og_title":"Ponte sullo Stretto: presentato esposto ad UE per infrazione contro l'Italia. Ad Ciucci replica: \"Aumento dovuto a costi dei materiali\" - Radio Touring 104","og_description":"Presentato da Comitato \"Invece del Ponte\" esposto per infrazione contro Italia per aumento costi opera. Ciucci: \"Dovuto ad aumento materiali\"","og_url":"https:\/\/progettotouring.it\/radiotouring104\/2024\/06\/27\/ponte-sullo-stretto-presentato-esposto-ad-ue-per-infrazione-contro-litalia-ad-ciucci-replica-aumento-dovuto-a-costi-dei-materiali\/","og_site_name":"Radio Touring 104","article_published_time":"2024-06-27T09:56:07+00:00","article_modified_time":"2024-06-27T11:00:48+00:00","og_image":[{"width":667,"height":432,"url":"https:\/\/progettotouring.it\/radiotouring104\/wp-content\/uploads\/sites\/6\/2024\/01\/Ponte-sullo-Stretto-1.jpg","type":"image\/jpeg"}],"author":"Sebastiano Plutino","twitter_card":"summary_large_image","twitter_misc":{"Scritto da":"Sebastiano Plutino","Tempo di lettura stimato":"7 minuti"},"schema":{"@context":"https:\/\/schema.org","@graph":[{"@type":"Article","@id":"https:\/\/progettotouring.it\/radiotouring104\/2024\/06\/27\/ponte-sullo-stretto-presentato-esposto-ad-ue-per-infrazione-contro-litalia-ad-ciucci-replica-aumento-dovuto-a-costi-dei-materiali\/#article","isPartOf":{"@id":"https:\/\/progettotouring.it\/radiotouring104\/2024\/06\/27\/ponte-sullo-stretto-presentato-esposto-ad-ue-per-infrazione-contro-litalia-ad-ciucci-replica-aumento-dovuto-a-costi-dei-materiali\/"},"author":{"name":"Sebastiano Plutino","@id":"https:\/\/progettotouring.it\/radiotouring104\/#\/schema\/person\/78613917f1851f041f7483f5af1d422e"},"headline":"Ponte sullo Stretto: presentato esposto ad UE per infrazione contro l&#8217;Italia. Ad Ciucci replica: &#8220;Aumento dovuto a costi dei materiali&#8221;","datePublished":"2024-06-27T09:56:07+00:00","dateModified":"2024-06-27T11:00:48+00:00","mainEntityOfPage":{"@id":"https:\/\/progettotouring.it\/radiotouring104\/2024\/06\/27\/ponte-sullo-stretto-presentato-esposto-ad-ue-per-infrazione-contro-litalia-ad-ciucci-replica-aumento-dovuto-a-costi-dei-materiali\/"},"wordCount":1488,"publisher":{"@id":"https:\/\/progettotouring.it\/radiotouring104\/#organization"},"image":{"@id":"https:\/\/progettotouring.it\/radiotouring104\/2024\/06\/27\/ponte-sullo-stretto-presentato-esposto-ad-ue-per-infrazione-contro-litalia-ad-ciucci-replica-aumento-dovuto-a-costi-dei-materiali\/#primaryimage"},"thumbnailUrl":"https:\/\/progettotouring.it\/radiotouring104\/wp-content\/uploads\/sites\/6\/2024\/01\/Ponte-sullo-Stretto-1.jpg","keywords":["\"Basta vittime sulla S.S. 106\"","ad Pietro Ciucci","aumento costi Ponte","Comitato \"Invece del Ponte\"","Ponte sullo STrettto","presentato esposto ad UE per infrazione contro l'Italia.","Sunia Cigl Calabria"],"articleSection":["Home","News","Reggio Calabria"],"inLanguage":"it-IT"},{"@type":"WebPage","@id":"https:\/\/progettotouring.it\/radiotouring104\/2024\/06\/27\/ponte-sullo-stretto-presentato-esposto-ad-ue-per-infrazione-contro-litalia-ad-ciucci-replica-aumento-dovuto-a-costi-dei-materiali\/","url":"https:\/\/progettotouring.it\/radiotouring104\/2024\/06\/27\/ponte-sullo-stretto-presentato-esposto-ad-ue-per-infrazione-contro-litalia-ad-ciucci-replica-aumento-dovuto-a-costi-dei-materiali\/","name":"Ponte sullo Stretto: presentato esposto ad UE per infrazione contro l'Italia. Ad Ciucci replica: \"Aumento dovuto a costi dei materiali\" - Radio Touring 104","isPartOf":{"@id":"https:\/\/progettotouring.it\/radiotouring104\/#website"},"primaryImageOfPage":{"@id":"https:\/\/progettotouring.it\/radiotouring104\/2024\/06\/27\/ponte-sullo-stretto-presentato-esposto-ad-ue-per-infrazione-contro-litalia-ad-ciucci-replica-aumento-dovuto-a-costi-dei-materiali\/#primaryimage"},"image":{"@id":"https:\/\/progettotouring.it\/radiotouring104\/2024\/06\/27\/ponte-sullo-stretto-presentato-esposto-ad-ue-per-infrazione-contro-litalia-ad-ciucci-replica-aumento-dovuto-a-costi-dei-materiali\/#primaryimage"},"thumbnailUrl":"https:\/\/progettotouring.it\/radiotouring104\/wp-content\/uploads\/sites\/6\/2024\/01\/Ponte-sullo-Stretto-1.jpg","datePublished":"2024-06-27T09:56:07+00:00","dateModified":"2024-06-27T11:00:48+00:00","description":"Presentato da Comitato \"Invece del Ponte\" esposto per infrazione contro Italia per aumento costi opera. Ciucci: \"Dovuto ad aumento materiali\"","breadcrumb":{"@id":"https:\/\/progettotouring.it\/radiotouring104\/2024\/06\/27\/ponte-sullo-stretto-presentato-esposto-ad-ue-per-infrazione-contro-litalia-ad-ciucci-replica-aumento-dovuto-a-costi-dei-materiali\/#breadcrumb"},"inLanguage":"it-IT","potentialAction":[{"@type":"ReadAction","target":["https:\/\/progettotouring.it\/radiotouring104\/2024\/06\/27\/ponte-sullo-stretto-presentato-esposto-ad-ue-per-infrazione-contro-litalia-ad-ciucci-replica-aumento-dovuto-a-costi-dei-materiali\/"]}]},{"@type":"ImageObject","inLanguage":"it-IT","@id":"https:\/\/progettotouring.it\/radiotouring104\/2024\/06\/27\/ponte-sullo-stretto-presentato-esposto-ad-ue-per-infrazione-contro-litalia-ad-ciucci-replica-aumento-dovuto-a-costi-dei-materiali\/#primaryimage","url":"https:\/\/progettotouring.it\/radiotouring104\/wp-content\/uploads\/sites\/6\/2024\/01\/Ponte-sullo-Stretto-1.jpg","contentUrl":"https:\/\/progettotouring.it\/radiotouring104\/wp-content\/uploads\/sites\/6\/2024\/01\/Ponte-sullo-Stretto-1.jpg","width":667,"height":432},{"@type":"BreadcrumbList","@id":"https:\/\/progettotouring.it\/radiotouring104\/2024\/06\/27\/ponte-sullo-stretto-presentato-esposto-ad-ue-per-infrazione-contro-litalia-ad-ciucci-replica-aumento-dovuto-a-costi-dei-materiali\/#breadcrumb","itemListElement":[{"@type":"ListItem","position":1,"name":"Home","item":"https:\/\/progettotouring.it\/radiotouring104\/"},{"@type":"ListItem","position":2,"name":"Ponte sullo Stretto: presentato esposto ad UE per infrazione contro l&#8217;Italia. Ad Ciucci replica: &#8220;Aumento dovuto a costi dei materiali&#8221;"}]},{"@type":"WebSite","@id":"https:\/\/progettotouring.it\/radiotouring104\/#website","url":"https:\/\/progettotouring.it\/radiotouring104\/","name":"Radio Touring 104","description":"La prima radio Reggina","publisher":{"@id":"https:\/\/progettotouring.it\/radiotouring104\/#organization"},"potentialAction":[{"@type":"SearchAction","target":{"@type":"EntryPoint","urlTemplate":"https:\/\/progettotouring.it\/radiotouring104\/?s={search_term_string}"},"query-input":{"@type":"PropertyValueSpecification","valueRequired":true,"valueName":"search_term_string"}}],"inLanguage":"it-IT"},{"@type":"Organization","@id":"https:\/\/progettotouring.it\/radiotouring104\/#organization","name":"Radio Touring 104","url":"https:\/\/progettotouring.it\/radiotouring104\/","logo":{"@type":"ImageObject","inLanguage":"it-IT","@id":"https:\/\/progettotouring.it\/radiotouring104\/#\/schema\/logo\/image\/","url":"https:\/\/progettotouring.it\/radiotouring104\/wp-content\/uploads\/sites\/6\/2022\/02\/cropped-logo-radio-touring-104.png","contentUrl":"https:\/\/progettotouring.it\/radiotouring104\/wp-content\/uploads\/sites\/6\/2022\/02\/cropped-logo-radio-touring-104.png","width":377,"height":182,"caption":"Radio Touring 104"},"image":{"@id":"https:\/\/progettotouring.it\/radiotouring104\/#\/schema\/logo\/image\/"}},{"@type":"Person","@id":"https:\/\/progettotouring.it\/radiotouring104\/#\/schema\/person\/78613917f1851f041f7483f5af1d422e","name":"Sebastiano Plutino","image":{"@type":"ImageObject","inLanguage":"it-IT","@id":"https:\/\/secure.gravatar.com\/avatar\/0546ffaa9b79224faf9f2a156b67a529ae861d3287c66c1d8ccfdf909bcba78d?s=96&d=mm&r=g","url":"https:\/\/secure.gravatar.com\/avatar\/0546ffaa9b79224faf9f2a156b67a529ae861d3287c66c1d8ccfdf909bcba78d?s=96&d=mm&r=g","contentUrl":"https:\/\/secure.gravatar.com\/avatar\/0546ffaa9b79224faf9f2a156b67a529ae861d3287c66c1d8ccfdf909bcba78d?s=96&d=mm&r=g","caption":"Sebastiano Plutino"},"url":"https:\/\/progettotouring.it\/radiotouring104\/author\/sebastiano\/"}]}},"jetpack_publicize_connections":[],"jetpack_featured_media_url":"https:\/\/progettotouring.it\/radiotouring104\/wp-content\/uploads\/sites\/6\/2024\/01\/Ponte-sullo-Stretto-1.jpg","jetpack_sharing_enabled":true,"_links":{"self":[{"href":"https:\/\/progettotouring.it\/radiotouring104\/wp-json\/wp\/v2\/posts\/54092","targetHints":{"allow":["GET"]}}],"collection":[{"href":"https:\/\/progettotouring.it\/radiotouring104\/wp-json\/wp\/v2\/posts"}],"about":[{"href":"https:\/\/progettotouring.it\/radiotouring104\/wp-json\/wp\/v2\/types\/post"}],"author":[{"embeddable":true,"href":"https:\/\/progettotouring.it\/radiotouring104\/wp-json\/wp\/v2\/users\/12"}],"replies":[{"embeddable":true,"href":"https:\/\/progettotouring.it\/radiotouring104\/wp-json\/wp\/v2\/comments?post=54092"}],"version-history":[{"count":4,"href":"https:\/\/progettotouring.it\/radiotouring104\/wp-json\/wp\/v2\/posts\/54092\/revisions"}],"predecessor-version":[{"id":54105,"href":"https:\/\/progettotouring.it\/radiotouring104\/wp-json\/wp\/v2\/posts\/54092\/revisions\/54105"}],"wp:featuredmedia":[{"embeddable":true,"href":"https:\/\/progettotouring.it\/radiotouring104\/wp-json\/wp\/v2\/media\/43160"}],"wp:attachment":[{"href":"https:\/\/progettotouring.it\/radiotouring104\/wp-json\/wp\/v2\/media?parent=54092"}],"wp:term":[{"taxonomy":"category","embeddable":true,"href":"https:\/\/progettotouring.it\/radiotouring104\/wp-json\/wp\/v2\/categories?post=54092"},{"taxonomy":"post_tag","embeddable":true,"href":"https:\/\/progettotouring.it\/radiotouring104\/wp-json\/wp\/v2\/tags?post=54092"}],"curies":[{"name":"wp","href":"https:\/\/api.w.org\/{rel}","templated":true}]}}