{"id":54106,"date":"2024-06-27T12:39:13","date_gmt":"2024-06-27T10:39:13","guid":{"rendered":"https:\/\/progettotouring.it\/radiotouring104\/?p=54106"},"modified":"2024-06-27T12:39:13","modified_gmt":"2024-06-27T10:39:13","slug":"scilla-tutto-pronto-per-il-grande-appuntamento-con-il-pesce-spada-in-festa","status":"publish","type":"post","link":"https:\/\/progettotouring.it\/radiotouring104\/2024\/06\/27\/scilla-tutto-pronto-per-il-grande-appuntamento-con-il-pesce-spada-in-festa\/","title":{"rendered":"Scilla: tutto pronto per il grande appuntamento con il \u201cPesce Spada in Festa\u201d"},"content":{"rendered":"<div style=\"text-align: justify\"><strong>Scilla<\/strong> si prepara a dare il via ad una meravigliosa stagione estiva. Nella straordinaria location del<strong> suo lungomare,<\/strong> in riva allo Stretto di Messina,<strong> si svolger\u00e0 l\u2019evento<\/strong> <em>\u201cPesce Spada in Festa\u201d<\/em>,<strong> con spettacoli musicali, concorsi, degustazioni e tanto divertimento.<\/strong> Un appuntamento da non perdere per grandi e piccini che vedr\u00e0 il lungomare di Scilla vestirsi a festa per accogliere tutti coloro che vorranno degustare uno degli alimenti pi\u00f9 emblematici del territorio: il pesce spada.<\/div>\n<div style=\"text-align: justify\"><\/div>\n<div style=\"text-align: justify\"><strong>L\u2019evento prender\u00e0 il via da venerd\u00ec 28 giugno, alle 18:00<\/strong>, con il taglio del nastro e l\u2019accompagnamento della Banda Musicale Citt\u00e0 di Scilla. Alle 19:00 si svolger\u00e0 per i pi\u00f9 piccoli il Concorso Nazionale Bambino\/a pi\u00f9 bello\/a d\u2019Italia, mentre alle 22:00 tutti i presenti potranno godere dello spettacolo musicale <em>\u201cI briganti italiani\u201d.<\/em><\/div>\n<div style=\"text-align: justify\"><\/div>\n<div style=\"text-align: justify\"><strong>Sabato 29 giugno alle 21:30 ci sar\u00e0 invece l\u2019imperdibile evento nell\u2019evento:<\/strong> \u201cLa Notte di Poseidone\u201d, un\u2019esibizione di Musica Etnica nel corso della quale si esibiranno <strong>Giovanna Scarf\u00f2, Manuela Cricelli, Adela, Marinella Rod\u00e0,<\/strong> voci inconfondibili del mondo etnico calabrese. La serata, che vedr\u00e0 la direzione artistica di<strong> Natale Princi,<\/strong> sar\u00e0 presentata da <strong>Domenico Milani.<\/strong><\/div>\n<div style=\"text-align: justify\"><\/div>\n<div style=\"text-align: justify\"><strong>Domenica 30 giugno<\/strong>, infine,<strong> alle 19:30 avr\u00e0 luogo il Concorso Nazionale<\/strong> <em>\u201cIl pi\u00f9 bello\/La pi\u00f9 bella d\u2019Italia\u201d<\/em> e alle 22:00 il Concerto Musicale<em> \u201cRocco al quadrato\u201d.<\/em><\/div>\n<p class=\"xmprfx_default-style\" style=\"text-align: justify\">Nel corso di tutta la manifestazione, organizzata da Balboa Scilla d<strong>i Rocco Macr\u00ec<\/strong> e che avr\u00e0 inizio tutti e<strong> tre i giorni a partire dalle ore 18:00, sar\u00e0 possibile degustare il pesce spada preparato in diversi golosissimi modi,<\/strong> nei vari stand presenti sul lungomare. Vi saranno inoltre altri stand di vario genere per allietare le passeggiate di tutti coloro che vorranno trascorrere un weekend all\u2019insegna della musica, dello spettacolo e dei caratteristici profumi e sapori del re della Costa Viola: il pesce spada.<\/p>\n","protected":false},"excerpt":{"rendered":"<p>Scilla si prepara a dare il via ad una meravigliosa stagione estiva. Nella straordinaria location del suo lungomare, in riva allo Stretto di Messina, si svolger\u00e0 l\u2019evento \u201cPesce Spada in&hellip;<\/p>\n","protected":false},"author":12,"featured_media":54107,"comment_status":"closed","ping_status":"open","sticky":false,"template":"","format":"standard","meta":{"_jetpack_memberships_contains_paid_content":false,"footnotes":"","jetpack_publicize_message":"","jetpack_publicize_feature_enabled":true,"jetpack_social_post_already_shared":false,"jetpack_social_options":{"image_generator_settings":{"template":"highway","default_image_id":0,"font":"","enabled":false},"version":2}},"categories":[921,196,140],"tags":[33219,33220,33218,1533,33217,1872],"class_list":["post-54106","post","type-post","status-publish","format-standard","has-post-thumbnail","hentry","category-home","category-news","category-reggio-calabria","tag-degustazioni","tag-giovanna-scarfo","tag-lungomare-di-scilla","tag-scilla","tag-spada-in-festa","tag-spettacoli"],"yoast_head":"<!-- This site is optimized with the Yoast SEO plugin v27.2 - https:\/\/yoast.com\/product\/yoast-seo-wordpress\/ -->\n<title>Scilla: tutto pronto per l\u00ec appuntamento con \u201cPesce Spada in Festa\u201d<\/title>\n<meta name=\"description\" content=\"Inizier\u00e0 domani sul lungomare di Scilla l&#039;evento di 3 giorni &quot;Pesce spada in festa&quot;con spettacoli, musica e degustazioni. Ecco il programma\" \/>\n<meta name=\"robots\" content=\"index, follow, max-snippet:-1, max-image-preview:large, max-video-preview:-1\" \/>\n<link rel=\"canonical\" href=\"https:\/\/progettotouring.it\/radiotouring104\/2024\/06\/27\/scilla-tutto-pronto-per-il-grande-appuntamento-con-il-pesce-spada-in-festa\/\" \/>\n<meta property=\"og:locale\" content=\"it_IT\" \/>\n<meta property=\"og:type\" content=\"article\" \/>\n<meta property=\"og:title\" content=\"Scilla: tutto pronto per l\u00ec appuntamento con \u201cPesce Spada in Festa\u201d\" \/>\n<meta property=\"og:description\" content=\"Inizier\u00e0 domani sul lungomare di Scilla l&#039;evento di 3 giorni &quot;Pesce spada in festa&quot;con spettacoli, musica e degustazioni. Ecco il programma\" \/>\n<meta property=\"og:url\" content=\"https:\/\/progettotouring.it\/radiotouring104\/2024\/06\/27\/scilla-tutto-pronto-per-il-grande-appuntamento-con-il-pesce-spada-in-festa\/\" \/>\n<meta property=\"og:site_name\" content=\"Radio Touring 104\" \/>\n<meta property=\"article:published_time\" content=\"2024-06-27T10:39:13+00:00\" \/>\n<meta property=\"og:image\" content=\"https:\/\/progettotouring.it\/radiotouring104\/wp-content\/uploads\/sites\/6\/2024\/06\/Pesce-spada-in-Festa.jpeg\" \/>\n\t<meta property=\"og:image:width\" content=\"1142\" \/>\n\t<meta property=\"og:image:height\" content=\"1600\" \/>\n\t<meta property=\"og:image:type\" content=\"image\/jpeg\" \/>\n<meta name=\"author\" content=\"Sebastiano Plutino\" \/>\n<meta name=\"twitter:card\" content=\"summary_large_image\" \/>\n<meta name=\"twitter:label1\" content=\"Scritto da\" \/>\n\t<meta name=\"twitter:data1\" content=\"Sebastiano Plutino\" \/>\n\t<meta name=\"twitter:label2\" content=\"Tempo di lettura stimato\" \/>\n\t<meta name=\"twitter:data2\" content=\"1 minuto\" \/>\n<script type=\"application\/ld+json\" class=\"yoast-schema-graph\">{\"@context\":\"https:\/\/schema.org\",\"@graph\":[{\"@type\":\"Article\",\"@id\":\"https:\/\/progettotouring.it\/radiotouring104\/2024\/06\/27\/scilla-tutto-pronto-per-il-grande-appuntamento-con-il-pesce-spada-in-festa\/#article\",\"isPartOf\":{\"@id\":\"https:\/\/progettotouring.it\/radiotouring104\/2024\/06\/27\/scilla-tutto-pronto-per-il-grande-appuntamento-con-il-pesce-spada-in-festa\/\"},\"author\":{\"name\":\"Sebastiano Plutino\",\"@id\":\"https:\/\/progettotouring.it\/radiotouring104\/#\/schema\/person\/78613917f1851f041f7483f5af1d422e\"},\"headline\":\"Scilla: tutto pronto per il grande appuntamento con il \u201cPesce Spada in Festa\u201d\",\"datePublished\":\"2024-06-27T10:39:13+00:00\",\"mainEntityOfPage\":{\"@id\":\"https:\/\/progettotouring.it\/radiotouring104\/2024\/06\/27\/scilla-tutto-pronto-per-il-grande-appuntamento-con-il-pesce-spada-in-festa\/\"},\"wordCount\":303,\"publisher\":{\"@id\":\"https:\/\/progettotouring.it\/radiotouring104\/#organization\"},\"image\":{\"@id\":\"https:\/\/progettotouring.it\/radiotouring104\/2024\/06\/27\/scilla-tutto-pronto-per-il-grande-appuntamento-con-il-pesce-spada-in-festa\/#primaryimage\"},\"thumbnailUrl\":\"https:\/\/progettotouring.it\/radiotouring104\/wp-content\/uploads\/sites\/6\/2024\/06\/Pesce-spada-in-Festa.jpeg\",\"keywords\":[\"degustazioni\",\"Giovanna Scarf\u00f2\",\"lungomare di scilla\",\"scilla\",\"Spada in Festa\u201d\",\"spettacoli\"],\"articleSection\":[\"Home\",\"News\",\"Reggio Calabria\"],\"inLanguage\":\"it-IT\"},{\"@type\":\"WebPage\",\"@id\":\"https:\/\/progettotouring.it\/radiotouring104\/2024\/06\/27\/scilla-tutto-pronto-per-il-grande-appuntamento-con-il-pesce-spada-in-festa\/\",\"url\":\"https:\/\/progettotouring.it\/radiotouring104\/2024\/06\/27\/scilla-tutto-pronto-per-il-grande-appuntamento-con-il-pesce-spada-in-festa\/\",\"name\":\"Scilla: tutto pronto per l\u00ec appuntamento con \u201cPesce Spada in Festa\u201d\",\"isPartOf\":{\"@id\":\"https:\/\/progettotouring.it\/radiotouring104\/#website\"},\"primaryImageOfPage\":{\"@id\":\"https:\/\/progettotouring.it\/radiotouring104\/2024\/06\/27\/scilla-tutto-pronto-per-il-grande-appuntamento-con-il-pesce-spada-in-festa\/#primaryimage\"},\"image\":{\"@id\":\"https:\/\/progettotouring.it\/radiotouring104\/2024\/06\/27\/scilla-tutto-pronto-per-il-grande-appuntamento-con-il-pesce-spada-in-festa\/#primaryimage\"},\"thumbnailUrl\":\"https:\/\/progettotouring.it\/radiotouring104\/wp-content\/uploads\/sites\/6\/2024\/06\/Pesce-spada-in-Festa.jpeg\",\"datePublished\":\"2024-06-27T10:39:13+00:00\",\"description\":\"Inizier\u00e0 domani sul lungomare di Scilla l'evento di 3 giorni \\\"Pesce spada in festa\\\"con spettacoli, musica e degustazioni. Ecco il programma\",\"breadcrumb\":{\"@id\":\"https:\/\/progettotouring.it\/radiotouring104\/2024\/06\/27\/scilla-tutto-pronto-per-il-grande-appuntamento-con-il-pesce-spada-in-festa\/#breadcrumb\"},\"inLanguage\":\"it-IT\",\"potentialAction\":[{\"@type\":\"ReadAction\",\"target\":[\"https:\/\/progettotouring.it\/radiotouring104\/2024\/06\/27\/scilla-tutto-pronto-per-il-grande-appuntamento-con-il-pesce-spada-in-festa\/\"]}]},{\"@type\":\"ImageObject\",\"inLanguage\":\"it-IT\",\"@id\":\"https:\/\/progettotouring.it\/radiotouring104\/2024\/06\/27\/scilla-tutto-pronto-per-il-grande-appuntamento-con-il-pesce-spada-in-festa\/#primaryimage\",\"url\":\"https:\/\/progettotouring.it\/radiotouring104\/wp-content\/uploads\/sites\/6\/2024\/06\/Pesce-spada-in-Festa.jpeg\",\"contentUrl\":\"https:\/\/progettotouring.it\/radiotouring104\/wp-content\/uploads\/sites\/6\/2024\/06\/Pesce-spada-in-Festa.jpeg\",\"width\":1142,\"height\":1600},{\"@type\":\"BreadcrumbList\",\"@id\":\"https:\/\/progettotouring.it\/radiotouring104\/2024\/06\/27\/scilla-tutto-pronto-per-il-grande-appuntamento-con-il-pesce-spada-in-festa\/#breadcrumb\",\"itemListElement\":[{\"@type\":\"ListItem\",\"position\":1,\"name\":\"Home\",\"item\":\"https:\/\/progettotouring.it\/radiotouring104\/\"},{\"@type\":\"ListItem\",\"position\":2,\"name\":\"Scilla: tutto pronto per il grande appuntamento con il \u201cPesce Spada in Festa\u201d\"}]},{\"@type\":\"WebSite\",\"@id\":\"https:\/\/progettotouring.it\/radiotouring104\/#website\",\"url\":\"https:\/\/progettotouring.it\/radiotouring104\/\",\"name\":\"Radio Touring 104\",\"description\":\"La prima radio Reggina\",\"publisher\":{\"@id\":\"https:\/\/progettotouring.it\/radiotouring104\/#organization\"},\"potentialAction\":[{\"@type\":\"SearchAction\",\"target\":{\"@type\":\"EntryPoint\",\"urlTemplate\":\"https:\/\/progettotouring.it\/radiotouring104\/?s={search_term_string}\"},\"query-input\":{\"@type\":\"PropertyValueSpecification\",\"valueRequired\":true,\"valueName\":\"search_term_string\"}}],\"inLanguage\":\"it-IT\"},{\"@type\":\"Organization\",\"@id\":\"https:\/\/progettotouring.it\/radiotouring104\/#organization\",\"name\":\"Radio Touring 104\",\"url\":\"https:\/\/progettotouring.it\/radiotouring104\/\",\"logo\":{\"@type\":\"ImageObject\",\"inLanguage\":\"it-IT\",\"@id\":\"https:\/\/progettotouring.it\/radiotouring104\/#\/schema\/logo\/image\/\",\"url\":\"https:\/\/progettotouring.it\/radiotouring104\/wp-content\/uploads\/sites\/6\/2022\/02\/cropped-logo-radio-touring-104.png\",\"contentUrl\":\"https:\/\/progettotouring.it\/radiotouring104\/wp-content\/uploads\/sites\/6\/2022\/02\/cropped-logo-radio-touring-104.png\",\"width\":377,\"height\":182,\"caption\":\"Radio Touring 104\"},\"image\":{\"@id\":\"https:\/\/progettotouring.it\/radiotouring104\/#\/schema\/logo\/image\/\"}},{\"@type\":\"Person\",\"@id\":\"https:\/\/progettotouring.it\/radiotouring104\/#\/schema\/person\/78613917f1851f041f7483f5af1d422e\",\"name\":\"Sebastiano Plutino\",\"image\":{\"@type\":\"ImageObject\",\"inLanguage\":\"it-IT\",\"@id\":\"https:\/\/secure.gravatar.com\/avatar\/0546ffaa9b79224faf9f2a156b67a529ae861d3287c66c1d8ccfdf909bcba78d?s=96&d=mm&r=g\",\"url\":\"https:\/\/secure.gravatar.com\/avatar\/0546ffaa9b79224faf9f2a156b67a529ae861d3287c66c1d8ccfdf909bcba78d?s=96&d=mm&r=g\",\"contentUrl\":\"https:\/\/secure.gravatar.com\/avatar\/0546ffaa9b79224faf9f2a156b67a529ae861d3287c66c1d8ccfdf909bcba78d?s=96&d=mm&r=g\",\"caption\":\"Sebastiano Plutino\"},\"url\":\"https:\/\/progettotouring.it\/radiotouring104\/author\/sebastiano\/\"}]}<\/script>\n<!-- \/ Yoast SEO plugin. -->","yoast_head_json":{"title":"Scilla: tutto pronto per l\u00ec appuntamento con \u201cPesce Spada in Festa\u201d","description":"Inizier\u00e0 domani sul lungomare di Scilla l'evento di 3 giorni \"Pesce spada in festa\"con spettacoli, musica e degustazioni. Ecco il programma","robots":{"index":"index","follow":"follow","max-snippet":"max-snippet:-1","max-image-preview":"max-image-preview:large","max-video-preview":"max-video-preview:-1"},"canonical":"https:\/\/progettotouring.it\/radiotouring104\/2024\/06\/27\/scilla-tutto-pronto-per-il-grande-appuntamento-con-il-pesce-spada-in-festa\/","og_locale":"it_IT","og_type":"article","og_title":"Scilla: tutto pronto per l\u00ec appuntamento con \u201cPesce Spada in Festa\u201d","og_description":"Inizier\u00e0 domani sul lungomare di Scilla l'evento di 3 giorni \"Pesce spada in festa\"con spettacoli, musica e degustazioni. Ecco il programma","og_url":"https:\/\/progettotouring.it\/radiotouring104\/2024\/06\/27\/scilla-tutto-pronto-per-il-grande-appuntamento-con-il-pesce-spada-in-festa\/","og_site_name":"Radio Touring 104","article_published_time":"2024-06-27T10:39:13+00:00","og_image":[{"width":1142,"height":1600,"url":"https:\/\/progettotouring.it\/radiotouring104\/wp-content\/uploads\/sites\/6\/2024\/06\/Pesce-spada-in-Festa.jpeg","type":"image\/jpeg"}],"author":"Sebastiano Plutino","twitter_card":"summary_large_image","twitter_misc":{"Scritto da":"Sebastiano Plutino","Tempo di lettura stimato":"1 minuto"},"schema":{"@context":"https:\/\/schema.org","@graph":[{"@type":"Article","@id":"https:\/\/progettotouring.it\/radiotouring104\/2024\/06\/27\/scilla-tutto-pronto-per-il-grande-appuntamento-con-il-pesce-spada-in-festa\/#article","isPartOf":{"@id":"https:\/\/progettotouring.it\/radiotouring104\/2024\/06\/27\/scilla-tutto-pronto-per-il-grande-appuntamento-con-il-pesce-spada-in-festa\/"},"author":{"name":"Sebastiano Plutino","@id":"https:\/\/progettotouring.it\/radiotouring104\/#\/schema\/person\/78613917f1851f041f7483f5af1d422e"},"headline":"Scilla: tutto pronto per il grande appuntamento con il \u201cPesce Spada in Festa\u201d","datePublished":"2024-06-27T10:39:13+00:00","mainEntityOfPage":{"@id":"https:\/\/progettotouring.it\/radiotouring104\/2024\/06\/27\/scilla-tutto-pronto-per-il-grande-appuntamento-con-il-pesce-spada-in-festa\/"},"wordCount":303,"publisher":{"@id":"https:\/\/progettotouring.it\/radiotouring104\/#organization"},"image":{"@id":"https:\/\/progettotouring.it\/radiotouring104\/2024\/06\/27\/scilla-tutto-pronto-per-il-grande-appuntamento-con-il-pesce-spada-in-festa\/#primaryimage"},"thumbnailUrl":"https:\/\/progettotouring.it\/radiotouring104\/wp-content\/uploads\/sites\/6\/2024\/06\/Pesce-spada-in-Festa.jpeg","keywords":["degustazioni","Giovanna Scarf\u00f2","lungomare di scilla","scilla","Spada in Festa\u201d","spettacoli"],"articleSection":["Home","News","Reggio Calabria"],"inLanguage":"it-IT"},{"@type":"WebPage","@id":"https:\/\/progettotouring.it\/radiotouring104\/2024\/06\/27\/scilla-tutto-pronto-per-il-grande-appuntamento-con-il-pesce-spada-in-festa\/","url":"https:\/\/progettotouring.it\/radiotouring104\/2024\/06\/27\/scilla-tutto-pronto-per-il-grande-appuntamento-con-il-pesce-spada-in-festa\/","name":"Scilla: tutto pronto per l\u00ec appuntamento con \u201cPesce Spada in Festa\u201d","isPartOf":{"@id":"https:\/\/progettotouring.it\/radiotouring104\/#website"},"primaryImageOfPage":{"@id":"https:\/\/progettotouring.it\/radiotouring104\/2024\/06\/27\/scilla-tutto-pronto-per-il-grande-appuntamento-con-il-pesce-spada-in-festa\/#primaryimage"},"image":{"@id":"https:\/\/progettotouring.it\/radiotouring104\/2024\/06\/27\/scilla-tutto-pronto-per-il-grande-appuntamento-con-il-pesce-spada-in-festa\/#primaryimage"},"thumbnailUrl":"https:\/\/progettotouring.it\/radiotouring104\/wp-content\/uploads\/sites\/6\/2024\/06\/Pesce-spada-in-Festa.jpeg","datePublished":"2024-06-27T10:39:13+00:00","description":"Inizier\u00e0 domani sul lungomare di Scilla l'evento di 3 giorni \"Pesce spada in festa\"con spettacoli, musica e degustazioni. Ecco il programma","breadcrumb":{"@id":"https:\/\/progettotouring.it\/radiotouring104\/2024\/06\/27\/scilla-tutto-pronto-per-il-grande-appuntamento-con-il-pesce-spada-in-festa\/#breadcrumb"},"inLanguage":"it-IT","potentialAction":[{"@type":"ReadAction","target":["https:\/\/progettotouring.it\/radiotouring104\/2024\/06\/27\/scilla-tutto-pronto-per-il-grande-appuntamento-con-il-pesce-spada-in-festa\/"]}]},{"@type":"ImageObject","inLanguage":"it-IT","@id":"https:\/\/progettotouring.it\/radiotouring104\/2024\/06\/27\/scilla-tutto-pronto-per-il-grande-appuntamento-con-il-pesce-spada-in-festa\/#primaryimage","url":"https:\/\/progettotouring.it\/radiotouring104\/wp-content\/uploads\/sites\/6\/2024\/06\/Pesce-spada-in-Festa.jpeg","contentUrl":"https:\/\/progettotouring.it\/radiotouring104\/wp-content\/uploads\/sites\/6\/2024\/06\/Pesce-spada-in-Festa.jpeg","width":1142,"height":1600},{"@type":"BreadcrumbList","@id":"https:\/\/progettotouring.it\/radiotouring104\/2024\/06\/27\/scilla-tutto-pronto-per-il-grande-appuntamento-con-il-pesce-spada-in-festa\/#breadcrumb","itemListElement":[{"@type":"ListItem","position":1,"name":"Home","item":"https:\/\/progettotouring.it\/radiotouring104\/"},{"@type":"ListItem","position":2,"name":"Scilla: tutto pronto per il grande appuntamento con il \u201cPesce Spada in Festa\u201d"}]},{"@type":"WebSite","@id":"https:\/\/progettotouring.it\/radiotouring104\/#website","url":"https:\/\/progettotouring.it\/radiotouring104\/","name":"Radio Touring 104","description":"La prima radio Reggina","publisher":{"@id":"https:\/\/progettotouring.it\/radiotouring104\/#organization"},"potentialAction":[{"@type":"SearchAction","target":{"@type":"EntryPoint","urlTemplate":"https:\/\/progettotouring.it\/radiotouring104\/?s={search_term_string}"},"query-input":{"@type":"PropertyValueSpecification","valueRequired":true,"valueName":"search_term_string"}}],"inLanguage":"it-IT"},{"@type":"Organization","@id":"https:\/\/progettotouring.it\/radiotouring104\/#organization","name":"Radio Touring 104","url":"https:\/\/progettotouring.it\/radiotouring104\/","logo":{"@type":"ImageObject","inLanguage":"it-IT","@id":"https:\/\/progettotouring.it\/radiotouring104\/#\/schema\/logo\/image\/","url":"https:\/\/progettotouring.it\/radiotouring104\/wp-content\/uploads\/sites\/6\/2022\/02\/cropped-logo-radio-touring-104.png","contentUrl":"https:\/\/progettotouring.it\/radiotouring104\/wp-content\/uploads\/sites\/6\/2022\/02\/cropped-logo-radio-touring-104.png","width":377,"height":182,"caption":"Radio Touring 104"},"image":{"@id":"https:\/\/progettotouring.it\/radiotouring104\/#\/schema\/logo\/image\/"}},{"@type":"Person","@id":"https:\/\/progettotouring.it\/radiotouring104\/#\/schema\/person\/78613917f1851f041f7483f5af1d422e","name":"Sebastiano Plutino","image":{"@type":"ImageObject","inLanguage":"it-IT","@id":"https:\/\/secure.gravatar.com\/avatar\/0546ffaa9b79224faf9f2a156b67a529ae861d3287c66c1d8ccfdf909bcba78d?s=96&d=mm&r=g","url":"https:\/\/secure.gravatar.com\/avatar\/0546ffaa9b79224faf9f2a156b67a529ae861d3287c66c1d8ccfdf909bcba78d?s=96&d=mm&r=g","contentUrl":"https:\/\/secure.gravatar.com\/avatar\/0546ffaa9b79224faf9f2a156b67a529ae861d3287c66c1d8ccfdf909bcba78d?s=96&d=mm&r=g","caption":"Sebastiano Plutino"},"url":"https:\/\/progettotouring.it\/radiotouring104\/author\/sebastiano\/"}]}},"jetpack_publicize_connections":[],"jetpack_featured_media_url":"https:\/\/progettotouring.it\/radiotouring104\/wp-content\/uploads\/sites\/6\/2024\/06\/Pesce-spada-in-Festa.jpeg","jetpack_sharing_enabled":true,"_links":{"self":[{"href":"https:\/\/progettotouring.it\/radiotouring104\/wp-json\/wp\/v2\/posts\/54106","targetHints":{"allow":["GET"]}}],"collection":[{"href":"https:\/\/progettotouring.it\/radiotouring104\/wp-json\/wp\/v2\/posts"}],"about":[{"href":"https:\/\/progettotouring.it\/radiotouring104\/wp-json\/wp\/v2\/types\/post"}],"author":[{"embeddable":true,"href":"https:\/\/progettotouring.it\/radiotouring104\/wp-json\/wp\/v2\/users\/12"}],"replies":[{"embeddable":true,"href":"https:\/\/progettotouring.it\/radiotouring104\/wp-json\/wp\/v2\/comments?post=54106"}],"version-history":[{"count":1,"href":"https:\/\/progettotouring.it\/radiotouring104\/wp-json\/wp\/v2\/posts\/54106\/revisions"}],"predecessor-version":[{"id":54108,"href":"https:\/\/progettotouring.it\/radiotouring104\/wp-json\/wp\/v2\/posts\/54106\/revisions\/54108"}],"wp:featuredmedia":[{"embeddable":true,"href":"https:\/\/progettotouring.it\/radiotouring104\/wp-json\/wp\/v2\/media\/54107"}],"wp:attachment":[{"href":"https:\/\/progettotouring.it\/radiotouring104\/wp-json\/wp\/v2\/media?parent=54106"}],"wp:term":[{"taxonomy":"category","embeddable":true,"href":"https:\/\/progettotouring.it\/radiotouring104\/wp-json\/wp\/v2\/categories?post=54106"},{"taxonomy":"post_tag","embeddable":true,"href":"https:\/\/progettotouring.it\/radiotouring104\/wp-json\/wp\/v2\/tags?post=54106"}],"curies":[{"name":"wp","href":"https:\/\/api.w.org\/{rel}","templated":true}]}}