{"id":54110,"date":"2024-06-27T12:48:40","date_gmt":"2024-06-27T10:48:40","guid":{"rendered":"https:\/\/progettotouring.it\/radiotouring104\/?p=54110"},"modified":"2024-06-27T12:48:55","modified_gmt":"2024-06-27T10:48:55","slug":"pentimele-ultimati-i-muri-di-contenimento-per-la-strada-di-accesso","status":"publish","type":"post","link":"https:\/\/progettotouring.it\/radiotouring104\/2024\/06\/27\/pentimele-ultimati-i-muri-di-contenimento-per-la-strada-di-accesso\/","title":{"rendered":"Pentimele: ultimati i muri di contenimento per la strada di accesso"},"content":{"rendered":"<p style=\"text-align: justify\">Sono in dirittura d\u2019arrivo sulla collina di Pentimele i lavori del complesso monumentale che con la statua di San Paolo e la stele a rocchi sovrapposti che rievoca il \u201cmiracolo della fiamma ardente\u201d, l\u2019approdo di Paolo di Tarso nella rada Giunchi di Reggio Calabria.<\/p>\n<p style=\"text-align: justify\">La raffigurazione bronzea dell\u2019apostolo Paolo e la stele, ideate dallo scultore Michele di Raco, sono state posizionate su di un imponente basamento nell&#8217;area, impreziosita anche da una nuova illuminazione, individuata gi\u00e0 ai tempi del Senatore Giuseppe Reale, uno degli affacci pi\u00f9 suggestivi dell&#8217;area collinare, a picco sullo Stretto.<\/p>\n<p style=\"text-align: justify\">Nel frattempo proseguono i corposi lavori sulla strada di accesso ai fortini di Pentimele con le attivit\u00e0 disposte dall&#8217;Amministrazione comunale guidata dal Sindaco Giuseppe Falcomat\u00e0, con la supervisione dell&#8217;Assessore ai Lavori Pubblici Franco Costantino.<\/p>\n<p style=\"text-align: justify\">L&#8217;impresa esecutrice dell\u2019appalto della strada ha quasi ultimato i muri di contenimento della sede stradale realizzati attraverso la tecnica del posizionamento di pietrame a secco con reti contenitive.<\/p>\n<div style=\"text-align: justify\">Resta da completare il lavoro di preparazione della piattaforma stradale prima della stesura dei conglomerati bituminosi .<br \/>\nLa previsione del termine ultimo dei lavori \u00e8 che la strada di collegamento tra Pentimele ed il centro cittadino possa essere completata entro il periodo delle festivit\u00e0 mariane, data simbolicamente importante che segner\u00e0 la restituzione della storica statua di San Paolo alla comunit\u00e0 reggina.<\/div>\n","protected":false},"excerpt":{"rendered":"<p>Sono in dirittura d\u2019arrivo sulla collina di Pentimele i lavori del complesso monumentale che con la statua di San Paolo e la stele a rocchi sovrapposti che rievoca il \u201cmiracolo&hellip;<\/p>\n","protected":false},"author":12,"featured_media":54111,"comment_status":"closed","ping_status":"open","sticky":false,"template":"","format":"standard","meta":{"_jetpack_memberships_contains_paid_content":false,"footnotes":"","jetpack_publicize_message":"","jetpack_publicize_feature_enabled":true,"jetpack_social_post_already_shared":false,"jetpack_social_options":{"image_generator_settings":{"template":"highway","default_image_id":0,"font":"","enabled":false},"version":2}},"categories":[921,196,140],"tags":[18408,33222,33224,33223,33221],"class_list":["post-54110","post","type-post","status-publish","format-standard","has-post-thumbnail","hentry","category-home","category-news","category-reggio-calabria","tag-collina-di-pentimele","tag-riempimento-della-sede-stradale","tag-strada-di-accesso","tag-tappetino-bituminoso","tag-ultimati-lavori-muri-di-contenimento"],"yoast_head":"<!-- This site is optimized with the Yoast SEO plugin v27.2 - https:\/\/yoast.com\/product\/yoast-seo-wordpress\/ -->\n<title>Pentimele: ultimati i muri di contenimento per la strada di accesso<\/title>\n<meta name=\"description\" content=\"Nei giorni seguenti comincer\u00e0 il riempimento della sede stradale ed infine la posa del sottostrato e del tappetino bituminoso\" \/>\n<meta name=\"robots\" content=\"index, follow, max-snippet:-1, max-image-preview:large, max-video-preview:-1\" \/>\n<link rel=\"canonical\" href=\"https:\/\/progettotouring.it\/radiotouring104\/2024\/06\/27\/pentimele-ultimati-i-muri-di-contenimento-per-la-strada-di-accesso\/\" \/>\n<meta property=\"og:locale\" content=\"it_IT\" \/>\n<meta property=\"og:type\" content=\"article\" \/>\n<meta property=\"og:title\" content=\"Pentimele: ultimati i muri di contenimento per la strada di accesso\" \/>\n<meta property=\"og:description\" content=\"Nei giorni seguenti comincer\u00e0 il riempimento della sede stradale ed infine la posa del sottostrato e del tappetino bituminoso\" \/>\n<meta property=\"og:url\" content=\"https:\/\/progettotouring.it\/radiotouring104\/2024\/06\/27\/pentimele-ultimati-i-muri-di-contenimento-per-la-strada-di-accesso\/\" \/>\n<meta property=\"og:site_name\" content=\"Radio Touring 104\" \/>\n<meta property=\"article:published_time\" content=\"2024-06-27T10:48:40+00:00\" \/>\n<meta property=\"article:modified_time\" content=\"2024-06-27T10:48:55+00:00\" \/>\n<meta property=\"og:image\" content=\"https:\/\/progettotouring.it\/radiotouring104\/wp-content\/uploads\/sites\/6\/2024\/06\/muro-contenimento-collina-pentimele-strada.jpeg\" \/>\n\t<meta property=\"og:image:width\" content=\"2000\" \/>\n\t<meta property=\"og:image:height\" content=\"1126\" \/>\n\t<meta property=\"og:image:type\" content=\"image\/jpeg\" \/>\n<meta name=\"author\" content=\"Sebastiano Plutino\" \/>\n<meta name=\"twitter:card\" content=\"summary_large_image\" \/>\n<meta name=\"twitter:label1\" content=\"Scritto da\" \/>\n\t<meta name=\"twitter:data1\" content=\"Sebastiano Plutino\" \/>\n\t<meta name=\"twitter:label2\" content=\"Tempo di lettura stimato\" \/>\n\t<meta name=\"twitter:data2\" content=\"1 minuto\" \/>\n<script type=\"application\/ld+json\" class=\"yoast-schema-graph\">{\"@context\":\"https:\/\/schema.org\",\"@graph\":[{\"@type\":\"Article\",\"@id\":\"https:\/\/progettotouring.it\/radiotouring104\/2024\/06\/27\/pentimele-ultimati-i-muri-di-contenimento-per-la-strada-di-accesso\/#article\",\"isPartOf\":{\"@id\":\"https:\/\/progettotouring.it\/radiotouring104\/2024\/06\/27\/pentimele-ultimati-i-muri-di-contenimento-per-la-strada-di-accesso\/\"},\"author\":{\"name\":\"Sebastiano Plutino\",\"@id\":\"https:\/\/progettotouring.it\/radiotouring104\/#\/schema\/person\/78613917f1851f041f7483f5af1d422e\"},\"headline\":\"Pentimele: ultimati i muri di contenimento per la strada di accesso\",\"datePublished\":\"2024-06-27T10:48:40+00:00\",\"dateModified\":\"2024-06-27T10:48:55+00:00\",\"mainEntityOfPage\":{\"@id\":\"https:\/\/progettotouring.it\/radiotouring104\/2024\/06\/27\/pentimele-ultimati-i-muri-di-contenimento-per-la-strada-di-accesso\/\"},\"wordCount\":228,\"publisher\":{\"@id\":\"https:\/\/progettotouring.it\/radiotouring104\/#organization\"},\"image\":{\"@id\":\"https:\/\/progettotouring.it\/radiotouring104\/2024\/06\/27\/pentimele-ultimati-i-muri-di-contenimento-per-la-strada-di-accesso\/#primaryimage\"},\"thumbnailUrl\":\"https:\/\/progettotouring.it\/radiotouring104\/wp-content\/uploads\/sites\/6\/2024\/06\/muro-contenimento-collina-pentimele-strada.jpeg\",\"keywords\":[\"Collina di Pentimele\",\"riempimento della sede stradale\",\"strada di accesso\",\"tappetino bituminoso\",\"ultimati lavori muri di contenimento\"],\"articleSection\":[\"Home\",\"News\",\"Reggio Calabria\"],\"inLanguage\":\"it-IT\"},{\"@type\":\"WebPage\",\"@id\":\"https:\/\/progettotouring.it\/radiotouring104\/2024\/06\/27\/pentimele-ultimati-i-muri-di-contenimento-per-la-strada-di-accesso\/\",\"url\":\"https:\/\/progettotouring.it\/radiotouring104\/2024\/06\/27\/pentimele-ultimati-i-muri-di-contenimento-per-la-strada-di-accesso\/\",\"name\":\"Pentimele: ultimati i muri di contenimento per la strada di accesso\",\"isPartOf\":{\"@id\":\"https:\/\/progettotouring.it\/radiotouring104\/#website\"},\"primaryImageOfPage\":{\"@id\":\"https:\/\/progettotouring.it\/radiotouring104\/2024\/06\/27\/pentimele-ultimati-i-muri-di-contenimento-per-la-strada-di-accesso\/#primaryimage\"},\"image\":{\"@id\":\"https:\/\/progettotouring.it\/radiotouring104\/2024\/06\/27\/pentimele-ultimati-i-muri-di-contenimento-per-la-strada-di-accesso\/#primaryimage\"},\"thumbnailUrl\":\"https:\/\/progettotouring.it\/radiotouring104\/wp-content\/uploads\/sites\/6\/2024\/06\/muro-contenimento-collina-pentimele-strada.jpeg\",\"datePublished\":\"2024-06-27T10:48:40+00:00\",\"dateModified\":\"2024-06-27T10:48:55+00:00\",\"description\":\"Nei giorni seguenti comincer\u00e0 il riempimento della sede stradale ed infine la posa del sottostrato e del tappetino bituminoso\",\"breadcrumb\":{\"@id\":\"https:\/\/progettotouring.it\/radiotouring104\/2024\/06\/27\/pentimele-ultimati-i-muri-di-contenimento-per-la-strada-di-accesso\/#breadcrumb\"},\"inLanguage\":\"it-IT\",\"potentialAction\":[{\"@type\":\"ReadAction\",\"target\":[\"https:\/\/progettotouring.it\/radiotouring104\/2024\/06\/27\/pentimele-ultimati-i-muri-di-contenimento-per-la-strada-di-accesso\/\"]}]},{\"@type\":\"ImageObject\",\"inLanguage\":\"it-IT\",\"@id\":\"https:\/\/progettotouring.it\/radiotouring104\/2024\/06\/27\/pentimele-ultimati-i-muri-di-contenimento-per-la-strada-di-accesso\/#primaryimage\",\"url\":\"https:\/\/progettotouring.it\/radiotouring104\/wp-content\/uploads\/sites\/6\/2024\/06\/muro-contenimento-collina-pentimele-strada.jpeg\",\"contentUrl\":\"https:\/\/progettotouring.it\/radiotouring104\/wp-content\/uploads\/sites\/6\/2024\/06\/muro-contenimento-collina-pentimele-strada.jpeg\",\"width\":2000,\"height\":1126},{\"@type\":\"BreadcrumbList\",\"@id\":\"https:\/\/progettotouring.it\/radiotouring104\/2024\/06\/27\/pentimele-ultimati-i-muri-di-contenimento-per-la-strada-di-accesso\/#breadcrumb\",\"itemListElement\":[{\"@type\":\"ListItem\",\"position\":1,\"name\":\"Home\",\"item\":\"https:\/\/progettotouring.it\/radiotouring104\/\"},{\"@type\":\"ListItem\",\"position\":2,\"name\":\"Pentimele: ultimati i muri di contenimento per la strada di accesso\"}]},{\"@type\":\"WebSite\",\"@id\":\"https:\/\/progettotouring.it\/radiotouring104\/#website\",\"url\":\"https:\/\/progettotouring.it\/radiotouring104\/\",\"name\":\"Radio Touring 104\",\"description\":\"La prima radio Reggina\",\"publisher\":{\"@id\":\"https:\/\/progettotouring.it\/radiotouring104\/#organization\"},\"potentialAction\":[{\"@type\":\"SearchAction\",\"target\":{\"@type\":\"EntryPoint\",\"urlTemplate\":\"https:\/\/progettotouring.it\/radiotouring104\/?s={search_term_string}\"},\"query-input\":{\"@type\":\"PropertyValueSpecification\",\"valueRequired\":true,\"valueName\":\"search_term_string\"}}],\"inLanguage\":\"it-IT\"},{\"@type\":\"Organization\",\"@id\":\"https:\/\/progettotouring.it\/radiotouring104\/#organization\",\"name\":\"Radio Touring 104\",\"url\":\"https:\/\/progettotouring.it\/radiotouring104\/\",\"logo\":{\"@type\":\"ImageObject\",\"inLanguage\":\"it-IT\",\"@id\":\"https:\/\/progettotouring.it\/radiotouring104\/#\/schema\/logo\/image\/\",\"url\":\"https:\/\/progettotouring.it\/radiotouring104\/wp-content\/uploads\/sites\/6\/2022\/02\/cropped-logo-radio-touring-104.png\",\"contentUrl\":\"https:\/\/progettotouring.it\/radiotouring104\/wp-content\/uploads\/sites\/6\/2022\/02\/cropped-logo-radio-touring-104.png\",\"width\":377,\"height\":182,\"caption\":\"Radio Touring 104\"},\"image\":{\"@id\":\"https:\/\/progettotouring.it\/radiotouring104\/#\/schema\/logo\/image\/\"}},{\"@type\":\"Person\",\"@id\":\"https:\/\/progettotouring.it\/radiotouring104\/#\/schema\/person\/78613917f1851f041f7483f5af1d422e\",\"name\":\"Sebastiano Plutino\",\"image\":{\"@type\":\"ImageObject\",\"inLanguage\":\"it-IT\",\"@id\":\"https:\/\/secure.gravatar.com\/avatar\/0546ffaa9b79224faf9f2a156b67a529ae861d3287c66c1d8ccfdf909bcba78d?s=96&d=mm&r=g\",\"url\":\"https:\/\/secure.gravatar.com\/avatar\/0546ffaa9b79224faf9f2a156b67a529ae861d3287c66c1d8ccfdf909bcba78d?s=96&d=mm&r=g\",\"contentUrl\":\"https:\/\/secure.gravatar.com\/avatar\/0546ffaa9b79224faf9f2a156b67a529ae861d3287c66c1d8ccfdf909bcba78d?s=96&d=mm&r=g\",\"caption\":\"Sebastiano Plutino\"},\"url\":\"https:\/\/progettotouring.it\/radiotouring104\/author\/sebastiano\/\"}]}<\/script>\n<!-- \/ Yoast SEO plugin. -->","yoast_head_json":{"title":"Pentimele: ultimati i muri di contenimento per la strada di accesso","description":"Nei giorni seguenti comincer\u00e0 il riempimento della sede stradale ed infine la posa del sottostrato e del tappetino bituminoso","robots":{"index":"index","follow":"follow","max-snippet":"max-snippet:-1","max-image-preview":"max-image-preview:large","max-video-preview":"max-video-preview:-1"},"canonical":"https:\/\/progettotouring.it\/radiotouring104\/2024\/06\/27\/pentimele-ultimati-i-muri-di-contenimento-per-la-strada-di-accesso\/","og_locale":"it_IT","og_type":"article","og_title":"Pentimele: ultimati i muri di contenimento per la strada di accesso","og_description":"Nei giorni seguenti comincer\u00e0 il riempimento della sede stradale ed infine la posa del sottostrato e del tappetino bituminoso","og_url":"https:\/\/progettotouring.it\/radiotouring104\/2024\/06\/27\/pentimele-ultimati-i-muri-di-contenimento-per-la-strada-di-accesso\/","og_site_name":"Radio Touring 104","article_published_time":"2024-06-27T10:48:40+00:00","article_modified_time":"2024-06-27T10:48:55+00:00","og_image":[{"width":2000,"height":1126,"url":"https:\/\/progettotouring.it\/radiotouring104\/wp-content\/uploads\/sites\/6\/2024\/06\/muro-contenimento-collina-pentimele-strada.jpeg","type":"image\/jpeg"}],"author":"Sebastiano Plutino","twitter_card":"summary_large_image","twitter_misc":{"Scritto da":"Sebastiano Plutino","Tempo di lettura stimato":"1 minuto"},"schema":{"@context":"https:\/\/schema.org","@graph":[{"@type":"Article","@id":"https:\/\/progettotouring.it\/radiotouring104\/2024\/06\/27\/pentimele-ultimati-i-muri-di-contenimento-per-la-strada-di-accesso\/#article","isPartOf":{"@id":"https:\/\/progettotouring.it\/radiotouring104\/2024\/06\/27\/pentimele-ultimati-i-muri-di-contenimento-per-la-strada-di-accesso\/"},"author":{"name":"Sebastiano Plutino","@id":"https:\/\/progettotouring.it\/radiotouring104\/#\/schema\/person\/78613917f1851f041f7483f5af1d422e"},"headline":"Pentimele: ultimati i muri di contenimento per la strada di accesso","datePublished":"2024-06-27T10:48:40+00:00","dateModified":"2024-06-27T10:48:55+00:00","mainEntityOfPage":{"@id":"https:\/\/progettotouring.it\/radiotouring104\/2024\/06\/27\/pentimele-ultimati-i-muri-di-contenimento-per-la-strada-di-accesso\/"},"wordCount":228,"publisher":{"@id":"https:\/\/progettotouring.it\/radiotouring104\/#organization"},"image":{"@id":"https:\/\/progettotouring.it\/radiotouring104\/2024\/06\/27\/pentimele-ultimati-i-muri-di-contenimento-per-la-strada-di-accesso\/#primaryimage"},"thumbnailUrl":"https:\/\/progettotouring.it\/radiotouring104\/wp-content\/uploads\/sites\/6\/2024\/06\/muro-contenimento-collina-pentimele-strada.jpeg","keywords":["Collina di Pentimele","riempimento della sede stradale","strada di accesso","tappetino bituminoso","ultimati lavori muri di contenimento"],"articleSection":["Home","News","Reggio Calabria"],"inLanguage":"it-IT"},{"@type":"WebPage","@id":"https:\/\/progettotouring.it\/radiotouring104\/2024\/06\/27\/pentimele-ultimati-i-muri-di-contenimento-per-la-strada-di-accesso\/","url":"https:\/\/progettotouring.it\/radiotouring104\/2024\/06\/27\/pentimele-ultimati-i-muri-di-contenimento-per-la-strada-di-accesso\/","name":"Pentimele: ultimati i muri di contenimento per la strada di accesso","isPartOf":{"@id":"https:\/\/progettotouring.it\/radiotouring104\/#website"},"primaryImageOfPage":{"@id":"https:\/\/progettotouring.it\/radiotouring104\/2024\/06\/27\/pentimele-ultimati-i-muri-di-contenimento-per-la-strada-di-accesso\/#primaryimage"},"image":{"@id":"https:\/\/progettotouring.it\/radiotouring104\/2024\/06\/27\/pentimele-ultimati-i-muri-di-contenimento-per-la-strada-di-accesso\/#primaryimage"},"thumbnailUrl":"https:\/\/progettotouring.it\/radiotouring104\/wp-content\/uploads\/sites\/6\/2024\/06\/muro-contenimento-collina-pentimele-strada.jpeg","datePublished":"2024-06-27T10:48:40+00:00","dateModified":"2024-06-27T10:48:55+00:00","description":"Nei giorni seguenti comincer\u00e0 il riempimento della sede stradale ed infine la posa del sottostrato e del tappetino bituminoso","breadcrumb":{"@id":"https:\/\/progettotouring.it\/radiotouring104\/2024\/06\/27\/pentimele-ultimati-i-muri-di-contenimento-per-la-strada-di-accesso\/#breadcrumb"},"inLanguage":"it-IT","potentialAction":[{"@type":"ReadAction","target":["https:\/\/progettotouring.it\/radiotouring104\/2024\/06\/27\/pentimele-ultimati-i-muri-di-contenimento-per-la-strada-di-accesso\/"]}]},{"@type":"ImageObject","inLanguage":"it-IT","@id":"https:\/\/progettotouring.it\/radiotouring104\/2024\/06\/27\/pentimele-ultimati-i-muri-di-contenimento-per-la-strada-di-accesso\/#primaryimage","url":"https:\/\/progettotouring.it\/radiotouring104\/wp-content\/uploads\/sites\/6\/2024\/06\/muro-contenimento-collina-pentimele-strada.jpeg","contentUrl":"https:\/\/progettotouring.it\/radiotouring104\/wp-content\/uploads\/sites\/6\/2024\/06\/muro-contenimento-collina-pentimele-strada.jpeg","width":2000,"height":1126},{"@type":"BreadcrumbList","@id":"https:\/\/progettotouring.it\/radiotouring104\/2024\/06\/27\/pentimele-ultimati-i-muri-di-contenimento-per-la-strada-di-accesso\/#breadcrumb","itemListElement":[{"@type":"ListItem","position":1,"name":"Home","item":"https:\/\/progettotouring.it\/radiotouring104\/"},{"@type":"ListItem","position":2,"name":"Pentimele: ultimati i muri di contenimento per la strada di accesso"}]},{"@type":"WebSite","@id":"https:\/\/progettotouring.it\/radiotouring104\/#website","url":"https:\/\/progettotouring.it\/radiotouring104\/","name":"Radio Touring 104","description":"La prima radio Reggina","publisher":{"@id":"https:\/\/progettotouring.it\/radiotouring104\/#organization"},"potentialAction":[{"@type":"SearchAction","target":{"@type":"EntryPoint","urlTemplate":"https:\/\/progettotouring.it\/radiotouring104\/?s={search_term_string}"},"query-input":{"@type":"PropertyValueSpecification","valueRequired":true,"valueName":"search_term_string"}}],"inLanguage":"it-IT"},{"@type":"Organization","@id":"https:\/\/progettotouring.it\/radiotouring104\/#organization","name":"Radio Touring 104","url":"https:\/\/progettotouring.it\/radiotouring104\/","logo":{"@type":"ImageObject","inLanguage":"it-IT","@id":"https:\/\/progettotouring.it\/radiotouring104\/#\/schema\/logo\/image\/","url":"https:\/\/progettotouring.it\/radiotouring104\/wp-content\/uploads\/sites\/6\/2022\/02\/cropped-logo-radio-touring-104.png","contentUrl":"https:\/\/progettotouring.it\/radiotouring104\/wp-content\/uploads\/sites\/6\/2022\/02\/cropped-logo-radio-touring-104.png","width":377,"height":182,"caption":"Radio Touring 104"},"image":{"@id":"https:\/\/progettotouring.it\/radiotouring104\/#\/schema\/logo\/image\/"}},{"@type":"Person","@id":"https:\/\/progettotouring.it\/radiotouring104\/#\/schema\/person\/78613917f1851f041f7483f5af1d422e","name":"Sebastiano Plutino","image":{"@type":"ImageObject","inLanguage":"it-IT","@id":"https:\/\/secure.gravatar.com\/avatar\/0546ffaa9b79224faf9f2a156b67a529ae861d3287c66c1d8ccfdf909bcba78d?s=96&d=mm&r=g","url":"https:\/\/secure.gravatar.com\/avatar\/0546ffaa9b79224faf9f2a156b67a529ae861d3287c66c1d8ccfdf909bcba78d?s=96&d=mm&r=g","contentUrl":"https:\/\/secure.gravatar.com\/avatar\/0546ffaa9b79224faf9f2a156b67a529ae861d3287c66c1d8ccfdf909bcba78d?s=96&d=mm&r=g","caption":"Sebastiano Plutino"},"url":"https:\/\/progettotouring.it\/radiotouring104\/author\/sebastiano\/"}]}},"jetpack_publicize_connections":[],"jetpack_featured_media_url":"https:\/\/progettotouring.it\/radiotouring104\/wp-content\/uploads\/sites\/6\/2024\/06\/muro-contenimento-collina-pentimele-strada.jpeg","jetpack_sharing_enabled":true,"_links":{"self":[{"href":"https:\/\/progettotouring.it\/radiotouring104\/wp-json\/wp\/v2\/posts\/54110","targetHints":{"allow":["GET"]}}],"collection":[{"href":"https:\/\/progettotouring.it\/radiotouring104\/wp-json\/wp\/v2\/posts"}],"about":[{"href":"https:\/\/progettotouring.it\/radiotouring104\/wp-json\/wp\/v2\/types\/post"}],"author":[{"embeddable":true,"href":"https:\/\/progettotouring.it\/radiotouring104\/wp-json\/wp\/v2\/users\/12"}],"replies":[{"embeddable":true,"href":"https:\/\/progettotouring.it\/radiotouring104\/wp-json\/wp\/v2\/comments?post=54110"}],"version-history":[{"count":2,"href":"https:\/\/progettotouring.it\/radiotouring104\/wp-json\/wp\/v2\/posts\/54110\/revisions"}],"predecessor-version":[{"id":54113,"href":"https:\/\/progettotouring.it\/radiotouring104\/wp-json\/wp\/v2\/posts\/54110\/revisions\/54113"}],"wp:featuredmedia":[{"embeddable":true,"href":"https:\/\/progettotouring.it\/radiotouring104\/wp-json\/wp\/v2\/media\/54111"}],"wp:attachment":[{"href":"https:\/\/progettotouring.it\/radiotouring104\/wp-json\/wp\/v2\/media?parent=54110"}],"wp:term":[{"taxonomy":"category","embeddable":true,"href":"https:\/\/progettotouring.it\/radiotouring104\/wp-json\/wp\/v2\/categories?post=54110"},{"taxonomy":"post_tag","embeddable":true,"href":"https:\/\/progettotouring.it\/radiotouring104\/wp-json\/wp\/v2\/tags?post=54110"}],"curies":[{"name":"wp","href":"https:\/\/api.w.org\/{rel}","templated":true}]}}