{"id":54123,"date":"2024-06-28T09:23:34","date_gmt":"2024-06-28T07:23:34","guid":{"rendered":"https:\/\/progettotouring.it\/radiotouring104\/?p=54123"},"modified":"2024-06-28T09:23:34","modified_gmt":"2024-06-28T07:23:34","slug":"oppido-mamertina-si-insedia-il-consiglio-comunale","status":"publish","type":"post","link":"https:\/\/progettotouring.it\/radiotouring104\/2024\/06\/28\/oppido-mamertina-si-insedia-il-consiglio-comunale\/","title":{"rendered":"Oppido Mamertina: si insedia il Consiglio Comunale"},"content":{"rendered":"<div style=\"text-align: justify\"><strong>Il sindaco<\/strong> metropolitano <strong>Giuseppe Falcomat\u00e0 ed il vicesindaco<\/strong> <strong>Carmelo Versace hanno preso parte alla seduta di insediamento del nuovo consiglio comunale di Oppido Mamertina<\/strong>,<strong> guidato dal neoeletto sindaco Giuseppe Morizzi<\/strong> che, contestualmente, ha nominato la propria giunta.<\/div>\n<div style=\"text-align: justify\"><\/div>\n<div style=\"text-align: justify\">Alla prima seduta del consiglio comunale oppidese<strong> hanno preso parte diverse autorit\u00e0 territorial<\/strong>i, tra le quali i consiglieri regionali <strong>Giovanni Muraca, Giuseppe Mattiani e Salvatore Cirillo, oltre a numerosi sindaci<\/strong> del territorio della piana di Gioia Tauro<\/p>\n<p><em>\u00abSono molto contento ed onorato di aver ricevuto l\u2019invito a prendere parte a questa assise. Pertanto, saluto il sindaco Morizzi e tutta l\u2019amministrazione, il presidente del consiglio, i consiglieri comunali e gli altri candidati sindaco Margherita Mezzeo e Bruno Barillaro\u00bb.<\/em> <strong>Cos\u00ec, il sindaco Falcomat\u00e0 nel sottolineare <\/strong>\u00abl\u2019emozione letta sul volto e nelle parole del sindaco Morizzi all\u2019atto della lettura della formula di giuramento\u00bb. <em>\u00abQuesto<\/em> &#8211;<strong> ha affermato &#8211;<\/strong><em> \u00e8 un segnale molto importante perch\u00e9, dove fosse necessario, \u00e8 la conferma di quanto la politica sia passione, sacrificio, trasporto per una comunit\u00e0 nell\u2019accezione classica del termine \u201cpolitica\u201d che significa, appunto, impegno per la p\u00f3lis, per la collettivit\u00e0\u00bb.<\/em><\/div>\n<div style=\"text-align: justify\"><em>\u00abCaro sindaco<\/em> \u2013 <strong>ha detto Falcomat\u00e0 rivolgendosi a Morizzi<\/strong> <em>&#8211; questa fascia ti d\u00e0 la grande responsabilit\u00e0 di essere il primo e l\u2019ultimo dei cittadini. Da domani, la comunit\u00e0 vorr\u00e0 le risposte per le quali ti ha dato fiducia. E questa \u00e8 una comunit\u00e0 viva che ha espresso ben tre candidati sindaco alle ultime elezioni, a voler significare come l\u2019esercizio democratico, in un momento storico di scarsa affezione alla politica ed affluenza alle urne, segna come Oppido Mamertina cammini in controtendenza\u00bb.<\/em><\/div>\n<div style=\"text-align: justify\"><\/div>\n<div style=\"text-align: justify\">\u00abCredo sia un merito di tutti voi \u2013 ha continuato Giuseppe Falcomat\u00e0 &#8211; di quanto bene i rappresentati politici abbiano sempre fatto per stimolare una partecipazione cos\u00ec importante che non va perduta, ma sostenuta. Il nostro compito, come Citt\u00e0 Metropolitana, \u00e8 quello di continuare a stare vicino alla comunit\u00e0 di Oppido Mamertina. Lo abbiamo fatto in questi anni con segni tangibili del nostro impegno e, soltanto qualche settimana fa, insieme al vicesindaco Versace, siamo venuti a consegnare i lavori di alcune strutture sportive. Continueremo a farlo\u00bb. \u00abOppido Mamertina ed il suo sindaco \u2013 ha concluso Falcomat\u00e0 &#8211; non si devono sentire soli e, soprattutto, come istituzioni, dobbiamo lanciare un messaggio di vera e concreta solidariet\u00e0 e sinergia istituzionale, al di l\u00e0 delle idee di partito che ci possono dividere. Quando siamo rappresentanti di un territorio, abbiamo il dovere e l\u2019obbligo morale di collaborare al servizio dei cittadini. Questo, oggi, lo confermiamo perch\u00e9 nessun uomo \u00e8 un\u2019isola, nessuno si salva da solo ed il patto istituzionale tra il Comune di Oppido, come con tutti i Comuni della Citt\u00e0 Metropolitana, e l\u2019Ente di Palazzo Alvaro \u00e8 un valore che continueremo ad onorare anche in questa consiliatura\u00bb.<\/p>\n<p><strong>Il vicesindaco metropolitano, Carmelo Versace, si \u00e8 detto<\/strong> \u00ab<em>orgoglioso di essere presente in quella che pu\u00f2 considerarsi un\u2019occasione ghiotta per avere, dai tanti consiglieri regionali presenti, l\u2019assunzione di un impegno forte affinch\u00e9 Oppido Mamertina possa riappropriarsi dell\u2019Ospedale che le \u00e8 stato rubato\u00bb.\u00a0\u00abNon ho dubbi \u2013<\/em><strong> ha proseguito \u2013<\/strong><em> che i consiglieri regionali si spenderanno al massimo affinch\u00e9 il presidio possa tornare a vivere in questa comunit\u00e0 che da tanto, troppo, tempo aspetta la conclusione di una battaglia che \u00e8 stata di tutti. Ringrazio, quindi, il sindaco Giuseppe Falcomat\u00e0 che non ha mai fatto mancare il proprio sostegno alla comunit\u00e0 di Oppido, al di l\u00e0 di ogni possibile steccato ideologico e politico. Ecco, nei confronti di questa splendida comunit\u00e0, mi aspetto un rispetto identico anche da parte di una classe dirigente regionale perch\u00e9 fornisca le giuste risposte che i cittadini di Oppido Mamertina meritano\u00bb.<\/em><\/p>\n<div><\/div>\n<\/div>\n","protected":false},"excerpt":{"rendered":"<p>Il sindaco metropolitano Giuseppe Falcomat\u00e0 ed il vicesindaco Carmelo Versace hanno preso parte alla seduta di insediamento del nuovo consiglio comunale di Oppido Mamertina, guidato dal neoeletto sindaco Giuseppe Morizzi&hellip;<\/p>\n","protected":false},"author":12,"featured_media":54124,"comment_status":"closed","ping_status":"open","sticky":false,"template":"","format":"standard","meta":{"_jetpack_memberships_contains_paid_content":false,"footnotes":"","jetpack_publicize_message":"","jetpack_publicize_feature_enabled":true,"jetpack_social_post_already_shared":false,"jetpack_social_options":{"image_generator_settings":{"template":"highway","default_image_id":0,"font":"","enabled":false},"version":2}},"categories":[921,196,140],"tags":[239,30465,33236,33235],"class_list":["post-54123","post","type-post","status-publish","format-standard","has-post-thumbnail","hentry","category-home","category-news","category-reggio-calabria","tag-carmelo-versace","tag-falcomata-giuseppe","tag-insediato-consiglio-comunale-oppiido","tag-sindaco-oppido-giuseppe-morizzi"],"yoast_head":"<!-- This site is optimized with the Yoast SEO plugin v27.2 - https:\/\/yoast.com\/product\/yoast-seo-wordpress\/ -->\n<title>Oppido Mamertina: si insedia il Consiglio Comunale - Radio Touring 104<\/title>\n<meta name=\"description\" content=\"&quot;La Metrocity \u00e8 stata e sar\u00e0 a fianco di questo territorio&quot;, dichiara Il Sindaco e Vicesindaco Falcomat\u00e0 e Versace presenti alla seduta\" \/>\n<meta name=\"robots\" content=\"index, follow, max-snippet:-1, max-image-preview:large, max-video-preview:-1\" \/>\n<link rel=\"canonical\" href=\"https:\/\/progettotouring.it\/radiotouring104\/2024\/06\/28\/oppido-mamertina-si-insedia-il-consiglio-comunale\/\" \/>\n<meta property=\"og:locale\" content=\"it_IT\" \/>\n<meta property=\"og:type\" content=\"article\" \/>\n<meta property=\"og:title\" content=\"Oppido Mamertina: si insedia il Consiglio Comunale - Radio Touring 104\" \/>\n<meta property=\"og:description\" content=\"&quot;La Metrocity \u00e8 stata e sar\u00e0 a fianco di questo territorio&quot;, dichiara Il Sindaco e Vicesindaco Falcomat\u00e0 e Versace presenti alla seduta\" \/>\n<meta property=\"og:url\" content=\"https:\/\/progettotouring.it\/radiotouring104\/2024\/06\/28\/oppido-mamertina-si-insedia-il-consiglio-comunale\/\" \/>\n<meta property=\"og:site_name\" content=\"Radio Touring 104\" \/>\n<meta property=\"article:published_time\" content=\"2024-06-28T07:23:34+00:00\" \/>\n<meta property=\"og:image\" content=\"https:\/\/progettotouring.it\/radiotouring104\/wp-content\/uploads\/sites\/6\/2024\/06\/oppido-consiglio-1.jpeg\" \/>\n\t<meta property=\"og:image:width\" content=\"1600\" \/>\n\t<meta property=\"og:image:height\" content=\"1200\" \/>\n\t<meta property=\"og:image:type\" content=\"image\/jpeg\" \/>\n<meta name=\"author\" content=\"Sebastiano Plutino\" \/>\n<meta name=\"twitter:card\" content=\"summary_large_image\" \/>\n<meta name=\"twitter:label1\" content=\"Scritto da\" \/>\n\t<meta name=\"twitter:data1\" content=\"Sebastiano Plutino\" \/>\n\t<meta name=\"twitter:label2\" content=\"Tempo di lettura stimato\" \/>\n\t<meta name=\"twitter:data2\" content=\"3 minuti\" \/>\n<script type=\"application\/ld+json\" class=\"yoast-schema-graph\">{\"@context\":\"https:\/\/schema.org\",\"@graph\":[{\"@type\":\"Article\",\"@id\":\"https:\/\/progettotouring.it\/radiotouring104\/2024\/06\/28\/oppido-mamertina-si-insedia-il-consiglio-comunale\/#article\",\"isPartOf\":{\"@id\":\"https:\/\/progettotouring.it\/radiotouring104\/2024\/06\/28\/oppido-mamertina-si-insedia-il-consiglio-comunale\/\"},\"author\":{\"name\":\"Sebastiano Plutino\",\"@id\":\"https:\/\/progettotouring.it\/radiotouring104\/#\/schema\/person\/78613917f1851f041f7483f5af1d422e\"},\"headline\":\"Oppido Mamertina: si insedia il Consiglio Comunale\",\"datePublished\":\"2024-06-28T07:23:34+00:00\",\"mainEntityOfPage\":{\"@id\":\"https:\/\/progettotouring.it\/radiotouring104\/2024\/06\/28\/oppido-mamertina-si-insedia-il-consiglio-comunale\/\"},\"wordCount\":606,\"publisher\":{\"@id\":\"https:\/\/progettotouring.it\/radiotouring104\/#organization\"},\"image\":{\"@id\":\"https:\/\/progettotouring.it\/radiotouring104\/2024\/06\/28\/oppido-mamertina-si-insedia-il-consiglio-comunale\/#primaryimage\"},\"thumbnailUrl\":\"https:\/\/progettotouring.it\/radiotouring104\/wp-content\/uploads\/sites\/6\/2024\/06\/oppido-consiglio-1.jpeg\",\"keywords\":[\"carmelo versace\",\"Falcomat\u00e0 Giuseppe\",\"insediato Consiglio Comunale Oppiido\",\"sindaco Oppido Giuseppe Morizzi\"],\"articleSection\":[\"Home\",\"News\",\"Reggio Calabria\"],\"inLanguage\":\"it-IT\"},{\"@type\":\"WebPage\",\"@id\":\"https:\/\/progettotouring.it\/radiotouring104\/2024\/06\/28\/oppido-mamertina-si-insedia-il-consiglio-comunale\/\",\"url\":\"https:\/\/progettotouring.it\/radiotouring104\/2024\/06\/28\/oppido-mamertina-si-insedia-il-consiglio-comunale\/\",\"name\":\"Oppido Mamertina: si insedia il Consiglio Comunale - Radio Touring 104\",\"isPartOf\":{\"@id\":\"https:\/\/progettotouring.it\/radiotouring104\/#website\"},\"primaryImageOfPage\":{\"@id\":\"https:\/\/progettotouring.it\/radiotouring104\/2024\/06\/28\/oppido-mamertina-si-insedia-il-consiglio-comunale\/#primaryimage\"},\"image\":{\"@id\":\"https:\/\/progettotouring.it\/radiotouring104\/2024\/06\/28\/oppido-mamertina-si-insedia-il-consiglio-comunale\/#primaryimage\"},\"thumbnailUrl\":\"https:\/\/progettotouring.it\/radiotouring104\/wp-content\/uploads\/sites\/6\/2024\/06\/oppido-consiglio-1.jpeg\",\"datePublished\":\"2024-06-28T07:23:34+00:00\",\"description\":\"\\\"La Metrocity \u00e8 stata e sar\u00e0 a fianco di questo territorio\\\", dichiara Il Sindaco e Vicesindaco Falcomat\u00e0 e Versace presenti alla seduta\",\"breadcrumb\":{\"@id\":\"https:\/\/progettotouring.it\/radiotouring104\/2024\/06\/28\/oppido-mamertina-si-insedia-il-consiglio-comunale\/#breadcrumb\"},\"inLanguage\":\"it-IT\",\"potentialAction\":[{\"@type\":\"ReadAction\",\"target\":[\"https:\/\/progettotouring.it\/radiotouring104\/2024\/06\/28\/oppido-mamertina-si-insedia-il-consiglio-comunale\/\"]}]},{\"@type\":\"ImageObject\",\"inLanguage\":\"it-IT\",\"@id\":\"https:\/\/progettotouring.it\/radiotouring104\/2024\/06\/28\/oppido-mamertina-si-insedia-il-consiglio-comunale\/#primaryimage\",\"url\":\"https:\/\/progettotouring.it\/radiotouring104\/wp-content\/uploads\/sites\/6\/2024\/06\/oppido-consiglio-1.jpeg\",\"contentUrl\":\"https:\/\/progettotouring.it\/radiotouring104\/wp-content\/uploads\/sites\/6\/2024\/06\/oppido-consiglio-1.jpeg\",\"width\":1600,\"height\":1200},{\"@type\":\"BreadcrumbList\",\"@id\":\"https:\/\/progettotouring.it\/radiotouring104\/2024\/06\/28\/oppido-mamertina-si-insedia-il-consiglio-comunale\/#breadcrumb\",\"itemListElement\":[{\"@type\":\"ListItem\",\"position\":1,\"name\":\"Home\",\"item\":\"https:\/\/progettotouring.it\/radiotouring104\/\"},{\"@type\":\"ListItem\",\"position\":2,\"name\":\"Oppido Mamertina: si insedia il Consiglio Comunale\"}]},{\"@type\":\"WebSite\",\"@id\":\"https:\/\/progettotouring.it\/radiotouring104\/#website\",\"url\":\"https:\/\/progettotouring.it\/radiotouring104\/\",\"name\":\"Radio Touring 104\",\"description\":\"La prima radio Reggina\",\"publisher\":{\"@id\":\"https:\/\/progettotouring.it\/radiotouring104\/#organization\"},\"potentialAction\":[{\"@type\":\"SearchAction\",\"target\":{\"@type\":\"EntryPoint\",\"urlTemplate\":\"https:\/\/progettotouring.it\/radiotouring104\/?s={search_term_string}\"},\"query-input\":{\"@type\":\"PropertyValueSpecification\",\"valueRequired\":true,\"valueName\":\"search_term_string\"}}],\"inLanguage\":\"it-IT\"},{\"@type\":\"Organization\",\"@id\":\"https:\/\/progettotouring.it\/radiotouring104\/#organization\",\"name\":\"Radio Touring 104\",\"url\":\"https:\/\/progettotouring.it\/radiotouring104\/\",\"logo\":{\"@type\":\"ImageObject\",\"inLanguage\":\"it-IT\",\"@id\":\"https:\/\/progettotouring.it\/radiotouring104\/#\/schema\/logo\/image\/\",\"url\":\"https:\/\/progettotouring.it\/radiotouring104\/wp-content\/uploads\/sites\/6\/2022\/02\/cropped-logo-radio-touring-104.png\",\"contentUrl\":\"https:\/\/progettotouring.it\/radiotouring104\/wp-content\/uploads\/sites\/6\/2022\/02\/cropped-logo-radio-touring-104.png\",\"width\":377,\"height\":182,\"caption\":\"Radio Touring 104\"},\"image\":{\"@id\":\"https:\/\/progettotouring.it\/radiotouring104\/#\/schema\/logo\/image\/\"}},{\"@type\":\"Person\",\"@id\":\"https:\/\/progettotouring.it\/radiotouring104\/#\/schema\/person\/78613917f1851f041f7483f5af1d422e\",\"name\":\"Sebastiano Plutino\",\"image\":{\"@type\":\"ImageObject\",\"inLanguage\":\"it-IT\",\"@id\":\"https:\/\/secure.gravatar.com\/avatar\/0546ffaa9b79224faf9f2a156b67a529ae861d3287c66c1d8ccfdf909bcba78d?s=96&d=mm&r=g\",\"url\":\"https:\/\/secure.gravatar.com\/avatar\/0546ffaa9b79224faf9f2a156b67a529ae861d3287c66c1d8ccfdf909bcba78d?s=96&d=mm&r=g\",\"contentUrl\":\"https:\/\/secure.gravatar.com\/avatar\/0546ffaa9b79224faf9f2a156b67a529ae861d3287c66c1d8ccfdf909bcba78d?s=96&d=mm&r=g\",\"caption\":\"Sebastiano Plutino\"},\"url\":\"https:\/\/progettotouring.it\/radiotouring104\/author\/sebastiano\/\"}]}<\/script>\n<!-- \/ Yoast SEO plugin. -->","yoast_head_json":{"title":"Oppido Mamertina: si insedia il Consiglio Comunale - Radio Touring 104","description":"\"La Metrocity \u00e8 stata e sar\u00e0 a fianco di questo territorio\", dichiara Il Sindaco e Vicesindaco Falcomat\u00e0 e Versace presenti alla seduta","robots":{"index":"index","follow":"follow","max-snippet":"max-snippet:-1","max-image-preview":"max-image-preview:large","max-video-preview":"max-video-preview:-1"},"canonical":"https:\/\/progettotouring.it\/radiotouring104\/2024\/06\/28\/oppido-mamertina-si-insedia-il-consiglio-comunale\/","og_locale":"it_IT","og_type":"article","og_title":"Oppido Mamertina: si insedia il Consiglio Comunale - Radio Touring 104","og_description":"\"La Metrocity \u00e8 stata e sar\u00e0 a fianco di questo territorio\", dichiara Il Sindaco e Vicesindaco Falcomat\u00e0 e Versace presenti alla seduta","og_url":"https:\/\/progettotouring.it\/radiotouring104\/2024\/06\/28\/oppido-mamertina-si-insedia-il-consiglio-comunale\/","og_site_name":"Radio Touring 104","article_published_time":"2024-06-28T07:23:34+00:00","og_image":[{"width":1600,"height":1200,"url":"https:\/\/progettotouring.it\/radiotouring104\/wp-content\/uploads\/sites\/6\/2024\/06\/oppido-consiglio-1.jpeg","type":"image\/jpeg"}],"author":"Sebastiano Plutino","twitter_card":"summary_large_image","twitter_misc":{"Scritto da":"Sebastiano Plutino","Tempo di lettura stimato":"3 minuti"},"schema":{"@context":"https:\/\/schema.org","@graph":[{"@type":"Article","@id":"https:\/\/progettotouring.it\/radiotouring104\/2024\/06\/28\/oppido-mamertina-si-insedia-il-consiglio-comunale\/#article","isPartOf":{"@id":"https:\/\/progettotouring.it\/radiotouring104\/2024\/06\/28\/oppido-mamertina-si-insedia-il-consiglio-comunale\/"},"author":{"name":"Sebastiano Plutino","@id":"https:\/\/progettotouring.it\/radiotouring104\/#\/schema\/person\/78613917f1851f041f7483f5af1d422e"},"headline":"Oppido Mamertina: si insedia il Consiglio Comunale","datePublished":"2024-06-28T07:23:34+00:00","mainEntityOfPage":{"@id":"https:\/\/progettotouring.it\/radiotouring104\/2024\/06\/28\/oppido-mamertina-si-insedia-il-consiglio-comunale\/"},"wordCount":606,"publisher":{"@id":"https:\/\/progettotouring.it\/radiotouring104\/#organization"},"image":{"@id":"https:\/\/progettotouring.it\/radiotouring104\/2024\/06\/28\/oppido-mamertina-si-insedia-il-consiglio-comunale\/#primaryimage"},"thumbnailUrl":"https:\/\/progettotouring.it\/radiotouring104\/wp-content\/uploads\/sites\/6\/2024\/06\/oppido-consiglio-1.jpeg","keywords":["carmelo versace","Falcomat\u00e0 Giuseppe","insediato Consiglio Comunale Oppiido","sindaco Oppido Giuseppe Morizzi"],"articleSection":["Home","News","Reggio Calabria"],"inLanguage":"it-IT"},{"@type":"WebPage","@id":"https:\/\/progettotouring.it\/radiotouring104\/2024\/06\/28\/oppido-mamertina-si-insedia-il-consiglio-comunale\/","url":"https:\/\/progettotouring.it\/radiotouring104\/2024\/06\/28\/oppido-mamertina-si-insedia-il-consiglio-comunale\/","name":"Oppido Mamertina: si insedia il Consiglio Comunale - Radio Touring 104","isPartOf":{"@id":"https:\/\/progettotouring.it\/radiotouring104\/#website"},"primaryImageOfPage":{"@id":"https:\/\/progettotouring.it\/radiotouring104\/2024\/06\/28\/oppido-mamertina-si-insedia-il-consiglio-comunale\/#primaryimage"},"image":{"@id":"https:\/\/progettotouring.it\/radiotouring104\/2024\/06\/28\/oppido-mamertina-si-insedia-il-consiglio-comunale\/#primaryimage"},"thumbnailUrl":"https:\/\/progettotouring.it\/radiotouring104\/wp-content\/uploads\/sites\/6\/2024\/06\/oppido-consiglio-1.jpeg","datePublished":"2024-06-28T07:23:34+00:00","description":"\"La Metrocity \u00e8 stata e sar\u00e0 a fianco di questo territorio\", dichiara Il Sindaco e Vicesindaco Falcomat\u00e0 e Versace presenti alla seduta","breadcrumb":{"@id":"https:\/\/progettotouring.it\/radiotouring104\/2024\/06\/28\/oppido-mamertina-si-insedia-il-consiglio-comunale\/#breadcrumb"},"inLanguage":"it-IT","potentialAction":[{"@type":"ReadAction","target":["https:\/\/progettotouring.it\/radiotouring104\/2024\/06\/28\/oppido-mamertina-si-insedia-il-consiglio-comunale\/"]}]},{"@type":"ImageObject","inLanguage":"it-IT","@id":"https:\/\/progettotouring.it\/radiotouring104\/2024\/06\/28\/oppido-mamertina-si-insedia-il-consiglio-comunale\/#primaryimage","url":"https:\/\/progettotouring.it\/radiotouring104\/wp-content\/uploads\/sites\/6\/2024\/06\/oppido-consiglio-1.jpeg","contentUrl":"https:\/\/progettotouring.it\/radiotouring104\/wp-content\/uploads\/sites\/6\/2024\/06\/oppido-consiglio-1.jpeg","width":1600,"height":1200},{"@type":"BreadcrumbList","@id":"https:\/\/progettotouring.it\/radiotouring104\/2024\/06\/28\/oppido-mamertina-si-insedia-il-consiglio-comunale\/#breadcrumb","itemListElement":[{"@type":"ListItem","position":1,"name":"Home","item":"https:\/\/progettotouring.it\/radiotouring104\/"},{"@type":"ListItem","position":2,"name":"Oppido Mamertina: si insedia il Consiglio Comunale"}]},{"@type":"WebSite","@id":"https:\/\/progettotouring.it\/radiotouring104\/#website","url":"https:\/\/progettotouring.it\/radiotouring104\/","name":"Radio Touring 104","description":"La prima radio Reggina","publisher":{"@id":"https:\/\/progettotouring.it\/radiotouring104\/#organization"},"potentialAction":[{"@type":"SearchAction","target":{"@type":"EntryPoint","urlTemplate":"https:\/\/progettotouring.it\/radiotouring104\/?s={search_term_string}"},"query-input":{"@type":"PropertyValueSpecification","valueRequired":true,"valueName":"search_term_string"}}],"inLanguage":"it-IT"},{"@type":"Organization","@id":"https:\/\/progettotouring.it\/radiotouring104\/#organization","name":"Radio Touring 104","url":"https:\/\/progettotouring.it\/radiotouring104\/","logo":{"@type":"ImageObject","inLanguage":"it-IT","@id":"https:\/\/progettotouring.it\/radiotouring104\/#\/schema\/logo\/image\/","url":"https:\/\/progettotouring.it\/radiotouring104\/wp-content\/uploads\/sites\/6\/2022\/02\/cropped-logo-radio-touring-104.png","contentUrl":"https:\/\/progettotouring.it\/radiotouring104\/wp-content\/uploads\/sites\/6\/2022\/02\/cropped-logo-radio-touring-104.png","width":377,"height":182,"caption":"Radio Touring 104"},"image":{"@id":"https:\/\/progettotouring.it\/radiotouring104\/#\/schema\/logo\/image\/"}},{"@type":"Person","@id":"https:\/\/progettotouring.it\/radiotouring104\/#\/schema\/person\/78613917f1851f041f7483f5af1d422e","name":"Sebastiano Plutino","image":{"@type":"ImageObject","inLanguage":"it-IT","@id":"https:\/\/secure.gravatar.com\/avatar\/0546ffaa9b79224faf9f2a156b67a529ae861d3287c66c1d8ccfdf909bcba78d?s=96&d=mm&r=g","url":"https:\/\/secure.gravatar.com\/avatar\/0546ffaa9b79224faf9f2a156b67a529ae861d3287c66c1d8ccfdf909bcba78d?s=96&d=mm&r=g","contentUrl":"https:\/\/secure.gravatar.com\/avatar\/0546ffaa9b79224faf9f2a156b67a529ae861d3287c66c1d8ccfdf909bcba78d?s=96&d=mm&r=g","caption":"Sebastiano Plutino"},"url":"https:\/\/progettotouring.it\/radiotouring104\/author\/sebastiano\/"}]}},"jetpack_publicize_connections":[],"jetpack_featured_media_url":"https:\/\/progettotouring.it\/radiotouring104\/wp-content\/uploads\/sites\/6\/2024\/06\/oppido-consiglio-1.jpeg","jetpack_sharing_enabled":true,"_links":{"self":[{"href":"https:\/\/progettotouring.it\/radiotouring104\/wp-json\/wp\/v2\/posts\/54123","targetHints":{"allow":["GET"]}}],"collection":[{"href":"https:\/\/progettotouring.it\/radiotouring104\/wp-json\/wp\/v2\/posts"}],"about":[{"href":"https:\/\/progettotouring.it\/radiotouring104\/wp-json\/wp\/v2\/types\/post"}],"author":[{"embeddable":true,"href":"https:\/\/progettotouring.it\/radiotouring104\/wp-json\/wp\/v2\/users\/12"}],"replies":[{"embeddable":true,"href":"https:\/\/progettotouring.it\/radiotouring104\/wp-json\/wp\/v2\/comments?post=54123"}],"version-history":[{"count":1,"href":"https:\/\/progettotouring.it\/radiotouring104\/wp-json\/wp\/v2\/posts\/54123\/revisions"}],"predecessor-version":[{"id":54125,"href":"https:\/\/progettotouring.it\/radiotouring104\/wp-json\/wp\/v2\/posts\/54123\/revisions\/54125"}],"wp:featuredmedia":[{"embeddable":true,"href":"https:\/\/progettotouring.it\/radiotouring104\/wp-json\/wp\/v2\/media\/54124"}],"wp:attachment":[{"href":"https:\/\/progettotouring.it\/radiotouring104\/wp-json\/wp\/v2\/media?parent=54123"}],"wp:term":[{"taxonomy":"category","embeddable":true,"href":"https:\/\/progettotouring.it\/radiotouring104\/wp-json\/wp\/v2\/categories?post=54123"},{"taxonomy":"post_tag","embeddable":true,"href":"https:\/\/progettotouring.it\/radiotouring104\/wp-json\/wp\/v2\/tags?post=54123"}],"curies":[{"name":"wp","href":"https:\/\/api.w.org\/{rel}","templated":true}]}}