{"id":55461,"date":"2024-07-20T21:11:18","date_gmt":"2024-07-20T19:11:18","guid":{"rendered":"https:\/\/progettotouring.it\/radiotouring104\/?p=55461"},"modified":"2024-07-20T21:11:18","modified_gmt":"2024-07-20T19:11:18","slug":"melito-porto-salvo-le-lodi-a-caterina-capponi","status":"publish","type":"post","link":"https:\/\/progettotouring.it\/radiotouring104\/2024\/07\/20\/melito-porto-salvo-le-lodi-a-caterina-capponi\/","title":{"rendered":"Melito Porto Salvo: le lodi a Caterina Capponi"},"content":{"rendered":"<p style=\"text-align: justify\">A pochi giorni dalla nomina in qualit\u00e0\u00a0di Assessore Regionale della Professoressa<strong> Caterina Capponi<\/strong> in seno alla Giunta Regionale della Calabria, l&#8217;Amministrazione comunale di Melito Porto Salvo, a guida del <strong>Sindaco Salvatore Orlando,<\/strong> manifesta il proprio compiacimento per l&#8217;importante novit\u00e0 nel panorama politico calabrese. Lo fa attraverso un comunicato dove \u00e8 proprio il primo cittadino ad esprimere parole di stima nei confronti del neo assessore a Politiche sociali e sport: <em>&#8220;Conosco da tempo la professoressa Capponi con la quale ho avuto pi\u00f9 volte modo di interfacciarmi per diverse questioni. Al di l\u00e0 del sentimento di stima e amicizia che ci lega, sono fermamente convinto che abbia tutte le qualit\u00e0 per lavorare in modo determinato e proficuo per la Calabria e per il nostro territorio, avendo gi\u00e0 abbondante dimestichezza con le grane burocratiche e istituzionali del governo regionale, in quanto gi\u00e0\u00a0 membro di una importante commissione di vigilanza della Regione Calabria. <\/em><em>Conscio della sua intraprendenza, professionalit\u00e0 e garbo istituzionale, rivolgo all&#8217;Assessore Prof.ssa Caterina Capponi\u00a0 \u00a0i migliori auguri\u00a0 di un\u00a0 avvio entusiasmante dell&#8217;importante esperienza\u00a0 politica, che sono certo sar\u00e0 sempre e comunque improntata sui valori della lealt\u00e0 e dell&#8217;onest\u00e0 ma soprattutto sar\u00e0 spesa al servizio della collettivit\u00e0 e di quei settori cardine come le politiche sociali, i giovani e lo sport, che sono alla base di una convivenza civile evoluta e dignitosa.<\/em>&#8220;<\/p>\n<p style=\"text-align: justify\">Il medesimo tenore di compiacimento proviene dal Vicesindaco ed Assessore alle politiche sociali del medesimo Comune di <strong>Melito Porto Salvo,<\/strong>\u00a0 Dott.ssa Daniela Demetrio che esprime anche grande\u00a0 soddisfazione per l&#8221;attenzione riservata in seno alla Giunta Regionale al territorio Grecanico in generale e Melitese in particolare. Ed afferma<em>\u00a0 &#8220;Apprendere della nomina di un&#8217;insigne cittadina di questo comune al vertice esecutivo\u00a0 delle Politiche sociali regionali, mi fa comprendere che\u00a0 si \u00e8 sulla\u00a0 strada giusta per il perseguimento del riscatto di un\u00a0 territorio tradizionalmente\u00a0 considerato marginale e rappresenta concretamente un cambio di marcia verso una direzione\u00a0 in cui il cittadino viene finalmente posto al centro del dialogo e della programmazione politica. Sono certa che i risultati saranno presto tangibili, formulo\u00a0 alla prof.ssa Caterina Capponi i migliori auguri di buon lavoro.&#8221;\u00a0<\/em><\/p>\n","protected":false},"excerpt":{"rendered":"<p>A pochi giorni dalla nomina in qualit\u00e0\u00a0di Assessore Regionale della Professoressa Caterina Capponi in seno alla Giunta Regionale della Calabria, l&#8217;Amministrazione comunale di Melito Porto Salvo, a guida del Sindaco&hellip;<\/p>\n","protected":false},"author":8,"featured_media":55462,"comment_status":"closed","ping_status":"open","sticky":false,"template":"","format":"standard","meta":{"_jetpack_memberships_contains_paid_content":false,"footnotes":"","jetpack_publicize_message":"","jetpack_publicize_feature_enabled":true,"jetpack_social_post_already_shared":false,"jetpack_social_options":{"image_generator_settings":{"template":"highway","default_image_id":0,"font":"","enabled":false},"version":2}},"categories":[921,196,195,140],"tags":[3737,4760,4176],"class_list":["post-55461","post","type-post","status-publish","format-standard","has-post-thumbnail","hentry","category-home","category-news","category-politica","category-reggio-calabria","tag-caterina-capponi","tag-melito-porto-salvo","tag-salvatore-orlando"],"yoast_head":"<!-- This site is optimized with the Yoast SEO plugin v27.2 - https:\/\/yoast.com\/product\/yoast-seo-wordpress\/ -->\n<title>Melito Porto Salvo: le lodi a Caterina Capponi - Radio Touring 104<\/title>\n<meta name=\"description\" content=\"L&#039;Amministrazione comunale di Melito Porto Salvo, manifesta il proprio compiacimento per il lavoro svolto da Caterina Capponi\" \/>\n<meta name=\"robots\" content=\"index, follow, max-snippet:-1, max-image-preview:large, max-video-preview:-1\" \/>\n<link rel=\"canonical\" href=\"https:\/\/progettotouring.it\/radiotouring104\/2024\/07\/20\/melito-porto-salvo-le-lodi-a-caterina-capponi\/\" \/>\n<meta property=\"og:locale\" content=\"it_IT\" \/>\n<meta property=\"og:type\" content=\"article\" \/>\n<meta property=\"og:title\" content=\"Melito Porto Salvo: le lodi a Caterina Capponi - Radio Touring 104\" \/>\n<meta property=\"og:description\" content=\"L&#039;Amministrazione comunale di Melito Porto Salvo, manifesta il proprio compiacimento per il lavoro svolto da Caterina Capponi\" \/>\n<meta property=\"og:url\" content=\"https:\/\/progettotouring.it\/radiotouring104\/2024\/07\/20\/melito-porto-salvo-le-lodi-a-caterina-capponi\/\" \/>\n<meta property=\"og:site_name\" content=\"Radio Touring 104\" \/>\n<meta property=\"article:published_time\" content=\"2024-07-20T19:11:18+00:00\" \/>\n<meta property=\"og:image\" content=\"https:\/\/progettotouring.it\/radiotouring104\/wp-content\/uploads\/sites\/6\/2024\/07\/Caterina-Capponi.jpg\" \/>\n\t<meta property=\"og:image:width\" content=\"683\" \/>\n\t<meta property=\"og:image:height\" content=\"1024\" \/>\n\t<meta property=\"og:image:type\" content=\"image\/jpeg\" \/>\n<meta name=\"author\" content=\"Filippo Francesco Idone\" \/>\n<meta name=\"twitter:card\" content=\"summary_large_image\" \/>\n<meta name=\"twitter:label1\" content=\"Scritto da\" \/>\n\t<meta name=\"twitter:data1\" content=\"Filippo Francesco Idone\" \/>\n\t<meta name=\"twitter:label2\" content=\"Tempo di lettura stimato\" \/>\n\t<meta name=\"twitter:data2\" content=\"2 minuti\" \/>\n<script type=\"application\/ld+json\" class=\"yoast-schema-graph\">{\"@context\":\"https:\/\/schema.org\",\"@graph\":[{\"@type\":\"Article\",\"@id\":\"https:\/\/progettotouring.it\/radiotouring104\/2024\/07\/20\/melito-porto-salvo-le-lodi-a-caterina-capponi\/#article\",\"isPartOf\":{\"@id\":\"https:\/\/progettotouring.it\/radiotouring104\/2024\/07\/20\/melito-porto-salvo-le-lodi-a-caterina-capponi\/\"},\"author\":{\"name\":\"Filippo Francesco Idone\",\"@id\":\"https:\/\/progettotouring.it\/radiotouring104\/#\/schema\/person\/4a82259ca52ac8702ad1a8f9e5a3120b\"},\"headline\":\"Melito Porto Salvo: le lodi a Caterina Capponi\",\"datePublished\":\"2024-07-20T19:11:18+00:00\",\"mainEntityOfPage\":{\"@id\":\"https:\/\/progettotouring.it\/radiotouring104\/2024\/07\/20\/melito-porto-salvo-le-lodi-a-caterina-capponi\/\"},\"wordCount\":357,\"publisher\":{\"@id\":\"https:\/\/progettotouring.it\/radiotouring104\/#organization\"},\"image\":{\"@id\":\"https:\/\/progettotouring.it\/radiotouring104\/2024\/07\/20\/melito-porto-salvo-le-lodi-a-caterina-capponi\/#primaryimage\"},\"thumbnailUrl\":\"https:\/\/progettotouring.it\/radiotouring104\/wp-content\/uploads\/sites\/6\/2024\/07\/Caterina-Capponi.jpg\",\"keywords\":[\"Caterina Capponi\",\"melito porto salvo\",\"Salvatore Orlando\"],\"articleSection\":[\"Home\",\"News\",\"Politica\",\"Reggio Calabria\"],\"inLanguage\":\"it-IT\"},{\"@type\":\"WebPage\",\"@id\":\"https:\/\/progettotouring.it\/radiotouring104\/2024\/07\/20\/melito-porto-salvo-le-lodi-a-caterina-capponi\/\",\"url\":\"https:\/\/progettotouring.it\/radiotouring104\/2024\/07\/20\/melito-porto-salvo-le-lodi-a-caterina-capponi\/\",\"name\":\"Melito Porto Salvo: le lodi a Caterina Capponi - Radio Touring 104\",\"isPartOf\":{\"@id\":\"https:\/\/progettotouring.it\/radiotouring104\/#website\"},\"primaryImageOfPage\":{\"@id\":\"https:\/\/progettotouring.it\/radiotouring104\/2024\/07\/20\/melito-porto-salvo-le-lodi-a-caterina-capponi\/#primaryimage\"},\"image\":{\"@id\":\"https:\/\/progettotouring.it\/radiotouring104\/2024\/07\/20\/melito-porto-salvo-le-lodi-a-caterina-capponi\/#primaryimage\"},\"thumbnailUrl\":\"https:\/\/progettotouring.it\/radiotouring104\/wp-content\/uploads\/sites\/6\/2024\/07\/Caterina-Capponi.jpg\",\"datePublished\":\"2024-07-20T19:11:18+00:00\",\"description\":\"L'Amministrazione comunale di Melito Porto Salvo, manifesta il proprio compiacimento per il lavoro svolto da Caterina Capponi\",\"breadcrumb\":{\"@id\":\"https:\/\/progettotouring.it\/radiotouring104\/2024\/07\/20\/melito-porto-salvo-le-lodi-a-caterina-capponi\/#breadcrumb\"},\"inLanguage\":\"it-IT\",\"potentialAction\":[{\"@type\":\"ReadAction\",\"target\":[\"https:\/\/progettotouring.it\/radiotouring104\/2024\/07\/20\/melito-porto-salvo-le-lodi-a-caterina-capponi\/\"]}]},{\"@type\":\"ImageObject\",\"inLanguage\":\"it-IT\",\"@id\":\"https:\/\/progettotouring.it\/radiotouring104\/2024\/07\/20\/melito-porto-salvo-le-lodi-a-caterina-capponi\/#primaryimage\",\"url\":\"https:\/\/progettotouring.it\/radiotouring104\/wp-content\/uploads\/sites\/6\/2024\/07\/Caterina-Capponi.jpg\",\"contentUrl\":\"https:\/\/progettotouring.it\/radiotouring104\/wp-content\/uploads\/sites\/6\/2024\/07\/Caterina-Capponi.jpg\",\"width\":683,\"height\":1024},{\"@type\":\"BreadcrumbList\",\"@id\":\"https:\/\/progettotouring.it\/radiotouring104\/2024\/07\/20\/melito-porto-salvo-le-lodi-a-caterina-capponi\/#breadcrumb\",\"itemListElement\":[{\"@type\":\"ListItem\",\"position\":1,\"name\":\"Home\",\"item\":\"https:\/\/progettotouring.it\/radiotouring104\/\"},{\"@type\":\"ListItem\",\"position\":2,\"name\":\"Melito Porto Salvo: le lodi a Caterina Capponi\"}]},{\"@type\":\"WebSite\",\"@id\":\"https:\/\/progettotouring.it\/radiotouring104\/#website\",\"url\":\"https:\/\/progettotouring.it\/radiotouring104\/\",\"name\":\"Radio Touring 104\",\"description\":\"La prima radio Reggina\",\"publisher\":{\"@id\":\"https:\/\/progettotouring.it\/radiotouring104\/#organization\"},\"potentialAction\":[{\"@type\":\"SearchAction\",\"target\":{\"@type\":\"EntryPoint\",\"urlTemplate\":\"https:\/\/progettotouring.it\/radiotouring104\/?s={search_term_string}\"},\"query-input\":{\"@type\":\"PropertyValueSpecification\",\"valueRequired\":true,\"valueName\":\"search_term_string\"}}],\"inLanguage\":\"it-IT\"},{\"@type\":\"Organization\",\"@id\":\"https:\/\/progettotouring.it\/radiotouring104\/#organization\",\"name\":\"Radio Touring 104\",\"url\":\"https:\/\/progettotouring.it\/radiotouring104\/\",\"logo\":{\"@type\":\"ImageObject\",\"inLanguage\":\"it-IT\",\"@id\":\"https:\/\/progettotouring.it\/radiotouring104\/#\/schema\/logo\/image\/\",\"url\":\"https:\/\/progettotouring.it\/radiotouring104\/wp-content\/uploads\/sites\/6\/2022\/02\/cropped-logo-radio-touring-104.png\",\"contentUrl\":\"https:\/\/progettotouring.it\/radiotouring104\/wp-content\/uploads\/sites\/6\/2022\/02\/cropped-logo-radio-touring-104.png\",\"width\":377,\"height\":182,\"caption\":\"Radio Touring 104\"},\"image\":{\"@id\":\"https:\/\/progettotouring.it\/radiotouring104\/#\/schema\/logo\/image\/\"}},{\"@type\":\"Person\",\"@id\":\"https:\/\/progettotouring.it\/radiotouring104\/#\/schema\/person\/4a82259ca52ac8702ad1a8f9e5a3120b\",\"name\":\"Filippo Francesco Idone\",\"image\":{\"@type\":\"ImageObject\",\"inLanguage\":\"it-IT\",\"@id\":\"https:\/\/secure.gravatar.com\/avatar\/7268715d2366395c3dd314385670e6484117d44f5c442e61e230f7008b7b62d3?s=96&d=mm&r=g\",\"url\":\"https:\/\/secure.gravatar.com\/avatar\/7268715d2366395c3dd314385670e6484117d44f5c442e61e230f7008b7b62d3?s=96&d=mm&r=g\",\"contentUrl\":\"https:\/\/secure.gravatar.com\/avatar\/7268715d2366395c3dd314385670e6484117d44f5c442e61e230f7008b7b62d3?s=96&d=mm&r=g\",\"caption\":\"Filippo Francesco Idone\"},\"url\":\"https:\/\/progettotouring.it\/radiotouring104\/author\/filippoidone\/\"}]}<\/script>\n<!-- \/ Yoast SEO plugin. -->","yoast_head_json":{"title":"Melito Porto Salvo: le lodi a Caterina Capponi - Radio Touring 104","description":"L'Amministrazione comunale di Melito Porto Salvo, manifesta il proprio compiacimento per il lavoro svolto da Caterina Capponi","robots":{"index":"index","follow":"follow","max-snippet":"max-snippet:-1","max-image-preview":"max-image-preview:large","max-video-preview":"max-video-preview:-1"},"canonical":"https:\/\/progettotouring.it\/radiotouring104\/2024\/07\/20\/melito-porto-salvo-le-lodi-a-caterina-capponi\/","og_locale":"it_IT","og_type":"article","og_title":"Melito Porto Salvo: le lodi a Caterina Capponi - Radio Touring 104","og_description":"L'Amministrazione comunale di Melito Porto Salvo, manifesta il proprio compiacimento per il lavoro svolto da Caterina Capponi","og_url":"https:\/\/progettotouring.it\/radiotouring104\/2024\/07\/20\/melito-porto-salvo-le-lodi-a-caterina-capponi\/","og_site_name":"Radio Touring 104","article_published_time":"2024-07-20T19:11:18+00:00","og_image":[{"width":683,"height":1024,"url":"https:\/\/progettotouring.it\/radiotouring104\/wp-content\/uploads\/sites\/6\/2024\/07\/Caterina-Capponi.jpg","type":"image\/jpeg"}],"author":"Filippo Francesco Idone","twitter_card":"summary_large_image","twitter_misc":{"Scritto da":"Filippo Francesco Idone","Tempo di lettura stimato":"2 minuti"},"schema":{"@context":"https:\/\/schema.org","@graph":[{"@type":"Article","@id":"https:\/\/progettotouring.it\/radiotouring104\/2024\/07\/20\/melito-porto-salvo-le-lodi-a-caterina-capponi\/#article","isPartOf":{"@id":"https:\/\/progettotouring.it\/radiotouring104\/2024\/07\/20\/melito-porto-salvo-le-lodi-a-caterina-capponi\/"},"author":{"name":"Filippo Francesco Idone","@id":"https:\/\/progettotouring.it\/radiotouring104\/#\/schema\/person\/4a82259ca52ac8702ad1a8f9e5a3120b"},"headline":"Melito Porto Salvo: le lodi a Caterina Capponi","datePublished":"2024-07-20T19:11:18+00:00","mainEntityOfPage":{"@id":"https:\/\/progettotouring.it\/radiotouring104\/2024\/07\/20\/melito-porto-salvo-le-lodi-a-caterina-capponi\/"},"wordCount":357,"publisher":{"@id":"https:\/\/progettotouring.it\/radiotouring104\/#organization"},"image":{"@id":"https:\/\/progettotouring.it\/radiotouring104\/2024\/07\/20\/melito-porto-salvo-le-lodi-a-caterina-capponi\/#primaryimage"},"thumbnailUrl":"https:\/\/progettotouring.it\/radiotouring104\/wp-content\/uploads\/sites\/6\/2024\/07\/Caterina-Capponi.jpg","keywords":["Caterina Capponi","melito porto salvo","Salvatore Orlando"],"articleSection":["Home","News","Politica","Reggio Calabria"],"inLanguage":"it-IT"},{"@type":"WebPage","@id":"https:\/\/progettotouring.it\/radiotouring104\/2024\/07\/20\/melito-porto-salvo-le-lodi-a-caterina-capponi\/","url":"https:\/\/progettotouring.it\/radiotouring104\/2024\/07\/20\/melito-porto-salvo-le-lodi-a-caterina-capponi\/","name":"Melito Porto Salvo: le lodi a Caterina Capponi - Radio Touring 104","isPartOf":{"@id":"https:\/\/progettotouring.it\/radiotouring104\/#website"},"primaryImageOfPage":{"@id":"https:\/\/progettotouring.it\/radiotouring104\/2024\/07\/20\/melito-porto-salvo-le-lodi-a-caterina-capponi\/#primaryimage"},"image":{"@id":"https:\/\/progettotouring.it\/radiotouring104\/2024\/07\/20\/melito-porto-salvo-le-lodi-a-caterina-capponi\/#primaryimage"},"thumbnailUrl":"https:\/\/progettotouring.it\/radiotouring104\/wp-content\/uploads\/sites\/6\/2024\/07\/Caterina-Capponi.jpg","datePublished":"2024-07-20T19:11:18+00:00","description":"L'Amministrazione comunale di Melito Porto Salvo, manifesta il proprio compiacimento per il lavoro svolto da Caterina Capponi","breadcrumb":{"@id":"https:\/\/progettotouring.it\/radiotouring104\/2024\/07\/20\/melito-porto-salvo-le-lodi-a-caterina-capponi\/#breadcrumb"},"inLanguage":"it-IT","potentialAction":[{"@type":"ReadAction","target":["https:\/\/progettotouring.it\/radiotouring104\/2024\/07\/20\/melito-porto-salvo-le-lodi-a-caterina-capponi\/"]}]},{"@type":"ImageObject","inLanguage":"it-IT","@id":"https:\/\/progettotouring.it\/radiotouring104\/2024\/07\/20\/melito-porto-salvo-le-lodi-a-caterina-capponi\/#primaryimage","url":"https:\/\/progettotouring.it\/radiotouring104\/wp-content\/uploads\/sites\/6\/2024\/07\/Caterina-Capponi.jpg","contentUrl":"https:\/\/progettotouring.it\/radiotouring104\/wp-content\/uploads\/sites\/6\/2024\/07\/Caterina-Capponi.jpg","width":683,"height":1024},{"@type":"BreadcrumbList","@id":"https:\/\/progettotouring.it\/radiotouring104\/2024\/07\/20\/melito-porto-salvo-le-lodi-a-caterina-capponi\/#breadcrumb","itemListElement":[{"@type":"ListItem","position":1,"name":"Home","item":"https:\/\/progettotouring.it\/radiotouring104\/"},{"@type":"ListItem","position":2,"name":"Melito Porto Salvo: le lodi a Caterina Capponi"}]},{"@type":"WebSite","@id":"https:\/\/progettotouring.it\/radiotouring104\/#website","url":"https:\/\/progettotouring.it\/radiotouring104\/","name":"Radio Touring 104","description":"La prima radio Reggina","publisher":{"@id":"https:\/\/progettotouring.it\/radiotouring104\/#organization"},"potentialAction":[{"@type":"SearchAction","target":{"@type":"EntryPoint","urlTemplate":"https:\/\/progettotouring.it\/radiotouring104\/?s={search_term_string}"},"query-input":{"@type":"PropertyValueSpecification","valueRequired":true,"valueName":"search_term_string"}}],"inLanguage":"it-IT"},{"@type":"Organization","@id":"https:\/\/progettotouring.it\/radiotouring104\/#organization","name":"Radio Touring 104","url":"https:\/\/progettotouring.it\/radiotouring104\/","logo":{"@type":"ImageObject","inLanguage":"it-IT","@id":"https:\/\/progettotouring.it\/radiotouring104\/#\/schema\/logo\/image\/","url":"https:\/\/progettotouring.it\/radiotouring104\/wp-content\/uploads\/sites\/6\/2022\/02\/cropped-logo-radio-touring-104.png","contentUrl":"https:\/\/progettotouring.it\/radiotouring104\/wp-content\/uploads\/sites\/6\/2022\/02\/cropped-logo-radio-touring-104.png","width":377,"height":182,"caption":"Radio Touring 104"},"image":{"@id":"https:\/\/progettotouring.it\/radiotouring104\/#\/schema\/logo\/image\/"}},{"@type":"Person","@id":"https:\/\/progettotouring.it\/radiotouring104\/#\/schema\/person\/4a82259ca52ac8702ad1a8f9e5a3120b","name":"Filippo Francesco Idone","image":{"@type":"ImageObject","inLanguage":"it-IT","@id":"https:\/\/secure.gravatar.com\/avatar\/7268715d2366395c3dd314385670e6484117d44f5c442e61e230f7008b7b62d3?s=96&d=mm&r=g","url":"https:\/\/secure.gravatar.com\/avatar\/7268715d2366395c3dd314385670e6484117d44f5c442e61e230f7008b7b62d3?s=96&d=mm&r=g","contentUrl":"https:\/\/secure.gravatar.com\/avatar\/7268715d2366395c3dd314385670e6484117d44f5c442e61e230f7008b7b62d3?s=96&d=mm&r=g","caption":"Filippo Francesco Idone"},"url":"https:\/\/progettotouring.it\/radiotouring104\/author\/filippoidone\/"}]}},"jetpack_publicize_connections":[],"jetpack_featured_media_url":"https:\/\/progettotouring.it\/radiotouring104\/wp-content\/uploads\/sites\/6\/2024\/07\/Caterina-Capponi.jpg","jetpack_sharing_enabled":true,"_links":{"self":[{"href":"https:\/\/progettotouring.it\/radiotouring104\/wp-json\/wp\/v2\/posts\/55461","targetHints":{"allow":["GET"]}}],"collection":[{"href":"https:\/\/progettotouring.it\/radiotouring104\/wp-json\/wp\/v2\/posts"}],"about":[{"href":"https:\/\/progettotouring.it\/radiotouring104\/wp-json\/wp\/v2\/types\/post"}],"author":[{"embeddable":true,"href":"https:\/\/progettotouring.it\/radiotouring104\/wp-json\/wp\/v2\/users\/8"}],"replies":[{"embeddable":true,"href":"https:\/\/progettotouring.it\/radiotouring104\/wp-json\/wp\/v2\/comments?post=55461"}],"version-history":[{"count":1,"href":"https:\/\/progettotouring.it\/radiotouring104\/wp-json\/wp\/v2\/posts\/55461\/revisions"}],"predecessor-version":[{"id":55463,"href":"https:\/\/progettotouring.it\/radiotouring104\/wp-json\/wp\/v2\/posts\/55461\/revisions\/55463"}],"wp:featuredmedia":[{"embeddable":true,"href":"https:\/\/progettotouring.it\/radiotouring104\/wp-json\/wp\/v2\/media\/55462"}],"wp:attachment":[{"href":"https:\/\/progettotouring.it\/radiotouring104\/wp-json\/wp\/v2\/media?parent=55461"}],"wp:term":[{"taxonomy":"category","embeddable":true,"href":"https:\/\/progettotouring.it\/radiotouring104\/wp-json\/wp\/v2\/categories?post=55461"},{"taxonomy":"post_tag","embeddable":true,"href":"https:\/\/progettotouring.it\/radiotouring104\/wp-json\/wp\/v2\/tags?post=55461"}],"curies":[{"name":"wp","href":"https:\/\/api.w.org\/{rel}","templated":true}]}}