{"id":55477,"date":"2024-07-21T18:45:40","date_gmt":"2024-07-21T16:45:40","guid":{"rendered":"https:\/\/progettotouring.it\/radiotouring104\/?p=55477"},"modified":"2024-07-21T18:45:40","modified_gmt":"2024-07-21T16:45:40","slug":"le-precisazioni-della-reggina-sul-licenziamento-dello-staff-cucina","status":"publish","type":"post","link":"https:\/\/progettotouring.it\/radiotouring104\/2024\/07\/21\/le-precisazioni-della-reggina-sul-licenziamento-dello-staff-cucina\/","title":{"rendered":"Le precisazioni della Reggina sul licenziamento dello staff cucina"},"content":{"rendered":"<p style=\"text-align: justify\"><strong>AS Reggina 1914<\/strong> precisa che le notizie riportate dalla Testata Giornalistica on line Strettoweb a firma del Direttore Caridi, relative ad un (inesistente) licenziamento dello staff cucina ed alla somministrazione di pasti preconfezionati, non corrispondono assolutamente alla verit\u00e0 e ancora una volta rappresentano un maldestro tentativo di scalfire la reputazione del club. La societ\u00e0, al fine di ottimizzare e potenziare i processi di preparazione dei cibi in rispetto alle normative vigenti,\u00a0 si \u00e8 rivolto alla\u00a0<strong>EP Spa<\/strong>, una societ\u00e0 specializzata nella ristorazione che vanta una storia di oltre 50 anni sul mercato delle mense aziendali, con oltre 2.000 clienti attivi e con tutte le certificazioni previste dal settore .<\/p>\n<p style=\"text-align: justify\">Nessun tipo di pasto precotto e preconfezionato sar\u00e0 somministrato al Centro Sportivo Sant\u2019Agata. In considerazione del fondamentale ruolo ricoperto dall\u2019aspetto nutrizionale per gli atleti, la societ\u00e0 metter\u00e0 a disposizione di staff e calciatori, uno chef che in loco preparer\u00e0 tutti i pasti, seguendo i piani alimentari di squadra e soprattutto senza stravolgere l\u2019organizzazione dell\u2019anno precedente ma anzi garantendo cibi cucinati con materie prime certificate e di comprovata qualit\u00e0. La<strong> EP Spa a<\/strong> partire da questa stagione ha istituito un rapporto di partnership con la <strong>Reggina<\/strong>. Alla vigilia del ritiro e di una stagione importante per il club, i tifosi e la citt\u00e0, duole dover continuare a fare i conti con notizie false e tendenziose che vogliono solo alimentare un clima conflittuale nei confronti della Reggina e che sicuramente non aiutano ad infondere serenit\u00e0 all\u2019intero ambiente amaranto.<\/p>\n","protected":false},"excerpt":{"rendered":"<p>AS Reggina 1914 precisa che le notizie riportate dalla Testata Giornalistica on line Strettoweb a firma del Direttore Caridi, relative ad un (inesistente) licenziamento dello staff cucina ed alla somministrazione&hellip;<\/p>\n","protected":false},"author":8,"featured_media":26186,"comment_status":"closed","ping_status":"open","sticky":false,"template":"","format":"standard","meta":{"_jetpack_memberships_contains_paid_content":false,"footnotes":"","jetpack_publicize_message":"","jetpack_publicize_feature_enabled":true,"jetpack_social_post_already_shared":false,"jetpack_social_options":{"image_generator_settings":{"template":"highway","default_image_id":0,"font":"","enabled":false},"version":2}},"categories":[196,140,144],"tags":[210],"class_list":["post-55477","post","type-post","status-publish","format-standard","has-post-thumbnail","hentry","category-news","category-reggio-calabria","category-sport","tag-reggina"],"yoast_head":"<!-- This site is optimized with the Yoast SEO plugin v27.2 - https:\/\/yoast.com\/product\/yoast-seo-wordpress\/ -->\n<title>Le precisazioni della Reggina sul licenziamento dello staff cucina - Radio Touring 104<\/title>\n<meta name=\"description\" content=\"La Reggina ha voluto precisare i fatti di un ipotetico licenziamento dello staff cucina ed alla somministrazione di pasti preconfezionati\" \/>\n<meta name=\"robots\" content=\"index, follow, max-snippet:-1, max-image-preview:large, max-video-preview:-1\" \/>\n<link rel=\"canonical\" href=\"https:\/\/progettotouring.it\/radiotouring104\/2024\/07\/21\/le-precisazioni-della-reggina-sul-licenziamento-dello-staff-cucina\/\" \/>\n<meta property=\"og:locale\" content=\"it_IT\" \/>\n<meta property=\"og:type\" content=\"article\" \/>\n<meta property=\"og:title\" content=\"Le precisazioni della Reggina sul licenziamento dello staff cucina - Radio Touring 104\" \/>\n<meta property=\"og:description\" content=\"La Reggina ha voluto precisare i fatti di un ipotetico licenziamento dello staff cucina ed alla somministrazione di pasti preconfezionati\" \/>\n<meta property=\"og:url\" content=\"https:\/\/progettotouring.it\/radiotouring104\/2024\/07\/21\/le-precisazioni-della-reggina-sul-licenziamento-dello-staff-cucina\/\" \/>\n<meta property=\"og:site_name\" content=\"Radio Touring 104\" \/>\n<meta property=\"article:published_time\" content=\"2024-07-21T16:45:40+00:00\" \/>\n<meta property=\"og:image\" content=\"https:\/\/progettotouring.it\/radiotouring104\/wp-content\/uploads\/sites\/6\/2023\/05\/Reggina-1.jpg\" \/>\n\t<meta property=\"og:image:width\" content=\"1024\" \/>\n\t<meta property=\"og:image:height\" content=\"768\" \/>\n\t<meta property=\"og:image:type\" content=\"image\/jpeg\" \/>\n<meta name=\"author\" content=\"Filippo Francesco Idone\" \/>\n<meta name=\"twitter:card\" content=\"summary_large_image\" \/>\n<meta name=\"twitter:label1\" content=\"Scritto da\" \/>\n\t<meta name=\"twitter:data1\" content=\"Filippo Francesco Idone\" \/>\n\t<meta name=\"twitter:label2\" content=\"Tempo di lettura stimato\" \/>\n\t<meta name=\"twitter:data2\" content=\"1 minuto\" \/>\n<script type=\"application\/ld+json\" class=\"yoast-schema-graph\">{\"@context\":\"https:\/\/schema.org\",\"@graph\":[{\"@type\":\"Article\",\"@id\":\"https:\/\/progettotouring.it\/radiotouring104\/2024\/07\/21\/le-precisazioni-della-reggina-sul-licenziamento-dello-staff-cucina\/#article\",\"isPartOf\":{\"@id\":\"https:\/\/progettotouring.it\/radiotouring104\/2024\/07\/21\/le-precisazioni-della-reggina-sul-licenziamento-dello-staff-cucina\/\"},\"author\":{\"name\":\"Filippo Francesco Idone\",\"@id\":\"https:\/\/progettotouring.it\/radiotouring104\/#\/schema\/person\/4a82259ca52ac8702ad1a8f9e5a3120b\"},\"headline\":\"Le precisazioni della Reggina sul licenziamento dello staff cucina\",\"datePublished\":\"2024-07-21T16:45:40+00:00\",\"mainEntityOfPage\":{\"@id\":\"https:\/\/progettotouring.it\/radiotouring104\/2024\/07\/21\/le-precisazioni-della-reggina-sul-licenziamento-dello-staff-cucina\/\"},\"wordCount\":254,\"publisher\":{\"@id\":\"https:\/\/progettotouring.it\/radiotouring104\/#organization\"},\"image\":{\"@id\":\"https:\/\/progettotouring.it\/radiotouring104\/2024\/07\/21\/le-precisazioni-della-reggina-sul-licenziamento-dello-staff-cucina\/#primaryimage\"},\"thumbnailUrl\":\"https:\/\/progettotouring.it\/radiotouring104\/wp-content\/uploads\/sites\/6\/2023\/05\/Reggina-1.jpg\",\"keywords\":[\"reggina\"],\"articleSection\":[\"News\",\"Reggio Calabria\",\"Sport\"],\"inLanguage\":\"it-IT\"},{\"@type\":\"WebPage\",\"@id\":\"https:\/\/progettotouring.it\/radiotouring104\/2024\/07\/21\/le-precisazioni-della-reggina-sul-licenziamento-dello-staff-cucina\/\",\"url\":\"https:\/\/progettotouring.it\/radiotouring104\/2024\/07\/21\/le-precisazioni-della-reggina-sul-licenziamento-dello-staff-cucina\/\",\"name\":\"Le precisazioni della Reggina sul licenziamento dello staff cucina - Radio Touring 104\",\"isPartOf\":{\"@id\":\"https:\/\/progettotouring.it\/radiotouring104\/#website\"},\"primaryImageOfPage\":{\"@id\":\"https:\/\/progettotouring.it\/radiotouring104\/2024\/07\/21\/le-precisazioni-della-reggina-sul-licenziamento-dello-staff-cucina\/#primaryimage\"},\"image\":{\"@id\":\"https:\/\/progettotouring.it\/radiotouring104\/2024\/07\/21\/le-precisazioni-della-reggina-sul-licenziamento-dello-staff-cucina\/#primaryimage\"},\"thumbnailUrl\":\"https:\/\/progettotouring.it\/radiotouring104\/wp-content\/uploads\/sites\/6\/2023\/05\/Reggina-1.jpg\",\"datePublished\":\"2024-07-21T16:45:40+00:00\",\"description\":\"La Reggina ha voluto precisare i fatti di un ipotetico licenziamento dello staff cucina ed alla somministrazione di pasti preconfezionati\",\"breadcrumb\":{\"@id\":\"https:\/\/progettotouring.it\/radiotouring104\/2024\/07\/21\/le-precisazioni-della-reggina-sul-licenziamento-dello-staff-cucina\/#breadcrumb\"},\"inLanguage\":\"it-IT\",\"potentialAction\":[{\"@type\":\"ReadAction\",\"target\":[\"https:\/\/progettotouring.it\/radiotouring104\/2024\/07\/21\/le-precisazioni-della-reggina-sul-licenziamento-dello-staff-cucina\/\"]}]},{\"@type\":\"ImageObject\",\"inLanguage\":\"it-IT\",\"@id\":\"https:\/\/progettotouring.it\/radiotouring104\/2024\/07\/21\/le-precisazioni-della-reggina-sul-licenziamento-dello-staff-cucina\/#primaryimage\",\"url\":\"https:\/\/progettotouring.it\/radiotouring104\/wp-content\/uploads\/sites\/6\/2023\/05\/Reggina-1.jpg\",\"contentUrl\":\"https:\/\/progettotouring.it\/radiotouring104\/wp-content\/uploads\/sites\/6\/2023\/05\/Reggina-1.jpg\",\"width\":1024,\"height\":768,\"caption\":\"Foto Credits Isabella Palamara\"},{\"@type\":\"BreadcrumbList\",\"@id\":\"https:\/\/progettotouring.it\/radiotouring104\/2024\/07\/21\/le-precisazioni-della-reggina-sul-licenziamento-dello-staff-cucina\/#breadcrumb\",\"itemListElement\":[{\"@type\":\"ListItem\",\"position\":1,\"name\":\"Home\",\"item\":\"https:\/\/progettotouring.it\/radiotouring104\/\"},{\"@type\":\"ListItem\",\"position\":2,\"name\":\"Le precisazioni della Reggina sul licenziamento dello staff cucina\"}]},{\"@type\":\"WebSite\",\"@id\":\"https:\/\/progettotouring.it\/radiotouring104\/#website\",\"url\":\"https:\/\/progettotouring.it\/radiotouring104\/\",\"name\":\"Radio Touring 104\",\"description\":\"La prima radio Reggina\",\"publisher\":{\"@id\":\"https:\/\/progettotouring.it\/radiotouring104\/#organization\"},\"potentialAction\":[{\"@type\":\"SearchAction\",\"target\":{\"@type\":\"EntryPoint\",\"urlTemplate\":\"https:\/\/progettotouring.it\/radiotouring104\/?s={search_term_string}\"},\"query-input\":{\"@type\":\"PropertyValueSpecification\",\"valueRequired\":true,\"valueName\":\"search_term_string\"}}],\"inLanguage\":\"it-IT\"},{\"@type\":\"Organization\",\"@id\":\"https:\/\/progettotouring.it\/radiotouring104\/#organization\",\"name\":\"Radio Touring 104\",\"url\":\"https:\/\/progettotouring.it\/radiotouring104\/\",\"logo\":{\"@type\":\"ImageObject\",\"inLanguage\":\"it-IT\",\"@id\":\"https:\/\/progettotouring.it\/radiotouring104\/#\/schema\/logo\/image\/\",\"url\":\"https:\/\/progettotouring.it\/radiotouring104\/wp-content\/uploads\/sites\/6\/2022\/02\/cropped-logo-radio-touring-104.png\",\"contentUrl\":\"https:\/\/progettotouring.it\/radiotouring104\/wp-content\/uploads\/sites\/6\/2022\/02\/cropped-logo-radio-touring-104.png\",\"width\":377,\"height\":182,\"caption\":\"Radio Touring 104\"},\"image\":{\"@id\":\"https:\/\/progettotouring.it\/radiotouring104\/#\/schema\/logo\/image\/\"}},{\"@type\":\"Person\",\"@id\":\"https:\/\/progettotouring.it\/radiotouring104\/#\/schema\/person\/4a82259ca52ac8702ad1a8f9e5a3120b\",\"name\":\"Filippo Francesco Idone\",\"image\":{\"@type\":\"ImageObject\",\"inLanguage\":\"it-IT\",\"@id\":\"https:\/\/secure.gravatar.com\/avatar\/7268715d2366395c3dd314385670e6484117d44f5c442e61e230f7008b7b62d3?s=96&d=mm&r=g\",\"url\":\"https:\/\/secure.gravatar.com\/avatar\/7268715d2366395c3dd314385670e6484117d44f5c442e61e230f7008b7b62d3?s=96&d=mm&r=g\",\"contentUrl\":\"https:\/\/secure.gravatar.com\/avatar\/7268715d2366395c3dd314385670e6484117d44f5c442e61e230f7008b7b62d3?s=96&d=mm&r=g\",\"caption\":\"Filippo Francesco Idone\"},\"url\":\"https:\/\/progettotouring.it\/radiotouring104\/author\/filippoidone\/\"}]}<\/script>\n<!-- \/ Yoast SEO plugin. -->","yoast_head_json":{"title":"Le precisazioni della Reggina sul licenziamento dello staff cucina - Radio Touring 104","description":"La Reggina ha voluto precisare i fatti di un ipotetico licenziamento dello staff cucina ed alla somministrazione di pasti preconfezionati","robots":{"index":"index","follow":"follow","max-snippet":"max-snippet:-1","max-image-preview":"max-image-preview:large","max-video-preview":"max-video-preview:-1"},"canonical":"https:\/\/progettotouring.it\/radiotouring104\/2024\/07\/21\/le-precisazioni-della-reggina-sul-licenziamento-dello-staff-cucina\/","og_locale":"it_IT","og_type":"article","og_title":"Le precisazioni della Reggina sul licenziamento dello staff cucina - Radio Touring 104","og_description":"La Reggina ha voluto precisare i fatti di un ipotetico licenziamento dello staff cucina ed alla somministrazione di pasti preconfezionati","og_url":"https:\/\/progettotouring.it\/radiotouring104\/2024\/07\/21\/le-precisazioni-della-reggina-sul-licenziamento-dello-staff-cucina\/","og_site_name":"Radio Touring 104","article_published_time":"2024-07-21T16:45:40+00:00","og_image":[{"width":1024,"height":768,"url":"https:\/\/progettotouring.it\/radiotouring104\/wp-content\/uploads\/sites\/6\/2023\/05\/Reggina-1.jpg","type":"image\/jpeg"}],"author":"Filippo Francesco Idone","twitter_card":"summary_large_image","twitter_misc":{"Scritto da":"Filippo Francesco Idone","Tempo di lettura stimato":"1 minuto"},"schema":{"@context":"https:\/\/schema.org","@graph":[{"@type":"Article","@id":"https:\/\/progettotouring.it\/radiotouring104\/2024\/07\/21\/le-precisazioni-della-reggina-sul-licenziamento-dello-staff-cucina\/#article","isPartOf":{"@id":"https:\/\/progettotouring.it\/radiotouring104\/2024\/07\/21\/le-precisazioni-della-reggina-sul-licenziamento-dello-staff-cucina\/"},"author":{"name":"Filippo Francesco Idone","@id":"https:\/\/progettotouring.it\/radiotouring104\/#\/schema\/person\/4a82259ca52ac8702ad1a8f9e5a3120b"},"headline":"Le precisazioni della Reggina sul licenziamento dello staff cucina","datePublished":"2024-07-21T16:45:40+00:00","mainEntityOfPage":{"@id":"https:\/\/progettotouring.it\/radiotouring104\/2024\/07\/21\/le-precisazioni-della-reggina-sul-licenziamento-dello-staff-cucina\/"},"wordCount":254,"publisher":{"@id":"https:\/\/progettotouring.it\/radiotouring104\/#organization"},"image":{"@id":"https:\/\/progettotouring.it\/radiotouring104\/2024\/07\/21\/le-precisazioni-della-reggina-sul-licenziamento-dello-staff-cucina\/#primaryimage"},"thumbnailUrl":"https:\/\/progettotouring.it\/radiotouring104\/wp-content\/uploads\/sites\/6\/2023\/05\/Reggina-1.jpg","keywords":["reggina"],"articleSection":["News","Reggio Calabria","Sport"],"inLanguage":"it-IT"},{"@type":"WebPage","@id":"https:\/\/progettotouring.it\/radiotouring104\/2024\/07\/21\/le-precisazioni-della-reggina-sul-licenziamento-dello-staff-cucina\/","url":"https:\/\/progettotouring.it\/radiotouring104\/2024\/07\/21\/le-precisazioni-della-reggina-sul-licenziamento-dello-staff-cucina\/","name":"Le precisazioni della Reggina sul licenziamento dello staff cucina - Radio Touring 104","isPartOf":{"@id":"https:\/\/progettotouring.it\/radiotouring104\/#website"},"primaryImageOfPage":{"@id":"https:\/\/progettotouring.it\/radiotouring104\/2024\/07\/21\/le-precisazioni-della-reggina-sul-licenziamento-dello-staff-cucina\/#primaryimage"},"image":{"@id":"https:\/\/progettotouring.it\/radiotouring104\/2024\/07\/21\/le-precisazioni-della-reggina-sul-licenziamento-dello-staff-cucina\/#primaryimage"},"thumbnailUrl":"https:\/\/progettotouring.it\/radiotouring104\/wp-content\/uploads\/sites\/6\/2023\/05\/Reggina-1.jpg","datePublished":"2024-07-21T16:45:40+00:00","description":"La Reggina ha voluto precisare i fatti di un ipotetico licenziamento dello staff cucina ed alla somministrazione di pasti preconfezionati","breadcrumb":{"@id":"https:\/\/progettotouring.it\/radiotouring104\/2024\/07\/21\/le-precisazioni-della-reggina-sul-licenziamento-dello-staff-cucina\/#breadcrumb"},"inLanguage":"it-IT","potentialAction":[{"@type":"ReadAction","target":["https:\/\/progettotouring.it\/radiotouring104\/2024\/07\/21\/le-precisazioni-della-reggina-sul-licenziamento-dello-staff-cucina\/"]}]},{"@type":"ImageObject","inLanguage":"it-IT","@id":"https:\/\/progettotouring.it\/radiotouring104\/2024\/07\/21\/le-precisazioni-della-reggina-sul-licenziamento-dello-staff-cucina\/#primaryimage","url":"https:\/\/progettotouring.it\/radiotouring104\/wp-content\/uploads\/sites\/6\/2023\/05\/Reggina-1.jpg","contentUrl":"https:\/\/progettotouring.it\/radiotouring104\/wp-content\/uploads\/sites\/6\/2023\/05\/Reggina-1.jpg","width":1024,"height":768,"caption":"Foto Credits Isabella Palamara"},{"@type":"BreadcrumbList","@id":"https:\/\/progettotouring.it\/radiotouring104\/2024\/07\/21\/le-precisazioni-della-reggina-sul-licenziamento-dello-staff-cucina\/#breadcrumb","itemListElement":[{"@type":"ListItem","position":1,"name":"Home","item":"https:\/\/progettotouring.it\/radiotouring104\/"},{"@type":"ListItem","position":2,"name":"Le precisazioni della Reggina sul licenziamento dello staff cucina"}]},{"@type":"WebSite","@id":"https:\/\/progettotouring.it\/radiotouring104\/#website","url":"https:\/\/progettotouring.it\/radiotouring104\/","name":"Radio Touring 104","description":"La prima radio Reggina","publisher":{"@id":"https:\/\/progettotouring.it\/radiotouring104\/#organization"},"potentialAction":[{"@type":"SearchAction","target":{"@type":"EntryPoint","urlTemplate":"https:\/\/progettotouring.it\/radiotouring104\/?s={search_term_string}"},"query-input":{"@type":"PropertyValueSpecification","valueRequired":true,"valueName":"search_term_string"}}],"inLanguage":"it-IT"},{"@type":"Organization","@id":"https:\/\/progettotouring.it\/radiotouring104\/#organization","name":"Radio Touring 104","url":"https:\/\/progettotouring.it\/radiotouring104\/","logo":{"@type":"ImageObject","inLanguage":"it-IT","@id":"https:\/\/progettotouring.it\/radiotouring104\/#\/schema\/logo\/image\/","url":"https:\/\/progettotouring.it\/radiotouring104\/wp-content\/uploads\/sites\/6\/2022\/02\/cropped-logo-radio-touring-104.png","contentUrl":"https:\/\/progettotouring.it\/radiotouring104\/wp-content\/uploads\/sites\/6\/2022\/02\/cropped-logo-radio-touring-104.png","width":377,"height":182,"caption":"Radio Touring 104"},"image":{"@id":"https:\/\/progettotouring.it\/radiotouring104\/#\/schema\/logo\/image\/"}},{"@type":"Person","@id":"https:\/\/progettotouring.it\/radiotouring104\/#\/schema\/person\/4a82259ca52ac8702ad1a8f9e5a3120b","name":"Filippo Francesco Idone","image":{"@type":"ImageObject","inLanguage":"it-IT","@id":"https:\/\/secure.gravatar.com\/avatar\/7268715d2366395c3dd314385670e6484117d44f5c442e61e230f7008b7b62d3?s=96&d=mm&r=g","url":"https:\/\/secure.gravatar.com\/avatar\/7268715d2366395c3dd314385670e6484117d44f5c442e61e230f7008b7b62d3?s=96&d=mm&r=g","contentUrl":"https:\/\/secure.gravatar.com\/avatar\/7268715d2366395c3dd314385670e6484117d44f5c442e61e230f7008b7b62d3?s=96&d=mm&r=g","caption":"Filippo Francesco Idone"},"url":"https:\/\/progettotouring.it\/radiotouring104\/author\/filippoidone\/"}]}},"jetpack_publicize_connections":[],"jetpack_featured_media_url":"https:\/\/progettotouring.it\/radiotouring104\/wp-content\/uploads\/sites\/6\/2023\/05\/Reggina-1.jpg","jetpack_sharing_enabled":true,"_links":{"self":[{"href":"https:\/\/progettotouring.it\/radiotouring104\/wp-json\/wp\/v2\/posts\/55477","targetHints":{"allow":["GET"]}}],"collection":[{"href":"https:\/\/progettotouring.it\/radiotouring104\/wp-json\/wp\/v2\/posts"}],"about":[{"href":"https:\/\/progettotouring.it\/radiotouring104\/wp-json\/wp\/v2\/types\/post"}],"author":[{"embeddable":true,"href":"https:\/\/progettotouring.it\/radiotouring104\/wp-json\/wp\/v2\/users\/8"}],"replies":[{"embeddable":true,"href":"https:\/\/progettotouring.it\/radiotouring104\/wp-json\/wp\/v2\/comments?post=55477"}],"version-history":[{"count":1,"href":"https:\/\/progettotouring.it\/radiotouring104\/wp-json\/wp\/v2\/posts\/55477\/revisions"}],"predecessor-version":[{"id":55478,"href":"https:\/\/progettotouring.it\/radiotouring104\/wp-json\/wp\/v2\/posts\/55477\/revisions\/55478"}],"wp:featuredmedia":[{"embeddable":true,"href":"https:\/\/progettotouring.it\/radiotouring104\/wp-json\/wp\/v2\/media\/26186"}],"wp:attachment":[{"href":"https:\/\/progettotouring.it\/radiotouring104\/wp-json\/wp\/v2\/media?parent=55477"}],"wp:term":[{"taxonomy":"category","embeddable":true,"href":"https:\/\/progettotouring.it\/radiotouring104\/wp-json\/wp\/v2\/categories?post=55477"},{"taxonomy":"post_tag","embeddable":true,"href":"https:\/\/progettotouring.it\/radiotouring104\/wp-json\/wp\/v2\/tags?post=55477"}],"curies":[{"name":"wp","href":"https:\/\/api.w.org\/{rel}","templated":true}]}}