{"id":55492,"date":"2024-07-22T09:40:48","date_gmt":"2024-07-22T07:40:48","guid":{"rendered":"https:\/\/progettotouring.it\/radiotouring104\/?p=55492"},"modified":"2024-07-22T09:41:55","modified_gmt":"2024-07-22T07:41:55","slug":"carcere-di-arghilla-detenuto-da-fuoco-al-materasso","status":"publish","type":"post","link":"https:\/\/progettotouring.it\/radiotouring104\/2024\/07\/22\/carcere-di-arghilla-detenuto-da-fuoco-al-materasso\/","title":{"rendered":"Carcere di Arghill\u00e0: detenuto d\u00e0 fuoco al materasso"},"content":{"rendered":"<p style=\"text-align: justify\"><strong>Il vice segretario<\/strong> generale della Federazione sindacati autonomi Cnpp, <em>Domenico Pelliccia<\/em><strong> rende noto che un detenuto della Casa circondariale di Arghill\u00e0 ha dato fuoco al materasso<\/strong> all&#8217;interno della cella nella sezione adibita ad isolamento, aggiungendo che le fiamme sono state spente dagli agenti della Polizia penitenziaria.<\/p>\n<p style=\"text-align: justify\"><strong>Le fiamme,<\/strong> riferisce il sindacalista<strong>, sono state spente con l&#8217;estintore,<\/strong> prima che si propagassero. Gli agenti hanno anche soccorso lo stesso autore del gesto ed altri detenuti che si trovavano nella stessa sezione ormai invasa dal fumo.<\/p>\n<p style=\"text-align: justify\"><em>&#8220;Solo grazie al tempestivo intervento del personale di Polizia penitenziaria<\/em><em>\u00a0\u00e8 stato impedito il verificarsi di conseguenze nefaste. Non si pu\u00f2 stare in silenzio dinnanzi ad eventi come questo; la drammatica situazione in cui versa il penitenziario di Arghill\u00e0 procede e si materializza in continui eventi critici nei confronti del personale di Polizia penitenziaria che, oltre agli estremi sacrifici lavorativi, mette a rischio la propria incolumit\u00e0 personale. Un doveroso ringraziamento va rivolto ai colleghi che, con spezzo del pericolo, hanno evitato il peggio dovendo poi fare ricorso alle cure del Pronto soccorso cittadino vedendosi cos\u00ec dimessi con una prognosi di 10 giorni per intossicazione da fumo&#8221;, <\/em><strong>afferma il segretario generale della Federazione sindacati autonomi Cnpp Domenico Pelliccia\u00a0<\/strong><\/p>\n","protected":false},"excerpt":{"rendered":"<p>Il vice segretario generale della Federazione sindacati autonomi Cnpp, Domenico Pelliccia rende noto che un detenuto della Casa circondariale di Arghill\u00e0 ha dato fuoco al materasso all&#8217;interno della cella nella&hellip;<\/p>\n","protected":false},"author":12,"featured_media":33117,"comment_status":"closed","ping_status":"open","sticky":false,"template":"","format":"standard","meta":{"_jetpack_memberships_contains_paid_content":false,"footnotes":"","jetpack_publicize_message":"","jetpack_publicize_feature_enabled":true,"jetpack_social_post_already_shared":false,"jetpack_social_options":{"image_generator_settings":{"template":"highway","default_image_id":0,"font":"","enabled":false},"version":2}},"categories":[921,196,140],"tags":[990,34062,34063,34064],"class_list":["post-55492","post","type-post","status-publish","format-standard","has-post-thumbnail","hentry","category-home","category-news","category-reggio-calabria","tag-arghilla","tag-denuto-da-fuoco-al-materasso","tag-domenico-pelliccia","tag-federazione-sindacati-autonomi-cnpp"],"yoast_head":"<!-- This site is optimized with the Yoast SEO plugin v27.2 - https:\/\/yoast.com\/product\/yoast-seo-wordpress\/ -->\n<title>Carcere di Arghill\u00e0: detenuto d\u00e0 fuoco al materasso<\/title>\n<meta name=\"description\" content=\"Un detenuto della Casa circondariale di Arghill\u00e0 ha dato fuoco al materasso all&#039;interno della cella nella sezione adibita ad isolamento.\" \/>\n<meta name=\"robots\" content=\"index, follow, max-snippet:-1, max-image-preview:large, max-video-preview:-1\" \/>\n<link rel=\"canonical\" href=\"https:\/\/progettotouring.it\/radiotouring104\/2024\/07\/22\/carcere-di-arghilla-detenuto-da-fuoco-al-materasso\/\" \/>\n<meta property=\"og:locale\" content=\"it_IT\" \/>\n<meta property=\"og:type\" content=\"article\" \/>\n<meta property=\"og:title\" content=\"Carcere di Arghill\u00e0: detenuto d\u00e0 fuoco al materasso\" \/>\n<meta property=\"og:description\" content=\"Un detenuto della Casa circondariale di Arghill\u00e0 ha dato fuoco al materasso all&#039;interno della cella nella sezione adibita ad isolamento.\" \/>\n<meta property=\"og:url\" content=\"https:\/\/progettotouring.it\/radiotouring104\/2024\/07\/22\/carcere-di-arghilla-detenuto-da-fuoco-al-materasso\/\" \/>\n<meta property=\"og:site_name\" content=\"Radio Touring 104\" \/>\n<meta property=\"article:published_time\" content=\"2024-07-22T07:40:48+00:00\" \/>\n<meta property=\"article:modified_time\" content=\"2024-07-22T07:41:55+00:00\" \/>\n<meta property=\"og:image\" content=\"https:\/\/progettotouring.it\/radiotouring104\/wp-content\/uploads\/sites\/6\/2023\/08\/Carcere-Arghilla.jpg\" \/>\n\t<meta property=\"og:image:width\" content=\"774\" \/>\n\t<meta property=\"og:image:height\" content=\"516\" \/>\n\t<meta property=\"og:image:type\" content=\"image\/jpeg\" \/>\n<meta name=\"author\" content=\"Sebastiano Plutino\" \/>\n<meta name=\"twitter:card\" content=\"summary_large_image\" \/>\n<meta name=\"twitter:label1\" content=\"Scritto da\" \/>\n\t<meta name=\"twitter:data1\" content=\"Sebastiano Plutino\" \/>\n\t<meta name=\"twitter:label2\" content=\"Tempo di lettura stimato\" \/>\n\t<meta name=\"twitter:data2\" content=\"1 minuto\" \/>\n<script type=\"application\/ld+json\" class=\"yoast-schema-graph\">{\"@context\":\"https:\/\/schema.org\",\"@graph\":[{\"@type\":\"Article\",\"@id\":\"https:\/\/progettotouring.it\/radiotouring104\/2024\/07\/22\/carcere-di-arghilla-detenuto-da-fuoco-al-materasso\/#article\",\"isPartOf\":{\"@id\":\"https:\/\/progettotouring.it\/radiotouring104\/2024\/07\/22\/carcere-di-arghilla-detenuto-da-fuoco-al-materasso\/\"},\"author\":{\"name\":\"Sebastiano Plutino\",\"@id\":\"https:\/\/progettotouring.it\/radiotouring104\/#\/schema\/person\/78613917f1851f041f7483f5af1d422e\"},\"headline\":\"Carcere di Arghill\u00e0: detenuto d\u00e0 fuoco al materasso\",\"datePublished\":\"2024-07-22T07:40:48+00:00\",\"dateModified\":\"2024-07-22T07:41:55+00:00\",\"mainEntityOfPage\":{\"@id\":\"https:\/\/progettotouring.it\/radiotouring104\/2024\/07\/22\/carcere-di-arghilla-detenuto-da-fuoco-al-materasso\/\"},\"wordCount\":206,\"publisher\":{\"@id\":\"https:\/\/progettotouring.it\/radiotouring104\/#organization\"},\"image\":{\"@id\":\"https:\/\/progettotouring.it\/radiotouring104\/2024\/07\/22\/carcere-di-arghilla-detenuto-da-fuoco-al-materasso\/#primaryimage\"},\"thumbnailUrl\":\"https:\/\/progettotouring.it\/radiotouring104\/wp-content\/uploads\/sites\/6\/2023\/08\/Carcere-Arghilla.jpg\",\"keywords\":[\"Arghill\u00e0\",\"denuto d\u00e0 fuoco al materasso\",\"Domenico Pelliccia\",\"Federazione sindacati autonomi Cnpp\"],\"articleSection\":[\"Home\",\"News\",\"Reggio Calabria\"],\"inLanguage\":\"it-IT\"},{\"@type\":\"WebPage\",\"@id\":\"https:\/\/progettotouring.it\/radiotouring104\/2024\/07\/22\/carcere-di-arghilla-detenuto-da-fuoco-al-materasso\/\",\"url\":\"https:\/\/progettotouring.it\/radiotouring104\/2024\/07\/22\/carcere-di-arghilla-detenuto-da-fuoco-al-materasso\/\",\"name\":\"Carcere di Arghill\u00e0: detenuto d\u00e0 fuoco al materasso\",\"isPartOf\":{\"@id\":\"https:\/\/progettotouring.it\/radiotouring104\/#website\"},\"primaryImageOfPage\":{\"@id\":\"https:\/\/progettotouring.it\/radiotouring104\/2024\/07\/22\/carcere-di-arghilla-detenuto-da-fuoco-al-materasso\/#primaryimage\"},\"image\":{\"@id\":\"https:\/\/progettotouring.it\/radiotouring104\/2024\/07\/22\/carcere-di-arghilla-detenuto-da-fuoco-al-materasso\/#primaryimage\"},\"thumbnailUrl\":\"https:\/\/progettotouring.it\/radiotouring104\/wp-content\/uploads\/sites\/6\/2023\/08\/Carcere-Arghilla.jpg\",\"datePublished\":\"2024-07-22T07:40:48+00:00\",\"dateModified\":\"2024-07-22T07:41:55+00:00\",\"description\":\"Un detenuto della Casa circondariale di Arghill\u00e0 ha dato fuoco al materasso all'interno della cella nella sezione adibita ad isolamento.\",\"breadcrumb\":{\"@id\":\"https:\/\/progettotouring.it\/radiotouring104\/2024\/07\/22\/carcere-di-arghilla-detenuto-da-fuoco-al-materasso\/#breadcrumb\"},\"inLanguage\":\"it-IT\",\"potentialAction\":[{\"@type\":\"ReadAction\",\"target\":[\"https:\/\/progettotouring.it\/radiotouring104\/2024\/07\/22\/carcere-di-arghilla-detenuto-da-fuoco-al-materasso\/\"]}]},{\"@type\":\"ImageObject\",\"inLanguage\":\"it-IT\",\"@id\":\"https:\/\/progettotouring.it\/radiotouring104\/2024\/07\/22\/carcere-di-arghilla-detenuto-da-fuoco-al-materasso\/#primaryimage\",\"url\":\"https:\/\/progettotouring.it\/radiotouring104\/wp-content\/uploads\/sites\/6\/2023\/08\/Carcere-Arghilla.jpg\",\"contentUrl\":\"https:\/\/progettotouring.it\/radiotouring104\/wp-content\/uploads\/sites\/6\/2023\/08\/Carcere-Arghilla.jpg\",\"width\":774,\"height\":516},{\"@type\":\"BreadcrumbList\",\"@id\":\"https:\/\/progettotouring.it\/radiotouring104\/2024\/07\/22\/carcere-di-arghilla-detenuto-da-fuoco-al-materasso\/#breadcrumb\",\"itemListElement\":[{\"@type\":\"ListItem\",\"position\":1,\"name\":\"Home\",\"item\":\"https:\/\/progettotouring.it\/radiotouring104\/\"},{\"@type\":\"ListItem\",\"position\":2,\"name\":\"Carcere di Arghill\u00e0: detenuto d\u00e0 fuoco al materasso\"}]},{\"@type\":\"WebSite\",\"@id\":\"https:\/\/progettotouring.it\/radiotouring104\/#website\",\"url\":\"https:\/\/progettotouring.it\/radiotouring104\/\",\"name\":\"Radio Touring 104\",\"description\":\"La prima radio Reggina\",\"publisher\":{\"@id\":\"https:\/\/progettotouring.it\/radiotouring104\/#organization\"},\"potentialAction\":[{\"@type\":\"SearchAction\",\"target\":{\"@type\":\"EntryPoint\",\"urlTemplate\":\"https:\/\/progettotouring.it\/radiotouring104\/?s={search_term_string}\"},\"query-input\":{\"@type\":\"PropertyValueSpecification\",\"valueRequired\":true,\"valueName\":\"search_term_string\"}}],\"inLanguage\":\"it-IT\"},{\"@type\":\"Organization\",\"@id\":\"https:\/\/progettotouring.it\/radiotouring104\/#organization\",\"name\":\"Radio Touring 104\",\"url\":\"https:\/\/progettotouring.it\/radiotouring104\/\",\"logo\":{\"@type\":\"ImageObject\",\"inLanguage\":\"it-IT\",\"@id\":\"https:\/\/progettotouring.it\/radiotouring104\/#\/schema\/logo\/image\/\",\"url\":\"https:\/\/progettotouring.it\/radiotouring104\/wp-content\/uploads\/sites\/6\/2022\/02\/cropped-logo-radio-touring-104.png\",\"contentUrl\":\"https:\/\/progettotouring.it\/radiotouring104\/wp-content\/uploads\/sites\/6\/2022\/02\/cropped-logo-radio-touring-104.png\",\"width\":377,\"height\":182,\"caption\":\"Radio Touring 104\"},\"image\":{\"@id\":\"https:\/\/progettotouring.it\/radiotouring104\/#\/schema\/logo\/image\/\"}},{\"@type\":\"Person\",\"@id\":\"https:\/\/progettotouring.it\/radiotouring104\/#\/schema\/person\/78613917f1851f041f7483f5af1d422e\",\"name\":\"Sebastiano Plutino\",\"image\":{\"@type\":\"ImageObject\",\"inLanguage\":\"it-IT\",\"@id\":\"https:\/\/secure.gravatar.com\/avatar\/0546ffaa9b79224faf9f2a156b67a529ae861d3287c66c1d8ccfdf909bcba78d?s=96&d=mm&r=g\",\"url\":\"https:\/\/secure.gravatar.com\/avatar\/0546ffaa9b79224faf9f2a156b67a529ae861d3287c66c1d8ccfdf909bcba78d?s=96&d=mm&r=g\",\"contentUrl\":\"https:\/\/secure.gravatar.com\/avatar\/0546ffaa9b79224faf9f2a156b67a529ae861d3287c66c1d8ccfdf909bcba78d?s=96&d=mm&r=g\",\"caption\":\"Sebastiano Plutino\"},\"url\":\"https:\/\/progettotouring.it\/radiotouring104\/author\/sebastiano\/\"}]}<\/script>\n<!-- \/ Yoast SEO plugin. -->","yoast_head_json":{"title":"Carcere di Arghill\u00e0: detenuto d\u00e0 fuoco al materasso","description":"Un detenuto della Casa circondariale di Arghill\u00e0 ha dato fuoco al materasso all'interno della cella nella sezione adibita ad isolamento.","robots":{"index":"index","follow":"follow","max-snippet":"max-snippet:-1","max-image-preview":"max-image-preview:large","max-video-preview":"max-video-preview:-1"},"canonical":"https:\/\/progettotouring.it\/radiotouring104\/2024\/07\/22\/carcere-di-arghilla-detenuto-da-fuoco-al-materasso\/","og_locale":"it_IT","og_type":"article","og_title":"Carcere di Arghill\u00e0: detenuto d\u00e0 fuoco al materasso","og_description":"Un detenuto della Casa circondariale di Arghill\u00e0 ha dato fuoco al materasso all'interno della cella nella sezione adibita ad isolamento.","og_url":"https:\/\/progettotouring.it\/radiotouring104\/2024\/07\/22\/carcere-di-arghilla-detenuto-da-fuoco-al-materasso\/","og_site_name":"Radio Touring 104","article_published_time":"2024-07-22T07:40:48+00:00","article_modified_time":"2024-07-22T07:41:55+00:00","og_image":[{"width":774,"height":516,"url":"https:\/\/progettotouring.it\/radiotouring104\/wp-content\/uploads\/sites\/6\/2023\/08\/Carcere-Arghilla.jpg","type":"image\/jpeg"}],"author":"Sebastiano Plutino","twitter_card":"summary_large_image","twitter_misc":{"Scritto da":"Sebastiano Plutino","Tempo di lettura stimato":"1 minuto"},"schema":{"@context":"https:\/\/schema.org","@graph":[{"@type":"Article","@id":"https:\/\/progettotouring.it\/radiotouring104\/2024\/07\/22\/carcere-di-arghilla-detenuto-da-fuoco-al-materasso\/#article","isPartOf":{"@id":"https:\/\/progettotouring.it\/radiotouring104\/2024\/07\/22\/carcere-di-arghilla-detenuto-da-fuoco-al-materasso\/"},"author":{"name":"Sebastiano Plutino","@id":"https:\/\/progettotouring.it\/radiotouring104\/#\/schema\/person\/78613917f1851f041f7483f5af1d422e"},"headline":"Carcere di Arghill\u00e0: detenuto d\u00e0 fuoco al materasso","datePublished":"2024-07-22T07:40:48+00:00","dateModified":"2024-07-22T07:41:55+00:00","mainEntityOfPage":{"@id":"https:\/\/progettotouring.it\/radiotouring104\/2024\/07\/22\/carcere-di-arghilla-detenuto-da-fuoco-al-materasso\/"},"wordCount":206,"publisher":{"@id":"https:\/\/progettotouring.it\/radiotouring104\/#organization"},"image":{"@id":"https:\/\/progettotouring.it\/radiotouring104\/2024\/07\/22\/carcere-di-arghilla-detenuto-da-fuoco-al-materasso\/#primaryimage"},"thumbnailUrl":"https:\/\/progettotouring.it\/radiotouring104\/wp-content\/uploads\/sites\/6\/2023\/08\/Carcere-Arghilla.jpg","keywords":["Arghill\u00e0","denuto d\u00e0 fuoco al materasso","Domenico Pelliccia","Federazione sindacati autonomi Cnpp"],"articleSection":["Home","News","Reggio Calabria"],"inLanguage":"it-IT"},{"@type":"WebPage","@id":"https:\/\/progettotouring.it\/radiotouring104\/2024\/07\/22\/carcere-di-arghilla-detenuto-da-fuoco-al-materasso\/","url":"https:\/\/progettotouring.it\/radiotouring104\/2024\/07\/22\/carcere-di-arghilla-detenuto-da-fuoco-al-materasso\/","name":"Carcere di Arghill\u00e0: detenuto d\u00e0 fuoco al materasso","isPartOf":{"@id":"https:\/\/progettotouring.it\/radiotouring104\/#website"},"primaryImageOfPage":{"@id":"https:\/\/progettotouring.it\/radiotouring104\/2024\/07\/22\/carcere-di-arghilla-detenuto-da-fuoco-al-materasso\/#primaryimage"},"image":{"@id":"https:\/\/progettotouring.it\/radiotouring104\/2024\/07\/22\/carcere-di-arghilla-detenuto-da-fuoco-al-materasso\/#primaryimage"},"thumbnailUrl":"https:\/\/progettotouring.it\/radiotouring104\/wp-content\/uploads\/sites\/6\/2023\/08\/Carcere-Arghilla.jpg","datePublished":"2024-07-22T07:40:48+00:00","dateModified":"2024-07-22T07:41:55+00:00","description":"Un detenuto della Casa circondariale di Arghill\u00e0 ha dato fuoco al materasso all'interno della cella nella sezione adibita ad isolamento.","breadcrumb":{"@id":"https:\/\/progettotouring.it\/radiotouring104\/2024\/07\/22\/carcere-di-arghilla-detenuto-da-fuoco-al-materasso\/#breadcrumb"},"inLanguage":"it-IT","potentialAction":[{"@type":"ReadAction","target":["https:\/\/progettotouring.it\/radiotouring104\/2024\/07\/22\/carcere-di-arghilla-detenuto-da-fuoco-al-materasso\/"]}]},{"@type":"ImageObject","inLanguage":"it-IT","@id":"https:\/\/progettotouring.it\/radiotouring104\/2024\/07\/22\/carcere-di-arghilla-detenuto-da-fuoco-al-materasso\/#primaryimage","url":"https:\/\/progettotouring.it\/radiotouring104\/wp-content\/uploads\/sites\/6\/2023\/08\/Carcere-Arghilla.jpg","contentUrl":"https:\/\/progettotouring.it\/radiotouring104\/wp-content\/uploads\/sites\/6\/2023\/08\/Carcere-Arghilla.jpg","width":774,"height":516},{"@type":"BreadcrumbList","@id":"https:\/\/progettotouring.it\/radiotouring104\/2024\/07\/22\/carcere-di-arghilla-detenuto-da-fuoco-al-materasso\/#breadcrumb","itemListElement":[{"@type":"ListItem","position":1,"name":"Home","item":"https:\/\/progettotouring.it\/radiotouring104\/"},{"@type":"ListItem","position":2,"name":"Carcere di Arghill\u00e0: detenuto d\u00e0 fuoco al materasso"}]},{"@type":"WebSite","@id":"https:\/\/progettotouring.it\/radiotouring104\/#website","url":"https:\/\/progettotouring.it\/radiotouring104\/","name":"Radio Touring 104","description":"La prima radio Reggina","publisher":{"@id":"https:\/\/progettotouring.it\/radiotouring104\/#organization"},"potentialAction":[{"@type":"SearchAction","target":{"@type":"EntryPoint","urlTemplate":"https:\/\/progettotouring.it\/radiotouring104\/?s={search_term_string}"},"query-input":{"@type":"PropertyValueSpecification","valueRequired":true,"valueName":"search_term_string"}}],"inLanguage":"it-IT"},{"@type":"Organization","@id":"https:\/\/progettotouring.it\/radiotouring104\/#organization","name":"Radio Touring 104","url":"https:\/\/progettotouring.it\/radiotouring104\/","logo":{"@type":"ImageObject","inLanguage":"it-IT","@id":"https:\/\/progettotouring.it\/radiotouring104\/#\/schema\/logo\/image\/","url":"https:\/\/progettotouring.it\/radiotouring104\/wp-content\/uploads\/sites\/6\/2022\/02\/cropped-logo-radio-touring-104.png","contentUrl":"https:\/\/progettotouring.it\/radiotouring104\/wp-content\/uploads\/sites\/6\/2022\/02\/cropped-logo-radio-touring-104.png","width":377,"height":182,"caption":"Radio Touring 104"},"image":{"@id":"https:\/\/progettotouring.it\/radiotouring104\/#\/schema\/logo\/image\/"}},{"@type":"Person","@id":"https:\/\/progettotouring.it\/radiotouring104\/#\/schema\/person\/78613917f1851f041f7483f5af1d422e","name":"Sebastiano Plutino","image":{"@type":"ImageObject","inLanguage":"it-IT","@id":"https:\/\/secure.gravatar.com\/avatar\/0546ffaa9b79224faf9f2a156b67a529ae861d3287c66c1d8ccfdf909bcba78d?s=96&d=mm&r=g","url":"https:\/\/secure.gravatar.com\/avatar\/0546ffaa9b79224faf9f2a156b67a529ae861d3287c66c1d8ccfdf909bcba78d?s=96&d=mm&r=g","contentUrl":"https:\/\/secure.gravatar.com\/avatar\/0546ffaa9b79224faf9f2a156b67a529ae861d3287c66c1d8ccfdf909bcba78d?s=96&d=mm&r=g","caption":"Sebastiano Plutino"},"url":"https:\/\/progettotouring.it\/radiotouring104\/author\/sebastiano\/"}]}},"jetpack_publicize_connections":[],"jetpack_featured_media_url":"https:\/\/progettotouring.it\/radiotouring104\/wp-content\/uploads\/sites\/6\/2023\/08\/Carcere-Arghilla.jpg","jetpack_sharing_enabled":true,"_links":{"self":[{"href":"https:\/\/progettotouring.it\/radiotouring104\/wp-json\/wp\/v2\/posts\/55492","targetHints":{"allow":["GET"]}}],"collection":[{"href":"https:\/\/progettotouring.it\/radiotouring104\/wp-json\/wp\/v2\/posts"}],"about":[{"href":"https:\/\/progettotouring.it\/radiotouring104\/wp-json\/wp\/v2\/types\/post"}],"author":[{"embeddable":true,"href":"https:\/\/progettotouring.it\/radiotouring104\/wp-json\/wp\/v2\/users\/12"}],"replies":[{"embeddable":true,"href":"https:\/\/progettotouring.it\/radiotouring104\/wp-json\/wp\/v2\/comments?post=55492"}],"version-history":[{"count":2,"href":"https:\/\/progettotouring.it\/radiotouring104\/wp-json\/wp\/v2\/posts\/55492\/revisions"}],"predecessor-version":[{"id":55494,"href":"https:\/\/progettotouring.it\/radiotouring104\/wp-json\/wp\/v2\/posts\/55492\/revisions\/55494"}],"wp:featuredmedia":[{"embeddable":true,"href":"https:\/\/progettotouring.it\/radiotouring104\/wp-json\/wp\/v2\/media\/33117"}],"wp:attachment":[{"href":"https:\/\/progettotouring.it\/radiotouring104\/wp-json\/wp\/v2\/media?parent=55492"}],"wp:term":[{"taxonomy":"category","embeddable":true,"href":"https:\/\/progettotouring.it\/radiotouring104\/wp-json\/wp\/v2\/categories?post=55492"},{"taxonomy":"post_tag","embeddable":true,"href":"https:\/\/progettotouring.it\/radiotouring104\/wp-json\/wp\/v2\/tags?post=55492"}],"curies":[{"name":"wp","href":"https:\/\/api.w.org\/{rel}","templated":true}]}}