{"id":55502,"date":"2024-07-22T10:12:44","date_gmt":"2024-07-22T08:12:44","guid":{"rendered":"https:\/\/progettotouring.it\/radiotouring104\/?p=55502"},"modified":"2024-07-22T12:08:38","modified_gmt":"2024-07-22T10:08:38","slug":"crotone-intimidazione-a-video-calabria-incendiata-auto-aziendale","status":"publish","type":"post","link":"https:\/\/progettotouring.it\/radiotouring104\/2024\/07\/22\/crotone-intimidazione-a-video-calabria-incendiata-auto-aziendale\/","title":{"rendered":"Crotone: intimidazione a Video Calabria, incendiata auto aziendale"},"content":{"rendered":"<p style=\"text-align: justify\"><strong>Ignoti hanno incendiato l&#8217;auto aziendale dell&#8217;emittente televisiva Video Calabria<\/strong> parcheggiata sotto la sede dell&#8217;emittente nella centralissima via Sculco, a Crotone. L&#8217;allarme \u00e8 stato dato poco dopo l&#8217;una.<\/p>\n<p style=\"text-align: justify\">Sul posto sono intervenuti i <strong>vigili del fuoco del comando provinciale di Crotone il cui lavoro ha evitato che le fiamme raggiungessero il serbatoio dell&#8217;auto causando una esplosione<\/strong> che sarebbe stata pericolosa perch\u00e9 la strada \u00e8 molto stretta e l&#8217;auto era parcheggiata poco lontano dalle case e da un ristorante.<strong> La vettura, una Dr, \u00e8 utilizzata da giornalisti,<\/strong> cameraman e tecnici per spostarsi per i servizi televisivi.<\/p>\n<p style=\"text-align: justify\"><strong>L&#8217;editore dell&#8217;emittente, Salvatore Geatano, ha sporto denuncia<\/strong> agli agenti della Questura che per identificare i colpevoli stanno verificando l&#8217;eventuale presenza di immagini riprese dalle telecamere della videosorveglianza della zona.<\/p>\n<p style=\"text-align: justify\">Da chiarire i motivi dell&#8217;intimidazione e se essa sia legata all&#8217;operato della redazione giornalistica o all&#8217;impegno politico dell&#8217;editore che \u00e8 un consulente esterno del presidente della Regione Calabria Roberto Occhiuto. Al momento Gaetano non ha voluto rilasciare dichiarazioni.<\/p>\n<p style=\"text-align: justify\"><strong>&#8220;Resta l&#8217;amaro in bocca<\/strong> &#8211;<strong> si legge nell&#8217;articolo apparso sul sito internet TGCal24 di Video Calabria &#8211;<\/strong> <em>poich\u00e9 non si riesce a capire chi possa\/no essere i\/il mandanti\/e, e soprattutto il motivo alla base dell&#8217;intimidazione. A chi possiamo aver &#8216;pestato&#8217; i piedi per ricevere un regalo del genere? E&#8217; una intimidazione, chiara, a Video Calabria poich\u00e9 ad andare in fiamme \u00e8 stato un mezzo aziendale, che usiamo noi giornalisti per le uscite, insieme ai nostri videomaker e non un&#8217;auto privata<\/em>&#8220;.<\/p>\n<p style=\"text-align: justify\"><strong>Video Calabria era stata oggetto di intimidazioni soprattutto tra il 1987 ed il 1988<\/strong> quando vennero fatte esplodere tredici bombe alla sede dell&#8217;emittente ed all&#8217;indirizzo del fondatore e allora editore Elio Riga.<\/p>\n<p style=\"text-align: justify\"><em>&#8220;Il nostro lavoro<\/em> <strong>&#8211; si legge ancora sul sito<\/strong> <em>&#8211; proseguir\u00e0 come sempre a schiena dritta ed a testa alta, con la guida dell&#8217;editore Salvatore Gaetano e del direttore generale Christian Gaetano, nonch\u00e9 di tutta la famiglia Riga che ha dato vita a questo gruppo imprenditoriale pi\u00f9 di 45 anni fa grazie ad Elio Riga e proseguito da Gianfranco Riga. Se le bombe dell&#8217;87\/88 non ci hanno fermato, non ci fermer\u00e0 nemmeno questo &#8216;incidente di percorso'&#8221;.<\/em><\/p>\n<h3><\/h3>\n<h3 style=\"text-align: justify\"><\/h3>\n<h3 class=\"post-single-title\" style=\"text-align: justify\">Intimidazione a Video Calabria, l&#8217;editore Galeano: &#8220;E&#8217; diretta all&#8217;azienda&#8221;<\/h3>\n<p style=\"text-align: justify\"><em>&#8220;Non riesco ad immaginare che qualcuno possa, nel ventunesimo secolo, attentare attraverso l&#8217;incendio ad una autovettura al lavoro delle venti persone che operano su video Calabria non solo quindi quelle dell&#8217;editore e della famiglia Riga proprietaria della televisione&#8221;,<\/em><strong>\u00a0ha dichiarato Salvatore Gaetano<\/strong>, editore di Video Calabria<strong>, commentando l&#8217;intimidazione subita la notte scorsa, quando ignoti hanno incendiato l&#8217;auto aziendale dell&#8217;emittente\u00a0<\/strong><\/p>\n<p style=\"text-align: justify\"><em>&#8220;Qualche balordo, evidentemente ce ne sono tanti in giro <strong>&#8211;<\/strong><\/em><strong> ha aggiunto &#8211;<\/strong> <em>ha pensato bene di mettere fuoco alla nostra auto \u00c8 evidente che \u00e8 un atto indirizzato alla televisione perch\u00e9 l&#8217;auto \u00e8 dell&#8217;azienda, di Video Calabria, era parcheggiata in uno stallo destinato alle auto di Video Calabria concesso dal Comune qualche mese fa. \u00c8 evidente non \u00e8 stato rivolto ad alcuno di noi, non \u00e8 una cosa personale perch\u00e9 altrimenti avrebbero messo fuoco alle auto personali&#8221;.<\/em><\/p>\n<p style=\"text-align: justify\"><strong>L&#8217;editore Gaetano ha sottolineato la difficolt\u00e0 di capire la matrice del gesto:<\/strong> <em>&#8220;Onestamente stento ad immaginare o a pensare a qualcuno o a qualcosa perch\u00e9 le attivit\u00e0 che portiamo avanti sono sotto la luce del sole. Sono attivit\u00e0 pulite, tranquille, non rivolte sicuramente a denigrare o attaccare nessuno per cui non non riesco a capire. Abbiamo sei giornalisti che quotidianamente svolgono attivit\u00e0 non solo di giudiziaria, ma anche di promozione e di valorizzazione. Quindi ritengo che sia da escludere ecco che ci possa essere qualcosa legato all&#8217;attivit\u00e0 dei nostri giornalisti&#8221;.<\/em><\/p>\n<p style=\"text-align: justify\"><strong>Secondo Salvatore Gaetano<\/strong> nella vicenda<strong> non c&#8217;entra neppure il suo impegno politico quale consulente esterno per il presidente<\/strong> della Regione, <strong>Roberto Occhiuto<\/strong>. <strong>&#8220;Quello<\/strong> &#8211; ha detto &#8211; <em>\u00e8 un impegno rivolto ad attivit\u00e0 che il Presidente della Regione Calabria di tanto in tanto mi affida, ma rivolte specificatamente diciamo ad attivit\u00e0 legate a progetti strategici di comunicazione. Quindi ritengo che non ci siano legami: per\u00f2 tutto \u00e8 possibile ormai&#8221;.<\/em><\/p>\n<p style=\"text-align: justify\">Riguardo all&#8217;individuazione degli autori dell&#8217;intimidazione<strong>, l&#8217;editore di Video Calabria ha ribadito la massima fiducia nella polizia:<\/strong><em> &#8220;Piazza Pitagora avr\u00e0, credo, qualcosa come 1000 telecamere poste in ogni angolo. Quindi non capisco come questi soggetti, che si vedono dalle immagini delle telecamere muoversi attorno alla macchina e mettervi fuoco, abbiano pensato di poter sfuggire. Hanno lasciato anche delle bottiglie. Ci penseranno la magistratura, ma soprattutto gli uomini della Questura che gi\u00e0 da stanotte erano al lavoro&#8221;.<\/em><\/p>\n<h1 style=\"text-align: justify\"><\/h1>\n<h1 class=\"post-single-title\" style=\"text-align: justify\">La condanna del Presidente Occhiuto: &#8220;Contro Video Calabria vile atto intimidatorio&#8221;<\/h1>\n<p style=\"text-align: justify\"><em>&#8220;Sincera vicinanza e piena solidariet\u00e0 ai giornalisti, ai cameraman e ai tecnici dell&#8217;emittente televisiva &#8216;Video Calabria&#8217;, e all&#8217;editore Salvatore Gaetano, consulente esterno della Presidenza della Regione, per il vile atto intimidatorio subito&#8221;<\/em>. ha dichiarato il presente della Regione Calabria, Roberto Occhiuto,<strong> in merito all&#8217;intimidazione della notte scorsa, quando ignoti hanno incendiato l&#8217;auto aziendale dell&#8217;emittente&#8221;Video Calabria&#8221;.<\/strong><\/p>\n<p style=\"text-align: justify\"><em>&#8220;Non \u00e8 accettabil che si utilizzi qualsiasi forma di minaccia o violenza per colpire chi \u00e8 impegnato quotidianamente a fare buona informazione e a raccontare con professionalit\u00e0 ed equilibrio le vicende della nostra terra. Sono certo che la squadra di &#8216;Video Calabria&#8217; non si lascer\u00e0 intimorire ma proseguir\u00e0 con pi\u00f9 determinazione nella sua attivit\u00e0 a servizio della collettivit\u00e0. Auspico che venga fatta al pi\u00f9 presto piena luce sugli autori di questo detestabile gesto&#8221;,<\/em> <strong>ha concluso Occhiuto.<\/strong><\/p>\n<div id=\"inArticle\">\n<aside>\n<div class=\"ob-smartfeed-wrapper feedIdx-0\">\n<div id=\"outbrain_widget_0\" class=\"OUTBRAIN\" data-src=\"DROP_PERMALINK_HERE\" data-widget-id=\"AR_4\" data-ob-mark=\"true\" data-browser=\"chrome\" data-os=\"win32\" data-dynload=\"\" data-idx=\"0\">\n<div class=\"ob-widget ob-feed-layout CR_7\">\n<div class=\"ob-widget-header\"><span class=\"ob-widget-text\">\u00a0<\/span><\/div>\n<\/div>\n<\/div>\n<\/div>\n<\/aside>\n<\/div>\n<div id=\"inArticle\">\n<aside>\n<div class=\"ob-smartfeed-wrapper feedIdx-0\">\n<div id=\"outbrain_widget_0\" class=\"OUTBRAIN\" data-src=\"DROP_PERMALINK_HERE\" data-widget-id=\"AR_4\" data-ob-mark=\"true\" data-browser=\"chrome\" data-os=\"win32\" data-dynload=\"\" data-idx=\"0\">\n<div class=\"ob-widget ob-feed-layout CR_7\">\n<div class=\"ob-widget-header\"><span class=\"ob-widget-text\">\u00a0<\/span><\/div>\n<\/div>\n<\/div>\n<\/div>\n<\/aside>\n<\/div>\n","protected":false},"excerpt":{"rendered":"<p>Ignoti hanno incendiato l&#8217;auto aziendale dell&#8217;emittente televisiva Video Calabria parcheggiata sotto la sede dell&#8217;emittente nella centralissima via Sculco, a Crotone. L&#8217;allarme \u00e8 stato dato poco dopo l&#8217;una. Sul posto sono&hellip;<\/p>\n","protected":false},"author":12,"featured_media":44071,"comment_status":"closed","ping_status":"open","sticky":false,"template":"","format":"standard","meta":{"_jetpack_memberships_contains_paid_content":false,"footnotes":"","jetpack_publicize_message":"","jetpack_publicize_feature_enabled":true,"jetpack_social_post_already_shared":false,"jetpack_social_options":{"image_generator_settings":{"template":"highway","default_image_id":0,"font":"","enabled":false},"version":2}},"categories":[142,921,150,196],"tags":[1746,34074,34073,34072],"class_list":["post-55502","post","type-post","status-publish","format-standard","has-post-thumbnail","hentry","category-calabria","category-home","category-in-primo-piano","category-news","tag-crotone","tag-editore-salvatore-geatano","tag-incendiata-auto-giornalisti","tag-intimidazione-a-video-calabria"],"yoast_head":"<!-- This site is optimized with the Yoast SEO plugin v27.2 - https:\/\/yoast.com\/product\/yoast-seo-wordpress\/ -->\n<title>Crotone: intimidazione a Video Calabria, incendiata auto aziendale - Radio Touring 104<\/title>\n<meta name=\"description\" content=\"Ignoti hanno incendiato l&#039;auto aziendale dell&#039;emittente Video Calabria. L&#039;editore esclude causa dell&#039;impegno politico. Condanna di Occhiuto\" \/>\n<meta name=\"robots\" content=\"index, follow, max-snippet:-1, max-image-preview:large, max-video-preview:-1\" \/>\n<link rel=\"canonical\" href=\"https:\/\/progettotouring.it\/radiotouring104\/2024\/07\/22\/crotone-intimidazione-a-video-calabria-incendiata-auto-aziendale\/\" \/>\n<meta property=\"og:locale\" content=\"it_IT\" \/>\n<meta property=\"og:type\" content=\"article\" \/>\n<meta property=\"og:title\" content=\"Crotone: intimidazione a Video Calabria, incendiata auto aziendale - Radio Touring 104\" \/>\n<meta property=\"og:description\" content=\"Ignoti hanno incendiato l&#039;auto aziendale dell&#039;emittente Video Calabria. L&#039;editore esclude causa dell&#039;impegno politico. Condanna di Occhiuto\" \/>\n<meta property=\"og:url\" content=\"https:\/\/progettotouring.it\/radiotouring104\/2024\/07\/22\/crotone-intimidazione-a-video-calabria-incendiata-auto-aziendale\/\" \/>\n<meta property=\"og:site_name\" content=\"Radio Touring 104\" \/>\n<meta property=\"article:published_time\" content=\"2024-07-22T08:12:44+00:00\" \/>\n<meta property=\"article:modified_time\" content=\"2024-07-22T10:08:38+00:00\" \/>\n<meta property=\"og:image\" content=\"https:\/\/progettotouring.it\/radiotouring104\/wp-content\/uploads\/sites\/6\/2024\/02\/Intimidazione-attentato-incendio-auto-Parroco-Varapodio.jpeg\" \/>\n\t<meta property=\"og:image:width\" content=\"616\" \/>\n\t<meta property=\"og:image:height\" content=\"432\" \/>\n\t<meta property=\"og:image:type\" content=\"image\/jpeg\" \/>\n<meta name=\"author\" content=\"Sebastiano Plutino\" \/>\n<meta name=\"twitter:card\" content=\"summary_large_image\" \/>\n<meta name=\"twitter:label1\" content=\"Scritto da\" \/>\n\t<meta name=\"twitter:data1\" content=\"Sebastiano Plutino\" \/>\n\t<meta name=\"twitter:label2\" content=\"Tempo di lettura stimato\" \/>\n\t<meta name=\"twitter:data2\" content=\"4 minuti\" \/>\n<script type=\"application\/ld+json\" class=\"yoast-schema-graph\">{\"@context\":\"https:\/\/schema.org\",\"@graph\":[{\"@type\":\"Article\",\"@id\":\"https:\/\/progettotouring.it\/radiotouring104\/2024\/07\/22\/crotone-intimidazione-a-video-calabria-incendiata-auto-aziendale\/#article\",\"isPartOf\":{\"@id\":\"https:\/\/progettotouring.it\/radiotouring104\/2024\/07\/22\/crotone-intimidazione-a-video-calabria-incendiata-auto-aziendale\/\"},\"author\":{\"name\":\"Sebastiano Plutino\",\"@id\":\"https:\/\/progettotouring.it\/radiotouring104\/#\/schema\/person\/78613917f1851f041f7483f5af1d422e\"},\"headline\":\"Crotone: intimidazione a Video Calabria, incendiata auto aziendale\",\"datePublished\":\"2024-07-22T08:12:44+00:00\",\"dateModified\":\"2024-07-22T10:08:38+00:00\",\"mainEntityOfPage\":{\"@id\":\"https:\/\/progettotouring.it\/radiotouring104\/2024\/07\/22\/crotone-intimidazione-a-video-calabria-incendiata-auto-aziendale\/\"},\"wordCount\":864,\"publisher\":{\"@id\":\"https:\/\/progettotouring.it\/radiotouring104\/#organization\"},\"image\":{\"@id\":\"https:\/\/progettotouring.it\/radiotouring104\/2024\/07\/22\/crotone-intimidazione-a-video-calabria-incendiata-auto-aziendale\/#primaryimage\"},\"thumbnailUrl\":\"https:\/\/progettotouring.it\/radiotouring104\/wp-content\/uploads\/sites\/6\/2024\/02\/Intimidazione-attentato-incendio-auto-Parroco-Varapodio.jpeg\",\"keywords\":[\"Crotone\",\"editore Salvatore Geatano\",\"incendiata auto giornalisti\",\"intimidazione a Video Calabria\"],\"articleSection\":[\"Calabria\",\"Home\",\"In primo piano\",\"News\"],\"inLanguage\":\"it-IT\"},{\"@type\":\"WebPage\",\"@id\":\"https:\/\/progettotouring.it\/radiotouring104\/2024\/07\/22\/crotone-intimidazione-a-video-calabria-incendiata-auto-aziendale\/\",\"url\":\"https:\/\/progettotouring.it\/radiotouring104\/2024\/07\/22\/crotone-intimidazione-a-video-calabria-incendiata-auto-aziendale\/\",\"name\":\"Crotone: intimidazione a Video Calabria, incendiata auto aziendale - Radio Touring 104\",\"isPartOf\":{\"@id\":\"https:\/\/progettotouring.it\/radiotouring104\/#website\"},\"primaryImageOfPage\":{\"@id\":\"https:\/\/progettotouring.it\/radiotouring104\/2024\/07\/22\/crotone-intimidazione-a-video-calabria-incendiata-auto-aziendale\/#primaryimage\"},\"image\":{\"@id\":\"https:\/\/progettotouring.it\/radiotouring104\/2024\/07\/22\/crotone-intimidazione-a-video-calabria-incendiata-auto-aziendale\/#primaryimage\"},\"thumbnailUrl\":\"https:\/\/progettotouring.it\/radiotouring104\/wp-content\/uploads\/sites\/6\/2024\/02\/Intimidazione-attentato-incendio-auto-Parroco-Varapodio.jpeg\",\"datePublished\":\"2024-07-22T08:12:44+00:00\",\"dateModified\":\"2024-07-22T10:08:38+00:00\",\"description\":\"Ignoti hanno incendiato l'auto aziendale dell'emittente Video Calabria. L'editore esclude causa dell'impegno politico. Condanna di Occhiuto\",\"breadcrumb\":{\"@id\":\"https:\/\/progettotouring.it\/radiotouring104\/2024\/07\/22\/crotone-intimidazione-a-video-calabria-incendiata-auto-aziendale\/#breadcrumb\"},\"inLanguage\":\"it-IT\",\"potentialAction\":[{\"@type\":\"ReadAction\",\"target\":[\"https:\/\/progettotouring.it\/radiotouring104\/2024\/07\/22\/crotone-intimidazione-a-video-calabria-incendiata-auto-aziendale\/\"]}]},{\"@type\":\"ImageObject\",\"inLanguage\":\"it-IT\",\"@id\":\"https:\/\/progettotouring.it\/radiotouring104\/2024\/07\/22\/crotone-intimidazione-a-video-calabria-incendiata-auto-aziendale\/#primaryimage\",\"url\":\"https:\/\/progettotouring.it\/radiotouring104\/wp-content\/uploads\/sites\/6\/2024\/02\/Intimidazione-attentato-incendio-auto-Parroco-Varapodio.jpeg\",\"contentUrl\":\"https:\/\/progettotouring.it\/radiotouring104\/wp-content\/uploads\/sites\/6\/2024\/02\/Intimidazione-attentato-incendio-auto-Parroco-Varapodio.jpeg\",\"width\":616,\"height\":432},{\"@type\":\"BreadcrumbList\",\"@id\":\"https:\/\/progettotouring.it\/radiotouring104\/2024\/07\/22\/crotone-intimidazione-a-video-calabria-incendiata-auto-aziendale\/#breadcrumb\",\"itemListElement\":[{\"@type\":\"ListItem\",\"position\":1,\"name\":\"Home\",\"item\":\"https:\/\/progettotouring.it\/radiotouring104\/\"},{\"@type\":\"ListItem\",\"position\":2,\"name\":\"Crotone: intimidazione a Video Calabria, incendiata auto aziendale\"}]},{\"@type\":\"WebSite\",\"@id\":\"https:\/\/progettotouring.it\/radiotouring104\/#website\",\"url\":\"https:\/\/progettotouring.it\/radiotouring104\/\",\"name\":\"Radio Touring 104\",\"description\":\"La prima radio Reggina\",\"publisher\":{\"@id\":\"https:\/\/progettotouring.it\/radiotouring104\/#organization\"},\"potentialAction\":[{\"@type\":\"SearchAction\",\"target\":{\"@type\":\"EntryPoint\",\"urlTemplate\":\"https:\/\/progettotouring.it\/radiotouring104\/?s={search_term_string}\"},\"query-input\":{\"@type\":\"PropertyValueSpecification\",\"valueRequired\":true,\"valueName\":\"search_term_string\"}}],\"inLanguage\":\"it-IT\"},{\"@type\":\"Organization\",\"@id\":\"https:\/\/progettotouring.it\/radiotouring104\/#organization\",\"name\":\"Radio Touring 104\",\"url\":\"https:\/\/progettotouring.it\/radiotouring104\/\",\"logo\":{\"@type\":\"ImageObject\",\"inLanguage\":\"it-IT\",\"@id\":\"https:\/\/progettotouring.it\/radiotouring104\/#\/schema\/logo\/image\/\",\"url\":\"https:\/\/progettotouring.it\/radiotouring104\/wp-content\/uploads\/sites\/6\/2022\/02\/cropped-logo-radio-touring-104.png\",\"contentUrl\":\"https:\/\/progettotouring.it\/radiotouring104\/wp-content\/uploads\/sites\/6\/2022\/02\/cropped-logo-radio-touring-104.png\",\"width\":377,\"height\":182,\"caption\":\"Radio Touring 104\"},\"image\":{\"@id\":\"https:\/\/progettotouring.it\/radiotouring104\/#\/schema\/logo\/image\/\"}},{\"@type\":\"Person\",\"@id\":\"https:\/\/progettotouring.it\/radiotouring104\/#\/schema\/person\/78613917f1851f041f7483f5af1d422e\",\"name\":\"Sebastiano Plutino\",\"image\":{\"@type\":\"ImageObject\",\"inLanguage\":\"it-IT\",\"@id\":\"https:\/\/secure.gravatar.com\/avatar\/0546ffaa9b79224faf9f2a156b67a529ae861d3287c66c1d8ccfdf909bcba78d?s=96&d=mm&r=g\",\"url\":\"https:\/\/secure.gravatar.com\/avatar\/0546ffaa9b79224faf9f2a156b67a529ae861d3287c66c1d8ccfdf909bcba78d?s=96&d=mm&r=g\",\"contentUrl\":\"https:\/\/secure.gravatar.com\/avatar\/0546ffaa9b79224faf9f2a156b67a529ae861d3287c66c1d8ccfdf909bcba78d?s=96&d=mm&r=g\",\"caption\":\"Sebastiano Plutino\"},\"url\":\"https:\/\/progettotouring.it\/radiotouring104\/author\/sebastiano\/\"}]}<\/script>\n<!-- \/ Yoast SEO plugin. -->","yoast_head_json":{"title":"Crotone: intimidazione a Video Calabria, incendiata auto aziendale - Radio Touring 104","description":"Ignoti hanno incendiato l'auto aziendale dell'emittente Video Calabria. L'editore esclude causa dell'impegno politico. Condanna di Occhiuto","robots":{"index":"index","follow":"follow","max-snippet":"max-snippet:-1","max-image-preview":"max-image-preview:large","max-video-preview":"max-video-preview:-1"},"canonical":"https:\/\/progettotouring.it\/radiotouring104\/2024\/07\/22\/crotone-intimidazione-a-video-calabria-incendiata-auto-aziendale\/","og_locale":"it_IT","og_type":"article","og_title":"Crotone: intimidazione a Video Calabria, incendiata auto aziendale - Radio Touring 104","og_description":"Ignoti hanno incendiato l'auto aziendale dell'emittente Video Calabria. L'editore esclude causa dell'impegno politico. Condanna di Occhiuto","og_url":"https:\/\/progettotouring.it\/radiotouring104\/2024\/07\/22\/crotone-intimidazione-a-video-calabria-incendiata-auto-aziendale\/","og_site_name":"Radio Touring 104","article_published_time":"2024-07-22T08:12:44+00:00","article_modified_time":"2024-07-22T10:08:38+00:00","og_image":[{"width":616,"height":432,"url":"https:\/\/progettotouring.it\/radiotouring104\/wp-content\/uploads\/sites\/6\/2024\/02\/Intimidazione-attentato-incendio-auto-Parroco-Varapodio.jpeg","type":"image\/jpeg"}],"author":"Sebastiano Plutino","twitter_card":"summary_large_image","twitter_misc":{"Scritto da":"Sebastiano Plutino","Tempo di lettura stimato":"4 minuti"},"schema":{"@context":"https:\/\/schema.org","@graph":[{"@type":"Article","@id":"https:\/\/progettotouring.it\/radiotouring104\/2024\/07\/22\/crotone-intimidazione-a-video-calabria-incendiata-auto-aziendale\/#article","isPartOf":{"@id":"https:\/\/progettotouring.it\/radiotouring104\/2024\/07\/22\/crotone-intimidazione-a-video-calabria-incendiata-auto-aziendale\/"},"author":{"name":"Sebastiano Plutino","@id":"https:\/\/progettotouring.it\/radiotouring104\/#\/schema\/person\/78613917f1851f041f7483f5af1d422e"},"headline":"Crotone: intimidazione a Video Calabria, incendiata auto aziendale","datePublished":"2024-07-22T08:12:44+00:00","dateModified":"2024-07-22T10:08:38+00:00","mainEntityOfPage":{"@id":"https:\/\/progettotouring.it\/radiotouring104\/2024\/07\/22\/crotone-intimidazione-a-video-calabria-incendiata-auto-aziendale\/"},"wordCount":864,"publisher":{"@id":"https:\/\/progettotouring.it\/radiotouring104\/#organization"},"image":{"@id":"https:\/\/progettotouring.it\/radiotouring104\/2024\/07\/22\/crotone-intimidazione-a-video-calabria-incendiata-auto-aziendale\/#primaryimage"},"thumbnailUrl":"https:\/\/progettotouring.it\/radiotouring104\/wp-content\/uploads\/sites\/6\/2024\/02\/Intimidazione-attentato-incendio-auto-Parroco-Varapodio.jpeg","keywords":["Crotone","editore Salvatore Geatano","incendiata auto giornalisti","intimidazione a Video Calabria"],"articleSection":["Calabria","Home","In primo piano","News"],"inLanguage":"it-IT"},{"@type":"WebPage","@id":"https:\/\/progettotouring.it\/radiotouring104\/2024\/07\/22\/crotone-intimidazione-a-video-calabria-incendiata-auto-aziendale\/","url":"https:\/\/progettotouring.it\/radiotouring104\/2024\/07\/22\/crotone-intimidazione-a-video-calabria-incendiata-auto-aziendale\/","name":"Crotone: intimidazione a Video Calabria, incendiata auto aziendale - Radio Touring 104","isPartOf":{"@id":"https:\/\/progettotouring.it\/radiotouring104\/#website"},"primaryImageOfPage":{"@id":"https:\/\/progettotouring.it\/radiotouring104\/2024\/07\/22\/crotone-intimidazione-a-video-calabria-incendiata-auto-aziendale\/#primaryimage"},"image":{"@id":"https:\/\/progettotouring.it\/radiotouring104\/2024\/07\/22\/crotone-intimidazione-a-video-calabria-incendiata-auto-aziendale\/#primaryimage"},"thumbnailUrl":"https:\/\/progettotouring.it\/radiotouring104\/wp-content\/uploads\/sites\/6\/2024\/02\/Intimidazione-attentato-incendio-auto-Parroco-Varapodio.jpeg","datePublished":"2024-07-22T08:12:44+00:00","dateModified":"2024-07-22T10:08:38+00:00","description":"Ignoti hanno incendiato l'auto aziendale dell'emittente Video Calabria. L'editore esclude causa dell'impegno politico. Condanna di Occhiuto","breadcrumb":{"@id":"https:\/\/progettotouring.it\/radiotouring104\/2024\/07\/22\/crotone-intimidazione-a-video-calabria-incendiata-auto-aziendale\/#breadcrumb"},"inLanguage":"it-IT","potentialAction":[{"@type":"ReadAction","target":["https:\/\/progettotouring.it\/radiotouring104\/2024\/07\/22\/crotone-intimidazione-a-video-calabria-incendiata-auto-aziendale\/"]}]},{"@type":"ImageObject","inLanguage":"it-IT","@id":"https:\/\/progettotouring.it\/radiotouring104\/2024\/07\/22\/crotone-intimidazione-a-video-calabria-incendiata-auto-aziendale\/#primaryimage","url":"https:\/\/progettotouring.it\/radiotouring104\/wp-content\/uploads\/sites\/6\/2024\/02\/Intimidazione-attentato-incendio-auto-Parroco-Varapodio.jpeg","contentUrl":"https:\/\/progettotouring.it\/radiotouring104\/wp-content\/uploads\/sites\/6\/2024\/02\/Intimidazione-attentato-incendio-auto-Parroco-Varapodio.jpeg","width":616,"height":432},{"@type":"BreadcrumbList","@id":"https:\/\/progettotouring.it\/radiotouring104\/2024\/07\/22\/crotone-intimidazione-a-video-calabria-incendiata-auto-aziendale\/#breadcrumb","itemListElement":[{"@type":"ListItem","position":1,"name":"Home","item":"https:\/\/progettotouring.it\/radiotouring104\/"},{"@type":"ListItem","position":2,"name":"Crotone: intimidazione a Video Calabria, incendiata auto aziendale"}]},{"@type":"WebSite","@id":"https:\/\/progettotouring.it\/radiotouring104\/#website","url":"https:\/\/progettotouring.it\/radiotouring104\/","name":"Radio Touring 104","description":"La prima radio Reggina","publisher":{"@id":"https:\/\/progettotouring.it\/radiotouring104\/#organization"},"potentialAction":[{"@type":"SearchAction","target":{"@type":"EntryPoint","urlTemplate":"https:\/\/progettotouring.it\/radiotouring104\/?s={search_term_string}"},"query-input":{"@type":"PropertyValueSpecification","valueRequired":true,"valueName":"search_term_string"}}],"inLanguage":"it-IT"},{"@type":"Organization","@id":"https:\/\/progettotouring.it\/radiotouring104\/#organization","name":"Radio Touring 104","url":"https:\/\/progettotouring.it\/radiotouring104\/","logo":{"@type":"ImageObject","inLanguage":"it-IT","@id":"https:\/\/progettotouring.it\/radiotouring104\/#\/schema\/logo\/image\/","url":"https:\/\/progettotouring.it\/radiotouring104\/wp-content\/uploads\/sites\/6\/2022\/02\/cropped-logo-radio-touring-104.png","contentUrl":"https:\/\/progettotouring.it\/radiotouring104\/wp-content\/uploads\/sites\/6\/2022\/02\/cropped-logo-radio-touring-104.png","width":377,"height":182,"caption":"Radio Touring 104"},"image":{"@id":"https:\/\/progettotouring.it\/radiotouring104\/#\/schema\/logo\/image\/"}},{"@type":"Person","@id":"https:\/\/progettotouring.it\/radiotouring104\/#\/schema\/person\/78613917f1851f041f7483f5af1d422e","name":"Sebastiano Plutino","image":{"@type":"ImageObject","inLanguage":"it-IT","@id":"https:\/\/secure.gravatar.com\/avatar\/0546ffaa9b79224faf9f2a156b67a529ae861d3287c66c1d8ccfdf909bcba78d?s=96&d=mm&r=g","url":"https:\/\/secure.gravatar.com\/avatar\/0546ffaa9b79224faf9f2a156b67a529ae861d3287c66c1d8ccfdf909bcba78d?s=96&d=mm&r=g","contentUrl":"https:\/\/secure.gravatar.com\/avatar\/0546ffaa9b79224faf9f2a156b67a529ae861d3287c66c1d8ccfdf909bcba78d?s=96&d=mm&r=g","caption":"Sebastiano Plutino"},"url":"https:\/\/progettotouring.it\/radiotouring104\/author\/sebastiano\/"}]}},"jetpack_publicize_connections":[],"jetpack_featured_media_url":"https:\/\/progettotouring.it\/radiotouring104\/wp-content\/uploads\/sites\/6\/2024\/02\/Intimidazione-attentato-incendio-auto-Parroco-Varapodio.jpeg","jetpack_sharing_enabled":true,"_links":{"self":[{"href":"https:\/\/progettotouring.it\/radiotouring104\/wp-json\/wp\/v2\/posts\/55502","targetHints":{"allow":["GET"]}}],"collection":[{"href":"https:\/\/progettotouring.it\/radiotouring104\/wp-json\/wp\/v2\/posts"}],"about":[{"href":"https:\/\/progettotouring.it\/radiotouring104\/wp-json\/wp\/v2\/types\/post"}],"author":[{"embeddable":true,"href":"https:\/\/progettotouring.it\/radiotouring104\/wp-json\/wp\/v2\/users\/12"}],"replies":[{"embeddable":true,"href":"https:\/\/progettotouring.it\/radiotouring104\/wp-json\/wp\/v2\/comments?post=55502"}],"version-history":[{"count":4,"href":"https:\/\/progettotouring.it\/radiotouring104\/wp-json\/wp\/v2\/posts\/55502\/revisions"}],"predecessor-version":[{"id":55538,"href":"https:\/\/progettotouring.it\/radiotouring104\/wp-json\/wp\/v2\/posts\/55502\/revisions\/55538"}],"wp:featuredmedia":[{"embeddable":true,"href":"https:\/\/progettotouring.it\/radiotouring104\/wp-json\/wp\/v2\/media\/44071"}],"wp:attachment":[{"href":"https:\/\/progettotouring.it\/radiotouring104\/wp-json\/wp\/v2\/media?parent=55502"}],"wp:term":[{"taxonomy":"category","embeddable":true,"href":"https:\/\/progettotouring.it\/radiotouring104\/wp-json\/wp\/v2\/categories?post=55502"},{"taxonomy":"post_tag","embeddable":true,"href":"https:\/\/progettotouring.it\/radiotouring104\/wp-json\/wp\/v2\/tags?post=55502"}],"curies":[{"name":"wp","href":"https:\/\/api.w.org\/{rel}","templated":true}]}}